{"id":82964,"date":"2026-03-07T20:40:23","date_gmt":"2026-03-07T19:40:23","guid":{"rendered":"https:\/\/lasentinelle.dz\/?p=82964"},"modified":"2026-03-07T20:40:24","modified_gmt":"2026-03-07T19:40:24","slug":"sahara-occidental-une-nouvelle-gifle-pour-le-makhzen","status":"publish","type":"post","link":"https:\/\/lasentinelle.dz\/index.php\/2026\/03\/07\/sahara-occidental-une-nouvelle-gifle-pour-le-makhzen\/","title":{"rendered":"Sahara occidental : Une nouvelle gifle pour le Makhzen"},"content":{"rendered":"\n<p>Londres vient d&rsquo;infliger un nouveau camouflet diplomatique au r\u00e9gime marocain d&rsquo;occupation. Dans une r\u00e9ponse officielle adress\u00e9e au Parlement britannique, le gouvernement du Royaume-Uni a tranch\u00e9 sans ambigu\u00eft\u00e9 : les produits alimentaires issus du Sahara occidental ne peuvent en aucun cas \u00eatre \u00e9tiquet\u00e9s comme marocains. Une d\u00e9claration qui r\u00e9sonne comme une gifle suppl\u00e9mentaire pour Rabat, dont la politique d&rsquo;exploitation syst\u00e9matique des richesses naturelles du territoire sahraoui occup\u00e9 se heurte d\u00e9sormais \u00e0 un front juridique et politique de plus en plus large.<\/p>\n\n\n\n<p>C&rsquo;est en r\u00e9ponse \u00e0 une question \u00e9crite du d\u00e9put\u00e9 travailliste Brian Leishman que la ministre britannique de l&rsquo;Environnement, de l&rsquo;alimentation et des affaires rurales, Angela Eagle, a expos\u00e9 la position ferme de Londres. Elle a affirm\u00e9 que le gouvernement \u00e9tait \u00ab engag\u00e9 \u00e0 garantir que les consommateurs ne soient pas induits en erreur sur l&rsquo;origine des aliments qu&rsquo;ils ach\u00e8tent \u00bb, rappelant que \u00ab conform\u00e9ment aux r\u00e8gles relatives \u00e0 l&rsquo;information des consommateurs sur les denr\u00e9es alimentaires, l&rsquo;\u00e9tiquetage ne doit pas \u00eatre trompeur quant \u00e0 l&rsquo;origine ou \u00e0 la provenance des produits \u00bb. Le message adress\u00e9 \u00e0 Rabat est sans d\u00e9tour : \u00ab Lorsque des informations sont fournies sur l&rsquo;origine de produits cultiv\u00e9s ou fabriqu\u00e9s au Sahara occidental, ces informations doivent \u00eatre exactes et ne peuvent pas \u00eatre pr\u00e9sent\u00e9es comme s&rsquo;il s&rsquo;agissait de produits marocains. \u00bb Mieux encore, Angela Eagle a martel\u00e9 qu&rsquo; \u00ab \u00e9tiqueter comme marocains des produits provenant du territoire sahraoui serait consid\u00e9r\u00e9 comme trompeur au regard des r\u00e8gles relatives \u00e0 l&rsquo;\u00e9tiquetage alimentaire \u00bb.<\/p>\n\n\n\n<p>Cette prise de position britannique ne surgit pas dans un vide juridique. Elle s&rsquo;inscrit dans le prolongement direct des arr\u00eats historiques rendus par la Cour de justice de l&rsquo;Union europ\u00e9enne, qui avait, \u00e0 plusieurs reprises, invalid\u00e9 les accords commerciaux conclus entre Bruxelles et Rabat au motif qu&rsquo;ils incluaient ill\u00e9galement le territoire du Sahara occidental sans le consentement de son peuple, repr\u00e9sent\u00e9 par le Front Polisario. La Cour avait \u00e9tabli un principe fondamental : le Sahara occidental constitue un territoire distinct du Maroc, dot\u00e9 d&rsquo;un statut s\u00e9par\u00e9 en droit international, et ses ressources naturelles ne sauraient \u00eatre commercialis\u00e9es sous couvert de la souverainet\u00e9 marocaine. Londres, qui a quitt\u00e9 l&rsquo;Union europ\u00e9enne, choisit aujourd&rsquo;hui de s&rsquo;aligner sur cette jurisprudence, consolidant ainsi un consensus occidental qui isole davantage la position de Rabat.<\/p>\n\n\n\n<p>L&rsquo;enjeu d\u00e9passe la simple question d&rsquo;\u00e9tiquetage. Derri\u00e8re les tomates, les agrumes et les produits de la mer export\u00e9s depuis le territoire occup\u00e9 se cache une r\u00e9alit\u00e9 brutale : le pillage organis\u00e9 des richesses sahraouies au profit de l&rsquo;\u00e9conomie marocaine, sans redistribution aucune au peuple sahraoui et sans son accord. Phosphates, ressources halieutiques, productions agricoles \u2014 depuis des d\u00e9cennies, le Makhzen tire profit de territoires qu&rsquo;il occupe militairement depuis 1975, en violation flagrante des r\u00e9solutions de l&rsquo;ONU qui reconnaissent au peuple sahraoui son droit inali\u00e9nable \u00e0 l&rsquo;autod\u00e9termination.<\/p>\n\n\n\n<p>La ministre britannique a pr\u00e9cis\u00e9 que les fonctionnaires de son d\u00e9partement travaillaient \u00ab en \u00e9troite collaboration avec les organismes charg\u00e9s de l&rsquo;application de la l\u00e9gislation afin de garantir que l&rsquo;\u00e9tiquetage des aliments respecte les normes en vigueur \u00bb. Autrement dit, Londres entend faire appliquer cette r\u00e8gle concr\u00e8tement, sur les \u00e9tals des supermarch\u00e9s britanniques. Pour le r\u00e9gime d&rsquo;occupation marocain, l&rsquo;\u00e9tau se resserre. Ce nouveau revers s&rsquo;ajoute \u00e0 une s\u00e9rie de d\u00e9saveux internationaux qui fragilisent sa strat\u00e9gie de normalisation de l&rsquo;annexion du Sahara occidental. La cause sahraouie, elle, gagne du terrain \u2014 y compris dans les couloirs de Westminster.<\/p>\n\n\n\n<p>L.S.<\/p>\n","protected":false},"excerpt":{"rendered":"<p>Londres vient d&rsquo;infliger un nouveau camouflet diplomatique au r\u00e9gime marocain d&rsquo;occupation. Dans une r\u00e9ponse officielle adress\u00e9e au Parlement britannique, le<\/p>\n","protected":false},"author":6,"featured_media":57408,"comment_status":"open","ping_status":"closed","sticky":false,"template":"","format":"standard","meta":{"colormag_page_container_layout":"default_layout","colormag_page_sidebar_layout":"default_layout","om_disable_all_campaigns":false,"_monsterinsights_skip_tracking":false,"_monsterinsights_sitenote_active":false,"_monsterinsights_sitenote_note":"","_monsterinsights_sitenote_category":0,"footnotes":"","_wpscppro_dont_share_socialmedia":false,"_wpscppro_custom_social_share_image":0,"_facebook_share_type":"default","_twitter_share_type":"default","_linkedin_share_type":"default","_pinterest_share_type":"default","_linkedin_share_type_page":"","_instagram_share_type":"default","_medium_share_type":"default","_threads_share_type":"default","_google_business_share_type":"default","_selected_social_profile":[],"_wpsp_enable_custom_social_template":false,"_wpsp_social_scheduling":{"enabled":false,"datetime":null,"platforms":[],"status":"template_only","dateOption":"today","timeOption":"now","customDays":"","customHours":"","customDate":"","customTime":"","schedulingType":"absolute"},"_wpsp_active_default_template":true},"categories":[37],"tags":[],"class_list":["post-82964","post","type-post","status-publish","format-standard","has-post-thumbnail","hentry","category-monde"],"aioseo_notices":[],"yoast_head":"<!-- This site is optimized with the Yoast SEO plugin v27.4 - https:\/\/yoast.com\/product\/yoast-seo-wordpress\/ -->\n<title>Sahara occidental : Une nouvelle gifle pour le Makhzen - La Sentinelle<\/title>\n<meta name=\"robots\" content=\"index, follow, max-snippet:-1, max-image-preview:large, max-video-preview:-1\" \/>\n<link rel=\"canonical\" href=\"https:\/\/lasentinelle.dz\/index.php\/2026\/03\/07\/sahara-occidental-une-nouvelle-gifle-pour-le-makhzen\/\" \/>\n<meta property=\"og:locale\" content=\"fr_FR\" \/>\n<meta property=\"og:type\" content=\"article\" \/>\n<meta property=\"og:title\" content=\"Sahara occidental : Une nouvelle gifle pour le Makhzen - La Sentinelle\" \/>\n<meta property=\"og:description\" content=\"Londres vient d&rsquo;infliger un nouveau camouflet diplomatique au r\u00e9gime marocain d&rsquo;occupation. Dans une r\u00e9ponse officielle adress\u00e9e au Parlement britannique, le\" \/>\n<meta property=\"og:url\" content=\"https:\/\/lasentinelle.dz\/index.php\/2026\/03\/07\/sahara-occidental-une-nouvelle-gifle-pour-le-makhzen\/\" \/>\n<meta property=\"og:site_name\" content=\"La Sentinelle\" \/>\n<meta property=\"article:publisher\" content=\"https:\/\/www.facebook.com\/La-Sentinelle-104059864394773\" \/>\n<meta property=\"article:published_time\" content=\"2026-03-07T19:40:23+00:00\" \/>\n<meta property=\"article:modified_time\" content=\"2026-03-07T19:40:24+00:00\" \/>\n<meta property=\"og:image\" content=\"https:\/\/lasentinelle.dz\/wp-content\/uploads\/2024\/09\/sahara-occidental.jpg\" \/>\n\t<meta property=\"og:image:width\" content=\"580\" \/>\n\t<meta property=\"og:image:height\" content=\"350\" \/>\n\t<meta property=\"og:image:type\" content=\"image\/jpeg\" \/>\n<meta name=\"author\" content=\"admin\" \/>\n<meta name=\"twitter:card\" content=\"summary_large_image\" \/>\n<meta name=\"twitter:label1\" content=\"\u00c9crit par\" \/>\n\t<meta name=\"twitter:data1\" content=\"admin\" \/>\n\t<meta name=\"twitter:label2\" content=\"Dur\u00e9e de lecture estim\u00e9e\" \/>\n\t<meta name=\"twitter:data2\" content=\"3 minutes\" \/>\n<script type=\"application\/ld+json\" class=\"yoast-schema-graph\">{\"@context\":\"https:\\\/\\\/schema.org\",\"@graph\":[{\"@type\":\"Article\",\"@id\":\"https:\\\/\\\/lasentinelle.dz\\\/index.php\\\/2026\\\/03\\\/07\\\/sahara-occidental-une-nouvelle-gifle-pour-le-makhzen\\\/#article\",\"isPartOf\":{\"@id\":\"https:\\\/\\\/lasentinelle.dz\\\/index.php\\\/2026\\\/03\\\/07\\\/sahara-occidental-une-nouvelle-gifle-pour-le-makhzen\\\/\"},\"author\":{\"name\":\"admin\",\"@id\":\"https:\\\/\\\/lasentinelle.dz\\\/#\\\/schema\\\/person\\\/729ee0024f24e0b8c5ec17232f8e8b41\"},\"headline\":\"Sahara occidental : Une nouvelle gifle pour le Makhzen\",\"datePublished\":\"2026-03-07T19:40:23+00:00\",\"dateModified\":\"2026-03-07T19:40:24+00:00\",\"mainEntityOfPage\":{\"@id\":\"https:\\\/\\\/lasentinelle.dz\\\/index.php\\\/2026\\\/03\\\/07\\\/sahara-occidental-une-nouvelle-gifle-pour-le-makhzen\\\/\"},\"wordCount\":620,\"commentCount\":0,\"publisher\":{\"@id\":\"https:\\\/\\\/lasentinelle.dz\\\/#organization\"},\"image\":{\"@id\":\"https:\\\/\\\/lasentinelle.dz\\\/index.php\\\/2026\\\/03\\\/07\\\/sahara-occidental-une-nouvelle-gifle-pour-le-makhzen\\\/#primaryimage\"},\"thumbnailUrl\":\"https:\\\/\\\/lasentinelle.dz\\\/wp-content\\\/uploads\\\/2024\\\/09\\\/sahara-occidental.jpg\",\"articleSection\":[\"Monde\"],\"inLanguage\":\"fr-FR\",\"potentialAction\":[{\"@type\":\"CommentAction\",\"name\":\"Comment\",\"target\":[\"https:\\\/\\\/lasentinelle.dz\\\/index.php\\\/2026\\\/03\\\/07\\\/sahara-occidental-une-nouvelle-gifle-pour-le-makhzen\\\/#respond\"]}]},{\"@type\":\"WebPage\",\"@id\":\"https:\\\/\\\/lasentinelle.dz\\\/index.php\\\/2026\\\/03\\\/07\\\/sahara-occidental-une-nouvelle-gifle-pour-le-makhzen\\\/\",\"url\":\"https:\\\/\\\/lasentinelle.dz\\\/index.php\\\/2026\\\/03\\\/07\\\/sahara-occidental-une-nouvelle-gifle-pour-le-makhzen\\\/\",\"name\":\"Sahara occidental : Une nouvelle gifle pour le Makhzen - La Sentinelle\",\"isPartOf\":{\"@id\":\"https:\\\/\\\/lasentinelle.dz\\\/#website\"},\"primaryImageOfPage\":{\"@id\":\"https:\\\/\\\/lasentinelle.dz\\\/index.php\\\/2026\\\/03\\\/07\\\/sahara-occidental-une-nouvelle-gifle-pour-le-makhzen\\\/#primaryimage\"},\"image\":{\"@id\":\"https:\\\/\\\/lasentinelle.dz\\\/index.php\\\/2026\\\/03\\\/07\\\/sahara-occidental-une-nouvelle-gifle-pour-le-makhzen\\\/#primaryimage\"},\"thumbnailUrl\":\"https:\\\/\\\/lasentinelle.dz\\\/wp-content\\\/uploads\\\/2024\\\/09\\\/sahara-occidental.jpg\",\"datePublished\":\"2026-03-07T19:40:23+00:00\",\"dateModified\":\"2026-03-07T19:40:24+00:00\",\"breadcrumb\":{\"@id\":\"https:\\\/\\\/lasentinelle.dz\\\/index.php\\\/2026\\\/03\\\/07\\\/sahara-occidental-une-nouvelle-gifle-pour-le-makhzen\\\/#breadcrumb\"},\"inLanguage\":\"fr-FR\",\"potentialAction\":[{\"@type\":\"ReadAction\",\"target\":[\"https:\\\/\\\/lasentinelle.dz\\\/index.php\\\/2026\\\/03\\\/07\\\/sahara-occidental-une-nouvelle-gifle-pour-le-makhzen\\\/\"]}]},{\"@type\":\"ImageObject\",\"inLanguage\":\"fr-FR\",\"@id\":\"https:\\\/\\\/lasentinelle.dz\\\/index.php\\\/2026\\\/03\\\/07\\\/sahara-occidental-une-nouvelle-gifle-pour-le-makhzen\\\/#primaryimage\",\"url\":\"https:\\\/\\\/lasentinelle.dz\\\/wp-content\\\/uploads\\\/2024\\\/09\\\/sahara-occidental.jpg\",\"contentUrl\":\"https:\\\/\\\/lasentinelle.dz\\\/wp-content\\\/uploads\\\/2024\\\/09\\\/sahara-occidental.jpg\",\"width\":580,\"height\":350},{\"@type\":\"BreadcrumbList\",\"@id\":\"https:\\\/\\\/lasentinelle.dz\\\/index.php\\\/2026\\\/03\\\/07\\\/sahara-occidental-une-nouvelle-gifle-pour-le-makhzen\\\/#breadcrumb\",\"itemListElement\":[{\"@type\":\"ListItem\",\"position\":1,\"name\":\"Accueil\",\"item\":\"https:\\\/\\\/lasentinelle.dz\\\/\"},{\"@type\":\"ListItem\",\"position\":2,\"name\":\"Sahara occidental : Une nouvelle gifle pour le Makhzen\"}]},{\"@type\":\"WebSite\",\"@id\":\"https:\\\/\\\/lasentinelle.dz\\\/#website\",\"url\":\"https:\\\/\\\/lasentinelle.dz\\\/\",\"name\":\"La Sentinelle\",\"description\":\"Quotidien national d&#039;information\",\"publisher\":{\"@id\":\"https:\\\/\\\/lasentinelle.dz\\\/#organization\"},\"potentialAction\":[{\"@type\":\"SearchAction\",\"target\":{\"@type\":\"EntryPoint\",\"urlTemplate\":\"https:\\\/\\\/lasentinelle.dz\\\/?s={search_term_string}\"},\"query-input\":{\"@type\":\"PropertyValueSpecification\",\"valueRequired\":true,\"valueName\":\"search_term_string\"}}],\"inLanguage\":\"fr-FR\"},{\"@type\":\"Organization\",\"@id\":\"https:\\\/\\\/lasentinelle.dz\\\/#organization\",\"name\":\"Quotidien La Sentinelle\",\"url\":\"https:\\\/\\\/lasentinelle.dz\\\/\",\"logo\":{\"@type\":\"ImageObject\",\"inLanguage\":\"fr-FR\",\"@id\":\"https:\\\/\\\/lasentinelle.dz\\\/#\\\/schema\\\/logo\\\/image\\\/\",\"url\":\"https:\\\/\\\/lasentinelle.dz\\\/wp-content\\\/uploads\\\/2021\\\/09\\\/logo-sentinelleSLOGAN-1.png\",\"contentUrl\":\"https:\\\/\\\/lasentinelle.dz\\\/wp-content\\\/uploads\\\/2021\\\/09\\\/logo-sentinelleSLOGAN-1.png\",\"width\":615,\"height\":142,\"caption\":\"Quotidien La Sentinelle\"},\"image\":{\"@id\":\"https:\\\/\\\/lasentinelle.dz\\\/#\\\/schema\\\/logo\\\/image\\\/\"},\"sameAs\":[\"https:\\\/\\\/www.facebook.com\\\/La-Sentinelle-104059864394773\"]},{\"@type\":\"Person\",\"@id\":\"https:\\\/\\\/lasentinelle.dz\\\/#\\\/schema\\\/person\\\/729ee0024f24e0b8c5ec17232f8e8b41\",\"name\":\"admin\",\"image\":{\"@type\":\"ImageObject\",\"inLanguage\":\"fr-FR\",\"@id\":\"https:\\\/\\\/secure.gravatar.com\\\/avatar\\\/4c81fed838786e9b53f540bf46533e750f5d292099ae3b66cfc6fb1982e29df7?s=96&d=mm&r=g\",\"url\":\"https:\\\/\\\/secure.gravatar.com\\\/avatar\\\/4c81fed838786e9b53f540bf46533e750f5d292099ae3b66cfc6fb1982e29df7?s=96&d=mm&r=g\",\"contentUrl\":\"https:\\\/\\\/secure.gravatar.com\\\/avatar\\\/4c81fed838786e9b53f540bf46533e750f5d292099ae3b66cfc6fb1982e29df7?s=96&d=mm&r=g\",\"caption\":\"admin\"},\"description\":\"admin\",\"url\":\"https:\\\/\\\/lasentinelle.dz\\\/author\\\/admin\\\/\"}]}<\/script>\n<!-- \/ Yoast SEO plugin. -->","yoast_head_json":{"title":"Sahara occidental : Une nouvelle gifle pour le Makhzen - La Sentinelle","robots":{"index":"index","follow":"follow","max-snippet":"max-snippet:-1","max-image-preview":"max-image-preview:large","max-video-preview":"max-video-preview:-1"},"canonical":"https:\/\/lasentinelle.dz\/index.php\/2026\/03\/07\/sahara-occidental-une-nouvelle-gifle-pour-le-makhzen\/","og_locale":"fr_FR","og_type":"article","og_title":"Sahara occidental : Une nouvelle gifle pour le Makhzen - La Sentinelle","og_description":"Londres vient d&rsquo;infliger un nouveau camouflet diplomatique au r\u00e9gime marocain d&rsquo;occupation. Dans une r\u00e9ponse officielle adress\u00e9e au Parlement britannique, le","og_url":"https:\/\/lasentinelle.dz\/index.php\/2026\/03\/07\/sahara-occidental-une-nouvelle-gifle-pour-le-makhzen\/","og_site_name":"La Sentinelle","article_publisher":"https:\/\/www.facebook.com\/La-Sentinelle-104059864394773","article_published_time":"2026-03-07T19:40:23+00:00","article_modified_time":"2026-03-07T19:40:24+00:00","og_image":[{"width":580,"height":350,"url":"https:\/\/lasentinelle.dz\/wp-content\/uploads\/2024\/09\/sahara-occidental.jpg","type":"image\/jpeg"}],"author":"admin","twitter_card":"summary_large_image","twitter_misc":{"\u00c9crit par":"admin","Dur\u00e9e de lecture estim\u00e9e":"3 minutes"},"schema":{"@context":"https:\/\/schema.org","@graph":[{"@type":"Article","@id":"https:\/\/lasentinelle.dz\/index.php\/2026\/03\/07\/sahara-occidental-une-nouvelle-gifle-pour-le-makhzen\/#article","isPartOf":{"@id":"https:\/\/lasentinelle.dz\/index.php\/2026\/03\/07\/sahara-occidental-une-nouvelle-gifle-pour-le-makhzen\/"},"author":{"name":"admin","@id":"https:\/\/lasentinelle.dz\/#\/schema\/person\/729ee0024f24e0b8c5ec17232f8e8b41"},"headline":"Sahara occidental : Une nouvelle gifle pour le Makhzen","datePublished":"2026-03-07T19:40:23+00:00","dateModified":"2026-03-07T19:40:24+00:00","mainEntityOfPage":{"@id":"https:\/\/lasentinelle.dz\/index.php\/2026\/03\/07\/sahara-occidental-une-nouvelle-gifle-pour-le-makhzen\/"},"wordCount":620,"commentCount":0,"publisher":{"@id":"https:\/\/lasentinelle.dz\/#organization"},"image":{"@id":"https:\/\/lasentinelle.dz\/index.php\/2026\/03\/07\/sahara-occidental-une-nouvelle-gifle-pour-le-makhzen\/#primaryimage"},"thumbnailUrl":"https:\/\/lasentinelle.dz\/wp-content\/uploads\/2024\/09\/sahara-occidental.jpg","articleSection":["Monde"],"inLanguage":"fr-FR","potentialAction":[{"@type":"CommentAction","name":"Comment","target":["https:\/\/lasentinelle.dz\/index.php\/2026\/03\/07\/sahara-occidental-une-nouvelle-gifle-pour-le-makhzen\/#respond"]}]},{"@type":"WebPage","@id":"https:\/\/lasentinelle.dz\/index.php\/2026\/03\/07\/sahara-occidental-une-nouvelle-gifle-pour-le-makhzen\/","url":"https:\/\/lasentinelle.dz\/index.php\/2026\/03\/07\/sahara-occidental-une-nouvelle-gifle-pour-le-makhzen\/","name":"Sahara occidental : Une nouvelle gifle pour le Makhzen - La Sentinelle","isPartOf":{"@id":"https:\/\/lasentinelle.dz\/#website"},"primaryImageOfPage":{"@id":"https:\/\/lasentinelle.dz\/index.php\/2026\/03\/07\/sahara-occidental-une-nouvelle-gifle-pour-le-makhzen\/#primaryimage"},"image":{"@id":"https:\/\/lasentinelle.dz\/index.php\/2026\/03\/07\/sahara-occidental-une-nouvelle-gifle-pour-le-makhzen\/#primaryimage"},"thumbnailUrl":"https:\/\/lasentinelle.dz\/wp-content\/uploads\/2024\/09\/sahara-occidental.jpg","datePublished":"2026-03-07T19:40:23+00:00","dateModified":"2026-03-07T19:40:24+00:00","breadcrumb":{"@id":"https:\/\/lasentinelle.dz\/index.php\/2026\/03\/07\/sahara-occidental-une-nouvelle-gifle-pour-le-makhzen\/#breadcrumb"},"inLanguage":"fr-FR","potentialAction":[{"@type":"ReadAction","target":["https:\/\/lasentinelle.dz\/index.php\/2026\/03\/07\/sahara-occidental-une-nouvelle-gifle-pour-le-makhzen\/"]}]},{"@type":"ImageObject","inLanguage":"fr-FR","@id":"https:\/\/lasentinelle.dz\/index.php\/2026\/03\/07\/sahara-occidental-une-nouvelle-gifle-pour-le-makhzen\/#primaryimage","url":"https:\/\/lasentinelle.dz\/wp-content\/uploads\/2024\/09\/sahara-occidental.jpg","contentUrl":"https:\/\/lasentinelle.dz\/wp-content\/uploads\/2024\/09\/sahara-occidental.jpg","width":580,"height":350},{"@type":"BreadcrumbList","@id":"https:\/\/lasentinelle.dz\/index.php\/2026\/03\/07\/sahara-occidental-une-nouvelle-gifle-pour-le-makhzen\/#breadcrumb","itemListElement":[{"@type":"ListItem","position":1,"name":"Accueil","item":"https:\/\/lasentinelle.dz\/"},{"@type":"ListItem","position":2,"name":"Sahara occidental : Une nouvelle gifle pour le Makhzen"}]},{"@type":"WebSite","@id":"https:\/\/lasentinelle.dz\/#website","url":"https:\/\/lasentinelle.dz\/","name":"La Sentinelle","description":"Quotidien national d&#039;information","publisher":{"@id":"https:\/\/lasentinelle.dz\/#organization"},"potentialAction":[{"@type":"SearchAction","target":{"@type":"EntryPoint","urlTemplate":"https:\/\/lasentinelle.dz\/?s={search_term_string}"},"query-input":{"@type":"PropertyValueSpecification","valueRequired":true,"valueName":"search_term_string"}}],"inLanguage":"fr-FR"},{"@type":"Organization","@id":"https:\/\/lasentinelle.dz\/#organization","name":"Quotidien La Sentinelle","url":"https:\/\/lasentinelle.dz\/","logo":{"@type":"ImageObject","inLanguage":"fr-FR","@id":"https:\/\/lasentinelle.dz\/#\/schema\/logo\/image\/","url":"https:\/\/lasentinelle.dz\/wp-content\/uploads\/2021\/09\/logo-sentinelleSLOGAN-1.png","contentUrl":"https:\/\/lasentinelle.dz\/wp-content\/uploads\/2021\/09\/logo-sentinelleSLOGAN-1.png","width":615,"height":142,"caption":"Quotidien La Sentinelle"},"image":{"@id":"https:\/\/lasentinelle.dz\/#\/schema\/logo\/image\/"},"sameAs":["https:\/\/www.facebook.com\/La-Sentinelle-104059864394773"]},{"@type":"Person","@id":"https:\/\/lasentinelle.dz\/#\/schema\/person\/729ee0024f24e0b8c5ec17232f8e8b41","name":"admin","image":{"@type":"ImageObject","inLanguage":"fr-FR","@id":"https:\/\/secure.gravatar.com\/avatar\/4c81fed838786e9b53f540bf46533e750f5d292099ae3b66cfc6fb1982e29df7?s=96&d=mm&r=g","url":"https:\/\/secure.gravatar.com\/avatar\/4c81fed838786e9b53f540bf46533e750f5d292099ae3b66cfc6fb1982e29df7?s=96&d=mm&r=g","contentUrl":"https:\/\/secure.gravatar.com\/avatar\/4c81fed838786e9b53f540bf46533e750f5d292099ae3b66cfc6fb1982e29df7?s=96&d=mm&r=g","caption":"admin"},"description":"admin","url":"https:\/\/lasentinelle.dz\/author\/admin\/"}]}},"_links":{"self":[{"href":"https:\/\/lasentinelle.dz\/index.php\/wp-json\/wp\/v2\/posts\/82964","targetHints":{"allow":["GET"]}}],"collection":[{"href":"https:\/\/lasentinelle.dz\/index.php\/wp-json\/wp\/v2\/posts"}],"about":[{"href":"https:\/\/lasentinelle.dz\/index.php\/wp-json\/wp\/v2\/types\/post"}],"author":[{"embeddable":true,"href":"https:\/\/lasentinelle.dz\/index.php\/wp-json\/wp\/v2\/users\/6"}],"replies":[{"embeddable":true,"href":"https:\/\/lasentinelle.dz\/index.php\/wp-json\/wp\/v2\/comments?post=82964"}],"version-history":[{"count":1,"href":"https:\/\/lasentinelle.dz\/index.php\/wp-json\/wp\/v2\/posts\/82964\/revisions"}],"predecessor-version":[{"id":82965,"href":"https:\/\/lasentinelle.dz\/index.php\/wp-json\/wp\/v2\/posts\/82964\/revisions\/82965"}],"wp:featuredmedia":[{"embeddable":true,"href":"https:\/\/lasentinelle.dz\/index.php\/wp-json\/wp\/v2\/media\/57408"}],"wp:attachment":[{"href":"https:\/\/lasentinelle.dz\/index.php\/wp-json\/wp\/v2\/media?parent=82964"}],"wp:term":[{"taxonomy":"category","embeddable":true,"href":"https:\/\/lasentinelle.dz\/index.php\/wp-json\/wp\/v2\/categories?post=82964"},{"taxonomy":"post_tag","embeddable":true,"href":"https:\/\/lasentinelle.dz\/index.php\/wp-json\/wp\/v2\/tags?post=82964"}],"curies":[{"name":"wp","href":"https:\/\/api.w.org\/{rel}","templated":true}]}}