{"id":83058,"date":"2026-03-08T20:12:31","date_gmt":"2026-03-08T19:12:31","guid":{"rendered":"https:\/\/lasentinelle.dz\/?p=83058"},"modified":"2026-03-08T20:12:32","modified_gmt":"2026-03-08T19:12:32","slug":"liran-affirme-setre-prepare-a-au-moins-six-mois-de-conflit-la-guerre-au-moyen-orient-sinscrit-elle-dans-la-duree","status":"publish","type":"post","link":"https:\/\/lasentinelle.dz\/index.php\/2026\/03\/08\/liran-affirme-setre-prepare-a-au-moins-six-mois-de-conflit-la-guerre-au-moyen-orient-sinscrit-elle-dans-la-duree\/","title":{"rendered":"L\u2019Iran affirme s\u2019\u00eatre pr\u00e9par\u00e9 \u00e0 au moins six mois de conflit\u00a0: La guerre au Moyen-Orient s&rsquo;inscrit-elle dans la dur\u00e9e ?"},"content":{"rendered":"\n<p>Face \u00e0 l&rsquo;offensive am\u00e9ricano-isra\u00e9lienne, l&rsquo;Iran se dit pr\u00eat \u00e0 tenir sur la dur\u00e9e. Un porte-parole des Gardiens de la R\u00e9volution, cit\u00e9 par l&rsquo;agence de presse Fars, a d\u00e9clar\u00e9 que \u00ab\u00a0les forces arm\u00e9es de la R\u00e9publique islamique d&rsquo;Iran sont capables de poursuivre au moins six mois de guerre intense au rythme actuel des op\u00e9rations\u00a0\u00bb.<\/p>\n\n\n\n<p>Neuf jours apr\u00e8s le d\u00e9but des frappes am\u00e9ricano-isra\u00e9liennes contre l&rsquo;Iran, la r\u00e9gion s&rsquo;enfonce dans une spirale de la guerre sans pr\u00e9c\u00e9dent malgr\u00e9 les appels internationaux \u00e0 la d\u00e9sescalade. T\u00e9h\u00e9ran a d\u00e9sign\u00e9 un nouveau guide supr\u00eame dont l&rsquo;identit\u00e9 reste secr\u00e8te, tandis que les \u00c9tats-Unis excluent toute n\u00e9gociation. Entre bombardements quotidiens, ripostes iraniennes et fermetures d&rsquo;espaces a\u00e9riens, le conflit menace la stabilit\u00e9 r\u00e9gionale et mondiale. Les explosions r\u00e9sonnent d\u00e9sormais quotidiennement \u00e0 travers le Moyen-Orient et le Golfe Persique. Depuis le 28 f\u00e9vrier, date du d\u00e9clenchement de l&rsquo;op\u00e9ration conjointe am\u00e9ricano-isra\u00e9lienne contre l\u2019Iran, la r\u00e9gion conna\u00eet une escalade militaire sans \u00e9quivalent depuis des d\u00e9cennies. Neuf jours apr\u00e8s le d\u00e9but des hostilit\u00e9s, le conflit s&rsquo;est \u00e9tendu g\u00e9ographiquement et intensifi\u00e9 sur le plan op\u00e9rationnel, faisant craindre un embrasement durable.<\/p>\n\n\n\n<p>Le bilan humain s&rsquo;alourdit de jour en jour. Selon les autorit\u00e9s iraniennes, les frappes ont fait plus de 1.200 morts, dont le guide supr\u00eame Ali Khamenei tu\u00e9 d\u00e8s le premier jour, plus de cent cinquante \u00e9coli\u00e8res et plusieurs hauts responsables militaires. Plus de 10.000 bless\u00e9s sont \u00e9galement recens\u00e9s c\u00f4t\u00e9 iranien. Les bombardements se sont poursuivis dans la nuit de samedi \u00e0 dimanche sur plusieurs fronts. Quatre d\u00e9p\u00f4ts p\u00e9troliers et un site logistique servant au transport de produits p\u00e9troliers ont \u00e9t\u00e9 frapp\u00e9s \u00e0 T\u00e9h\u00e9ran et ses environs, faisant quatre morts selon Keramat Veyskarami, dirigeant de la compagnie nationale de distribution des produits p\u00e9troliers iranienne. Les sites sont endommag\u00e9s mais le feu est sous contr\u00f4le, a-t-il pr\u00e9cis\u00e9 \u00e0 la t\u00e9l\u00e9vision d&rsquo;\u00c9tat. La fum\u00e9e des incendies a envahi le ciel de la capitale iranienne, couvrant la ville d&rsquo;un voile noir au petit matin. Des habitants ont d\u00e9crit une odeur de br\u00fbl\u00e9 pr\u00e9gnante.<\/p>\n\n\n\n<p>De nouvelles explosions ont \u00e9t\u00e9 entendues dimanche matin \u00e0 T\u00e9h\u00e9ran, sans bilan imm\u00e9diat de victimes ou de dommages mat\u00e9riels. D&rsquo;autres d\u00e9tonations ont secou\u00e9 la province centrale de Yazd selon l&rsquo;agence de presse officielle Irna, ainsi que la province centrale d&rsquo;Ispahan. L&rsquo;arm\u00e9e d\u2019occupation isra\u00e9lienne a annonc\u00e9 avoir lanc\u00e9 une vague de frappes visant des sites militaires \u00e0 travers l&rsquo;Iran.<\/p>\n\n\n\n<p>En repr\u00e9sailles, T\u00e9h\u00e9ran a intensifi\u00e9 ses op\u00e9rations contre l\u2019entit\u00e9 sioniste et les bases am\u00e9ricaines dans la r\u00e9gion. Les Gardiens de la R\u00e9volution, l&rsquo;arm\u00e9e id\u00e9ologique iranienne, ont affirm\u00e9 avoir tir\u00e9 des missiles en direction des sites de l\u2019entit\u00e9 sioniste de Tel-Aviv et Beersheva, ainsi que vers une base a\u00e9rienne en Jordanie. Une s\u00e9rie d&rsquo;explosions ont \u00e9t\u00e9 entendues dans l&rsquo;apr\u00e8s-midi \u00e0 Tel-Aviv.<\/p>\n\n\n\n<p>Les pays du Golfe subissent \u00e9galement les cons\u00e9quences de l&rsquo;escalade. Le Kowe\u00eft a annonc\u00e9 faire face \u00e0 une nouvelle attaque de missiles et de drones, tandis que le minist\u00e8re saoudien de la D\u00e9fense a indiqu\u00e9 avoir d\u00e9jou\u00e9 une attaque de drone contre le quartier diplomatique de Riyad.<\/p>\n\n\n\n<p>Au Liban, l&rsquo;arm\u00e9e d\u2019occupation isra\u00e9lienne a men\u00e9 vendredi une nouvelle s\u00e9rie de frappes sur la banlieue sud de Beyrouth et frapp\u00e9 un h\u00f4tel dans la capitale libanaise.<\/p>\n\n\n\n<p><strong>Une succession sous le sceau du secret<\/strong><\/p>\n\n\n\n<p>Dans ce contexte explosif, l&rsquo;Assembl\u00e9e des experts iranienne a proc\u00e9d\u00e9 \u00e0 la d\u00e9signation d&rsquo;un nouveau guide supr\u00eame pour succ\u00e9der \u00e0 Ali Khamenei, sans toutefois r\u00e9v\u00e9ler son identit\u00e9. Cette d\u00e9cision cruciale pour l&rsquo;avenir politique de la R\u00e9publique islamique intervient dans des circonstances exceptionnelles. \u00ab\u00a0Le candidat le plus appropri\u00e9, approuv\u00e9 par la majorit\u00e9 de l&rsquo;Assembl\u00e9e des experts, a \u00e9t\u00e9 d\u00e9sign\u00e9\u00a0\u00bb, a d\u00e9clar\u00e9 Mohsen Heydari, repr\u00e9sentant de la province du Khouzestan \u00e0 l&rsquo;Assembl\u00e9e des experts, selon l&rsquo;agence de presse Isna. Un autre membre de l&rsquo;instance, Mohammad Mehdi Mirbagheri, a confirm\u00e9 dans une vid\u00e9o relay\u00e9e par l&rsquo;agence Fars qu&rsquo;une \u00ab\u00a0opinion ferme, refl\u00e9tant la position majoritaire, a \u00e9t\u00e9 arr\u00eat\u00e9e\u00a0\u00bb.<\/p>\n\n\n\n<p>Le haut dignitaire religieux Ahmad Alamolhoda a affirm\u00e9 que \u00ab\u00a0toutes les rumeurs et informations sugg\u00e9rant que l&rsquo;Assembl\u00e9e des experts n&rsquo;a pas encore pris de d\u00e9cision sont compl\u00e8tement fausses\u00a0\u00bb, dans des propos rapport\u00e9s par l&rsquo;agence Mehr News. Selon lui, le vote pour la succession a d\u00e9j\u00e0 eu lieu et un successeur a \u00e9t\u00e9 d\u00e9sign\u00e9. Alamolhoda a pr\u00e9cis\u00e9 que, conform\u00e9ment \u00e0 la Constitution iranienne, aucune personne, y compris les membres de l&rsquo;Assembl\u00e9e des experts, n&rsquo;a le droit de modifier son vote une fois la d\u00e9cision prise. L&rsquo;annonce officielle d\u00e9pend de l&rsquo;ayatollah Hashem Hosseini Bushehri, charg\u00e9 de la communiquer publiquement. Le ministre iranien des Affaires \u00e9trang\u00e8res Abbas Araghchi a d\u00e9clar\u00e9 que \u00ab\u00a0c&rsquo;est au peuple iranien de choisir son nouveau dirigeant\u00a0\u00bb et \u00e0 \u00ab\u00a0personne d&rsquo;autre\u00a0\u00bb, trois jours apr\u00e8s que Donald Trump a exig\u00e9 d&rsquo;\u00eatre impliqu\u00e9 dans ce choix.<\/p>\n\n\n\n<p><strong>Washington ferme la porte aux n\u00e9gociations<\/strong><\/p>\n\n\n\n<p>Le pr\u00e9sident am\u00e9ricain Donald Trump a clairement indiqu\u00e9 qu&rsquo;il n&rsquo;\u00e9tait pas int\u00e9ress\u00e9 par des n\u00e9gociations avec l&rsquo;Iran. Il a ajout\u00e9 que la campagne militaire men\u00e9e par les \u00c9tats-Unis et l\u2019entit\u00e9 sioniste pourrait rendre toute n\u00e9gociation inutile si tous les dirigeants potentiels iraniens \u00e9taient tu\u00e9s et l&rsquo;arm\u00e9e iranienne d\u00e9truite, rapporte Reuters. \u00ab\u00a0\u00c0 un moment, je ne pense pas qu&rsquo;il restera quiconque peut-\u00eatre pour dire nous nous rendons\u00a0\u00bb, a d\u00e9clar\u00e9 le locataire de la Maison Blanche. \u00c0 bord d&rsquo;Air Force One samedi, Trump a \u00e9voqu\u00e9 un envoi possible de troupes au sol en Iran pour contr\u00f4ler les stocks d&rsquo;uranium enrichi du pays. \u00ab\u00a0Peut-\u00eatre qu&rsquo;\u00e0 un moment nous le ferons. Ce serait formidable\u00a0\u00bb, a-t-il lanc\u00e9, avant de pr\u00e9ciser que c&rsquo;est \u00ab\u00a0quelque chose que nous pourrions faire plus tard. Mais pas maintenant\u00a0\u00bb. La Maison Blanche justifie l&rsquo;offensive contre l&rsquo;Iran en affirmant que le pays avait accumul\u00e9 de tels stocks d&rsquo;uranium enrichi que T\u00e9h\u00e9ran \u00e9tait tr\u00e8s proche de pouvoir fabriquer une bombe atomique.<\/p>\n\n\n\n<p>Concernant l&rsquo;\u00e9ventualit\u00e9 d&rsquo;une offensive kurde contre l&rsquo;Iran, Trump a d\u00e9clar\u00e9 samedi ne \u00ab\u00a0pas vouloir\u00a0\u00bb que les Kurdes lancent une telle op\u00e9ration. \u00ab\u00a0Je ne veux pas que les Kurdes y aillent\u00a0\u00bb, a-t-il affirm\u00e9. \u00ab\u00a0Nous ne voulons pas rendre cette guerre plus compliqu\u00e9e qu&rsquo;elle ne l&rsquo;est d\u00e9j\u00e0.\u00a0\u00bb<\/p>\n\n\n\n<p><strong>T\u00e9h\u00e9ran affiche sa d\u00e9termination<\/strong><\/p>\n\n\n\n<p>Face \u00e0 l&rsquo;offensive am\u00e9ricano-isra\u00e9lienne, l&rsquo;Iran se dit pr\u00eat \u00e0 tenir sur la dur\u00e9e. Un porte-parole des Gardiens de la R\u00e9volution, cit\u00e9 par l&rsquo;agence de presse Fars, a d\u00e9clar\u00e9 que \u00ab\u00a0les forces arm\u00e9es de la R\u00e9publique islamique d&rsquo;Iran sont capables de poursuivre au moins six mois de guerre intense au rythme actuel des op\u00e9rations\u00a0\u00bb.<\/p>\n\n\n\n<p><strong>Une mobilisation diplomatique internationale<\/strong><\/p>\n\n\n\n<p>Face \u00e0 l&rsquo;escalade militaire, les efforts diplomatiques internationaux se multiplient pour freiner la spirale guerri\u00e8re et \u00e9viter une conflagration r\u00e9gionale aux cons\u00e9quences impr\u00e9visibles. Au neuvi\u00e8me jour de cette crise marqu\u00e9e par la poursuite des \u00e9changes de frappes a\u00e9riennes et de tirs de missiles, plusieurs pays et organisations appellent \u00e0 la d\u00e9sescalade. Le Qatar a insist\u00e9 par la voix de son \u00e9mir, Cheikh Tamim Ben Hamad Al Thani, sur l&rsquo;urgence de contenir la crise et de redoubler d&rsquo;efforts diplomatiques pour y mettre un terme, d&rsquo;apr\u00e8s l&rsquo;agence de presse qatarie QNA. L&rsquo;\u00e9mir qatari a soulign\u00e9 les graves r\u00e9percussions que cette escalade pourrait entra\u00eener pour la s\u00e9curit\u00e9 et la paix internationales et la n\u00e9cessit\u00e9 de soutenir les solutions politiques de nature \u00e0 r\u00e9soudre les tensions actuelles et \u00e0 emp\u00eacher toute nouvelle escalade. Le minist\u00e8re omanais des Affaires \u00e9trang\u00e8res a mis en garde contre le risque d&rsquo;une escalade du conflit et de cons\u00e9quences ind\u00e9sirables dans la r\u00e9gion. Il a appel\u00e9 toutes les parties \u00e0 suspendre imm\u00e9diatement les op\u00e9rations militaires, \u00e0 faire preuve de retenue et au respect des solutions diplomatiques.<\/p>\n\n\n\n<p>De son c\u00f4t\u00e9, le ministre \u00e9gyptien des Affaires \u00e9trang\u00e8res a appel\u00e9 \u00e0 la d\u00e9sescalade, \u00e0 faire pr\u00e9valoir la raison et \u00e0 reprendre les n\u00e9gociations et les voies diplomatiques afin d&rsquo;\u00e9viter davantage de chaos dans la r\u00e9gion. La Turquie a plaid\u00e9 pour le dialogue par le biais de son pr\u00e9sident Recep Tayyip Erdogan en vue d&rsquo;apaiser la tension dans la r\u00e9gion du Moyen-Orient et du Golfe, tout en avertissant que ces derniers d\u00e9veloppements pourraient gravement nuire \u00e0 la stabilit\u00e9 r\u00e9gionale et mondiale. Le ministre turc des Affaires \u00e9trang\u00e8res Hakan Fidan a mis en garde contre toute tentative de d\u00e9clencher une guerre civile en Iran en instrumentalisant les clivages ethniques ou religieux, qualifiant ce sc\u00e9nario d&rsquo;extr\u00eamement dangereux. Le ministre chinois des Affaires \u00e9trang\u00e8res Wang Yi a appel\u00e9 \u00e0 une cessation imm\u00e9diate des op\u00e9rations militaires au Moyen-Orient pour emp\u00eacher une nouvelle escalade et \u00e9viter la propagation du conflit. \u00ab\u00a0C&rsquo;est une guerre qui n&rsquo;aurait jamais d\u00fb avoir lieu, et une guerre qui n&rsquo;apporte aucun b\u00e9n\u00e9fice \u00e0 aucune des parties\u00a0\u00bb, a-t-il d\u00e9clar\u00e9, ajoutant que le monde ne peut pas retourner \u00e0 la loi de la jungle. \u00ab\u00a0Recourir syst\u00e9matiquement \u00e0 la force ne prouve rien de sa propre puissance\u00a0\u00bb, a-t-il soulign\u00e9 dans une claire r\u00e9f\u00e9rence aux \u00c9tats-Unis. La Chine a exprim\u00e9 sa col\u00e8re face aux frappes am\u00e9ricaines et isra\u00e9liennes en Iran, alors qu&rsquo;une visite en Chine du pr\u00e9sident Trump est annonc\u00e9e en avril c\u00f4t\u00e9 am\u00e9ricain.<\/p>\n\n\n\n<p>En Afrique du Sud, le minist\u00e8re des Relations internationales et de la Coop\u00e9ration a appel\u00e9 toutes les parties concern\u00e9es \u00e0 faire preuve de la plus grande retenue, privil\u00e9gier la d\u00e9sescalade, \u00e9viter toute nouvelle confrontation et \u00e0 reprendre les n\u00e9gociations par le biais de m\u00e9canismes multilat\u00e9raux existants sous l&rsquo;\u00e9gide des Nations unies.<\/p>\n\n\n\n<p><strong>Des r\u00e9percussions \u00e9conomiques croissantes<\/strong><\/p>\n\n\n\n<p>Sur le plan \u00e9conomique, plusieurs pays ont pris des mesures pour prot\u00e9ger leurs \u00e9conomies, s\u00e9curiser l&rsquo;approvisionnement \u00e9nerg\u00e9tique et limiter l&rsquo;impact de l&rsquo;escalade de la situation dans la r\u00e9gion. La Kuwait Petroleum Corporation a annonc\u00e9 samedi avoir invoqu\u00e9 la force majeure en raison de l&rsquo;escalade des tensions au Moyen-Orient et des menaces persistantes pesant sur ses exportations de p\u00e9trole via le d\u00e9troit d&rsquo;Ormuz. Les r\u00e9ductions de production au Kowe\u00eft ont d\u00e9but\u00e9 le 7 mars au matin \u00e0 hauteur d&rsquo;environ cent mille barils par jour, et devraient tripler ce dimanche. D&rsquo;\u00e9ventuelles r\u00e9ductions suppl\u00e9mentaires d\u00e9pendront du niveau des stocks et de la situation dans le d\u00e9troit d&rsquo;Ormuz, d&rsquo;apr\u00e8s la soci\u00e9t\u00e9 p\u00e9troli\u00e8re kowe\u00eftienne. En ce qui concerne la navigation a\u00e9rienne, Qatar Airways a indiqu\u00e9 qu&rsquo;elle continuait de suspendre temporairement ses vols en raison de la fermeture persistante de l&rsquo;espace a\u00e9rien du pays, pr\u00e9cisant qu&rsquo;elle reprendra ses op\u00e9rations d\u00e8s l&rsquo;annonce de l&rsquo;Autorit\u00e9 g\u00e9n\u00e9rale de l&rsquo;aviation civile du Qatar concernant la r\u00e9ouverture s\u00e9curis\u00e9e de l&rsquo;espace a\u00e9rien, conform\u00e9ment \u00e0 l&rsquo;approbation des autorit\u00e9s comp\u00e9tentes. L&rsquo;Autorit\u00e9 de l&rsquo;aviation civile irakienne a annonc\u00e9 la prolongation de la fermeture de l&rsquo;espace a\u00e9rien irakien \u00e0 tous les avions en provenance, \u00e0 destination ou en survol, pour soixante-douze heures suppl\u00e9mentaires \u00e0 compter de samedi. L&rsquo;Autorit\u00e9 a pr\u00e9cis\u00e9 que cette d\u00e9cision de prolongation est bas\u00e9e sur l&rsquo;\u00e9valuation continue de la situation s\u00e9curitaire et de l&rsquo;\u00e9volution des conditions r\u00e9gionales, et qu&rsquo;une nouvelle \u00e9valuation sera effectu\u00e9e selon les d\u00e9veloppements.<\/p>\n\n\n\n<p>Neuf jours apr\u00e8s le d\u00e9clenchement des hostilit\u00e9s, le conflit semble s&rsquo;installer dans la dur\u00e9e malgr\u00e9 les appels \u00e0 la d\u00e9sescalade. L\u2019ent\u00eatement affich\u00e9e par Washington, la d\u00e9termination de T\u00e9h\u00e9ran et l&rsquo;extension g\u00e9ographique des op\u00e9rations militaires dessinent les contours d&rsquo;une crise dont l&rsquo;issue reste incertaine et dont les cons\u00e9quences pour la stabilit\u00e9 r\u00e9gionale et mondiale pr\u00e9occupent la communaut\u00e9 internationale.<\/p>\n\n\n\n<p>Lyes Sa\u00efdi<\/p>\n\n\n\n<p><strong>M. Attaf participe aux travaux de la r\u00e9union du Conseil de la Ligue arabe<\/strong><\/p>\n\n\n\n<p>Le ministre d&rsquo;Etat, ministre des Affaires \u00e9trang\u00e8res, de la Communaut\u00e9 nationale \u00e0 l&rsquo;\u00e9tranger et des Affaires africaines, M. Ahmed Attaf, a particip\u00e9, dimanche, aux travaux de la session extraordinaire de la r\u00e9union du Conseil de la Ligue arabe au niveau minist\u00e9riel, consacr\u00e9e \u00e0 l&rsquo;examen de la situation au Moyen-Orient et dans le Golfe arabique, indique un communiqu\u00e9 du minist\u00e8re. Cette r\u00e9union a permis d'\u00a0\u00bbexaminer les r\u00e9percussions de l&rsquo;escalade militaire dans la r\u00e9gion sur la souverainet\u00e9 et l&rsquo;int\u00e9grit\u00e9 de nombre de pays arabes, ainsi que les risques et menaces qu&rsquo;elle fait peser aux niveaux r\u00e9gional et international\u00a0\u00bb, pr\u00e9cise le communiqu\u00e9.<\/p>\n","protected":false},"excerpt":{"rendered":"<p>Face \u00e0 l&rsquo;offensive am\u00e9ricano-isra\u00e9lienne, l&rsquo;Iran se dit pr\u00eat \u00e0 tenir sur la dur\u00e9e. Un porte-parole des Gardiens de la R\u00e9volution,<\/p>\n","protected":false},"author":6,"featured_media":68874,"comment_status":"open","ping_status":"closed","sticky":false,"template":"","format":"standard","meta":{"colormag_page_container_layout":"default_layout","colormag_page_sidebar_layout":"default_layout","om_disable_all_campaigns":false,"_monsterinsights_skip_tracking":false,"_monsterinsights_sitenote_active":false,"_monsterinsights_sitenote_note":"","_monsterinsights_sitenote_category":0,"footnotes":"","_wpscppro_dont_share_socialmedia":false,"_wpscppro_custom_social_share_image":0,"_facebook_share_type":"default","_twitter_share_type":"default","_linkedin_share_type":"default","_pinterest_share_type":"default","_linkedin_share_type_page":"","_instagram_share_type":"default","_medium_share_type":"default","_threads_share_type":"default","_google_business_share_type":"default","_selected_social_profile":[],"_wpsp_enable_custom_social_template":false,"_wpsp_social_scheduling":{"enabled":false,"datetime":null,"platforms":[],"status":"template_only","dateOption":"today","timeOption":"now","customDays":"","customHours":"","customDate":"","customTime":"","schedulingType":"absolute"},"_wpsp_active_default_template":true},"categories":[52,37],"tags":[],"class_list":["post-83058","post","type-post","status-publish","format-standard","has-post-thumbnail","hentry","category-a-la-une","category-monde"],"aioseo_notices":[],"yoast_head":"<!-- This site is optimized with the Yoast SEO plugin v27.4 - https:\/\/yoast.com\/product\/yoast-seo-wordpress\/ -->\n<title>L\u2019Iran affirme s\u2019\u00eatre pr\u00e9par\u00e9 \u00e0 au moins six mois de conflit\u00a0: La guerre au Moyen-Orient s&rsquo;inscrit-elle dans la dur\u00e9e ? - La Sentinelle<\/title>\n<meta name=\"robots\" content=\"index, follow, max-snippet:-1, max-image-preview:large, max-video-preview:-1\" \/>\n<link rel=\"canonical\" href=\"https:\/\/lasentinelle.dz\/index.php\/2026\/03\/08\/liran-affirme-setre-prepare-a-au-moins-six-mois-de-conflit-la-guerre-au-moyen-orient-sinscrit-elle-dans-la-duree\/\" \/>\n<meta property=\"og:locale\" content=\"fr_FR\" \/>\n<meta property=\"og:type\" content=\"article\" \/>\n<meta property=\"og:title\" content=\"L\u2019Iran affirme s\u2019\u00eatre pr\u00e9par\u00e9 \u00e0 au moins six mois de conflit\u00a0: La guerre au Moyen-Orient s&rsquo;inscrit-elle dans la dur\u00e9e ? - La Sentinelle\" \/>\n<meta property=\"og:description\" content=\"Face \u00e0 l&rsquo;offensive am\u00e9ricano-isra\u00e9lienne, l&rsquo;Iran se dit pr\u00eat \u00e0 tenir sur la dur\u00e9e. Un porte-parole des Gardiens de la R\u00e9volution,\" \/>\n<meta property=\"og:url\" content=\"https:\/\/lasentinelle.dz\/index.php\/2026\/03\/08\/liran-affirme-setre-prepare-a-au-moins-six-mois-de-conflit-la-guerre-au-moyen-orient-sinscrit-elle-dans-la-duree\/\" \/>\n<meta property=\"og:site_name\" content=\"La Sentinelle\" \/>\n<meta property=\"article:publisher\" content=\"https:\/\/www.facebook.com\/La-Sentinelle-104059864394773\" \/>\n<meta property=\"article:published_time\" content=\"2026-03-08T19:12:31+00:00\" \/>\n<meta property=\"article:modified_time\" content=\"2026-03-08T19:12:32+00:00\" \/>\n<meta property=\"og:image\" content=\"https:\/\/lasentinelle.dz\/wp-content\/uploads\/2025\/06\/Iran.jpeg\" \/>\n\t<meta property=\"og:image:width\" content=\"900\" \/>\n\t<meta property=\"og:image:height\" content=\"675\" \/>\n\t<meta property=\"og:image:type\" content=\"image\/jpeg\" \/>\n<meta name=\"author\" content=\"admin\" \/>\n<meta name=\"twitter:card\" content=\"summary_large_image\" \/>\n<meta name=\"twitter:label1\" content=\"\u00c9crit par\" \/>\n\t<meta name=\"twitter:data1\" content=\"admin\" \/>\n\t<meta name=\"twitter:label2\" content=\"Dur\u00e9e de lecture estim\u00e9e\" \/>\n\t<meta name=\"twitter:data2\" content=\"10 minutes\" \/>\n<script type=\"application\/ld+json\" class=\"yoast-schema-graph\">{\"@context\":\"https:\\\/\\\/schema.org\",\"@graph\":[{\"@type\":\"Article\",\"@id\":\"https:\\\/\\\/lasentinelle.dz\\\/index.php\\\/2026\\\/03\\\/08\\\/liran-affirme-setre-prepare-a-au-moins-six-mois-de-conflit-la-guerre-au-moyen-orient-sinscrit-elle-dans-la-duree\\\/#article\",\"isPartOf\":{\"@id\":\"https:\\\/\\\/lasentinelle.dz\\\/index.php\\\/2026\\\/03\\\/08\\\/liran-affirme-setre-prepare-a-au-moins-six-mois-de-conflit-la-guerre-au-moyen-orient-sinscrit-elle-dans-la-duree\\\/\"},\"author\":{\"name\":\"admin\",\"@id\":\"https:\\\/\\\/lasentinelle.dz\\\/#\\\/schema\\\/person\\\/729ee0024f24e0b8c5ec17232f8e8b41\"},\"headline\":\"L\u2019Iran affirme s\u2019\u00eatre pr\u00e9par\u00e9 \u00e0 au moins six mois de conflit\u00a0: La guerre au Moyen-Orient s&rsquo;inscrit-elle dans la dur\u00e9e ?\",\"datePublished\":\"2026-03-08T19:12:31+00:00\",\"dateModified\":\"2026-03-08T19:12:32+00:00\",\"mainEntityOfPage\":{\"@id\":\"https:\\\/\\\/lasentinelle.dz\\\/index.php\\\/2026\\\/03\\\/08\\\/liran-affirme-setre-prepare-a-au-moins-six-mois-de-conflit-la-guerre-au-moyen-orient-sinscrit-elle-dans-la-duree\\\/\"},\"wordCount\":2283,\"commentCount\":0,\"publisher\":{\"@id\":\"https:\\\/\\\/lasentinelle.dz\\\/#organization\"},\"image\":{\"@id\":\"https:\\\/\\\/lasentinelle.dz\\\/index.php\\\/2026\\\/03\\\/08\\\/liran-affirme-setre-prepare-a-au-moins-six-mois-de-conflit-la-guerre-au-moyen-orient-sinscrit-elle-dans-la-duree\\\/#primaryimage\"},\"thumbnailUrl\":\"https:\\\/\\\/lasentinelle.dz\\\/wp-content\\\/uploads\\\/2025\\\/06\\\/Iran.jpeg\",\"articleSection\":[\"\u00c0 la Une\",\"Monde\"],\"inLanguage\":\"fr-FR\",\"potentialAction\":[{\"@type\":\"CommentAction\",\"name\":\"Comment\",\"target\":[\"https:\\\/\\\/lasentinelle.dz\\\/index.php\\\/2026\\\/03\\\/08\\\/liran-affirme-setre-prepare-a-au-moins-six-mois-de-conflit-la-guerre-au-moyen-orient-sinscrit-elle-dans-la-duree\\\/#respond\"]}]},{\"@type\":\"WebPage\",\"@id\":\"https:\\\/\\\/lasentinelle.dz\\\/index.php\\\/2026\\\/03\\\/08\\\/liran-affirme-setre-prepare-a-au-moins-six-mois-de-conflit-la-guerre-au-moyen-orient-sinscrit-elle-dans-la-duree\\\/\",\"url\":\"https:\\\/\\\/lasentinelle.dz\\\/index.php\\\/2026\\\/03\\\/08\\\/liran-affirme-setre-prepare-a-au-moins-six-mois-de-conflit-la-guerre-au-moyen-orient-sinscrit-elle-dans-la-duree\\\/\",\"name\":\"L\u2019Iran affirme s\u2019\u00eatre pr\u00e9par\u00e9 \u00e0 au moins six mois de conflit\u00a0: La guerre au Moyen-Orient s&rsquo;inscrit-elle dans la dur\u00e9e ? - La Sentinelle\",\"isPartOf\":{\"@id\":\"https:\\\/\\\/lasentinelle.dz\\\/#website\"},\"primaryImageOfPage\":{\"@id\":\"https:\\\/\\\/lasentinelle.dz\\\/index.php\\\/2026\\\/03\\\/08\\\/liran-affirme-setre-prepare-a-au-moins-six-mois-de-conflit-la-guerre-au-moyen-orient-sinscrit-elle-dans-la-duree\\\/#primaryimage\"},\"image\":{\"@id\":\"https:\\\/\\\/lasentinelle.dz\\\/index.php\\\/2026\\\/03\\\/08\\\/liran-affirme-setre-prepare-a-au-moins-six-mois-de-conflit-la-guerre-au-moyen-orient-sinscrit-elle-dans-la-duree\\\/#primaryimage\"},\"thumbnailUrl\":\"https:\\\/\\\/lasentinelle.dz\\\/wp-content\\\/uploads\\\/2025\\\/06\\\/Iran.jpeg\",\"datePublished\":\"2026-03-08T19:12:31+00:00\",\"dateModified\":\"2026-03-08T19:12:32+00:00\",\"breadcrumb\":{\"@id\":\"https:\\\/\\\/lasentinelle.dz\\\/index.php\\\/2026\\\/03\\\/08\\\/liran-affirme-setre-prepare-a-au-moins-six-mois-de-conflit-la-guerre-au-moyen-orient-sinscrit-elle-dans-la-duree\\\/#breadcrumb\"},\"inLanguage\":\"fr-FR\",\"potentialAction\":[{\"@type\":\"ReadAction\",\"target\":[\"https:\\\/\\\/lasentinelle.dz\\\/index.php\\\/2026\\\/03\\\/08\\\/liran-affirme-setre-prepare-a-au-moins-six-mois-de-conflit-la-guerre-au-moyen-orient-sinscrit-elle-dans-la-duree\\\/\"]}]},{\"@type\":\"ImageObject\",\"inLanguage\":\"fr-FR\",\"@id\":\"https:\\\/\\\/lasentinelle.dz\\\/index.php\\\/2026\\\/03\\\/08\\\/liran-affirme-setre-prepare-a-au-moins-six-mois-de-conflit-la-guerre-au-moyen-orient-sinscrit-elle-dans-la-duree\\\/#primaryimage\",\"url\":\"https:\\\/\\\/lasentinelle.dz\\\/wp-content\\\/uploads\\\/2025\\\/06\\\/Iran.jpeg\",\"contentUrl\":\"https:\\\/\\\/lasentinelle.dz\\\/wp-content\\\/uploads\\\/2025\\\/06\\\/Iran.jpeg\",\"width\":900,\"height\":675},{\"@type\":\"BreadcrumbList\",\"@id\":\"https:\\\/\\\/lasentinelle.dz\\\/index.php\\\/2026\\\/03\\\/08\\\/liran-affirme-setre-prepare-a-au-moins-six-mois-de-conflit-la-guerre-au-moyen-orient-sinscrit-elle-dans-la-duree\\\/#breadcrumb\",\"itemListElement\":[{\"@type\":\"ListItem\",\"position\":1,\"name\":\"Accueil\",\"item\":\"https:\\\/\\\/lasentinelle.dz\\\/\"},{\"@type\":\"ListItem\",\"position\":2,\"name\":\"L\u2019Iran affirme s\u2019\u00eatre pr\u00e9par\u00e9 \u00e0 au moins six mois de conflit\u00a0: La guerre au Moyen-Orient s&rsquo;inscrit-elle dans la dur\u00e9e ?\"}]},{\"@type\":\"WebSite\",\"@id\":\"https:\\\/\\\/lasentinelle.dz\\\/#website\",\"url\":\"https:\\\/\\\/lasentinelle.dz\\\/\",\"name\":\"La Sentinelle\",\"description\":\"Quotidien national d&#039;information\",\"publisher\":{\"@id\":\"https:\\\/\\\/lasentinelle.dz\\\/#organization\"},\"potentialAction\":[{\"@type\":\"SearchAction\",\"target\":{\"@type\":\"EntryPoint\",\"urlTemplate\":\"https:\\\/\\\/lasentinelle.dz\\\/?s={search_term_string}\"},\"query-input\":{\"@type\":\"PropertyValueSpecification\",\"valueRequired\":true,\"valueName\":\"search_term_string\"}}],\"inLanguage\":\"fr-FR\"},{\"@type\":\"Organization\",\"@id\":\"https:\\\/\\\/lasentinelle.dz\\\/#organization\",\"name\":\"Quotidien La Sentinelle\",\"url\":\"https:\\\/\\\/lasentinelle.dz\\\/\",\"logo\":{\"@type\":\"ImageObject\",\"inLanguage\":\"fr-FR\",\"@id\":\"https:\\\/\\\/lasentinelle.dz\\\/#\\\/schema\\\/logo\\\/image\\\/\",\"url\":\"https:\\\/\\\/lasentinelle.dz\\\/wp-content\\\/uploads\\\/2021\\\/09\\\/logo-sentinelleSLOGAN-1.png\",\"contentUrl\":\"https:\\\/\\\/lasentinelle.dz\\\/wp-content\\\/uploads\\\/2021\\\/09\\\/logo-sentinelleSLOGAN-1.png\",\"width\":615,\"height\":142,\"caption\":\"Quotidien La Sentinelle\"},\"image\":{\"@id\":\"https:\\\/\\\/lasentinelle.dz\\\/#\\\/schema\\\/logo\\\/image\\\/\"},\"sameAs\":[\"https:\\\/\\\/www.facebook.com\\\/La-Sentinelle-104059864394773\"]},{\"@type\":\"Person\",\"@id\":\"https:\\\/\\\/lasentinelle.dz\\\/#\\\/schema\\\/person\\\/729ee0024f24e0b8c5ec17232f8e8b41\",\"name\":\"admin\",\"image\":{\"@type\":\"ImageObject\",\"inLanguage\":\"fr-FR\",\"@id\":\"https:\\\/\\\/secure.gravatar.com\\\/avatar\\\/4c81fed838786e9b53f540bf46533e750f5d292099ae3b66cfc6fb1982e29df7?s=96&d=mm&r=g\",\"url\":\"https:\\\/\\\/secure.gravatar.com\\\/avatar\\\/4c81fed838786e9b53f540bf46533e750f5d292099ae3b66cfc6fb1982e29df7?s=96&d=mm&r=g\",\"contentUrl\":\"https:\\\/\\\/secure.gravatar.com\\\/avatar\\\/4c81fed838786e9b53f540bf46533e750f5d292099ae3b66cfc6fb1982e29df7?s=96&d=mm&r=g\",\"caption\":\"admin\"},\"description\":\"admin\",\"url\":\"https:\\\/\\\/lasentinelle.dz\\\/author\\\/admin\\\/\"}]}<\/script>\n<!-- \/ Yoast SEO plugin. -->","yoast_head_json":{"title":"L\u2019Iran affirme s\u2019\u00eatre pr\u00e9par\u00e9 \u00e0 au moins six mois de conflit\u00a0: La guerre au Moyen-Orient s&rsquo;inscrit-elle dans la dur\u00e9e ? - La Sentinelle","robots":{"index":"index","follow":"follow","max-snippet":"max-snippet:-1","max-image-preview":"max-image-preview:large","max-video-preview":"max-video-preview:-1"},"canonical":"https:\/\/lasentinelle.dz\/index.php\/2026\/03\/08\/liran-affirme-setre-prepare-a-au-moins-six-mois-de-conflit-la-guerre-au-moyen-orient-sinscrit-elle-dans-la-duree\/","og_locale":"fr_FR","og_type":"article","og_title":"L\u2019Iran affirme s\u2019\u00eatre pr\u00e9par\u00e9 \u00e0 au moins six mois de conflit\u00a0: La guerre au Moyen-Orient s&rsquo;inscrit-elle dans la dur\u00e9e ? - La Sentinelle","og_description":"Face \u00e0 l&rsquo;offensive am\u00e9ricano-isra\u00e9lienne, l&rsquo;Iran se dit pr\u00eat \u00e0 tenir sur la dur\u00e9e. Un porte-parole des Gardiens de la R\u00e9volution,","og_url":"https:\/\/lasentinelle.dz\/index.php\/2026\/03\/08\/liran-affirme-setre-prepare-a-au-moins-six-mois-de-conflit-la-guerre-au-moyen-orient-sinscrit-elle-dans-la-duree\/","og_site_name":"La Sentinelle","article_publisher":"https:\/\/www.facebook.com\/La-Sentinelle-104059864394773","article_published_time":"2026-03-08T19:12:31+00:00","article_modified_time":"2026-03-08T19:12:32+00:00","og_image":[{"width":900,"height":675,"url":"https:\/\/lasentinelle.dz\/wp-content\/uploads\/2025\/06\/Iran.jpeg","type":"image\/jpeg"}],"author":"admin","twitter_card":"summary_large_image","twitter_misc":{"\u00c9crit par":"admin","Dur\u00e9e de lecture estim\u00e9e":"10 minutes"},"schema":{"@context":"https:\/\/schema.org","@graph":[{"@type":"Article","@id":"https:\/\/lasentinelle.dz\/index.php\/2026\/03\/08\/liran-affirme-setre-prepare-a-au-moins-six-mois-de-conflit-la-guerre-au-moyen-orient-sinscrit-elle-dans-la-duree\/#article","isPartOf":{"@id":"https:\/\/lasentinelle.dz\/index.php\/2026\/03\/08\/liran-affirme-setre-prepare-a-au-moins-six-mois-de-conflit-la-guerre-au-moyen-orient-sinscrit-elle-dans-la-duree\/"},"author":{"name":"admin","@id":"https:\/\/lasentinelle.dz\/#\/schema\/person\/729ee0024f24e0b8c5ec17232f8e8b41"},"headline":"L\u2019Iran affirme s\u2019\u00eatre pr\u00e9par\u00e9 \u00e0 au moins six mois de conflit\u00a0: La guerre au Moyen-Orient s&rsquo;inscrit-elle dans la dur\u00e9e ?","datePublished":"2026-03-08T19:12:31+00:00","dateModified":"2026-03-08T19:12:32+00:00","mainEntityOfPage":{"@id":"https:\/\/lasentinelle.dz\/index.php\/2026\/03\/08\/liran-affirme-setre-prepare-a-au-moins-six-mois-de-conflit-la-guerre-au-moyen-orient-sinscrit-elle-dans-la-duree\/"},"wordCount":2283,"commentCount":0,"publisher":{"@id":"https:\/\/lasentinelle.dz\/#organization"},"image":{"@id":"https:\/\/lasentinelle.dz\/index.php\/2026\/03\/08\/liran-affirme-setre-prepare-a-au-moins-six-mois-de-conflit-la-guerre-au-moyen-orient-sinscrit-elle-dans-la-duree\/#primaryimage"},"thumbnailUrl":"https:\/\/lasentinelle.dz\/wp-content\/uploads\/2025\/06\/Iran.jpeg","articleSection":["\u00c0 la Une","Monde"],"inLanguage":"fr-FR","potentialAction":[{"@type":"CommentAction","name":"Comment","target":["https:\/\/lasentinelle.dz\/index.php\/2026\/03\/08\/liran-affirme-setre-prepare-a-au-moins-six-mois-de-conflit-la-guerre-au-moyen-orient-sinscrit-elle-dans-la-duree\/#respond"]}]},{"@type":"WebPage","@id":"https:\/\/lasentinelle.dz\/index.php\/2026\/03\/08\/liran-affirme-setre-prepare-a-au-moins-six-mois-de-conflit-la-guerre-au-moyen-orient-sinscrit-elle-dans-la-duree\/","url":"https:\/\/lasentinelle.dz\/index.php\/2026\/03\/08\/liran-affirme-setre-prepare-a-au-moins-six-mois-de-conflit-la-guerre-au-moyen-orient-sinscrit-elle-dans-la-duree\/","name":"L\u2019Iran affirme s\u2019\u00eatre pr\u00e9par\u00e9 \u00e0 au moins six mois de conflit\u00a0: La guerre au Moyen-Orient s&rsquo;inscrit-elle dans la dur\u00e9e ? - La Sentinelle","isPartOf":{"@id":"https:\/\/lasentinelle.dz\/#website"},"primaryImageOfPage":{"@id":"https:\/\/lasentinelle.dz\/index.php\/2026\/03\/08\/liran-affirme-setre-prepare-a-au-moins-six-mois-de-conflit-la-guerre-au-moyen-orient-sinscrit-elle-dans-la-duree\/#primaryimage"},"image":{"@id":"https:\/\/lasentinelle.dz\/index.php\/2026\/03\/08\/liran-affirme-setre-prepare-a-au-moins-six-mois-de-conflit-la-guerre-au-moyen-orient-sinscrit-elle-dans-la-duree\/#primaryimage"},"thumbnailUrl":"https:\/\/lasentinelle.dz\/wp-content\/uploads\/2025\/06\/Iran.jpeg","datePublished":"2026-03-08T19:12:31+00:00","dateModified":"2026-03-08T19:12:32+00:00","breadcrumb":{"@id":"https:\/\/lasentinelle.dz\/index.php\/2026\/03\/08\/liran-affirme-setre-prepare-a-au-moins-six-mois-de-conflit-la-guerre-au-moyen-orient-sinscrit-elle-dans-la-duree\/#breadcrumb"},"inLanguage":"fr-FR","potentialAction":[{"@type":"ReadAction","target":["https:\/\/lasentinelle.dz\/index.php\/2026\/03\/08\/liran-affirme-setre-prepare-a-au-moins-six-mois-de-conflit-la-guerre-au-moyen-orient-sinscrit-elle-dans-la-duree\/"]}]},{"@type":"ImageObject","inLanguage":"fr-FR","@id":"https:\/\/lasentinelle.dz\/index.php\/2026\/03\/08\/liran-affirme-setre-prepare-a-au-moins-six-mois-de-conflit-la-guerre-au-moyen-orient-sinscrit-elle-dans-la-duree\/#primaryimage","url":"https:\/\/lasentinelle.dz\/wp-content\/uploads\/2025\/06\/Iran.jpeg","contentUrl":"https:\/\/lasentinelle.dz\/wp-content\/uploads\/2025\/06\/Iran.jpeg","width":900,"height":675},{"@type":"BreadcrumbList","@id":"https:\/\/lasentinelle.dz\/index.php\/2026\/03\/08\/liran-affirme-setre-prepare-a-au-moins-six-mois-de-conflit-la-guerre-au-moyen-orient-sinscrit-elle-dans-la-duree\/#breadcrumb","itemListElement":[{"@type":"ListItem","position":1,"name":"Accueil","item":"https:\/\/lasentinelle.dz\/"},{"@type":"ListItem","position":2,"name":"L\u2019Iran affirme s\u2019\u00eatre pr\u00e9par\u00e9 \u00e0 au moins six mois de conflit\u00a0: La guerre au Moyen-Orient s&rsquo;inscrit-elle dans la dur\u00e9e ?"}]},{"@type":"WebSite","@id":"https:\/\/lasentinelle.dz\/#website","url":"https:\/\/lasentinelle.dz\/","name":"La Sentinelle","description":"Quotidien national d&#039;information","publisher":{"@id":"https:\/\/lasentinelle.dz\/#organization"},"potentialAction":[{"@type":"SearchAction","target":{"@type":"EntryPoint","urlTemplate":"https:\/\/lasentinelle.dz\/?s={search_term_string}"},"query-input":{"@type":"PropertyValueSpecification","valueRequired":true,"valueName":"search_term_string"}}],"inLanguage":"fr-FR"},{"@type":"Organization","@id":"https:\/\/lasentinelle.dz\/#organization","name":"Quotidien La Sentinelle","url":"https:\/\/lasentinelle.dz\/","logo":{"@type":"ImageObject","inLanguage":"fr-FR","@id":"https:\/\/lasentinelle.dz\/#\/schema\/logo\/image\/","url":"https:\/\/lasentinelle.dz\/wp-content\/uploads\/2021\/09\/logo-sentinelleSLOGAN-1.png","contentUrl":"https:\/\/lasentinelle.dz\/wp-content\/uploads\/2021\/09\/logo-sentinelleSLOGAN-1.png","width":615,"height":142,"caption":"Quotidien La Sentinelle"},"image":{"@id":"https:\/\/lasentinelle.dz\/#\/schema\/logo\/image\/"},"sameAs":["https:\/\/www.facebook.com\/La-Sentinelle-104059864394773"]},{"@type":"Person","@id":"https:\/\/lasentinelle.dz\/#\/schema\/person\/729ee0024f24e0b8c5ec17232f8e8b41","name":"admin","image":{"@type":"ImageObject","inLanguage":"fr-FR","@id":"https:\/\/secure.gravatar.com\/avatar\/4c81fed838786e9b53f540bf46533e750f5d292099ae3b66cfc6fb1982e29df7?s=96&d=mm&r=g","url":"https:\/\/secure.gravatar.com\/avatar\/4c81fed838786e9b53f540bf46533e750f5d292099ae3b66cfc6fb1982e29df7?s=96&d=mm&r=g","contentUrl":"https:\/\/secure.gravatar.com\/avatar\/4c81fed838786e9b53f540bf46533e750f5d292099ae3b66cfc6fb1982e29df7?s=96&d=mm&r=g","caption":"admin"},"description":"admin","url":"https:\/\/lasentinelle.dz\/author\/admin\/"}]}},"_links":{"self":[{"href":"https:\/\/lasentinelle.dz\/index.php\/wp-json\/wp\/v2\/posts\/83058","targetHints":{"allow":["GET"]}}],"collection":[{"href":"https:\/\/lasentinelle.dz\/index.php\/wp-json\/wp\/v2\/posts"}],"about":[{"href":"https:\/\/lasentinelle.dz\/index.php\/wp-json\/wp\/v2\/types\/post"}],"author":[{"embeddable":true,"href":"https:\/\/lasentinelle.dz\/index.php\/wp-json\/wp\/v2\/users\/6"}],"replies":[{"embeddable":true,"href":"https:\/\/lasentinelle.dz\/index.php\/wp-json\/wp\/v2\/comments?post=83058"}],"version-history":[{"count":2,"href":"https:\/\/lasentinelle.dz\/index.php\/wp-json\/wp\/v2\/posts\/83058\/revisions"}],"predecessor-version":[{"id":83060,"href":"https:\/\/lasentinelle.dz\/index.php\/wp-json\/wp\/v2\/posts\/83058\/revisions\/83060"}],"wp:featuredmedia":[{"embeddable":true,"href":"https:\/\/lasentinelle.dz\/index.php\/wp-json\/wp\/v2\/media\/68874"}],"wp:attachment":[{"href":"https:\/\/lasentinelle.dz\/index.php\/wp-json\/wp\/v2\/media?parent=83058"}],"wp:term":[{"taxonomy":"category","embeddable":true,"href":"https:\/\/lasentinelle.dz\/index.php\/wp-json\/wp\/v2\/categories?post=83058"},{"taxonomy":"post_tag","embeddable":true,"href":"https:\/\/lasentinelle.dz\/index.php\/wp-json\/wp\/v2\/tags?post=83058"}],"curies":[{"name":"wp","href":"https:\/\/api.w.org\/{rel}","templated":true}]}}