{"id":83106,"date":"2026-03-08T20:33:45","date_gmt":"2026-03-08T19:33:45","guid":{"rendered":"https:\/\/lasentinelle.dz\/?p=83106"},"modified":"2026-03-08T20:33:46","modified_gmt":"2026-03-08T19:33:46","slug":"hommages-a-la-femme-algerienne-a-loccasion-du-8-mars-de-la-lutte-de-liberation-aux-defis-daujourdhui","status":"publish","type":"post","link":"https:\/\/lasentinelle.dz\/index.php\/2026\/03\/08\/hommages-a-la-femme-algerienne-a-loccasion-du-8-mars-de-la-lutte-de-liberation-aux-defis-daujourdhui\/","title":{"rendered":"Hommages \u00e0 la femme alg\u00e9rienne \u00e0 l&rsquo;occasion du 8 mars\u00a0: De la lutte de lib\u00e9ration aux d\u00e9fis d&rsquo;aujourd&rsquo;hui"},"content":{"rendered":"\n<p><em>Les plus hautes autorit\u00e9s du pays ont c\u00e9l\u00e9br\u00e9 dimanche la Journ\u00e9e internationale des femmes en saluant le parcours \u00ab\u00a0militant et honorable\u00a0\u00bb de la femme alg\u00e9rienne, depuis la guerre d&rsquo;ind\u00e9pendance jusqu&rsquo;\u00e0 sa participation croissante aux responsabilit\u00e9s de l&rsquo;\u00c9tat, avec pr\u00e8s d&rsquo;une magistrate sur deux et plus de 20.000 femmes dans la S\u00fbret\u00e9 nationale.<\/em> L&rsquo;Alg\u00e9rie a rendu un hommage appuy\u00e9 \u00e0 ses femmes ce 8 mars 2026, multipliant les c\u00e9r\u00e9monies de distinction au sein de ses plus hautes institutions. Du Conseil de la Nation au minist\u00e8re de l&rsquo;Int\u00e9rieur, en passant par celui de la Justice, responsables politiques et cadres de l&rsquo;\u00c9tat ont converg\u00e9 dans leur reconnaissance du r\u00f4le historique et contemporain de la femme alg\u00e9rienne dans la construction nationale. Au si\u00e8ge du S\u00e9nat, le pr\u00e9sident du Conseil de la Nation, Azouz Nasri, a pr\u00e9sid\u00e9 une c\u00e9r\u00e9monie distinguant cadres, fonctionnaires, anciennes membres de l&rsquo;institution et professionnelles des m\u00e9dias. Dans son allocution, il a affirm\u00e9 que cette journ\u00e9e constituait \u00ab\u00a0une occasion de rappeler le parcours militant de la femme alg\u00e9rienne, et ses contributions historiques dans le processus de lib\u00e9ration et d&rsquo;\u00e9dification\u00a0\u00bb, soulignant qu&rsquo;elle \u00ab\u00a0a toujours \u00e9t\u00e9 un exemple de sacrifice et de nationalisme\u00a0\u00bb. Nasri a particuli\u00e8rement insist\u00e9 sur \u00ab\u00a0les immenses sacrifices de la femme alg\u00e9rienne durant la R\u00e9volution nationale\u00a0\u00bb, rendant hommage aux martyres tomb\u00e9es pour l&rsquo;ind\u00e9pendance.<\/p>\n\n\n\n<p>Le pr\u00e9sident du Conseil de la Nation a \u00e9galement soulign\u00e9 les avanc\u00e9es r\u00e9centes, affirmant que \u00ab\u00a0la promotion du statut de la femme dans le processus de r\u00e9forme et de d\u00e9veloppement initi\u00e9 par l&rsquo;\u00c9tat alg\u00e9rien sous la conduite du pr\u00e9sident de la R\u00e9publique, Abdelmadjid Tebboune, vise \u00e0 renforcer les valeurs de dignit\u00e9 humaine, d&rsquo;\u00e9galit\u00e9 et d&rsquo;\u00e9quit\u00e9\u00a0\u00bb. Selon lui, l&rsquo;Alg\u00e9rie \u00ab\u00a0poursuit aujourd&rsquo;hui les efforts pour la consolidation de la place de la femme et son autonomisation dans les diff\u00e9rents domaines politique, \u00e9conomique et social\u00a0\u00bb, la femme \u00e9tant devenue \u00ab\u00a0une force active au sein de la soci\u00e9t\u00e9 et un partenaire essentiel dans le processus d&rsquo;\u00e9dification et de d\u00e9veloppement national\u00a0\u00bb. De son c\u00f4t\u00e9, le ministre de l&rsquo;Int\u00e9rieur, des Collectivit\u00e9s locales et des Transports, Sa\u00efd Sayoud, a pr\u00e9sid\u00e9 samedi soir une c\u00e9r\u00e9monie \u00e0 l&rsquo;\u00c9cole sup\u00e9rieure de Police Ali-Tounsi, distinguant moudjahidate, ministres, cadres sup\u00e9rieures de la S\u00fbret\u00e9 nationale et journalistes. Il a d\u00e9clar\u00e9 que \u00ab\u00a0le 8 mars n&rsquo;est pas seulement une date sur le calendrier, mais une \u00e9tape symbolique mondiale pour rendre hommage \u00e0 la femme et c\u00e9l\u00e9brer sa lutte et ses multiples contributions et apports dans divers domaines de la vie\u00a0\u00bb. Sayoud a particuli\u00e8rement mis en avant la pr\u00e9sence f\u00e9minine dans les institutions s\u00e9curitaires, r\u00e9v\u00e9lant que le corps de la S\u00fbret\u00e9 nationale compte d\u00e9sormais 20.833 femmes \u00ab\u00a0accomplissant leurs missions avec professionnalisme et comp\u00e9tence dans diverses sp\u00e9cialit\u00e9s s\u00e9curitaires et de leadership\u00a0\u00bb. Le ministre a soulign\u00e9 que \u00ab\u00a0la femme alg\u00e9rienne demeure un mod\u00e8le d&rsquo;h\u00e9ro\u00efsme et de sacrifice, ayant \u00e9crit des pages lumineuses dans le parcours de lib\u00e9ration et d&rsquo;\u00e9dification de l&rsquo;\u00c9tat\u00a0\u00bb, saluant \u00ab\u00a0toutes ces femmes pionni\u00e8res qui ont fait la gloire de l&rsquo;Alg\u00e9rie et ancr\u00e9 les valeurs de fid\u00e9lit\u00e9 \u00e0 la patrie\u00a0\u00bb.<\/p>\n\n\n\n<p>Selon lui, \u00ab\u00a0la femme a su occuper des postes de responsabilit\u00e9, contribuant avec efficacit\u00e9 et comp\u00e9tence au renforcement de la s\u00e9curit\u00e9 et au service de la soci\u00e9t\u00e9, parall\u00e8lement \u00e0 son r\u00f4le fondamental dans la construction de la famille et l&rsquo;ancrage des valeurs nationales\u00a0\u00bb. Il a attribu\u00e9 ces progr\u00e8s \u00e0 \u00ab\u00a0la vision judicieuse et au soutien continu qu&rsquo;accorde le pr\u00e9sident de la R\u00e9publique, Abdelmadjid Tebboune, \u00e0 la femme alg\u00e9rienne, en ouvrant des horizons plus larges aux comp\u00e9tences f\u00e9minines\u00a0\u00bb. Au minist\u00e8re de la Justice, le garde des Sceaux Lotfi Boudjemaa a \u00e9galement pr\u00e9sid\u00e9 dimanche une c\u00e9r\u00e9monie distinguant magistrates et fonctionnaires de son secteur. Il a livr\u00e9 des chiffres r\u00e9v\u00e9lateurs de la f\u00e9minisation de l&rsquo;institution judiciaire : \u00ab\u00a0le taux des femmes magistrates au niveau national s&rsquo;\u00e9l\u00e8ve \u00e0 49,22 %, tandis que celui des femmes fonctionnaires du secteur de la justice est de 60,06 %, et un taux de 71,19 % de femmes fonctionnaires du greffe\u00a0\u00bb. Ces statistiques refl\u00e8tent, selon le minist\u00e8re, \u00ab\u00a0la contribution active de la femme au bon fonctionnement du service public de la justice, en tant que pilier essentiel du syst\u00e8me judiciaire\u00a0\u00bb. Ces c\u00e9l\u00e9brations traduisent la volont\u00e9 affich\u00e9e des autorit\u00e9s alg\u00e9riennes de valoriser le double h\u00e9ritage de la femme alg\u00e9rienne : celui de la combattante de la guerre de lib\u00e9ration et celui de l&rsquo;actrice contemporaine du d\u00e9veloppement national, occupant d\u00e9sormais des postes de haute responsabilit\u00e9 dans l&rsquo;appareil d&rsquo;\u00c9tat.<\/p>\n\n\n\n<p>Chokri Hafed<\/p>\n","protected":false},"excerpt":{"rendered":"<p>Les plus hautes autorit\u00e9s du pays ont c\u00e9l\u00e9br\u00e9 dimanche la Journ\u00e9e internationale des femmes en saluant le parcours \u00ab\u00a0militant et<\/p>\n","protected":false},"author":6,"featured_media":67572,"comment_status":"open","ping_status":"closed","sticky":false,"template":"","format":"standard","meta":{"colormag_page_container_layout":"default_layout","colormag_page_sidebar_layout":"default_layout","om_disable_all_campaigns":false,"_monsterinsights_skip_tracking":false,"_monsterinsights_sitenote_active":false,"_monsterinsights_sitenote_note":"","_monsterinsights_sitenote_category":0,"footnotes":"","_wpscppro_dont_share_socialmedia":false,"_wpscppro_custom_social_share_image":0,"_facebook_share_type":"default","_twitter_share_type":"default","_linkedin_share_type":"default","_pinterest_share_type":"default","_linkedin_share_type_page":"","_instagram_share_type":"default","_medium_share_type":"default","_threads_share_type":"default","_google_business_share_type":"default","_selected_social_profile":[],"_wpsp_enable_custom_social_template":false,"_wpsp_social_scheduling":{"enabled":false,"datetime":null,"platforms":[],"status":"template_only","dateOption":"today","timeOption":"now","customDays":"","customHours":"","customDate":"","customTime":"","schedulingType":"absolute"},"_wpsp_active_default_template":true},"categories":[27],"tags":[],"class_list":["post-83106","post","type-post","status-publish","format-standard","has-post-thumbnail","hentry","category-actualite"],"aioseo_notices":[],"yoast_head":"<!-- This site is optimized with the Yoast SEO plugin v27.4 - https:\/\/yoast.com\/product\/yoast-seo-wordpress\/ -->\n<title>Hommages \u00e0 la femme alg\u00e9rienne \u00e0 l&rsquo;occasion du 8 mars\u00a0: De la lutte de lib\u00e9ration aux d\u00e9fis d&rsquo;aujourd&rsquo;hui - La Sentinelle<\/title>\n<meta name=\"robots\" content=\"index, follow, max-snippet:-1, max-image-preview:large, max-video-preview:-1\" \/>\n<link rel=\"canonical\" href=\"https:\/\/lasentinelle.dz\/index.php\/2026\/03\/08\/hommages-a-la-femme-algerienne-a-loccasion-du-8-mars-de-la-lutte-de-liberation-aux-defis-daujourdhui\/\" \/>\n<meta property=\"og:locale\" content=\"fr_FR\" \/>\n<meta property=\"og:type\" content=\"article\" \/>\n<meta property=\"og:title\" content=\"Hommages \u00e0 la femme alg\u00e9rienne \u00e0 l&rsquo;occasion du 8 mars\u00a0: De la lutte de lib\u00e9ration aux d\u00e9fis d&rsquo;aujourd&rsquo;hui - La Sentinelle\" \/>\n<meta property=\"og:description\" content=\"Les plus hautes autorit\u00e9s du pays ont c\u00e9l\u00e9br\u00e9 dimanche la Journ\u00e9e internationale des femmes en saluant le parcours \u00ab\u00a0militant et\" \/>\n<meta property=\"og:url\" content=\"https:\/\/lasentinelle.dz\/index.php\/2026\/03\/08\/hommages-a-la-femme-algerienne-a-loccasion-du-8-mars-de-la-lutte-de-liberation-aux-defis-daujourdhui\/\" \/>\n<meta property=\"og:site_name\" content=\"La Sentinelle\" \/>\n<meta property=\"article:publisher\" content=\"https:\/\/www.facebook.com\/La-Sentinelle-104059864394773\" \/>\n<meta property=\"article:published_time\" content=\"2026-03-08T19:33:45+00:00\" \/>\n<meta property=\"article:modified_time\" content=\"2026-03-08T19:33:46+00:00\" \/>\n<meta property=\"og:image\" content=\"https:\/\/lasentinelle.dz\/wp-content\/uploads\/2025\/05\/Azouz-Nasri.webp\" \/>\n\t<meta property=\"og:image:width\" content=\"672\" \/>\n\t<meta property=\"og:image:height\" content=\"449\" \/>\n\t<meta property=\"og:image:type\" content=\"image\/webp\" \/>\n<meta name=\"author\" content=\"admin\" \/>\n<meta name=\"twitter:card\" content=\"summary_large_image\" \/>\n<meta name=\"twitter:label1\" content=\"\u00c9crit par\" \/>\n\t<meta name=\"twitter:data1\" content=\"admin\" \/>\n\t<meta name=\"twitter:label2\" content=\"Dur\u00e9e de lecture estim\u00e9e\" \/>\n\t<meta name=\"twitter:data2\" content=\"4 minutes\" \/>\n<script type=\"application\/ld+json\" class=\"yoast-schema-graph\">{\"@context\":\"https:\\\/\\\/schema.org\",\"@graph\":[{\"@type\":\"Article\",\"@id\":\"https:\\\/\\\/lasentinelle.dz\\\/index.php\\\/2026\\\/03\\\/08\\\/hommages-a-la-femme-algerienne-a-loccasion-du-8-mars-de-la-lutte-de-liberation-aux-defis-daujourdhui\\\/#article\",\"isPartOf\":{\"@id\":\"https:\\\/\\\/lasentinelle.dz\\\/index.php\\\/2026\\\/03\\\/08\\\/hommages-a-la-femme-algerienne-a-loccasion-du-8-mars-de-la-lutte-de-liberation-aux-defis-daujourdhui\\\/\"},\"author\":{\"name\":\"admin\",\"@id\":\"https:\\\/\\\/lasentinelle.dz\\\/#\\\/schema\\\/person\\\/729ee0024f24e0b8c5ec17232f8e8b41\"},\"headline\":\"Hommages \u00e0 la femme alg\u00e9rienne \u00e0 l&rsquo;occasion du 8 mars\u00a0: De la lutte de lib\u00e9ration aux d\u00e9fis d&rsquo;aujourd&rsquo;hui\",\"datePublished\":\"2026-03-08T19:33:45+00:00\",\"dateModified\":\"2026-03-08T19:33:46+00:00\",\"mainEntityOfPage\":{\"@id\":\"https:\\\/\\\/lasentinelle.dz\\\/index.php\\\/2026\\\/03\\\/08\\\/hommages-a-la-femme-algerienne-a-loccasion-du-8-mars-de-la-lutte-de-liberation-aux-defis-daujourdhui\\\/\"},\"wordCount\":856,\"commentCount\":0,\"publisher\":{\"@id\":\"https:\\\/\\\/lasentinelle.dz\\\/#organization\"},\"image\":{\"@id\":\"https:\\\/\\\/lasentinelle.dz\\\/index.php\\\/2026\\\/03\\\/08\\\/hommages-a-la-femme-algerienne-a-loccasion-du-8-mars-de-la-lutte-de-liberation-aux-defis-daujourdhui\\\/#primaryimage\"},\"thumbnailUrl\":\"https:\\\/\\\/lasentinelle.dz\\\/wp-content\\\/uploads\\\/2025\\\/05\\\/Azouz-Nasri.webp\",\"articleSection\":[\"Actualit\u00e9\"],\"inLanguage\":\"fr-FR\",\"potentialAction\":[{\"@type\":\"CommentAction\",\"name\":\"Comment\",\"target\":[\"https:\\\/\\\/lasentinelle.dz\\\/index.php\\\/2026\\\/03\\\/08\\\/hommages-a-la-femme-algerienne-a-loccasion-du-8-mars-de-la-lutte-de-liberation-aux-defis-daujourdhui\\\/#respond\"]}]},{\"@type\":\"WebPage\",\"@id\":\"https:\\\/\\\/lasentinelle.dz\\\/index.php\\\/2026\\\/03\\\/08\\\/hommages-a-la-femme-algerienne-a-loccasion-du-8-mars-de-la-lutte-de-liberation-aux-defis-daujourdhui\\\/\",\"url\":\"https:\\\/\\\/lasentinelle.dz\\\/index.php\\\/2026\\\/03\\\/08\\\/hommages-a-la-femme-algerienne-a-loccasion-du-8-mars-de-la-lutte-de-liberation-aux-defis-daujourdhui\\\/\",\"name\":\"Hommages \u00e0 la femme alg\u00e9rienne \u00e0 l&rsquo;occasion du 8 mars\u00a0: De la lutte de lib\u00e9ration aux d\u00e9fis d&rsquo;aujourd&rsquo;hui - La Sentinelle\",\"isPartOf\":{\"@id\":\"https:\\\/\\\/lasentinelle.dz\\\/#website\"},\"primaryImageOfPage\":{\"@id\":\"https:\\\/\\\/lasentinelle.dz\\\/index.php\\\/2026\\\/03\\\/08\\\/hommages-a-la-femme-algerienne-a-loccasion-du-8-mars-de-la-lutte-de-liberation-aux-defis-daujourdhui\\\/#primaryimage\"},\"image\":{\"@id\":\"https:\\\/\\\/lasentinelle.dz\\\/index.php\\\/2026\\\/03\\\/08\\\/hommages-a-la-femme-algerienne-a-loccasion-du-8-mars-de-la-lutte-de-liberation-aux-defis-daujourdhui\\\/#primaryimage\"},\"thumbnailUrl\":\"https:\\\/\\\/lasentinelle.dz\\\/wp-content\\\/uploads\\\/2025\\\/05\\\/Azouz-Nasri.webp\",\"datePublished\":\"2026-03-08T19:33:45+00:00\",\"dateModified\":\"2026-03-08T19:33:46+00:00\",\"breadcrumb\":{\"@id\":\"https:\\\/\\\/lasentinelle.dz\\\/index.php\\\/2026\\\/03\\\/08\\\/hommages-a-la-femme-algerienne-a-loccasion-du-8-mars-de-la-lutte-de-liberation-aux-defis-daujourdhui\\\/#breadcrumb\"},\"inLanguage\":\"fr-FR\",\"potentialAction\":[{\"@type\":\"ReadAction\",\"target\":[\"https:\\\/\\\/lasentinelle.dz\\\/index.php\\\/2026\\\/03\\\/08\\\/hommages-a-la-femme-algerienne-a-loccasion-du-8-mars-de-la-lutte-de-liberation-aux-defis-daujourdhui\\\/\"]}]},{\"@type\":\"ImageObject\",\"inLanguage\":\"fr-FR\",\"@id\":\"https:\\\/\\\/lasentinelle.dz\\\/index.php\\\/2026\\\/03\\\/08\\\/hommages-a-la-femme-algerienne-a-loccasion-du-8-mars-de-la-lutte-de-liberation-aux-defis-daujourdhui\\\/#primaryimage\",\"url\":\"https:\\\/\\\/lasentinelle.dz\\\/wp-content\\\/uploads\\\/2025\\\/05\\\/Azouz-Nasri.webp\",\"contentUrl\":\"https:\\\/\\\/lasentinelle.dz\\\/wp-content\\\/uploads\\\/2025\\\/05\\\/Azouz-Nasri.webp\",\"width\":672,\"height\":449},{\"@type\":\"BreadcrumbList\",\"@id\":\"https:\\\/\\\/lasentinelle.dz\\\/index.php\\\/2026\\\/03\\\/08\\\/hommages-a-la-femme-algerienne-a-loccasion-du-8-mars-de-la-lutte-de-liberation-aux-defis-daujourdhui\\\/#breadcrumb\",\"itemListElement\":[{\"@type\":\"ListItem\",\"position\":1,\"name\":\"Accueil\",\"item\":\"https:\\\/\\\/lasentinelle.dz\\\/\"},{\"@type\":\"ListItem\",\"position\":2,\"name\":\"Hommages \u00e0 la femme alg\u00e9rienne \u00e0 l&rsquo;occasion du 8 mars\u00a0: De la lutte de lib\u00e9ration aux d\u00e9fis d&rsquo;aujourd&rsquo;hui\"}]},{\"@type\":\"WebSite\",\"@id\":\"https:\\\/\\\/lasentinelle.dz\\\/#website\",\"url\":\"https:\\\/\\\/lasentinelle.dz\\\/\",\"name\":\"La Sentinelle\",\"description\":\"Quotidien national d&#039;information\",\"publisher\":{\"@id\":\"https:\\\/\\\/lasentinelle.dz\\\/#organization\"},\"potentialAction\":[{\"@type\":\"SearchAction\",\"target\":{\"@type\":\"EntryPoint\",\"urlTemplate\":\"https:\\\/\\\/lasentinelle.dz\\\/?s={search_term_string}\"},\"query-input\":{\"@type\":\"PropertyValueSpecification\",\"valueRequired\":true,\"valueName\":\"search_term_string\"}}],\"inLanguage\":\"fr-FR\"},{\"@type\":\"Organization\",\"@id\":\"https:\\\/\\\/lasentinelle.dz\\\/#organization\",\"name\":\"Quotidien La Sentinelle\",\"url\":\"https:\\\/\\\/lasentinelle.dz\\\/\",\"logo\":{\"@type\":\"ImageObject\",\"inLanguage\":\"fr-FR\",\"@id\":\"https:\\\/\\\/lasentinelle.dz\\\/#\\\/schema\\\/logo\\\/image\\\/\",\"url\":\"https:\\\/\\\/lasentinelle.dz\\\/wp-content\\\/uploads\\\/2021\\\/09\\\/logo-sentinelleSLOGAN-1.png\",\"contentUrl\":\"https:\\\/\\\/lasentinelle.dz\\\/wp-content\\\/uploads\\\/2021\\\/09\\\/logo-sentinelleSLOGAN-1.png\",\"width\":615,\"height\":142,\"caption\":\"Quotidien La Sentinelle\"},\"image\":{\"@id\":\"https:\\\/\\\/lasentinelle.dz\\\/#\\\/schema\\\/logo\\\/image\\\/\"},\"sameAs\":[\"https:\\\/\\\/www.facebook.com\\\/La-Sentinelle-104059864394773\"]},{\"@type\":\"Person\",\"@id\":\"https:\\\/\\\/lasentinelle.dz\\\/#\\\/schema\\\/person\\\/729ee0024f24e0b8c5ec17232f8e8b41\",\"name\":\"admin\",\"image\":{\"@type\":\"ImageObject\",\"inLanguage\":\"fr-FR\",\"@id\":\"https:\\\/\\\/secure.gravatar.com\\\/avatar\\\/4c81fed838786e9b53f540bf46533e750f5d292099ae3b66cfc6fb1982e29df7?s=96&d=mm&r=g\",\"url\":\"https:\\\/\\\/secure.gravatar.com\\\/avatar\\\/4c81fed838786e9b53f540bf46533e750f5d292099ae3b66cfc6fb1982e29df7?s=96&d=mm&r=g\",\"contentUrl\":\"https:\\\/\\\/secure.gravatar.com\\\/avatar\\\/4c81fed838786e9b53f540bf46533e750f5d292099ae3b66cfc6fb1982e29df7?s=96&d=mm&r=g\",\"caption\":\"admin\"},\"description\":\"admin\",\"url\":\"https:\\\/\\\/lasentinelle.dz\\\/author\\\/admin\\\/\"}]}<\/script>\n<!-- \/ Yoast SEO plugin. -->","yoast_head_json":{"title":"Hommages \u00e0 la femme alg\u00e9rienne \u00e0 l&rsquo;occasion du 8 mars\u00a0: De la lutte de lib\u00e9ration aux d\u00e9fis d&rsquo;aujourd&rsquo;hui - La Sentinelle","robots":{"index":"index","follow":"follow","max-snippet":"max-snippet:-1","max-image-preview":"max-image-preview:large","max-video-preview":"max-video-preview:-1"},"canonical":"https:\/\/lasentinelle.dz\/index.php\/2026\/03\/08\/hommages-a-la-femme-algerienne-a-loccasion-du-8-mars-de-la-lutte-de-liberation-aux-defis-daujourdhui\/","og_locale":"fr_FR","og_type":"article","og_title":"Hommages \u00e0 la femme alg\u00e9rienne \u00e0 l&rsquo;occasion du 8 mars\u00a0: De la lutte de lib\u00e9ration aux d\u00e9fis d&rsquo;aujourd&rsquo;hui - La Sentinelle","og_description":"Les plus hautes autorit\u00e9s du pays ont c\u00e9l\u00e9br\u00e9 dimanche la Journ\u00e9e internationale des femmes en saluant le parcours \u00ab\u00a0militant et","og_url":"https:\/\/lasentinelle.dz\/index.php\/2026\/03\/08\/hommages-a-la-femme-algerienne-a-loccasion-du-8-mars-de-la-lutte-de-liberation-aux-defis-daujourdhui\/","og_site_name":"La Sentinelle","article_publisher":"https:\/\/www.facebook.com\/La-Sentinelle-104059864394773","article_published_time":"2026-03-08T19:33:45+00:00","article_modified_time":"2026-03-08T19:33:46+00:00","og_image":[{"width":672,"height":449,"url":"https:\/\/lasentinelle.dz\/wp-content\/uploads\/2025\/05\/Azouz-Nasri.webp","type":"image\/webp"}],"author":"admin","twitter_card":"summary_large_image","twitter_misc":{"\u00c9crit par":"admin","Dur\u00e9e de lecture estim\u00e9e":"4 minutes"},"schema":{"@context":"https:\/\/schema.org","@graph":[{"@type":"Article","@id":"https:\/\/lasentinelle.dz\/index.php\/2026\/03\/08\/hommages-a-la-femme-algerienne-a-loccasion-du-8-mars-de-la-lutte-de-liberation-aux-defis-daujourdhui\/#article","isPartOf":{"@id":"https:\/\/lasentinelle.dz\/index.php\/2026\/03\/08\/hommages-a-la-femme-algerienne-a-loccasion-du-8-mars-de-la-lutte-de-liberation-aux-defis-daujourdhui\/"},"author":{"name":"admin","@id":"https:\/\/lasentinelle.dz\/#\/schema\/person\/729ee0024f24e0b8c5ec17232f8e8b41"},"headline":"Hommages \u00e0 la femme alg\u00e9rienne \u00e0 l&rsquo;occasion du 8 mars\u00a0: De la lutte de lib\u00e9ration aux d\u00e9fis d&rsquo;aujourd&rsquo;hui","datePublished":"2026-03-08T19:33:45+00:00","dateModified":"2026-03-08T19:33:46+00:00","mainEntityOfPage":{"@id":"https:\/\/lasentinelle.dz\/index.php\/2026\/03\/08\/hommages-a-la-femme-algerienne-a-loccasion-du-8-mars-de-la-lutte-de-liberation-aux-defis-daujourdhui\/"},"wordCount":856,"commentCount":0,"publisher":{"@id":"https:\/\/lasentinelle.dz\/#organization"},"image":{"@id":"https:\/\/lasentinelle.dz\/index.php\/2026\/03\/08\/hommages-a-la-femme-algerienne-a-loccasion-du-8-mars-de-la-lutte-de-liberation-aux-defis-daujourdhui\/#primaryimage"},"thumbnailUrl":"https:\/\/lasentinelle.dz\/wp-content\/uploads\/2025\/05\/Azouz-Nasri.webp","articleSection":["Actualit\u00e9"],"inLanguage":"fr-FR","potentialAction":[{"@type":"CommentAction","name":"Comment","target":["https:\/\/lasentinelle.dz\/index.php\/2026\/03\/08\/hommages-a-la-femme-algerienne-a-loccasion-du-8-mars-de-la-lutte-de-liberation-aux-defis-daujourdhui\/#respond"]}]},{"@type":"WebPage","@id":"https:\/\/lasentinelle.dz\/index.php\/2026\/03\/08\/hommages-a-la-femme-algerienne-a-loccasion-du-8-mars-de-la-lutte-de-liberation-aux-defis-daujourdhui\/","url":"https:\/\/lasentinelle.dz\/index.php\/2026\/03\/08\/hommages-a-la-femme-algerienne-a-loccasion-du-8-mars-de-la-lutte-de-liberation-aux-defis-daujourdhui\/","name":"Hommages \u00e0 la femme alg\u00e9rienne \u00e0 l&rsquo;occasion du 8 mars\u00a0: De la lutte de lib\u00e9ration aux d\u00e9fis d&rsquo;aujourd&rsquo;hui - La Sentinelle","isPartOf":{"@id":"https:\/\/lasentinelle.dz\/#website"},"primaryImageOfPage":{"@id":"https:\/\/lasentinelle.dz\/index.php\/2026\/03\/08\/hommages-a-la-femme-algerienne-a-loccasion-du-8-mars-de-la-lutte-de-liberation-aux-defis-daujourdhui\/#primaryimage"},"image":{"@id":"https:\/\/lasentinelle.dz\/index.php\/2026\/03\/08\/hommages-a-la-femme-algerienne-a-loccasion-du-8-mars-de-la-lutte-de-liberation-aux-defis-daujourdhui\/#primaryimage"},"thumbnailUrl":"https:\/\/lasentinelle.dz\/wp-content\/uploads\/2025\/05\/Azouz-Nasri.webp","datePublished":"2026-03-08T19:33:45+00:00","dateModified":"2026-03-08T19:33:46+00:00","breadcrumb":{"@id":"https:\/\/lasentinelle.dz\/index.php\/2026\/03\/08\/hommages-a-la-femme-algerienne-a-loccasion-du-8-mars-de-la-lutte-de-liberation-aux-defis-daujourdhui\/#breadcrumb"},"inLanguage":"fr-FR","potentialAction":[{"@type":"ReadAction","target":["https:\/\/lasentinelle.dz\/index.php\/2026\/03\/08\/hommages-a-la-femme-algerienne-a-loccasion-du-8-mars-de-la-lutte-de-liberation-aux-defis-daujourdhui\/"]}]},{"@type":"ImageObject","inLanguage":"fr-FR","@id":"https:\/\/lasentinelle.dz\/index.php\/2026\/03\/08\/hommages-a-la-femme-algerienne-a-loccasion-du-8-mars-de-la-lutte-de-liberation-aux-defis-daujourdhui\/#primaryimage","url":"https:\/\/lasentinelle.dz\/wp-content\/uploads\/2025\/05\/Azouz-Nasri.webp","contentUrl":"https:\/\/lasentinelle.dz\/wp-content\/uploads\/2025\/05\/Azouz-Nasri.webp","width":672,"height":449},{"@type":"BreadcrumbList","@id":"https:\/\/lasentinelle.dz\/index.php\/2026\/03\/08\/hommages-a-la-femme-algerienne-a-loccasion-du-8-mars-de-la-lutte-de-liberation-aux-defis-daujourdhui\/#breadcrumb","itemListElement":[{"@type":"ListItem","position":1,"name":"Accueil","item":"https:\/\/lasentinelle.dz\/"},{"@type":"ListItem","position":2,"name":"Hommages \u00e0 la femme alg\u00e9rienne \u00e0 l&rsquo;occasion du 8 mars\u00a0: De la lutte de lib\u00e9ration aux d\u00e9fis d&rsquo;aujourd&rsquo;hui"}]},{"@type":"WebSite","@id":"https:\/\/lasentinelle.dz\/#website","url":"https:\/\/lasentinelle.dz\/","name":"La Sentinelle","description":"Quotidien national d&#039;information","publisher":{"@id":"https:\/\/lasentinelle.dz\/#organization"},"potentialAction":[{"@type":"SearchAction","target":{"@type":"EntryPoint","urlTemplate":"https:\/\/lasentinelle.dz\/?s={search_term_string}"},"query-input":{"@type":"PropertyValueSpecification","valueRequired":true,"valueName":"search_term_string"}}],"inLanguage":"fr-FR"},{"@type":"Organization","@id":"https:\/\/lasentinelle.dz\/#organization","name":"Quotidien La Sentinelle","url":"https:\/\/lasentinelle.dz\/","logo":{"@type":"ImageObject","inLanguage":"fr-FR","@id":"https:\/\/lasentinelle.dz\/#\/schema\/logo\/image\/","url":"https:\/\/lasentinelle.dz\/wp-content\/uploads\/2021\/09\/logo-sentinelleSLOGAN-1.png","contentUrl":"https:\/\/lasentinelle.dz\/wp-content\/uploads\/2021\/09\/logo-sentinelleSLOGAN-1.png","width":615,"height":142,"caption":"Quotidien La Sentinelle"},"image":{"@id":"https:\/\/lasentinelle.dz\/#\/schema\/logo\/image\/"},"sameAs":["https:\/\/www.facebook.com\/La-Sentinelle-104059864394773"]},{"@type":"Person","@id":"https:\/\/lasentinelle.dz\/#\/schema\/person\/729ee0024f24e0b8c5ec17232f8e8b41","name":"admin","image":{"@type":"ImageObject","inLanguage":"fr-FR","@id":"https:\/\/secure.gravatar.com\/avatar\/4c81fed838786e9b53f540bf46533e750f5d292099ae3b66cfc6fb1982e29df7?s=96&d=mm&r=g","url":"https:\/\/secure.gravatar.com\/avatar\/4c81fed838786e9b53f540bf46533e750f5d292099ae3b66cfc6fb1982e29df7?s=96&d=mm&r=g","contentUrl":"https:\/\/secure.gravatar.com\/avatar\/4c81fed838786e9b53f540bf46533e750f5d292099ae3b66cfc6fb1982e29df7?s=96&d=mm&r=g","caption":"admin"},"description":"admin","url":"https:\/\/lasentinelle.dz\/author\/admin\/"}]}},"_links":{"self":[{"href":"https:\/\/lasentinelle.dz\/index.php\/wp-json\/wp\/v2\/posts\/83106","targetHints":{"allow":["GET"]}}],"collection":[{"href":"https:\/\/lasentinelle.dz\/index.php\/wp-json\/wp\/v2\/posts"}],"about":[{"href":"https:\/\/lasentinelle.dz\/index.php\/wp-json\/wp\/v2\/types\/post"}],"author":[{"embeddable":true,"href":"https:\/\/lasentinelle.dz\/index.php\/wp-json\/wp\/v2\/users\/6"}],"replies":[{"embeddable":true,"href":"https:\/\/lasentinelle.dz\/index.php\/wp-json\/wp\/v2\/comments?post=83106"}],"version-history":[{"count":2,"href":"https:\/\/lasentinelle.dz\/index.php\/wp-json\/wp\/v2\/posts\/83106\/revisions"}],"predecessor-version":[{"id":83108,"href":"https:\/\/lasentinelle.dz\/index.php\/wp-json\/wp\/v2\/posts\/83106\/revisions\/83108"}],"wp:featuredmedia":[{"embeddable":true,"href":"https:\/\/lasentinelle.dz\/index.php\/wp-json\/wp\/v2\/media\/67572"}],"wp:attachment":[{"href":"https:\/\/lasentinelle.dz\/index.php\/wp-json\/wp\/v2\/media?parent=83106"}],"wp:term":[{"taxonomy":"category","embeddable":true,"href":"https:\/\/lasentinelle.dz\/index.php\/wp-json\/wp\/v2\/categories?post=83106"},{"taxonomy":"post_tag","embeddable":true,"href":"https:\/\/lasentinelle.dz\/index.php\/wp-json\/wp\/v2\/tags?post=83106"}],"curies":[{"name":"wp","href":"https:\/\/api.w.org\/{rel}","templated":true}]}}