{"id":83112,"date":"2026-03-08T20:35:54","date_gmt":"2026-03-08T19:35:54","guid":{"rendered":"https:\/\/lasentinelle.dz\/?p=83112"},"modified":"2026-03-08T20:35:55","modified_gmt":"2026-03-08T19:35:55","slug":"la-scene-politique-sanime-en-cette-deuxieme-quinzaine-du-ramadhan-taj-resserre-les-rangs-le-rnd-courtise-la-diaspora","status":"publish","type":"post","link":"https:\/\/lasentinelle.dz\/index.php\/2026\/03\/08\/la-scene-politique-sanime-en-cette-deuxieme-quinzaine-du-ramadhan-taj-resserre-les-rangs-le-rnd-courtise-la-diaspora\/","title":{"rendered":"La sc\u00e8ne politique s\u2019anime en cette deuxi\u00e8me quinzaine du Ramadhan\u00a0: TAJ resserre les rangs, le RND courtise la diaspora"},"content":{"rendered":"\n<p>Le Ramadan, mois de recueillement et de fraternit\u00e9, s&rsquo;impose depuis quelques jours comme une saison \u00e0 part enti\u00e8re dans le calendrier politique. Les partis prennent l\u2019habitude &nbsp;d&rsquo;organiser des iftars collectifs qui font office, \u00e0 la fois, de moments de communion avec les militants et de tribunes pour d\u00e9livrer des messages \u00e0 port\u00e9e nationale. Samedi, deux formations de la majorit\u00e9 ont tenu de tels rendez-vous dans des registres diff\u00e9rents, mais avec un fil conducteur identique : l&rsquo;affirmation de la coh\u00e9sion nationale et le renforcement des structures partisanes. &nbsp;C&rsquo;est dans la commune de Merdja Sidi Abed, aux abords de Relizane, que la pr\u00e9sidente du TAJ, Mme Fatima Zohra Zerouati, a r\u00e9uni, samedi soir, les militants de son parti dans la wilaya. La rencontre, organis\u00e9e autour d&rsquo;un iftar, s&rsquo;est tenue sous un slogan aux accents volontaristes : <em>\u00ab Nos valeurs sont notre force et l&rsquo;unit\u00e9 de notre nation est notre responsabilit\u00e9 \u00bb<\/em>. Une formule qui r\u00e9sume bien l&rsquo;atmosph\u00e8re g\u00e9n\u00e9rale d&rsquo;une r\u00e9union plac\u00e9e sous le signe de la vigilance et du rassemblement. Prenant la parole devant une assistance compos\u00e9e de cadres et militants locaux du parti, Mme Zerouati a soulign\u00e9 que &nbsp;la conjoncture internationale impose une vigilance redoubl\u00e9e. <em>\u00ab Les \u00e9volutions et transformations que conna\u00eet le monde exigent de renforcer et de consolider l&rsquo;unit\u00e9 nationale et de b\u00e2tir un tissu solide et fort capable de faire face \u00e0 toute \u00e9ventualit\u00e9 et aux d\u00e9fis ext\u00e9rieurs \u00bb<\/em>, a-t-elle d\u00e9clar\u00e9, sans pr\u00e9ciser davantage la nature de ces d\u00e9fis, mais dans un contexte g\u00e9opolitique r\u00e9gional marqu\u00e9 par les tensions persistantes avec le Maroc, les instabilit\u00e9s au Sahel et les reconfigurations en cours au Moyen-Orient. La pr\u00e9sidente du TAJ a ensuite d\u00e9clin\u00e9 ce th\u00e8me s\u00e9curitaire \u00e0 l&rsquo;\u00e9chelle de la soci\u00e9t\u00e9 civile, insistant sur la responsabilit\u00e9 collective dans la pr\u00e9servation de la stabilit\u00e9 du pays. <em>\u00ab La protection de la patrie est une responsabilit\u00e9 collective, n\u00e9cessitant de tous l&rsquo;attachement aux valeurs nationales, le resserrement des rangs et l&rsquo;union comme un rempart contre tout ce qui pourrait \u00e9branler l&rsquo;unit\u00e9 et la coh\u00e9sion nationale, afin de pr\u00e9server le pays des diff\u00e9rents plans et menaces qui le guettent \u00bb<\/em>, a-t-elle martel\u00e9.<\/p>\n\n\n\n<p>Au-del\u00e0, Mme Zerouati a abord\u00e9 un sujet qui mobilise de plus en plus les formations politiques alg\u00e9riennes : la vuln\u00e9rabilit\u00e9 de la jeunesse face aux nouvelles formes de d\u00e9sinformation. La dirigeante du TAJ a appel\u00e9 \u00e0 intensifier les efforts de sensibilisation envers les enfants et les jeunes, qu&rsquo;elle a d\u00e9crits comme expos\u00e9s \u00e0 de <em>\u00ab diverses fl\u00e9aux sociaux \u00bb<\/em>, mais aussi aux <em>\u00ab crimes num\u00e9riques et \u00e9lectroniques qui diffusent des rumeurs et des id\u00e9es n\u00e9gatives et destructrices \u00bb<\/em>. Une r\u00e9f\u00e9rence \u00e0 peine voil\u00e9e aux r\u00e9seaux sociaux et aux campagnes d&rsquo;influence en ligne qui alimentent une d\u00e9stabilisation de l&rsquo;opinion publique nationale.<\/p>\n\n\n\n<p>C&rsquo;est dans la capitale europ\u00e9enne Bruxelles que le RND tenait son propre iftar du Ramadan. Le secr\u00e9taire g\u00e9n\u00e9ral du parti, M. Monder Bouden, a pr\u00e9sid\u00e9 la rencontre avec des membres de la communaut\u00e9 alg\u00e9rienne \u00e9tablie en Belgique, dans une initiative que le communiqu\u00e9 du parti a pr\u00e9sent\u00e9 comme s&rsquo;inscrivant dans <em>\u00ab le cadre du renforcement des liens de communication avec les membres de la communaut\u00e9 nationale \u00e0 l&rsquo;\u00e9tranger et de la consolidation des relations avec les comp\u00e9tences alg\u00e9riennes \u00e9tablies en Europe, \u00e0 travers l&rsquo;ouverture d&rsquo;espaces de dialogue direct et l&rsquo;\u00e9coute de leurs pr\u00e9occupations et aspirations \u00bb<\/em>.<\/p>\n\n\n\n<p>Le choix de Bruxelles n&rsquo;est pas anodin. La capitale belge abrite l&rsquo;une des plus importantes communaut\u00e9s alg\u00e9riennes d&rsquo;Europe, forte de plusieurs dizaines de milliers de ressortissants, aux profils tr\u00e8s divers. Au-del\u00e0 du moment convivial de l&rsquo;iftar, la rencontre bruxelloise a \u00e9t\u00e9 l&rsquo;occasion d&rsquo;aborder des sujets de fond, notamment la contribution que la diaspora alg\u00e9rienne pourrait apporter au d\u00e9veloppement national. Selon le communiqu\u00e9 du RND, les \u00e9changes ont port\u00e9 sur les <em>\u00ab moyens \u00e0 m\u00eame de renforcer la contribution de la diaspora au processus de d\u00e9veloppement national et de tirer parti de ses expertises et exp\u00e9riences dans divers domaines scientifiques, \u00e9conomiques et culturels, en vue de consolider les liens avec la m\u00e8re patrie et d&rsquo;ancrer l&rsquo;esprit d&rsquo;appartenance et de responsabilit\u00e9 commune envers l&rsquo;avenir de l&rsquo;Alg\u00e9rie \u00bb<\/em>.<\/p>\n\n\n\n<p>Hocine Fadheli<\/p>\n","protected":false},"excerpt":{"rendered":"<p>Le Ramadan, mois de recueillement et de fraternit\u00e9, s&rsquo;impose depuis quelques jours comme une saison \u00e0 part enti\u00e8re dans le<\/p>\n","protected":false},"author":6,"featured_media":69586,"comment_status":"open","ping_status":"closed","sticky":false,"template":"","format":"standard","meta":{"colormag_page_container_layout":"default_layout","colormag_page_sidebar_layout":"default_layout","om_disable_all_campaigns":false,"_monsterinsights_skip_tracking":false,"_monsterinsights_sitenote_active":false,"_monsterinsights_sitenote_note":"","_monsterinsights_sitenote_category":0,"footnotes":"","_wpscppro_dont_share_socialmedia":false,"_wpscppro_custom_social_share_image":0,"_facebook_share_type":"default","_twitter_share_type":"default","_linkedin_share_type":"default","_pinterest_share_type":"default","_linkedin_share_type_page":"","_instagram_share_type":"default","_medium_share_type":"default","_threads_share_type":"default","_google_business_share_type":"default","_selected_social_profile":[],"_wpsp_enable_custom_social_template":false,"_wpsp_social_scheduling":{"enabled":false,"datetime":null,"platforms":[],"status":"template_only","dateOption":"today","timeOption":"now","customDays":"","customHours":"","customDate":"","customTime":"","schedulingType":"absolute"},"_wpsp_active_default_template":true},"categories":[28],"tags":[],"class_list":["post-83112","post","type-post","status-publish","format-standard","has-post-thumbnail","hentry","category-politique"],"aioseo_notices":[],"yoast_head":"<!-- This site is optimized with the Yoast SEO plugin v27.4 - https:\/\/yoast.com\/product\/yoast-seo-wordpress\/ -->\n<title>La sc\u00e8ne politique s\u2019anime en cette deuxi\u00e8me quinzaine du Ramadhan\u00a0: TAJ resserre les rangs, le RND courtise la diaspora - La Sentinelle<\/title>\n<meta name=\"robots\" content=\"index, follow, max-snippet:-1, max-image-preview:large, max-video-preview:-1\" \/>\n<link rel=\"canonical\" href=\"https:\/\/lasentinelle.dz\/index.php\/2026\/03\/08\/la-scene-politique-sanime-en-cette-deuxieme-quinzaine-du-ramadhan-taj-resserre-les-rangs-le-rnd-courtise-la-diaspora\/\" \/>\n<meta property=\"og:locale\" content=\"fr_FR\" \/>\n<meta property=\"og:type\" content=\"article\" \/>\n<meta property=\"og:title\" content=\"La sc\u00e8ne politique s\u2019anime en cette deuxi\u00e8me quinzaine du Ramadhan\u00a0: TAJ resserre les rangs, le RND courtise la diaspora - La Sentinelle\" \/>\n<meta property=\"og:description\" content=\"Le Ramadan, mois de recueillement et de fraternit\u00e9, s&rsquo;impose depuis quelques jours comme une saison \u00e0 part enti\u00e8re dans le\" \/>\n<meta property=\"og:url\" content=\"https:\/\/lasentinelle.dz\/index.php\/2026\/03\/08\/la-scene-politique-sanime-en-cette-deuxieme-quinzaine-du-ramadhan-taj-resserre-les-rangs-le-rnd-courtise-la-diaspora\/\" \/>\n<meta property=\"og:site_name\" content=\"La Sentinelle\" \/>\n<meta property=\"article:publisher\" content=\"https:\/\/www.facebook.com\/La-Sentinelle-104059864394773\" \/>\n<meta property=\"article:published_time\" content=\"2026-03-08T19:35:54+00:00\" \/>\n<meta property=\"article:modified_time\" content=\"2026-03-08T19:35:55+00:00\" \/>\n<meta property=\"og:image\" content=\"https:\/\/lasentinelle.dz\/wp-content\/uploads\/2025\/06\/Bouden.jpg\" \/>\n\t<meta property=\"og:image:width\" content=\"2048\" \/>\n\t<meta property=\"og:image:height\" content=\"1366\" \/>\n\t<meta property=\"og:image:type\" content=\"image\/jpeg\" \/>\n<meta name=\"author\" content=\"admin\" \/>\n<meta name=\"twitter:card\" content=\"summary_large_image\" \/>\n<meta name=\"twitter:label1\" content=\"\u00c9crit par\" \/>\n\t<meta name=\"twitter:data1\" content=\"admin\" \/>\n\t<meta name=\"twitter:label2\" content=\"Dur\u00e9e de lecture estim\u00e9e\" \/>\n\t<meta name=\"twitter:data2\" content=\"4 minutes\" \/>\n<script type=\"application\/ld+json\" class=\"yoast-schema-graph\">{\"@context\":\"https:\\\/\\\/schema.org\",\"@graph\":[{\"@type\":\"Article\",\"@id\":\"https:\\\/\\\/lasentinelle.dz\\\/index.php\\\/2026\\\/03\\\/08\\\/la-scene-politique-sanime-en-cette-deuxieme-quinzaine-du-ramadhan-taj-resserre-les-rangs-le-rnd-courtise-la-diaspora\\\/#article\",\"isPartOf\":{\"@id\":\"https:\\\/\\\/lasentinelle.dz\\\/index.php\\\/2026\\\/03\\\/08\\\/la-scene-politique-sanime-en-cette-deuxieme-quinzaine-du-ramadhan-taj-resserre-les-rangs-le-rnd-courtise-la-diaspora\\\/\"},\"author\":{\"name\":\"admin\",\"@id\":\"https:\\\/\\\/lasentinelle.dz\\\/#\\\/schema\\\/person\\\/729ee0024f24e0b8c5ec17232f8e8b41\"},\"headline\":\"La sc\u00e8ne politique s\u2019anime en cette deuxi\u00e8me quinzaine du Ramadhan\u00a0: TAJ resserre les rangs, le RND courtise la diaspora\",\"datePublished\":\"2026-03-08T19:35:54+00:00\",\"dateModified\":\"2026-03-08T19:35:55+00:00\",\"mainEntityOfPage\":{\"@id\":\"https:\\\/\\\/lasentinelle.dz\\\/index.php\\\/2026\\\/03\\\/08\\\/la-scene-politique-sanime-en-cette-deuxieme-quinzaine-du-ramadhan-taj-resserre-les-rangs-le-rnd-courtise-la-diaspora\\\/\"},\"wordCount\":773,\"commentCount\":0,\"publisher\":{\"@id\":\"https:\\\/\\\/lasentinelle.dz\\\/#organization\"},\"image\":{\"@id\":\"https:\\\/\\\/lasentinelle.dz\\\/index.php\\\/2026\\\/03\\\/08\\\/la-scene-politique-sanime-en-cette-deuxieme-quinzaine-du-ramadhan-taj-resserre-les-rangs-le-rnd-courtise-la-diaspora\\\/#primaryimage\"},\"thumbnailUrl\":\"https:\\\/\\\/lasentinelle.dz\\\/wp-content\\\/uploads\\\/2025\\\/06\\\/Bouden.jpg\",\"articleSection\":[\"Politique\"],\"inLanguage\":\"fr-FR\",\"potentialAction\":[{\"@type\":\"CommentAction\",\"name\":\"Comment\",\"target\":[\"https:\\\/\\\/lasentinelle.dz\\\/index.php\\\/2026\\\/03\\\/08\\\/la-scene-politique-sanime-en-cette-deuxieme-quinzaine-du-ramadhan-taj-resserre-les-rangs-le-rnd-courtise-la-diaspora\\\/#respond\"]}]},{\"@type\":\"WebPage\",\"@id\":\"https:\\\/\\\/lasentinelle.dz\\\/index.php\\\/2026\\\/03\\\/08\\\/la-scene-politique-sanime-en-cette-deuxieme-quinzaine-du-ramadhan-taj-resserre-les-rangs-le-rnd-courtise-la-diaspora\\\/\",\"url\":\"https:\\\/\\\/lasentinelle.dz\\\/index.php\\\/2026\\\/03\\\/08\\\/la-scene-politique-sanime-en-cette-deuxieme-quinzaine-du-ramadhan-taj-resserre-les-rangs-le-rnd-courtise-la-diaspora\\\/\",\"name\":\"La sc\u00e8ne politique s\u2019anime en cette deuxi\u00e8me quinzaine du Ramadhan\u00a0: TAJ resserre les rangs, le RND courtise la diaspora - La Sentinelle\",\"isPartOf\":{\"@id\":\"https:\\\/\\\/lasentinelle.dz\\\/#website\"},\"primaryImageOfPage\":{\"@id\":\"https:\\\/\\\/lasentinelle.dz\\\/index.php\\\/2026\\\/03\\\/08\\\/la-scene-politique-sanime-en-cette-deuxieme-quinzaine-du-ramadhan-taj-resserre-les-rangs-le-rnd-courtise-la-diaspora\\\/#primaryimage\"},\"image\":{\"@id\":\"https:\\\/\\\/lasentinelle.dz\\\/index.php\\\/2026\\\/03\\\/08\\\/la-scene-politique-sanime-en-cette-deuxieme-quinzaine-du-ramadhan-taj-resserre-les-rangs-le-rnd-courtise-la-diaspora\\\/#primaryimage\"},\"thumbnailUrl\":\"https:\\\/\\\/lasentinelle.dz\\\/wp-content\\\/uploads\\\/2025\\\/06\\\/Bouden.jpg\",\"datePublished\":\"2026-03-08T19:35:54+00:00\",\"dateModified\":\"2026-03-08T19:35:55+00:00\",\"breadcrumb\":{\"@id\":\"https:\\\/\\\/lasentinelle.dz\\\/index.php\\\/2026\\\/03\\\/08\\\/la-scene-politique-sanime-en-cette-deuxieme-quinzaine-du-ramadhan-taj-resserre-les-rangs-le-rnd-courtise-la-diaspora\\\/#breadcrumb\"},\"inLanguage\":\"fr-FR\",\"potentialAction\":[{\"@type\":\"ReadAction\",\"target\":[\"https:\\\/\\\/lasentinelle.dz\\\/index.php\\\/2026\\\/03\\\/08\\\/la-scene-politique-sanime-en-cette-deuxieme-quinzaine-du-ramadhan-taj-resserre-les-rangs-le-rnd-courtise-la-diaspora\\\/\"]}]},{\"@type\":\"ImageObject\",\"inLanguage\":\"fr-FR\",\"@id\":\"https:\\\/\\\/lasentinelle.dz\\\/index.php\\\/2026\\\/03\\\/08\\\/la-scene-politique-sanime-en-cette-deuxieme-quinzaine-du-ramadhan-taj-resserre-les-rangs-le-rnd-courtise-la-diaspora\\\/#primaryimage\",\"url\":\"https:\\\/\\\/lasentinelle.dz\\\/wp-content\\\/uploads\\\/2025\\\/06\\\/Bouden.jpg\",\"contentUrl\":\"https:\\\/\\\/lasentinelle.dz\\\/wp-content\\\/uploads\\\/2025\\\/06\\\/Bouden.jpg\",\"width\":2048,\"height\":1366},{\"@type\":\"BreadcrumbList\",\"@id\":\"https:\\\/\\\/lasentinelle.dz\\\/index.php\\\/2026\\\/03\\\/08\\\/la-scene-politique-sanime-en-cette-deuxieme-quinzaine-du-ramadhan-taj-resserre-les-rangs-le-rnd-courtise-la-diaspora\\\/#breadcrumb\",\"itemListElement\":[{\"@type\":\"ListItem\",\"position\":1,\"name\":\"Accueil\",\"item\":\"https:\\\/\\\/lasentinelle.dz\\\/\"},{\"@type\":\"ListItem\",\"position\":2,\"name\":\"La sc\u00e8ne politique s\u2019anime en cette deuxi\u00e8me quinzaine du Ramadhan\u00a0: TAJ resserre les rangs, le RND courtise la diaspora\"}]},{\"@type\":\"WebSite\",\"@id\":\"https:\\\/\\\/lasentinelle.dz\\\/#website\",\"url\":\"https:\\\/\\\/lasentinelle.dz\\\/\",\"name\":\"La Sentinelle\",\"description\":\"Quotidien national d&#039;information\",\"publisher\":{\"@id\":\"https:\\\/\\\/lasentinelle.dz\\\/#organization\"},\"potentialAction\":[{\"@type\":\"SearchAction\",\"target\":{\"@type\":\"EntryPoint\",\"urlTemplate\":\"https:\\\/\\\/lasentinelle.dz\\\/?s={search_term_string}\"},\"query-input\":{\"@type\":\"PropertyValueSpecification\",\"valueRequired\":true,\"valueName\":\"search_term_string\"}}],\"inLanguage\":\"fr-FR\"},{\"@type\":\"Organization\",\"@id\":\"https:\\\/\\\/lasentinelle.dz\\\/#organization\",\"name\":\"Quotidien La Sentinelle\",\"url\":\"https:\\\/\\\/lasentinelle.dz\\\/\",\"logo\":{\"@type\":\"ImageObject\",\"inLanguage\":\"fr-FR\",\"@id\":\"https:\\\/\\\/lasentinelle.dz\\\/#\\\/schema\\\/logo\\\/image\\\/\",\"url\":\"https:\\\/\\\/lasentinelle.dz\\\/wp-content\\\/uploads\\\/2021\\\/09\\\/logo-sentinelleSLOGAN-1.png\",\"contentUrl\":\"https:\\\/\\\/lasentinelle.dz\\\/wp-content\\\/uploads\\\/2021\\\/09\\\/logo-sentinelleSLOGAN-1.png\",\"width\":615,\"height\":142,\"caption\":\"Quotidien La Sentinelle\"},\"image\":{\"@id\":\"https:\\\/\\\/lasentinelle.dz\\\/#\\\/schema\\\/logo\\\/image\\\/\"},\"sameAs\":[\"https:\\\/\\\/www.facebook.com\\\/La-Sentinelle-104059864394773\"]},{\"@type\":\"Person\",\"@id\":\"https:\\\/\\\/lasentinelle.dz\\\/#\\\/schema\\\/person\\\/729ee0024f24e0b8c5ec17232f8e8b41\",\"name\":\"admin\",\"image\":{\"@type\":\"ImageObject\",\"inLanguage\":\"fr-FR\",\"@id\":\"https:\\\/\\\/secure.gravatar.com\\\/avatar\\\/4c81fed838786e9b53f540bf46533e750f5d292099ae3b66cfc6fb1982e29df7?s=96&d=mm&r=g\",\"url\":\"https:\\\/\\\/secure.gravatar.com\\\/avatar\\\/4c81fed838786e9b53f540bf46533e750f5d292099ae3b66cfc6fb1982e29df7?s=96&d=mm&r=g\",\"contentUrl\":\"https:\\\/\\\/secure.gravatar.com\\\/avatar\\\/4c81fed838786e9b53f540bf46533e750f5d292099ae3b66cfc6fb1982e29df7?s=96&d=mm&r=g\",\"caption\":\"admin\"},\"description\":\"admin\",\"url\":\"https:\\\/\\\/lasentinelle.dz\\\/author\\\/admin\\\/\"}]}<\/script>\n<!-- \/ Yoast SEO plugin. -->","yoast_head_json":{"title":"La sc\u00e8ne politique s\u2019anime en cette deuxi\u00e8me quinzaine du Ramadhan\u00a0: TAJ resserre les rangs, le RND courtise la diaspora - La Sentinelle","robots":{"index":"index","follow":"follow","max-snippet":"max-snippet:-1","max-image-preview":"max-image-preview:large","max-video-preview":"max-video-preview:-1"},"canonical":"https:\/\/lasentinelle.dz\/index.php\/2026\/03\/08\/la-scene-politique-sanime-en-cette-deuxieme-quinzaine-du-ramadhan-taj-resserre-les-rangs-le-rnd-courtise-la-diaspora\/","og_locale":"fr_FR","og_type":"article","og_title":"La sc\u00e8ne politique s\u2019anime en cette deuxi\u00e8me quinzaine du Ramadhan\u00a0: TAJ resserre les rangs, le RND courtise la diaspora - La Sentinelle","og_description":"Le Ramadan, mois de recueillement et de fraternit\u00e9, s&rsquo;impose depuis quelques jours comme une saison \u00e0 part enti\u00e8re dans le","og_url":"https:\/\/lasentinelle.dz\/index.php\/2026\/03\/08\/la-scene-politique-sanime-en-cette-deuxieme-quinzaine-du-ramadhan-taj-resserre-les-rangs-le-rnd-courtise-la-diaspora\/","og_site_name":"La Sentinelle","article_publisher":"https:\/\/www.facebook.com\/La-Sentinelle-104059864394773","article_published_time":"2026-03-08T19:35:54+00:00","article_modified_time":"2026-03-08T19:35:55+00:00","og_image":[{"width":2048,"height":1366,"url":"https:\/\/lasentinelle.dz\/wp-content\/uploads\/2025\/06\/Bouden.jpg","type":"image\/jpeg"}],"author":"admin","twitter_card":"summary_large_image","twitter_misc":{"\u00c9crit par":"admin","Dur\u00e9e de lecture estim\u00e9e":"4 minutes"},"schema":{"@context":"https:\/\/schema.org","@graph":[{"@type":"Article","@id":"https:\/\/lasentinelle.dz\/index.php\/2026\/03\/08\/la-scene-politique-sanime-en-cette-deuxieme-quinzaine-du-ramadhan-taj-resserre-les-rangs-le-rnd-courtise-la-diaspora\/#article","isPartOf":{"@id":"https:\/\/lasentinelle.dz\/index.php\/2026\/03\/08\/la-scene-politique-sanime-en-cette-deuxieme-quinzaine-du-ramadhan-taj-resserre-les-rangs-le-rnd-courtise-la-diaspora\/"},"author":{"name":"admin","@id":"https:\/\/lasentinelle.dz\/#\/schema\/person\/729ee0024f24e0b8c5ec17232f8e8b41"},"headline":"La sc\u00e8ne politique s\u2019anime en cette deuxi\u00e8me quinzaine du Ramadhan\u00a0: TAJ resserre les rangs, le RND courtise la diaspora","datePublished":"2026-03-08T19:35:54+00:00","dateModified":"2026-03-08T19:35:55+00:00","mainEntityOfPage":{"@id":"https:\/\/lasentinelle.dz\/index.php\/2026\/03\/08\/la-scene-politique-sanime-en-cette-deuxieme-quinzaine-du-ramadhan-taj-resserre-les-rangs-le-rnd-courtise-la-diaspora\/"},"wordCount":773,"commentCount":0,"publisher":{"@id":"https:\/\/lasentinelle.dz\/#organization"},"image":{"@id":"https:\/\/lasentinelle.dz\/index.php\/2026\/03\/08\/la-scene-politique-sanime-en-cette-deuxieme-quinzaine-du-ramadhan-taj-resserre-les-rangs-le-rnd-courtise-la-diaspora\/#primaryimage"},"thumbnailUrl":"https:\/\/lasentinelle.dz\/wp-content\/uploads\/2025\/06\/Bouden.jpg","articleSection":["Politique"],"inLanguage":"fr-FR","potentialAction":[{"@type":"CommentAction","name":"Comment","target":["https:\/\/lasentinelle.dz\/index.php\/2026\/03\/08\/la-scene-politique-sanime-en-cette-deuxieme-quinzaine-du-ramadhan-taj-resserre-les-rangs-le-rnd-courtise-la-diaspora\/#respond"]}]},{"@type":"WebPage","@id":"https:\/\/lasentinelle.dz\/index.php\/2026\/03\/08\/la-scene-politique-sanime-en-cette-deuxieme-quinzaine-du-ramadhan-taj-resserre-les-rangs-le-rnd-courtise-la-diaspora\/","url":"https:\/\/lasentinelle.dz\/index.php\/2026\/03\/08\/la-scene-politique-sanime-en-cette-deuxieme-quinzaine-du-ramadhan-taj-resserre-les-rangs-le-rnd-courtise-la-diaspora\/","name":"La sc\u00e8ne politique s\u2019anime en cette deuxi\u00e8me quinzaine du Ramadhan\u00a0: TAJ resserre les rangs, le RND courtise la diaspora - La Sentinelle","isPartOf":{"@id":"https:\/\/lasentinelle.dz\/#website"},"primaryImageOfPage":{"@id":"https:\/\/lasentinelle.dz\/index.php\/2026\/03\/08\/la-scene-politique-sanime-en-cette-deuxieme-quinzaine-du-ramadhan-taj-resserre-les-rangs-le-rnd-courtise-la-diaspora\/#primaryimage"},"image":{"@id":"https:\/\/lasentinelle.dz\/index.php\/2026\/03\/08\/la-scene-politique-sanime-en-cette-deuxieme-quinzaine-du-ramadhan-taj-resserre-les-rangs-le-rnd-courtise-la-diaspora\/#primaryimage"},"thumbnailUrl":"https:\/\/lasentinelle.dz\/wp-content\/uploads\/2025\/06\/Bouden.jpg","datePublished":"2026-03-08T19:35:54+00:00","dateModified":"2026-03-08T19:35:55+00:00","breadcrumb":{"@id":"https:\/\/lasentinelle.dz\/index.php\/2026\/03\/08\/la-scene-politique-sanime-en-cette-deuxieme-quinzaine-du-ramadhan-taj-resserre-les-rangs-le-rnd-courtise-la-diaspora\/#breadcrumb"},"inLanguage":"fr-FR","potentialAction":[{"@type":"ReadAction","target":["https:\/\/lasentinelle.dz\/index.php\/2026\/03\/08\/la-scene-politique-sanime-en-cette-deuxieme-quinzaine-du-ramadhan-taj-resserre-les-rangs-le-rnd-courtise-la-diaspora\/"]}]},{"@type":"ImageObject","inLanguage":"fr-FR","@id":"https:\/\/lasentinelle.dz\/index.php\/2026\/03\/08\/la-scene-politique-sanime-en-cette-deuxieme-quinzaine-du-ramadhan-taj-resserre-les-rangs-le-rnd-courtise-la-diaspora\/#primaryimage","url":"https:\/\/lasentinelle.dz\/wp-content\/uploads\/2025\/06\/Bouden.jpg","contentUrl":"https:\/\/lasentinelle.dz\/wp-content\/uploads\/2025\/06\/Bouden.jpg","width":2048,"height":1366},{"@type":"BreadcrumbList","@id":"https:\/\/lasentinelle.dz\/index.php\/2026\/03\/08\/la-scene-politique-sanime-en-cette-deuxieme-quinzaine-du-ramadhan-taj-resserre-les-rangs-le-rnd-courtise-la-diaspora\/#breadcrumb","itemListElement":[{"@type":"ListItem","position":1,"name":"Accueil","item":"https:\/\/lasentinelle.dz\/"},{"@type":"ListItem","position":2,"name":"La sc\u00e8ne politique s\u2019anime en cette deuxi\u00e8me quinzaine du Ramadhan\u00a0: TAJ resserre les rangs, le RND courtise la diaspora"}]},{"@type":"WebSite","@id":"https:\/\/lasentinelle.dz\/#website","url":"https:\/\/lasentinelle.dz\/","name":"La Sentinelle","description":"Quotidien national d&#039;information","publisher":{"@id":"https:\/\/lasentinelle.dz\/#organization"},"potentialAction":[{"@type":"SearchAction","target":{"@type":"EntryPoint","urlTemplate":"https:\/\/lasentinelle.dz\/?s={search_term_string}"},"query-input":{"@type":"PropertyValueSpecification","valueRequired":true,"valueName":"search_term_string"}}],"inLanguage":"fr-FR"},{"@type":"Organization","@id":"https:\/\/lasentinelle.dz\/#organization","name":"Quotidien La Sentinelle","url":"https:\/\/lasentinelle.dz\/","logo":{"@type":"ImageObject","inLanguage":"fr-FR","@id":"https:\/\/lasentinelle.dz\/#\/schema\/logo\/image\/","url":"https:\/\/lasentinelle.dz\/wp-content\/uploads\/2021\/09\/logo-sentinelleSLOGAN-1.png","contentUrl":"https:\/\/lasentinelle.dz\/wp-content\/uploads\/2021\/09\/logo-sentinelleSLOGAN-1.png","width":615,"height":142,"caption":"Quotidien La Sentinelle"},"image":{"@id":"https:\/\/lasentinelle.dz\/#\/schema\/logo\/image\/"},"sameAs":["https:\/\/www.facebook.com\/La-Sentinelle-104059864394773"]},{"@type":"Person","@id":"https:\/\/lasentinelle.dz\/#\/schema\/person\/729ee0024f24e0b8c5ec17232f8e8b41","name":"admin","image":{"@type":"ImageObject","inLanguage":"fr-FR","@id":"https:\/\/secure.gravatar.com\/avatar\/4c81fed838786e9b53f540bf46533e750f5d292099ae3b66cfc6fb1982e29df7?s=96&d=mm&r=g","url":"https:\/\/secure.gravatar.com\/avatar\/4c81fed838786e9b53f540bf46533e750f5d292099ae3b66cfc6fb1982e29df7?s=96&d=mm&r=g","contentUrl":"https:\/\/secure.gravatar.com\/avatar\/4c81fed838786e9b53f540bf46533e750f5d292099ae3b66cfc6fb1982e29df7?s=96&d=mm&r=g","caption":"admin"},"description":"admin","url":"https:\/\/lasentinelle.dz\/author\/admin\/"}]}},"_links":{"self":[{"href":"https:\/\/lasentinelle.dz\/index.php\/wp-json\/wp\/v2\/posts\/83112","targetHints":{"allow":["GET"]}}],"collection":[{"href":"https:\/\/lasentinelle.dz\/index.php\/wp-json\/wp\/v2\/posts"}],"about":[{"href":"https:\/\/lasentinelle.dz\/index.php\/wp-json\/wp\/v2\/types\/post"}],"author":[{"embeddable":true,"href":"https:\/\/lasentinelle.dz\/index.php\/wp-json\/wp\/v2\/users\/6"}],"replies":[{"embeddable":true,"href":"https:\/\/lasentinelle.dz\/index.php\/wp-json\/wp\/v2\/comments?post=83112"}],"version-history":[{"count":1,"href":"https:\/\/lasentinelle.dz\/index.php\/wp-json\/wp\/v2\/posts\/83112\/revisions"}],"predecessor-version":[{"id":83113,"href":"https:\/\/lasentinelle.dz\/index.php\/wp-json\/wp\/v2\/posts\/83112\/revisions\/83113"}],"wp:featuredmedia":[{"embeddable":true,"href":"https:\/\/lasentinelle.dz\/index.php\/wp-json\/wp\/v2\/media\/69586"}],"wp:attachment":[{"href":"https:\/\/lasentinelle.dz\/index.php\/wp-json\/wp\/v2\/media?parent=83112"}],"wp:term":[{"taxonomy":"category","embeddable":true,"href":"https:\/\/lasentinelle.dz\/index.php\/wp-json\/wp\/v2\/categories?post=83112"},{"taxonomy":"post_tag","embeddable":true,"href":"https:\/\/lasentinelle.dz\/index.php\/wp-json\/wp\/v2\/tags?post=83112"}],"curies":[{"name":"wp","href":"https:\/\/api.w.org\/{rel}","templated":true}]}}