{"id":83117,"date":"2026-03-08T20:37:29","date_gmt":"2026-03-08T19:37:29","guid":{"rendered":"https:\/\/lasentinelle.dz\/?p=83117"},"modified":"2026-03-08T20:37:30","modified_gmt":"2026-03-08T19:37:30","slug":"fraude-et-speculation-tebboune-exige-des-sanctions","status":"publish","type":"post","link":"https:\/\/lasentinelle.dz\/index.php\/2026\/03\/08\/fraude-et-speculation-tebboune-exige-des-sanctions\/","title":{"rendered":"Fraude et sp\u00e9culation\u00a0: Tebboune exige des sanctions !"},"content":{"rendered":"\n<p>Le pr\u00e9sident de la R\u00e9publique, Abdelmadjid Tebboune, a pr\u00e9sid\u00e9 dimanche une r\u00e9union du Conseil des ministres marqu\u00e9e par un durcissement du discours contre les sp\u00e9culateurs et les fraudeurs, tout en fixant le prix plafond du mouton d&rsquo;importation destin\u00e9 \u00e0 l&rsquo;A\u00efd el-Adha \u00e0 50 000 dinars, dans une d\u00e9marche r\u00e9solue de protection du pouvoir d&rsquo;achat des citoyens. La r\u00e9union a \u00e9galement abord\u00e9 la r\u00e9vision de la loi sur les circonscriptions \u00e9lectorales, les pr\u00e9paratifs du Hadj, la lutte antiacridienne, le plan national pour la jeunesse et l&rsquo;adaptation climatique.<\/p>\n\n\n\n<p>Avant m\u00eame d&rsquo;entamer l&rsquo;examen des projets de lois et des expos\u00e9s pr\u00e9sent\u00e9s par les membres du gouvernement, le chef de l&rsquo;\u00c9tat a donn\u00e9 le ton en s&rsquo;attaquant frontalement aux pratiques sp\u00e9culatives qui gangr\u00e8nent certains segments du march\u00e9. Le communiqu\u00e9 du Conseil des ministres est on ne peut plus clair \u00e0 ce sujet : le Pr\u00e9sident Tebboune \u00ab a insist\u00e9 sur le suivi quotidien sur le terrain avec la plus grande rigueur contre les sp\u00e9culateurs, concernant certains fruits et viandes import\u00e9s, et le lancement imm\u00e9diat de l&rsquo;inscription des personnes impliqu\u00e9es dans la sp\u00e9culation sur des listes noires, avec l&rsquo;interdiction d\u00e9finitive pour leurs d\u00e9tenteurs d&rsquo;importer et d&rsquo;exercer toute activit\u00e9 commerciale \u00bb. Le message est sans \u00e9quivoque : l&rsquo;\u00c9tat ne tol\u00e9rera plus aucune forme de manipulation des prix ni de man\u0153uvres frauduleuses aux d\u00e9pens des consommateurs. Cette fermet\u00e9 traduit un souci permanent, maintes fois r\u00e9affirm\u00e9 par le pr\u00e9sident Tebboune, de pr\u00e9server le pouvoir d&rsquo;achat des Alg\u00e9riens, particuli\u00e8rement en cette p\u00e9riode pr\u00e9c\u00e9dant les grandes \u00e9ch\u00e9ances religieuses o\u00f9 la demande s&rsquo;envole et o\u00f9 les tentations sp\u00e9culatives se multiplient.<\/p>\n\n\n\n<p>C&rsquo;est dans cette m\u00eame logique de protection du citoyen que s&rsquo;inscrit la d\u00e9cision phare de cette r\u00e9union concernant l&rsquo;op\u00e9ration d&rsquo;importation d&rsquo;un million de t\u00eates d&rsquo;ovins \u00e0 l&rsquo;occasion de l&rsquo;A\u00efd el-Adha 2026.<\/p>\n\n\n\n<p><strong>Le mouton de l\u2019A\u00efd \u00e0 50 000 dinars<\/strong><\/p>\n\n\n\n<p>Le pr\u00e9sident Tebboune \u00ab a d\u00e9cid\u00e9 que le prix de vente du mouton import\u00e9 destin\u00e9 au sacrifice ne d\u00e9passe pas 50 000 dinars alg\u00e9riens comme plafond maximum \u00bb. Cette d\u00e9cision constitue un signal fort adress\u00e9 aux m\u00e9nages alg\u00e9riens, dont beaucoup redoutaient une flamb\u00e9e incontr\u00f4l\u00e9e des prix \u00e0 l&rsquo;approche de cette f\u00eate religieuse. Pour garantir l&rsquo;effectivit\u00e9 de cette mesure, le chef de l&rsquo;\u00c9tat \u00ab a instruit les services des organismes gouvernementaux d&rsquo;assurer le suivi rigoureux de l&rsquo;op\u00e9ration d&rsquo;importation et de commercialisation des moutons du sacrifice, tout en traquant tous les proc\u00e9d\u00e9s de fraude, de contrebande et de sp\u00e9culation \u00bb. Il s&rsquo;agit donc d&rsquo;un dispositif complet, allant de la fixation du prix \u00e0 la surveillance de l&rsquo;ensemble de la cha\u00eene, de l&rsquo;importation jusqu&rsquo;au point de vente, afin que le citoyen b\u00e9n\u00e9ficie r\u00e9ellement de cet effort de l&rsquo;\u00c9tat.<\/p>\n\n\n\n<p><strong>Circonscriptions \u00e9lectorales : concertation avec les partis politiques<\/strong><\/p>\n\n\n\n<p>Sur le plan institutionnel, le Conseil des ministres a examin\u00e9 le projet de loi modifiant la d\u00e9limitation des circonscriptions \u00e9lectorales et le nombre de si\u00e8ges \u00e0 pourvoir au Parlement. Le pr\u00e9sident Tebboune \u00ab a ordonn\u00e9 la r\u00e9vision du projet de modification de cette loi et l&rsquo;association des partis politiques avant l&rsquo;adoption de la loi dans sa mouture finale \u00bb. Une commission sera constitu\u00e9e \u00e0 cet effet et se r\u00e9unira au si\u00e8ge de la pr\u00e9sidence de la R\u00e9publique \u00ab pour trancher d\u00e9finitivement le nombre de si\u00e8ges \u00e0 pourvoir conform\u00e9ment aux \u00e9lections du Parlement \u00bb. Cette d\u00e9marche participative t\u00e9moigne d&rsquo;une volont\u00e9 d&rsquo;asseoir le processus \u00e9lectoral sur des bases consensuelles et transparentes, en impliquant l&rsquo;ensemble des acteurs de la sc\u00e8ne politique nationale.<\/p>\n\n\n\n<p><strong>Lutte antiacridienne : mobilisation des technologies spatiales<\/strong><\/p>\n\n\n\n<p>Concernant la menace acridienne qui p\u00e8se sur les cultures de l&rsquo;extr\u00eame sud du pays, le pr\u00e9sident de la R\u00e9publique a ordonn\u00e9 de \u00ab doubler les capacit\u00e9s de lutte contre le ph\u00e9nom\u00e8ne de propagation des essaims de criquets mena\u00e7ant les r\u00e9coltes agricoles dans l&rsquo;extr\u00eame sud \u00bb, en recourant notamment aux \u00ab m\u00e9thodes et moyens scientifiques modernes, tels que l&rsquo;\u00e9pandage a\u00e9rien de pesticides, particuli\u00e8rement sur nos zones frontali\u00e8res, celles-ci \u00e9tant les premi\u00e8res zones de contact avec le ph\u00e9nom\u00e8ne \u00bb. Le chef de l&rsquo;\u00c9tat a \u00e9galement exig\u00e9 \u00ab l&rsquo;activation rigoureuse des cellules de veille en utilisant des approches pr\u00e9ventives bas\u00e9es sur les images des satellites alg\u00e9riens et les capacit\u00e9s technologiques disponibles \u00bb. Une r\u00e9ponse qui mobilise l&rsquo;ensemble de l&rsquo;arsenal technologique national, y compris les capacit\u00e9s spatiales souveraines de l&rsquo;Alg\u00e9rie.<\/p>\n\n\n\n<p><strong>Un plan ambitieux pour la jeunesse<\/strong><\/p>\n\n\n\n<p>Le projet du plan national pour la jeunesse 2026-2029 a occup\u00e9 une place importante dans les travaux du Conseil. Le pr\u00e9sident Tebboune a r\u00e9affirm\u00e9 \u00ab le droit de la jeunesse \u00e0 revendiquer ses droits, notamment en mati\u00e8re d&#8217;emploi et de prise en charge sous toutes ses formes, mais dans un cadre d&rsquo;esprit patriotique qui immunise les jeunes contre l&rsquo;exploitation par les forces obscurantistes qui ciblent notre pays et sa jeunesse \u00bb. Le chef de l&rsquo;\u00c9tat a instruit le ministre de la Jeunesse de \u00ab v\u00e9rifier les cas de non-b\u00e9n\u00e9fice de certains jeunes de leur droit \u00e0 l&rsquo;allocation ch\u00f4mage \u00bb et de \u00ab formuler de nouvelles propositions et m\u00e9thodes pour contribuer \u00e0 la r\u00e9duction du nombre de ch\u00f4meurs \u00bb. Parmi les orientations majeures figurent le redoublement des efforts de lutte contre la drogue en milieu jeune qualifi\u00e9e de \u00ab plan programm\u00e9 depuis l&rsquo;ext\u00e9rieur de nos fronti\u00e8res \u00bb \u2014 la revalorisation des maisons de jeunes \u00ab \u00e0 raison d&rsquo;au moins une maison de jeunes par commune \u00bb, l&rsquo;importance accord\u00e9e au sport scolaire et universitaire, ainsi que le renforcement des passerelles entre les jeunes Alg\u00e9riens de l&rsquo;int\u00e9rieur et de la diaspora.<\/p>\n\n\n\n<p><strong>Climat et environnement : une vision de s\u00e9curit\u00e9 nationale<\/strong><\/p>\n\n\n\n<p>Le Conseil des ministres a enfin abord\u00e9 le plan national d&rsquo;adaptation climatique. Le pr\u00e9sident Tebboune a instruit la ministre du secteur de \u00ab doubler le nombre de laboratoires de contr\u00f4le des produits import\u00e9s \u00e0 travers tous les ports et a\u00e9roports \u00bb et d&rsquo;\u00ab acc\u00e9l\u00e9rer le rythme de traitement des eaux us\u00e9es pour atteindre un taux d&rsquo;exploitation d&rsquo;au moins 30 % \u00bb. Le communiqu\u00e9 souligne que \u00ab le r\u00f4le environnemental aujourd&rsquo;hui s&rsquo;inscrit en coh\u00e9rence avec la vision int\u00e9gr\u00e9e de la s\u00e9curit\u00e9 nationale et la protection des citoyens contre tout risque potentiel \u00bb, \u00e9levant ainsi la question environnementale au rang de priorit\u00e9 strat\u00e9gique.<\/p>\n\n\n\n<p>La r\u00e9union s&rsquo;est conclue par l&rsquo;approbation de d\u00e9cisions portant des nominations et fins de fonctions individuelles \u00e0 des postes sup\u00e9rieurs de l&rsquo;\u00c9tat.<\/p>\n\n\n\n<p>Samir Benisid<\/p>\n","protected":false},"excerpt":{"rendered":"<p>Le pr\u00e9sident de la R\u00e9publique, Abdelmadjid Tebboune, a pr\u00e9sid\u00e9 dimanche une r\u00e9union du Conseil des ministres marqu\u00e9e par un durcissement<\/p>\n","protected":false},"author":6,"featured_media":83118,"comment_status":"open","ping_status":"closed","sticky":false,"template":"","format":"standard","meta":{"colormag_page_container_layout":"default_layout","colormag_page_sidebar_layout":"default_layout","om_disable_all_campaigns":false,"_monsterinsights_skip_tracking":false,"_monsterinsights_sitenote_active":false,"_monsterinsights_sitenote_note":"","_monsterinsights_sitenote_category":0,"footnotes":"","_wpscppro_dont_share_socialmedia":false,"_wpscppro_custom_social_share_image":0,"_facebook_share_type":"default","_twitter_share_type":"default","_linkedin_share_type":"default","_pinterest_share_type":"default","_linkedin_share_type_page":"","_instagram_share_type":"default","_medium_share_type":"default","_threads_share_type":"default","_google_business_share_type":"default","_selected_social_profile":[],"_wpsp_enable_custom_social_template":false,"_wpsp_social_scheduling":{"enabled":false,"datetime":null,"platforms":[],"status":"template_only","dateOption":"today","timeOption":"now","customDays":"","customHours":"","customDate":"","customTime":"","schedulingType":"absolute"},"_wpsp_active_default_template":true},"categories":[52,27],"tags":[],"class_list":["post-83117","post","type-post","status-publish","format-standard","has-post-thumbnail","hentry","category-a-la-une","category-actualite"],"aioseo_notices":[],"yoast_head":"<!-- This site is optimized with the Yoast SEO plugin v27.4 - https:\/\/yoast.com\/product\/yoast-seo-wordpress\/ -->\n<title>Fraude et sp\u00e9culation\u00a0: Tebboune exige des sanctions ! - La Sentinelle<\/title>\n<meta name=\"robots\" content=\"index, follow, max-snippet:-1, max-image-preview:large, max-video-preview:-1\" \/>\n<link rel=\"canonical\" href=\"https:\/\/lasentinelle.dz\/index.php\/2026\/03\/08\/fraude-et-speculation-tebboune-exige-des-sanctions\/\" \/>\n<meta property=\"og:locale\" content=\"fr_FR\" \/>\n<meta property=\"og:type\" content=\"article\" \/>\n<meta property=\"og:title\" content=\"Fraude et sp\u00e9culation\u00a0: Tebboune exige des sanctions ! - La Sentinelle\" \/>\n<meta property=\"og:description\" content=\"Le pr\u00e9sident de la R\u00e9publique, Abdelmadjid Tebboune, a pr\u00e9sid\u00e9 dimanche une r\u00e9union du Conseil des ministres marqu\u00e9e par un durcissement\" \/>\n<meta property=\"og:url\" content=\"https:\/\/lasentinelle.dz\/index.php\/2026\/03\/08\/fraude-et-speculation-tebboune-exige-des-sanctions\/\" \/>\n<meta property=\"og:site_name\" content=\"La Sentinelle\" \/>\n<meta property=\"article:publisher\" content=\"https:\/\/www.facebook.com\/La-Sentinelle-104059864394773\" \/>\n<meta property=\"article:published_time\" content=\"2026-03-08T19:37:29+00:00\" \/>\n<meta property=\"article:modified_time\" content=\"2026-03-08T19:37:30+00:00\" \/>\n<meta property=\"og:image\" content=\"https:\/\/lasentinelle.dz\/wp-content\/uploads\/2026\/03\/Tebboune-1.jpg\" \/>\n\t<meta property=\"og:image:width\" content=\"1280\" \/>\n\t<meta property=\"og:image:height\" content=\"853\" \/>\n\t<meta property=\"og:image:type\" content=\"image\/jpeg\" \/>\n<meta name=\"author\" content=\"admin\" \/>\n<meta name=\"twitter:card\" content=\"summary_large_image\" \/>\n<meta name=\"twitter:label1\" content=\"\u00c9crit par\" \/>\n\t<meta name=\"twitter:data1\" content=\"admin\" \/>\n\t<meta name=\"twitter:label2\" content=\"Dur\u00e9e de lecture estim\u00e9e\" \/>\n\t<meta name=\"twitter:data2\" content=\"6 minutes\" \/>\n<script type=\"application\/ld+json\" class=\"yoast-schema-graph\">{\"@context\":\"https:\\\/\\\/schema.org\",\"@graph\":[{\"@type\":\"Article\",\"@id\":\"https:\\\/\\\/lasentinelle.dz\\\/index.php\\\/2026\\\/03\\\/08\\\/fraude-et-speculation-tebboune-exige-des-sanctions\\\/#article\",\"isPartOf\":{\"@id\":\"https:\\\/\\\/lasentinelle.dz\\\/index.php\\\/2026\\\/03\\\/08\\\/fraude-et-speculation-tebboune-exige-des-sanctions\\\/\"},\"author\":{\"name\":\"admin\",\"@id\":\"https:\\\/\\\/lasentinelle.dz\\\/#\\\/schema\\\/person\\\/729ee0024f24e0b8c5ec17232f8e8b41\"},\"headline\":\"Fraude et sp\u00e9culation\u00a0: Tebboune exige des sanctions !\",\"datePublished\":\"2026-03-08T19:37:29+00:00\",\"dateModified\":\"2026-03-08T19:37:30+00:00\",\"mainEntityOfPage\":{\"@id\":\"https:\\\/\\\/lasentinelle.dz\\\/index.php\\\/2026\\\/03\\\/08\\\/fraude-et-speculation-tebboune-exige-des-sanctions\\\/\"},\"wordCount\":1170,\"commentCount\":0,\"publisher\":{\"@id\":\"https:\\\/\\\/lasentinelle.dz\\\/#organization\"},\"image\":{\"@id\":\"https:\\\/\\\/lasentinelle.dz\\\/index.php\\\/2026\\\/03\\\/08\\\/fraude-et-speculation-tebboune-exige-des-sanctions\\\/#primaryimage\"},\"thumbnailUrl\":\"https:\\\/\\\/lasentinelle.dz\\\/wp-content\\\/uploads\\\/2026\\\/03\\\/Tebboune-1.jpg\",\"articleSection\":[\"\u00c0 la Une\",\"Actualit\u00e9\"],\"inLanguage\":\"fr-FR\",\"potentialAction\":[{\"@type\":\"CommentAction\",\"name\":\"Comment\",\"target\":[\"https:\\\/\\\/lasentinelle.dz\\\/index.php\\\/2026\\\/03\\\/08\\\/fraude-et-speculation-tebboune-exige-des-sanctions\\\/#respond\"]}]},{\"@type\":\"WebPage\",\"@id\":\"https:\\\/\\\/lasentinelle.dz\\\/index.php\\\/2026\\\/03\\\/08\\\/fraude-et-speculation-tebboune-exige-des-sanctions\\\/\",\"url\":\"https:\\\/\\\/lasentinelle.dz\\\/index.php\\\/2026\\\/03\\\/08\\\/fraude-et-speculation-tebboune-exige-des-sanctions\\\/\",\"name\":\"Fraude et sp\u00e9culation\u00a0: Tebboune exige des sanctions ! - La Sentinelle\",\"isPartOf\":{\"@id\":\"https:\\\/\\\/lasentinelle.dz\\\/#website\"},\"primaryImageOfPage\":{\"@id\":\"https:\\\/\\\/lasentinelle.dz\\\/index.php\\\/2026\\\/03\\\/08\\\/fraude-et-speculation-tebboune-exige-des-sanctions\\\/#primaryimage\"},\"image\":{\"@id\":\"https:\\\/\\\/lasentinelle.dz\\\/index.php\\\/2026\\\/03\\\/08\\\/fraude-et-speculation-tebboune-exige-des-sanctions\\\/#primaryimage\"},\"thumbnailUrl\":\"https:\\\/\\\/lasentinelle.dz\\\/wp-content\\\/uploads\\\/2026\\\/03\\\/Tebboune-1.jpg\",\"datePublished\":\"2026-03-08T19:37:29+00:00\",\"dateModified\":\"2026-03-08T19:37:30+00:00\",\"breadcrumb\":{\"@id\":\"https:\\\/\\\/lasentinelle.dz\\\/index.php\\\/2026\\\/03\\\/08\\\/fraude-et-speculation-tebboune-exige-des-sanctions\\\/#breadcrumb\"},\"inLanguage\":\"fr-FR\",\"potentialAction\":[{\"@type\":\"ReadAction\",\"target\":[\"https:\\\/\\\/lasentinelle.dz\\\/index.php\\\/2026\\\/03\\\/08\\\/fraude-et-speculation-tebboune-exige-des-sanctions\\\/\"]}]},{\"@type\":\"ImageObject\",\"inLanguage\":\"fr-FR\",\"@id\":\"https:\\\/\\\/lasentinelle.dz\\\/index.php\\\/2026\\\/03\\\/08\\\/fraude-et-speculation-tebboune-exige-des-sanctions\\\/#primaryimage\",\"url\":\"https:\\\/\\\/lasentinelle.dz\\\/wp-content\\\/uploads\\\/2026\\\/03\\\/Tebboune-1.jpg\",\"contentUrl\":\"https:\\\/\\\/lasentinelle.dz\\\/wp-content\\\/uploads\\\/2026\\\/03\\\/Tebboune-1.jpg\",\"width\":1280,\"height\":853},{\"@type\":\"BreadcrumbList\",\"@id\":\"https:\\\/\\\/lasentinelle.dz\\\/index.php\\\/2026\\\/03\\\/08\\\/fraude-et-speculation-tebboune-exige-des-sanctions\\\/#breadcrumb\",\"itemListElement\":[{\"@type\":\"ListItem\",\"position\":1,\"name\":\"Accueil\",\"item\":\"https:\\\/\\\/lasentinelle.dz\\\/\"},{\"@type\":\"ListItem\",\"position\":2,\"name\":\"Fraude et sp\u00e9culation\u00a0: Tebboune exige des sanctions !\"}]},{\"@type\":\"WebSite\",\"@id\":\"https:\\\/\\\/lasentinelle.dz\\\/#website\",\"url\":\"https:\\\/\\\/lasentinelle.dz\\\/\",\"name\":\"La Sentinelle\",\"description\":\"Quotidien national d&#039;information\",\"publisher\":{\"@id\":\"https:\\\/\\\/lasentinelle.dz\\\/#organization\"},\"potentialAction\":[{\"@type\":\"SearchAction\",\"target\":{\"@type\":\"EntryPoint\",\"urlTemplate\":\"https:\\\/\\\/lasentinelle.dz\\\/?s={search_term_string}\"},\"query-input\":{\"@type\":\"PropertyValueSpecification\",\"valueRequired\":true,\"valueName\":\"search_term_string\"}}],\"inLanguage\":\"fr-FR\"},{\"@type\":\"Organization\",\"@id\":\"https:\\\/\\\/lasentinelle.dz\\\/#organization\",\"name\":\"Quotidien La Sentinelle\",\"url\":\"https:\\\/\\\/lasentinelle.dz\\\/\",\"logo\":{\"@type\":\"ImageObject\",\"inLanguage\":\"fr-FR\",\"@id\":\"https:\\\/\\\/lasentinelle.dz\\\/#\\\/schema\\\/logo\\\/image\\\/\",\"url\":\"https:\\\/\\\/lasentinelle.dz\\\/wp-content\\\/uploads\\\/2021\\\/09\\\/logo-sentinelleSLOGAN-1.png\",\"contentUrl\":\"https:\\\/\\\/lasentinelle.dz\\\/wp-content\\\/uploads\\\/2021\\\/09\\\/logo-sentinelleSLOGAN-1.png\",\"width\":615,\"height\":142,\"caption\":\"Quotidien La Sentinelle\"},\"image\":{\"@id\":\"https:\\\/\\\/lasentinelle.dz\\\/#\\\/schema\\\/logo\\\/image\\\/\"},\"sameAs\":[\"https:\\\/\\\/www.facebook.com\\\/La-Sentinelle-104059864394773\"]},{\"@type\":\"Person\",\"@id\":\"https:\\\/\\\/lasentinelle.dz\\\/#\\\/schema\\\/person\\\/729ee0024f24e0b8c5ec17232f8e8b41\",\"name\":\"admin\",\"image\":{\"@type\":\"ImageObject\",\"inLanguage\":\"fr-FR\",\"@id\":\"https:\\\/\\\/secure.gravatar.com\\\/avatar\\\/4c81fed838786e9b53f540bf46533e750f5d292099ae3b66cfc6fb1982e29df7?s=96&d=mm&r=g\",\"url\":\"https:\\\/\\\/secure.gravatar.com\\\/avatar\\\/4c81fed838786e9b53f540bf46533e750f5d292099ae3b66cfc6fb1982e29df7?s=96&d=mm&r=g\",\"contentUrl\":\"https:\\\/\\\/secure.gravatar.com\\\/avatar\\\/4c81fed838786e9b53f540bf46533e750f5d292099ae3b66cfc6fb1982e29df7?s=96&d=mm&r=g\",\"caption\":\"admin\"},\"description\":\"admin\",\"url\":\"https:\\\/\\\/lasentinelle.dz\\\/author\\\/admin\\\/\"}]}<\/script>\n<!-- \/ Yoast SEO plugin. -->","yoast_head_json":{"title":"Fraude et sp\u00e9culation\u00a0: Tebboune exige des sanctions ! - La Sentinelle","robots":{"index":"index","follow":"follow","max-snippet":"max-snippet:-1","max-image-preview":"max-image-preview:large","max-video-preview":"max-video-preview:-1"},"canonical":"https:\/\/lasentinelle.dz\/index.php\/2026\/03\/08\/fraude-et-speculation-tebboune-exige-des-sanctions\/","og_locale":"fr_FR","og_type":"article","og_title":"Fraude et sp\u00e9culation\u00a0: Tebboune exige des sanctions ! - La Sentinelle","og_description":"Le pr\u00e9sident de la R\u00e9publique, Abdelmadjid Tebboune, a pr\u00e9sid\u00e9 dimanche une r\u00e9union du Conseil des ministres marqu\u00e9e par un durcissement","og_url":"https:\/\/lasentinelle.dz\/index.php\/2026\/03\/08\/fraude-et-speculation-tebboune-exige-des-sanctions\/","og_site_name":"La Sentinelle","article_publisher":"https:\/\/www.facebook.com\/La-Sentinelle-104059864394773","article_published_time":"2026-03-08T19:37:29+00:00","article_modified_time":"2026-03-08T19:37:30+00:00","og_image":[{"width":1280,"height":853,"url":"https:\/\/lasentinelle.dz\/wp-content\/uploads\/2026\/03\/Tebboune-1.jpg","type":"image\/jpeg"}],"author":"admin","twitter_card":"summary_large_image","twitter_misc":{"\u00c9crit par":"admin","Dur\u00e9e de lecture estim\u00e9e":"6 minutes"},"schema":{"@context":"https:\/\/schema.org","@graph":[{"@type":"Article","@id":"https:\/\/lasentinelle.dz\/index.php\/2026\/03\/08\/fraude-et-speculation-tebboune-exige-des-sanctions\/#article","isPartOf":{"@id":"https:\/\/lasentinelle.dz\/index.php\/2026\/03\/08\/fraude-et-speculation-tebboune-exige-des-sanctions\/"},"author":{"name":"admin","@id":"https:\/\/lasentinelle.dz\/#\/schema\/person\/729ee0024f24e0b8c5ec17232f8e8b41"},"headline":"Fraude et sp\u00e9culation\u00a0: Tebboune exige des sanctions !","datePublished":"2026-03-08T19:37:29+00:00","dateModified":"2026-03-08T19:37:30+00:00","mainEntityOfPage":{"@id":"https:\/\/lasentinelle.dz\/index.php\/2026\/03\/08\/fraude-et-speculation-tebboune-exige-des-sanctions\/"},"wordCount":1170,"commentCount":0,"publisher":{"@id":"https:\/\/lasentinelle.dz\/#organization"},"image":{"@id":"https:\/\/lasentinelle.dz\/index.php\/2026\/03\/08\/fraude-et-speculation-tebboune-exige-des-sanctions\/#primaryimage"},"thumbnailUrl":"https:\/\/lasentinelle.dz\/wp-content\/uploads\/2026\/03\/Tebboune-1.jpg","articleSection":["\u00c0 la Une","Actualit\u00e9"],"inLanguage":"fr-FR","potentialAction":[{"@type":"CommentAction","name":"Comment","target":["https:\/\/lasentinelle.dz\/index.php\/2026\/03\/08\/fraude-et-speculation-tebboune-exige-des-sanctions\/#respond"]}]},{"@type":"WebPage","@id":"https:\/\/lasentinelle.dz\/index.php\/2026\/03\/08\/fraude-et-speculation-tebboune-exige-des-sanctions\/","url":"https:\/\/lasentinelle.dz\/index.php\/2026\/03\/08\/fraude-et-speculation-tebboune-exige-des-sanctions\/","name":"Fraude et sp\u00e9culation\u00a0: Tebboune exige des sanctions ! - La Sentinelle","isPartOf":{"@id":"https:\/\/lasentinelle.dz\/#website"},"primaryImageOfPage":{"@id":"https:\/\/lasentinelle.dz\/index.php\/2026\/03\/08\/fraude-et-speculation-tebboune-exige-des-sanctions\/#primaryimage"},"image":{"@id":"https:\/\/lasentinelle.dz\/index.php\/2026\/03\/08\/fraude-et-speculation-tebboune-exige-des-sanctions\/#primaryimage"},"thumbnailUrl":"https:\/\/lasentinelle.dz\/wp-content\/uploads\/2026\/03\/Tebboune-1.jpg","datePublished":"2026-03-08T19:37:29+00:00","dateModified":"2026-03-08T19:37:30+00:00","breadcrumb":{"@id":"https:\/\/lasentinelle.dz\/index.php\/2026\/03\/08\/fraude-et-speculation-tebboune-exige-des-sanctions\/#breadcrumb"},"inLanguage":"fr-FR","potentialAction":[{"@type":"ReadAction","target":["https:\/\/lasentinelle.dz\/index.php\/2026\/03\/08\/fraude-et-speculation-tebboune-exige-des-sanctions\/"]}]},{"@type":"ImageObject","inLanguage":"fr-FR","@id":"https:\/\/lasentinelle.dz\/index.php\/2026\/03\/08\/fraude-et-speculation-tebboune-exige-des-sanctions\/#primaryimage","url":"https:\/\/lasentinelle.dz\/wp-content\/uploads\/2026\/03\/Tebboune-1.jpg","contentUrl":"https:\/\/lasentinelle.dz\/wp-content\/uploads\/2026\/03\/Tebboune-1.jpg","width":1280,"height":853},{"@type":"BreadcrumbList","@id":"https:\/\/lasentinelle.dz\/index.php\/2026\/03\/08\/fraude-et-speculation-tebboune-exige-des-sanctions\/#breadcrumb","itemListElement":[{"@type":"ListItem","position":1,"name":"Accueil","item":"https:\/\/lasentinelle.dz\/"},{"@type":"ListItem","position":2,"name":"Fraude et sp\u00e9culation\u00a0: Tebboune exige des sanctions !"}]},{"@type":"WebSite","@id":"https:\/\/lasentinelle.dz\/#website","url":"https:\/\/lasentinelle.dz\/","name":"La Sentinelle","description":"Quotidien national d&#039;information","publisher":{"@id":"https:\/\/lasentinelle.dz\/#organization"},"potentialAction":[{"@type":"SearchAction","target":{"@type":"EntryPoint","urlTemplate":"https:\/\/lasentinelle.dz\/?s={search_term_string}"},"query-input":{"@type":"PropertyValueSpecification","valueRequired":true,"valueName":"search_term_string"}}],"inLanguage":"fr-FR"},{"@type":"Organization","@id":"https:\/\/lasentinelle.dz\/#organization","name":"Quotidien La Sentinelle","url":"https:\/\/lasentinelle.dz\/","logo":{"@type":"ImageObject","inLanguage":"fr-FR","@id":"https:\/\/lasentinelle.dz\/#\/schema\/logo\/image\/","url":"https:\/\/lasentinelle.dz\/wp-content\/uploads\/2021\/09\/logo-sentinelleSLOGAN-1.png","contentUrl":"https:\/\/lasentinelle.dz\/wp-content\/uploads\/2021\/09\/logo-sentinelleSLOGAN-1.png","width":615,"height":142,"caption":"Quotidien La Sentinelle"},"image":{"@id":"https:\/\/lasentinelle.dz\/#\/schema\/logo\/image\/"},"sameAs":["https:\/\/www.facebook.com\/La-Sentinelle-104059864394773"]},{"@type":"Person","@id":"https:\/\/lasentinelle.dz\/#\/schema\/person\/729ee0024f24e0b8c5ec17232f8e8b41","name":"admin","image":{"@type":"ImageObject","inLanguage":"fr-FR","@id":"https:\/\/secure.gravatar.com\/avatar\/4c81fed838786e9b53f540bf46533e750f5d292099ae3b66cfc6fb1982e29df7?s=96&d=mm&r=g","url":"https:\/\/secure.gravatar.com\/avatar\/4c81fed838786e9b53f540bf46533e750f5d292099ae3b66cfc6fb1982e29df7?s=96&d=mm&r=g","contentUrl":"https:\/\/secure.gravatar.com\/avatar\/4c81fed838786e9b53f540bf46533e750f5d292099ae3b66cfc6fb1982e29df7?s=96&d=mm&r=g","caption":"admin"},"description":"admin","url":"https:\/\/lasentinelle.dz\/author\/admin\/"}]}},"_links":{"self":[{"href":"https:\/\/lasentinelle.dz\/index.php\/wp-json\/wp\/v2\/posts\/83117","targetHints":{"allow":["GET"]}}],"collection":[{"href":"https:\/\/lasentinelle.dz\/index.php\/wp-json\/wp\/v2\/posts"}],"about":[{"href":"https:\/\/lasentinelle.dz\/index.php\/wp-json\/wp\/v2\/types\/post"}],"author":[{"embeddable":true,"href":"https:\/\/lasentinelle.dz\/index.php\/wp-json\/wp\/v2\/users\/6"}],"replies":[{"embeddable":true,"href":"https:\/\/lasentinelle.dz\/index.php\/wp-json\/wp\/v2\/comments?post=83117"}],"version-history":[{"count":1,"href":"https:\/\/lasentinelle.dz\/index.php\/wp-json\/wp\/v2\/posts\/83117\/revisions"}],"predecessor-version":[{"id":83119,"href":"https:\/\/lasentinelle.dz\/index.php\/wp-json\/wp\/v2\/posts\/83117\/revisions\/83119"}],"wp:featuredmedia":[{"embeddable":true,"href":"https:\/\/lasentinelle.dz\/index.php\/wp-json\/wp\/v2\/media\/83118"}],"wp:attachment":[{"href":"https:\/\/lasentinelle.dz\/index.php\/wp-json\/wp\/v2\/media?parent=83117"}],"wp:term":[{"taxonomy":"category","embeddable":true,"href":"https:\/\/lasentinelle.dz\/index.php\/wp-json\/wp\/v2\/categories?post=83117"},{"taxonomy":"post_tag","embeddable":true,"href":"https:\/\/lasentinelle.dz\/index.php\/wp-json\/wp\/v2\/tags?post=83117"}],"curies":[{"name":"wp","href":"https:\/\/api.w.org\/{rel}","templated":true}]}}