{"id":83122,"date":"2026-03-09T20:07:30","date_gmt":"2026-03-09T19:07:30","guid":{"rendered":"https:\/\/lasentinelle.dz\/?p=83122"},"modified":"2026-03-09T20:07:31","modified_gmt":"2026-03-09T19:07:31","slug":"le-ministere-des-affaires-religieuses-appelle-les-fideles-a-sacquitter-de-la-zakat-el-fitr","status":"publish","type":"post","link":"https:\/\/lasentinelle.dz\/index.php\/2026\/03\/09\/le-ministere-des-affaires-religieuses-appelle-les-fideles-a-sacquitter-de-la-zakat-el-fitr\/","title":{"rendered":"Le minist\u00e8re des Affaires religieuses appelle les fid\u00e8les \u00e0 s\u2019acquitter de la Zakat el-Fitr"},"content":{"rendered":"\n<p>Le minist\u00e8re des Affaires religieuses et des Wakfs a appel\u00e9 lundi les fid\u00e8les \u00e0 s&rsquo;acquitter sans tarder de la zakat el-Fitr pour cette ann\u00e9e, dans un communiqu\u00e9 publi\u00e9 \u00e0 l&rsquo;issue d&rsquo;une consultation de la Commission nationale de la fatwa. Le montant a \u00e9t\u00e9 fix\u00e9 \u00e0 170 dinars par personne, et la collecte est organis\u00e9e durant la seconde moiti\u00e9 du mois de Ramadan.<\/p>\n\n\n\n<p>Le minist\u00e8re a pr\u00e9cis\u00e9 avoir \u00ab charg\u00e9 les imams de collecter la zakat el-Fitr, en coop\u00e9ration avec les comit\u00e9s de la zakat, durant la seconde moiti\u00e9 du Ramadan \u00bb, tout en soulignant qu&rsquo;elle \u00ab ne devra \u00eatre distribu\u00e9e \u00e0 ses b\u00e9n\u00e9ficiaires qu&rsquo;un ou deux jours avant l&rsquo;A\u00efd el-Fitr \u00bb. Sur les b\u00e9n\u00e9ficiaires, le texte rappelle que \u00ab la zakat el-Fitr est obligatoire pour tout musulman, homme ou femme, jeune ou vieux, riche ou pauvre \u00bb, \u00e0 charge pour chacun de s&rsquo;en acquitter pour lui-m\u00eame et pour toute personne dont il assure la subsistance, d\u00e8s lors qu&rsquo;il dispose de moyens exc\u00e9dant sa nourriture quotidienne.<\/p>\n\n\n\n<p>Quant au versement en esp\u00e8ces, le minist\u00e8re en confirme la lic\u00e9it\u00e9, s&rsquo;appuyant sur une longue tradition juridique islamique allant des compagnons du Proph\u00e8te jusqu&rsquo;aux grands ma\u00eetres han\u00e9fites et malikites. \u00ab Ceux-ci estiment que s&rsquo;acquitter de la zakat en argent est plus utile et plus appropri\u00e9 pour les pauvres \u00bb, souligne le communiqu\u00e9, \u00ab car elle a \u00e9t\u00e9 institu\u00e9e pour les mettre \u00e0 l&rsquo;abri du besoin le jour de l&rsquo;A\u00efd \u2014 ce qui ne peut se r\u00e9aliser qu&rsquo;en versant sa valeur mon\u00e9taire. \u00bb<\/p>\n\n\n\n<p>R.N.<\/p>\n","protected":false},"excerpt":{"rendered":"<p>Le minist\u00e8re des Affaires religieuses et des Wakfs a appel\u00e9 lundi les fid\u00e8les \u00e0 s&rsquo;acquitter sans tarder de la zakat<\/p>\n","protected":false},"author":6,"featured_media":83123,"comment_status":"open","ping_status":"closed","sticky":false,"template":"","format":"standard","meta":{"colormag_page_container_layout":"default_layout","colormag_page_sidebar_layout":"default_layout","om_disable_all_campaigns":false,"_monsterinsights_skip_tracking":false,"_monsterinsights_sitenote_active":false,"_monsterinsights_sitenote_note":"","_monsterinsights_sitenote_category":0,"footnotes":"","_wpscppro_dont_share_socialmedia":false,"_wpscppro_custom_social_share_image":0,"_facebook_share_type":"default","_twitter_share_type":"default","_linkedin_share_type":"default","_pinterest_share_type":"default","_linkedin_share_type_page":"","_instagram_share_type":"default","_medium_share_type":"default","_threads_share_type":"default","_google_business_share_type":"default","_selected_social_profile":[],"_wpsp_enable_custom_social_template":false,"_wpsp_social_scheduling":{"enabled":false,"datetime":null,"platforms":[],"status":"template_only","dateOption":"today","timeOption":"now","customDays":"","customHours":"","customDate":"","customTime":"","schedulingType":"absolute"},"_wpsp_active_default_template":true},"categories":[27],"tags":[],"class_list":["post-83122","post","type-post","status-publish","format-standard","has-post-thumbnail","hentry","category-actualite"],"aioseo_notices":[],"yoast_head":"<!-- This site is optimized with the Yoast SEO plugin v27.4 - https:\/\/yoast.com\/product\/yoast-seo-wordpress\/ -->\n<title>Le minist\u00e8re des Affaires religieuses appelle les fid\u00e8les \u00e0 s\u2019acquitter de la Zakat el-Fitr - La Sentinelle<\/title>\n<meta name=\"robots\" content=\"index, follow, max-snippet:-1, max-image-preview:large, max-video-preview:-1\" \/>\n<link rel=\"canonical\" href=\"https:\/\/lasentinelle.dz\/index.php\/2026\/03\/09\/le-ministere-des-affaires-religieuses-appelle-les-fideles-a-sacquitter-de-la-zakat-el-fitr\/\" \/>\n<meta property=\"og:locale\" content=\"fr_FR\" \/>\n<meta property=\"og:type\" content=\"article\" \/>\n<meta property=\"og:title\" content=\"Le minist\u00e8re des Affaires religieuses appelle les fid\u00e8les \u00e0 s\u2019acquitter de la Zakat el-Fitr - La Sentinelle\" \/>\n<meta property=\"og:description\" content=\"Le minist\u00e8re des Affaires religieuses et des Wakfs a appel\u00e9 lundi les fid\u00e8les \u00e0 s&rsquo;acquitter sans tarder de la zakat\" \/>\n<meta property=\"og:url\" content=\"https:\/\/lasentinelle.dz\/index.php\/2026\/03\/09\/le-ministere-des-affaires-religieuses-appelle-les-fideles-a-sacquitter-de-la-zakat-el-fitr\/\" \/>\n<meta property=\"og:site_name\" content=\"La Sentinelle\" \/>\n<meta property=\"article:publisher\" content=\"https:\/\/www.facebook.com\/La-Sentinelle-104059864394773\" \/>\n<meta property=\"article:published_time\" content=\"2026-03-09T19:07:30+00:00\" \/>\n<meta property=\"article:modified_time\" content=\"2026-03-09T19:07:31+00:00\" \/>\n<meta property=\"og:image\" content=\"https:\/\/lasentinelle.dz\/wp-content\/uploads\/2026\/03\/zakat.jpg\" \/>\n\t<meta property=\"og:image:width\" content=\"2244\" \/>\n\t<meta property=\"og:image:height\" content=\"1063\" \/>\n\t<meta property=\"og:image:type\" content=\"image\/jpeg\" \/>\n<meta name=\"author\" content=\"admin\" \/>\n<meta name=\"twitter:card\" content=\"summary_large_image\" \/>\n<meta name=\"twitter:label1\" content=\"\u00c9crit par\" \/>\n\t<meta name=\"twitter:data1\" content=\"admin\" \/>\n\t<meta name=\"twitter:label2\" content=\"Dur\u00e9e de lecture estim\u00e9e\" \/>\n\t<meta name=\"twitter:data2\" content=\"2 minutes\" \/>\n<script type=\"application\/ld+json\" class=\"yoast-schema-graph\">{\"@context\":\"https:\\\/\\\/schema.org\",\"@graph\":[{\"@type\":\"Article\",\"@id\":\"https:\\\/\\\/lasentinelle.dz\\\/index.php\\\/2026\\\/03\\\/09\\\/le-ministere-des-affaires-religieuses-appelle-les-fideles-a-sacquitter-de-la-zakat-el-fitr\\\/#article\",\"isPartOf\":{\"@id\":\"https:\\\/\\\/lasentinelle.dz\\\/index.php\\\/2026\\\/03\\\/09\\\/le-ministere-des-affaires-religieuses-appelle-les-fideles-a-sacquitter-de-la-zakat-el-fitr\\\/\"},\"author\":{\"name\":\"admin\",\"@id\":\"https:\\\/\\\/lasentinelle.dz\\\/#\\\/schema\\\/person\\\/729ee0024f24e0b8c5ec17232f8e8b41\"},\"headline\":\"Le minist\u00e8re des Affaires religieuses appelle les fid\u00e8les \u00e0 s\u2019acquitter de la Zakat el-Fitr\",\"datePublished\":\"2026-03-09T19:07:30+00:00\",\"dateModified\":\"2026-03-09T19:07:31+00:00\",\"mainEntityOfPage\":{\"@id\":\"https:\\\/\\\/lasentinelle.dz\\\/index.php\\\/2026\\\/03\\\/09\\\/le-ministere-des-affaires-religieuses-appelle-les-fideles-a-sacquitter-de-la-zakat-el-fitr\\\/\"},\"wordCount\":288,\"commentCount\":0,\"publisher\":{\"@id\":\"https:\\\/\\\/lasentinelle.dz\\\/#organization\"},\"image\":{\"@id\":\"https:\\\/\\\/lasentinelle.dz\\\/index.php\\\/2026\\\/03\\\/09\\\/le-ministere-des-affaires-religieuses-appelle-les-fideles-a-sacquitter-de-la-zakat-el-fitr\\\/#primaryimage\"},\"thumbnailUrl\":\"https:\\\/\\\/lasentinelle.dz\\\/wp-content\\\/uploads\\\/2026\\\/03\\\/zakat.jpg\",\"articleSection\":[\"Actualit\u00e9\"],\"inLanguage\":\"fr-FR\",\"potentialAction\":[{\"@type\":\"CommentAction\",\"name\":\"Comment\",\"target\":[\"https:\\\/\\\/lasentinelle.dz\\\/index.php\\\/2026\\\/03\\\/09\\\/le-ministere-des-affaires-religieuses-appelle-les-fideles-a-sacquitter-de-la-zakat-el-fitr\\\/#respond\"]}]},{\"@type\":\"WebPage\",\"@id\":\"https:\\\/\\\/lasentinelle.dz\\\/index.php\\\/2026\\\/03\\\/09\\\/le-ministere-des-affaires-religieuses-appelle-les-fideles-a-sacquitter-de-la-zakat-el-fitr\\\/\",\"url\":\"https:\\\/\\\/lasentinelle.dz\\\/index.php\\\/2026\\\/03\\\/09\\\/le-ministere-des-affaires-religieuses-appelle-les-fideles-a-sacquitter-de-la-zakat-el-fitr\\\/\",\"name\":\"Le minist\u00e8re des Affaires religieuses appelle les fid\u00e8les \u00e0 s\u2019acquitter de la Zakat el-Fitr - La Sentinelle\",\"isPartOf\":{\"@id\":\"https:\\\/\\\/lasentinelle.dz\\\/#website\"},\"primaryImageOfPage\":{\"@id\":\"https:\\\/\\\/lasentinelle.dz\\\/index.php\\\/2026\\\/03\\\/09\\\/le-ministere-des-affaires-religieuses-appelle-les-fideles-a-sacquitter-de-la-zakat-el-fitr\\\/#primaryimage\"},\"image\":{\"@id\":\"https:\\\/\\\/lasentinelle.dz\\\/index.php\\\/2026\\\/03\\\/09\\\/le-ministere-des-affaires-religieuses-appelle-les-fideles-a-sacquitter-de-la-zakat-el-fitr\\\/#primaryimage\"},\"thumbnailUrl\":\"https:\\\/\\\/lasentinelle.dz\\\/wp-content\\\/uploads\\\/2026\\\/03\\\/zakat.jpg\",\"datePublished\":\"2026-03-09T19:07:30+00:00\",\"dateModified\":\"2026-03-09T19:07:31+00:00\",\"breadcrumb\":{\"@id\":\"https:\\\/\\\/lasentinelle.dz\\\/index.php\\\/2026\\\/03\\\/09\\\/le-ministere-des-affaires-religieuses-appelle-les-fideles-a-sacquitter-de-la-zakat-el-fitr\\\/#breadcrumb\"},\"inLanguage\":\"fr-FR\",\"potentialAction\":[{\"@type\":\"ReadAction\",\"target\":[\"https:\\\/\\\/lasentinelle.dz\\\/index.php\\\/2026\\\/03\\\/09\\\/le-ministere-des-affaires-religieuses-appelle-les-fideles-a-sacquitter-de-la-zakat-el-fitr\\\/\"]}]},{\"@type\":\"ImageObject\",\"inLanguage\":\"fr-FR\",\"@id\":\"https:\\\/\\\/lasentinelle.dz\\\/index.php\\\/2026\\\/03\\\/09\\\/le-ministere-des-affaires-religieuses-appelle-les-fideles-a-sacquitter-de-la-zakat-el-fitr\\\/#primaryimage\",\"url\":\"https:\\\/\\\/lasentinelle.dz\\\/wp-content\\\/uploads\\\/2026\\\/03\\\/zakat.jpg\",\"contentUrl\":\"https:\\\/\\\/lasentinelle.dz\\\/wp-content\\\/uploads\\\/2026\\\/03\\\/zakat.jpg\",\"width\":2244,\"height\":1063},{\"@type\":\"BreadcrumbList\",\"@id\":\"https:\\\/\\\/lasentinelle.dz\\\/index.php\\\/2026\\\/03\\\/09\\\/le-ministere-des-affaires-religieuses-appelle-les-fideles-a-sacquitter-de-la-zakat-el-fitr\\\/#breadcrumb\",\"itemListElement\":[{\"@type\":\"ListItem\",\"position\":1,\"name\":\"Accueil\",\"item\":\"https:\\\/\\\/lasentinelle.dz\\\/\"},{\"@type\":\"ListItem\",\"position\":2,\"name\":\"Le minist\u00e8re des Affaires religieuses appelle les fid\u00e8les \u00e0 s\u2019acquitter de la Zakat el-Fitr\"}]},{\"@type\":\"WebSite\",\"@id\":\"https:\\\/\\\/lasentinelle.dz\\\/#website\",\"url\":\"https:\\\/\\\/lasentinelle.dz\\\/\",\"name\":\"La Sentinelle\",\"description\":\"Quotidien national d&#039;information\",\"publisher\":{\"@id\":\"https:\\\/\\\/lasentinelle.dz\\\/#organization\"},\"potentialAction\":[{\"@type\":\"SearchAction\",\"target\":{\"@type\":\"EntryPoint\",\"urlTemplate\":\"https:\\\/\\\/lasentinelle.dz\\\/?s={search_term_string}\"},\"query-input\":{\"@type\":\"PropertyValueSpecification\",\"valueRequired\":true,\"valueName\":\"search_term_string\"}}],\"inLanguage\":\"fr-FR\"},{\"@type\":\"Organization\",\"@id\":\"https:\\\/\\\/lasentinelle.dz\\\/#organization\",\"name\":\"Quotidien La Sentinelle\",\"url\":\"https:\\\/\\\/lasentinelle.dz\\\/\",\"logo\":{\"@type\":\"ImageObject\",\"inLanguage\":\"fr-FR\",\"@id\":\"https:\\\/\\\/lasentinelle.dz\\\/#\\\/schema\\\/logo\\\/image\\\/\",\"url\":\"https:\\\/\\\/lasentinelle.dz\\\/wp-content\\\/uploads\\\/2021\\\/09\\\/logo-sentinelleSLOGAN-1.png\",\"contentUrl\":\"https:\\\/\\\/lasentinelle.dz\\\/wp-content\\\/uploads\\\/2021\\\/09\\\/logo-sentinelleSLOGAN-1.png\",\"width\":615,\"height\":142,\"caption\":\"Quotidien La Sentinelle\"},\"image\":{\"@id\":\"https:\\\/\\\/lasentinelle.dz\\\/#\\\/schema\\\/logo\\\/image\\\/\"},\"sameAs\":[\"https:\\\/\\\/www.facebook.com\\\/La-Sentinelle-104059864394773\"]},{\"@type\":\"Person\",\"@id\":\"https:\\\/\\\/lasentinelle.dz\\\/#\\\/schema\\\/person\\\/729ee0024f24e0b8c5ec17232f8e8b41\",\"name\":\"admin\",\"image\":{\"@type\":\"ImageObject\",\"inLanguage\":\"fr-FR\",\"@id\":\"https:\\\/\\\/secure.gravatar.com\\\/avatar\\\/4c81fed838786e9b53f540bf46533e750f5d292099ae3b66cfc6fb1982e29df7?s=96&d=mm&r=g\",\"url\":\"https:\\\/\\\/secure.gravatar.com\\\/avatar\\\/4c81fed838786e9b53f540bf46533e750f5d292099ae3b66cfc6fb1982e29df7?s=96&d=mm&r=g\",\"contentUrl\":\"https:\\\/\\\/secure.gravatar.com\\\/avatar\\\/4c81fed838786e9b53f540bf46533e750f5d292099ae3b66cfc6fb1982e29df7?s=96&d=mm&r=g\",\"caption\":\"admin\"},\"description\":\"admin\",\"url\":\"https:\\\/\\\/lasentinelle.dz\\\/author\\\/admin\\\/\"}]}<\/script>\n<!-- \/ Yoast SEO plugin. -->","yoast_head_json":{"title":"Le minist\u00e8re des Affaires religieuses appelle les fid\u00e8les \u00e0 s\u2019acquitter de la Zakat el-Fitr - La Sentinelle","robots":{"index":"index","follow":"follow","max-snippet":"max-snippet:-1","max-image-preview":"max-image-preview:large","max-video-preview":"max-video-preview:-1"},"canonical":"https:\/\/lasentinelle.dz\/index.php\/2026\/03\/09\/le-ministere-des-affaires-religieuses-appelle-les-fideles-a-sacquitter-de-la-zakat-el-fitr\/","og_locale":"fr_FR","og_type":"article","og_title":"Le minist\u00e8re des Affaires religieuses appelle les fid\u00e8les \u00e0 s\u2019acquitter de la Zakat el-Fitr - La Sentinelle","og_description":"Le minist\u00e8re des Affaires religieuses et des Wakfs a appel\u00e9 lundi les fid\u00e8les \u00e0 s&rsquo;acquitter sans tarder de la zakat","og_url":"https:\/\/lasentinelle.dz\/index.php\/2026\/03\/09\/le-ministere-des-affaires-religieuses-appelle-les-fideles-a-sacquitter-de-la-zakat-el-fitr\/","og_site_name":"La Sentinelle","article_publisher":"https:\/\/www.facebook.com\/La-Sentinelle-104059864394773","article_published_time":"2026-03-09T19:07:30+00:00","article_modified_time":"2026-03-09T19:07:31+00:00","og_image":[{"width":2244,"height":1063,"url":"https:\/\/lasentinelle.dz\/wp-content\/uploads\/2026\/03\/zakat.jpg","type":"image\/jpeg"}],"author":"admin","twitter_card":"summary_large_image","twitter_misc":{"\u00c9crit par":"admin","Dur\u00e9e de lecture estim\u00e9e":"2 minutes"},"schema":{"@context":"https:\/\/schema.org","@graph":[{"@type":"Article","@id":"https:\/\/lasentinelle.dz\/index.php\/2026\/03\/09\/le-ministere-des-affaires-religieuses-appelle-les-fideles-a-sacquitter-de-la-zakat-el-fitr\/#article","isPartOf":{"@id":"https:\/\/lasentinelle.dz\/index.php\/2026\/03\/09\/le-ministere-des-affaires-religieuses-appelle-les-fideles-a-sacquitter-de-la-zakat-el-fitr\/"},"author":{"name":"admin","@id":"https:\/\/lasentinelle.dz\/#\/schema\/person\/729ee0024f24e0b8c5ec17232f8e8b41"},"headline":"Le minist\u00e8re des Affaires religieuses appelle les fid\u00e8les \u00e0 s\u2019acquitter de la Zakat el-Fitr","datePublished":"2026-03-09T19:07:30+00:00","dateModified":"2026-03-09T19:07:31+00:00","mainEntityOfPage":{"@id":"https:\/\/lasentinelle.dz\/index.php\/2026\/03\/09\/le-ministere-des-affaires-religieuses-appelle-les-fideles-a-sacquitter-de-la-zakat-el-fitr\/"},"wordCount":288,"commentCount":0,"publisher":{"@id":"https:\/\/lasentinelle.dz\/#organization"},"image":{"@id":"https:\/\/lasentinelle.dz\/index.php\/2026\/03\/09\/le-ministere-des-affaires-religieuses-appelle-les-fideles-a-sacquitter-de-la-zakat-el-fitr\/#primaryimage"},"thumbnailUrl":"https:\/\/lasentinelle.dz\/wp-content\/uploads\/2026\/03\/zakat.jpg","articleSection":["Actualit\u00e9"],"inLanguage":"fr-FR","potentialAction":[{"@type":"CommentAction","name":"Comment","target":["https:\/\/lasentinelle.dz\/index.php\/2026\/03\/09\/le-ministere-des-affaires-religieuses-appelle-les-fideles-a-sacquitter-de-la-zakat-el-fitr\/#respond"]}]},{"@type":"WebPage","@id":"https:\/\/lasentinelle.dz\/index.php\/2026\/03\/09\/le-ministere-des-affaires-religieuses-appelle-les-fideles-a-sacquitter-de-la-zakat-el-fitr\/","url":"https:\/\/lasentinelle.dz\/index.php\/2026\/03\/09\/le-ministere-des-affaires-religieuses-appelle-les-fideles-a-sacquitter-de-la-zakat-el-fitr\/","name":"Le minist\u00e8re des Affaires religieuses appelle les fid\u00e8les \u00e0 s\u2019acquitter de la Zakat el-Fitr - La Sentinelle","isPartOf":{"@id":"https:\/\/lasentinelle.dz\/#website"},"primaryImageOfPage":{"@id":"https:\/\/lasentinelle.dz\/index.php\/2026\/03\/09\/le-ministere-des-affaires-religieuses-appelle-les-fideles-a-sacquitter-de-la-zakat-el-fitr\/#primaryimage"},"image":{"@id":"https:\/\/lasentinelle.dz\/index.php\/2026\/03\/09\/le-ministere-des-affaires-religieuses-appelle-les-fideles-a-sacquitter-de-la-zakat-el-fitr\/#primaryimage"},"thumbnailUrl":"https:\/\/lasentinelle.dz\/wp-content\/uploads\/2026\/03\/zakat.jpg","datePublished":"2026-03-09T19:07:30+00:00","dateModified":"2026-03-09T19:07:31+00:00","breadcrumb":{"@id":"https:\/\/lasentinelle.dz\/index.php\/2026\/03\/09\/le-ministere-des-affaires-religieuses-appelle-les-fideles-a-sacquitter-de-la-zakat-el-fitr\/#breadcrumb"},"inLanguage":"fr-FR","potentialAction":[{"@type":"ReadAction","target":["https:\/\/lasentinelle.dz\/index.php\/2026\/03\/09\/le-ministere-des-affaires-religieuses-appelle-les-fideles-a-sacquitter-de-la-zakat-el-fitr\/"]}]},{"@type":"ImageObject","inLanguage":"fr-FR","@id":"https:\/\/lasentinelle.dz\/index.php\/2026\/03\/09\/le-ministere-des-affaires-religieuses-appelle-les-fideles-a-sacquitter-de-la-zakat-el-fitr\/#primaryimage","url":"https:\/\/lasentinelle.dz\/wp-content\/uploads\/2026\/03\/zakat.jpg","contentUrl":"https:\/\/lasentinelle.dz\/wp-content\/uploads\/2026\/03\/zakat.jpg","width":2244,"height":1063},{"@type":"BreadcrumbList","@id":"https:\/\/lasentinelle.dz\/index.php\/2026\/03\/09\/le-ministere-des-affaires-religieuses-appelle-les-fideles-a-sacquitter-de-la-zakat-el-fitr\/#breadcrumb","itemListElement":[{"@type":"ListItem","position":1,"name":"Accueil","item":"https:\/\/lasentinelle.dz\/"},{"@type":"ListItem","position":2,"name":"Le minist\u00e8re des Affaires religieuses appelle les fid\u00e8les \u00e0 s\u2019acquitter de la Zakat el-Fitr"}]},{"@type":"WebSite","@id":"https:\/\/lasentinelle.dz\/#website","url":"https:\/\/lasentinelle.dz\/","name":"La Sentinelle","description":"Quotidien national d&#039;information","publisher":{"@id":"https:\/\/lasentinelle.dz\/#organization"},"potentialAction":[{"@type":"SearchAction","target":{"@type":"EntryPoint","urlTemplate":"https:\/\/lasentinelle.dz\/?s={search_term_string}"},"query-input":{"@type":"PropertyValueSpecification","valueRequired":true,"valueName":"search_term_string"}}],"inLanguage":"fr-FR"},{"@type":"Organization","@id":"https:\/\/lasentinelle.dz\/#organization","name":"Quotidien La Sentinelle","url":"https:\/\/lasentinelle.dz\/","logo":{"@type":"ImageObject","inLanguage":"fr-FR","@id":"https:\/\/lasentinelle.dz\/#\/schema\/logo\/image\/","url":"https:\/\/lasentinelle.dz\/wp-content\/uploads\/2021\/09\/logo-sentinelleSLOGAN-1.png","contentUrl":"https:\/\/lasentinelle.dz\/wp-content\/uploads\/2021\/09\/logo-sentinelleSLOGAN-1.png","width":615,"height":142,"caption":"Quotidien La Sentinelle"},"image":{"@id":"https:\/\/lasentinelle.dz\/#\/schema\/logo\/image\/"},"sameAs":["https:\/\/www.facebook.com\/La-Sentinelle-104059864394773"]},{"@type":"Person","@id":"https:\/\/lasentinelle.dz\/#\/schema\/person\/729ee0024f24e0b8c5ec17232f8e8b41","name":"admin","image":{"@type":"ImageObject","inLanguage":"fr-FR","@id":"https:\/\/secure.gravatar.com\/avatar\/4c81fed838786e9b53f540bf46533e750f5d292099ae3b66cfc6fb1982e29df7?s=96&d=mm&r=g","url":"https:\/\/secure.gravatar.com\/avatar\/4c81fed838786e9b53f540bf46533e750f5d292099ae3b66cfc6fb1982e29df7?s=96&d=mm&r=g","contentUrl":"https:\/\/secure.gravatar.com\/avatar\/4c81fed838786e9b53f540bf46533e750f5d292099ae3b66cfc6fb1982e29df7?s=96&d=mm&r=g","caption":"admin"},"description":"admin","url":"https:\/\/lasentinelle.dz\/author\/admin\/"}]}},"_links":{"self":[{"href":"https:\/\/lasentinelle.dz\/index.php\/wp-json\/wp\/v2\/posts\/83122","targetHints":{"allow":["GET"]}}],"collection":[{"href":"https:\/\/lasentinelle.dz\/index.php\/wp-json\/wp\/v2\/posts"}],"about":[{"href":"https:\/\/lasentinelle.dz\/index.php\/wp-json\/wp\/v2\/types\/post"}],"author":[{"embeddable":true,"href":"https:\/\/lasentinelle.dz\/index.php\/wp-json\/wp\/v2\/users\/6"}],"replies":[{"embeddable":true,"href":"https:\/\/lasentinelle.dz\/index.php\/wp-json\/wp\/v2\/comments?post=83122"}],"version-history":[{"count":1,"href":"https:\/\/lasentinelle.dz\/index.php\/wp-json\/wp\/v2\/posts\/83122\/revisions"}],"predecessor-version":[{"id":83124,"href":"https:\/\/lasentinelle.dz\/index.php\/wp-json\/wp\/v2\/posts\/83122\/revisions\/83124"}],"wp:featuredmedia":[{"embeddable":true,"href":"https:\/\/lasentinelle.dz\/index.php\/wp-json\/wp\/v2\/media\/83123"}],"wp:attachment":[{"href":"https:\/\/lasentinelle.dz\/index.php\/wp-json\/wp\/v2\/media?parent=83122"}],"wp:term":[{"taxonomy":"category","embeddable":true,"href":"https:\/\/lasentinelle.dz\/index.php\/wp-json\/wp\/v2\/categories?post=83122"},{"taxonomy":"post_tag","embeddable":true,"href":"https:\/\/lasentinelle.dz\/index.php\/wp-json\/wp\/v2\/tags?post=83122"}],"curies":[{"name":"wp","href":"https:\/\/api.w.org\/{rel}","templated":true}]}}