{"id":83138,"date":"2026-03-09T20:14:12","date_gmt":"2026-03-09T19:14:12","guid":{"rendered":"https:\/\/lasentinelle.dz\/?p=83138"},"modified":"2026-03-09T20:14:13","modified_gmt":"2026-03-09T19:14:13","slug":"les-installations-petrolieres-au-coeur-de-la-guerre-au-moyen-orient","status":"publish","type":"post","link":"https:\/\/lasentinelle.dz\/index.php\/2026\/03\/09\/les-installations-petrolieres-au-coeur-de-la-guerre-au-moyen-orient\/","title":{"rendered":"Les installations p\u00e9troli\u00e8res au c\u0153ur de la guerre au Moyen-Orient"},"content":{"rendered":"\n<p>Au dixi\u00e8me jour de l\u2019agression am\u00e9ricano-sioniste contre l&rsquo;Iran, les installations \u00e9nerg\u00e9tiques sont devenues l&rsquo;enjeu central d&rsquo;un conflit qui menace l&rsquo;\u00e9quilibre \u00e9conomique mondial. T\u00e9h\u00e9ran a averti qu&rsquo;elle pourrait cibler les infrastructures p\u00e9troli\u00e8res r\u00e9gionales, tandis que les experts redoutent une flamb\u00e9e au-del\u00e0 de 200 dollars le baril.<\/p>\n\n\n\n<p>L&rsquo;escalade qui secoue le Golfe depuis le 28 f\u00e9vrier a franchi lundi un nouveau cap. De nouvelles frappes isra\u00e9liennes ont vis\u00e9 des infrastructures \u00e9nerg\u00e9tiques \u00e0 T\u00e9h\u00e9ran, Ispahan et dans le sud. Selon les autorit\u00e9s iraniennes, l&rsquo;offensive a caus\u00e9 1332 morts, dont le Guide Ali Khamenei. La dimension \u00e9nerg\u00e9tique a pris une ampleur in\u00e9dite dimanche lorsque l&rsquo;aviation isra\u00e9lienne a bombard\u00e9 des d\u00e9p\u00f4ts de p\u00e9trole. L&rsquo;\u00e9tat-major iranien a averti que la poursuite de telles op\u00e9rations pourrait entra\u00eener des repr\u00e9sailles \u00e0 travers le Moyen-Orient, \u00e9voquant un d\u00e9passement des 200 dollars le baril. Les r\u00e9percussions \u00e9conomiques se font sentir. L&rsquo;activit\u00e9 maritime conna\u00eet un recul notable. Le d\u00e9troit d&rsquo;Ormuz, par lequel transite un cinqui\u00e8me du p\u00e9trole mondial, cristallise les inqui\u00e9tudes. Plusieurs pays du Golfe ont arr\u00eat\u00e9 la production. C\u2019est dans ce contexte que Mojtaba Khamenei a \u00e9t\u00e9 d\u00e9sign\u00e9 Guide supr\u00eame succ\u00e9dant \u00e0 son p\u00e8re. Trump a d\u00e9clar\u00e9 que le nouveau Guide \u00ab\u00a0ne tiendrait pas longtemps\u00a0\u00bb. L\u2019entit\u00e9 sioniste a pr\u00e9venu qu&rsquo;il serait \u00ab\u00a0une cible\u00a0\u00bb. L&rsquo;Iran a ripost\u00e9 par missiles et drones.<\/p>\n\n\n\n<p><strong>P\u00e9kin et Moscou haussent le ton<\/strong><\/p>\n\n\n\n<p>Face \u00e0 l&rsquo;intensification du conflit, les grandes puissances rivales des \u00c9tats-Unis ont durci leur position. Le pr\u00e9sident russe Vladimir Poutine a adress\u00e9 lundi un message de f\u00e9licitations \u00e0 Mojtaba Khamenei, r\u00e9affirmant le \u00ab\u00a0soutien ind\u00e9fectible\u00a0\u00bb de Moscou \u00e0 T\u00e9h\u00e9ran. \u00ab\u00a0Dans un contexte o\u00f9 l&rsquo;Iran fait face \u00e0 une agression arm\u00e9e, vos fonctions \u00e0 ce poste \u00e9lev\u00e9 exigeront sans doute beaucoup de courage et de d\u00e9vouement\u00a0\u00bb, a d\u00e9clar\u00e9 le chef du Kremlin, ajoutant que \u00ab\u00a0la Russie a \u00e9t\u00e9 et restera un partenaire fiable de la R\u00e9publique islamique\u00a0\u00bb. Cette d\u00e9claration de solidarit\u00e9 intervient alors que Moscou a entam\u00e9 la deuxi\u00e8me phase de l&rsquo;\u00e9vacuation de son personnel de la centrale nucl\u00e9aire de Bouchehr, dont la construction avait \u00e9t\u00e9 assur\u00e9e par la Russie.<\/p>\n\n\n\n<p>La Chine, principal importateur de p\u00e9trole iranien avec 13% de ses approvisionnements en provenance de T\u00e9h\u00e9ran en 2025, a \u00e9galement hauss\u00e9 le ton. Le porte-parole des Affaires \u00e9trang\u00e8res chinoises, Guo Jiakun, a d\u00e9clar\u00e9 lors d&rsquo;un point de presse que \u00ab\u00a0la Chine s&rsquo;oppose \u00e0 toute ing\u00e9rence dans les affaires int\u00e9rieures d&rsquo;autres pays, sous quelque pr\u00e9texte que ce soit, et la souverainet\u00e9, la s\u00e9curit\u00e9 et l&rsquo;int\u00e9grit\u00e9 territoriale de l&rsquo;Iran doivent \u00eatre respect\u00e9es\u00a0\u00bb. P\u00e9kin a d\u00e9ploy\u00e9 une intense activit\u00e9 diplomatique, d\u00e9signant un \u00e9missaire sp\u00e9cial, Zhai Jun, charg\u00e9 de mener une m\u00e9diation. Ce dernier s&rsquo;est entretenu dimanche avec le ministre saoudien des Affaires \u00e9trang\u00e8res et le secr\u00e9taire g\u00e9n\u00e9ral du Conseil de coop\u00e9ration du Golfe. Au Conseil de s\u00e9curit\u00e9 des Nations unies, la Russie a pr\u00e9sent\u00e9 un projet de r\u00e9solution appelant \u00e0 un cessez-le-feu imm\u00e9diat au Moyen-Orient et exhortant toutes les parties \u00e0 reprendre les n\u00e9gociations. Le document souligne \u00ab\u00a0l&rsquo;importance de garantir la s\u00e9curit\u00e9 de tous les \u00c9tats au Moyen-Orient\u00a0\u00bb et insiste sur le respect des obligations d\u00e9coulant du droit international, y compris le droit international humanitaire. Plusieurs pays non align\u00e9s, dont la Malaisie, ont appel\u00e9 la communaut\u00e9 internationale \u00e0 agir de mani\u00e8re \u00ab\u00a0urgente et d\u00e9cisive\u00a0\u00bb avant que le conflit ne fasse davantage de victimes.<\/p>\n\n\n\n<p>L&rsquo;Organisation de la coop\u00e9ration islamique a \u00e9galement condamn\u00e9 fermement la poursuite des op\u00e9rations militaires, appelant \u00e0 l&rsquo;imposition de sanctions dissuasives. Les observateurs notent toutefois que la probabilit\u00e9 d&rsquo;une intervention directe de la Chine ou de la Russie reste faible, ces puissances privil\u00e9giant pour l&rsquo;instant les canaux diplomatiques tout en maintenant leur soutien politique \u00e0 T\u00e9h\u00e9ran.<\/p>\n\n\n\n<p>Alors que les experts redoutent une extension du conflit susceptible de d\u00e9stabiliser durablement l&rsquo;approvisionnement \u00e9nerg\u00e9tique mondial, la France a annonc\u00e9, avec ses alli\u00e9s, la pr\u00e9paration d&rsquo;une mission \u00ab\u00a0d\u00e9fensive\u00a0\u00bb visant \u00e0 rouvrir le d\u00e9troit d&rsquo;Ormuz. Cette initiative, per\u00e7ue par T\u00e9h\u00e9ran comme une ing\u00e9rence suppl\u00e9mentaire, pourrait compliquer davantage la recherche d&rsquo;une issue diplomatique \u00e0 une crise qui menace de plonger l&rsquo;\u00e9conomie mondiale dans la tourmente. La communaut\u00e9 internationale se trouve d\u00e9sormais face \u00e0 un dilemme : laisser l&rsquo;escalade militaire suivre son cours avec des cons\u00e9quences \u00e9conomiques potentiellement catastrophiques, ou imposer un cessez-le-feu que ni Washington ni Tel-Aviv ne semblent pr\u00eats \u00e0 accepter pour l&rsquo;instant.<\/p>\n\n\n\n<p>Lyes Sa\u00efdi<\/p>\n","protected":false},"excerpt":{"rendered":"<p>Au dixi\u00e8me jour de l\u2019agression am\u00e9ricano-sioniste contre l&rsquo;Iran, les installations \u00e9nerg\u00e9tiques sont devenues l&rsquo;enjeu central d&rsquo;un conflit qui menace l&rsquo;\u00e9quilibre<\/p>\n","protected":false},"author":6,"featured_media":82762,"comment_status":"open","ping_status":"closed","sticky":false,"template":"","format":"standard","meta":{"colormag_page_container_layout":"default_layout","colormag_page_sidebar_layout":"default_layout","om_disable_all_campaigns":false,"_monsterinsights_skip_tracking":false,"_monsterinsights_sitenote_active":false,"_monsterinsights_sitenote_note":"","_monsterinsights_sitenote_category":0,"footnotes":"","_wpscppro_dont_share_socialmedia":false,"_wpscppro_custom_social_share_image":0,"_facebook_share_type":"default","_twitter_share_type":"default","_linkedin_share_type":"default","_pinterest_share_type":"default","_linkedin_share_type_page":"","_instagram_share_type":"default","_medium_share_type":"default","_threads_share_type":"default","_google_business_share_type":"default","_selected_social_profile":[],"_wpsp_enable_custom_social_template":false,"_wpsp_social_scheduling":{"enabled":false,"datetime":null,"platforms":[],"status":"template_only","dateOption":"today","timeOption":"now","customDays":"","customHours":"","customDate":"","customTime":"","schedulingType":"absolute"},"_wpsp_active_default_template":true},"categories":[37],"tags":[],"class_list":["post-83138","post","type-post","status-publish","format-standard","has-post-thumbnail","hentry","category-monde"],"aioseo_notices":[],"yoast_head":"<!-- This site is optimized with the Yoast SEO plugin v27.4 - https:\/\/yoast.com\/product\/yoast-seo-wordpress\/ -->\n<title>Les installations p\u00e9troli\u00e8res au c\u0153ur de la guerre au Moyen-Orient - La Sentinelle<\/title>\n<meta name=\"robots\" content=\"index, follow, max-snippet:-1, max-image-preview:large, max-video-preview:-1\" \/>\n<link rel=\"canonical\" href=\"https:\/\/lasentinelle.dz\/index.php\/2026\/03\/09\/les-installations-petrolieres-au-coeur-de-la-guerre-au-moyen-orient\/\" \/>\n<meta property=\"og:locale\" content=\"fr_FR\" \/>\n<meta property=\"og:type\" content=\"article\" \/>\n<meta property=\"og:title\" content=\"Les installations p\u00e9troli\u00e8res au c\u0153ur de la guerre au Moyen-Orient - La Sentinelle\" \/>\n<meta property=\"og:description\" content=\"Au dixi\u00e8me jour de l\u2019agression am\u00e9ricano-sioniste contre l&rsquo;Iran, les installations \u00e9nerg\u00e9tiques sont devenues l&rsquo;enjeu central d&rsquo;un conflit qui menace l&rsquo;\u00e9quilibre\" \/>\n<meta property=\"og:url\" content=\"https:\/\/lasentinelle.dz\/index.php\/2026\/03\/09\/les-installations-petrolieres-au-coeur-de-la-guerre-au-moyen-orient\/\" \/>\n<meta property=\"og:site_name\" content=\"La Sentinelle\" \/>\n<meta property=\"article:publisher\" content=\"https:\/\/www.facebook.com\/La-Sentinelle-104059864394773\" \/>\n<meta property=\"article:published_time\" content=\"2026-03-09T19:14:12+00:00\" \/>\n<meta property=\"article:modified_time\" content=\"2026-03-09T19:14:13+00:00\" \/>\n<meta property=\"og:image\" content=\"https:\/\/lasentinelle.dz\/wp-content\/uploads\/2026\/03\/installation-petroliere-1024x569.png\" \/>\n\t<meta property=\"og:image:width\" content=\"1024\" \/>\n\t<meta property=\"og:image:height\" content=\"569\" \/>\n\t<meta property=\"og:image:type\" content=\"image\/png\" \/>\n<meta name=\"author\" content=\"admin\" \/>\n<meta name=\"twitter:card\" content=\"summary_large_image\" \/>\n<meta name=\"twitter:label1\" content=\"\u00c9crit par\" \/>\n\t<meta name=\"twitter:data1\" content=\"admin\" \/>\n\t<meta name=\"twitter:label2\" content=\"Dur\u00e9e de lecture estim\u00e9e\" \/>\n\t<meta name=\"twitter:data2\" content=\"4 minutes\" \/>\n<script type=\"application\/ld+json\" class=\"yoast-schema-graph\">{\"@context\":\"https:\\\/\\\/schema.org\",\"@graph\":[{\"@type\":\"Article\",\"@id\":\"https:\\\/\\\/lasentinelle.dz\\\/index.php\\\/2026\\\/03\\\/09\\\/les-installations-petrolieres-au-coeur-de-la-guerre-au-moyen-orient\\\/#article\",\"isPartOf\":{\"@id\":\"https:\\\/\\\/lasentinelle.dz\\\/index.php\\\/2026\\\/03\\\/09\\\/les-installations-petrolieres-au-coeur-de-la-guerre-au-moyen-orient\\\/\"},\"author\":{\"name\":\"admin\",\"@id\":\"https:\\\/\\\/lasentinelle.dz\\\/#\\\/schema\\\/person\\\/729ee0024f24e0b8c5ec17232f8e8b41\"},\"headline\":\"Les installations p\u00e9troli\u00e8res au c\u0153ur de la guerre au Moyen-Orient\",\"datePublished\":\"2026-03-09T19:14:12+00:00\",\"dateModified\":\"2026-03-09T19:14:13+00:00\",\"mainEntityOfPage\":{\"@id\":\"https:\\\/\\\/lasentinelle.dz\\\/index.php\\\/2026\\\/03\\\/09\\\/les-installations-petrolieres-au-coeur-de-la-guerre-au-moyen-orient\\\/\"},\"wordCount\":822,\"commentCount\":0,\"publisher\":{\"@id\":\"https:\\\/\\\/lasentinelle.dz\\\/#organization\"},\"image\":{\"@id\":\"https:\\\/\\\/lasentinelle.dz\\\/index.php\\\/2026\\\/03\\\/09\\\/les-installations-petrolieres-au-coeur-de-la-guerre-au-moyen-orient\\\/#primaryimage\"},\"thumbnailUrl\":\"https:\\\/\\\/lasentinelle.dz\\\/wp-content\\\/uploads\\\/2026\\\/03\\\/installation-petroliere.png\",\"articleSection\":[\"Monde\"],\"inLanguage\":\"fr-FR\",\"potentialAction\":[{\"@type\":\"CommentAction\",\"name\":\"Comment\",\"target\":[\"https:\\\/\\\/lasentinelle.dz\\\/index.php\\\/2026\\\/03\\\/09\\\/les-installations-petrolieres-au-coeur-de-la-guerre-au-moyen-orient\\\/#respond\"]}]},{\"@type\":\"WebPage\",\"@id\":\"https:\\\/\\\/lasentinelle.dz\\\/index.php\\\/2026\\\/03\\\/09\\\/les-installations-petrolieres-au-coeur-de-la-guerre-au-moyen-orient\\\/\",\"url\":\"https:\\\/\\\/lasentinelle.dz\\\/index.php\\\/2026\\\/03\\\/09\\\/les-installations-petrolieres-au-coeur-de-la-guerre-au-moyen-orient\\\/\",\"name\":\"Les installations p\u00e9troli\u00e8res au c\u0153ur de la guerre au Moyen-Orient - La Sentinelle\",\"isPartOf\":{\"@id\":\"https:\\\/\\\/lasentinelle.dz\\\/#website\"},\"primaryImageOfPage\":{\"@id\":\"https:\\\/\\\/lasentinelle.dz\\\/index.php\\\/2026\\\/03\\\/09\\\/les-installations-petrolieres-au-coeur-de-la-guerre-au-moyen-orient\\\/#primaryimage\"},\"image\":{\"@id\":\"https:\\\/\\\/lasentinelle.dz\\\/index.php\\\/2026\\\/03\\\/09\\\/les-installations-petrolieres-au-coeur-de-la-guerre-au-moyen-orient\\\/#primaryimage\"},\"thumbnailUrl\":\"https:\\\/\\\/lasentinelle.dz\\\/wp-content\\\/uploads\\\/2026\\\/03\\\/installation-petroliere.png\",\"datePublished\":\"2026-03-09T19:14:12+00:00\",\"dateModified\":\"2026-03-09T19:14:13+00:00\",\"breadcrumb\":{\"@id\":\"https:\\\/\\\/lasentinelle.dz\\\/index.php\\\/2026\\\/03\\\/09\\\/les-installations-petrolieres-au-coeur-de-la-guerre-au-moyen-orient\\\/#breadcrumb\"},\"inLanguage\":\"fr-FR\",\"potentialAction\":[{\"@type\":\"ReadAction\",\"target\":[\"https:\\\/\\\/lasentinelle.dz\\\/index.php\\\/2026\\\/03\\\/09\\\/les-installations-petrolieres-au-coeur-de-la-guerre-au-moyen-orient\\\/\"]}]},{\"@type\":\"ImageObject\",\"inLanguage\":\"fr-FR\",\"@id\":\"https:\\\/\\\/lasentinelle.dz\\\/index.php\\\/2026\\\/03\\\/09\\\/les-installations-petrolieres-au-coeur-de-la-guerre-au-moyen-orient\\\/#primaryimage\",\"url\":\"https:\\\/\\\/lasentinelle.dz\\\/wp-content\\\/uploads\\\/2026\\\/03\\\/installation-petroliere.png\",\"contentUrl\":\"https:\\\/\\\/lasentinelle.dz\\\/wp-content\\\/uploads\\\/2026\\\/03\\\/installation-petroliere.png\",\"width\":1974,\"height\":1096},{\"@type\":\"BreadcrumbList\",\"@id\":\"https:\\\/\\\/lasentinelle.dz\\\/index.php\\\/2026\\\/03\\\/09\\\/les-installations-petrolieres-au-coeur-de-la-guerre-au-moyen-orient\\\/#breadcrumb\",\"itemListElement\":[{\"@type\":\"ListItem\",\"position\":1,\"name\":\"Accueil\",\"item\":\"https:\\\/\\\/lasentinelle.dz\\\/\"},{\"@type\":\"ListItem\",\"position\":2,\"name\":\"Les installations p\u00e9troli\u00e8res au c\u0153ur de la guerre au Moyen-Orient\"}]},{\"@type\":\"WebSite\",\"@id\":\"https:\\\/\\\/lasentinelle.dz\\\/#website\",\"url\":\"https:\\\/\\\/lasentinelle.dz\\\/\",\"name\":\"La Sentinelle\",\"description\":\"Quotidien national d&#039;information\",\"publisher\":{\"@id\":\"https:\\\/\\\/lasentinelle.dz\\\/#organization\"},\"potentialAction\":[{\"@type\":\"SearchAction\",\"target\":{\"@type\":\"EntryPoint\",\"urlTemplate\":\"https:\\\/\\\/lasentinelle.dz\\\/?s={search_term_string}\"},\"query-input\":{\"@type\":\"PropertyValueSpecification\",\"valueRequired\":true,\"valueName\":\"search_term_string\"}}],\"inLanguage\":\"fr-FR\"},{\"@type\":\"Organization\",\"@id\":\"https:\\\/\\\/lasentinelle.dz\\\/#organization\",\"name\":\"Quotidien La Sentinelle\",\"url\":\"https:\\\/\\\/lasentinelle.dz\\\/\",\"logo\":{\"@type\":\"ImageObject\",\"inLanguage\":\"fr-FR\",\"@id\":\"https:\\\/\\\/lasentinelle.dz\\\/#\\\/schema\\\/logo\\\/image\\\/\",\"url\":\"https:\\\/\\\/lasentinelle.dz\\\/wp-content\\\/uploads\\\/2021\\\/09\\\/logo-sentinelleSLOGAN-1.png\",\"contentUrl\":\"https:\\\/\\\/lasentinelle.dz\\\/wp-content\\\/uploads\\\/2021\\\/09\\\/logo-sentinelleSLOGAN-1.png\",\"width\":615,\"height\":142,\"caption\":\"Quotidien La Sentinelle\"},\"image\":{\"@id\":\"https:\\\/\\\/lasentinelle.dz\\\/#\\\/schema\\\/logo\\\/image\\\/\"},\"sameAs\":[\"https:\\\/\\\/www.facebook.com\\\/La-Sentinelle-104059864394773\"]},{\"@type\":\"Person\",\"@id\":\"https:\\\/\\\/lasentinelle.dz\\\/#\\\/schema\\\/person\\\/729ee0024f24e0b8c5ec17232f8e8b41\",\"name\":\"admin\",\"image\":{\"@type\":\"ImageObject\",\"inLanguage\":\"fr-FR\",\"@id\":\"https:\\\/\\\/secure.gravatar.com\\\/avatar\\\/4c81fed838786e9b53f540bf46533e750f5d292099ae3b66cfc6fb1982e29df7?s=96&d=mm&r=g\",\"url\":\"https:\\\/\\\/secure.gravatar.com\\\/avatar\\\/4c81fed838786e9b53f540bf46533e750f5d292099ae3b66cfc6fb1982e29df7?s=96&d=mm&r=g\",\"contentUrl\":\"https:\\\/\\\/secure.gravatar.com\\\/avatar\\\/4c81fed838786e9b53f540bf46533e750f5d292099ae3b66cfc6fb1982e29df7?s=96&d=mm&r=g\",\"caption\":\"admin\"},\"description\":\"admin\",\"url\":\"https:\\\/\\\/lasentinelle.dz\\\/author\\\/admin\\\/\"}]}<\/script>\n<!-- \/ Yoast SEO plugin. -->","yoast_head_json":{"title":"Les installations p\u00e9troli\u00e8res au c\u0153ur de la guerre au Moyen-Orient - La Sentinelle","robots":{"index":"index","follow":"follow","max-snippet":"max-snippet:-1","max-image-preview":"max-image-preview:large","max-video-preview":"max-video-preview:-1"},"canonical":"https:\/\/lasentinelle.dz\/index.php\/2026\/03\/09\/les-installations-petrolieres-au-coeur-de-la-guerre-au-moyen-orient\/","og_locale":"fr_FR","og_type":"article","og_title":"Les installations p\u00e9troli\u00e8res au c\u0153ur de la guerre au Moyen-Orient - La Sentinelle","og_description":"Au dixi\u00e8me jour de l\u2019agression am\u00e9ricano-sioniste contre l&rsquo;Iran, les installations \u00e9nerg\u00e9tiques sont devenues l&rsquo;enjeu central d&rsquo;un conflit qui menace l&rsquo;\u00e9quilibre","og_url":"https:\/\/lasentinelle.dz\/index.php\/2026\/03\/09\/les-installations-petrolieres-au-coeur-de-la-guerre-au-moyen-orient\/","og_site_name":"La Sentinelle","article_publisher":"https:\/\/www.facebook.com\/La-Sentinelle-104059864394773","article_published_time":"2026-03-09T19:14:12+00:00","article_modified_time":"2026-03-09T19:14:13+00:00","og_image":[{"width":1024,"height":569,"url":"https:\/\/lasentinelle.dz\/wp-content\/uploads\/2026\/03\/installation-petroliere-1024x569.png","type":"image\/png"}],"author":"admin","twitter_card":"summary_large_image","twitter_misc":{"\u00c9crit par":"admin","Dur\u00e9e de lecture estim\u00e9e":"4 minutes"},"schema":{"@context":"https:\/\/schema.org","@graph":[{"@type":"Article","@id":"https:\/\/lasentinelle.dz\/index.php\/2026\/03\/09\/les-installations-petrolieres-au-coeur-de-la-guerre-au-moyen-orient\/#article","isPartOf":{"@id":"https:\/\/lasentinelle.dz\/index.php\/2026\/03\/09\/les-installations-petrolieres-au-coeur-de-la-guerre-au-moyen-orient\/"},"author":{"name":"admin","@id":"https:\/\/lasentinelle.dz\/#\/schema\/person\/729ee0024f24e0b8c5ec17232f8e8b41"},"headline":"Les installations p\u00e9troli\u00e8res au c\u0153ur de la guerre au Moyen-Orient","datePublished":"2026-03-09T19:14:12+00:00","dateModified":"2026-03-09T19:14:13+00:00","mainEntityOfPage":{"@id":"https:\/\/lasentinelle.dz\/index.php\/2026\/03\/09\/les-installations-petrolieres-au-coeur-de-la-guerre-au-moyen-orient\/"},"wordCount":822,"commentCount":0,"publisher":{"@id":"https:\/\/lasentinelle.dz\/#organization"},"image":{"@id":"https:\/\/lasentinelle.dz\/index.php\/2026\/03\/09\/les-installations-petrolieres-au-coeur-de-la-guerre-au-moyen-orient\/#primaryimage"},"thumbnailUrl":"https:\/\/lasentinelle.dz\/wp-content\/uploads\/2026\/03\/installation-petroliere.png","articleSection":["Monde"],"inLanguage":"fr-FR","potentialAction":[{"@type":"CommentAction","name":"Comment","target":["https:\/\/lasentinelle.dz\/index.php\/2026\/03\/09\/les-installations-petrolieres-au-coeur-de-la-guerre-au-moyen-orient\/#respond"]}]},{"@type":"WebPage","@id":"https:\/\/lasentinelle.dz\/index.php\/2026\/03\/09\/les-installations-petrolieres-au-coeur-de-la-guerre-au-moyen-orient\/","url":"https:\/\/lasentinelle.dz\/index.php\/2026\/03\/09\/les-installations-petrolieres-au-coeur-de-la-guerre-au-moyen-orient\/","name":"Les installations p\u00e9troli\u00e8res au c\u0153ur de la guerre au Moyen-Orient - La Sentinelle","isPartOf":{"@id":"https:\/\/lasentinelle.dz\/#website"},"primaryImageOfPage":{"@id":"https:\/\/lasentinelle.dz\/index.php\/2026\/03\/09\/les-installations-petrolieres-au-coeur-de-la-guerre-au-moyen-orient\/#primaryimage"},"image":{"@id":"https:\/\/lasentinelle.dz\/index.php\/2026\/03\/09\/les-installations-petrolieres-au-coeur-de-la-guerre-au-moyen-orient\/#primaryimage"},"thumbnailUrl":"https:\/\/lasentinelle.dz\/wp-content\/uploads\/2026\/03\/installation-petroliere.png","datePublished":"2026-03-09T19:14:12+00:00","dateModified":"2026-03-09T19:14:13+00:00","breadcrumb":{"@id":"https:\/\/lasentinelle.dz\/index.php\/2026\/03\/09\/les-installations-petrolieres-au-coeur-de-la-guerre-au-moyen-orient\/#breadcrumb"},"inLanguage":"fr-FR","potentialAction":[{"@type":"ReadAction","target":["https:\/\/lasentinelle.dz\/index.php\/2026\/03\/09\/les-installations-petrolieres-au-coeur-de-la-guerre-au-moyen-orient\/"]}]},{"@type":"ImageObject","inLanguage":"fr-FR","@id":"https:\/\/lasentinelle.dz\/index.php\/2026\/03\/09\/les-installations-petrolieres-au-coeur-de-la-guerre-au-moyen-orient\/#primaryimage","url":"https:\/\/lasentinelle.dz\/wp-content\/uploads\/2026\/03\/installation-petroliere.png","contentUrl":"https:\/\/lasentinelle.dz\/wp-content\/uploads\/2026\/03\/installation-petroliere.png","width":1974,"height":1096},{"@type":"BreadcrumbList","@id":"https:\/\/lasentinelle.dz\/index.php\/2026\/03\/09\/les-installations-petrolieres-au-coeur-de-la-guerre-au-moyen-orient\/#breadcrumb","itemListElement":[{"@type":"ListItem","position":1,"name":"Accueil","item":"https:\/\/lasentinelle.dz\/"},{"@type":"ListItem","position":2,"name":"Les installations p\u00e9troli\u00e8res au c\u0153ur de la guerre au Moyen-Orient"}]},{"@type":"WebSite","@id":"https:\/\/lasentinelle.dz\/#website","url":"https:\/\/lasentinelle.dz\/","name":"La Sentinelle","description":"Quotidien national d&#039;information","publisher":{"@id":"https:\/\/lasentinelle.dz\/#organization"},"potentialAction":[{"@type":"SearchAction","target":{"@type":"EntryPoint","urlTemplate":"https:\/\/lasentinelle.dz\/?s={search_term_string}"},"query-input":{"@type":"PropertyValueSpecification","valueRequired":true,"valueName":"search_term_string"}}],"inLanguage":"fr-FR"},{"@type":"Organization","@id":"https:\/\/lasentinelle.dz\/#organization","name":"Quotidien La Sentinelle","url":"https:\/\/lasentinelle.dz\/","logo":{"@type":"ImageObject","inLanguage":"fr-FR","@id":"https:\/\/lasentinelle.dz\/#\/schema\/logo\/image\/","url":"https:\/\/lasentinelle.dz\/wp-content\/uploads\/2021\/09\/logo-sentinelleSLOGAN-1.png","contentUrl":"https:\/\/lasentinelle.dz\/wp-content\/uploads\/2021\/09\/logo-sentinelleSLOGAN-1.png","width":615,"height":142,"caption":"Quotidien La Sentinelle"},"image":{"@id":"https:\/\/lasentinelle.dz\/#\/schema\/logo\/image\/"},"sameAs":["https:\/\/www.facebook.com\/La-Sentinelle-104059864394773"]},{"@type":"Person","@id":"https:\/\/lasentinelle.dz\/#\/schema\/person\/729ee0024f24e0b8c5ec17232f8e8b41","name":"admin","image":{"@type":"ImageObject","inLanguage":"fr-FR","@id":"https:\/\/secure.gravatar.com\/avatar\/4c81fed838786e9b53f540bf46533e750f5d292099ae3b66cfc6fb1982e29df7?s=96&d=mm&r=g","url":"https:\/\/secure.gravatar.com\/avatar\/4c81fed838786e9b53f540bf46533e750f5d292099ae3b66cfc6fb1982e29df7?s=96&d=mm&r=g","contentUrl":"https:\/\/secure.gravatar.com\/avatar\/4c81fed838786e9b53f540bf46533e750f5d292099ae3b66cfc6fb1982e29df7?s=96&d=mm&r=g","caption":"admin"},"description":"admin","url":"https:\/\/lasentinelle.dz\/author\/admin\/"}]}},"_links":{"self":[{"href":"https:\/\/lasentinelle.dz\/index.php\/wp-json\/wp\/v2\/posts\/83138","targetHints":{"allow":["GET"]}}],"collection":[{"href":"https:\/\/lasentinelle.dz\/index.php\/wp-json\/wp\/v2\/posts"}],"about":[{"href":"https:\/\/lasentinelle.dz\/index.php\/wp-json\/wp\/v2\/types\/post"}],"author":[{"embeddable":true,"href":"https:\/\/lasentinelle.dz\/index.php\/wp-json\/wp\/v2\/users\/6"}],"replies":[{"embeddable":true,"href":"https:\/\/lasentinelle.dz\/index.php\/wp-json\/wp\/v2\/comments?post=83138"}],"version-history":[{"count":1,"href":"https:\/\/lasentinelle.dz\/index.php\/wp-json\/wp\/v2\/posts\/83138\/revisions"}],"predecessor-version":[{"id":83139,"href":"https:\/\/lasentinelle.dz\/index.php\/wp-json\/wp\/v2\/posts\/83138\/revisions\/83139"}],"wp:featuredmedia":[{"embeddable":true,"href":"https:\/\/lasentinelle.dz\/index.php\/wp-json\/wp\/v2\/media\/82762"}],"wp:attachment":[{"href":"https:\/\/lasentinelle.dz\/index.php\/wp-json\/wp\/v2\/media?parent=83138"}],"wp:term":[{"taxonomy":"category","embeddable":true,"href":"https:\/\/lasentinelle.dz\/index.php\/wp-json\/wp\/v2\/categories?post=83138"},{"taxonomy":"post_tag","embeddable":true,"href":"https:\/\/lasentinelle.dz\/index.php\/wp-json\/wp\/v2\/tags?post=83138"}],"curies":[{"name":"wp","href":"https:\/\/api.w.org\/{rel}","templated":true}]}}