{"id":83161,"date":"2026-03-09T20:22:56","date_gmt":"2026-03-09T19:22:56","guid":{"rendered":"https:\/\/lasentinelle.dz\/?p=83161"},"modified":"2026-03-09T20:22:57","modified_gmt":"2026-03-09T19:22:57","slug":"mahrez-madjer-belloumi-consacres-dans-le-onze-de-legende-du-football-arabe","status":"publish","type":"post","link":"https:\/\/lasentinelle.dz\/index.php\/2026\/03\/09\/mahrez-madjer-belloumi-consacres-dans-le-onze-de-legende-du-football-arabe\/","title":{"rendered":"Mahrez, Madjer, Belloumi consacr\u00e9s dans le onze de l\u00e9gende du football arabe"},"content":{"rendered":"\n<p>Ils ont port\u00e9 le m\u00eame maillot vert, r\u00eav\u00e9 des m\u00eames victoires, et leurs noms r\u00e9sonnent aujourd&rsquo;hui encore dans la m\u00e9moire collective du football arabe.<\/p>\n\n\n\n<p>Riyad Mahrez, Rabah Madjer et Lakhdar Belloumi ont \u00e9t\u00e9 s\u00e9lectionn\u00e9s dans le onze type des meilleurs joueurs arabes de l&rsquo;histoire du football, selon un classement publi\u00e9 par le r\u00e9seau mondial DAZN, sp\u00e9cialis\u00e9 dans l&rsquo;histoire et la culture du football, et relay\u00e9 par le quotidien sportif saoudien <em>Sport<\/em>. Deux g\u00e9n\u00e9rations, un m\u00eame fil conducteur : l&rsquo;excellence alg\u00e9rienne.<\/p>\n\n\n\n<p>Trois Alg\u00e9riens sur onze. Le chiffre parle de lui-m\u00eame. Dans ce onze de l\u00e9gende compos\u00e9 des plus grandes figures arabes ayant marqu\u00e9 le ballon rond, l&rsquo;Alg\u00e9rie place un attaquant et deux milieux de terrain, occupant \u00e0 elle seule une part consid\u00e9rable d&rsquo;un panth\u00e9on qui embrasse pourtant des d\u00e9cennies de football et des dizaines de nations arabes. Une domination symbolique qui n&rsquo;est pas le fruit du hasard, mais le r\u00e9sultat d&rsquo;une longue histoire de talent, de rigueur et de passion transmise de g\u00e9n\u00e9ration en g\u00e9n\u00e9ration.<\/p>\n\n\n\n<p><strong>La g\u00e9n\u00e9ration dor\u00e9e des ann\u00e9es 1980<\/strong><\/p>\n\n\n\n<p>Avant d&rsquo;\u00e9voquer le pr\u00e9sent, il faut revenir aux sources. Et les sources, pour le football alg\u00e9rien, portent deux noms indissociables : Rabah Madjer et Lakhdar Belloumi. Ces deux-l\u00e0 ne sont pas les repr\u00e9sentants de deux \u00e9poques distinctes \u2014 ils sont les deux visages d&rsquo;une m\u00eame \u00e9poque glorieuse, celle qui a fait trembler l&rsquo;Allemagne \u00e0 Gij\u00f3n et fait r\u00eaver tout un continent. Co\u00e9quipiers en s\u00e9lection nationale tout au long des ann\u00e9es 1980, ils ont ensemble forg\u00e9 la l\u00e9gende des Fennecs sur les terrains d&rsquo;Espagne, d&rsquo;Afrique et d&rsquo;Europe.<\/p>\n\n\n\n<p>C&rsquo;est Lakhdar Belloumi qui en \u00e9tait le chef d&rsquo;orchestre, le meneur de jeu d&rsquo;une intelligence et d&rsquo;une \u00e9l\u00e9gance rares pour son \u00e9poque. \u00c9lu meilleur footballeur africain en 1981, il poss\u00e9dait cette vision du jeu et cette capacit\u00e9 \u00e0 acc\u00e9l\u00e9rer le tempo qui distinguent les tr\u00e8s grands joueurs des bons joueurs. Son heure de gloire mondiale reste grav\u00e9e dans les annales : le 16 juin 1982, \u00e0 Gij\u00f3n, lors du Mondial espagnol, l&rsquo;Alg\u00e9rie inflige \u00e0 la puissante R\u00e9publique f\u00e9d\u00e9rale d&rsquo;Allemagne une d\u00e9faite retentissante 2-1, l&rsquo;une des plus grandes sensations de l&rsquo;histoire des Coupes du monde. Belloumi y est \u00e9tincelant, d\u00e9montrant au monde entier que le football africain a d\u00e9finitivement franchi un cap. Une image, un match, une carri\u00e8re : l&rsquo;ic\u00f4ne est n\u00e9e.<\/p>\n\n\n\n<p>\u00c0 ses c\u00f4t\u00e9s sur ce terrain et dans ce vestiaire, Rabah Madjer incarne lui aussi une forme de g\u00e9nie footballistique, mais d&rsquo;une autre nature \u2014 plus spectaculaire, plus \u00e9lectrique, capable du geste impr\u00e9vu qui bascule une histoire. Le monde entier retient de lui cette talonnnade d&rsquo;anthologie, le 27 octobre 1987, en finale de la Coupe des clubs champions europ\u00e9ens \u00e0 Vienne. Face au Bayern Munich, dans le Prater autrichien, Madjer reprend un centre de l&rsquo;ext\u00e9rieur du pied droit du talon, trompe le gardien adverse et offre l&rsquo;\u00e9galisation au FC Porto, avant de d\u00e9livrer la passe d\u00e9cisive pour le but vainqueur de Juary. Le club portugais remporte son premier titre europ\u00e9en, et Madjer entre d\u00e9finitivement dans la l\u00e9gende plan\u00e9taire du football. Un joueur africain, form\u00e9 en Alg\u00e9rie, auteur du geste technique le plus discut\u00e9 d&rsquo;une finale de Coupe d&rsquo;Europe \u2014 le symbole est fort. En s\u00e9lection, les deux complices partagent \u00e9galement le sacre de la Coupe d&rsquo;Afrique des nations 1990, organis\u00e9e en Alg\u00e9rie, devant un peuple en liesse. Deux l\u00e9gendes, une m\u00eame g\u00e9n\u00e9ration, un palmar\u00e8s qui force le respect.<\/p>\n\n\n\n<p><strong>Mahrez, l&rsquo;\u00e9tendard d&rsquo;une nouvelle \u00e8re<\/strong><\/p>\n\n\n\n<p>Trois d\u00e9cennies plus tard, c&rsquo;est un autre Alg\u00e9rien qui porte le flambeau sur les plus grandes sc\u00e8nes mondiales. Riyad Mahrez, retenu en pointe de l&rsquo;attaque de ce onze mythique, a construit une trajectoire qui s&rsquo;inscrit naturellement dans la continuit\u00e9 de ces illustres a\u00een\u00e9s, tout en appartenant pleinement \u00e0 son \u00e9poque. Parti de rien \u2014 ou presque, puisqu&rsquo;il a d\u00e9but\u00e9 sa carri\u00e8re professionnelle dans les divisions inf\u00e9rieures fran\u00e7aises \u00e0 Quimper \u2014 le natif de Sarcelles a gravi les \u00e9chelons avec une r\u00e9gularit\u00e9 et une d\u00e9termination qui forcent l&rsquo;admiration. C&rsquo;est sous le maillot de Manchester City qu&rsquo;il a v\u00e9ritablement grav\u00e9 son nom dans le marbre du football mondial. Avec les Citizens de Pep Guardiola, Mahrez a tout gagn\u00e9 ou presque : plusieurs titres de Premier League, des Coupes d&rsquo;Angleterre, et surtout la Ligue des champions en 2023, couronnement supr\u00eame du football europ\u00e9en de clubs, lors d&rsquo;une finale remport\u00e9e face \u00e0 l&rsquo;Inter Milan \u00e0 Istanbul. Capitaine de l&rsquo;\u00e9quipe nationale, il reste \u00e9galement l&rsquo;une des figures centrales du sacre continental obtenu lors de la Coupe d&rsquo;Afrique des nations 2019 au Caire, en \u00c9gypte \u2014 un titre qui a mis fin \u00e0 29 ans de disette pour le football alg\u00e9rien et d\u00e9clench\u00e9 des sc\u00e8nes de liesse populaire d&rsquo;une intensit\u00e9 rare. Aujourd&rsquo;hui install\u00e9 en Arabie Saoudite sous les couleurs d&rsquo;Al-Ahly, il continue de rayonner, ambassadeur d&rsquo;un football \u00e9l\u00e9gant et efficace qui transcende les fronti\u00e8res.<\/p>\n\n\n\n<p><strong>L&rsquo;Alg\u00e9rie, nation phare du football arabe<\/strong><\/p>\n\n\n\n<p>La pr\u00e9sence simultan\u00e9e de ces trois monuments dans ce onze de l\u00e9gende dit quelque chose d&rsquo;essentiel sur la place du football alg\u00e9rien dans l&rsquo;histoire du sport arabe. Sur un demi-si\u00e8cle de football, et \u00e0 travers deux g\u00e9n\u00e9rations bien distinctes, l&rsquo;Alg\u00e9rie a su produire des joueurs capables de s&rsquo;imposer aux plus hauts niveaux, de marquer de leur empreinte les comp\u00e9titions continentales et mondiales, et d&rsquo;incarner avec \u00e9clat ce que le g\u00e9nie arabe du football peut offrir de meilleur au reste du monde. Belloumi et Madjer ont ouvert la voie dans les ann\u00e9es 1980, port\u00e9s par une \u00e9quipe nationale qui faisait trembler les grandes nations. Mahrez a prolong\u00e9 cette tradition d&rsquo;excellence \u00e0 l&rsquo;\u00e8re de la mondialisation du football, dans les stades les plus prestigieux d&rsquo;Europe. Trois noms, deux g\u00e9n\u00e9rations, une seule couleur : le vert des Fennecs.<\/p>\n\n\n\n<p>Moncef Dahleb<\/p>\n","protected":false},"excerpt":{"rendered":"<p>Ils ont port\u00e9 le m\u00eame maillot vert, r\u00eav\u00e9 des m\u00eames victoires, et leurs noms r\u00e9sonnent aujourd&rsquo;hui encore dans la m\u00e9moire<\/p>\n","protected":false},"author":6,"featured_media":83162,"comment_status":"open","ping_status":"closed","sticky":false,"template":"","format":"standard","meta":{"colormag_page_container_layout":"default_layout","colormag_page_sidebar_layout":"default_layout","om_disable_all_campaigns":false,"_monsterinsights_skip_tracking":false,"_monsterinsights_sitenote_active":false,"_monsterinsights_sitenote_note":"","_monsterinsights_sitenote_category":0,"footnotes":"","_wpscppro_dont_share_socialmedia":false,"_wpscppro_custom_social_share_image":0,"_facebook_share_type":"default","_twitter_share_type":"default","_linkedin_share_type":"default","_pinterest_share_type":"default","_linkedin_share_type_page":"","_instagram_share_type":"default","_medium_share_type":"default","_threads_share_type":"default","_google_business_share_type":"default","_selected_social_profile":[],"_wpsp_enable_custom_social_template":false,"_wpsp_social_scheduling":{"enabled":false,"datetime":null,"platforms":[],"status":"template_only","dateOption":"today","timeOption":"now","customDays":"","customHours":"","customDate":"","customTime":"","schedulingType":"absolute"},"_wpsp_active_default_template":true},"categories":[52,33],"tags":[],"class_list":["post-83161","post","type-post","status-publish","format-standard","has-post-thumbnail","hentry","category-a-la-une","category-sports"],"aioseo_notices":[],"yoast_head":"<!-- This site is optimized with the Yoast SEO plugin v27.4 - https:\/\/yoast.com\/product\/yoast-seo-wordpress\/ -->\n<title>Mahrez, Madjer, Belloumi consacr\u00e9s dans le onze de l\u00e9gende du football arabe - La Sentinelle<\/title>\n<meta name=\"robots\" content=\"index, follow, max-snippet:-1, max-image-preview:large, max-video-preview:-1\" \/>\n<link rel=\"canonical\" href=\"https:\/\/lasentinelle.dz\/index.php\/2026\/03\/09\/mahrez-madjer-belloumi-consacres-dans-le-onze-de-legende-du-football-arabe\/\" \/>\n<meta property=\"og:locale\" content=\"fr_FR\" \/>\n<meta property=\"og:type\" content=\"article\" \/>\n<meta property=\"og:title\" content=\"Mahrez, Madjer, Belloumi consacr\u00e9s dans le onze de l\u00e9gende du football arabe - La Sentinelle\" \/>\n<meta property=\"og:description\" content=\"Ils ont port\u00e9 le m\u00eame maillot vert, r\u00eav\u00e9 des m\u00eames victoires, et leurs noms r\u00e9sonnent aujourd&rsquo;hui encore dans la m\u00e9moire\" \/>\n<meta property=\"og:url\" content=\"https:\/\/lasentinelle.dz\/index.php\/2026\/03\/09\/mahrez-madjer-belloumi-consacres-dans-le-onze-de-legende-du-football-arabe\/\" \/>\n<meta property=\"og:site_name\" content=\"La Sentinelle\" \/>\n<meta property=\"article:publisher\" content=\"https:\/\/www.facebook.com\/La-Sentinelle-104059864394773\" \/>\n<meta property=\"article:published_time\" content=\"2026-03-09T19:22:56+00:00\" \/>\n<meta property=\"article:modified_time\" content=\"2026-03-09T19:22:57+00:00\" \/>\n<meta property=\"og:image\" content=\"https:\/\/lasentinelle.dz\/wp-content\/uploads\/2026\/03\/Belloumi-mahrez-et-madjer.jpg\" \/>\n\t<meta property=\"og:image:width\" content=\"1920\" \/>\n\t<meta property=\"og:image:height\" content=\"1080\" \/>\n\t<meta property=\"og:image:type\" content=\"image\/jpeg\" \/>\n<meta name=\"author\" content=\"admin\" \/>\n<meta name=\"twitter:card\" content=\"summary_large_image\" \/>\n<meta name=\"twitter:label1\" content=\"\u00c9crit par\" \/>\n\t<meta name=\"twitter:data1\" content=\"admin\" \/>\n\t<meta name=\"twitter:label2\" content=\"Dur\u00e9e de lecture estim\u00e9e\" \/>\n\t<meta name=\"twitter:data2\" content=\"5 minutes\" \/>\n<script type=\"application\/ld+json\" class=\"yoast-schema-graph\">{\"@context\":\"https:\\\/\\\/schema.org\",\"@graph\":[{\"@type\":\"Article\",\"@id\":\"https:\\\/\\\/lasentinelle.dz\\\/index.php\\\/2026\\\/03\\\/09\\\/mahrez-madjer-belloumi-consacres-dans-le-onze-de-legende-du-football-arabe\\\/#article\",\"isPartOf\":{\"@id\":\"https:\\\/\\\/lasentinelle.dz\\\/index.php\\\/2026\\\/03\\\/09\\\/mahrez-madjer-belloumi-consacres-dans-le-onze-de-legende-du-football-arabe\\\/\"},\"author\":{\"name\":\"admin\",\"@id\":\"https:\\\/\\\/lasentinelle.dz\\\/#\\\/schema\\\/person\\\/729ee0024f24e0b8c5ec17232f8e8b41\"},\"headline\":\"Mahrez, Madjer, Belloumi consacr\u00e9s dans le onze de l\u00e9gende du football arabe\",\"datePublished\":\"2026-03-09T19:22:56+00:00\",\"dateModified\":\"2026-03-09T19:22:57+00:00\",\"mainEntityOfPage\":{\"@id\":\"https:\\\/\\\/lasentinelle.dz\\\/index.php\\\/2026\\\/03\\\/09\\\/mahrez-madjer-belloumi-consacres-dans-le-onze-de-legende-du-football-arabe\\\/\"},\"wordCount\":1077,\"commentCount\":0,\"publisher\":{\"@id\":\"https:\\\/\\\/lasentinelle.dz\\\/#organization\"},\"image\":{\"@id\":\"https:\\\/\\\/lasentinelle.dz\\\/index.php\\\/2026\\\/03\\\/09\\\/mahrez-madjer-belloumi-consacres-dans-le-onze-de-legende-du-football-arabe\\\/#primaryimage\"},\"thumbnailUrl\":\"https:\\\/\\\/lasentinelle.dz\\\/wp-content\\\/uploads\\\/2026\\\/03\\\/Belloumi-mahrez-et-madjer.jpg\",\"articleSection\":[\"\u00c0 la Une\",\"Sports\"],\"inLanguage\":\"fr-FR\",\"potentialAction\":[{\"@type\":\"CommentAction\",\"name\":\"Comment\",\"target\":[\"https:\\\/\\\/lasentinelle.dz\\\/index.php\\\/2026\\\/03\\\/09\\\/mahrez-madjer-belloumi-consacres-dans-le-onze-de-legende-du-football-arabe\\\/#respond\"]}]},{\"@type\":\"WebPage\",\"@id\":\"https:\\\/\\\/lasentinelle.dz\\\/index.php\\\/2026\\\/03\\\/09\\\/mahrez-madjer-belloumi-consacres-dans-le-onze-de-legende-du-football-arabe\\\/\",\"url\":\"https:\\\/\\\/lasentinelle.dz\\\/index.php\\\/2026\\\/03\\\/09\\\/mahrez-madjer-belloumi-consacres-dans-le-onze-de-legende-du-football-arabe\\\/\",\"name\":\"Mahrez, Madjer, Belloumi consacr\u00e9s dans le onze de l\u00e9gende du football arabe - La Sentinelle\",\"isPartOf\":{\"@id\":\"https:\\\/\\\/lasentinelle.dz\\\/#website\"},\"primaryImageOfPage\":{\"@id\":\"https:\\\/\\\/lasentinelle.dz\\\/index.php\\\/2026\\\/03\\\/09\\\/mahrez-madjer-belloumi-consacres-dans-le-onze-de-legende-du-football-arabe\\\/#primaryimage\"},\"image\":{\"@id\":\"https:\\\/\\\/lasentinelle.dz\\\/index.php\\\/2026\\\/03\\\/09\\\/mahrez-madjer-belloumi-consacres-dans-le-onze-de-legende-du-football-arabe\\\/#primaryimage\"},\"thumbnailUrl\":\"https:\\\/\\\/lasentinelle.dz\\\/wp-content\\\/uploads\\\/2026\\\/03\\\/Belloumi-mahrez-et-madjer.jpg\",\"datePublished\":\"2026-03-09T19:22:56+00:00\",\"dateModified\":\"2026-03-09T19:22:57+00:00\",\"breadcrumb\":{\"@id\":\"https:\\\/\\\/lasentinelle.dz\\\/index.php\\\/2026\\\/03\\\/09\\\/mahrez-madjer-belloumi-consacres-dans-le-onze-de-legende-du-football-arabe\\\/#breadcrumb\"},\"inLanguage\":\"fr-FR\",\"potentialAction\":[{\"@type\":\"ReadAction\",\"target\":[\"https:\\\/\\\/lasentinelle.dz\\\/index.php\\\/2026\\\/03\\\/09\\\/mahrez-madjer-belloumi-consacres-dans-le-onze-de-legende-du-football-arabe\\\/\"]}]},{\"@type\":\"ImageObject\",\"inLanguage\":\"fr-FR\",\"@id\":\"https:\\\/\\\/lasentinelle.dz\\\/index.php\\\/2026\\\/03\\\/09\\\/mahrez-madjer-belloumi-consacres-dans-le-onze-de-legende-du-football-arabe\\\/#primaryimage\",\"url\":\"https:\\\/\\\/lasentinelle.dz\\\/wp-content\\\/uploads\\\/2026\\\/03\\\/Belloumi-mahrez-et-madjer.jpg\",\"contentUrl\":\"https:\\\/\\\/lasentinelle.dz\\\/wp-content\\\/uploads\\\/2026\\\/03\\\/Belloumi-mahrez-et-madjer.jpg\",\"width\":1920,\"height\":1080},{\"@type\":\"BreadcrumbList\",\"@id\":\"https:\\\/\\\/lasentinelle.dz\\\/index.php\\\/2026\\\/03\\\/09\\\/mahrez-madjer-belloumi-consacres-dans-le-onze-de-legende-du-football-arabe\\\/#breadcrumb\",\"itemListElement\":[{\"@type\":\"ListItem\",\"position\":1,\"name\":\"Accueil\",\"item\":\"https:\\\/\\\/lasentinelle.dz\\\/\"},{\"@type\":\"ListItem\",\"position\":2,\"name\":\"Mahrez, Madjer, Belloumi consacr\u00e9s dans le onze de l\u00e9gende du football arabe\"}]},{\"@type\":\"WebSite\",\"@id\":\"https:\\\/\\\/lasentinelle.dz\\\/#website\",\"url\":\"https:\\\/\\\/lasentinelle.dz\\\/\",\"name\":\"La Sentinelle\",\"description\":\"Quotidien national d&#039;information\",\"publisher\":{\"@id\":\"https:\\\/\\\/lasentinelle.dz\\\/#organization\"},\"potentialAction\":[{\"@type\":\"SearchAction\",\"target\":{\"@type\":\"EntryPoint\",\"urlTemplate\":\"https:\\\/\\\/lasentinelle.dz\\\/?s={search_term_string}\"},\"query-input\":{\"@type\":\"PropertyValueSpecification\",\"valueRequired\":true,\"valueName\":\"search_term_string\"}}],\"inLanguage\":\"fr-FR\"},{\"@type\":\"Organization\",\"@id\":\"https:\\\/\\\/lasentinelle.dz\\\/#organization\",\"name\":\"Quotidien La Sentinelle\",\"url\":\"https:\\\/\\\/lasentinelle.dz\\\/\",\"logo\":{\"@type\":\"ImageObject\",\"inLanguage\":\"fr-FR\",\"@id\":\"https:\\\/\\\/lasentinelle.dz\\\/#\\\/schema\\\/logo\\\/image\\\/\",\"url\":\"https:\\\/\\\/lasentinelle.dz\\\/wp-content\\\/uploads\\\/2021\\\/09\\\/logo-sentinelleSLOGAN-1.png\",\"contentUrl\":\"https:\\\/\\\/lasentinelle.dz\\\/wp-content\\\/uploads\\\/2021\\\/09\\\/logo-sentinelleSLOGAN-1.png\",\"width\":615,\"height\":142,\"caption\":\"Quotidien La Sentinelle\"},\"image\":{\"@id\":\"https:\\\/\\\/lasentinelle.dz\\\/#\\\/schema\\\/logo\\\/image\\\/\"},\"sameAs\":[\"https:\\\/\\\/www.facebook.com\\\/La-Sentinelle-104059864394773\"]},{\"@type\":\"Person\",\"@id\":\"https:\\\/\\\/lasentinelle.dz\\\/#\\\/schema\\\/person\\\/729ee0024f24e0b8c5ec17232f8e8b41\",\"name\":\"admin\",\"image\":{\"@type\":\"ImageObject\",\"inLanguage\":\"fr-FR\",\"@id\":\"https:\\\/\\\/secure.gravatar.com\\\/avatar\\\/4c81fed838786e9b53f540bf46533e750f5d292099ae3b66cfc6fb1982e29df7?s=96&d=mm&r=g\",\"url\":\"https:\\\/\\\/secure.gravatar.com\\\/avatar\\\/4c81fed838786e9b53f540bf46533e750f5d292099ae3b66cfc6fb1982e29df7?s=96&d=mm&r=g\",\"contentUrl\":\"https:\\\/\\\/secure.gravatar.com\\\/avatar\\\/4c81fed838786e9b53f540bf46533e750f5d292099ae3b66cfc6fb1982e29df7?s=96&d=mm&r=g\",\"caption\":\"admin\"},\"description\":\"admin\",\"url\":\"https:\\\/\\\/lasentinelle.dz\\\/author\\\/admin\\\/\"}]}<\/script>\n<!-- \/ Yoast SEO plugin. -->","yoast_head_json":{"title":"Mahrez, Madjer, Belloumi consacr\u00e9s dans le onze de l\u00e9gende du football arabe - La Sentinelle","robots":{"index":"index","follow":"follow","max-snippet":"max-snippet:-1","max-image-preview":"max-image-preview:large","max-video-preview":"max-video-preview:-1"},"canonical":"https:\/\/lasentinelle.dz\/index.php\/2026\/03\/09\/mahrez-madjer-belloumi-consacres-dans-le-onze-de-legende-du-football-arabe\/","og_locale":"fr_FR","og_type":"article","og_title":"Mahrez, Madjer, Belloumi consacr\u00e9s dans le onze de l\u00e9gende du football arabe - La Sentinelle","og_description":"Ils ont port\u00e9 le m\u00eame maillot vert, r\u00eav\u00e9 des m\u00eames victoires, et leurs noms r\u00e9sonnent aujourd&rsquo;hui encore dans la m\u00e9moire","og_url":"https:\/\/lasentinelle.dz\/index.php\/2026\/03\/09\/mahrez-madjer-belloumi-consacres-dans-le-onze-de-legende-du-football-arabe\/","og_site_name":"La Sentinelle","article_publisher":"https:\/\/www.facebook.com\/La-Sentinelle-104059864394773","article_published_time":"2026-03-09T19:22:56+00:00","article_modified_time":"2026-03-09T19:22:57+00:00","og_image":[{"width":1920,"height":1080,"url":"https:\/\/lasentinelle.dz\/wp-content\/uploads\/2026\/03\/Belloumi-mahrez-et-madjer.jpg","type":"image\/jpeg"}],"author":"admin","twitter_card":"summary_large_image","twitter_misc":{"\u00c9crit par":"admin","Dur\u00e9e de lecture estim\u00e9e":"5 minutes"},"schema":{"@context":"https:\/\/schema.org","@graph":[{"@type":"Article","@id":"https:\/\/lasentinelle.dz\/index.php\/2026\/03\/09\/mahrez-madjer-belloumi-consacres-dans-le-onze-de-legende-du-football-arabe\/#article","isPartOf":{"@id":"https:\/\/lasentinelle.dz\/index.php\/2026\/03\/09\/mahrez-madjer-belloumi-consacres-dans-le-onze-de-legende-du-football-arabe\/"},"author":{"name":"admin","@id":"https:\/\/lasentinelle.dz\/#\/schema\/person\/729ee0024f24e0b8c5ec17232f8e8b41"},"headline":"Mahrez, Madjer, Belloumi consacr\u00e9s dans le onze de l\u00e9gende du football arabe","datePublished":"2026-03-09T19:22:56+00:00","dateModified":"2026-03-09T19:22:57+00:00","mainEntityOfPage":{"@id":"https:\/\/lasentinelle.dz\/index.php\/2026\/03\/09\/mahrez-madjer-belloumi-consacres-dans-le-onze-de-legende-du-football-arabe\/"},"wordCount":1077,"commentCount":0,"publisher":{"@id":"https:\/\/lasentinelle.dz\/#organization"},"image":{"@id":"https:\/\/lasentinelle.dz\/index.php\/2026\/03\/09\/mahrez-madjer-belloumi-consacres-dans-le-onze-de-legende-du-football-arabe\/#primaryimage"},"thumbnailUrl":"https:\/\/lasentinelle.dz\/wp-content\/uploads\/2026\/03\/Belloumi-mahrez-et-madjer.jpg","articleSection":["\u00c0 la Une","Sports"],"inLanguage":"fr-FR","potentialAction":[{"@type":"CommentAction","name":"Comment","target":["https:\/\/lasentinelle.dz\/index.php\/2026\/03\/09\/mahrez-madjer-belloumi-consacres-dans-le-onze-de-legende-du-football-arabe\/#respond"]}]},{"@type":"WebPage","@id":"https:\/\/lasentinelle.dz\/index.php\/2026\/03\/09\/mahrez-madjer-belloumi-consacres-dans-le-onze-de-legende-du-football-arabe\/","url":"https:\/\/lasentinelle.dz\/index.php\/2026\/03\/09\/mahrez-madjer-belloumi-consacres-dans-le-onze-de-legende-du-football-arabe\/","name":"Mahrez, Madjer, Belloumi consacr\u00e9s dans le onze de l\u00e9gende du football arabe - La Sentinelle","isPartOf":{"@id":"https:\/\/lasentinelle.dz\/#website"},"primaryImageOfPage":{"@id":"https:\/\/lasentinelle.dz\/index.php\/2026\/03\/09\/mahrez-madjer-belloumi-consacres-dans-le-onze-de-legende-du-football-arabe\/#primaryimage"},"image":{"@id":"https:\/\/lasentinelle.dz\/index.php\/2026\/03\/09\/mahrez-madjer-belloumi-consacres-dans-le-onze-de-legende-du-football-arabe\/#primaryimage"},"thumbnailUrl":"https:\/\/lasentinelle.dz\/wp-content\/uploads\/2026\/03\/Belloumi-mahrez-et-madjer.jpg","datePublished":"2026-03-09T19:22:56+00:00","dateModified":"2026-03-09T19:22:57+00:00","breadcrumb":{"@id":"https:\/\/lasentinelle.dz\/index.php\/2026\/03\/09\/mahrez-madjer-belloumi-consacres-dans-le-onze-de-legende-du-football-arabe\/#breadcrumb"},"inLanguage":"fr-FR","potentialAction":[{"@type":"ReadAction","target":["https:\/\/lasentinelle.dz\/index.php\/2026\/03\/09\/mahrez-madjer-belloumi-consacres-dans-le-onze-de-legende-du-football-arabe\/"]}]},{"@type":"ImageObject","inLanguage":"fr-FR","@id":"https:\/\/lasentinelle.dz\/index.php\/2026\/03\/09\/mahrez-madjer-belloumi-consacres-dans-le-onze-de-legende-du-football-arabe\/#primaryimage","url":"https:\/\/lasentinelle.dz\/wp-content\/uploads\/2026\/03\/Belloumi-mahrez-et-madjer.jpg","contentUrl":"https:\/\/lasentinelle.dz\/wp-content\/uploads\/2026\/03\/Belloumi-mahrez-et-madjer.jpg","width":1920,"height":1080},{"@type":"BreadcrumbList","@id":"https:\/\/lasentinelle.dz\/index.php\/2026\/03\/09\/mahrez-madjer-belloumi-consacres-dans-le-onze-de-legende-du-football-arabe\/#breadcrumb","itemListElement":[{"@type":"ListItem","position":1,"name":"Accueil","item":"https:\/\/lasentinelle.dz\/"},{"@type":"ListItem","position":2,"name":"Mahrez, Madjer, Belloumi consacr\u00e9s dans le onze de l\u00e9gende du football arabe"}]},{"@type":"WebSite","@id":"https:\/\/lasentinelle.dz\/#website","url":"https:\/\/lasentinelle.dz\/","name":"La Sentinelle","description":"Quotidien national d&#039;information","publisher":{"@id":"https:\/\/lasentinelle.dz\/#organization"},"potentialAction":[{"@type":"SearchAction","target":{"@type":"EntryPoint","urlTemplate":"https:\/\/lasentinelle.dz\/?s={search_term_string}"},"query-input":{"@type":"PropertyValueSpecification","valueRequired":true,"valueName":"search_term_string"}}],"inLanguage":"fr-FR"},{"@type":"Organization","@id":"https:\/\/lasentinelle.dz\/#organization","name":"Quotidien La Sentinelle","url":"https:\/\/lasentinelle.dz\/","logo":{"@type":"ImageObject","inLanguage":"fr-FR","@id":"https:\/\/lasentinelle.dz\/#\/schema\/logo\/image\/","url":"https:\/\/lasentinelle.dz\/wp-content\/uploads\/2021\/09\/logo-sentinelleSLOGAN-1.png","contentUrl":"https:\/\/lasentinelle.dz\/wp-content\/uploads\/2021\/09\/logo-sentinelleSLOGAN-1.png","width":615,"height":142,"caption":"Quotidien La Sentinelle"},"image":{"@id":"https:\/\/lasentinelle.dz\/#\/schema\/logo\/image\/"},"sameAs":["https:\/\/www.facebook.com\/La-Sentinelle-104059864394773"]},{"@type":"Person","@id":"https:\/\/lasentinelle.dz\/#\/schema\/person\/729ee0024f24e0b8c5ec17232f8e8b41","name":"admin","image":{"@type":"ImageObject","inLanguage":"fr-FR","@id":"https:\/\/secure.gravatar.com\/avatar\/4c81fed838786e9b53f540bf46533e750f5d292099ae3b66cfc6fb1982e29df7?s=96&d=mm&r=g","url":"https:\/\/secure.gravatar.com\/avatar\/4c81fed838786e9b53f540bf46533e750f5d292099ae3b66cfc6fb1982e29df7?s=96&d=mm&r=g","contentUrl":"https:\/\/secure.gravatar.com\/avatar\/4c81fed838786e9b53f540bf46533e750f5d292099ae3b66cfc6fb1982e29df7?s=96&d=mm&r=g","caption":"admin"},"description":"admin","url":"https:\/\/lasentinelle.dz\/author\/admin\/"}]}},"_links":{"self":[{"href":"https:\/\/lasentinelle.dz\/index.php\/wp-json\/wp\/v2\/posts\/83161","targetHints":{"allow":["GET"]}}],"collection":[{"href":"https:\/\/lasentinelle.dz\/index.php\/wp-json\/wp\/v2\/posts"}],"about":[{"href":"https:\/\/lasentinelle.dz\/index.php\/wp-json\/wp\/v2\/types\/post"}],"author":[{"embeddable":true,"href":"https:\/\/lasentinelle.dz\/index.php\/wp-json\/wp\/v2\/users\/6"}],"replies":[{"embeddable":true,"href":"https:\/\/lasentinelle.dz\/index.php\/wp-json\/wp\/v2\/comments?post=83161"}],"version-history":[{"count":1,"href":"https:\/\/lasentinelle.dz\/index.php\/wp-json\/wp\/v2\/posts\/83161\/revisions"}],"predecessor-version":[{"id":83163,"href":"https:\/\/lasentinelle.dz\/index.php\/wp-json\/wp\/v2\/posts\/83161\/revisions\/83163"}],"wp:featuredmedia":[{"embeddable":true,"href":"https:\/\/lasentinelle.dz\/index.php\/wp-json\/wp\/v2\/media\/83162"}],"wp:attachment":[{"href":"https:\/\/lasentinelle.dz\/index.php\/wp-json\/wp\/v2\/media?parent=83161"}],"wp:term":[{"taxonomy":"category","embeddable":true,"href":"https:\/\/lasentinelle.dz\/index.php\/wp-json\/wp\/v2\/categories?post=83161"},{"taxonomy":"post_tag","embeddable":true,"href":"https:\/\/lasentinelle.dz\/index.php\/wp-json\/wp\/v2\/tags?post=83161"}],"curies":[{"name":"wp","href":"https:\/\/api.w.org\/{rel}","templated":true}]}}