{"id":83164,"date":"2026-03-09T20:24:41","date_gmt":"2026-03-09T19:24:41","guid":{"rendered":"https:\/\/lasentinelle.dz\/?p=83164"},"modified":"2026-03-09T20:24:42","modified_gmt":"2026-03-09T19:24:42","slug":"bejaia-la-ville-se-refait-une-beaute","status":"publish","type":"post","link":"https:\/\/lasentinelle.dz\/index.php\/2026\/03\/09\/bejaia-la-ville-se-refait-une-beaute\/","title":{"rendered":"B\u00e9ja\u00efa\u00a0: La ville se refait une beaut\u00e9"},"content":{"rendered":"\n<p>C&rsquo;est un vaste chantier \u00e0 ciel ouvert que traverse en ce moment B\u00e9ja\u00efa. Plusieurs projets d&rsquo;am\u00e9nagement urbain sont simultan\u00e9ment en cours de r\u00e9alisation dans le chef-lieu de wilaya, allant de la r\u00e9habilitation de ses places historiques \u00e0 la cr\u00e9ation de nouveaux espaces verts, en passant par la construction d&rsquo;\u00e9quipements administratifs de proximit\u00e9. Un effort global de modernisation du cadre de vie, chiffr\u00e9 \u00e0 plusieurs centaines de millions de dinars, que les \u00e9lus locaux entendent mener \u00e0 terme avant l&rsquo;\u00e9t\u00e9. C&rsquo;est Issadounene Mouloud, vice-pr\u00e9sident de l&rsquo;Assembl\u00e9e populaire communale (APC) charg\u00e9 de l&rsquo;am\u00e9nagement urbain, qui a dress\u00e9 lundi le tableau de ces chantiers en cours, dans une d\u00e9claration \u00e0 l&rsquo;Agence presse service (APS). Le plus embl\u00e9matique d&rsquo;entre eux concerne sans conteste la place du 1er novembre, anciennement d\u00e9nomm\u00e9e place Gueydon, l&rsquo;un des lieux les plus fr\u00e9quent\u00e9s et les plus photographi\u00e9s de la ville. Ferm\u00e9e temporairement pour travaux, cette esplanade au c\u0153ur de la cit\u00e9 fait l&rsquo;objet d&rsquo;une intervention d&rsquo;envergure dot\u00e9e d&rsquo;une enveloppe de 70 millions de dinars. Les travaux ne se limitent pas \u00e0 un simple ravalement de fa\u00e7ade. Selon l&rsquo;\u00e9lu, les \u00e9quipes interviennent en priorit\u00e9 sur un probl\u00e8me technique r\u00e9current : les infiltrations d&rsquo;eaux pluviales qui affectaient la cin\u00e9math\u00e8que et les habitations situ\u00e9es en contrebas de la place. Une fois ce d\u00e9sordre hydraulique r\u00e9solu, quelque 1 400 m\u00e8tres carr\u00e9s de sol seront recouverts de carreaux en granit, mat\u00e9riau noble choisi pour sa durabilit\u00e9 et son esth\u00e9tique. La v\u00e9g\u00e9tation, elle aussi, a b\u00e9n\u00e9fici\u00e9 d&rsquo;une attention particuli\u00e8re : la taille des arbres a \u00e9t\u00e9 confi\u00e9e \u00e0 des sp\u00e9cialistes de la Conservation des for\u00eats, \u00ab afin de pr\u00e9server l&rsquo;esth\u00e9tique de la place \u00bb, a tenu \u00e0 pr\u00e9ciser Issadounene Mouloud. Quant \u00e0 la r\u00e9ouverture, elle est attendue avant le coup d&rsquo;envoi de la saison estivale, une \u00e9ch\u00e9ance que le vice-pr\u00e9sident de l&rsquo;APC dit vouloir tenir.<\/p>\n\n\n\n<p>\u00c0 la cit\u00e9 des Oliviers, un autre projet prend forme : la r\u00e9alisation d&rsquo;une aire de d\u00e9tente et de loisirs, financ\u00e9e \u00e0 hauteur de pr\u00e8s de 100 millions de dinars. Cet espace, une fois livr\u00e9, viendra combler un d\u00e9ficit criant en \u00e9quipements r\u00e9cr\u00e9atifs dans ce quartier r\u00e9sidentiel. L&rsquo;\u00e9lu a insist\u00e9 sur la vocation sociale de ce futur am\u00e9nagement, qui devra cr\u00e9er un environnement \u00ab propice aux activit\u00e9s familiales et r\u00e9cr\u00e9atives \u00bb, tout en renfor\u00e7ant les espaces verts et les aires de jeux \u00ab destin\u00e9es aux enfants dans le chef-lieu de wilaya \u00bb. Une pr\u00e9occupation qui traduit une politique municipale soucieuse de r\u00e9pondre aux attentes des familles, dans une ville dont la population ne cesse de cro\u00eetre. Le troisi\u00e8me volet de ce programme de transformation urbaine concerne le quartier de Remla, o\u00f9 s&rsquo;\u00e9l\u00e8ve actuellement un nouveau bloc administratif. La structure, encore en chantier, est appel\u00e9e \u00e0 accueillir une antenne communale, un bureau de poste et plusieurs autres services publics. Une infrastructure qui, une fois op\u00e9rationnelle, permettra de d\u00e9sengorger les services centraux de la mairie et de rapprocher l&rsquo;administration des habitants de ce secteur de la ville.<\/p>\n\n\n\n<p>Au-del\u00e0 de ces trois projets phares, d&rsquo;autres op\u00e9rations sont annonc\u00e9es pour un avenir proche. Issadounene Mouloud a indiqu\u00e9 que les travaux d&rsquo;am\u00e9nagement des cimeti\u00e8res de Sidi Mohammed Amokrane et de Sidi Ahmed \u00ab devraient \u00eatre lanc\u00e9s incessamment \u00bb. Par ailleurs, la commune nourrit un projet plus ambitieux encore : exploiter les berges des oueds qui traversent la ville afin d&rsquo;y am\u00e9nager de nouveaux acc\u00e8s et de contribuer ainsi \u00e0 \u00ab fluidifier la circulation automobile \u00bb dans une cit\u00e9 souvent \u00e9trangl\u00e9e par les embouteillages.<\/p>\n\n\n\n<p>R.R.<\/p>\n","protected":false},"excerpt":{"rendered":"<p>C&rsquo;est un vaste chantier \u00e0 ciel ouvert que traverse en ce moment B\u00e9ja\u00efa. Plusieurs projets d&rsquo;am\u00e9nagement urbain sont simultan\u00e9ment en<\/p>\n","protected":false},"author":6,"featured_media":83165,"comment_status":"open","ping_status":"closed","sticky":false,"template":"","format":"standard","meta":{"colormag_page_container_layout":"default_layout","colormag_page_sidebar_layout":"default_layout","om_disable_all_campaigns":false,"_monsterinsights_skip_tracking":false,"_monsterinsights_sitenote_active":false,"_monsterinsights_sitenote_note":"","_monsterinsights_sitenote_category":0,"footnotes":"","_wpscppro_dont_share_socialmedia":false,"_wpscppro_custom_social_share_image":0,"_facebook_share_type":"default","_twitter_share_type":"default","_linkedin_share_type":"default","_pinterest_share_type":"default","_linkedin_share_type_page":"","_instagram_share_type":"default","_medium_share_type":"default","_threads_share_type":"default","_google_business_share_type":"default","_selected_social_profile":[],"_wpsp_enable_custom_social_template":false,"_wpsp_social_scheduling":{"enabled":false,"datetime":null,"platforms":[],"status":"template_only","dateOption":"today","timeOption":"now","customDays":"","customHours":"","customDate":"","customTime":"","schedulingType":"absolute"},"_wpsp_active_default_template":true},"categories":[31],"tags":[],"class_list":["post-83164","post","type-post","status-publish","format-standard","has-post-thumbnail","hentry","category-regions"],"aioseo_notices":[],"yoast_head":"<!-- This site is optimized with the Yoast SEO plugin v27.4 - https:\/\/yoast.com\/product\/yoast-seo-wordpress\/ -->\n<title>B\u00e9ja\u00efa\u00a0: La ville se refait une beaut\u00e9 - La Sentinelle<\/title>\n<meta name=\"robots\" content=\"index, follow, max-snippet:-1, max-image-preview:large, max-video-preview:-1\" \/>\n<link rel=\"canonical\" href=\"https:\/\/lasentinelle.dz\/index.php\/2026\/03\/09\/bejaia-la-ville-se-refait-une-beaute\/\" \/>\n<meta property=\"og:locale\" content=\"fr_FR\" \/>\n<meta property=\"og:type\" content=\"article\" \/>\n<meta property=\"og:title\" content=\"B\u00e9ja\u00efa\u00a0: La ville se refait une beaut\u00e9 - La Sentinelle\" \/>\n<meta property=\"og:description\" content=\"C&rsquo;est un vaste chantier \u00e0 ciel ouvert que traverse en ce moment B\u00e9ja\u00efa. Plusieurs projets d&rsquo;am\u00e9nagement urbain sont simultan\u00e9ment en\" \/>\n<meta property=\"og:url\" content=\"https:\/\/lasentinelle.dz\/index.php\/2026\/03\/09\/bejaia-la-ville-se-refait-une-beaute\/\" \/>\n<meta property=\"og:site_name\" content=\"La Sentinelle\" \/>\n<meta property=\"article:publisher\" content=\"https:\/\/www.facebook.com\/La-Sentinelle-104059864394773\" \/>\n<meta property=\"article:published_time\" content=\"2026-03-09T19:24:41+00:00\" \/>\n<meta property=\"article:modified_time\" content=\"2026-03-09T19:24:42+00:00\" \/>\n<meta property=\"og:image\" content=\"https:\/\/lasentinelle.dz\/wp-content\/uploads\/2026\/03\/bejaia.jpg\" \/>\n\t<meta property=\"og:image:width\" content=\"500\" \/>\n\t<meta property=\"og:image:height\" content=\"388\" \/>\n\t<meta property=\"og:image:type\" content=\"image\/jpeg\" \/>\n<meta name=\"author\" content=\"admin\" \/>\n<meta name=\"twitter:card\" content=\"summary_large_image\" \/>\n<meta name=\"twitter:label1\" content=\"\u00c9crit par\" \/>\n\t<meta name=\"twitter:data1\" content=\"admin\" \/>\n\t<meta name=\"twitter:label2\" content=\"Dur\u00e9e de lecture estim\u00e9e\" \/>\n\t<meta name=\"twitter:data2\" content=\"4 minutes\" \/>\n<script type=\"application\/ld+json\" class=\"yoast-schema-graph\">{\"@context\":\"https:\\\/\\\/schema.org\",\"@graph\":[{\"@type\":\"Article\",\"@id\":\"https:\\\/\\\/lasentinelle.dz\\\/index.php\\\/2026\\\/03\\\/09\\\/bejaia-la-ville-se-refait-une-beaute\\\/#article\",\"isPartOf\":{\"@id\":\"https:\\\/\\\/lasentinelle.dz\\\/index.php\\\/2026\\\/03\\\/09\\\/bejaia-la-ville-se-refait-une-beaute\\\/\"},\"author\":{\"name\":\"admin\",\"@id\":\"https:\\\/\\\/lasentinelle.dz\\\/#\\\/schema\\\/person\\\/729ee0024f24e0b8c5ec17232f8e8b41\"},\"headline\":\"B\u00e9ja\u00efa\u00a0: La ville se refait une beaut\u00e9\",\"datePublished\":\"2026-03-09T19:24:41+00:00\",\"dateModified\":\"2026-03-09T19:24:42+00:00\",\"mainEntityOfPage\":{\"@id\":\"https:\\\/\\\/lasentinelle.dz\\\/index.php\\\/2026\\\/03\\\/09\\\/bejaia-la-ville-se-refait-une-beaute\\\/\"},\"wordCount\":652,\"commentCount\":0,\"publisher\":{\"@id\":\"https:\\\/\\\/lasentinelle.dz\\\/#organization\"},\"image\":{\"@id\":\"https:\\\/\\\/lasentinelle.dz\\\/index.php\\\/2026\\\/03\\\/09\\\/bejaia-la-ville-se-refait-une-beaute\\\/#primaryimage\"},\"thumbnailUrl\":\"https:\\\/\\\/lasentinelle.dz\\\/wp-content\\\/uploads\\\/2026\\\/03\\\/bejaia.jpg\",\"articleSection\":[\"R\u00e9gions\"],\"inLanguage\":\"fr-FR\",\"potentialAction\":[{\"@type\":\"CommentAction\",\"name\":\"Comment\",\"target\":[\"https:\\\/\\\/lasentinelle.dz\\\/index.php\\\/2026\\\/03\\\/09\\\/bejaia-la-ville-se-refait-une-beaute\\\/#respond\"]}]},{\"@type\":\"WebPage\",\"@id\":\"https:\\\/\\\/lasentinelle.dz\\\/index.php\\\/2026\\\/03\\\/09\\\/bejaia-la-ville-se-refait-une-beaute\\\/\",\"url\":\"https:\\\/\\\/lasentinelle.dz\\\/index.php\\\/2026\\\/03\\\/09\\\/bejaia-la-ville-se-refait-une-beaute\\\/\",\"name\":\"B\u00e9ja\u00efa\u00a0: La ville se refait une beaut\u00e9 - La Sentinelle\",\"isPartOf\":{\"@id\":\"https:\\\/\\\/lasentinelle.dz\\\/#website\"},\"primaryImageOfPage\":{\"@id\":\"https:\\\/\\\/lasentinelle.dz\\\/index.php\\\/2026\\\/03\\\/09\\\/bejaia-la-ville-se-refait-une-beaute\\\/#primaryimage\"},\"image\":{\"@id\":\"https:\\\/\\\/lasentinelle.dz\\\/index.php\\\/2026\\\/03\\\/09\\\/bejaia-la-ville-se-refait-une-beaute\\\/#primaryimage\"},\"thumbnailUrl\":\"https:\\\/\\\/lasentinelle.dz\\\/wp-content\\\/uploads\\\/2026\\\/03\\\/bejaia.jpg\",\"datePublished\":\"2026-03-09T19:24:41+00:00\",\"dateModified\":\"2026-03-09T19:24:42+00:00\",\"breadcrumb\":{\"@id\":\"https:\\\/\\\/lasentinelle.dz\\\/index.php\\\/2026\\\/03\\\/09\\\/bejaia-la-ville-se-refait-une-beaute\\\/#breadcrumb\"},\"inLanguage\":\"fr-FR\",\"potentialAction\":[{\"@type\":\"ReadAction\",\"target\":[\"https:\\\/\\\/lasentinelle.dz\\\/index.php\\\/2026\\\/03\\\/09\\\/bejaia-la-ville-se-refait-une-beaute\\\/\"]}]},{\"@type\":\"ImageObject\",\"inLanguage\":\"fr-FR\",\"@id\":\"https:\\\/\\\/lasentinelle.dz\\\/index.php\\\/2026\\\/03\\\/09\\\/bejaia-la-ville-se-refait-une-beaute\\\/#primaryimage\",\"url\":\"https:\\\/\\\/lasentinelle.dz\\\/wp-content\\\/uploads\\\/2026\\\/03\\\/bejaia.jpg\",\"contentUrl\":\"https:\\\/\\\/lasentinelle.dz\\\/wp-content\\\/uploads\\\/2026\\\/03\\\/bejaia.jpg\",\"width\":500,\"height\":388},{\"@type\":\"BreadcrumbList\",\"@id\":\"https:\\\/\\\/lasentinelle.dz\\\/index.php\\\/2026\\\/03\\\/09\\\/bejaia-la-ville-se-refait-une-beaute\\\/#breadcrumb\",\"itemListElement\":[{\"@type\":\"ListItem\",\"position\":1,\"name\":\"Accueil\",\"item\":\"https:\\\/\\\/lasentinelle.dz\\\/\"},{\"@type\":\"ListItem\",\"position\":2,\"name\":\"B\u00e9ja\u00efa\u00a0: La ville se refait une beaut\u00e9\"}]},{\"@type\":\"WebSite\",\"@id\":\"https:\\\/\\\/lasentinelle.dz\\\/#website\",\"url\":\"https:\\\/\\\/lasentinelle.dz\\\/\",\"name\":\"La Sentinelle\",\"description\":\"Quotidien national d&#039;information\",\"publisher\":{\"@id\":\"https:\\\/\\\/lasentinelle.dz\\\/#organization\"},\"potentialAction\":[{\"@type\":\"SearchAction\",\"target\":{\"@type\":\"EntryPoint\",\"urlTemplate\":\"https:\\\/\\\/lasentinelle.dz\\\/?s={search_term_string}\"},\"query-input\":{\"@type\":\"PropertyValueSpecification\",\"valueRequired\":true,\"valueName\":\"search_term_string\"}}],\"inLanguage\":\"fr-FR\"},{\"@type\":\"Organization\",\"@id\":\"https:\\\/\\\/lasentinelle.dz\\\/#organization\",\"name\":\"Quotidien La Sentinelle\",\"url\":\"https:\\\/\\\/lasentinelle.dz\\\/\",\"logo\":{\"@type\":\"ImageObject\",\"inLanguage\":\"fr-FR\",\"@id\":\"https:\\\/\\\/lasentinelle.dz\\\/#\\\/schema\\\/logo\\\/image\\\/\",\"url\":\"https:\\\/\\\/lasentinelle.dz\\\/wp-content\\\/uploads\\\/2021\\\/09\\\/logo-sentinelleSLOGAN-1.png\",\"contentUrl\":\"https:\\\/\\\/lasentinelle.dz\\\/wp-content\\\/uploads\\\/2021\\\/09\\\/logo-sentinelleSLOGAN-1.png\",\"width\":615,\"height\":142,\"caption\":\"Quotidien La Sentinelle\"},\"image\":{\"@id\":\"https:\\\/\\\/lasentinelle.dz\\\/#\\\/schema\\\/logo\\\/image\\\/\"},\"sameAs\":[\"https:\\\/\\\/www.facebook.com\\\/La-Sentinelle-104059864394773\"]},{\"@type\":\"Person\",\"@id\":\"https:\\\/\\\/lasentinelle.dz\\\/#\\\/schema\\\/person\\\/729ee0024f24e0b8c5ec17232f8e8b41\",\"name\":\"admin\",\"image\":{\"@type\":\"ImageObject\",\"inLanguage\":\"fr-FR\",\"@id\":\"https:\\\/\\\/secure.gravatar.com\\\/avatar\\\/4c81fed838786e9b53f540bf46533e750f5d292099ae3b66cfc6fb1982e29df7?s=96&d=mm&r=g\",\"url\":\"https:\\\/\\\/secure.gravatar.com\\\/avatar\\\/4c81fed838786e9b53f540bf46533e750f5d292099ae3b66cfc6fb1982e29df7?s=96&d=mm&r=g\",\"contentUrl\":\"https:\\\/\\\/secure.gravatar.com\\\/avatar\\\/4c81fed838786e9b53f540bf46533e750f5d292099ae3b66cfc6fb1982e29df7?s=96&d=mm&r=g\",\"caption\":\"admin\"},\"description\":\"admin\",\"url\":\"https:\\\/\\\/lasentinelle.dz\\\/author\\\/admin\\\/\"}]}<\/script>\n<!-- \/ Yoast SEO plugin. -->","yoast_head_json":{"title":"B\u00e9ja\u00efa\u00a0: La ville se refait une beaut\u00e9 - La Sentinelle","robots":{"index":"index","follow":"follow","max-snippet":"max-snippet:-1","max-image-preview":"max-image-preview:large","max-video-preview":"max-video-preview:-1"},"canonical":"https:\/\/lasentinelle.dz\/index.php\/2026\/03\/09\/bejaia-la-ville-se-refait-une-beaute\/","og_locale":"fr_FR","og_type":"article","og_title":"B\u00e9ja\u00efa\u00a0: La ville se refait une beaut\u00e9 - La Sentinelle","og_description":"C&rsquo;est un vaste chantier \u00e0 ciel ouvert que traverse en ce moment B\u00e9ja\u00efa. Plusieurs projets d&rsquo;am\u00e9nagement urbain sont simultan\u00e9ment en","og_url":"https:\/\/lasentinelle.dz\/index.php\/2026\/03\/09\/bejaia-la-ville-se-refait-une-beaute\/","og_site_name":"La Sentinelle","article_publisher":"https:\/\/www.facebook.com\/La-Sentinelle-104059864394773","article_published_time":"2026-03-09T19:24:41+00:00","article_modified_time":"2026-03-09T19:24:42+00:00","og_image":[{"width":500,"height":388,"url":"https:\/\/lasentinelle.dz\/wp-content\/uploads\/2026\/03\/bejaia.jpg","type":"image\/jpeg"}],"author":"admin","twitter_card":"summary_large_image","twitter_misc":{"\u00c9crit par":"admin","Dur\u00e9e de lecture estim\u00e9e":"4 minutes"},"schema":{"@context":"https:\/\/schema.org","@graph":[{"@type":"Article","@id":"https:\/\/lasentinelle.dz\/index.php\/2026\/03\/09\/bejaia-la-ville-se-refait-une-beaute\/#article","isPartOf":{"@id":"https:\/\/lasentinelle.dz\/index.php\/2026\/03\/09\/bejaia-la-ville-se-refait-une-beaute\/"},"author":{"name":"admin","@id":"https:\/\/lasentinelle.dz\/#\/schema\/person\/729ee0024f24e0b8c5ec17232f8e8b41"},"headline":"B\u00e9ja\u00efa\u00a0: La ville se refait une beaut\u00e9","datePublished":"2026-03-09T19:24:41+00:00","dateModified":"2026-03-09T19:24:42+00:00","mainEntityOfPage":{"@id":"https:\/\/lasentinelle.dz\/index.php\/2026\/03\/09\/bejaia-la-ville-se-refait-une-beaute\/"},"wordCount":652,"commentCount":0,"publisher":{"@id":"https:\/\/lasentinelle.dz\/#organization"},"image":{"@id":"https:\/\/lasentinelle.dz\/index.php\/2026\/03\/09\/bejaia-la-ville-se-refait-une-beaute\/#primaryimage"},"thumbnailUrl":"https:\/\/lasentinelle.dz\/wp-content\/uploads\/2026\/03\/bejaia.jpg","articleSection":["R\u00e9gions"],"inLanguage":"fr-FR","potentialAction":[{"@type":"CommentAction","name":"Comment","target":["https:\/\/lasentinelle.dz\/index.php\/2026\/03\/09\/bejaia-la-ville-se-refait-une-beaute\/#respond"]}]},{"@type":"WebPage","@id":"https:\/\/lasentinelle.dz\/index.php\/2026\/03\/09\/bejaia-la-ville-se-refait-une-beaute\/","url":"https:\/\/lasentinelle.dz\/index.php\/2026\/03\/09\/bejaia-la-ville-se-refait-une-beaute\/","name":"B\u00e9ja\u00efa\u00a0: La ville se refait une beaut\u00e9 - La Sentinelle","isPartOf":{"@id":"https:\/\/lasentinelle.dz\/#website"},"primaryImageOfPage":{"@id":"https:\/\/lasentinelle.dz\/index.php\/2026\/03\/09\/bejaia-la-ville-se-refait-une-beaute\/#primaryimage"},"image":{"@id":"https:\/\/lasentinelle.dz\/index.php\/2026\/03\/09\/bejaia-la-ville-se-refait-une-beaute\/#primaryimage"},"thumbnailUrl":"https:\/\/lasentinelle.dz\/wp-content\/uploads\/2026\/03\/bejaia.jpg","datePublished":"2026-03-09T19:24:41+00:00","dateModified":"2026-03-09T19:24:42+00:00","breadcrumb":{"@id":"https:\/\/lasentinelle.dz\/index.php\/2026\/03\/09\/bejaia-la-ville-se-refait-une-beaute\/#breadcrumb"},"inLanguage":"fr-FR","potentialAction":[{"@type":"ReadAction","target":["https:\/\/lasentinelle.dz\/index.php\/2026\/03\/09\/bejaia-la-ville-se-refait-une-beaute\/"]}]},{"@type":"ImageObject","inLanguage":"fr-FR","@id":"https:\/\/lasentinelle.dz\/index.php\/2026\/03\/09\/bejaia-la-ville-se-refait-une-beaute\/#primaryimage","url":"https:\/\/lasentinelle.dz\/wp-content\/uploads\/2026\/03\/bejaia.jpg","contentUrl":"https:\/\/lasentinelle.dz\/wp-content\/uploads\/2026\/03\/bejaia.jpg","width":500,"height":388},{"@type":"BreadcrumbList","@id":"https:\/\/lasentinelle.dz\/index.php\/2026\/03\/09\/bejaia-la-ville-se-refait-une-beaute\/#breadcrumb","itemListElement":[{"@type":"ListItem","position":1,"name":"Accueil","item":"https:\/\/lasentinelle.dz\/"},{"@type":"ListItem","position":2,"name":"B\u00e9ja\u00efa\u00a0: La ville se refait une beaut\u00e9"}]},{"@type":"WebSite","@id":"https:\/\/lasentinelle.dz\/#website","url":"https:\/\/lasentinelle.dz\/","name":"La Sentinelle","description":"Quotidien national d&#039;information","publisher":{"@id":"https:\/\/lasentinelle.dz\/#organization"},"potentialAction":[{"@type":"SearchAction","target":{"@type":"EntryPoint","urlTemplate":"https:\/\/lasentinelle.dz\/?s={search_term_string}"},"query-input":{"@type":"PropertyValueSpecification","valueRequired":true,"valueName":"search_term_string"}}],"inLanguage":"fr-FR"},{"@type":"Organization","@id":"https:\/\/lasentinelle.dz\/#organization","name":"Quotidien La Sentinelle","url":"https:\/\/lasentinelle.dz\/","logo":{"@type":"ImageObject","inLanguage":"fr-FR","@id":"https:\/\/lasentinelle.dz\/#\/schema\/logo\/image\/","url":"https:\/\/lasentinelle.dz\/wp-content\/uploads\/2021\/09\/logo-sentinelleSLOGAN-1.png","contentUrl":"https:\/\/lasentinelle.dz\/wp-content\/uploads\/2021\/09\/logo-sentinelleSLOGAN-1.png","width":615,"height":142,"caption":"Quotidien La Sentinelle"},"image":{"@id":"https:\/\/lasentinelle.dz\/#\/schema\/logo\/image\/"},"sameAs":["https:\/\/www.facebook.com\/La-Sentinelle-104059864394773"]},{"@type":"Person","@id":"https:\/\/lasentinelle.dz\/#\/schema\/person\/729ee0024f24e0b8c5ec17232f8e8b41","name":"admin","image":{"@type":"ImageObject","inLanguage":"fr-FR","@id":"https:\/\/secure.gravatar.com\/avatar\/4c81fed838786e9b53f540bf46533e750f5d292099ae3b66cfc6fb1982e29df7?s=96&d=mm&r=g","url":"https:\/\/secure.gravatar.com\/avatar\/4c81fed838786e9b53f540bf46533e750f5d292099ae3b66cfc6fb1982e29df7?s=96&d=mm&r=g","contentUrl":"https:\/\/secure.gravatar.com\/avatar\/4c81fed838786e9b53f540bf46533e750f5d292099ae3b66cfc6fb1982e29df7?s=96&d=mm&r=g","caption":"admin"},"description":"admin","url":"https:\/\/lasentinelle.dz\/author\/admin\/"}]}},"_links":{"self":[{"href":"https:\/\/lasentinelle.dz\/index.php\/wp-json\/wp\/v2\/posts\/83164","targetHints":{"allow":["GET"]}}],"collection":[{"href":"https:\/\/lasentinelle.dz\/index.php\/wp-json\/wp\/v2\/posts"}],"about":[{"href":"https:\/\/lasentinelle.dz\/index.php\/wp-json\/wp\/v2\/types\/post"}],"author":[{"embeddable":true,"href":"https:\/\/lasentinelle.dz\/index.php\/wp-json\/wp\/v2\/users\/6"}],"replies":[{"embeddable":true,"href":"https:\/\/lasentinelle.dz\/index.php\/wp-json\/wp\/v2\/comments?post=83164"}],"version-history":[{"count":1,"href":"https:\/\/lasentinelle.dz\/index.php\/wp-json\/wp\/v2\/posts\/83164\/revisions"}],"predecessor-version":[{"id":83166,"href":"https:\/\/lasentinelle.dz\/index.php\/wp-json\/wp\/v2\/posts\/83164\/revisions\/83166"}],"wp:featuredmedia":[{"embeddable":true,"href":"https:\/\/lasentinelle.dz\/index.php\/wp-json\/wp\/v2\/media\/83165"}],"wp:attachment":[{"href":"https:\/\/lasentinelle.dz\/index.php\/wp-json\/wp\/v2\/media?parent=83164"}],"wp:term":[{"taxonomy":"category","embeddable":true,"href":"https:\/\/lasentinelle.dz\/index.php\/wp-json\/wp\/v2\/categories?post=83164"},{"taxonomy":"post_tag","embeddable":true,"href":"https:\/\/lasentinelle.dz\/index.php\/wp-json\/wp\/v2\/tags?post=83164"}],"curies":[{"name":"wp","href":"https:\/\/api.w.org\/{rel}","templated":true}]}}