{"id":83167,"date":"2026-03-09T20:25:34","date_gmt":"2026-03-09T19:25:34","guid":{"rendered":"https:\/\/lasentinelle.dz\/?p=83167"},"modified":"2026-03-09T20:25:35","modified_gmt":"2026-03-09T19:25:35","slug":"ligne-ferroviaire-annaba-alger-le-train-express-en-suspens-depuis-2015","status":"publish","type":"post","link":"https:\/\/lasentinelle.dz\/index.php\/2026\/03\/09\/ligne-ferroviaire-annaba-alger-le-train-express-en-suspens-depuis-2015\/","title":{"rendered":"Ligne ferroviaire Annaba-Alger\u00a0: Le train express en suspens depuis 2015"},"content":{"rendered":"\n<p>Des d\u00e9put\u00e9s de la wilaya d&rsquo;Annaba ont d\u00e9cid\u00e9 de relancer le dossier aupr\u00e8s du gouvernement.<\/p>\n\n\n\n<p>Gel\u00e9 depuis 2015, le projet de train express reliant Annaba \u00e0 Alger demeure bloqu\u00e9, privant les habitants de l&rsquo;Est alg\u00e9rien d&rsquo;une liaison ferroviaire rapide pourtant jug\u00e9e vitale. Face \u00e0 cette attente qui s&rsquo;\u00e9tire depuis plus de dix ans, des d\u00e9put\u00e9s de la wilaya d&rsquo;Annaba ont d\u00e9cid\u00e9 de relancer le dossier aupr\u00e8s du gouvernement, esp\u00e9rant d\u00e9bloquer un projet qui devrait transformer radicalement la mobilit\u00e9 entre les deux villes. Cette suspension prolong\u00e9e suscite de nombreuses interrogations, d&rsquo;autant qu&rsquo;elle prive les citoyens d&rsquo;une solution de transport essentielle. Les habitants qui doivent se rendre \u00e0 Alger pour des rendez-vous m\u00e9dicaux, des d\u00e9marches administratives ou pour traiter des affaires commerciales se trouvent ainsi p\u00e9nalis\u00e9s. Cette situation qui perdure alimente un sentiment croissant d&rsquo;impatience et accentue les difficult\u00e9s quotidiennes li\u00e9es au transport entre Annaba et la capitale. D\u00e9termin\u00e9s \u00e0 sortir ce dossier de l&rsquo;oubli, les repr\u00e9sentants de la wilaya d&rsquo;Annaba au Parlement ont d\u00e9cid\u00e9 d&rsquo;intervenir. Parmi eux, le d\u00e9put\u00e9 du Parti El Adala s&rsquo;est r\u00e9cemment adress\u00e9 au ministre des Finances par le biais d&rsquo;une question \u00e9crite, sollicitant l&rsquo;examen urgent du dossier et l&rsquo;acc\u00e9l\u00e9ration de sa r\u00e9alisation, consid\u00e9r\u00e9e comme vitale pour la r\u00e9gion. Cette d\u00e9marche parlementaire vise \u00e0 obtenir des r\u00e9ponses concr\u00e8tes sur les raisons du blocage et les perspectives de relance du projet. La concr\u00e9tisation de ce train express ne se limiterait pas \u00e0 la simple am\u00e9lioration de la mobilit\u00e9. Elle pourrait transformer profond\u00e9ment la vie quotidienne des citoyens, stimuler les \u00e9changes commerciaux entre l&rsquo;Est et le Centre du pays, dynamiser le tourisme et renforcer les liens culturels, apportant ainsi un nouveau souffle \u00e0 toute la r\u00e9gion orientale de l&rsquo;Alg\u00e9rie. Le projet rev\u00eat donc une dimension \u00e9conomique et sociale qui d\u00e9passe largement le cadre du seul transport ferroviaire.<\/p>\n\n\n\n<p>Selon certaines indiscr\u00e9tions recueillies aupr\u00e8s des services potentiellement concern\u00e9s par ce projet, le lancement effectif et la concr\u00e9tisation du train express Annaba-Alger pourraient constituer un signal fort pour d&rsquo;autres projets d&rsquo;infrastructures dans la r\u00e9gion. Cette r\u00e9alisation t\u00e9moignerait d&rsquo;une volont\u00e9 politique affirm\u00e9e d&rsquo;accompagner le d\u00e9veloppement de la wilaya d&rsquo;Annaba et de r\u00e9pondre aux attentes de sa population en mati\u00e8re de d\u00e9senclavement et de connexion avec la capitale.<\/p>\n\n\n\n<p>En attendant la remise sur rails de ce projet strat\u00e9gique, il convient de rappeler que le train actuel desservant la liaison Annaba-Alger effectue un trajet de plus de douze heures, soit une dur\u00e9e aussi longue que fatigante pour les voyageurs. Cette lenteur excessive rend la liaison ferroviaire peu attractive compar\u00e9e \u00e0 d&rsquo;autres modes de transport, malgr\u00e9 ses avantages potentiels en termes de co\u00fbt et de capacit\u00e9. Le train express, s&rsquo;il voyait le jour, devrait r\u00e9duire drastiquement cette dur\u00e9e de d\u00e9placement, rendant enfin la liaison ferroviaire comp\u00e9titive et attractive.<\/p>\n\n\n\n<p>Alors que la wilaya d&rsquo;Annaba aspire \u00e0 un d\u00e9veloppement \u00e9conomique dynamique et \u00e0 un meilleur d\u00e9senclavement, l&rsquo;absence de cette liaison rapide vers la capitale constitue un handicap majeur.<\/p>\n\n\n\n<p>Sofia Chahine<\/p>\n","protected":false},"excerpt":{"rendered":"<p>Des d\u00e9put\u00e9s de la wilaya d&rsquo;Annaba ont d\u00e9cid\u00e9 de relancer le dossier aupr\u00e8s du gouvernement. Gel\u00e9 depuis 2015, le projet<\/p>\n","protected":false},"author":6,"featured_media":83168,"comment_status":"open","ping_status":"closed","sticky":false,"template":"","format":"standard","meta":{"colormag_page_container_layout":"default_layout","colormag_page_sidebar_layout":"default_layout","om_disable_all_campaigns":false,"_monsterinsights_skip_tracking":false,"_monsterinsights_sitenote_active":false,"_monsterinsights_sitenote_note":"","_monsterinsights_sitenote_category":0,"footnotes":"","_wpscppro_dont_share_socialmedia":false,"_wpscppro_custom_social_share_image":0,"_facebook_share_type":"default","_twitter_share_type":"default","_linkedin_share_type":"default","_pinterest_share_type":"default","_linkedin_share_type_page":"","_instagram_share_type":"default","_medium_share_type":"default","_threads_share_type":"default","_google_business_share_type":"default","_selected_social_profile":[],"_wpsp_enable_custom_social_template":false,"_wpsp_social_scheduling":{"enabled":false,"datetime":null,"platforms":[],"status":"template_only","dateOption":"today","timeOption":"now","customDays":"","customHours":"","customDate":"","customTime":"","schedulingType":"absolute"},"_wpsp_active_default_template":true},"categories":[31],"tags":[],"class_list":["post-83167","post","type-post","status-publish","format-standard","has-post-thumbnail","hentry","category-regions"],"aioseo_notices":[],"yoast_head":"<!-- This site is optimized with the Yoast SEO plugin v27.4 - https:\/\/yoast.com\/product\/yoast-seo-wordpress\/ -->\n<title>Ligne ferroviaire Annaba-Alger\u00a0: Le train express en suspens depuis 2015 - La Sentinelle<\/title>\n<meta name=\"robots\" content=\"index, follow, max-snippet:-1, max-image-preview:large, max-video-preview:-1\" \/>\n<link rel=\"canonical\" href=\"https:\/\/lasentinelle.dz\/index.php\/2026\/03\/09\/ligne-ferroviaire-annaba-alger-le-train-express-en-suspens-depuis-2015\/\" \/>\n<meta property=\"og:locale\" content=\"fr_FR\" \/>\n<meta property=\"og:type\" content=\"article\" \/>\n<meta property=\"og:title\" content=\"Ligne ferroviaire Annaba-Alger\u00a0: Le train express en suspens depuis 2015 - La Sentinelle\" \/>\n<meta property=\"og:description\" content=\"Des d\u00e9put\u00e9s de la wilaya d&rsquo;Annaba ont d\u00e9cid\u00e9 de relancer le dossier aupr\u00e8s du gouvernement. Gel\u00e9 depuis 2015, le projet\" \/>\n<meta property=\"og:url\" content=\"https:\/\/lasentinelle.dz\/index.php\/2026\/03\/09\/ligne-ferroviaire-annaba-alger-le-train-express-en-suspens-depuis-2015\/\" \/>\n<meta property=\"og:site_name\" content=\"La Sentinelle\" \/>\n<meta property=\"article:publisher\" content=\"https:\/\/www.facebook.com\/La-Sentinelle-104059864394773\" \/>\n<meta property=\"article:published_time\" content=\"2026-03-09T19:25:34+00:00\" \/>\n<meta property=\"article:modified_time\" content=\"2026-03-09T19:25:35+00:00\" \/>\n<meta property=\"og:image\" content=\"https:\/\/lasentinelle.dz\/wp-content\/uploads\/2026\/03\/train.jpg\" \/>\n\t<meta property=\"og:image:width\" content=\"580\" \/>\n\t<meta property=\"og:image:height\" content=\"350\" \/>\n\t<meta property=\"og:image:type\" content=\"image\/jpeg\" \/>\n<meta name=\"author\" content=\"admin\" \/>\n<meta name=\"twitter:card\" content=\"summary_large_image\" \/>\n<meta name=\"twitter:label1\" content=\"\u00c9crit par\" \/>\n\t<meta name=\"twitter:data1\" content=\"admin\" \/>\n\t<meta name=\"twitter:label2\" content=\"Dur\u00e9e de lecture estim\u00e9e\" \/>\n\t<meta name=\"twitter:data2\" content=\"3 minutes\" \/>\n<script type=\"application\/ld+json\" class=\"yoast-schema-graph\">{\"@context\":\"https:\\\/\\\/schema.org\",\"@graph\":[{\"@type\":\"Article\",\"@id\":\"https:\\\/\\\/lasentinelle.dz\\\/index.php\\\/2026\\\/03\\\/09\\\/ligne-ferroviaire-annaba-alger-le-train-express-en-suspens-depuis-2015\\\/#article\",\"isPartOf\":{\"@id\":\"https:\\\/\\\/lasentinelle.dz\\\/index.php\\\/2026\\\/03\\\/09\\\/ligne-ferroviaire-annaba-alger-le-train-express-en-suspens-depuis-2015\\\/\"},\"author\":{\"name\":\"admin\",\"@id\":\"https:\\\/\\\/lasentinelle.dz\\\/#\\\/schema\\\/person\\\/729ee0024f24e0b8c5ec17232f8e8b41\"},\"headline\":\"Ligne ferroviaire Annaba-Alger\u00a0: Le train express en suspens depuis 2015\",\"datePublished\":\"2026-03-09T19:25:34+00:00\",\"dateModified\":\"2026-03-09T19:25:35+00:00\",\"mainEntityOfPage\":{\"@id\":\"https:\\\/\\\/lasentinelle.dz\\\/index.php\\\/2026\\\/03\\\/09\\\/ligne-ferroviaire-annaba-alger-le-train-express-en-suspens-depuis-2015\\\/\"},\"wordCount\":569,\"commentCount\":0,\"publisher\":{\"@id\":\"https:\\\/\\\/lasentinelle.dz\\\/#organization\"},\"image\":{\"@id\":\"https:\\\/\\\/lasentinelle.dz\\\/index.php\\\/2026\\\/03\\\/09\\\/ligne-ferroviaire-annaba-alger-le-train-express-en-suspens-depuis-2015\\\/#primaryimage\"},\"thumbnailUrl\":\"https:\\\/\\\/lasentinelle.dz\\\/wp-content\\\/uploads\\\/2026\\\/03\\\/train.jpg\",\"articleSection\":[\"R\u00e9gions\"],\"inLanguage\":\"fr-FR\",\"potentialAction\":[{\"@type\":\"CommentAction\",\"name\":\"Comment\",\"target\":[\"https:\\\/\\\/lasentinelle.dz\\\/index.php\\\/2026\\\/03\\\/09\\\/ligne-ferroviaire-annaba-alger-le-train-express-en-suspens-depuis-2015\\\/#respond\"]}]},{\"@type\":\"WebPage\",\"@id\":\"https:\\\/\\\/lasentinelle.dz\\\/index.php\\\/2026\\\/03\\\/09\\\/ligne-ferroviaire-annaba-alger-le-train-express-en-suspens-depuis-2015\\\/\",\"url\":\"https:\\\/\\\/lasentinelle.dz\\\/index.php\\\/2026\\\/03\\\/09\\\/ligne-ferroviaire-annaba-alger-le-train-express-en-suspens-depuis-2015\\\/\",\"name\":\"Ligne ferroviaire Annaba-Alger\u00a0: Le train express en suspens depuis 2015 - La Sentinelle\",\"isPartOf\":{\"@id\":\"https:\\\/\\\/lasentinelle.dz\\\/#website\"},\"primaryImageOfPage\":{\"@id\":\"https:\\\/\\\/lasentinelle.dz\\\/index.php\\\/2026\\\/03\\\/09\\\/ligne-ferroviaire-annaba-alger-le-train-express-en-suspens-depuis-2015\\\/#primaryimage\"},\"image\":{\"@id\":\"https:\\\/\\\/lasentinelle.dz\\\/index.php\\\/2026\\\/03\\\/09\\\/ligne-ferroviaire-annaba-alger-le-train-express-en-suspens-depuis-2015\\\/#primaryimage\"},\"thumbnailUrl\":\"https:\\\/\\\/lasentinelle.dz\\\/wp-content\\\/uploads\\\/2026\\\/03\\\/train.jpg\",\"datePublished\":\"2026-03-09T19:25:34+00:00\",\"dateModified\":\"2026-03-09T19:25:35+00:00\",\"breadcrumb\":{\"@id\":\"https:\\\/\\\/lasentinelle.dz\\\/index.php\\\/2026\\\/03\\\/09\\\/ligne-ferroviaire-annaba-alger-le-train-express-en-suspens-depuis-2015\\\/#breadcrumb\"},\"inLanguage\":\"fr-FR\",\"potentialAction\":[{\"@type\":\"ReadAction\",\"target\":[\"https:\\\/\\\/lasentinelle.dz\\\/index.php\\\/2026\\\/03\\\/09\\\/ligne-ferroviaire-annaba-alger-le-train-express-en-suspens-depuis-2015\\\/\"]}]},{\"@type\":\"ImageObject\",\"inLanguage\":\"fr-FR\",\"@id\":\"https:\\\/\\\/lasentinelle.dz\\\/index.php\\\/2026\\\/03\\\/09\\\/ligne-ferroviaire-annaba-alger-le-train-express-en-suspens-depuis-2015\\\/#primaryimage\",\"url\":\"https:\\\/\\\/lasentinelle.dz\\\/wp-content\\\/uploads\\\/2026\\\/03\\\/train.jpg\",\"contentUrl\":\"https:\\\/\\\/lasentinelle.dz\\\/wp-content\\\/uploads\\\/2026\\\/03\\\/train.jpg\",\"width\":580,\"height\":350},{\"@type\":\"BreadcrumbList\",\"@id\":\"https:\\\/\\\/lasentinelle.dz\\\/index.php\\\/2026\\\/03\\\/09\\\/ligne-ferroviaire-annaba-alger-le-train-express-en-suspens-depuis-2015\\\/#breadcrumb\",\"itemListElement\":[{\"@type\":\"ListItem\",\"position\":1,\"name\":\"Accueil\",\"item\":\"https:\\\/\\\/lasentinelle.dz\\\/\"},{\"@type\":\"ListItem\",\"position\":2,\"name\":\"Ligne ferroviaire Annaba-Alger\u00a0: Le train express en suspens depuis 2015\"}]},{\"@type\":\"WebSite\",\"@id\":\"https:\\\/\\\/lasentinelle.dz\\\/#website\",\"url\":\"https:\\\/\\\/lasentinelle.dz\\\/\",\"name\":\"La Sentinelle\",\"description\":\"Quotidien national d&#039;information\",\"publisher\":{\"@id\":\"https:\\\/\\\/lasentinelle.dz\\\/#organization\"},\"potentialAction\":[{\"@type\":\"SearchAction\",\"target\":{\"@type\":\"EntryPoint\",\"urlTemplate\":\"https:\\\/\\\/lasentinelle.dz\\\/?s={search_term_string}\"},\"query-input\":{\"@type\":\"PropertyValueSpecification\",\"valueRequired\":true,\"valueName\":\"search_term_string\"}}],\"inLanguage\":\"fr-FR\"},{\"@type\":\"Organization\",\"@id\":\"https:\\\/\\\/lasentinelle.dz\\\/#organization\",\"name\":\"Quotidien La Sentinelle\",\"url\":\"https:\\\/\\\/lasentinelle.dz\\\/\",\"logo\":{\"@type\":\"ImageObject\",\"inLanguage\":\"fr-FR\",\"@id\":\"https:\\\/\\\/lasentinelle.dz\\\/#\\\/schema\\\/logo\\\/image\\\/\",\"url\":\"https:\\\/\\\/lasentinelle.dz\\\/wp-content\\\/uploads\\\/2021\\\/09\\\/logo-sentinelleSLOGAN-1.png\",\"contentUrl\":\"https:\\\/\\\/lasentinelle.dz\\\/wp-content\\\/uploads\\\/2021\\\/09\\\/logo-sentinelleSLOGAN-1.png\",\"width\":615,\"height\":142,\"caption\":\"Quotidien La Sentinelle\"},\"image\":{\"@id\":\"https:\\\/\\\/lasentinelle.dz\\\/#\\\/schema\\\/logo\\\/image\\\/\"},\"sameAs\":[\"https:\\\/\\\/www.facebook.com\\\/La-Sentinelle-104059864394773\"]},{\"@type\":\"Person\",\"@id\":\"https:\\\/\\\/lasentinelle.dz\\\/#\\\/schema\\\/person\\\/729ee0024f24e0b8c5ec17232f8e8b41\",\"name\":\"admin\",\"image\":{\"@type\":\"ImageObject\",\"inLanguage\":\"fr-FR\",\"@id\":\"https:\\\/\\\/secure.gravatar.com\\\/avatar\\\/4c81fed838786e9b53f540bf46533e750f5d292099ae3b66cfc6fb1982e29df7?s=96&d=mm&r=g\",\"url\":\"https:\\\/\\\/secure.gravatar.com\\\/avatar\\\/4c81fed838786e9b53f540bf46533e750f5d292099ae3b66cfc6fb1982e29df7?s=96&d=mm&r=g\",\"contentUrl\":\"https:\\\/\\\/secure.gravatar.com\\\/avatar\\\/4c81fed838786e9b53f540bf46533e750f5d292099ae3b66cfc6fb1982e29df7?s=96&d=mm&r=g\",\"caption\":\"admin\"},\"description\":\"admin\",\"url\":\"https:\\\/\\\/lasentinelle.dz\\\/author\\\/admin\\\/\"}]}<\/script>\n<!-- \/ Yoast SEO plugin. -->","yoast_head_json":{"title":"Ligne ferroviaire Annaba-Alger\u00a0: Le train express en suspens depuis 2015 - La Sentinelle","robots":{"index":"index","follow":"follow","max-snippet":"max-snippet:-1","max-image-preview":"max-image-preview:large","max-video-preview":"max-video-preview:-1"},"canonical":"https:\/\/lasentinelle.dz\/index.php\/2026\/03\/09\/ligne-ferroviaire-annaba-alger-le-train-express-en-suspens-depuis-2015\/","og_locale":"fr_FR","og_type":"article","og_title":"Ligne ferroviaire Annaba-Alger\u00a0: Le train express en suspens depuis 2015 - La Sentinelle","og_description":"Des d\u00e9put\u00e9s de la wilaya d&rsquo;Annaba ont d\u00e9cid\u00e9 de relancer le dossier aupr\u00e8s du gouvernement. Gel\u00e9 depuis 2015, le projet","og_url":"https:\/\/lasentinelle.dz\/index.php\/2026\/03\/09\/ligne-ferroviaire-annaba-alger-le-train-express-en-suspens-depuis-2015\/","og_site_name":"La Sentinelle","article_publisher":"https:\/\/www.facebook.com\/La-Sentinelle-104059864394773","article_published_time":"2026-03-09T19:25:34+00:00","article_modified_time":"2026-03-09T19:25:35+00:00","og_image":[{"width":580,"height":350,"url":"https:\/\/lasentinelle.dz\/wp-content\/uploads\/2026\/03\/train.jpg","type":"image\/jpeg"}],"author":"admin","twitter_card":"summary_large_image","twitter_misc":{"\u00c9crit par":"admin","Dur\u00e9e de lecture estim\u00e9e":"3 minutes"},"schema":{"@context":"https:\/\/schema.org","@graph":[{"@type":"Article","@id":"https:\/\/lasentinelle.dz\/index.php\/2026\/03\/09\/ligne-ferroviaire-annaba-alger-le-train-express-en-suspens-depuis-2015\/#article","isPartOf":{"@id":"https:\/\/lasentinelle.dz\/index.php\/2026\/03\/09\/ligne-ferroviaire-annaba-alger-le-train-express-en-suspens-depuis-2015\/"},"author":{"name":"admin","@id":"https:\/\/lasentinelle.dz\/#\/schema\/person\/729ee0024f24e0b8c5ec17232f8e8b41"},"headline":"Ligne ferroviaire Annaba-Alger\u00a0: Le train express en suspens depuis 2015","datePublished":"2026-03-09T19:25:34+00:00","dateModified":"2026-03-09T19:25:35+00:00","mainEntityOfPage":{"@id":"https:\/\/lasentinelle.dz\/index.php\/2026\/03\/09\/ligne-ferroviaire-annaba-alger-le-train-express-en-suspens-depuis-2015\/"},"wordCount":569,"commentCount":0,"publisher":{"@id":"https:\/\/lasentinelle.dz\/#organization"},"image":{"@id":"https:\/\/lasentinelle.dz\/index.php\/2026\/03\/09\/ligne-ferroviaire-annaba-alger-le-train-express-en-suspens-depuis-2015\/#primaryimage"},"thumbnailUrl":"https:\/\/lasentinelle.dz\/wp-content\/uploads\/2026\/03\/train.jpg","articleSection":["R\u00e9gions"],"inLanguage":"fr-FR","potentialAction":[{"@type":"CommentAction","name":"Comment","target":["https:\/\/lasentinelle.dz\/index.php\/2026\/03\/09\/ligne-ferroviaire-annaba-alger-le-train-express-en-suspens-depuis-2015\/#respond"]}]},{"@type":"WebPage","@id":"https:\/\/lasentinelle.dz\/index.php\/2026\/03\/09\/ligne-ferroviaire-annaba-alger-le-train-express-en-suspens-depuis-2015\/","url":"https:\/\/lasentinelle.dz\/index.php\/2026\/03\/09\/ligne-ferroviaire-annaba-alger-le-train-express-en-suspens-depuis-2015\/","name":"Ligne ferroviaire Annaba-Alger\u00a0: Le train express en suspens depuis 2015 - La Sentinelle","isPartOf":{"@id":"https:\/\/lasentinelle.dz\/#website"},"primaryImageOfPage":{"@id":"https:\/\/lasentinelle.dz\/index.php\/2026\/03\/09\/ligne-ferroviaire-annaba-alger-le-train-express-en-suspens-depuis-2015\/#primaryimage"},"image":{"@id":"https:\/\/lasentinelle.dz\/index.php\/2026\/03\/09\/ligne-ferroviaire-annaba-alger-le-train-express-en-suspens-depuis-2015\/#primaryimage"},"thumbnailUrl":"https:\/\/lasentinelle.dz\/wp-content\/uploads\/2026\/03\/train.jpg","datePublished":"2026-03-09T19:25:34+00:00","dateModified":"2026-03-09T19:25:35+00:00","breadcrumb":{"@id":"https:\/\/lasentinelle.dz\/index.php\/2026\/03\/09\/ligne-ferroviaire-annaba-alger-le-train-express-en-suspens-depuis-2015\/#breadcrumb"},"inLanguage":"fr-FR","potentialAction":[{"@type":"ReadAction","target":["https:\/\/lasentinelle.dz\/index.php\/2026\/03\/09\/ligne-ferroviaire-annaba-alger-le-train-express-en-suspens-depuis-2015\/"]}]},{"@type":"ImageObject","inLanguage":"fr-FR","@id":"https:\/\/lasentinelle.dz\/index.php\/2026\/03\/09\/ligne-ferroviaire-annaba-alger-le-train-express-en-suspens-depuis-2015\/#primaryimage","url":"https:\/\/lasentinelle.dz\/wp-content\/uploads\/2026\/03\/train.jpg","contentUrl":"https:\/\/lasentinelle.dz\/wp-content\/uploads\/2026\/03\/train.jpg","width":580,"height":350},{"@type":"BreadcrumbList","@id":"https:\/\/lasentinelle.dz\/index.php\/2026\/03\/09\/ligne-ferroviaire-annaba-alger-le-train-express-en-suspens-depuis-2015\/#breadcrumb","itemListElement":[{"@type":"ListItem","position":1,"name":"Accueil","item":"https:\/\/lasentinelle.dz\/"},{"@type":"ListItem","position":2,"name":"Ligne ferroviaire Annaba-Alger\u00a0: Le train express en suspens depuis 2015"}]},{"@type":"WebSite","@id":"https:\/\/lasentinelle.dz\/#website","url":"https:\/\/lasentinelle.dz\/","name":"La Sentinelle","description":"Quotidien national d&#039;information","publisher":{"@id":"https:\/\/lasentinelle.dz\/#organization"},"potentialAction":[{"@type":"SearchAction","target":{"@type":"EntryPoint","urlTemplate":"https:\/\/lasentinelle.dz\/?s={search_term_string}"},"query-input":{"@type":"PropertyValueSpecification","valueRequired":true,"valueName":"search_term_string"}}],"inLanguage":"fr-FR"},{"@type":"Organization","@id":"https:\/\/lasentinelle.dz\/#organization","name":"Quotidien La Sentinelle","url":"https:\/\/lasentinelle.dz\/","logo":{"@type":"ImageObject","inLanguage":"fr-FR","@id":"https:\/\/lasentinelle.dz\/#\/schema\/logo\/image\/","url":"https:\/\/lasentinelle.dz\/wp-content\/uploads\/2021\/09\/logo-sentinelleSLOGAN-1.png","contentUrl":"https:\/\/lasentinelle.dz\/wp-content\/uploads\/2021\/09\/logo-sentinelleSLOGAN-1.png","width":615,"height":142,"caption":"Quotidien La Sentinelle"},"image":{"@id":"https:\/\/lasentinelle.dz\/#\/schema\/logo\/image\/"},"sameAs":["https:\/\/www.facebook.com\/La-Sentinelle-104059864394773"]},{"@type":"Person","@id":"https:\/\/lasentinelle.dz\/#\/schema\/person\/729ee0024f24e0b8c5ec17232f8e8b41","name":"admin","image":{"@type":"ImageObject","inLanguage":"fr-FR","@id":"https:\/\/secure.gravatar.com\/avatar\/4c81fed838786e9b53f540bf46533e750f5d292099ae3b66cfc6fb1982e29df7?s=96&d=mm&r=g","url":"https:\/\/secure.gravatar.com\/avatar\/4c81fed838786e9b53f540bf46533e750f5d292099ae3b66cfc6fb1982e29df7?s=96&d=mm&r=g","contentUrl":"https:\/\/secure.gravatar.com\/avatar\/4c81fed838786e9b53f540bf46533e750f5d292099ae3b66cfc6fb1982e29df7?s=96&d=mm&r=g","caption":"admin"},"description":"admin","url":"https:\/\/lasentinelle.dz\/author\/admin\/"}]}},"_links":{"self":[{"href":"https:\/\/lasentinelle.dz\/index.php\/wp-json\/wp\/v2\/posts\/83167","targetHints":{"allow":["GET"]}}],"collection":[{"href":"https:\/\/lasentinelle.dz\/index.php\/wp-json\/wp\/v2\/posts"}],"about":[{"href":"https:\/\/lasentinelle.dz\/index.php\/wp-json\/wp\/v2\/types\/post"}],"author":[{"embeddable":true,"href":"https:\/\/lasentinelle.dz\/index.php\/wp-json\/wp\/v2\/users\/6"}],"replies":[{"embeddable":true,"href":"https:\/\/lasentinelle.dz\/index.php\/wp-json\/wp\/v2\/comments?post=83167"}],"version-history":[{"count":1,"href":"https:\/\/lasentinelle.dz\/index.php\/wp-json\/wp\/v2\/posts\/83167\/revisions"}],"predecessor-version":[{"id":83169,"href":"https:\/\/lasentinelle.dz\/index.php\/wp-json\/wp\/v2\/posts\/83167\/revisions\/83169"}],"wp:featuredmedia":[{"embeddable":true,"href":"https:\/\/lasentinelle.dz\/index.php\/wp-json\/wp\/v2\/media\/83168"}],"wp:attachment":[{"href":"https:\/\/lasentinelle.dz\/index.php\/wp-json\/wp\/v2\/media?parent=83167"}],"wp:term":[{"taxonomy":"category","embeddable":true,"href":"https:\/\/lasentinelle.dz\/index.php\/wp-json\/wp\/v2\/categories?post=83167"},{"taxonomy":"post_tag","embeddable":true,"href":"https:\/\/lasentinelle.dz\/index.php\/wp-json\/wp\/v2\/tags?post=83167"}],"curies":[{"name":"wp","href":"https:\/\/api.w.org\/{rel}","templated":true}]}}