{"id":83175,"date":"2026-03-09T20:28:14","date_gmt":"2026-03-09T19:28:14","guid":{"rendered":"https:\/\/lasentinelle.dz\/?p=83175"},"modified":"2026-03-09T20:28:15","modified_gmt":"2026-03-09T19:28:15","slug":"le-cnese-consacre-une-conference-a-la-mine-de-gara-djebilet-pierre-angulaire-de-la-souverainete-economique-du-pays","status":"publish","type":"post","link":"https:\/\/lasentinelle.dz\/index.php\/2026\/03\/09\/le-cnese-consacre-une-conference-a-la-mine-de-gara-djebilet-pierre-angulaire-de-la-souverainete-economique-du-pays\/","title":{"rendered":"Le CNESE consacre une conf\u00e9rence \u00e0 la mine de Gara Djebilet\u00a0: \u00ab Pierre angulaire \u00bb de la souverainet\u00e9 \u00e9conomique du pays"},"content":{"rendered":"\n<p>Le Conseil national \u00e9conomique, social et environnemental a consacr\u00e9, lundi \u00e0 Alger, une conf\u00e9rence au gisement de Gara Djebilet, pr\u00e9sent\u00e9 comme la \u00ab pierre angulaire \u00bb de la souverainet\u00e9 \u00e9conomique du pays, avec \u00e0 la cl\u00e9 une cha\u00eene de valeur industrielle int\u00e9gr\u00e9e, 24 000 emplois et une reconfiguration profonde de l&rsquo;\u00e9conomie du Sud-Ouest alg\u00e9rien.<\/p>\n\n\n\n<p>L&rsquo;Alg\u00e9rie entend faire de son sous-sol un levier de transformation industrielle et non plus une simple source d&rsquo;extraction brute. C&rsquo;est le message central de la conf\u00e9rence organis\u00e9e lundi 9 mars 2026 par le CNESE sous l&rsquo;intitul\u00e9 \u00ab Gara Djebilet : du gisement minier \u00e0 l&rsquo;espace de d\u00e9veloppement durable \u00bb, en pr\u00e9sence de la secr\u00e9taire d&rsquo;\u00c9tat charg\u00e9e des Mines, Karima Bakir Tafer, du conseiller du pr\u00e9sident de la R\u00e9publique charg\u00e9 des finances, Farid Yaici, du pr\u00e9sident de l&rsquo;Agence nationale de s\u00e9curit\u00e9 sanitaire, le professeur Kamel Sanhadji, et du directeur g\u00e9n\u00e9ral de l&rsquo;Agence alg\u00e9rienne de promotion de l&rsquo;investissement, Omar Rekkache, aux c\u00f4t\u00e9s de parlementaires, de repr\u00e9sentants minist\u00e9riels et d&rsquo;universitaires. Le pr\u00e9sident du CNESE, Mohamed Boukhari, a donn\u00e9 le ton en soulignant la port\u00e9e strat\u00e9gique du projet. \u00ab Cette infrastructure g\u00e9ante, r\u00e9alis\u00e9e en un temps record, constitue la concr\u00e9tisation d&rsquo;un espace \u00e9conomique o\u00f9 s&rsquo;articulent de mani\u00e8re int\u00e9gr\u00e9e les cha\u00eenes d&rsquo;extraction, de transport, d&rsquo;\u00e9nergie, de transformation industrielle et de d\u00e9veloppement local, dans une architecture coh\u00e9rente et interconnect\u00e9e, renfor\u00e7ant la souverainet\u00e9 nationale, garantissant la s\u00e9curit\u00e9 industrielle et am\u00e9liorant la comp\u00e9titivit\u00e9 de l&rsquo;\u00e9conomie nationale, tout en contribuant \u00e0 sa diversification \u00bb, a-t-il d\u00e9clar\u00e9. Le gisement, situ\u00e9 dans la wilaya de Tindouf, incarne selon lui \u00ab un espace de d\u00e9veloppement int\u00e9gr\u00e9, \u00e0 m\u00eame de contribuer au renforcement de la s\u00e9curit\u00e9 industrielle du pays et \u00e0 l&rsquo;am\u00e9lioration de la comp\u00e9titivit\u00e9 de l&rsquo;\u00e9conomie nationale dans son ensemble \u00bb.<\/p>\n\n\n\n<p>Karima Bakir Tafer a, pour sa part, replac\u00e9 le projet dans le contexte de la volont\u00e9 pr\u00e9sidentielle de b\u00e2tir une \u00e9conomie moins d\u00e9pendante des hydrocarbures. La mine de Gara Djebilet repr\u00e9sente \u00ab la pierre angulaire dans le processus de renforcement de la souverainet\u00e9 \u00e9conomique du pays \u00bb, a-t-elle affirm\u00e9, rappelant que la d\u00e9cision du pr\u00e9sident de la R\u00e9publique de lancer l&rsquo;exploitation du gisement, parall\u00e8lement \u00e0 l&rsquo;ach\u00e8vement de la ligne ferroviaire mini\u00e8re reliant Tindouf, B\u00e9char et Gara Djebilet, \u00ab constitue un v\u00e9ritable tournant dans la valorisation des ressources mini\u00e8res nationales \u00bb. La secr\u00e9taire d&rsquo;\u00c9tat a insist\u00e9 sur le fait que le projet d\u00e9passe largement la simple extraction du minerai de fer : il s&rsquo;inscrit \u00ab dans le cadre d&rsquo;une vision de mise en place d&rsquo;une cha\u00eene de valeur industrielle int\u00e9gr\u00e9e englobant l&rsquo;extraction, le traitement et la transformation, permettant ainsi de r\u00e9duire les importations et de d\u00e9velopper les exportations industrielles \u00bb. Les installations connexes pr\u00e9vues \u00e0 Tindouf, B\u00e9char et Na\u00e2ma devraient g\u00e9n\u00e9rer pr\u00e8s de 24 000 emplois directs et indirects, ce qui, selon elle, \u00ab transformera la r\u00e9gion du Grand Sud-Ouest en un p\u00f4le industriel majeur contribuant au soutien de la croissance \u00e9conomique nationale et au renforcement du d\u00e9veloppement r\u00e9gional \u00bb.<\/p>\n\n\n\n<p>Les fondamentaux techniques confortent cette ambition. Le directeur du laboratoire de recherche en g\u00e9nie minier \u00e0 l&rsquo;\u00c9cole nationale polytechnique, Malek Ould Hammou, a indiqu\u00e9 que \u00ab les \u00e9tudes r\u00e9alis\u00e9es sur le projet confirment sa faisabilit\u00e9 technique \u00bb, relevant que \u00ab la teneur \u00e9lev\u00e9e du minerai de fer dans le gisement d\u00e9passe les moyennes requises au niveau mondial \u00bb. Un atout concurrentiel majeur \u00e0 l&rsquo;heure o\u00f9 la demande mondiale de fer reste soutenue par les besoins en infrastructures des \u00e9conomies \u00e9mergentes.<\/p>\n\n\n\n<p>&nbsp;Zahra Bouras, membre du CNESE, a quant \u00e0 elle mis en lumi\u00e8re le caract\u00e8re novateur de l&rsquo;approche adopt\u00e9e. Le projet \u00ab d\u00e9passe les mod\u00e8les traditionnels des corridors de transport ou corridors de ressources, qui se limitaient auparavant \u00e0 relier les zones de production aux seuls r\u00e9seaux de transport \u00bb, a-t-elle expliqu\u00e9. L&rsquo;approche retenue pour Gara Djebilet \u00ab repose sur le d\u00e9veloppement d&rsquo;un corridor int\u00e9gr\u00e9 reliant les sites d&rsquo;extraction aux infrastructures de transport ainsi qu&rsquo;aux zones de transformation \u00bb, rompant ainsi avec la logique historique d&rsquo;exportation de mati\u00e8res premi\u00e8res brutes qui a longtemps caract\u00e9ris\u00e9 le secteur minier africain. L&rsquo;enjeu, pour l&rsquo;Alg\u00e9rie, est de capter sur son territoire la valeur ajout\u00e9e industrielle et de r\u00e9duire structurellement sa facture d&rsquo;importations de produits sid\u00e9rurgiques.<\/p>\n\n\n\n<p>Samir Benisid<\/p>\n","protected":false},"excerpt":{"rendered":"<p>Le Conseil national \u00e9conomique, social et environnemental a consacr\u00e9, lundi \u00e0 Alger, une conf\u00e9rence au gisement de Gara Djebilet, pr\u00e9sent\u00e9<\/p>\n","protected":false},"author":6,"featured_media":80430,"comment_status":"open","ping_status":"closed","sticky":false,"template":"","format":"standard","meta":{"colormag_page_container_layout":"default_layout","colormag_page_sidebar_layout":"default_layout","om_disable_all_campaigns":false,"_monsterinsights_skip_tracking":false,"_monsterinsights_sitenote_active":false,"_monsterinsights_sitenote_note":"","_monsterinsights_sitenote_category":0,"footnotes":"","_wpscppro_dont_share_socialmedia":false,"_wpscppro_custom_social_share_image":0,"_facebook_share_type":"default","_twitter_share_type":"default","_linkedin_share_type":"default","_pinterest_share_type":"default","_linkedin_share_type_page":"","_instagram_share_type":"default","_medium_share_type":"default","_threads_share_type":"default","_google_business_share_type":"default","_selected_social_profile":[],"_wpsp_enable_custom_social_template":false,"_wpsp_social_scheduling":{"enabled":false,"datetime":null,"platforms":[],"status":"template_only","dateOption":"today","timeOption":"now","customDays":"","customHours":"","customDate":"","customTime":"","schedulingType":"absolute"},"_wpsp_active_default_template":true},"categories":[52,29],"tags":[],"class_list":["post-83175","post","type-post","status-publish","format-standard","has-post-thumbnail","hentry","category-a-la-une","category-economie"],"aioseo_notices":[],"yoast_head":"<!-- This site is optimized with the Yoast SEO plugin v27.4 - https:\/\/yoast.com\/product\/yoast-seo-wordpress\/ -->\n<title>Le CNESE consacre une conf\u00e9rence \u00e0 la mine de Gara Djebilet\u00a0: \u00ab Pierre angulaire \u00bb de la souverainet\u00e9 \u00e9conomique du pays - La Sentinelle<\/title>\n<meta name=\"robots\" content=\"index, follow, max-snippet:-1, max-image-preview:large, max-video-preview:-1\" \/>\n<link rel=\"canonical\" href=\"https:\/\/lasentinelle.dz\/index.php\/2026\/03\/09\/le-cnese-consacre-une-conference-a-la-mine-de-gara-djebilet-pierre-angulaire-de-la-souverainete-economique-du-pays\/\" \/>\n<meta property=\"og:locale\" content=\"fr_FR\" \/>\n<meta property=\"og:type\" content=\"article\" \/>\n<meta property=\"og:title\" content=\"Le CNESE consacre une conf\u00e9rence \u00e0 la mine de Gara Djebilet\u00a0: \u00ab Pierre angulaire \u00bb de la souverainet\u00e9 \u00e9conomique du pays - La Sentinelle\" \/>\n<meta property=\"og:description\" content=\"Le Conseil national \u00e9conomique, social et environnemental a consacr\u00e9, lundi \u00e0 Alger, une conf\u00e9rence au gisement de Gara Djebilet, pr\u00e9sent\u00e9\" \/>\n<meta property=\"og:url\" content=\"https:\/\/lasentinelle.dz\/index.php\/2026\/03\/09\/le-cnese-consacre-une-conference-a-la-mine-de-gara-djebilet-pierre-angulaire-de-la-souverainete-economique-du-pays\/\" \/>\n<meta property=\"og:site_name\" content=\"La Sentinelle\" \/>\n<meta property=\"article:publisher\" content=\"https:\/\/www.facebook.com\/La-Sentinelle-104059864394773\" \/>\n<meta property=\"article:published_time\" content=\"2026-03-09T19:28:14+00:00\" \/>\n<meta property=\"article:modified_time\" content=\"2026-03-09T19:28:15+00:00\" \/>\n<meta property=\"og:image\" content=\"https:\/\/lasentinelle.dz\/wp-content\/uploads\/2026\/02\/Gara-Djebilet.jpeg\" \/>\n\t<meta property=\"og:image:width\" content=\"1280\" \/>\n\t<meta property=\"og:image:height\" content=\"853\" \/>\n\t<meta property=\"og:image:type\" content=\"image\/jpeg\" \/>\n<meta name=\"author\" content=\"admin\" \/>\n<meta name=\"twitter:card\" content=\"summary_large_image\" \/>\n<meta name=\"twitter:label1\" content=\"\u00c9crit par\" \/>\n\t<meta name=\"twitter:data1\" content=\"admin\" \/>\n\t<meta name=\"twitter:label2\" content=\"Dur\u00e9e de lecture estim\u00e9e\" \/>\n\t<meta name=\"twitter:data2\" content=\"4 minutes\" \/>\n<script type=\"application\/ld+json\" class=\"yoast-schema-graph\">{\"@context\":\"https:\\\/\\\/schema.org\",\"@graph\":[{\"@type\":\"Article\",\"@id\":\"https:\\\/\\\/lasentinelle.dz\\\/index.php\\\/2026\\\/03\\\/09\\\/le-cnese-consacre-une-conference-a-la-mine-de-gara-djebilet-pierre-angulaire-de-la-souverainete-economique-du-pays\\\/#article\",\"isPartOf\":{\"@id\":\"https:\\\/\\\/lasentinelle.dz\\\/index.php\\\/2026\\\/03\\\/09\\\/le-cnese-consacre-une-conference-a-la-mine-de-gara-djebilet-pierre-angulaire-de-la-souverainete-economique-du-pays\\\/\"},\"author\":{\"name\":\"admin\",\"@id\":\"https:\\\/\\\/lasentinelle.dz\\\/#\\\/schema\\\/person\\\/729ee0024f24e0b8c5ec17232f8e8b41\"},\"headline\":\"Le CNESE consacre une conf\u00e9rence \u00e0 la mine de Gara Djebilet\u00a0: \u00ab Pierre angulaire \u00bb de la souverainet\u00e9 \u00e9conomique du pays\",\"datePublished\":\"2026-03-09T19:28:14+00:00\",\"dateModified\":\"2026-03-09T19:28:15+00:00\",\"mainEntityOfPage\":{\"@id\":\"https:\\\/\\\/lasentinelle.dz\\\/index.php\\\/2026\\\/03\\\/09\\\/le-cnese-consacre-une-conference-a-la-mine-de-gara-djebilet-pierre-angulaire-de-la-souverainete-economique-du-pays\\\/\"},\"wordCount\":795,\"commentCount\":0,\"publisher\":{\"@id\":\"https:\\\/\\\/lasentinelle.dz\\\/#organization\"},\"image\":{\"@id\":\"https:\\\/\\\/lasentinelle.dz\\\/index.php\\\/2026\\\/03\\\/09\\\/le-cnese-consacre-une-conference-a-la-mine-de-gara-djebilet-pierre-angulaire-de-la-souverainete-economique-du-pays\\\/#primaryimage\"},\"thumbnailUrl\":\"https:\\\/\\\/lasentinelle.dz\\\/wp-content\\\/uploads\\\/2026\\\/02\\\/Gara-Djebilet.jpeg\",\"articleSection\":[\"\u00c0 la Une\",\"\u00c9conomie\"],\"inLanguage\":\"fr-FR\",\"potentialAction\":[{\"@type\":\"CommentAction\",\"name\":\"Comment\",\"target\":[\"https:\\\/\\\/lasentinelle.dz\\\/index.php\\\/2026\\\/03\\\/09\\\/le-cnese-consacre-une-conference-a-la-mine-de-gara-djebilet-pierre-angulaire-de-la-souverainete-economique-du-pays\\\/#respond\"]}]},{\"@type\":\"WebPage\",\"@id\":\"https:\\\/\\\/lasentinelle.dz\\\/index.php\\\/2026\\\/03\\\/09\\\/le-cnese-consacre-une-conference-a-la-mine-de-gara-djebilet-pierre-angulaire-de-la-souverainete-economique-du-pays\\\/\",\"url\":\"https:\\\/\\\/lasentinelle.dz\\\/index.php\\\/2026\\\/03\\\/09\\\/le-cnese-consacre-une-conference-a-la-mine-de-gara-djebilet-pierre-angulaire-de-la-souverainete-economique-du-pays\\\/\",\"name\":\"Le CNESE consacre une conf\u00e9rence \u00e0 la mine de Gara Djebilet\u00a0: \u00ab Pierre angulaire \u00bb de la souverainet\u00e9 \u00e9conomique du pays - La Sentinelle\",\"isPartOf\":{\"@id\":\"https:\\\/\\\/lasentinelle.dz\\\/#website\"},\"primaryImageOfPage\":{\"@id\":\"https:\\\/\\\/lasentinelle.dz\\\/index.php\\\/2026\\\/03\\\/09\\\/le-cnese-consacre-une-conference-a-la-mine-de-gara-djebilet-pierre-angulaire-de-la-souverainete-economique-du-pays\\\/#primaryimage\"},\"image\":{\"@id\":\"https:\\\/\\\/lasentinelle.dz\\\/index.php\\\/2026\\\/03\\\/09\\\/le-cnese-consacre-une-conference-a-la-mine-de-gara-djebilet-pierre-angulaire-de-la-souverainete-economique-du-pays\\\/#primaryimage\"},\"thumbnailUrl\":\"https:\\\/\\\/lasentinelle.dz\\\/wp-content\\\/uploads\\\/2026\\\/02\\\/Gara-Djebilet.jpeg\",\"datePublished\":\"2026-03-09T19:28:14+00:00\",\"dateModified\":\"2026-03-09T19:28:15+00:00\",\"breadcrumb\":{\"@id\":\"https:\\\/\\\/lasentinelle.dz\\\/index.php\\\/2026\\\/03\\\/09\\\/le-cnese-consacre-une-conference-a-la-mine-de-gara-djebilet-pierre-angulaire-de-la-souverainete-economique-du-pays\\\/#breadcrumb\"},\"inLanguage\":\"fr-FR\",\"potentialAction\":[{\"@type\":\"ReadAction\",\"target\":[\"https:\\\/\\\/lasentinelle.dz\\\/index.php\\\/2026\\\/03\\\/09\\\/le-cnese-consacre-une-conference-a-la-mine-de-gara-djebilet-pierre-angulaire-de-la-souverainete-economique-du-pays\\\/\"]}]},{\"@type\":\"ImageObject\",\"inLanguage\":\"fr-FR\",\"@id\":\"https:\\\/\\\/lasentinelle.dz\\\/index.php\\\/2026\\\/03\\\/09\\\/le-cnese-consacre-une-conference-a-la-mine-de-gara-djebilet-pierre-angulaire-de-la-souverainete-economique-du-pays\\\/#primaryimage\",\"url\":\"https:\\\/\\\/lasentinelle.dz\\\/wp-content\\\/uploads\\\/2026\\\/02\\\/Gara-Djebilet.jpeg\",\"contentUrl\":\"https:\\\/\\\/lasentinelle.dz\\\/wp-content\\\/uploads\\\/2026\\\/02\\\/Gara-Djebilet.jpeg\",\"width\":1280,\"height\":853},{\"@type\":\"BreadcrumbList\",\"@id\":\"https:\\\/\\\/lasentinelle.dz\\\/index.php\\\/2026\\\/03\\\/09\\\/le-cnese-consacre-une-conference-a-la-mine-de-gara-djebilet-pierre-angulaire-de-la-souverainete-economique-du-pays\\\/#breadcrumb\",\"itemListElement\":[{\"@type\":\"ListItem\",\"position\":1,\"name\":\"Accueil\",\"item\":\"https:\\\/\\\/lasentinelle.dz\\\/\"},{\"@type\":\"ListItem\",\"position\":2,\"name\":\"Le CNESE consacre une conf\u00e9rence \u00e0 la mine de Gara Djebilet\u00a0: \u00ab Pierre angulaire \u00bb de la souverainet\u00e9 \u00e9conomique du pays\"}]},{\"@type\":\"WebSite\",\"@id\":\"https:\\\/\\\/lasentinelle.dz\\\/#website\",\"url\":\"https:\\\/\\\/lasentinelle.dz\\\/\",\"name\":\"La Sentinelle\",\"description\":\"Quotidien national d&#039;information\",\"publisher\":{\"@id\":\"https:\\\/\\\/lasentinelle.dz\\\/#organization\"},\"potentialAction\":[{\"@type\":\"SearchAction\",\"target\":{\"@type\":\"EntryPoint\",\"urlTemplate\":\"https:\\\/\\\/lasentinelle.dz\\\/?s={search_term_string}\"},\"query-input\":{\"@type\":\"PropertyValueSpecification\",\"valueRequired\":true,\"valueName\":\"search_term_string\"}}],\"inLanguage\":\"fr-FR\"},{\"@type\":\"Organization\",\"@id\":\"https:\\\/\\\/lasentinelle.dz\\\/#organization\",\"name\":\"Quotidien La Sentinelle\",\"url\":\"https:\\\/\\\/lasentinelle.dz\\\/\",\"logo\":{\"@type\":\"ImageObject\",\"inLanguage\":\"fr-FR\",\"@id\":\"https:\\\/\\\/lasentinelle.dz\\\/#\\\/schema\\\/logo\\\/image\\\/\",\"url\":\"https:\\\/\\\/lasentinelle.dz\\\/wp-content\\\/uploads\\\/2021\\\/09\\\/logo-sentinelleSLOGAN-1.png\",\"contentUrl\":\"https:\\\/\\\/lasentinelle.dz\\\/wp-content\\\/uploads\\\/2021\\\/09\\\/logo-sentinelleSLOGAN-1.png\",\"width\":615,\"height\":142,\"caption\":\"Quotidien La Sentinelle\"},\"image\":{\"@id\":\"https:\\\/\\\/lasentinelle.dz\\\/#\\\/schema\\\/logo\\\/image\\\/\"},\"sameAs\":[\"https:\\\/\\\/www.facebook.com\\\/La-Sentinelle-104059864394773\"]},{\"@type\":\"Person\",\"@id\":\"https:\\\/\\\/lasentinelle.dz\\\/#\\\/schema\\\/person\\\/729ee0024f24e0b8c5ec17232f8e8b41\",\"name\":\"admin\",\"image\":{\"@type\":\"ImageObject\",\"inLanguage\":\"fr-FR\",\"@id\":\"https:\\\/\\\/secure.gravatar.com\\\/avatar\\\/4c81fed838786e9b53f540bf46533e750f5d292099ae3b66cfc6fb1982e29df7?s=96&d=mm&r=g\",\"url\":\"https:\\\/\\\/secure.gravatar.com\\\/avatar\\\/4c81fed838786e9b53f540bf46533e750f5d292099ae3b66cfc6fb1982e29df7?s=96&d=mm&r=g\",\"contentUrl\":\"https:\\\/\\\/secure.gravatar.com\\\/avatar\\\/4c81fed838786e9b53f540bf46533e750f5d292099ae3b66cfc6fb1982e29df7?s=96&d=mm&r=g\",\"caption\":\"admin\"},\"description\":\"admin\",\"url\":\"https:\\\/\\\/lasentinelle.dz\\\/author\\\/admin\\\/\"}]}<\/script>\n<!-- \/ Yoast SEO plugin. -->","yoast_head_json":{"title":"Le CNESE consacre une conf\u00e9rence \u00e0 la mine de Gara Djebilet\u00a0: \u00ab Pierre angulaire \u00bb de la souverainet\u00e9 \u00e9conomique du pays - La Sentinelle","robots":{"index":"index","follow":"follow","max-snippet":"max-snippet:-1","max-image-preview":"max-image-preview:large","max-video-preview":"max-video-preview:-1"},"canonical":"https:\/\/lasentinelle.dz\/index.php\/2026\/03\/09\/le-cnese-consacre-une-conference-a-la-mine-de-gara-djebilet-pierre-angulaire-de-la-souverainete-economique-du-pays\/","og_locale":"fr_FR","og_type":"article","og_title":"Le CNESE consacre une conf\u00e9rence \u00e0 la mine de Gara Djebilet\u00a0: \u00ab Pierre angulaire \u00bb de la souverainet\u00e9 \u00e9conomique du pays - La Sentinelle","og_description":"Le Conseil national \u00e9conomique, social et environnemental a consacr\u00e9, lundi \u00e0 Alger, une conf\u00e9rence au gisement de Gara Djebilet, pr\u00e9sent\u00e9","og_url":"https:\/\/lasentinelle.dz\/index.php\/2026\/03\/09\/le-cnese-consacre-une-conference-a-la-mine-de-gara-djebilet-pierre-angulaire-de-la-souverainete-economique-du-pays\/","og_site_name":"La Sentinelle","article_publisher":"https:\/\/www.facebook.com\/La-Sentinelle-104059864394773","article_published_time":"2026-03-09T19:28:14+00:00","article_modified_time":"2026-03-09T19:28:15+00:00","og_image":[{"width":1280,"height":853,"url":"https:\/\/lasentinelle.dz\/wp-content\/uploads\/2026\/02\/Gara-Djebilet.jpeg","type":"image\/jpeg"}],"author":"admin","twitter_card":"summary_large_image","twitter_misc":{"\u00c9crit par":"admin","Dur\u00e9e de lecture estim\u00e9e":"4 minutes"},"schema":{"@context":"https:\/\/schema.org","@graph":[{"@type":"Article","@id":"https:\/\/lasentinelle.dz\/index.php\/2026\/03\/09\/le-cnese-consacre-une-conference-a-la-mine-de-gara-djebilet-pierre-angulaire-de-la-souverainete-economique-du-pays\/#article","isPartOf":{"@id":"https:\/\/lasentinelle.dz\/index.php\/2026\/03\/09\/le-cnese-consacre-une-conference-a-la-mine-de-gara-djebilet-pierre-angulaire-de-la-souverainete-economique-du-pays\/"},"author":{"name":"admin","@id":"https:\/\/lasentinelle.dz\/#\/schema\/person\/729ee0024f24e0b8c5ec17232f8e8b41"},"headline":"Le CNESE consacre une conf\u00e9rence \u00e0 la mine de Gara Djebilet\u00a0: \u00ab Pierre angulaire \u00bb de la souverainet\u00e9 \u00e9conomique du pays","datePublished":"2026-03-09T19:28:14+00:00","dateModified":"2026-03-09T19:28:15+00:00","mainEntityOfPage":{"@id":"https:\/\/lasentinelle.dz\/index.php\/2026\/03\/09\/le-cnese-consacre-une-conference-a-la-mine-de-gara-djebilet-pierre-angulaire-de-la-souverainete-economique-du-pays\/"},"wordCount":795,"commentCount":0,"publisher":{"@id":"https:\/\/lasentinelle.dz\/#organization"},"image":{"@id":"https:\/\/lasentinelle.dz\/index.php\/2026\/03\/09\/le-cnese-consacre-une-conference-a-la-mine-de-gara-djebilet-pierre-angulaire-de-la-souverainete-economique-du-pays\/#primaryimage"},"thumbnailUrl":"https:\/\/lasentinelle.dz\/wp-content\/uploads\/2026\/02\/Gara-Djebilet.jpeg","articleSection":["\u00c0 la Une","\u00c9conomie"],"inLanguage":"fr-FR","potentialAction":[{"@type":"CommentAction","name":"Comment","target":["https:\/\/lasentinelle.dz\/index.php\/2026\/03\/09\/le-cnese-consacre-une-conference-a-la-mine-de-gara-djebilet-pierre-angulaire-de-la-souverainete-economique-du-pays\/#respond"]}]},{"@type":"WebPage","@id":"https:\/\/lasentinelle.dz\/index.php\/2026\/03\/09\/le-cnese-consacre-une-conference-a-la-mine-de-gara-djebilet-pierre-angulaire-de-la-souverainete-economique-du-pays\/","url":"https:\/\/lasentinelle.dz\/index.php\/2026\/03\/09\/le-cnese-consacre-une-conference-a-la-mine-de-gara-djebilet-pierre-angulaire-de-la-souverainete-economique-du-pays\/","name":"Le CNESE consacre une conf\u00e9rence \u00e0 la mine de Gara Djebilet\u00a0: \u00ab Pierre angulaire \u00bb de la souverainet\u00e9 \u00e9conomique du pays - La Sentinelle","isPartOf":{"@id":"https:\/\/lasentinelle.dz\/#website"},"primaryImageOfPage":{"@id":"https:\/\/lasentinelle.dz\/index.php\/2026\/03\/09\/le-cnese-consacre-une-conference-a-la-mine-de-gara-djebilet-pierre-angulaire-de-la-souverainete-economique-du-pays\/#primaryimage"},"image":{"@id":"https:\/\/lasentinelle.dz\/index.php\/2026\/03\/09\/le-cnese-consacre-une-conference-a-la-mine-de-gara-djebilet-pierre-angulaire-de-la-souverainete-economique-du-pays\/#primaryimage"},"thumbnailUrl":"https:\/\/lasentinelle.dz\/wp-content\/uploads\/2026\/02\/Gara-Djebilet.jpeg","datePublished":"2026-03-09T19:28:14+00:00","dateModified":"2026-03-09T19:28:15+00:00","breadcrumb":{"@id":"https:\/\/lasentinelle.dz\/index.php\/2026\/03\/09\/le-cnese-consacre-une-conference-a-la-mine-de-gara-djebilet-pierre-angulaire-de-la-souverainete-economique-du-pays\/#breadcrumb"},"inLanguage":"fr-FR","potentialAction":[{"@type":"ReadAction","target":["https:\/\/lasentinelle.dz\/index.php\/2026\/03\/09\/le-cnese-consacre-une-conference-a-la-mine-de-gara-djebilet-pierre-angulaire-de-la-souverainete-economique-du-pays\/"]}]},{"@type":"ImageObject","inLanguage":"fr-FR","@id":"https:\/\/lasentinelle.dz\/index.php\/2026\/03\/09\/le-cnese-consacre-une-conference-a-la-mine-de-gara-djebilet-pierre-angulaire-de-la-souverainete-economique-du-pays\/#primaryimage","url":"https:\/\/lasentinelle.dz\/wp-content\/uploads\/2026\/02\/Gara-Djebilet.jpeg","contentUrl":"https:\/\/lasentinelle.dz\/wp-content\/uploads\/2026\/02\/Gara-Djebilet.jpeg","width":1280,"height":853},{"@type":"BreadcrumbList","@id":"https:\/\/lasentinelle.dz\/index.php\/2026\/03\/09\/le-cnese-consacre-une-conference-a-la-mine-de-gara-djebilet-pierre-angulaire-de-la-souverainete-economique-du-pays\/#breadcrumb","itemListElement":[{"@type":"ListItem","position":1,"name":"Accueil","item":"https:\/\/lasentinelle.dz\/"},{"@type":"ListItem","position":2,"name":"Le CNESE consacre une conf\u00e9rence \u00e0 la mine de Gara Djebilet\u00a0: \u00ab Pierre angulaire \u00bb de la souverainet\u00e9 \u00e9conomique du pays"}]},{"@type":"WebSite","@id":"https:\/\/lasentinelle.dz\/#website","url":"https:\/\/lasentinelle.dz\/","name":"La Sentinelle","description":"Quotidien national d&#039;information","publisher":{"@id":"https:\/\/lasentinelle.dz\/#organization"},"potentialAction":[{"@type":"SearchAction","target":{"@type":"EntryPoint","urlTemplate":"https:\/\/lasentinelle.dz\/?s={search_term_string}"},"query-input":{"@type":"PropertyValueSpecification","valueRequired":true,"valueName":"search_term_string"}}],"inLanguage":"fr-FR"},{"@type":"Organization","@id":"https:\/\/lasentinelle.dz\/#organization","name":"Quotidien La Sentinelle","url":"https:\/\/lasentinelle.dz\/","logo":{"@type":"ImageObject","inLanguage":"fr-FR","@id":"https:\/\/lasentinelle.dz\/#\/schema\/logo\/image\/","url":"https:\/\/lasentinelle.dz\/wp-content\/uploads\/2021\/09\/logo-sentinelleSLOGAN-1.png","contentUrl":"https:\/\/lasentinelle.dz\/wp-content\/uploads\/2021\/09\/logo-sentinelleSLOGAN-1.png","width":615,"height":142,"caption":"Quotidien La Sentinelle"},"image":{"@id":"https:\/\/lasentinelle.dz\/#\/schema\/logo\/image\/"},"sameAs":["https:\/\/www.facebook.com\/La-Sentinelle-104059864394773"]},{"@type":"Person","@id":"https:\/\/lasentinelle.dz\/#\/schema\/person\/729ee0024f24e0b8c5ec17232f8e8b41","name":"admin","image":{"@type":"ImageObject","inLanguage":"fr-FR","@id":"https:\/\/secure.gravatar.com\/avatar\/4c81fed838786e9b53f540bf46533e750f5d292099ae3b66cfc6fb1982e29df7?s=96&d=mm&r=g","url":"https:\/\/secure.gravatar.com\/avatar\/4c81fed838786e9b53f540bf46533e750f5d292099ae3b66cfc6fb1982e29df7?s=96&d=mm&r=g","contentUrl":"https:\/\/secure.gravatar.com\/avatar\/4c81fed838786e9b53f540bf46533e750f5d292099ae3b66cfc6fb1982e29df7?s=96&d=mm&r=g","caption":"admin"},"description":"admin","url":"https:\/\/lasentinelle.dz\/author\/admin\/"}]}},"_links":{"self":[{"href":"https:\/\/lasentinelle.dz\/index.php\/wp-json\/wp\/v2\/posts\/83175","targetHints":{"allow":["GET"]}}],"collection":[{"href":"https:\/\/lasentinelle.dz\/index.php\/wp-json\/wp\/v2\/posts"}],"about":[{"href":"https:\/\/lasentinelle.dz\/index.php\/wp-json\/wp\/v2\/types\/post"}],"author":[{"embeddable":true,"href":"https:\/\/lasentinelle.dz\/index.php\/wp-json\/wp\/v2\/users\/6"}],"replies":[{"embeddable":true,"href":"https:\/\/lasentinelle.dz\/index.php\/wp-json\/wp\/v2\/comments?post=83175"}],"version-history":[{"count":1,"href":"https:\/\/lasentinelle.dz\/index.php\/wp-json\/wp\/v2\/posts\/83175\/revisions"}],"predecessor-version":[{"id":83176,"href":"https:\/\/lasentinelle.dz\/index.php\/wp-json\/wp\/v2\/posts\/83175\/revisions\/83176"}],"wp:featuredmedia":[{"embeddable":true,"href":"https:\/\/lasentinelle.dz\/index.php\/wp-json\/wp\/v2\/media\/80430"}],"wp:attachment":[{"href":"https:\/\/lasentinelle.dz\/index.php\/wp-json\/wp\/v2\/media?parent=83175"}],"wp:term":[{"taxonomy":"category","embeddable":true,"href":"https:\/\/lasentinelle.dz\/index.php\/wp-json\/wp\/v2\/categories?post=83175"},{"taxonomy":"post_tag","embeddable":true,"href":"https:\/\/lasentinelle.dz\/index.php\/wp-json\/wp\/v2\/tags?post=83175"}],"curies":[{"name":"wp","href":"https:\/\/api.w.org\/{rel}","templated":true}]}}