{"id":83177,"date":"2026-03-09T20:29:19","date_gmt":"2026-03-09T19:29:19","guid":{"rendered":"https:\/\/lasentinelle.dz\/?p=83177"},"modified":"2026-03-09T20:29:20","modified_gmt":"2026-03-09T19:29:20","slug":"hadj-2026-premier-depart-des-pelerins-prevu-le-29-avril","status":"publish","type":"post","link":"https:\/\/lasentinelle.dz\/index.php\/2026\/03\/09\/hadj-2026-premier-depart-des-pelerins-prevu-le-29-avril\/","title":{"rendered":"Hadj 2026\u00a0: Premier d\u00e9part des p\u00e8lerins pr\u00e9vu le 29 avril"},"content":{"rendered":"\n<p>Le premier vol de p\u00e8lerins alg\u00e9riens \u00e0 destination des Lieux saints de l&rsquo;islam d\u00e9collera le 29 avril prochain de l&rsquo;a\u00e9roport international Houari-Boum\u00e9di\u00e8ne d&rsquo;Alger, marquant le coup d&rsquo;envoi de la saison du Hadj 1447 de l&rsquo;h\u00e9gire correspondant \u00e0 2026, a annonc\u00e9 lundile &nbsp;directeur g\u00e9n\u00e9ral de l&rsquo;Office national du Hadj et de la Omra, Tahar Bra\u00efk, lors d&rsquo;une conf\u00e9rence de presse organis\u00e9e au forum du quotidien El-Moudjahid. D\u00e9taillant le dispositif mis en place pour assurer la prise en charge optimale des p\u00e8lerins alg\u00e9riens, le responsable a pr\u00e9cis\u00e9 que pas moins de douze a\u00e9roports r\u00e9partis sur l&rsquo;ensemble du territoire national ont \u00e9t\u00e9 mobilis\u00e9s pour le transport des fid\u00e8les vers l&rsquo;Arabie saoudite. Parmi ces infrastructures figurent notamment les a\u00e9roports de Constantine, Oran, Touggourt et Gharda\u00efa, qui accueilleront au total cent quarante-quatre vols affr\u00e9t\u00e9s sp\u00e9cialement pour cette op\u00e9ration d&rsquo;envergure. Cette r\u00e9partition g\u00e9ographique vise \u00e0 faciliter le d\u00e9part des p\u00e8lerins depuis leurs r\u00e9gions respectives et \u00e0 fluidifier l&rsquo;ensemble du processus logistique. La pr\u00e9paration de cette nouvelle saison du p\u00e8lerinage s&rsquo;inscrit dans une d\u00e9marche globale visant \u00e0 am\u00e9liorer constamment la qualit\u00e9 des services propos\u00e9s aux fid\u00e8les. Tahar Bra\u00efk a insist\u00e9 sur l&rsquo;importance accord\u00e9e par l&rsquo;Office national au volet sensibilisation et formation des futurs p\u00e8lerins. \u00ab\u00a0Nous attachons une importance capitale \u00e0 l&rsquo;accompagnement des p\u00e8lerins dans les aspects religieux, jurisprudentiels et sanitaires, afin de les informer de tous les d\u00e9tails relatifs \u00e0 l&rsquo;accomplissement de leurs rites dans des conditions confortables\u00a0\u00bb, a-t-il soulign\u00e9, rappelant la dimension \u00e0 la fois spirituelle et pratique de cette pr\u00e9paration. Pour atteindre cet objectif, l&rsquo;Office a consid\u00e9rablement renforc\u00e9 son dispositif d&rsquo;encadrement sur le terrain. Plus de six cents centres de proximit\u00e9 ont \u00e9t\u00e9 d\u00e9ploy\u00e9s \u00e0 travers le pays pour assurer la formation et l&rsquo;information des candidats au p\u00e8lerinage. Ce maillage territorial dense s&rsquo;accompagne de la distribution de neuf guides pratiques et documentaires destin\u00e9s \u00e0 accompagner les p\u00e8lerins dans leurs d\u00e9marches. L&rsquo;institution a \u00e9galement investi les r\u00e9seaux sociaux en diffusant r\u00e9guli\u00e8rement des capsules informatives sur ses pages officielles. Un \u00e9v\u00e9nement particulier est pr\u00e9vu le jour du premier d\u00e9part avec l&rsquo;organisation d&rsquo;une journ\u00e9e portes ouvertes \u00e0 l&rsquo;a\u00e9roport international d&rsquo;Alger, destin\u00e9e \u00e0 informer et rassurer les p\u00e8lerins et leurs familles. Le directeur de l&rsquo;Office a par ailleurs fait le point sur l&rsquo;avancement de la campagne de r\u00e9servation des billets d&rsquo;avion via le portail \u00e9lectronique alg\u00e9rien du Hadj, lanc\u00e9e officiellement le 24 f\u00e9vrier dernier. Selon lui, cette op\u00e9ration se d\u00e9roule \u00ab\u00a0dans les meilleures conditions techniques et organisationnelles\u00a0\u00bb. Les p\u00e8lerins inscrits doivent encore accomplir plusieurs formalit\u00e9s essentielles avant leur d\u00e9part, notamment le choix de leur chambre d&rsquo;h\u00f4tel \u00e0 La Mecque, l&rsquo;obtention du visa saoudien et la participation obligatoire aux sessions de formation organis\u00e9es par l&rsquo;Office. Une innovation notable marque cette \u00e9dition avec l&rsquo;adoption massive du paiement \u00e9lectronique pour r\u00e9gler les frais du p\u00e8lerinage. \u00ab\u00a0Nous enregistrons cette ann\u00e9e une augmentation et un engouement remarquables des citoyens pour le paiement \u00e9lectronique, ce qui contribue \u00e0 garantir la transparence du d\u00e9roulement de l&rsquo;op\u00e9ration\u00a0\u00bb, s&rsquo;est f\u00e9licit\u00e9 Tahar Brayek. Cette d\u00e9mat\u00e9rialisation des transactions, mise en \u0153uvre en coordination avec le minist\u00e8re des Finances, la Banque d&rsquo;Alg\u00e9rie, le groupement mon\u00e9tique et les diff\u00e9rentes institutions bancaires, t\u00e9moigne de la modernisation progressive des proc\u00e9dures administratives li\u00e9es au Hadj. Le responsable a \u00e9galement profit\u00e9 de cette rencontre avec la presse pour lancer un appel \u00e0 la vigilance face \u00e0 la d\u00e9sinformation. Il a exhort\u00e9 les futurs p\u00e8lerins \u00ab\u00a0\u00e0 ne pas se laisser influencer par les rumeurs et les informations erron\u00e9es qui circulent sur certaines pages\u00a0\u00bb, les invitant \u00e0 consulter exclusivement les canaux officiels de l&rsquo;Office national du Hadj et de la Omra pour obtenir des renseignements fiables et actualis\u00e9s. Cette mise en garde intervient dans un contexte o\u00f9 les r\u00e9seaux sociaux v\u00e9hiculent parfois des informations non v\u00e9rifi\u00e9es susceptibles de semer la confusion parmi les candidats au p\u00e8lerinage. Enfin, Tahar Brayek a lanc\u00e9 un appel solennel aux membres de la d\u00e9l\u00e9gation alg\u00e9rienne, les invitant \u00e0 faire preuve d&rsquo;esprit collectif et \u00e0 respecter scrupuleusement les consignes organisationnelles et sanitaires qui leur seront communiqu\u00e9es. Cette discipline collective constitue selon lui un gage de r\u00e9ussite pour l&rsquo;ensemble de l&rsquo;op\u00e9ration et permet d&rsquo;assurer la s\u00e9curit\u00e9 et le confort de tous les p\u00e8lerins durant leur s\u00e9jour dans les Lieux saints.<\/p>\n\n\n\n<p>Lyna Larbi<\/p>\n","protected":false},"excerpt":{"rendered":"<p>Le premier vol de p\u00e8lerins alg\u00e9riens \u00e0 destination des Lieux saints de l&rsquo;islam d\u00e9collera le 29 avril prochain de l&rsquo;a\u00e9roport<\/p>\n","protected":false},"author":6,"featured_media":49955,"comment_status":"open","ping_status":"closed","sticky":false,"template":"","format":"standard","meta":{"colormag_page_container_layout":"default_layout","colormag_page_sidebar_layout":"default_layout","om_disable_all_campaigns":false,"_monsterinsights_skip_tracking":false,"_monsterinsights_sitenote_active":false,"_monsterinsights_sitenote_note":"","_monsterinsights_sitenote_category":0,"footnotes":"","_wpscppro_dont_share_socialmedia":false,"_wpscppro_custom_social_share_image":0,"_facebook_share_type":"default","_twitter_share_type":"default","_linkedin_share_type":"default","_pinterest_share_type":"default","_linkedin_share_type_page":"","_instagram_share_type":"default","_medium_share_type":"default","_threads_share_type":"default","_google_business_share_type":"default","_selected_social_profile":[],"_wpsp_enable_custom_social_template":false,"_wpsp_social_scheduling":{"enabled":false,"datetime":null,"platforms":[],"status":"template_only","dateOption":"today","timeOption":"now","customDays":"","customHours":"","customDate":"","customTime":"","schedulingType":"absolute"},"_wpsp_active_default_template":true},"categories":[27],"tags":[],"class_list":["post-83177","post","type-post","status-publish","format-standard","has-post-thumbnail","hentry","category-actualite"],"aioseo_notices":[],"yoast_head":"<!-- This site is optimized with the Yoast SEO plugin v27.4 - https:\/\/yoast.com\/product\/yoast-seo-wordpress\/ -->\n<title>Hadj 2026\u00a0: Premier d\u00e9part des p\u00e8lerins pr\u00e9vu le 29 avril - La Sentinelle<\/title>\n<meta name=\"robots\" content=\"index, follow, max-snippet:-1, max-image-preview:large, max-video-preview:-1\" \/>\n<link rel=\"canonical\" href=\"https:\/\/lasentinelle.dz\/index.php\/2026\/03\/09\/hadj-2026-premier-depart-des-pelerins-prevu-le-29-avril\/\" \/>\n<meta property=\"og:locale\" content=\"fr_FR\" \/>\n<meta property=\"og:type\" content=\"article\" \/>\n<meta property=\"og:title\" content=\"Hadj 2026\u00a0: Premier d\u00e9part des p\u00e8lerins pr\u00e9vu le 29 avril - La Sentinelle\" \/>\n<meta property=\"og:description\" content=\"Le premier vol de p\u00e8lerins alg\u00e9riens \u00e0 destination des Lieux saints de l&rsquo;islam d\u00e9collera le 29 avril prochain de l&rsquo;a\u00e9roport\" \/>\n<meta property=\"og:url\" content=\"https:\/\/lasentinelle.dz\/index.php\/2026\/03\/09\/hadj-2026-premier-depart-des-pelerins-prevu-le-29-avril\/\" \/>\n<meta property=\"og:site_name\" content=\"La Sentinelle\" \/>\n<meta property=\"article:publisher\" content=\"https:\/\/www.facebook.com\/La-Sentinelle-104059864394773\" \/>\n<meta property=\"article:published_time\" content=\"2026-03-09T19:29:19+00:00\" \/>\n<meta property=\"article:modified_time\" content=\"2026-03-09T19:29:20+00:00\" \/>\n<meta property=\"og:image\" content=\"https:\/\/lasentinelle.dz\/wp-content\/uploads\/2024\/03\/hadj.webp\" \/>\n\t<meta property=\"og:image:width\" content=\"800\" \/>\n\t<meta property=\"og:image:height\" content=\"600\" \/>\n\t<meta property=\"og:image:type\" content=\"image\/webp\" \/>\n<meta name=\"author\" content=\"admin\" \/>\n<meta name=\"twitter:card\" content=\"summary_large_image\" \/>\n<meta name=\"twitter:label1\" content=\"\u00c9crit par\" \/>\n\t<meta name=\"twitter:data1\" content=\"admin\" \/>\n\t<meta name=\"twitter:label2\" content=\"Dur\u00e9e de lecture estim\u00e9e\" \/>\n\t<meta name=\"twitter:data2\" content=\"4 minutes\" \/>\n<script type=\"application\/ld+json\" class=\"yoast-schema-graph\">{\"@context\":\"https:\\\/\\\/schema.org\",\"@graph\":[{\"@type\":\"Article\",\"@id\":\"https:\\\/\\\/lasentinelle.dz\\\/index.php\\\/2026\\\/03\\\/09\\\/hadj-2026-premier-depart-des-pelerins-prevu-le-29-avril\\\/#article\",\"isPartOf\":{\"@id\":\"https:\\\/\\\/lasentinelle.dz\\\/index.php\\\/2026\\\/03\\\/09\\\/hadj-2026-premier-depart-des-pelerins-prevu-le-29-avril\\\/\"},\"author\":{\"name\":\"admin\",\"@id\":\"https:\\\/\\\/lasentinelle.dz\\\/#\\\/schema\\\/person\\\/729ee0024f24e0b8c5ec17232f8e8b41\"},\"headline\":\"Hadj 2026\u00a0: Premier d\u00e9part des p\u00e8lerins pr\u00e9vu le 29 avril\",\"datePublished\":\"2026-03-09T19:29:19+00:00\",\"dateModified\":\"2026-03-09T19:29:20+00:00\",\"mainEntityOfPage\":{\"@id\":\"https:\\\/\\\/lasentinelle.dz\\\/index.php\\\/2026\\\/03\\\/09\\\/hadj-2026-premier-depart-des-pelerins-prevu-le-29-avril\\\/\"},\"wordCount\":819,\"commentCount\":0,\"publisher\":{\"@id\":\"https:\\\/\\\/lasentinelle.dz\\\/#organization\"},\"image\":{\"@id\":\"https:\\\/\\\/lasentinelle.dz\\\/index.php\\\/2026\\\/03\\\/09\\\/hadj-2026-premier-depart-des-pelerins-prevu-le-29-avril\\\/#primaryimage\"},\"thumbnailUrl\":\"https:\\\/\\\/lasentinelle.dz\\\/wp-content\\\/uploads\\\/2024\\\/03\\\/hadj.webp\",\"articleSection\":[\"Actualit\u00e9\"],\"inLanguage\":\"fr-FR\",\"potentialAction\":[{\"@type\":\"CommentAction\",\"name\":\"Comment\",\"target\":[\"https:\\\/\\\/lasentinelle.dz\\\/index.php\\\/2026\\\/03\\\/09\\\/hadj-2026-premier-depart-des-pelerins-prevu-le-29-avril\\\/#respond\"]}]},{\"@type\":\"WebPage\",\"@id\":\"https:\\\/\\\/lasentinelle.dz\\\/index.php\\\/2026\\\/03\\\/09\\\/hadj-2026-premier-depart-des-pelerins-prevu-le-29-avril\\\/\",\"url\":\"https:\\\/\\\/lasentinelle.dz\\\/index.php\\\/2026\\\/03\\\/09\\\/hadj-2026-premier-depart-des-pelerins-prevu-le-29-avril\\\/\",\"name\":\"Hadj 2026\u00a0: Premier d\u00e9part des p\u00e8lerins pr\u00e9vu le 29 avril - La Sentinelle\",\"isPartOf\":{\"@id\":\"https:\\\/\\\/lasentinelle.dz\\\/#website\"},\"primaryImageOfPage\":{\"@id\":\"https:\\\/\\\/lasentinelle.dz\\\/index.php\\\/2026\\\/03\\\/09\\\/hadj-2026-premier-depart-des-pelerins-prevu-le-29-avril\\\/#primaryimage\"},\"image\":{\"@id\":\"https:\\\/\\\/lasentinelle.dz\\\/index.php\\\/2026\\\/03\\\/09\\\/hadj-2026-premier-depart-des-pelerins-prevu-le-29-avril\\\/#primaryimage\"},\"thumbnailUrl\":\"https:\\\/\\\/lasentinelle.dz\\\/wp-content\\\/uploads\\\/2024\\\/03\\\/hadj.webp\",\"datePublished\":\"2026-03-09T19:29:19+00:00\",\"dateModified\":\"2026-03-09T19:29:20+00:00\",\"breadcrumb\":{\"@id\":\"https:\\\/\\\/lasentinelle.dz\\\/index.php\\\/2026\\\/03\\\/09\\\/hadj-2026-premier-depart-des-pelerins-prevu-le-29-avril\\\/#breadcrumb\"},\"inLanguage\":\"fr-FR\",\"potentialAction\":[{\"@type\":\"ReadAction\",\"target\":[\"https:\\\/\\\/lasentinelle.dz\\\/index.php\\\/2026\\\/03\\\/09\\\/hadj-2026-premier-depart-des-pelerins-prevu-le-29-avril\\\/\"]}]},{\"@type\":\"ImageObject\",\"inLanguage\":\"fr-FR\",\"@id\":\"https:\\\/\\\/lasentinelle.dz\\\/index.php\\\/2026\\\/03\\\/09\\\/hadj-2026-premier-depart-des-pelerins-prevu-le-29-avril\\\/#primaryimage\",\"url\":\"https:\\\/\\\/lasentinelle.dz\\\/wp-content\\\/uploads\\\/2024\\\/03\\\/hadj.webp\",\"contentUrl\":\"https:\\\/\\\/lasentinelle.dz\\\/wp-content\\\/uploads\\\/2024\\\/03\\\/hadj.webp\",\"width\":800,\"height\":600},{\"@type\":\"BreadcrumbList\",\"@id\":\"https:\\\/\\\/lasentinelle.dz\\\/index.php\\\/2026\\\/03\\\/09\\\/hadj-2026-premier-depart-des-pelerins-prevu-le-29-avril\\\/#breadcrumb\",\"itemListElement\":[{\"@type\":\"ListItem\",\"position\":1,\"name\":\"Accueil\",\"item\":\"https:\\\/\\\/lasentinelle.dz\\\/\"},{\"@type\":\"ListItem\",\"position\":2,\"name\":\"Hadj 2026\u00a0: Premier d\u00e9part des p\u00e8lerins pr\u00e9vu le 29 avril\"}]},{\"@type\":\"WebSite\",\"@id\":\"https:\\\/\\\/lasentinelle.dz\\\/#website\",\"url\":\"https:\\\/\\\/lasentinelle.dz\\\/\",\"name\":\"La Sentinelle\",\"description\":\"Quotidien national d&#039;information\",\"publisher\":{\"@id\":\"https:\\\/\\\/lasentinelle.dz\\\/#organization\"},\"potentialAction\":[{\"@type\":\"SearchAction\",\"target\":{\"@type\":\"EntryPoint\",\"urlTemplate\":\"https:\\\/\\\/lasentinelle.dz\\\/?s={search_term_string}\"},\"query-input\":{\"@type\":\"PropertyValueSpecification\",\"valueRequired\":true,\"valueName\":\"search_term_string\"}}],\"inLanguage\":\"fr-FR\"},{\"@type\":\"Organization\",\"@id\":\"https:\\\/\\\/lasentinelle.dz\\\/#organization\",\"name\":\"Quotidien La Sentinelle\",\"url\":\"https:\\\/\\\/lasentinelle.dz\\\/\",\"logo\":{\"@type\":\"ImageObject\",\"inLanguage\":\"fr-FR\",\"@id\":\"https:\\\/\\\/lasentinelle.dz\\\/#\\\/schema\\\/logo\\\/image\\\/\",\"url\":\"https:\\\/\\\/lasentinelle.dz\\\/wp-content\\\/uploads\\\/2021\\\/09\\\/logo-sentinelleSLOGAN-1.png\",\"contentUrl\":\"https:\\\/\\\/lasentinelle.dz\\\/wp-content\\\/uploads\\\/2021\\\/09\\\/logo-sentinelleSLOGAN-1.png\",\"width\":615,\"height\":142,\"caption\":\"Quotidien La Sentinelle\"},\"image\":{\"@id\":\"https:\\\/\\\/lasentinelle.dz\\\/#\\\/schema\\\/logo\\\/image\\\/\"},\"sameAs\":[\"https:\\\/\\\/www.facebook.com\\\/La-Sentinelle-104059864394773\"]},{\"@type\":\"Person\",\"@id\":\"https:\\\/\\\/lasentinelle.dz\\\/#\\\/schema\\\/person\\\/729ee0024f24e0b8c5ec17232f8e8b41\",\"name\":\"admin\",\"image\":{\"@type\":\"ImageObject\",\"inLanguage\":\"fr-FR\",\"@id\":\"https:\\\/\\\/secure.gravatar.com\\\/avatar\\\/4c81fed838786e9b53f540bf46533e750f5d292099ae3b66cfc6fb1982e29df7?s=96&d=mm&r=g\",\"url\":\"https:\\\/\\\/secure.gravatar.com\\\/avatar\\\/4c81fed838786e9b53f540bf46533e750f5d292099ae3b66cfc6fb1982e29df7?s=96&d=mm&r=g\",\"contentUrl\":\"https:\\\/\\\/secure.gravatar.com\\\/avatar\\\/4c81fed838786e9b53f540bf46533e750f5d292099ae3b66cfc6fb1982e29df7?s=96&d=mm&r=g\",\"caption\":\"admin\"},\"description\":\"admin\",\"url\":\"https:\\\/\\\/lasentinelle.dz\\\/author\\\/admin\\\/\"}]}<\/script>\n<!-- \/ Yoast SEO plugin. -->","yoast_head_json":{"title":"Hadj 2026\u00a0: Premier d\u00e9part des p\u00e8lerins pr\u00e9vu le 29 avril - La Sentinelle","robots":{"index":"index","follow":"follow","max-snippet":"max-snippet:-1","max-image-preview":"max-image-preview:large","max-video-preview":"max-video-preview:-1"},"canonical":"https:\/\/lasentinelle.dz\/index.php\/2026\/03\/09\/hadj-2026-premier-depart-des-pelerins-prevu-le-29-avril\/","og_locale":"fr_FR","og_type":"article","og_title":"Hadj 2026\u00a0: Premier d\u00e9part des p\u00e8lerins pr\u00e9vu le 29 avril - La Sentinelle","og_description":"Le premier vol de p\u00e8lerins alg\u00e9riens \u00e0 destination des Lieux saints de l&rsquo;islam d\u00e9collera le 29 avril prochain de l&rsquo;a\u00e9roport","og_url":"https:\/\/lasentinelle.dz\/index.php\/2026\/03\/09\/hadj-2026-premier-depart-des-pelerins-prevu-le-29-avril\/","og_site_name":"La Sentinelle","article_publisher":"https:\/\/www.facebook.com\/La-Sentinelle-104059864394773","article_published_time":"2026-03-09T19:29:19+00:00","article_modified_time":"2026-03-09T19:29:20+00:00","og_image":[{"width":800,"height":600,"url":"https:\/\/lasentinelle.dz\/wp-content\/uploads\/2024\/03\/hadj.webp","type":"image\/webp"}],"author":"admin","twitter_card":"summary_large_image","twitter_misc":{"\u00c9crit par":"admin","Dur\u00e9e de lecture estim\u00e9e":"4 minutes"},"schema":{"@context":"https:\/\/schema.org","@graph":[{"@type":"Article","@id":"https:\/\/lasentinelle.dz\/index.php\/2026\/03\/09\/hadj-2026-premier-depart-des-pelerins-prevu-le-29-avril\/#article","isPartOf":{"@id":"https:\/\/lasentinelle.dz\/index.php\/2026\/03\/09\/hadj-2026-premier-depart-des-pelerins-prevu-le-29-avril\/"},"author":{"name":"admin","@id":"https:\/\/lasentinelle.dz\/#\/schema\/person\/729ee0024f24e0b8c5ec17232f8e8b41"},"headline":"Hadj 2026\u00a0: Premier d\u00e9part des p\u00e8lerins pr\u00e9vu le 29 avril","datePublished":"2026-03-09T19:29:19+00:00","dateModified":"2026-03-09T19:29:20+00:00","mainEntityOfPage":{"@id":"https:\/\/lasentinelle.dz\/index.php\/2026\/03\/09\/hadj-2026-premier-depart-des-pelerins-prevu-le-29-avril\/"},"wordCount":819,"commentCount":0,"publisher":{"@id":"https:\/\/lasentinelle.dz\/#organization"},"image":{"@id":"https:\/\/lasentinelle.dz\/index.php\/2026\/03\/09\/hadj-2026-premier-depart-des-pelerins-prevu-le-29-avril\/#primaryimage"},"thumbnailUrl":"https:\/\/lasentinelle.dz\/wp-content\/uploads\/2024\/03\/hadj.webp","articleSection":["Actualit\u00e9"],"inLanguage":"fr-FR","potentialAction":[{"@type":"CommentAction","name":"Comment","target":["https:\/\/lasentinelle.dz\/index.php\/2026\/03\/09\/hadj-2026-premier-depart-des-pelerins-prevu-le-29-avril\/#respond"]}]},{"@type":"WebPage","@id":"https:\/\/lasentinelle.dz\/index.php\/2026\/03\/09\/hadj-2026-premier-depart-des-pelerins-prevu-le-29-avril\/","url":"https:\/\/lasentinelle.dz\/index.php\/2026\/03\/09\/hadj-2026-premier-depart-des-pelerins-prevu-le-29-avril\/","name":"Hadj 2026\u00a0: Premier d\u00e9part des p\u00e8lerins pr\u00e9vu le 29 avril - La Sentinelle","isPartOf":{"@id":"https:\/\/lasentinelle.dz\/#website"},"primaryImageOfPage":{"@id":"https:\/\/lasentinelle.dz\/index.php\/2026\/03\/09\/hadj-2026-premier-depart-des-pelerins-prevu-le-29-avril\/#primaryimage"},"image":{"@id":"https:\/\/lasentinelle.dz\/index.php\/2026\/03\/09\/hadj-2026-premier-depart-des-pelerins-prevu-le-29-avril\/#primaryimage"},"thumbnailUrl":"https:\/\/lasentinelle.dz\/wp-content\/uploads\/2024\/03\/hadj.webp","datePublished":"2026-03-09T19:29:19+00:00","dateModified":"2026-03-09T19:29:20+00:00","breadcrumb":{"@id":"https:\/\/lasentinelle.dz\/index.php\/2026\/03\/09\/hadj-2026-premier-depart-des-pelerins-prevu-le-29-avril\/#breadcrumb"},"inLanguage":"fr-FR","potentialAction":[{"@type":"ReadAction","target":["https:\/\/lasentinelle.dz\/index.php\/2026\/03\/09\/hadj-2026-premier-depart-des-pelerins-prevu-le-29-avril\/"]}]},{"@type":"ImageObject","inLanguage":"fr-FR","@id":"https:\/\/lasentinelle.dz\/index.php\/2026\/03\/09\/hadj-2026-premier-depart-des-pelerins-prevu-le-29-avril\/#primaryimage","url":"https:\/\/lasentinelle.dz\/wp-content\/uploads\/2024\/03\/hadj.webp","contentUrl":"https:\/\/lasentinelle.dz\/wp-content\/uploads\/2024\/03\/hadj.webp","width":800,"height":600},{"@type":"BreadcrumbList","@id":"https:\/\/lasentinelle.dz\/index.php\/2026\/03\/09\/hadj-2026-premier-depart-des-pelerins-prevu-le-29-avril\/#breadcrumb","itemListElement":[{"@type":"ListItem","position":1,"name":"Accueil","item":"https:\/\/lasentinelle.dz\/"},{"@type":"ListItem","position":2,"name":"Hadj 2026\u00a0: Premier d\u00e9part des p\u00e8lerins pr\u00e9vu le 29 avril"}]},{"@type":"WebSite","@id":"https:\/\/lasentinelle.dz\/#website","url":"https:\/\/lasentinelle.dz\/","name":"La Sentinelle","description":"Quotidien national d&#039;information","publisher":{"@id":"https:\/\/lasentinelle.dz\/#organization"},"potentialAction":[{"@type":"SearchAction","target":{"@type":"EntryPoint","urlTemplate":"https:\/\/lasentinelle.dz\/?s={search_term_string}"},"query-input":{"@type":"PropertyValueSpecification","valueRequired":true,"valueName":"search_term_string"}}],"inLanguage":"fr-FR"},{"@type":"Organization","@id":"https:\/\/lasentinelle.dz\/#organization","name":"Quotidien La Sentinelle","url":"https:\/\/lasentinelle.dz\/","logo":{"@type":"ImageObject","inLanguage":"fr-FR","@id":"https:\/\/lasentinelle.dz\/#\/schema\/logo\/image\/","url":"https:\/\/lasentinelle.dz\/wp-content\/uploads\/2021\/09\/logo-sentinelleSLOGAN-1.png","contentUrl":"https:\/\/lasentinelle.dz\/wp-content\/uploads\/2021\/09\/logo-sentinelleSLOGAN-1.png","width":615,"height":142,"caption":"Quotidien La Sentinelle"},"image":{"@id":"https:\/\/lasentinelle.dz\/#\/schema\/logo\/image\/"},"sameAs":["https:\/\/www.facebook.com\/La-Sentinelle-104059864394773"]},{"@type":"Person","@id":"https:\/\/lasentinelle.dz\/#\/schema\/person\/729ee0024f24e0b8c5ec17232f8e8b41","name":"admin","image":{"@type":"ImageObject","inLanguage":"fr-FR","@id":"https:\/\/secure.gravatar.com\/avatar\/4c81fed838786e9b53f540bf46533e750f5d292099ae3b66cfc6fb1982e29df7?s=96&d=mm&r=g","url":"https:\/\/secure.gravatar.com\/avatar\/4c81fed838786e9b53f540bf46533e750f5d292099ae3b66cfc6fb1982e29df7?s=96&d=mm&r=g","contentUrl":"https:\/\/secure.gravatar.com\/avatar\/4c81fed838786e9b53f540bf46533e750f5d292099ae3b66cfc6fb1982e29df7?s=96&d=mm&r=g","caption":"admin"},"description":"admin","url":"https:\/\/lasentinelle.dz\/author\/admin\/"}]}},"_links":{"self":[{"href":"https:\/\/lasentinelle.dz\/index.php\/wp-json\/wp\/v2\/posts\/83177","targetHints":{"allow":["GET"]}}],"collection":[{"href":"https:\/\/lasentinelle.dz\/index.php\/wp-json\/wp\/v2\/posts"}],"about":[{"href":"https:\/\/lasentinelle.dz\/index.php\/wp-json\/wp\/v2\/types\/post"}],"author":[{"embeddable":true,"href":"https:\/\/lasentinelle.dz\/index.php\/wp-json\/wp\/v2\/users\/6"}],"replies":[{"embeddable":true,"href":"https:\/\/lasentinelle.dz\/index.php\/wp-json\/wp\/v2\/comments?post=83177"}],"version-history":[{"count":1,"href":"https:\/\/lasentinelle.dz\/index.php\/wp-json\/wp\/v2\/posts\/83177\/revisions"}],"predecessor-version":[{"id":83178,"href":"https:\/\/lasentinelle.dz\/index.php\/wp-json\/wp\/v2\/posts\/83177\/revisions\/83178"}],"wp:featuredmedia":[{"embeddable":true,"href":"https:\/\/lasentinelle.dz\/index.php\/wp-json\/wp\/v2\/media\/49955"}],"wp:attachment":[{"href":"https:\/\/lasentinelle.dz\/index.php\/wp-json\/wp\/v2\/media?parent=83177"}],"wp:term":[{"taxonomy":"category","embeddable":true,"href":"https:\/\/lasentinelle.dz\/index.php\/wp-json\/wp\/v2\/categories?post=83177"},{"taxonomy":"post_tag","embeddable":true,"href":"https:\/\/lasentinelle.dz\/index.php\/wp-json\/wp\/v2\/tags?post=83177"}],"curies":[{"name":"wp","href":"https:\/\/api.w.org\/{rel}","templated":true}]}}