{"id":83179,"date":"2026-03-09T20:29:53","date_gmt":"2026-03-09T19:29:53","guid":{"rendered":"https:\/\/lasentinelle.dz\/?p=83179"},"modified":"2026-03-09T20:29:54","modified_gmt":"2026-03-09T19:29:54","slug":"lalgerie-se-dote-dun-plan-national-pour-sa-jeunesse-a-lhorizon-2029-six-axes-vingt-objectifs","status":"publish","type":"post","link":"https:\/\/lasentinelle.dz\/index.php\/2026\/03\/09\/lalgerie-se-dote-dun-plan-national-pour-sa-jeunesse-a-lhorizon-2029-six-axes-vingt-objectifs\/","title":{"rendered":"L&rsquo;Alg\u00e9rie se dote d&rsquo;un plan national pour sa jeunesse \u00e0 l&rsquo;horizon 2029\u00a0: Six axes, vingt objectifs"},"content":{"rendered":"\n<p>C&rsquo;est une feuille de route in\u00e9dite que le gouvernement alg\u00e9rien vient de pr\u00e9senter pour r\u00e9pondre aux attentes de sa jeunesse. Le Plan national jeunesse 2026-2029, expos\u00e9 dimanche au Conseil des ministres sous la pr\u00e9sidence d&rsquo;Abdelmadjid Tebboune, entend structurer pour la premi\u00e8re fois une politique publique unifi\u00e9e en direction des jeunes Alg\u00e9riens \u2014 avec une ambition affich\u00e9e : s&rsquo;attaquer frontalement aux questions d&#8217;emploi, d&rsquo;\u00e9ducation et de protection contre les fl\u00e9aux sociaux.<\/p>\n\n\n\n<p>Le ministre de la Jeunesse, Mustapha Hidaoui, a pr\u00e9sent\u00e9 le projet devant le Conseil des ministres. Lundi, son d\u00e9partement publiait un communiqu\u00e9 pour en d\u00e9tailler l&rsquo;architecture. Le texte pr\u00e9cise que le plan \u00ab garantit l&rsquo;efficacit\u00e9 dans la prise en charge des questions li\u00e9es \u00e0 la jeunesse, notamment en mati\u00e8re d&#8217;emploi, d&rsquo;\u00e9ducation et de protection des jeunes contre les diff\u00e9rents fl\u00e9aux \u00bb. Sur le fond, le plan s&rsquo;articule autour de \u00ab six principaux axes \u00bb : l&rsquo;\u00e9ducation et l&rsquo;enseignement de qualit\u00e9, le d\u00e9veloppement des comp\u00e9tences, l&rsquo;int\u00e9gration \u00e9conomique, l&#8217;emploi et l&rsquo;entrepreneuriat, la citoyennet\u00e9 et la participation, l&rsquo;acc\u00e8s au sport, \u00e0 la culture et aux loisirs, et enfin \u00ab l&rsquo;autonomisation num\u00e9rique et l&rsquo;information cibl\u00e9e \u00bb. \u00c0 ces six piliers s&rsquo;ajoute un volet consacr\u00e9 au \u00ab renforcement de la r\u00e9silience sociale et la protection des jeunes contre les dangers \u00bb. Pour rendre cette ambition mesurable, le plan d\u00e9cline \u00ab 20 objectifs strat\u00e9giques et 54 objectifs op\u00e9rationnels, qui seront atteints \u00e0 travers les activit\u00e9s des diff\u00e9rents secteurs concern\u00e9s, appuy\u00e9s par des indicateurs mesurables \u00bb, indique le communiqu\u00e9. Une m\u00e9thode d\u00e9lib\u00e9r\u00e9ment chiffr\u00e9e, qui traduit la volont\u00e9 d&rsquo;\u00e9viter les plans d\u00e9claratifs sans suivi ni \u00e9valuation \u2014 d\u00e9faut r\u00e9current des politiques publiques de la jeunesse dans la r\u00e9gion.<\/p>\n\n\n\n<p>Ce qui distingue ce texte de ses pr\u00e9d\u00e9cesseurs, selon le minist\u00e8re, c&rsquo;est sa m\u00e9thode d&rsquo;\u00e9laboration. Le projet aurait \u00e9t\u00e9 \u00ab con\u00e7u selon une m\u00e9thodologie ax\u00e9e sur la planification \u00e0 partir des r\u00e9sultats, en s&rsquo;appuyant sur les r\u00e9sultats des groupes cibl\u00e9s de discussion organis\u00e9s par le Conseil sup\u00e9rieur de la jeunesse en 2023, ainsi que sur ses diff\u00e9rents rapports publi\u00e9s au cours des trois derni\u00e8res ann\u00e9es \u00bb. Un comit\u00e9 interminist\u00e9riel, regroupant les secteurs directement li\u00e9s \u00e0 la jeunesse, en a assur\u00e9 la r\u00e9daction.<\/p>\n\n\n\n<p>L&rsquo;impulsion est venue du sommet de l&rsquo;\u00c9tat. C&rsquo;est lors d&rsquo;une rencontre avec le bureau du Conseil sup\u00e9rieur de la jeunesse, le 21 janvier 2025, que le pr\u00e9sident Tebboune avait demand\u00e9 l&rsquo;\u00e9laboration d&rsquo;un tel plan en tant que \u00ab politique nationale unifi\u00e9e dans le domaine de la jeunesse \u00bb. Neuf mois plus tard, le texte franchissait l&rsquo;\u00e9tape du Conseil des ministres.<\/p>\n\n\n\n<p>Chokri Hafed<\/p>\n","protected":false},"excerpt":{"rendered":"<p>C&rsquo;est une feuille de route in\u00e9dite que le gouvernement alg\u00e9rien vient de pr\u00e9senter pour r\u00e9pondre aux attentes de sa jeunesse.<\/p>\n","protected":false},"author":6,"featured_media":0,"comment_status":"open","ping_status":"closed","sticky":false,"template":"","format":"standard","meta":{"colormag_page_container_layout":"default_layout","colormag_page_sidebar_layout":"default_layout","om_disable_all_campaigns":false,"_monsterinsights_skip_tracking":false,"_monsterinsights_sitenote_active":false,"_monsterinsights_sitenote_note":"","_monsterinsights_sitenote_category":0,"footnotes":"","_wpscppro_dont_share_socialmedia":false,"_wpscppro_custom_social_share_image":0,"_facebook_share_type":"default","_twitter_share_type":"default","_linkedin_share_type":"default","_pinterest_share_type":"default","_linkedin_share_type_page":"","_instagram_share_type":"default","_medium_share_type":"default","_threads_share_type":"default","_google_business_share_type":"default","_selected_social_profile":[],"_wpsp_enable_custom_social_template":false,"_wpsp_social_scheduling":{"enabled":false,"datetime":null,"platforms":[],"status":"template_only","dateOption":"today","timeOption":"now","customDays":"","customHours":"","customDate":"","customTime":"","schedulingType":"absolute"},"_wpsp_active_default_template":true},"categories":[27],"tags":[],"class_list":["post-83179","post","type-post","status-publish","format-standard","hentry","category-actualite"],"aioseo_notices":[],"yoast_head":"<!-- This site is optimized with the Yoast SEO plugin v27.4 - https:\/\/yoast.com\/product\/yoast-seo-wordpress\/ -->\n<title>L&rsquo;Alg\u00e9rie se dote d&rsquo;un plan national pour sa jeunesse \u00e0 l&rsquo;horizon 2029\u00a0: Six axes, vingt objectifs - La Sentinelle<\/title>\n<meta name=\"robots\" content=\"index, follow, max-snippet:-1, max-image-preview:large, max-video-preview:-1\" \/>\n<link rel=\"canonical\" href=\"https:\/\/lasentinelle.dz\/index.php\/2026\/03\/09\/lalgerie-se-dote-dun-plan-national-pour-sa-jeunesse-a-lhorizon-2029-six-axes-vingt-objectifs\/\" \/>\n<meta property=\"og:locale\" content=\"fr_FR\" \/>\n<meta property=\"og:type\" content=\"article\" \/>\n<meta property=\"og:title\" content=\"L&rsquo;Alg\u00e9rie se dote d&rsquo;un plan national pour sa jeunesse \u00e0 l&rsquo;horizon 2029\u00a0: Six axes, vingt objectifs - La Sentinelle\" \/>\n<meta property=\"og:description\" content=\"C&rsquo;est une feuille de route in\u00e9dite que le gouvernement alg\u00e9rien vient de pr\u00e9senter pour r\u00e9pondre aux attentes de sa jeunesse.\" \/>\n<meta property=\"og:url\" content=\"https:\/\/lasentinelle.dz\/index.php\/2026\/03\/09\/lalgerie-se-dote-dun-plan-national-pour-sa-jeunesse-a-lhorizon-2029-six-axes-vingt-objectifs\/\" \/>\n<meta property=\"og:site_name\" content=\"La Sentinelle\" \/>\n<meta property=\"article:publisher\" content=\"https:\/\/www.facebook.com\/La-Sentinelle-104059864394773\" \/>\n<meta property=\"article:published_time\" content=\"2026-03-09T19:29:53+00:00\" \/>\n<meta property=\"article:modified_time\" content=\"2026-03-09T19:29:54+00:00\" \/>\n<meta name=\"author\" content=\"admin\" \/>\n<meta name=\"twitter:card\" content=\"summary_large_image\" \/>\n<meta name=\"twitter:label1\" content=\"\u00c9crit par\" \/>\n\t<meta name=\"twitter:data1\" content=\"admin\" \/>\n\t<meta name=\"twitter:label2\" content=\"Dur\u00e9e de lecture estim\u00e9e\" \/>\n\t<meta name=\"twitter:data2\" content=\"3 minutes\" \/>\n<script type=\"application\/ld+json\" class=\"yoast-schema-graph\">{\"@context\":\"https:\\\/\\\/schema.org\",\"@graph\":[{\"@type\":\"Article\",\"@id\":\"https:\\\/\\\/lasentinelle.dz\\\/index.php\\\/2026\\\/03\\\/09\\\/lalgerie-se-dote-dun-plan-national-pour-sa-jeunesse-a-lhorizon-2029-six-axes-vingt-objectifs\\\/#article\",\"isPartOf\":{\"@id\":\"https:\\\/\\\/lasentinelle.dz\\\/index.php\\\/2026\\\/03\\\/09\\\/lalgerie-se-dote-dun-plan-national-pour-sa-jeunesse-a-lhorizon-2029-six-axes-vingt-objectifs\\\/\"},\"author\":{\"name\":\"admin\",\"@id\":\"https:\\\/\\\/lasentinelle.dz\\\/#\\\/schema\\\/person\\\/729ee0024f24e0b8c5ec17232f8e8b41\"},\"headline\":\"L&rsquo;Alg\u00e9rie se dote d&rsquo;un plan national pour sa jeunesse \u00e0 l&rsquo;horizon 2029\u00a0: Six axes, vingt objectifs\",\"datePublished\":\"2026-03-09T19:29:53+00:00\",\"dateModified\":\"2026-03-09T19:29:54+00:00\",\"mainEntityOfPage\":{\"@id\":\"https:\\\/\\\/lasentinelle.dz\\\/index.php\\\/2026\\\/03\\\/09\\\/lalgerie-se-dote-dun-plan-national-pour-sa-jeunesse-a-lhorizon-2029-six-axes-vingt-objectifs\\\/\"},\"wordCount\":499,\"commentCount\":0,\"publisher\":{\"@id\":\"https:\\\/\\\/lasentinelle.dz\\\/#organization\"},\"articleSection\":[\"Actualit\u00e9\"],\"inLanguage\":\"fr-FR\",\"potentialAction\":[{\"@type\":\"CommentAction\",\"name\":\"Comment\",\"target\":[\"https:\\\/\\\/lasentinelle.dz\\\/index.php\\\/2026\\\/03\\\/09\\\/lalgerie-se-dote-dun-plan-national-pour-sa-jeunesse-a-lhorizon-2029-six-axes-vingt-objectifs\\\/#respond\"]}]},{\"@type\":\"WebPage\",\"@id\":\"https:\\\/\\\/lasentinelle.dz\\\/index.php\\\/2026\\\/03\\\/09\\\/lalgerie-se-dote-dun-plan-national-pour-sa-jeunesse-a-lhorizon-2029-six-axes-vingt-objectifs\\\/\",\"url\":\"https:\\\/\\\/lasentinelle.dz\\\/index.php\\\/2026\\\/03\\\/09\\\/lalgerie-se-dote-dun-plan-national-pour-sa-jeunesse-a-lhorizon-2029-six-axes-vingt-objectifs\\\/\",\"name\":\"L&rsquo;Alg\u00e9rie se dote d&rsquo;un plan national pour sa jeunesse \u00e0 l&rsquo;horizon 2029\u00a0: Six axes, vingt objectifs - La Sentinelle\",\"isPartOf\":{\"@id\":\"https:\\\/\\\/lasentinelle.dz\\\/#website\"},\"datePublished\":\"2026-03-09T19:29:53+00:00\",\"dateModified\":\"2026-03-09T19:29:54+00:00\",\"breadcrumb\":{\"@id\":\"https:\\\/\\\/lasentinelle.dz\\\/index.php\\\/2026\\\/03\\\/09\\\/lalgerie-se-dote-dun-plan-national-pour-sa-jeunesse-a-lhorizon-2029-six-axes-vingt-objectifs\\\/#breadcrumb\"},\"inLanguage\":\"fr-FR\",\"potentialAction\":[{\"@type\":\"ReadAction\",\"target\":[\"https:\\\/\\\/lasentinelle.dz\\\/index.php\\\/2026\\\/03\\\/09\\\/lalgerie-se-dote-dun-plan-national-pour-sa-jeunesse-a-lhorizon-2029-six-axes-vingt-objectifs\\\/\"]}]},{\"@type\":\"BreadcrumbList\",\"@id\":\"https:\\\/\\\/lasentinelle.dz\\\/index.php\\\/2026\\\/03\\\/09\\\/lalgerie-se-dote-dun-plan-national-pour-sa-jeunesse-a-lhorizon-2029-six-axes-vingt-objectifs\\\/#breadcrumb\",\"itemListElement\":[{\"@type\":\"ListItem\",\"position\":1,\"name\":\"Accueil\",\"item\":\"https:\\\/\\\/lasentinelle.dz\\\/\"},{\"@type\":\"ListItem\",\"position\":2,\"name\":\"L&rsquo;Alg\u00e9rie se dote d&rsquo;un plan national pour sa jeunesse \u00e0 l&rsquo;horizon 2029\u00a0: Six axes, vingt objectifs\"}]},{\"@type\":\"WebSite\",\"@id\":\"https:\\\/\\\/lasentinelle.dz\\\/#website\",\"url\":\"https:\\\/\\\/lasentinelle.dz\\\/\",\"name\":\"La Sentinelle\",\"description\":\"Quotidien national d&#039;information\",\"publisher\":{\"@id\":\"https:\\\/\\\/lasentinelle.dz\\\/#organization\"},\"potentialAction\":[{\"@type\":\"SearchAction\",\"target\":{\"@type\":\"EntryPoint\",\"urlTemplate\":\"https:\\\/\\\/lasentinelle.dz\\\/?s={search_term_string}\"},\"query-input\":{\"@type\":\"PropertyValueSpecification\",\"valueRequired\":true,\"valueName\":\"search_term_string\"}}],\"inLanguage\":\"fr-FR\"},{\"@type\":\"Organization\",\"@id\":\"https:\\\/\\\/lasentinelle.dz\\\/#organization\",\"name\":\"Quotidien La Sentinelle\",\"url\":\"https:\\\/\\\/lasentinelle.dz\\\/\",\"logo\":{\"@type\":\"ImageObject\",\"inLanguage\":\"fr-FR\",\"@id\":\"https:\\\/\\\/lasentinelle.dz\\\/#\\\/schema\\\/logo\\\/image\\\/\",\"url\":\"https:\\\/\\\/lasentinelle.dz\\\/wp-content\\\/uploads\\\/2021\\\/09\\\/logo-sentinelleSLOGAN-1.png\",\"contentUrl\":\"https:\\\/\\\/lasentinelle.dz\\\/wp-content\\\/uploads\\\/2021\\\/09\\\/logo-sentinelleSLOGAN-1.png\",\"width\":615,\"height\":142,\"caption\":\"Quotidien La Sentinelle\"},\"image\":{\"@id\":\"https:\\\/\\\/lasentinelle.dz\\\/#\\\/schema\\\/logo\\\/image\\\/\"},\"sameAs\":[\"https:\\\/\\\/www.facebook.com\\\/La-Sentinelle-104059864394773\"]},{\"@type\":\"Person\",\"@id\":\"https:\\\/\\\/lasentinelle.dz\\\/#\\\/schema\\\/person\\\/729ee0024f24e0b8c5ec17232f8e8b41\",\"name\":\"admin\",\"image\":{\"@type\":\"ImageObject\",\"inLanguage\":\"fr-FR\",\"@id\":\"https:\\\/\\\/secure.gravatar.com\\\/avatar\\\/4c81fed838786e9b53f540bf46533e750f5d292099ae3b66cfc6fb1982e29df7?s=96&d=mm&r=g\",\"url\":\"https:\\\/\\\/secure.gravatar.com\\\/avatar\\\/4c81fed838786e9b53f540bf46533e750f5d292099ae3b66cfc6fb1982e29df7?s=96&d=mm&r=g\",\"contentUrl\":\"https:\\\/\\\/secure.gravatar.com\\\/avatar\\\/4c81fed838786e9b53f540bf46533e750f5d292099ae3b66cfc6fb1982e29df7?s=96&d=mm&r=g\",\"caption\":\"admin\"},\"description\":\"admin\",\"url\":\"https:\\\/\\\/lasentinelle.dz\\\/author\\\/admin\\\/\"}]}<\/script>\n<!-- \/ Yoast SEO plugin. -->","yoast_head_json":{"title":"L&rsquo;Alg\u00e9rie se dote d&rsquo;un plan national pour sa jeunesse \u00e0 l&rsquo;horizon 2029\u00a0: Six axes, vingt objectifs - La Sentinelle","robots":{"index":"index","follow":"follow","max-snippet":"max-snippet:-1","max-image-preview":"max-image-preview:large","max-video-preview":"max-video-preview:-1"},"canonical":"https:\/\/lasentinelle.dz\/index.php\/2026\/03\/09\/lalgerie-se-dote-dun-plan-national-pour-sa-jeunesse-a-lhorizon-2029-six-axes-vingt-objectifs\/","og_locale":"fr_FR","og_type":"article","og_title":"L&rsquo;Alg\u00e9rie se dote d&rsquo;un plan national pour sa jeunesse \u00e0 l&rsquo;horizon 2029\u00a0: Six axes, vingt objectifs - La Sentinelle","og_description":"C&rsquo;est une feuille de route in\u00e9dite que le gouvernement alg\u00e9rien vient de pr\u00e9senter pour r\u00e9pondre aux attentes de sa jeunesse.","og_url":"https:\/\/lasentinelle.dz\/index.php\/2026\/03\/09\/lalgerie-se-dote-dun-plan-national-pour-sa-jeunesse-a-lhorizon-2029-six-axes-vingt-objectifs\/","og_site_name":"La Sentinelle","article_publisher":"https:\/\/www.facebook.com\/La-Sentinelle-104059864394773","article_published_time":"2026-03-09T19:29:53+00:00","article_modified_time":"2026-03-09T19:29:54+00:00","author":"admin","twitter_card":"summary_large_image","twitter_misc":{"\u00c9crit par":"admin","Dur\u00e9e de lecture estim\u00e9e":"3 minutes"},"schema":{"@context":"https:\/\/schema.org","@graph":[{"@type":"Article","@id":"https:\/\/lasentinelle.dz\/index.php\/2026\/03\/09\/lalgerie-se-dote-dun-plan-national-pour-sa-jeunesse-a-lhorizon-2029-six-axes-vingt-objectifs\/#article","isPartOf":{"@id":"https:\/\/lasentinelle.dz\/index.php\/2026\/03\/09\/lalgerie-se-dote-dun-plan-national-pour-sa-jeunesse-a-lhorizon-2029-six-axes-vingt-objectifs\/"},"author":{"name":"admin","@id":"https:\/\/lasentinelle.dz\/#\/schema\/person\/729ee0024f24e0b8c5ec17232f8e8b41"},"headline":"L&rsquo;Alg\u00e9rie se dote d&rsquo;un plan national pour sa jeunesse \u00e0 l&rsquo;horizon 2029\u00a0: Six axes, vingt objectifs","datePublished":"2026-03-09T19:29:53+00:00","dateModified":"2026-03-09T19:29:54+00:00","mainEntityOfPage":{"@id":"https:\/\/lasentinelle.dz\/index.php\/2026\/03\/09\/lalgerie-se-dote-dun-plan-national-pour-sa-jeunesse-a-lhorizon-2029-six-axes-vingt-objectifs\/"},"wordCount":499,"commentCount":0,"publisher":{"@id":"https:\/\/lasentinelle.dz\/#organization"},"articleSection":["Actualit\u00e9"],"inLanguage":"fr-FR","potentialAction":[{"@type":"CommentAction","name":"Comment","target":["https:\/\/lasentinelle.dz\/index.php\/2026\/03\/09\/lalgerie-se-dote-dun-plan-national-pour-sa-jeunesse-a-lhorizon-2029-six-axes-vingt-objectifs\/#respond"]}]},{"@type":"WebPage","@id":"https:\/\/lasentinelle.dz\/index.php\/2026\/03\/09\/lalgerie-se-dote-dun-plan-national-pour-sa-jeunesse-a-lhorizon-2029-six-axes-vingt-objectifs\/","url":"https:\/\/lasentinelle.dz\/index.php\/2026\/03\/09\/lalgerie-se-dote-dun-plan-national-pour-sa-jeunesse-a-lhorizon-2029-six-axes-vingt-objectifs\/","name":"L&rsquo;Alg\u00e9rie se dote d&rsquo;un plan national pour sa jeunesse \u00e0 l&rsquo;horizon 2029\u00a0: Six axes, vingt objectifs - La Sentinelle","isPartOf":{"@id":"https:\/\/lasentinelle.dz\/#website"},"datePublished":"2026-03-09T19:29:53+00:00","dateModified":"2026-03-09T19:29:54+00:00","breadcrumb":{"@id":"https:\/\/lasentinelle.dz\/index.php\/2026\/03\/09\/lalgerie-se-dote-dun-plan-national-pour-sa-jeunesse-a-lhorizon-2029-six-axes-vingt-objectifs\/#breadcrumb"},"inLanguage":"fr-FR","potentialAction":[{"@type":"ReadAction","target":["https:\/\/lasentinelle.dz\/index.php\/2026\/03\/09\/lalgerie-se-dote-dun-plan-national-pour-sa-jeunesse-a-lhorizon-2029-six-axes-vingt-objectifs\/"]}]},{"@type":"BreadcrumbList","@id":"https:\/\/lasentinelle.dz\/index.php\/2026\/03\/09\/lalgerie-se-dote-dun-plan-national-pour-sa-jeunesse-a-lhorizon-2029-six-axes-vingt-objectifs\/#breadcrumb","itemListElement":[{"@type":"ListItem","position":1,"name":"Accueil","item":"https:\/\/lasentinelle.dz\/"},{"@type":"ListItem","position":2,"name":"L&rsquo;Alg\u00e9rie se dote d&rsquo;un plan national pour sa jeunesse \u00e0 l&rsquo;horizon 2029\u00a0: Six axes, vingt objectifs"}]},{"@type":"WebSite","@id":"https:\/\/lasentinelle.dz\/#website","url":"https:\/\/lasentinelle.dz\/","name":"La Sentinelle","description":"Quotidien national d&#039;information","publisher":{"@id":"https:\/\/lasentinelle.dz\/#organization"},"potentialAction":[{"@type":"SearchAction","target":{"@type":"EntryPoint","urlTemplate":"https:\/\/lasentinelle.dz\/?s={search_term_string}"},"query-input":{"@type":"PropertyValueSpecification","valueRequired":true,"valueName":"search_term_string"}}],"inLanguage":"fr-FR"},{"@type":"Organization","@id":"https:\/\/lasentinelle.dz\/#organization","name":"Quotidien La Sentinelle","url":"https:\/\/lasentinelle.dz\/","logo":{"@type":"ImageObject","inLanguage":"fr-FR","@id":"https:\/\/lasentinelle.dz\/#\/schema\/logo\/image\/","url":"https:\/\/lasentinelle.dz\/wp-content\/uploads\/2021\/09\/logo-sentinelleSLOGAN-1.png","contentUrl":"https:\/\/lasentinelle.dz\/wp-content\/uploads\/2021\/09\/logo-sentinelleSLOGAN-1.png","width":615,"height":142,"caption":"Quotidien La Sentinelle"},"image":{"@id":"https:\/\/lasentinelle.dz\/#\/schema\/logo\/image\/"},"sameAs":["https:\/\/www.facebook.com\/La-Sentinelle-104059864394773"]},{"@type":"Person","@id":"https:\/\/lasentinelle.dz\/#\/schema\/person\/729ee0024f24e0b8c5ec17232f8e8b41","name":"admin","image":{"@type":"ImageObject","inLanguage":"fr-FR","@id":"https:\/\/secure.gravatar.com\/avatar\/4c81fed838786e9b53f540bf46533e750f5d292099ae3b66cfc6fb1982e29df7?s=96&d=mm&r=g","url":"https:\/\/secure.gravatar.com\/avatar\/4c81fed838786e9b53f540bf46533e750f5d292099ae3b66cfc6fb1982e29df7?s=96&d=mm&r=g","contentUrl":"https:\/\/secure.gravatar.com\/avatar\/4c81fed838786e9b53f540bf46533e750f5d292099ae3b66cfc6fb1982e29df7?s=96&d=mm&r=g","caption":"admin"},"description":"admin","url":"https:\/\/lasentinelle.dz\/author\/admin\/"}]}},"_links":{"self":[{"href":"https:\/\/lasentinelle.dz\/index.php\/wp-json\/wp\/v2\/posts\/83179","targetHints":{"allow":["GET"]}}],"collection":[{"href":"https:\/\/lasentinelle.dz\/index.php\/wp-json\/wp\/v2\/posts"}],"about":[{"href":"https:\/\/lasentinelle.dz\/index.php\/wp-json\/wp\/v2\/types\/post"}],"author":[{"embeddable":true,"href":"https:\/\/lasentinelle.dz\/index.php\/wp-json\/wp\/v2\/users\/6"}],"replies":[{"embeddable":true,"href":"https:\/\/lasentinelle.dz\/index.php\/wp-json\/wp\/v2\/comments?post=83179"}],"version-history":[{"count":2,"href":"https:\/\/lasentinelle.dz\/index.php\/wp-json\/wp\/v2\/posts\/83179\/revisions"}],"predecessor-version":[{"id":83181,"href":"https:\/\/lasentinelle.dz\/index.php\/wp-json\/wp\/v2\/posts\/83179\/revisions\/83181"}],"wp:attachment":[{"href":"https:\/\/lasentinelle.dz\/index.php\/wp-json\/wp\/v2\/media?parent=83179"}],"wp:term":[{"taxonomy":"category","embeddable":true,"href":"https:\/\/lasentinelle.dz\/index.php\/wp-json\/wp\/v2\/categories?post=83179"},{"taxonomy":"post_tag","embeddable":true,"href":"https:\/\/lasentinelle.dz\/index.php\/wp-json\/wp\/v2\/tags?post=83179"}],"curies":[{"name":"wp","href":"https:\/\/api.w.org\/{rel}","templated":true}]}}