{"id":83182,"date":"2026-03-09T20:31:15","date_gmt":"2026-03-09T19:31:15","guid":{"rendered":"https:\/\/lasentinelle.dz\/?p=83182"},"modified":"2026-03-09T20:31:17","modified_gmt":"2026-03-09T19:31:17","slug":"videosurveillance-au-travail-de-nouvelles-regles-pour-concilier-securite-et-protection-de-la-vie-privee","status":"publish","type":"post","link":"https:\/\/lasentinelle.dz\/index.php\/2026\/03\/09\/videosurveillance-au-travail-de-nouvelles-regles-pour-concilier-securite-et-protection-de-la-vie-privee\/","title":{"rendered":"Vid\u00e9osurveillance au travail\u00a0: De nouvelles r\u00e8gles pour concilier s\u00e9curit\u00e9 et protection de la vie priv\u00e9e"},"content":{"rendered":"\n<p>L&rsquo;Autorit\u00e9 nationale de protection des donn\u00e9es \u00e0 caract\u00e8re personnel a publi\u00e9 une d\u00e9lib\u00e9ration imposant des r\u00e8gles de conduite et d&rsquo;\u00e9thique pour l&rsquo;utilisation des cam\u00e9ras de surveillance sur les lieux de travail, soumettant leur exploitation \u00e0 une autorisation pr\u00e9alable du wali et interdisant leur installation dans les espaces portant atteinte \u00e0 l&rsquo;intimit\u00e9 des personnes.<\/p>\n\n\n\n<p>La multiplication des cam\u00e9ras de vid\u00e9osurveillance dans les entreprises, les commerces et les \u00e9tablissements scolaires appelle d\u00e9sormais un encadrement strict. L&rsquo;Autorit\u00e9 nationale de protection des donn\u00e9es \u00e0 caract\u00e8re personnel (ANPDP) a publi\u00e9 sa d\u00e9lib\u00e9ration n\u00b0 02, dat\u00e9e du 4 mars 2026, qui instaure pour la premi\u00e8re fois un corpus de r\u00e8gles de conduite et d&rsquo;\u00e9thique r\u00e9gissant l&rsquo;utilisation des syst\u00e8mes de vid\u00e9osurveillance sur les lieux de travail. Le texte vise \u00e0 organiser le recours \u00e0 ces dispositifs \u00ab de mani\u00e8re \u00e0 prot\u00e9ger la s\u00e9curit\u00e9 des travailleurs et des visiteurs et \u00e0 pr\u00e9server les biens, tout en garantissant le respect de la vie priv\u00e9e des individus \u00bb, pr\u00e9cise la d\u00e9lib\u00e9ration. L&rsquo;enjeu est de taille. Si les cam\u00e9ras de surveillance constituent un outil reconnu de pr\u00e9vention et de s\u00e9curisation des espaces professionnels, leur sophistication croissante soul\u00e8ve une pr\u00e9occupation grandissante quant au sort des \u00ab donn\u00e9es \u00e0 caract\u00e8re personnel des individus \u00bb pr\u00e9sents dans ces lieux, rel\u00e8ve l&rsquo;ANPDP. Le d\u00e9veloppement rapide de la vid\u00e9osurveillance, coupl\u00e9 \u00e0 l&rsquo;absence jusqu&rsquo;ici de r\u00e8gles sp\u00e9cifiques au milieu professionnel, exposait les travailleurs et les usagers \u00e0 des risques d&rsquo;atteinte \u00e0 leur intimit\u00e9 sans recours clairement d\u00e9fini.<\/p>\n\n\n\n<p>Pour \u00e9laborer ce texte, l&rsquo;Autorit\u00e9 s&rsquo;est appuy\u00e9e sur un arsenal juridique existant, en premier lieu la loi 18-07 du 10 juin 2018 relative \u00e0 la protection des personnes physiques dans le traitement des donn\u00e9es \u00e0 caract\u00e8re personnel, \u00ab notamment son article 25 \u00bb, ainsi que le d\u00e9cret ex\u00e9cutif n\u00b0 09-410 du 10 d\u00e9cembre 2009, modifi\u00e9 et compl\u00e9t\u00e9 par le d\u00e9cret ex\u00e9cutif n\u00b0 16-61 du 11 f\u00e9vrier 2016, qui fixe les r\u00e8gles de s\u00e9curit\u00e9 applicables aux activit\u00e9s portant sur les \u00e9quipements sensibles, \u00ab notamment ses articles 20 et 20 bis \u00bb. Le r\u00e8glement int\u00e9rieur de l&rsquo;ANPDP, approuv\u00e9 le 26 juillet 2023, a \u00e9galement servi de r\u00e9f\u00e9rence. La d\u00e9lib\u00e9ration soumet l&rsquo;exploitation des dispositifs de vid\u00e9osurveillance, y compris ceux \u00e9quip\u00e9s de vision nocturne, \u00e0 un r\u00e9gime d&rsquo;autorisation d\u00e9livr\u00e9e par le wali territorialement comp\u00e9tent, apr\u00e8s avis de la commission de s\u00e9curit\u00e9 de wilaya, \u00ab \u00e0 l&rsquo;exception des services du minist\u00e8re de la D\u00e9fense nationale et du minist\u00e8re de l&rsquo;Int\u00e9rieur \u00bb, pr\u00e9cise le texte. L&rsquo;Autorit\u00e9 insiste sur le fait que \u00ab l&rsquo;objectif du traitement est la protection des individus et des biens, le renforcement d&rsquo;un environnement de travail s\u00e9curis\u00e9 et disciplin\u00e9, ainsi que le respect des droits et de la vie priv\u00e9e des personnes \u00bb.<\/p>\n\n\n\n<p>Plusieurs obligations concr\u00e8tes sont impos\u00e9es aux responsables du traitement. Toute personne physique ou morale, publique ou priv\u00e9e, utilisant des cam\u00e9ras de surveillance est tenue de d\u00e9clarer ses traitements aupr\u00e8s de l&rsquo;ANPDP. La finalit\u00e9 de la collecte de donn\u00e9es personnelles par ces enregistrements doit \u00eatre \u00ab limit\u00e9e \u00e0 la s\u00e9curisation des biens et des personnes \u00bb. Les employeurs et exploitants sont tenus d&rsquo;informer les employ\u00e9s et les usagers de l&rsquo;existence des cam\u00e9ras, de leur emplacement et des raisons de leur utilisation, \u00ab par le biais d&rsquo;un affichage visible ou de moyens de communication interne appropri\u00e9s \u00bb.<\/p>\n\n\n\n<p>&nbsp;Le texte pose \u00e9galement des interdictions strictes. L&rsquo;installation de cam\u00e9ras est prohib\u00e9e dans les lieux o\u00f9 un degr\u00e9 \u00e9lev\u00e9 d&rsquo;intimit\u00e9 est attendu, \u00ab tels que les sanitaires, les vestiaires et les espaces priv\u00e9s des \u00e9tablissements et institutions \u00bb. Il est par ailleurs \u00ab strictement interdit de connecter les syst\u00e8mes de vid\u00e9osurveillance appartenant \u00e0 des organismes, des administrations, des entreprises et institutions publiques avec le r\u00e9seau Internet \u00bb, stipule la d\u00e9lib\u00e9ration. L&rsquo;acc\u00e8s aux enregistrements est r\u00e9serv\u00e9 exclusivement aux personnes habilit\u00e9es, d\u00e9sign\u00e9es par le premier responsable de la structure concern\u00e9e, et les donn\u00e9es doivent \u00eatre conserv\u00e9es \u00ab dans un environnement s\u00e9curis\u00e9 pour une dur\u00e9e limit\u00e9e n&rsquo;exc\u00e9dant pas une ann\u00e9e \u00bb. Conform\u00e9ment aux articles 32, 34, 35 et 36 de la loi 18-07, le responsable du traitement est tenu de garantir aux personnes concern\u00e9es l&rsquo;exercice de leurs droits d&rsquo;information, d&rsquo;acc\u00e8s, de rectification et d&rsquo;opposition au traitement de leurs donn\u00e9es personnelles. \u00c0 travers cette d\u00e9lib\u00e9ration, l&rsquo;Alg\u00e9rie franchit un pas suppl\u00e9mentaire dans la construction d&rsquo;un cadre juridique adapt\u00e9 aux d\u00e9fis du num\u00e9rique et de la surveillance, en cherchant \u00e0 \u00e9tablir un \u00e9quilibre entre imp\u00e9ratifs de s\u00e9curit\u00e9 et libert\u00e9s individuelles.<\/p>\n\n\n\n<p>Salim Amokrane<\/p>\n","protected":false},"excerpt":{"rendered":"<p>L&rsquo;Autorit\u00e9 nationale de protection des donn\u00e9es \u00e0 caract\u00e8re personnel a publi\u00e9 une d\u00e9lib\u00e9ration imposant des r\u00e8gles de conduite et d&rsquo;\u00e9thique<\/p>\n","protected":false},"author":6,"featured_media":83183,"comment_status":"open","ping_status":"closed","sticky":false,"template":"","format":"standard","meta":{"colormag_page_container_layout":"default_layout","colormag_page_sidebar_layout":"default_layout","om_disable_all_campaigns":false,"_monsterinsights_skip_tracking":false,"_monsterinsights_sitenote_active":false,"_monsterinsights_sitenote_note":"","_monsterinsights_sitenote_category":0,"footnotes":"","_wpscppro_dont_share_socialmedia":false,"_wpscppro_custom_social_share_image":0,"_facebook_share_type":"default","_twitter_share_type":"default","_linkedin_share_type":"default","_pinterest_share_type":"default","_linkedin_share_type_page":"","_instagram_share_type":"default","_medium_share_type":"default","_threads_share_type":"default","_google_business_share_type":"default","_selected_social_profile":[],"_wpsp_enable_custom_social_template":false,"_wpsp_social_scheduling":{"enabled":false,"datetime":null,"platforms":[],"status":"template_only","dateOption":"today","timeOption":"now","customDays":"","customHours":"","customDate":"","customTime":"","schedulingType":"absolute"},"_wpsp_active_default_template":true},"categories":[52,27],"tags":[],"class_list":["post-83182","post","type-post","status-publish","format-standard","has-post-thumbnail","hentry","category-a-la-une","category-actualite"],"aioseo_notices":[],"yoast_head":"<!-- This site is optimized with the Yoast SEO plugin v27.4 - https:\/\/yoast.com\/product\/yoast-seo-wordpress\/ -->\n<title>Vid\u00e9osurveillance au travail\u00a0: De nouvelles r\u00e8gles pour concilier s\u00e9curit\u00e9 et protection de la vie priv\u00e9e - La Sentinelle<\/title>\n<meta name=\"robots\" content=\"index, follow, max-snippet:-1, max-image-preview:large, max-video-preview:-1\" \/>\n<link rel=\"canonical\" href=\"https:\/\/lasentinelle.dz\/index.php\/2026\/03\/09\/videosurveillance-au-travail-de-nouvelles-regles-pour-concilier-securite-et-protection-de-la-vie-privee\/\" \/>\n<meta property=\"og:locale\" content=\"fr_FR\" \/>\n<meta property=\"og:type\" content=\"article\" \/>\n<meta property=\"og:title\" content=\"Vid\u00e9osurveillance au travail\u00a0: De nouvelles r\u00e8gles pour concilier s\u00e9curit\u00e9 et protection de la vie priv\u00e9e - La Sentinelle\" \/>\n<meta property=\"og:description\" content=\"L&rsquo;Autorit\u00e9 nationale de protection des donn\u00e9es \u00e0 caract\u00e8re personnel a publi\u00e9 une d\u00e9lib\u00e9ration imposant des r\u00e8gles de conduite et d&rsquo;\u00e9thique\" \/>\n<meta property=\"og:url\" content=\"https:\/\/lasentinelle.dz\/index.php\/2026\/03\/09\/videosurveillance-au-travail-de-nouvelles-regles-pour-concilier-securite-et-protection-de-la-vie-privee\/\" \/>\n<meta property=\"og:site_name\" content=\"La Sentinelle\" \/>\n<meta property=\"article:publisher\" content=\"https:\/\/www.facebook.com\/La-Sentinelle-104059864394773\" \/>\n<meta property=\"article:published_time\" content=\"2026-03-09T19:31:15+00:00\" \/>\n<meta property=\"article:modified_time\" content=\"2026-03-09T19:31:17+00:00\" \/>\n<meta property=\"og:image\" content=\"https:\/\/lasentinelle.dz\/wp-content\/uploads\/2026\/03\/videosurveillance.jpg\" \/>\n\t<meta property=\"og:image:width\" content=\"638\" \/>\n\t<meta property=\"og:image:height\" content=\"361\" \/>\n\t<meta property=\"og:image:type\" content=\"image\/jpeg\" \/>\n<meta name=\"author\" content=\"admin\" \/>\n<meta name=\"twitter:card\" content=\"summary_large_image\" \/>\n<meta name=\"twitter:label1\" content=\"\u00c9crit par\" \/>\n\t<meta name=\"twitter:data1\" content=\"admin\" \/>\n\t<meta name=\"twitter:label2\" content=\"Dur\u00e9e de lecture estim\u00e9e\" \/>\n\t<meta name=\"twitter:data2\" content=\"4 minutes\" \/>\n<script type=\"application\/ld+json\" class=\"yoast-schema-graph\">{\"@context\":\"https:\\\/\\\/schema.org\",\"@graph\":[{\"@type\":\"Article\",\"@id\":\"https:\\\/\\\/lasentinelle.dz\\\/index.php\\\/2026\\\/03\\\/09\\\/videosurveillance-au-travail-de-nouvelles-regles-pour-concilier-securite-et-protection-de-la-vie-privee\\\/#article\",\"isPartOf\":{\"@id\":\"https:\\\/\\\/lasentinelle.dz\\\/index.php\\\/2026\\\/03\\\/09\\\/videosurveillance-au-travail-de-nouvelles-regles-pour-concilier-securite-et-protection-de-la-vie-privee\\\/\"},\"author\":{\"name\":\"admin\",\"@id\":\"https:\\\/\\\/lasentinelle.dz\\\/#\\\/schema\\\/person\\\/729ee0024f24e0b8c5ec17232f8e8b41\"},\"headline\":\"Vid\u00e9osurveillance au travail\u00a0: De nouvelles r\u00e8gles pour concilier s\u00e9curit\u00e9 et protection de la vie priv\u00e9e\",\"datePublished\":\"2026-03-09T19:31:15+00:00\",\"dateModified\":\"2026-03-09T19:31:17+00:00\",\"mainEntityOfPage\":{\"@id\":\"https:\\\/\\\/lasentinelle.dz\\\/index.php\\\/2026\\\/03\\\/09\\\/videosurveillance-au-travail-de-nouvelles-regles-pour-concilier-securite-et-protection-de-la-vie-privee\\\/\"},\"wordCount\":839,\"commentCount\":0,\"publisher\":{\"@id\":\"https:\\\/\\\/lasentinelle.dz\\\/#organization\"},\"image\":{\"@id\":\"https:\\\/\\\/lasentinelle.dz\\\/index.php\\\/2026\\\/03\\\/09\\\/videosurveillance-au-travail-de-nouvelles-regles-pour-concilier-securite-et-protection-de-la-vie-privee\\\/#primaryimage\"},\"thumbnailUrl\":\"https:\\\/\\\/lasentinelle.dz\\\/wp-content\\\/uploads\\\/2026\\\/03\\\/videosurveillance.jpg\",\"articleSection\":[\"\u00c0 la Une\",\"Actualit\u00e9\"],\"inLanguage\":\"fr-FR\",\"potentialAction\":[{\"@type\":\"CommentAction\",\"name\":\"Comment\",\"target\":[\"https:\\\/\\\/lasentinelle.dz\\\/index.php\\\/2026\\\/03\\\/09\\\/videosurveillance-au-travail-de-nouvelles-regles-pour-concilier-securite-et-protection-de-la-vie-privee\\\/#respond\"]}]},{\"@type\":\"WebPage\",\"@id\":\"https:\\\/\\\/lasentinelle.dz\\\/index.php\\\/2026\\\/03\\\/09\\\/videosurveillance-au-travail-de-nouvelles-regles-pour-concilier-securite-et-protection-de-la-vie-privee\\\/\",\"url\":\"https:\\\/\\\/lasentinelle.dz\\\/index.php\\\/2026\\\/03\\\/09\\\/videosurveillance-au-travail-de-nouvelles-regles-pour-concilier-securite-et-protection-de-la-vie-privee\\\/\",\"name\":\"Vid\u00e9osurveillance au travail\u00a0: De nouvelles r\u00e8gles pour concilier s\u00e9curit\u00e9 et protection de la vie priv\u00e9e - La Sentinelle\",\"isPartOf\":{\"@id\":\"https:\\\/\\\/lasentinelle.dz\\\/#website\"},\"primaryImageOfPage\":{\"@id\":\"https:\\\/\\\/lasentinelle.dz\\\/index.php\\\/2026\\\/03\\\/09\\\/videosurveillance-au-travail-de-nouvelles-regles-pour-concilier-securite-et-protection-de-la-vie-privee\\\/#primaryimage\"},\"image\":{\"@id\":\"https:\\\/\\\/lasentinelle.dz\\\/index.php\\\/2026\\\/03\\\/09\\\/videosurveillance-au-travail-de-nouvelles-regles-pour-concilier-securite-et-protection-de-la-vie-privee\\\/#primaryimage\"},\"thumbnailUrl\":\"https:\\\/\\\/lasentinelle.dz\\\/wp-content\\\/uploads\\\/2026\\\/03\\\/videosurveillance.jpg\",\"datePublished\":\"2026-03-09T19:31:15+00:00\",\"dateModified\":\"2026-03-09T19:31:17+00:00\",\"breadcrumb\":{\"@id\":\"https:\\\/\\\/lasentinelle.dz\\\/index.php\\\/2026\\\/03\\\/09\\\/videosurveillance-au-travail-de-nouvelles-regles-pour-concilier-securite-et-protection-de-la-vie-privee\\\/#breadcrumb\"},\"inLanguage\":\"fr-FR\",\"potentialAction\":[{\"@type\":\"ReadAction\",\"target\":[\"https:\\\/\\\/lasentinelle.dz\\\/index.php\\\/2026\\\/03\\\/09\\\/videosurveillance-au-travail-de-nouvelles-regles-pour-concilier-securite-et-protection-de-la-vie-privee\\\/\"]}]},{\"@type\":\"ImageObject\",\"inLanguage\":\"fr-FR\",\"@id\":\"https:\\\/\\\/lasentinelle.dz\\\/index.php\\\/2026\\\/03\\\/09\\\/videosurveillance-au-travail-de-nouvelles-regles-pour-concilier-securite-et-protection-de-la-vie-privee\\\/#primaryimage\",\"url\":\"https:\\\/\\\/lasentinelle.dz\\\/wp-content\\\/uploads\\\/2026\\\/03\\\/videosurveillance.jpg\",\"contentUrl\":\"https:\\\/\\\/lasentinelle.dz\\\/wp-content\\\/uploads\\\/2026\\\/03\\\/videosurveillance.jpg\",\"width\":638,\"height\":361},{\"@type\":\"BreadcrumbList\",\"@id\":\"https:\\\/\\\/lasentinelle.dz\\\/index.php\\\/2026\\\/03\\\/09\\\/videosurveillance-au-travail-de-nouvelles-regles-pour-concilier-securite-et-protection-de-la-vie-privee\\\/#breadcrumb\",\"itemListElement\":[{\"@type\":\"ListItem\",\"position\":1,\"name\":\"Accueil\",\"item\":\"https:\\\/\\\/lasentinelle.dz\\\/\"},{\"@type\":\"ListItem\",\"position\":2,\"name\":\"Vid\u00e9osurveillance au travail\u00a0: De nouvelles r\u00e8gles pour concilier s\u00e9curit\u00e9 et protection de la vie priv\u00e9e\"}]},{\"@type\":\"WebSite\",\"@id\":\"https:\\\/\\\/lasentinelle.dz\\\/#website\",\"url\":\"https:\\\/\\\/lasentinelle.dz\\\/\",\"name\":\"La Sentinelle\",\"description\":\"Quotidien national d&#039;information\",\"publisher\":{\"@id\":\"https:\\\/\\\/lasentinelle.dz\\\/#organization\"},\"potentialAction\":[{\"@type\":\"SearchAction\",\"target\":{\"@type\":\"EntryPoint\",\"urlTemplate\":\"https:\\\/\\\/lasentinelle.dz\\\/?s={search_term_string}\"},\"query-input\":{\"@type\":\"PropertyValueSpecification\",\"valueRequired\":true,\"valueName\":\"search_term_string\"}}],\"inLanguage\":\"fr-FR\"},{\"@type\":\"Organization\",\"@id\":\"https:\\\/\\\/lasentinelle.dz\\\/#organization\",\"name\":\"Quotidien La Sentinelle\",\"url\":\"https:\\\/\\\/lasentinelle.dz\\\/\",\"logo\":{\"@type\":\"ImageObject\",\"inLanguage\":\"fr-FR\",\"@id\":\"https:\\\/\\\/lasentinelle.dz\\\/#\\\/schema\\\/logo\\\/image\\\/\",\"url\":\"https:\\\/\\\/lasentinelle.dz\\\/wp-content\\\/uploads\\\/2021\\\/09\\\/logo-sentinelleSLOGAN-1.png\",\"contentUrl\":\"https:\\\/\\\/lasentinelle.dz\\\/wp-content\\\/uploads\\\/2021\\\/09\\\/logo-sentinelleSLOGAN-1.png\",\"width\":615,\"height\":142,\"caption\":\"Quotidien La Sentinelle\"},\"image\":{\"@id\":\"https:\\\/\\\/lasentinelle.dz\\\/#\\\/schema\\\/logo\\\/image\\\/\"},\"sameAs\":[\"https:\\\/\\\/www.facebook.com\\\/La-Sentinelle-104059864394773\"]},{\"@type\":\"Person\",\"@id\":\"https:\\\/\\\/lasentinelle.dz\\\/#\\\/schema\\\/person\\\/729ee0024f24e0b8c5ec17232f8e8b41\",\"name\":\"admin\",\"image\":{\"@type\":\"ImageObject\",\"inLanguage\":\"fr-FR\",\"@id\":\"https:\\\/\\\/secure.gravatar.com\\\/avatar\\\/4c81fed838786e9b53f540bf46533e750f5d292099ae3b66cfc6fb1982e29df7?s=96&d=mm&r=g\",\"url\":\"https:\\\/\\\/secure.gravatar.com\\\/avatar\\\/4c81fed838786e9b53f540bf46533e750f5d292099ae3b66cfc6fb1982e29df7?s=96&d=mm&r=g\",\"contentUrl\":\"https:\\\/\\\/secure.gravatar.com\\\/avatar\\\/4c81fed838786e9b53f540bf46533e750f5d292099ae3b66cfc6fb1982e29df7?s=96&d=mm&r=g\",\"caption\":\"admin\"},\"description\":\"admin\",\"url\":\"https:\\\/\\\/lasentinelle.dz\\\/author\\\/admin\\\/\"}]}<\/script>\n<!-- \/ Yoast SEO plugin. -->","yoast_head_json":{"title":"Vid\u00e9osurveillance au travail\u00a0: De nouvelles r\u00e8gles pour concilier s\u00e9curit\u00e9 et protection de la vie priv\u00e9e - La Sentinelle","robots":{"index":"index","follow":"follow","max-snippet":"max-snippet:-1","max-image-preview":"max-image-preview:large","max-video-preview":"max-video-preview:-1"},"canonical":"https:\/\/lasentinelle.dz\/index.php\/2026\/03\/09\/videosurveillance-au-travail-de-nouvelles-regles-pour-concilier-securite-et-protection-de-la-vie-privee\/","og_locale":"fr_FR","og_type":"article","og_title":"Vid\u00e9osurveillance au travail\u00a0: De nouvelles r\u00e8gles pour concilier s\u00e9curit\u00e9 et protection de la vie priv\u00e9e - La Sentinelle","og_description":"L&rsquo;Autorit\u00e9 nationale de protection des donn\u00e9es \u00e0 caract\u00e8re personnel a publi\u00e9 une d\u00e9lib\u00e9ration imposant des r\u00e8gles de conduite et d&rsquo;\u00e9thique","og_url":"https:\/\/lasentinelle.dz\/index.php\/2026\/03\/09\/videosurveillance-au-travail-de-nouvelles-regles-pour-concilier-securite-et-protection-de-la-vie-privee\/","og_site_name":"La Sentinelle","article_publisher":"https:\/\/www.facebook.com\/La-Sentinelle-104059864394773","article_published_time":"2026-03-09T19:31:15+00:00","article_modified_time":"2026-03-09T19:31:17+00:00","og_image":[{"width":638,"height":361,"url":"https:\/\/lasentinelle.dz\/wp-content\/uploads\/2026\/03\/videosurveillance.jpg","type":"image\/jpeg"}],"author":"admin","twitter_card":"summary_large_image","twitter_misc":{"\u00c9crit par":"admin","Dur\u00e9e de lecture estim\u00e9e":"4 minutes"},"schema":{"@context":"https:\/\/schema.org","@graph":[{"@type":"Article","@id":"https:\/\/lasentinelle.dz\/index.php\/2026\/03\/09\/videosurveillance-au-travail-de-nouvelles-regles-pour-concilier-securite-et-protection-de-la-vie-privee\/#article","isPartOf":{"@id":"https:\/\/lasentinelle.dz\/index.php\/2026\/03\/09\/videosurveillance-au-travail-de-nouvelles-regles-pour-concilier-securite-et-protection-de-la-vie-privee\/"},"author":{"name":"admin","@id":"https:\/\/lasentinelle.dz\/#\/schema\/person\/729ee0024f24e0b8c5ec17232f8e8b41"},"headline":"Vid\u00e9osurveillance au travail\u00a0: De nouvelles r\u00e8gles pour concilier s\u00e9curit\u00e9 et protection de la vie priv\u00e9e","datePublished":"2026-03-09T19:31:15+00:00","dateModified":"2026-03-09T19:31:17+00:00","mainEntityOfPage":{"@id":"https:\/\/lasentinelle.dz\/index.php\/2026\/03\/09\/videosurveillance-au-travail-de-nouvelles-regles-pour-concilier-securite-et-protection-de-la-vie-privee\/"},"wordCount":839,"commentCount":0,"publisher":{"@id":"https:\/\/lasentinelle.dz\/#organization"},"image":{"@id":"https:\/\/lasentinelle.dz\/index.php\/2026\/03\/09\/videosurveillance-au-travail-de-nouvelles-regles-pour-concilier-securite-et-protection-de-la-vie-privee\/#primaryimage"},"thumbnailUrl":"https:\/\/lasentinelle.dz\/wp-content\/uploads\/2026\/03\/videosurveillance.jpg","articleSection":["\u00c0 la Une","Actualit\u00e9"],"inLanguage":"fr-FR","potentialAction":[{"@type":"CommentAction","name":"Comment","target":["https:\/\/lasentinelle.dz\/index.php\/2026\/03\/09\/videosurveillance-au-travail-de-nouvelles-regles-pour-concilier-securite-et-protection-de-la-vie-privee\/#respond"]}]},{"@type":"WebPage","@id":"https:\/\/lasentinelle.dz\/index.php\/2026\/03\/09\/videosurveillance-au-travail-de-nouvelles-regles-pour-concilier-securite-et-protection-de-la-vie-privee\/","url":"https:\/\/lasentinelle.dz\/index.php\/2026\/03\/09\/videosurveillance-au-travail-de-nouvelles-regles-pour-concilier-securite-et-protection-de-la-vie-privee\/","name":"Vid\u00e9osurveillance au travail\u00a0: De nouvelles r\u00e8gles pour concilier s\u00e9curit\u00e9 et protection de la vie priv\u00e9e - La Sentinelle","isPartOf":{"@id":"https:\/\/lasentinelle.dz\/#website"},"primaryImageOfPage":{"@id":"https:\/\/lasentinelle.dz\/index.php\/2026\/03\/09\/videosurveillance-au-travail-de-nouvelles-regles-pour-concilier-securite-et-protection-de-la-vie-privee\/#primaryimage"},"image":{"@id":"https:\/\/lasentinelle.dz\/index.php\/2026\/03\/09\/videosurveillance-au-travail-de-nouvelles-regles-pour-concilier-securite-et-protection-de-la-vie-privee\/#primaryimage"},"thumbnailUrl":"https:\/\/lasentinelle.dz\/wp-content\/uploads\/2026\/03\/videosurveillance.jpg","datePublished":"2026-03-09T19:31:15+00:00","dateModified":"2026-03-09T19:31:17+00:00","breadcrumb":{"@id":"https:\/\/lasentinelle.dz\/index.php\/2026\/03\/09\/videosurveillance-au-travail-de-nouvelles-regles-pour-concilier-securite-et-protection-de-la-vie-privee\/#breadcrumb"},"inLanguage":"fr-FR","potentialAction":[{"@type":"ReadAction","target":["https:\/\/lasentinelle.dz\/index.php\/2026\/03\/09\/videosurveillance-au-travail-de-nouvelles-regles-pour-concilier-securite-et-protection-de-la-vie-privee\/"]}]},{"@type":"ImageObject","inLanguage":"fr-FR","@id":"https:\/\/lasentinelle.dz\/index.php\/2026\/03\/09\/videosurveillance-au-travail-de-nouvelles-regles-pour-concilier-securite-et-protection-de-la-vie-privee\/#primaryimage","url":"https:\/\/lasentinelle.dz\/wp-content\/uploads\/2026\/03\/videosurveillance.jpg","contentUrl":"https:\/\/lasentinelle.dz\/wp-content\/uploads\/2026\/03\/videosurveillance.jpg","width":638,"height":361},{"@type":"BreadcrumbList","@id":"https:\/\/lasentinelle.dz\/index.php\/2026\/03\/09\/videosurveillance-au-travail-de-nouvelles-regles-pour-concilier-securite-et-protection-de-la-vie-privee\/#breadcrumb","itemListElement":[{"@type":"ListItem","position":1,"name":"Accueil","item":"https:\/\/lasentinelle.dz\/"},{"@type":"ListItem","position":2,"name":"Vid\u00e9osurveillance au travail\u00a0: De nouvelles r\u00e8gles pour concilier s\u00e9curit\u00e9 et protection de la vie priv\u00e9e"}]},{"@type":"WebSite","@id":"https:\/\/lasentinelle.dz\/#website","url":"https:\/\/lasentinelle.dz\/","name":"La Sentinelle","description":"Quotidien national d&#039;information","publisher":{"@id":"https:\/\/lasentinelle.dz\/#organization"},"potentialAction":[{"@type":"SearchAction","target":{"@type":"EntryPoint","urlTemplate":"https:\/\/lasentinelle.dz\/?s={search_term_string}"},"query-input":{"@type":"PropertyValueSpecification","valueRequired":true,"valueName":"search_term_string"}}],"inLanguage":"fr-FR"},{"@type":"Organization","@id":"https:\/\/lasentinelle.dz\/#organization","name":"Quotidien La Sentinelle","url":"https:\/\/lasentinelle.dz\/","logo":{"@type":"ImageObject","inLanguage":"fr-FR","@id":"https:\/\/lasentinelle.dz\/#\/schema\/logo\/image\/","url":"https:\/\/lasentinelle.dz\/wp-content\/uploads\/2021\/09\/logo-sentinelleSLOGAN-1.png","contentUrl":"https:\/\/lasentinelle.dz\/wp-content\/uploads\/2021\/09\/logo-sentinelleSLOGAN-1.png","width":615,"height":142,"caption":"Quotidien La Sentinelle"},"image":{"@id":"https:\/\/lasentinelle.dz\/#\/schema\/logo\/image\/"},"sameAs":["https:\/\/www.facebook.com\/La-Sentinelle-104059864394773"]},{"@type":"Person","@id":"https:\/\/lasentinelle.dz\/#\/schema\/person\/729ee0024f24e0b8c5ec17232f8e8b41","name":"admin","image":{"@type":"ImageObject","inLanguage":"fr-FR","@id":"https:\/\/secure.gravatar.com\/avatar\/4c81fed838786e9b53f540bf46533e750f5d292099ae3b66cfc6fb1982e29df7?s=96&d=mm&r=g","url":"https:\/\/secure.gravatar.com\/avatar\/4c81fed838786e9b53f540bf46533e750f5d292099ae3b66cfc6fb1982e29df7?s=96&d=mm&r=g","contentUrl":"https:\/\/secure.gravatar.com\/avatar\/4c81fed838786e9b53f540bf46533e750f5d292099ae3b66cfc6fb1982e29df7?s=96&d=mm&r=g","caption":"admin"},"description":"admin","url":"https:\/\/lasentinelle.dz\/author\/admin\/"}]}},"_links":{"self":[{"href":"https:\/\/lasentinelle.dz\/index.php\/wp-json\/wp\/v2\/posts\/83182","targetHints":{"allow":["GET"]}}],"collection":[{"href":"https:\/\/lasentinelle.dz\/index.php\/wp-json\/wp\/v2\/posts"}],"about":[{"href":"https:\/\/lasentinelle.dz\/index.php\/wp-json\/wp\/v2\/types\/post"}],"author":[{"embeddable":true,"href":"https:\/\/lasentinelle.dz\/index.php\/wp-json\/wp\/v2\/users\/6"}],"replies":[{"embeddable":true,"href":"https:\/\/lasentinelle.dz\/index.php\/wp-json\/wp\/v2\/comments?post=83182"}],"version-history":[{"count":1,"href":"https:\/\/lasentinelle.dz\/index.php\/wp-json\/wp\/v2\/posts\/83182\/revisions"}],"predecessor-version":[{"id":83184,"href":"https:\/\/lasentinelle.dz\/index.php\/wp-json\/wp\/v2\/posts\/83182\/revisions\/83184"}],"wp:featuredmedia":[{"embeddable":true,"href":"https:\/\/lasentinelle.dz\/index.php\/wp-json\/wp\/v2\/media\/83183"}],"wp:attachment":[{"href":"https:\/\/lasentinelle.dz\/index.php\/wp-json\/wp\/v2\/media?parent=83182"}],"wp:term":[{"taxonomy":"category","embeddable":true,"href":"https:\/\/lasentinelle.dz\/index.php\/wp-json\/wp\/v2\/categories?post=83182"},{"taxonomy":"post_tag","embeddable":true,"href":"https:\/\/lasentinelle.dz\/index.php\/wp-json\/wp\/v2\/tags?post=83182"}],"curies":[{"name":"wp","href":"https:\/\/api.w.org\/{rel}","templated":true}]}}