{"id":83185,"date":"2026-03-09T20:33:30","date_gmt":"2026-03-09T19:33:30","guid":{"rendered":"https:\/\/lasentinelle.dz\/?p=83185"},"modified":"2026-03-09T20:33:32","modified_gmt":"2026-03-09T19:33:32","slug":"le-premier-ministre-preside-la-ceremonie-de-distinction-de-femmes-eminentes","status":"publish","type":"post","link":"https:\/\/lasentinelle.dz\/index.php\/2026\/03\/09\/le-premier-ministre-preside-la-ceremonie-de-distinction-de-femmes-eminentes\/","title":{"rendered":"Le Premier ministre pr\u00e9side la c\u00e9r\u00e9monie de distinction de femmes \u00e9minentes"},"content":{"rendered":"\n<p>Repr\u00e9sentant le Pr\u00e9sident de la R\u00e9publique, M. Abdelmadjid Tebboune, le Premier ministre, M. Sifi Ghrieb, a pr\u00e9sid\u00e9, dimanche soir, une c\u00e9r\u00e9monie de distinction organis\u00e9e en l&rsquo;honneur de femmes alg\u00e9riennes qui se sont distingu\u00e9es par leurs contributions appr\u00e9ciables dans divers domaines, et ce, \u00e0 l&rsquo;occasion de la c\u00e9l\u00e9bration de la Journ\u00e9e internationale des femmes. Cette c\u00e9r\u00e9monie, plac\u00e9e sous le slogan \u00abLa femme alg\u00e9rienne: excellence et leadership\u00bb et organis\u00e9e sous le haut patronage du pr\u00e9sident de la R\u00e9publique, s&rsquo;est d\u00e9roul\u00e9e en pr\u00e9sence de la ministre de la Solidarit\u00e9 nationale, de la Famille et de la Condition de la femme, Mme Soraya Mouloudji et de plusieurs membres du Gouvernement et de hauts responsables de l&rsquo;Etat, outre des moudjahidate et des repr\u00e9sentantes d&rsquo;associations et d&rsquo;organisations actives dans le domaine de la femme et de la famille, en sus de personnalit\u00e9s de renom du monde de l&rsquo;art et du sport. Cette c\u00e9l\u00e9bration refl\u00e8te l&rsquo;attention particuli\u00e8re que porte le pr\u00e9sident de la R\u00e9publique \u00e0 la promotion de la place de la femme alg\u00e9rienne et \u00e0 la valorisation de son r\u00f4le pivot au sein de la soci\u00e9t\u00e9, de m\u00eame qu&rsquo;elle met en lumi\u00e8re ses apports significatifs \u00e0 l&rsquo;\u00e9dification et \u00e0 la consolidation du processus de d\u00e9veloppement national.<\/p>\n\n\n\n<p>A cette occasion, plusieurs femmes cr\u00e9atives et remarquables dans divers domaines ont \u00e9t\u00e9 distingu\u00e9es, notamment dans les domaines scientifique, juridique, artistique, m\u00e9diatique, et sportif, ainsi que dans les m\u00e9tiers de l&rsquo;artisanat, en reconnaissance de leurs contributions qualitatives au service de la soci\u00e9t\u00e9 et de la promotion de la place de la femme alg\u00e9rienne. Cette c\u00e9r\u00e9monie de distinction met en lumi\u00e8re des success stories de femmes inspirantes pour les jeunes g\u00e9n\u00e9rations, afin de les inciter \u00e0 mettre \u00e0 profit les exp\u00e9riences de ces Alg\u00e9riennes qui ont contribu\u00e9 activement aux diff\u00e9rents domaines de la vie publique. La c\u00e9r\u00e9monie a vu la distinction de Mme Karima Seddiki, g\u00e9n\u00e9ral au minist\u00e8re de la D\u00e9fense nationale, et de Mme Rachida Kebsi, inspectrice principale \u00e0 la Direction g\u00e9n\u00e9rale des Douanes, ainsi que Mme Fatima Zohra Benbraham, avocate et fille de chahid. Ont \u00e9galement \u00e9t\u00e9 honor\u00e9es \u00e0 cette occasion, Mme Nawal Sinaoui, agricultrice active dans l&rsquo;agriculture biologique et la valorisation des plantes m\u00e9dicinales, l&rsquo;\u00e9crivaine et romanci\u00e8re, Mme Zoubida Ma\u00e2mria, la sp\u00e9cialiste en microbiologie m\u00e9dicale, professeure hospitalo-universitaire \u00e0 la Facult\u00e9 de pharmacie et cheffe du d\u00e9partement de bact\u00e9riologie \u00e0 l&rsquo;Institut Pasteur, Mme Hassiba Tali Maamar, ainsi que la journaliste \u00e0 la T\u00e9l\u00e9vision alg\u00e9rienne, Mme Hafida Rezig. Dans le domaine des mines, l&rsquo;ing\u00e9nieure des mines et responsable des op\u00e9rations de dynamitage pour l&rsquo;aplanissement de la plateforme ferroviaire du projet de Gara Djebilet, Mme Sabrina Kechir, a \u00e9t\u00e9 distingu\u00e9e, aux c\u00f4t\u00e9s de l&rsquo;artisane sp\u00e9cialis\u00e9e dans la confection du tapis de Babar, laur\u00e9ate de prix nationaux et internationaux, Mme Sadika Amamri. En soutien au sport f\u00e9minin, cette c\u00e9r\u00e9monie a \u00e9galement \u00e9t\u00e9 marqu\u00e9e par la distinction de la championne de saut en longueur, titr\u00e9e aux niveaux national et international, Mme Hamri Lynda, et de la championne en boxe, Mme Ichrak Cha\u00efb. A cette m\u00eame occasion, l&rsquo;innovatrice dans le domaine de la prise en charge des personnes \u00e2g\u00e9es et des personnes \u00e0 besoins sp\u00e9cifiques, r\u00e9compens\u00e9e \u00e0 l&rsquo;\u00e9chelle nationale et internationale, Mme Beldjilali Aicha, et l&rsquo;artiste et grande com\u00e9dienne de th\u00e9\u00e2tre, Mme Fadila Hachemaoui, ont \u00e9t\u00e9 \u00e9galement honor\u00e9es.<\/p>\n\n\n\n<p>APS<\/p>\n","protected":false},"excerpt":{"rendered":"<p>Repr\u00e9sentant le Pr\u00e9sident de la R\u00e9publique, M. Abdelmadjid Tebboune, le Premier ministre, M. Sifi Ghrieb, a pr\u00e9sid\u00e9, dimanche soir, une<\/p>\n","protected":false},"author":6,"featured_media":83186,"comment_status":"open","ping_status":"closed","sticky":false,"template":"","format":"standard","meta":{"colormag_page_container_layout":"default_layout","colormag_page_sidebar_layout":"default_layout","om_disable_all_campaigns":false,"_monsterinsights_skip_tracking":false,"_monsterinsights_sitenote_active":false,"_monsterinsights_sitenote_note":"","_monsterinsights_sitenote_category":0,"footnotes":"","_wpscppro_dont_share_socialmedia":false,"_wpscppro_custom_social_share_image":0,"_facebook_share_type":"default","_twitter_share_type":"default","_linkedin_share_type":"default","_pinterest_share_type":"default","_linkedin_share_type_page":"","_instagram_share_type":"default","_medium_share_type":"default","_threads_share_type":"default","_google_business_share_type":"default","_selected_social_profile":[],"_wpsp_enable_custom_social_template":false,"_wpsp_social_scheduling":{"enabled":false,"datetime":null,"platforms":[],"status":"template_only","dateOption":"today","timeOption":"now","customDays":"","customHours":"","customDate":"","customTime":"","schedulingType":"absolute"},"_wpsp_active_default_template":true},"categories":[27],"tags":[],"class_list":["post-83185","post","type-post","status-publish","format-standard","has-post-thumbnail","hentry","category-actualite"],"aioseo_notices":[],"yoast_head":"<!-- This site is optimized with the Yoast SEO plugin v27.4 - https:\/\/yoast.com\/product\/yoast-seo-wordpress\/ -->\n<title>Le Premier ministre pr\u00e9side la c\u00e9r\u00e9monie de distinction de femmes \u00e9minentes - La Sentinelle<\/title>\n<meta name=\"robots\" content=\"index, follow, max-snippet:-1, max-image-preview:large, max-video-preview:-1\" \/>\n<link rel=\"canonical\" href=\"https:\/\/lasentinelle.dz\/index.php\/2026\/03\/09\/le-premier-ministre-preside-la-ceremonie-de-distinction-de-femmes-eminentes\/\" \/>\n<meta property=\"og:locale\" content=\"fr_FR\" \/>\n<meta property=\"og:type\" content=\"article\" \/>\n<meta property=\"og:title\" content=\"Le Premier ministre pr\u00e9side la c\u00e9r\u00e9monie de distinction de femmes \u00e9minentes - La Sentinelle\" \/>\n<meta property=\"og:description\" content=\"Repr\u00e9sentant le Pr\u00e9sident de la R\u00e9publique, M. Abdelmadjid Tebboune, le Premier ministre, M. Sifi Ghrieb, a pr\u00e9sid\u00e9, dimanche soir, une\" \/>\n<meta property=\"og:url\" content=\"https:\/\/lasentinelle.dz\/index.php\/2026\/03\/09\/le-premier-ministre-preside-la-ceremonie-de-distinction-de-femmes-eminentes\/\" \/>\n<meta property=\"og:site_name\" content=\"La Sentinelle\" \/>\n<meta property=\"article:publisher\" content=\"https:\/\/www.facebook.com\/La-Sentinelle-104059864394773\" \/>\n<meta property=\"article:published_time\" content=\"2026-03-09T19:33:30+00:00\" \/>\n<meta property=\"article:modified_time\" content=\"2026-03-09T19:33:32+00:00\" \/>\n<meta property=\"og:image\" content=\"https:\/\/lasentinelle.dz\/wp-content\/uploads\/2026\/03\/648629350_1227310816253894_849176136970478681_n.jpg\" \/>\n\t<meta property=\"og:image:width\" content=\"1440\" \/>\n\t<meta property=\"og:image:height\" content=\"1134\" \/>\n\t<meta property=\"og:image:type\" content=\"image\/jpeg\" \/>\n<meta name=\"author\" content=\"admin\" \/>\n<meta name=\"twitter:card\" content=\"summary_large_image\" \/>\n<meta name=\"twitter:label1\" content=\"\u00c9crit par\" \/>\n\t<meta name=\"twitter:data1\" content=\"admin\" \/>\n\t<meta name=\"twitter:label2\" content=\"Dur\u00e9e de lecture estim\u00e9e\" \/>\n\t<meta name=\"twitter:data2\" content=\"3 minutes\" \/>\n<script type=\"application\/ld+json\" class=\"yoast-schema-graph\">{\"@context\":\"https:\\\/\\\/schema.org\",\"@graph\":[{\"@type\":\"Article\",\"@id\":\"https:\\\/\\\/lasentinelle.dz\\\/index.php\\\/2026\\\/03\\\/09\\\/le-premier-ministre-preside-la-ceremonie-de-distinction-de-femmes-eminentes\\\/#article\",\"isPartOf\":{\"@id\":\"https:\\\/\\\/lasentinelle.dz\\\/index.php\\\/2026\\\/03\\\/09\\\/le-premier-ministre-preside-la-ceremonie-de-distinction-de-femmes-eminentes\\\/\"},\"author\":{\"name\":\"admin\",\"@id\":\"https:\\\/\\\/lasentinelle.dz\\\/#\\\/schema\\\/person\\\/729ee0024f24e0b8c5ec17232f8e8b41\"},\"headline\":\"Le Premier ministre pr\u00e9side la c\u00e9r\u00e9monie de distinction de femmes \u00e9minentes\",\"datePublished\":\"2026-03-09T19:33:30+00:00\",\"dateModified\":\"2026-03-09T19:33:32+00:00\",\"mainEntityOfPage\":{\"@id\":\"https:\\\/\\\/lasentinelle.dz\\\/index.php\\\/2026\\\/03\\\/09\\\/le-premier-ministre-preside-la-ceremonie-de-distinction-de-femmes-eminentes\\\/\"},\"wordCount\":647,\"commentCount\":0,\"publisher\":{\"@id\":\"https:\\\/\\\/lasentinelle.dz\\\/#organization\"},\"image\":{\"@id\":\"https:\\\/\\\/lasentinelle.dz\\\/index.php\\\/2026\\\/03\\\/09\\\/le-premier-ministre-preside-la-ceremonie-de-distinction-de-femmes-eminentes\\\/#primaryimage\"},\"thumbnailUrl\":\"https:\\\/\\\/lasentinelle.dz\\\/wp-content\\\/uploads\\\/2026\\\/03\\\/648629350_1227310816253894_849176136970478681_n.jpg\",\"articleSection\":[\"Actualit\u00e9\"],\"inLanguage\":\"fr-FR\",\"potentialAction\":[{\"@type\":\"CommentAction\",\"name\":\"Comment\",\"target\":[\"https:\\\/\\\/lasentinelle.dz\\\/index.php\\\/2026\\\/03\\\/09\\\/le-premier-ministre-preside-la-ceremonie-de-distinction-de-femmes-eminentes\\\/#respond\"]}]},{\"@type\":\"WebPage\",\"@id\":\"https:\\\/\\\/lasentinelle.dz\\\/index.php\\\/2026\\\/03\\\/09\\\/le-premier-ministre-preside-la-ceremonie-de-distinction-de-femmes-eminentes\\\/\",\"url\":\"https:\\\/\\\/lasentinelle.dz\\\/index.php\\\/2026\\\/03\\\/09\\\/le-premier-ministre-preside-la-ceremonie-de-distinction-de-femmes-eminentes\\\/\",\"name\":\"Le Premier ministre pr\u00e9side la c\u00e9r\u00e9monie de distinction de femmes \u00e9minentes - La Sentinelle\",\"isPartOf\":{\"@id\":\"https:\\\/\\\/lasentinelle.dz\\\/#website\"},\"primaryImageOfPage\":{\"@id\":\"https:\\\/\\\/lasentinelle.dz\\\/index.php\\\/2026\\\/03\\\/09\\\/le-premier-ministre-preside-la-ceremonie-de-distinction-de-femmes-eminentes\\\/#primaryimage\"},\"image\":{\"@id\":\"https:\\\/\\\/lasentinelle.dz\\\/index.php\\\/2026\\\/03\\\/09\\\/le-premier-ministre-preside-la-ceremonie-de-distinction-de-femmes-eminentes\\\/#primaryimage\"},\"thumbnailUrl\":\"https:\\\/\\\/lasentinelle.dz\\\/wp-content\\\/uploads\\\/2026\\\/03\\\/648629350_1227310816253894_849176136970478681_n.jpg\",\"datePublished\":\"2026-03-09T19:33:30+00:00\",\"dateModified\":\"2026-03-09T19:33:32+00:00\",\"breadcrumb\":{\"@id\":\"https:\\\/\\\/lasentinelle.dz\\\/index.php\\\/2026\\\/03\\\/09\\\/le-premier-ministre-preside-la-ceremonie-de-distinction-de-femmes-eminentes\\\/#breadcrumb\"},\"inLanguage\":\"fr-FR\",\"potentialAction\":[{\"@type\":\"ReadAction\",\"target\":[\"https:\\\/\\\/lasentinelle.dz\\\/index.php\\\/2026\\\/03\\\/09\\\/le-premier-ministre-preside-la-ceremonie-de-distinction-de-femmes-eminentes\\\/\"]}]},{\"@type\":\"ImageObject\",\"inLanguage\":\"fr-FR\",\"@id\":\"https:\\\/\\\/lasentinelle.dz\\\/index.php\\\/2026\\\/03\\\/09\\\/le-premier-ministre-preside-la-ceremonie-de-distinction-de-femmes-eminentes\\\/#primaryimage\",\"url\":\"https:\\\/\\\/lasentinelle.dz\\\/wp-content\\\/uploads\\\/2026\\\/03\\\/648629350_1227310816253894_849176136970478681_n.jpg\",\"contentUrl\":\"https:\\\/\\\/lasentinelle.dz\\\/wp-content\\\/uploads\\\/2026\\\/03\\\/648629350_1227310816253894_849176136970478681_n.jpg\",\"width\":1440,\"height\":1134},{\"@type\":\"BreadcrumbList\",\"@id\":\"https:\\\/\\\/lasentinelle.dz\\\/index.php\\\/2026\\\/03\\\/09\\\/le-premier-ministre-preside-la-ceremonie-de-distinction-de-femmes-eminentes\\\/#breadcrumb\",\"itemListElement\":[{\"@type\":\"ListItem\",\"position\":1,\"name\":\"Accueil\",\"item\":\"https:\\\/\\\/lasentinelle.dz\\\/\"},{\"@type\":\"ListItem\",\"position\":2,\"name\":\"Le Premier ministre pr\u00e9side la c\u00e9r\u00e9monie de distinction de femmes \u00e9minentes\"}]},{\"@type\":\"WebSite\",\"@id\":\"https:\\\/\\\/lasentinelle.dz\\\/#website\",\"url\":\"https:\\\/\\\/lasentinelle.dz\\\/\",\"name\":\"La Sentinelle\",\"description\":\"Quotidien national d&#039;information\",\"publisher\":{\"@id\":\"https:\\\/\\\/lasentinelle.dz\\\/#organization\"},\"potentialAction\":[{\"@type\":\"SearchAction\",\"target\":{\"@type\":\"EntryPoint\",\"urlTemplate\":\"https:\\\/\\\/lasentinelle.dz\\\/?s={search_term_string}\"},\"query-input\":{\"@type\":\"PropertyValueSpecification\",\"valueRequired\":true,\"valueName\":\"search_term_string\"}}],\"inLanguage\":\"fr-FR\"},{\"@type\":\"Organization\",\"@id\":\"https:\\\/\\\/lasentinelle.dz\\\/#organization\",\"name\":\"Quotidien La Sentinelle\",\"url\":\"https:\\\/\\\/lasentinelle.dz\\\/\",\"logo\":{\"@type\":\"ImageObject\",\"inLanguage\":\"fr-FR\",\"@id\":\"https:\\\/\\\/lasentinelle.dz\\\/#\\\/schema\\\/logo\\\/image\\\/\",\"url\":\"https:\\\/\\\/lasentinelle.dz\\\/wp-content\\\/uploads\\\/2021\\\/09\\\/logo-sentinelleSLOGAN-1.png\",\"contentUrl\":\"https:\\\/\\\/lasentinelle.dz\\\/wp-content\\\/uploads\\\/2021\\\/09\\\/logo-sentinelleSLOGAN-1.png\",\"width\":615,\"height\":142,\"caption\":\"Quotidien La Sentinelle\"},\"image\":{\"@id\":\"https:\\\/\\\/lasentinelle.dz\\\/#\\\/schema\\\/logo\\\/image\\\/\"},\"sameAs\":[\"https:\\\/\\\/www.facebook.com\\\/La-Sentinelle-104059864394773\"]},{\"@type\":\"Person\",\"@id\":\"https:\\\/\\\/lasentinelle.dz\\\/#\\\/schema\\\/person\\\/729ee0024f24e0b8c5ec17232f8e8b41\",\"name\":\"admin\",\"image\":{\"@type\":\"ImageObject\",\"inLanguage\":\"fr-FR\",\"@id\":\"https:\\\/\\\/secure.gravatar.com\\\/avatar\\\/4c81fed838786e9b53f540bf46533e750f5d292099ae3b66cfc6fb1982e29df7?s=96&d=mm&r=g\",\"url\":\"https:\\\/\\\/secure.gravatar.com\\\/avatar\\\/4c81fed838786e9b53f540bf46533e750f5d292099ae3b66cfc6fb1982e29df7?s=96&d=mm&r=g\",\"contentUrl\":\"https:\\\/\\\/secure.gravatar.com\\\/avatar\\\/4c81fed838786e9b53f540bf46533e750f5d292099ae3b66cfc6fb1982e29df7?s=96&d=mm&r=g\",\"caption\":\"admin\"},\"description\":\"admin\",\"url\":\"https:\\\/\\\/lasentinelle.dz\\\/author\\\/admin\\\/\"}]}<\/script>\n<!-- \/ Yoast SEO plugin. -->","yoast_head_json":{"title":"Le Premier ministre pr\u00e9side la c\u00e9r\u00e9monie de distinction de femmes \u00e9minentes - La Sentinelle","robots":{"index":"index","follow":"follow","max-snippet":"max-snippet:-1","max-image-preview":"max-image-preview:large","max-video-preview":"max-video-preview:-1"},"canonical":"https:\/\/lasentinelle.dz\/index.php\/2026\/03\/09\/le-premier-ministre-preside-la-ceremonie-de-distinction-de-femmes-eminentes\/","og_locale":"fr_FR","og_type":"article","og_title":"Le Premier ministre pr\u00e9side la c\u00e9r\u00e9monie de distinction de femmes \u00e9minentes - La Sentinelle","og_description":"Repr\u00e9sentant le Pr\u00e9sident de la R\u00e9publique, M. Abdelmadjid Tebboune, le Premier ministre, M. Sifi Ghrieb, a pr\u00e9sid\u00e9, dimanche soir, une","og_url":"https:\/\/lasentinelle.dz\/index.php\/2026\/03\/09\/le-premier-ministre-preside-la-ceremonie-de-distinction-de-femmes-eminentes\/","og_site_name":"La Sentinelle","article_publisher":"https:\/\/www.facebook.com\/La-Sentinelle-104059864394773","article_published_time":"2026-03-09T19:33:30+00:00","article_modified_time":"2026-03-09T19:33:32+00:00","og_image":[{"width":1440,"height":1134,"url":"https:\/\/lasentinelle.dz\/wp-content\/uploads\/2026\/03\/648629350_1227310816253894_849176136970478681_n.jpg","type":"image\/jpeg"}],"author":"admin","twitter_card":"summary_large_image","twitter_misc":{"\u00c9crit par":"admin","Dur\u00e9e de lecture estim\u00e9e":"3 minutes"},"schema":{"@context":"https:\/\/schema.org","@graph":[{"@type":"Article","@id":"https:\/\/lasentinelle.dz\/index.php\/2026\/03\/09\/le-premier-ministre-preside-la-ceremonie-de-distinction-de-femmes-eminentes\/#article","isPartOf":{"@id":"https:\/\/lasentinelle.dz\/index.php\/2026\/03\/09\/le-premier-ministre-preside-la-ceremonie-de-distinction-de-femmes-eminentes\/"},"author":{"name":"admin","@id":"https:\/\/lasentinelle.dz\/#\/schema\/person\/729ee0024f24e0b8c5ec17232f8e8b41"},"headline":"Le Premier ministre pr\u00e9side la c\u00e9r\u00e9monie de distinction de femmes \u00e9minentes","datePublished":"2026-03-09T19:33:30+00:00","dateModified":"2026-03-09T19:33:32+00:00","mainEntityOfPage":{"@id":"https:\/\/lasentinelle.dz\/index.php\/2026\/03\/09\/le-premier-ministre-preside-la-ceremonie-de-distinction-de-femmes-eminentes\/"},"wordCount":647,"commentCount":0,"publisher":{"@id":"https:\/\/lasentinelle.dz\/#organization"},"image":{"@id":"https:\/\/lasentinelle.dz\/index.php\/2026\/03\/09\/le-premier-ministre-preside-la-ceremonie-de-distinction-de-femmes-eminentes\/#primaryimage"},"thumbnailUrl":"https:\/\/lasentinelle.dz\/wp-content\/uploads\/2026\/03\/648629350_1227310816253894_849176136970478681_n.jpg","articleSection":["Actualit\u00e9"],"inLanguage":"fr-FR","potentialAction":[{"@type":"CommentAction","name":"Comment","target":["https:\/\/lasentinelle.dz\/index.php\/2026\/03\/09\/le-premier-ministre-preside-la-ceremonie-de-distinction-de-femmes-eminentes\/#respond"]}]},{"@type":"WebPage","@id":"https:\/\/lasentinelle.dz\/index.php\/2026\/03\/09\/le-premier-ministre-preside-la-ceremonie-de-distinction-de-femmes-eminentes\/","url":"https:\/\/lasentinelle.dz\/index.php\/2026\/03\/09\/le-premier-ministre-preside-la-ceremonie-de-distinction-de-femmes-eminentes\/","name":"Le Premier ministre pr\u00e9side la c\u00e9r\u00e9monie de distinction de femmes \u00e9minentes - La Sentinelle","isPartOf":{"@id":"https:\/\/lasentinelle.dz\/#website"},"primaryImageOfPage":{"@id":"https:\/\/lasentinelle.dz\/index.php\/2026\/03\/09\/le-premier-ministre-preside-la-ceremonie-de-distinction-de-femmes-eminentes\/#primaryimage"},"image":{"@id":"https:\/\/lasentinelle.dz\/index.php\/2026\/03\/09\/le-premier-ministre-preside-la-ceremonie-de-distinction-de-femmes-eminentes\/#primaryimage"},"thumbnailUrl":"https:\/\/lasentinelle.dz\/wp-content\/uploads\/2026\/03\/648629350_1227310816253894_849176136970478681_n.jpg","datePublished":"2026-03-09T19:33:30+00:00","dateModified":"2026-03-09T19:33:32+00:00","breadcrumb":{"@id":"https:\/\/lasentinelle.dz\/index.php\/2026\/03\/09\/le-premier-ministre-preside-la-ceremonie-de-distinction-de-femmes-eminentes\/#breadcrumb"},"inLanguage":"fr-FR","potentialAction":[{"@type":"ReadAction","target":["https:\/\/lasentinelle.dz\/index.php\/2026\/03\/09\/le-premier-ministre-preside-la-ceremonie-de-distinction-de-femmes-eminentes\/"]}]},{"@type":"ImageObject","inLanguage":"fr-FR","@id":"https:\/\/lasentinelle.dz\/index.php\/2026\/03\/09\/le-premier-ministre-preside-la-ceremonie-de-distinction-de-femmes-eminentes\/#primaryimage","url":"https:\/\/lasentinelle.dz\/wp-content\/uploads\/2026\/03\/648629350_1227310816253894_849176136970478681_n.jpg","contentUrl":"https:\/\/lasentinelle.dz\/wp-content\/uploads\/2026\/03\/648629350_1227310816253894_849176136970478681_n.jpg","width":1440,"height":1134},{"@type":"BreadcrumbList","@id":"https:\/\/lasentinelle.dz\/index.php\/2026\/03\/09\/le-premier-ministre-preside-la-ceremonie-de-distinction-de-femmes-eminentes\/#breadcrumb","itemListElement":[{"@type":"ListItem","position":1,"name":"Accueil","item":"https:\/\/lasentinelle.dz\/"},{"@type":"ListItem","position":2,"name":"Le Premier ministre pr\u00e9side la c\u00e9r\u00e9monie de distinction de femmes \u00e9minentes"}]},{"@type":"WebSite","@id":"https:\/\/lasentinelle.dz\/#website","url":"https:\/\/lasentinelle.dz\/","name":"La Sentinelle","description":"Quotidien national d&#039;information","publisher":{"@id":"https:\/\/lasentinelle.dz\/#organization"},"potentialAction":[{"@type":"SearchAction","target":{"@type":"EntryPoint","urlTemplate":"https:\/\/lasentinelle.dz\/?s={search_term_string}"},"query-input":{"@type":"PropertyValueSpecification","valueRequired":true,"valueName":"search_term_string"}}],"inLanguage":"fr-FR"},{"@type":"Organization","@id":"https:\/\/lasentinelle.dz\/#organization","name":"Quotidien La Sentinelle","url":"https:\/\/lasentinelle.dz\/","logo":{"@type":"ImageObject","inLanguage":"fr-FR","@id":"https:\/\/lasentinelle.dz\/#\/schema\/logo\/image\/","url":"https:\/\/lasentinelle.dz\/wp-content\/uploads\/2021\/09\/logo-sentinelleSLOGAN-1.png","contentUrl":"https:\/\/lasentinelle.dz\/wp-content\/uploads\/2021\/09\/logo-sentinelleSLOGAN-1.png","width":615,"height":142,"caption":"Quotidien La Sentinelle"},"image":{"@id":"https:\/\/lasentinelle.dz\/#\/schema\/logo\/image\/"},"sameAs":["https:\/\/www.facebook.com\/La-Sentinelle-104059864394773"]},{"@type":"Person","@id":"https:\/\/lasentinelle.dz\/#\/schema\/person\/729ee0024f24e0b8c5ec17232f8e8b41","name":"admin","image":{"@type":"ImageObject","inLanguage":"fr-FR","@id":"https:\/\/secure.gravatar.com\/avatar\/4c81fed838786e9b53f540bf46533e750f5d292099ae3b66cfc6fb1982e29df7?s=96&d=mm&r=g","url":"https:\/\/secure.gravatar.com\/avatar\/4c81fed838786e9b53f540bf46533e750f5d292099ae3b66cfc6fb1982e29df7?s=96&d=mm&r=g","contentUrl":"https:\/\/secure.gravatar.com\/avatar\/4c81fed838786e9b53f540bf46533e750f5d292099ae3b66cfc6fb1982e29df7?s=96&d=mm&r=g","caption":"admin"},"description":"admin","url":"https:\/\/lasentinelle.dz\/author\/admin\/"}]}},"_links":{"self":[{"href":"https:\/\/lasentinelle.dz\/index.php\/wp-json\/wp\/v2\/posts\/83185","targetHints":{"allow":["GET"]}}],"collection":[{"href":"https:\/\/lasentinelle.dz\/index.php\/wp-json\/wp\/v2\/posts"}],"about":[{"href":"https:\/\/lasentinelle.dz\/index.php\/wp-json\/wp\/v2\/types\/post"}],"author":[{"embeddable":true,"href":"https:\/\/lasentinelle.dz\/index.php\/wp-json\/wp\/v2\/users\/6"}],"replies":[{"embeddable":true,"href":"https:\/\/lasentinelle.dz\/index.php\/wp-json\/wp\/v2\/comments?post=83185"}],"version-history":[{"count":1,"href":"https:\/\/lasentinelle.dz\/index.php\/wp-json\/wp\/v2\/posts\/83185\/revisions"}],"predecessor-version":[{"id":83187,"href":"https:\/\/lasentinelle.dz\/index.php\/wp-json\/wp\/v2\/posts\/83185\/revisions\/83187"}],"wp:featuredmedia":[{"embeddable":true,"href":"https:\/\/lasentinelle.dz\/index.php\/wp-json\/wp\/v2\/media\/83186"}],"wp:attachment":[{"href":"https:\/\/lasentinelle.dz\/index.php\/wp-json\/wp\/v2\/media?parent=83185"}],"wp:term":[{"taxonomy":"category","embeddable":true,"href":"https:\/\/lasentinelle.dz\/index.php\/wp-json\/wp\/v2\/categories?post=83185"},{"taxonomy":"post_tag","embeddable":true,"href":"https:\/\/lasentinelle.dz\/index.php\/wp-json\/wp\/v2\/tags?post=83185"}],"curies":[{"name":"wp","href":"https:\/\/api.w.org\/{rel}","templated":true}]}}