{"id":83231,"date":"2026-03-10T20:14:04","date_gmt":"2026-03-10T19:14:04","guid":{"rendered":"https:\/\/lasentinelle.dz\/?p=83231"},"modified":"2026-03-10T20:14:05","modified_gmt":"2026-03-10T19:14:05","slug":"le-liban-sous-les-bombes-sionistes-700-000-deplaces-les-nations-unies-sonnent-lalarme","status":"publish","type":"post","link":"https:\/\/lasentinelle.dz\/index.php\/2026\/03\/10\/le-liban-sous-les-bombes-sionistes-700-000-deplaces-les-nations-unies-sonnent-lalarme\/","title":{"rendered":"Le Liban sous les bombes sionistes\u00a0: 700 000 d\u00e9plac\u00e9s, les Nations unies sonnent l&rsquo;alarme"},"content":{"rendered":"\n<p>En une semaine d&rsquo;intenses bombardements sionistes, le Liban a bascul\u00e9 dans une nouvelle catastrophe humanitaire. Ce sont pr\u00e8s de 700 000 personnes, dont quelque 200 000 enfants, qui ont \u00e9t\u00e9 contraintes de fuir leur domicile, selon les chiffres communiqu\u00e9s mardi par les Nations unies. Ces nouveaux d\u00e9plac\u00e9s viennent s&rsquo;ajouter aux dizaines de milliers de personnes d\u00e9j\u00e0 arrach\u00e9es \u00e0 leur terre lors des pr\u00e9c\u00e9dentes agressions sionistes contre le pays. L&rsquo;Organisation internationale pour les migrations avait, d\u00e8s dimanche, recens\u00e9 517 000 d\u00e9plac\u00e9s aupr\u00e8s du seul minist\u00e8re libanais des Affaires sociales, dont plus de 117 000 h\u00e9berg\u00e9s dans des centres d&rsquo;accueil. Les agences humanitaires s&rsquo;accordent \u00e0 dire que le nombre r\u00e9el de personnes contraintes de quitter leur foyer est vraisemblablement bien plus \u00e9lev\u00e9, une part significative des d\u00e9plac\u00e9s \u00e9chappant \u00e0 tout recensement officiel. L&rsquo;entit\u00e9 sioniste, loin de desserrer son \u00e9treinte meurtri\u00e8re, multiplie les ordres de d\u00e9placement forc\u00e9 dans plusieurs zones du territoire libanais. Outre l&rsquo;ordre \u00e9mis pour un quartier de la ville de Sour, elle a renouvel\u00e9 pour la troisi\u00e8me fois depuis le d\u00e9but de l&rsquo;escalade son injonction \u00e0 quitter toute la zone situ\u00e9e au sud du fleuve Litani, et pour la deuxi\u00e8me fois son ordre visant la banlieue sud de Beyrouth. Ces mesures, combin\u00e9es \u00e0 l&rsquo;intensification des frappes a\u00e9riennes dans plusieurs gouvernorats, constituent selon le Bureau de coordination des affaires humanitaires de l&rsquo;ONU ce que l&rsquo;OCHA qualifie de tournant humanitaire important, provoquant le d\u00e9placement de centaines de milliers de personnes. Des familles enti\u00e8res vivent dans la rue et dorment dans leur voiture, expos\u00e9es \u00e0 des conditions m\u00e9t\u00e9orologiques difficiles, en particulier pour les enfants durant les nuits. Les abris disponibles, froids et surpeupl\u00e9s, ne peuvent absorber qu&rsquo;une fraction de cet exode. Les chiffres communiqu\u00e9s par le Fonds des Nations unies pour l&rsquo;enfance sont proprement stup\u00e9fiants. Depuis le 2 mars, date \u00e0 laquelle l&rsquo;agression sioniste a connu une nouvelle escalade, au moins 83 enfants sont tomb\u00e9s en martyrs et 254 autres ont \u00e9t\u00e9 bless\u00e9s au Liban. En moyenne, plus de dix enfants ont \u00e9t\u00e9 tu\u00e9s chaque jour au cours de la semaine \u00e9coul\u00e9e, et environ 36 bless\u00e9s quotidiennement. Sur les vingt-huit derniers mois, ce sont 329 enfants qui sont tomb\u00e9s en martyrs au Liban et 1 632 qui ont \u00e9t\u00e9 bless\u00e9s. Plus accablant encore : au cours des six derniers jours seulement, le nombre d&rsquo;enfants martyrs a bondi de 25 %, portant le total \u00e0 412. Edouard Beigbeder, directeur r\u00e9gional de l&rsquo;Unicef pour le Moyen-Orient et l&rsquo;Afrique du Nord, a d\u00e9clar\u00e9 que les enfants sont tu\u00e9s et bless\u00e9s \u00e0 un rythme effrayant, que les familles fuient leurs maisons dans la peur et que des milliers d&rsquo;enfants dorment d\u00e9sormais dans des abris pr\u00e9caires. Des mots qui auraient d\u00fb provoquer une r\u00e9action internationale imm\u00e9diate et ferme. Ils se perdent, une fois de plus, dans le silence assourdissant des grandes puissances.<\/p>\n\n\n\n<p>Sur le terrain, les frappes sionistes ne marquent aucune pause. Depuis lundi soir, au moins dix nouveaux martyrs ont \u00e9t\u00e9 enregistr\u00e9s dans le sud du Liban, selon l&rsquo;agence de presse officielle libanaise NNA. Huit personnes ont p\u00e9ri dans une frappe sur le district de Nabatiy\u00e9, deux autres ont \u00e9t\u00e9 tu\u00e9es lorsqu&rsquo;un drone sioniste a vis\u00e9 un v\u00e9hicule dans le district de Tyr. L&rsquo;arm\u00e9e d\u2019occupation sioniste a par ailleurs menac\u00e9 de frapper plusieurs quartiers de la banlieue sud de Beyrouth, des menaces qui ont sem\u00e9 la panique et provoqu\u00e9 d&rsquo;importants embouteillages sur les routes de fuite. En une semaine d&rsquo;agression, le bilan s&rsquo;\u00e9tablit \u00e0 486 martyrs et 1 313 bless\u00e9s selon le minist\u00e8re libanais de la Sant\u00e9, un bilan qui s&rsquo;alourdit d&rsquo;heure en heure. Car au c\u0153ur de ce drame se trouve une violation flagrante et assum\u00e9e du droit international. L&rsquo;accord de cessez-le-feu en vigueur depuis fin novembre 2024 stipulait explicitement que les forces sionistes devaient se retirer du sud du Liban. Or l&rsquo;arm\u00e9e sioniste maintient cinq avant-postes sur le territoire libanais, en toute ill\u00e9galit\u00e9, en toute impunit\u00e9. Les autorit\u00e9s libanaises exigent la fin de ce d\u00e9ploiement et d\u00e9noncent cette occupation rampante, mais l&rsquo;entit\u00e9 sioniste poursuit ses agressions comme si aucun accord, aucune r\u00e9solution, aucune norme du droit humanitaire international ne la concernait. C&rsquo;est cette impunit\u00e9 structurelle, entretenue par la complaisance de certaines puissances occidentales, qui permet \u00e0 la machine de guerre sioniste de frapper le Liban comme elle frappe Ghaza : m\u00e9thodiquement, massivement, en toute tranquillit\u00e9.<\/p>\n\n\n\n<p>Lyes Sa\u00efdi<\/p>\n","protected":false},"excerpt":{"rendered":"<p>En une semaine d&rsquo;intenses bombardements sionistes, le Liban a bascul\u00e9 dans une nouvelle catastrophe humanitaire. Ce sont pr\u00e8s de 700<\/p>\n","protected":false},"author":6,"featured_media":83232,"comment_status":"open","ping_status":"closed","sticky":false,"template":"","format":"standard","meta":{"colormag_page_container_layout":"default_layout","colormag_page_sidebar_layout":"default_layout","om_disable_all_campaigns":false,"_monsterinsights_skip_tracking":false,"_monsterinsights_sitenote_active":false,"_monsterinsights_sitenote_note":"","_monsterinsights_sitenote_category":0,"footnotes":"","_wpscppro_dont_share_socialmedia":false,"_wpscppro_custom_social_share_image":0,"_facebook_share_type":"default","_twitter_share_type":"default","_linkedin_share_type":"default","_pinterest_share_type":"default","_linkedin_share_type_page":"","_instagram_share_type":"default","_medium_share_type":"default","_threads_share_type":"default","_google_business_share_type":"default","_selected_social_profile":[],"_wpsp_enable_custom_social_template":false,"_wpsp_social_scheduling":{"enabled":false,"datetime":null,"platforms":[],"status":"template_only","dateOption":"today","timeOption":"now","customDays":"","customHours":"","customDate":"","customTime":"","schedulingType":"absolute"},"_wpsp_active_default_template":true},"categories":[37],"tags":[],"class_list":["post-83231","post","type-post","status-publish","format-standard","has-post-thumbnail","hentry","category-monde"],"aioseo_notices":[],"yoast_head":"<!-- This site is optimized with the Yoast SEO plugin v27.4 - https:\/\/yoast.com\/product\/yoast-seo-wordpress\/ -->\n<title>Le Liban sous les bombes sionistes\u00a0: 700 000 d\u00e9plac\u00e9s, les Nations unies sonnent l&rsquo;alarme - La Sentinelle<\/title>\n<meta name=\"robots\" content=\"index, follow, max-snippet:-1, max-image-preview:large, max-video-preview:-1\" \/>\n<link rel=\"canonical\" href=\"https:\/\/lasentinelle.dz\/index.php\/2026\/03\/10\/le-liban-sous-les-bombes-sionistes-700-000-deplaces-les-nations-unies-sonnent-lalarme\/\" \/>\n<meta property=\"og:locale\" content=\"fr_FR\" \/>\n<meta property=\"og:type\" content=\"article\" \/>\n<meta property=\"og:title\" content=\"Le Liban sous les bombes sionistes\u00a0: 700 000 d\u00e9plac\u00e9s, les Nations unies sonnent l&rsquo;alarme - La Sentinelle\" \/>\n<meta property=\"og:description\" content=\"En une semaine d&rsquo;intenses bombardements sionistes, le Liban a bascul\u00e9 dans une nouvelle catastrophe humanitaire. Ce sont pr\u00e8s de 700\" \/>\n<meta property=\"og:url\" content=\"https:\/\/lasentinelle.dz\/index.php\/2026\/03\/10\/le-liban-sous-les-bombes-sionistes-700-000-deplaces-les-nations-unies-sonnent-lalarme\/\" \/>\n<meta property=\"og:site_name\" content=\"La Sentinelle\" \/>\n<meta property=\"article:publisher\" content=\"https:\/\/www.facebook.com\/La-Sentinelle-104059864394773\" \/>\n<meta property=\"article:published_time\" content=\"2026-03-10T19:14:04+00:00\" \/>\n<meta property=\"article:modified_time\" content=\"2026-03-10T19:14:05+00:00\" \/>\n<meta property=\"og:image\" content=\"https:\/\/lasentinelle.dz\/wp-content\/uploads\/2026\/03\/liban-deplaces.jpg\" \/>\n\t<meta property=\"og:image:width\" content=\"932\" \/>\n\t<meta property=\"og:image:height\" content=\"582\" \/>\n\t<meta property=\"og:image:type\" content=\"image\/jpeg\" \/>\n<meta name=\"author\" content=\"admin\" \/>\n<meta name=\"twitter:card\" content=\"summary_large_image\" \/>\n<meta name=\"twitter:label1\" content=\"\u00c9crit par\" \/>\n\t<meta name=\"twitter:data1\" content=\"admin\" \/>\n\t<meta name=\"twitter:label2\" content=\"Dur\u00e9e de lecture estim\u00e9e\" \/>\n\t<meta name=\"twitter:data2\" content=\"4 minutes\" \/>\n<script type=\"application\/ld+json\" class=\"yoast-schema-graph\">{\"@context\":\"https:\\\/\\\/schema.org\",\"@graph\":[{\"@type\":\"Article\",\"@id\":\"https:\\\/\\\/lasentinelle.dz\\\/index.php\\\/2026\\\/03\\\/10\\\/le-liban-sous-les-bombes-sionistes-700-000-deplaces-les-nations-unies-sonnent-lalarme\\\/#article\",\"isPartOf\":{\"@id\":\"https:\\\/\\\/lasentinelle.dz\\\/index.php\\\/2026\\\/03\\\/10\\\/le-liban-sous-les-bombes-sionistes-700-000-deplaces-les-nations-unies-sonnent-lalarme\\\/\"},\"author\":{\"name\":\"admin\",\"@id\":\"https:\\\/\\\/lasentinelle.dz\\\/#\\\/schema\\\/person\\\/729ee0024f24e0b8c5ec17232f8e8b41\"},\"headline\":\"Le Liban sous les bombes sionistes\u00a0: 700 000 d\u00e9plac\u00e9s, les Nations unies sonnent l&rsquo;alarme\",\"datePublished\":\"2026-03-10T19:14:04+00:00\",\"dateModified\":\"2026-03-10T19:14:05+00:00\",\"mainEntityOfPage\":{\"@id\":\"https:\\\/\\\/lasentinelle.dz\\\/index.php\\\/2026\\\/03\\\/10\\\/le-liban-sous-les-bombes-sionistes-700-000-deplaces-les-nations-unies-sonnent-lalarme\\\/\"},\"wordCount\":790,\"commentCount\":0,\"publisher\":{\"@id\":\"https:\\\/\\\/lasentinelle.dz\\\/#organization\"},\"image\":{\"@id\":\"https:\\\/\\\/lasentinelle.dz\\\/index.php\\\/2026\\\/03\\\/10\\\/le-liban-sous-les-bombes-sionistes-700-000-deplaces-les-nations-unies-sonnent-lalarme\\\/#primaryimage\"},\"thumbnailUrl\":\"https:\\\/\\\/lasentinelle.dz\\\/wp-content\\\/uploads\\\/2026\\\/03\\\/liban-deplaces.jpg\",\"articleSection\":[\"Monde\"],\"inLanguage\":\"fr-FR\",\"potentialAction\":[{\"@type\":\"CommentAction\",\"name\":\"Comment\",\"target\":[\"https:\\\/\\\/lasentinelle.dz\\\/index.php\\\/2026\\\/03\\\/10\\\/le-liban-sous-les-bombes-sionistes-700-000-deplaces-les-nations-unies-sonnent-lalarme\\\/#respond\"]}]},{\"@type\":\"WebPage\",\"@id\":\"https:\\\/\\\/lasentinelle.dz\\\/index.php\\\/2026\\\/03\\\/10\\\/le-liban-sous-les-bombes-sionistes-700-000-deplaces-les-nations-unies-sonnent-lalarme\\\/\",\"url\":\"https:\\\/\\\/lasentinelle.dz\\\/index.php\\\/2026\\\/03\\\/10\\\/le-liban-sous-les-bombes-sionistes-700-000-deplaces-les-nations-unies-sonnent-lalarme\\\/\",\"name\":\"Le Liban sous les bombes sionistes\u00a0: 700 000 d\u00e9plac\u00e9s, les Nations unies sonnent l&rsquo;alarme - La Sentinelle\",\"isPartOf\":{\"@id\":\"https:\\\/\\\/lasentinelle.dz\\\/#website\"},\"primaryImageOfPage\":{\"@id\":\"https:\\\/\\\/lasentinelle.dz\\\/index.php\\\/2026\\\/03\\\/10\\\/le-liban-sous-les-bombes-sionistes-700-000-deplaces-les-nations-unies-sonnent-lalarme\\\/#primaryimage\"},\"image\":{\"@id\":\"https:\\\/\\\/lasentinelle.dz\\\/index.php\\\/2026\\\/03\\\/10\\\/le-liban-sous-les-bombes-sionistes-700-000-deplaces-les-nations-unies-sonnent-lalarme\\\/#primaryimage\"},\"thumbnailUrl\":\"https:\\\/\\\/lasentinelle.dz\\\/wp-content\\\/uploads\\\/2026\\\/03\\\/liban-deplaces.jpg\",\"datePublished\":\"2026-03-10T19:14:04+00:00\",\"dateModified\":\"2026-03-10T19:14:05+00:00\",\"breadcrumb\":{\"@id\":\"https:\\\/\\\/lasentinelle.dz\\\/index.php\\\/2026\\\/03\\\/10\\\/le-liban-sous-les-bombes-sionistes-700-000-deplaces-les-nations-unies-sonnent-lalarme\\\/#breadcrumb\"},\"inLanguage\":\"fr-FR\",\"potentialAction\":[{\"@type\":\"ReadAction\",\"target\":[\"https:\\\/\\\/lasentinelle.dz\\\/index.php\\\/2026\\\/03\\\/10\\\/le-liban-sous-les-bombes-sionistes-700-000-deplaces-les-nations-unies-sonnent-lalarme\\\/\"]}]},{\"@type\":\"ImageObject\",\"inLanguage\":\"fr-FR\",\"@id\":\"https:\\\/\\\/lasentinelle.dz\\\/index.php\\\/2026\\\/03\\\/10\\\/le-liban-sous-les-bombes-sionistes-700-000-deplaces-les-nations-unies-sonnent-lalarme\\\/#primaryimage\",\"url\":\"https:\\\/\\\/lasentinelle.dz\\\/wp-content\\\/uploads\\\/2026\\\/03\\\/liban-deplaces.jpg\",\"contentUrl\":\"https:\\\/\\\/lasentinelle.dz\\\/wp-content\\\/uploads\\\/2026\\\/03\\\/liban-deplaces.jpg\",\"width\":932,\"height\":582,\"caption\":\"Displaced families gather near a church after spending the night there, fleeing the overnight Israeli strikes in Beirut, Lebanon September 28, 2024. REUTERS\\\/Louisa Gouliamaki\"},{\"@type\":\"BreadcrumbList\",\"@id\":\"https:\\\/\\\/lasentinelle.dz\\\/index.php\\\/2026\\\/03\\\/10\\\/le-liban-sous-les-bombes-sionistes-700-000-deplaces-les-nations-unies-sonnent-lalarme\\\/#breadcrumb\",\"itemListElement\":[{\"@type\":\"ListItem\",\"position\":1,\"name\":\"Accueil\",\"item\":\"https:\\\/\\\/lasentinelle.dz\\\/\"},{\"@type\":\"ListItem\",\"position\":2,\"name\":\"Le Liban sous les bombes sionistes\u00a0: 700 000 d\u00e9plac\u00e9s, les Nations unies sonnent l&rsquo;alarme\"}]},{\"@type\":\"WebSite\",\"@id\":\"https:\\\/\\\/lasentinelle.dz\\\/#website\",\"url\":\"https:\\\/\\\/lasentinelle.dz\\\/\",\"name\":\"La Sentinelle\",\"description\":\"Quotidien national d&#039;information\",\"publisher\":{\"@id\":\"https:\\\/\\\/lasentinelle.dz\\\/#organization\"},\"potentialAction\":[{\"@type\":\"SearchAction\",\"target\":{\"@type\":\"EntryPoint\",\"urlTemplate\":\"https:\\\/\\\/lasentinelle.dz\\\/?s={search_term_string}\"},\"query-input\":{\"@type\":\"PropertyValueSpecification\",\"valueRequired\":true,\"valueName\":\"search_term_string\"}}],\"inLanguage\":\"fr-FR\"},{\"@type\":\"Organization\",\"@id\":\"https:\\\/\\\/lasentinelle.dz\\\/#organization\",\"name\":\"Quotidien La Sentinelle\",\"url\":\"https:\\\/\\\/lasentinelle.dz\\\/\",\"logo\":{\"@type\":\"ImageObject\",\"inLanguage\":\"fr-FR\",\"@id\":\"https:\\\/\\\/lasentinelle.dz\\\/#\\\/schema\\\/logo\\\/image\\\/\",\"url\":\"https:\\\/\\\/lasentinelle.dz\\\/wp-content\\\/uploads\\\/2021\\\/09\\\/logo-sentinelleSLOGAN-1.png\",\"contentUrl\":\"https:\\\/\\\/lasentinelle.dz\\\/wp-content\\\/uploads\\\/2021\\\/09\\\/logo-sentinelleSLOGAN-1.png\",\"width\":615,\"height\":142,\"caption\":\"Quotidien La Sentinelle\"},\"image\":{\"@id\":\"https:\\\/\\\/lasentinelle.dz\\\/#\\\/schema\\\/logo\\\/image\\\/\"},\"sameAs\":[\"https:\\\/\\\/www.facebook.com\\\/La-Sentinelle-104059864394773\"]},{\"@type\":\"Person\",\"@id\":\"https:\\\/\\\/lasentinelle.dz\\\/#\\\/schema\\\/person\\\/729ee0024f24e0b8c5ec17232f8e8b41\",\"name\":\"admin\",\"image\":{\"@type\":\"ImageObject\",\"inLanguage\":\"fr-FR\",\"@id\":\"https:\\\/\\\/secure.gravatar.com\\\/avatar\\\/4c81fed838786e9b53f540bf46533e750f5d292099ae3b66cfc6fb1982e29df7?s=96&d=mm&r=g\",\"url\":\"https:\\\/\\\/secure.gravatar.com\\\/avatar\\\/4c81fed838786e9b53f540bf46533e750f5d292099ae3b66cfc6fb1982e29df7?s=96&d=mm&r=g\",\"contentUrl\":\"https:\\\/\\\/secure.gravatar.com\\\/avatar\\\/4c81fed838786e9b53f540bf46533e750f5d292099ae3b66cfc6fb1982e29df7?s=96&d=mm&r=g\",\"caption\":\"admin\"},\"description\":\"admin\",\"url\":\"https:\\\/\\\/lasentinelle.dz\\\/author\\\/admin\\\/\"}]}<\/script>\n<!-- \/ Yoast SEO plugin. -->","yoast_head_json":{"title":"Le Liban sous les bombes sionistes\u00a0: 700 000 d\u00e9plac\u00e9s, les Nations unies sonnent l&rsquo;alarme - La Sentinelle","robots":{"index":"index","follow":"follow","max-snippet":"max-snippet:-1","max-image-preview":"max-image-preview:large","max-video-preview":"max-video-preview:-1"},"canonical":"https:\/\/lasentinelle.dz\/index.php\/2026\/03\/10\/le-liban-sous-les-bombes-sionistes-700-000-deplaces-les-nations-unies-sonnent-lalarme\/","og_locale":"fr_FR","og_type":"article","og_title":"Le Liban sous les bombes sionistes\u00a0: 700 000 d\u00e9plac\u00e9s, les Nations unies sonnent l&rsquo;alarme - La Sentinelle","og_description":"En une semaine d&rsquo;intenses bombardements sionistes, le Liban a bascul\u00e9 dans une nouvelle catastrophe humanitaire. Ce sont pr\u00e8s de 700","og_url":"https:\/\/lasentinelle.dz\/index.php\/2026\/03\/10\/le-liban-sous-les-bombes-sionistes-700-000-deplaces-les-nations-unies-sonnent-lalarme\/","og_site_name":"La Sentinelle","article_publisher":"https:\/\/www.facebook.com\/La-Sentinelle-104059864394773","article_published_time":"2026-03-10T19:14:04+00:00","article_modified_time":"2026-03-10T19:14:05+00:00","og_image":[{"width":932,"height":582,"url":"https:\/\/lasentinelle.dz\/wp-content\/uploads\/2026\/03\/liban-deplaces.jpg","type":"image\/jpeg"}],"author":"admin","twitter_card":"summary_large_image","twitter_misc":{"\u00c9crit par":"admin","Dur\u00e9e de lecture estim\u00e9e":"4 minutes"},"schema":{"@context":"https:\/\/schema.org","@graph":[{"@type":"Article","@id":"https:\/\/lasentinelle.dz\/index.php\/2026\/03\/10\/le-liban-sous-les-bombes-sionistes-700-000-deplaces-les-nations-unies-sonnent-lalarme\/#article","isPartOf":{"@id":"https:\/\/lasentinelle.dz\/index.php\/2026\/03\/10\/le-liban-sous-les-bombes-sionistes-700-000-deplaces-les-nations-unies-sonnent-lalarme\/"},"author":{"name":"admin","@id":"https:\/\/lasentinelle.dz\/#\/schema\/person\/729ee0024f24e0b8c5ec17232f8e8b41"},"headline":"Le Liban sous les bombes sionistes\u00a0: 700 000 d\u00e9plac\u00e9s, les Nations unies sonnent l&rsquo;alarme","datePublished":"2026-03-10T19:14:04+00:00","dateModified":"2026-03-10T19:14:05+00:00","mainEntityOfPage":{"@id":"https:\/\/lasentinelle.dz\/index.php\/2026\/03\/10\/le-liban-sous-les-bombes-sionistes-700-000-deplaces-les-nations-unies-sonnent-lalarme\/"},"wordCount":790,"commentCount":0,"publisher":{"@id":"https:\/\/lasentinelle.dz\/#organization"},"image":{"@id":"https:\/\/lasentinelle.dz\/index.php\/2026\/03\/10\/le-liban-sous-les-bombes-sionistes-700-000-deplaces-les-nations-unies-sonnent-lalarme\/#primaryimage"},"thumbnailUrl":"https:\/\/lasentinelle.dz\/wp-content\/uploads\/2026\/03\/liban-deplaces.jpg","articleSection":["Monde"],"inLanguage":"fr-FR","potentialAction":[{"@type":"CommentAction","name":"Comment","target":["https:\/\/lasentinelle.dz\/index.php\/2026\/03\/10\/le-liban-sous-les-bombes-sionistes-700-000-deplaces-les-nations-unies-sonnent-lalarme\/#respond"]}]},{"@type":"WebPage","@id":"https:\/\/lasentinelle.dz\/index.php\/2026\/03\/10\/le-liban-sous-les-bombes-sionistes-700-000-deplaces-les-nations-unies-sonnent-lalarme\/","url":"https:\/\/lasentinelle.dz\/index.php\/2026\/03\/10\/le-liban-sous-les-bombes-sionistes-700-000-deplaces-les-nations-unies-sonnent-lalarme\/","name":"Le Liban sous les bombes sionistes\u00a0: 700 000 d\u00e9plac\u00e9s, les Nations unies sonnent l&rsquo;alarme - La Sentinelle","isPartOf":{"@id":"https:\/\/lasentinelle.dz\/#website"},"primaryImageOfPage":{"@id":"https:\/\/lasentinelle.dz\/index.php\/2026\/03\/10\/le-liban-sous-les-bombes-sionistes-700-000-deplaces-les-nations-unies-sonnent-lalarme\/#primaryimage"},"image":{"@id":"https:\/\/lasentinelle.dz\/index.php\/2026\/03\/10\/le-liban-sous-les-bombes-sionistes-700-000-deplaces-les-nations-unies-sonnent-lalarme\/#primaryimage"},"thumbnailUrl":"https:\/\/lasentinelle.dz\/wp-content\/uploads\/2026\/03\/liban-deplaces.jpg","datePublished":"2026-03-10T19:14:04+00:00","dateModified":"2026-03-10T19:14:05+00:00","breadcrumb":{"@id":"https:\/\/lasentinelle.dz\/index.php\/2026\/03\/10\/le-liban-sous-les-bombes-sionistes-700-000-deplaces-les-nations-unies-sonnent-lalarme\/#breadcrumb"},"inLanguage":"fr-FR","potentialAction":[{"@type":"ReadAction","target":["https:\/\/lasentinelle.dz\/index.php\/2026\/03\/10\/le-liban-sous-les-bombes-sionistes-700-000-deplaces-les-nations-unies-sonnent-lalarme\/"]}]},{"@type":"ImageObject","inLanguage":"fr-FR","@id":"https:\/\/lasentinelle.dz\/index.php\/2026\/03\/10\/le-liban-sous-les-bombes-sionistes-700-000-deplaces-les-nations-unies-sonnent-lalarme\/#primaryimage","url":"https:\/\/lasentinelle.dz\/wp-content\/uploads\/2026\/03\/liban-deplaces.jpg","contentUrl":"https:\/\/lasentinelle.dz\/wp-content\/uploads\/2026\/03\/liban-deplaces.jpg","width":932,"height":582,"caption":"Displaced families gather near a church after spending the night there, fleeing the overnight Israeli strikes in Beirut, Lebanon September 28, 2024. REUTERS\/Louisa Gouliamaki"},{"@type":"BreadcrumbList","@id":"https:\/\/lasentinelle.dz\/index.php\/2026\/03\/10\/le-liban-sous-les-bombes-sionistes-700-000-deplaces-les-nations-unies-sonnent-lalarme\/#breadcrumb","itemListElement":[{"@type":"ListItem","position":1,"name":"Accueil","item":"https:\/\/lasentinelle.dz\/"},{"@type":"ListItem","position":2,"name":"Le Liban sous les bombes sionistes\u00a0: 700 000 d\u00e9plac\u00e9s, les Nations unies sonnent l&rsquo;alarme"}]},{"@type":"WebSite","@id":"https:\/\/lasentinelle.dz\/#website","url":"https:\/\/lasentinelle.dz\/","name":"La Sentinelle","description":"Quotidien national d&#039;information","publisher":{"@id":"https:\/\/lasentinelle.dz\/#organization"},"potentialAction":[{"@type":"SearchAction","target":{"@type":"EntryPoint","urlTemplate":"https:\/\/lasentinelle.dz\/?s={search_term_string}"},"query-input":{"@type":"PropertyValueSpecification","valueRequired":true,"valueName":"search_term_string"}}],"inLanguage":"fr-FR"},{"@type":"Organization","@id":"https:\/\/lasentinelle.dz\/#organization","name":"Quotidien La Sentinelle","url":"https:\/\/lasentinelle.dz\/","logo":{"@type":"ImageObject","inLanguage":"fr-FR","@id":"https:\/\/lasentinelle.dz\/#\/schema\/logo\/image\/","url":"https:\/\/lasentinelle.dz\/wp-content\/uploads\/2021\/09\/logo-sentinelleSLOGAN-1.png","contentUrl":"https:\/\/lasentinelle.dz\/wp-content\/uploads\/2021\/09\/logo-sentinelleSLOGAN-1.png","width":615,"height":142,"caption":"Quotidien La Sentinelle"},"image":{"@id":"https:\/\/lasentinelle.dz\/#\/schema\/logo\/image\/"},"sameAs":["https:\/\/www.facebook.com\/La-Sentinelle-104059864394773"]},{"@type":"Person","@id":"https:\/\/lasentinelle.dz\/#\/schema\/person\/729ee0024f24e0b8c5ec17232f8e8b41","name":"admin","image":{"@type":"ImageObject","inLanguage":"fr-FR","@id":"https:\/\/secure.gravatar.com\/avatar\/4c81fed838786e9b53f540bf46533e750f5d292099ae3b66cfc6fb1982e29df7?s=96&d=mm&r=g","url":"https:\/\/secure.gravatar.com\/avatar\/4c81fed838786e9b53f540bf46533e750f5d292099ae3b66cfc6fb1982e29df7?s=96&d=mm&r=g","contentUrl":"https:\/\/secure.gravatar.com\/avatar\/4c81fed838786e9b53f540bf46533e750f5d292099ae3b66cfc6fb1982e29df7?s=96&d=mm&r=g","caption":"admin"},"description":"admin","url":"https:\/\/lasentinelle.dz\/author\/admin\/"}]}},"_links":{"self":[{"href":"https:\/\/lasentinelle.dz\/index.php\/wp-json\/wp\/v2\/posts\/83231","targetHints":{"allow":["GET"]}}],"collection":[{"href":"https:\/\/lasentinelle.dz\/index.php\/wp-json\/wp\/v2\/posts"}],"about":[{"href":"https:\/\/lasentinelle.dz\/index.php\/wp-json\/wp\/v2\/types\/post"}],"author":[{"embeddable":true,"href":"https:\/\/lasentinelle.dz\/index.php\/wp-json\/wp\/v2\/users\/6"}],"replies":[{"embeddable":true,"href":"https:\/\/lasentinelle.dz\/index.php\/wp-json\/wp\/v2\/comments?post=83231"}],"version-history":[{"count":2,"href":"https:\/\/lasentinelle.dz\/index.php\/wp-json\/wp\/v2\/posts\/83231\/revisions"}],"predecessor-version":[{"id":83234,"href":"https:\/\/lasentinelle.dz\/index.php\/wp-json\/wp\/v2\/posts\/83231\/revisions\/83234"}],"wp:featuredmedia":[{"embeddable":true,"href":"https:\/\/lasentinelle.dz\/index.php\/wp-json\/wp\/v2\/media\/83232"}],"wp:attachment":[{"href":"https:\/\/lasentinelle.dz\/index.php\/wp-json\/wp\/v2\/media?parent=83231"}],"wp:term":[{"taxonomy":"category","embeddable":true,"href":"https:\/\/lasentinelle.dz\/index.php\/wp-json\/wp\/v2\/categories?post=83231"},{"taxonomy":"post_tag","embeddable":true,"href":"https:\/\/lasentinelle.dz\/index.php\/wp-json\/wp\/v2\/tags?post=83231"}],"curies":[{"name":"wp","href":"https:\/\/api.w.org\/{rel}","templated":true}]}}