{"id":83235,"date":"2026-03-10T20:15:00","date_gmt":"2026-03-10T19:15:00","guid":{"rendered":"https:\/\/lasentinelle.dz\/?p=83235"},"modified":"2026-03-10T20:15:01","modified_gmt":"2026-03-10T19:15:01","slug":"escalade-au-moyen-orient-le-detroit-dormuz-au-coeur-de-la-tempete","status":"publish","type":"post","link":"https:\/\/lasentinelle.dz\/index.php\/2026\/03\/10\/escalade-au-moyen-orient-le-detroit-dormuz-au-coeur-de-la-tempete\/","title":{"rendered":"Escalade au Moyen-Orient\u00a0: Le d\u00e9troit d&rsquo;Ormuz au c\u0153ur de la temp\u00eate"},"content":{"rendered":"\n<p>L&rsquo;Iran avertit qu\u2019il ne laissera aucune goutte sortir du d\u00e9troit d&rsquo;Ormuz.<\/p>\n\n\n\n<p>L&rsquo;Iran a annonc\u00e9 mardi le blocage total des exportations p\u00e9troli\u00e8res transitant par le d\u00e9troit d&rsquo;Ormuz, par lequel circule un cinqui\u00e8me de la production mondiale de brut et pr\u00e8s de 20 % du commerce mondial de gaz naturel liqu\u00e9fi\u00e9, d\u00e9fiant ouvertement les menaces du pr\u00e9sident am\u00e9ricain Donald Trump et plongeant les march\u00e9s internationaux dans une incertitude sans pr\u00e9c\u00e9dent, au onzi\u00e8me jour d&rsquo;un conflit arm\u00e9 qui embrase le Moyen-Orient depuis le 28 f\u00e9vrier et dont l&rsquo;issue demeure illisible. \u00ab Les forces arm\u00e9es iraniennes n&rsquo;autoriseront pas l&rsquo;exportation d&rsquo;un seul litre de p\u00e9trole de la r\u00e9gion vers le camp ennemi et ses partenaires jusqu&rsquo;\u00e0 nouvel ordre \u00bb, a d\u00e9clar\u00e9 Ali Mohammad Naini, porte-parole des Gardiens de la R\u00e9volution, l&rsquo;arm\u00e9e id\u00e9ologique iranienne, selon l&rsquo;agence de presse Tasnim. La R\u00e9publique islamique, qui contr\u00f4le de facto ce passage strat\u00e9gique reliant le golfe Persique \u00e0 la mer d&rsquo;Arabie, a ainsi balay\u00e9 les propos tenus la veille par Donald Trump, lequel avait promis de frapper \u00ab plus fort \u00bb si T\u00e9h\u00e9ran continuait de paralyser la circulation du p\u00e9trole dans la r\u00e9gion, tout en assurant, dans une ambigu\u00eft\u00e9 caract\u00e9ristique, que la guerre allait \u00ab se terminer bient\u00f4t \u00bb. Les Gardiens de la R\u00e9volution ont toutefois promis de laisser transiter par le d\u00e9troit d&rsquo;Ormuz les navires de \u00ab tout pays arabe ou europ\u00e9en qui expulserait les ambassadeurs isra\u00e9lien et am\u00e9ricain de son territoire \u00bb.<\/p>\n\n\n\n<p><strong>T\u00e9h\u00e9ran ferme la porte \u00e0 la diplomatie<\/strong><\/p>\n\n\n\n<p>La d\u00e9termination iranienne ne se limite pas au volet p\u00e9trolier. Plusieurs hauts responsables de la R\u00e9publique islamique ont multipli\u00e9 les d\u00e9clarations martiales tout au long de la journ\u00e9e, fermant explicitement la porte \u00e0 toute n\u00e9gociation dans les circonstances actuelles. Le pr\u00e9sident du Parlement iranien, Muhammad Bagher Kalibaf, a affirm\u00e9 sur la plateforme X : \u00ab Nous ne cherchons absolument pas de cessez-le-feu. Nous pensons qu&rsquo;il faut frapper l&rsquo;agresseur afin qu&rsquo;il comprenne sa le\u00e7on et ne songe plus jamais \u00e0 attaquer notre ch\u00e8re Iran. \u00bb Le secr\u00e9taire g\u00e9n\u00e9ral du Conseil supr\u00eame de s\u00e9curit\u00e9 nationale, Ali Larijani, a pour sa part r\u00e9pondu aux menaces de Trump \u2014 qui avait \u00e9voqu\u00e9 des attaques \u00ab rendant presque impossible la reconstruction de l&rsquo;Iran en tant que nation \u00bb \u2014 en lan\u00e7ant : \u00ab Le peuple iranien n&rsquo;a pas craint vos menaces vaines ; m\u00eame les plus puissants d&rsquo;entre vous n&rsquo;ont pu l&rsquo;effacer. \u00bb Kamal Kharazi, conseiller en politique \u00e9trang\u00e8re aupr\u00e8s du bureau du guide supr\u00eame, a quant \u00e0 lui d\u00e9clar\u00e9 \u00e0 CNN qu&rsquo;il ne voyait \u00ab plus aucune place pour la diplomatie \u00bb, expliquant que \u00ab Donald Trump a tromp\u00e9 les autres et n&rsquo;a pas tenu ses promesses \u00bb lors de pr\u00e9c\u00e9dentes n\u00e9gociations. Selon lui, seule la pression \u00e9conomique croissante sur les pays tiers pourrait contraindre Washington \u00e0 mettre fin aux hostilit\u00e9s.<\/p>\n\n\n\n<p>Ce front uni affich\u00e9 par T\u00e9h\u00e9ran intervient dans un contexte de transition politique majeure au sommet de l&rsquo;\u00c9tat iranien. L&rsquo;ayatollah Mojtaba Khamenei a \u00e9t\u00e9 d\u00e9sign\u00e9 dimanche nouveau guide supr\u00eame, dix jours apr\u00e8s la mort de son p\u00e8re, l&rsquo;ayatollah Ali Khamenei, tu\u00e9 dans des frappes isra\u00e9lo-am\u00e9ricaines. Depuis le 28 f\u00e9vrier, les hostilit\u00e9s ont fait plus de 1 200 morts c\u00f4t\u00e9 iranien, selon les autorit\u00e9s de T\u00e9h\u00e9ran, qui ont ripost\u00e9 par des frappes de drones et de missiles ciblant Isra\u00ebl, la Jordanie, l&rsquo;Irak et des pays du Golfe abritant des forces am\u00e9ricaines.<\/p>\n\n\n\n<p><strong>Washington intensifie ses op\u00e9rations militaires<\/strong><\/p>\n\n\n\n<p>Du c\u00f4t\u00e9 am\u00e9ricain, l&rsquo;escalade ne montre aucun signe de ralentissement. Le ministre de la D\u00e9fense, Pete Hegseth, a affirm\u00e9 mardi que la journ\u00e9e constituerait \u00ab le jour le plus intense des frappes \u00bb sur l&rsquo;Iran depuis le d\u00e9but de la guerre, avec \u00ab le plus grand nombre d&rsquo;avions de combat, de bombardiers, de frappes \u00bb engag\u00e9s simultan\u00e9ment. Interrog\u00e9 sur les d\u00e9clarations contradictoires de son pr\u00e9sident, qui avait laiss\u00e9 entrevoir un cessez-le-feu prochain, le chef du Pentagone a esquiv\u00e9 : \u00ab Ce n&rsquo;est pas \u00e0 moi de conjecturer si c&rsquo;est le d\u00e9but, le milieu, ou la fin du conflit. \u00bb Donald Trump a par ailleurs annonc\u00e9 son intention de lever certaines sanctions p\u00e9troli\u00e8res \u00ab afin de r\u00e9duire les prix \u00bb qui se sont envol\u00e9s ces derniers jours, sans pr\u00e9ciser quelles sanctions ni quels pays seraient concern\u00e9s.<\/p>\n\n\n\n<p><strong>Le Golfe sous le feu, les infrastructures \u00e9nerg\u00e9tiques vis\u00e9es<\/strong><\/p>\n\n\n\n<p>Les monarchies du Golfe, prises en \u00e9tau dans cette confrontation, tentent de prot\u00e9ger des infrastructures d&rsquo;hydrocarbures constamment vis\u00e9es. La raffinerie \u00e9miratie de Ruwais, l&rsquo;une des plus grandes du monde, a suspendu ses activit\u00e9s par \u00ab pr\u00e9caution \u00bb apr\u00e8s une attaque de drone sur la zone industrielle o\u00f9 elle est situ\u00e9e. Le Kowe\u00eft et l&rsquo;Arabie saoudite ont dit avoir abattu des a\u00e9ronefs sans pilote, omnipr\u00e9sents dans le conflit, tandis que Bahre\u00efn a d\u00e9plor\u00e9 deux morts civils dans la frappe d&rsquo;un immeuble r\u00e9sidentiel. Le Qatar a d\u00e9nonc\u00e9 les attaques contre les installations \u00e9nerg\u00e9tiques \u00ab des deux c\u00f4t\u00e9s \u00bb, qualifiant la situation de \u00ab pr\u00e9c\u00e9dent dangereux \u00bb. Le PDG de la compagnie p\u00e9troli\u00e8re saoudienne Aramco a mis en garde contre les \u00ab cons\u00e9quences catastrophiques \u00bb d&rsquo;un blocage prolong\u00e9 du d\u00e9troit sur les march\u00e9s p\u00e9troliers. L&rsquo;Irak, pays fondateur de l&rsquo;OPEP tirant 90 % de ses revenus de l&rsquo;or noir et dont plusieurs p\u00e9troliers sont bloqu\u00e9s dans le Golfe, a indiqu\u00e9 chercher des voies d&rsquo;exportation alternatives. Hors de la r\u00e9gion, l&rsquo;Inde a d\u00e9cid\u00e9 d&rsquo;affecter en priorit\u00e9 le gaz \u00e0 la consommation des m\u00e9nages et aux transports publics.<\/p>\n\n\n\n<p><strong>Des march\u00e9s p\u00e9troliers en proie \u00e0 une volatilit\u00e9 extr\u00eame<\/strong><\/p>\n\n\n\n<p>Sur les places financi\u00e8res, la nervosit\u00e9 est palpable. Apr\u00e8s la panique de lundi, les march\u00e9s ont op\u00e9r\u00e9 un brusque revirement mardi. Vers 11 h 10 GMT, le baril de West Texas Intermediate (WTI) reculait de 6,06 %, tandis que le Brent de la mer du Nord perdait 7,03 %, un mouvement paradoxal attribu\u00e9 par les analystes aux propos apaisants de Donald Trump la veille. \u00ab Il est rare que les march\u00e9s connaissent une telle volatilit\u00e9 \u00bb, a constat\u00e9 Ipek Ozkardeskaya, analyste pour Swissquote Bank, pr\u00e9cisant que si les d\u00e9clarations du pr\u00e9sident am\u00e9ricain avaient temporairement enray\u00e9 la chute des cours, le conflit se poursuivait \u00ab \u00e0 plein r\u00e9gime \u00bb et \u00ab les intentions des \u00c9tats-Unis dans cette guerre restent floues \u00bb. Le blocage du d\u00e9troit d&rsquo;Ormuz, qui achemine normalement quelque 20 millions de barils par jour, contraint les exportateurs \u00e0 chercher des routes alternatives et paralyse les exportations r\u00e9gionales de nutriments agricoles utilis\u00e9s pour la production d&rsquo;engrais, accentuant la pression sur les cha\u00eenes d&rsquo;approvisionnement alimentaires mondiales.<\/p>\n\n\n\n<p>Les r\u00e9percussions \u00e9conomiques de cette escalade suscitent une inqui\u00e9tude grandissante \u00e0 travers le monde. Le Programme alimentaire mondial (PAM) des Nations unies a averti que la combinaison des perturbations dans le d\u00e9troit d&rsquo;Ormuz et en mer Rouge, autre passage strat\u00e9gique d\u00e9j\u00e0 fragilis\u00e9, pourrait cr\u00e9er \u00ab un sc\u00e9nario sans pr\u00e9c\u00e9dent de double goulot d&rsquo;\u00e9tranglement pour le commerce mondial et les flux \u00e9nerg\u00e9tiques \u00bb. L&rsquo;agence onusienne a pr\u00e9venu que la hausse des prix du p\u00e9trole entra\u00eenerait m\u00e9caniquement une augmentation des prix des denr\u00e9es alimentaires \u00e0 l&rsquo;\u00e9chelle mondiale, compliquant en outre l&rsquo;acheminement de l&rsquo;aide humanitaire vers les populations vuln\u00e9rables, augmentant le risque \u00ab que les personnes soient confront\u00e9es \u00e0 une ins\u00e9curit\u00e9 alimentaire et \u00e0 une malnutrition accrues \u00bb. La Commission europ\u00e9enne a elle aussi tir\u00e9 la sonnette d&rsquo;alarme : le commissaire \u00e0 l&rsquo;\u00c9conomie, Valdis Dombrovskis, a d\u00e9clar\u00e9 que si la guerre se prolongeait \u00ab avec des perturbations de la navigation maritime dans le d\u00e9troit d&rsquo;Ormuz et des attaques contre les infrastructures \u00e9nerg\u00e9tiques des pays du Golfe, elle pourrait \u00e0 terme provoquer un choc inflationniste majeur affectant les \u00e9conomies mondiale et europ\u00e9enne \u00bb. Le pr\u00e9sident de la Commission de l&rsquo;Union africaine, Mahmoud Ali Youssouf, a exprim\u00e9 sa \u00ab profonde inqui\u00e9tude \u00bb, soulignant que \u00ab de telles actions perturbent les cha\u00eenes d&rsquo;approvisionnement vitales et ont des r\u00e9percussions de grande port\u00e9e sur le commerce international et les march\u00e9s de l&rsquo;\u00e9nergie \u00bb.<\/p>\n\n\n\n<p>Face \u00e0 cette spirale, de nombreux acteurs internationaux multiplient les appels \u00e0 la d\u00e9sescalade et \u00e0 la reprise du dialogue diplomatique, estimant que la stabilit\u00e9 du Moyen-Orient demeure un facteur d\u00e9terminant pour l&rsquo;\u00e9quilibre des march\u00e9s \u00e9nerg\u00e9tiques et la sant\u00e9 de l&rsquo;\u00e9conomie mondiale. Mais \u00e0 T\u00e9h\u00e9ran comme \u00e0 Washington, la rh\u00e9torique guerri\u00e8re ne faiblit pas, laissant planer sur la plan\u00e8te enti\u00e8re l&rsquo;ombre d&rsquo;une crise \u00e9conomique aux contours encore incalculables.<\/p>\n\n\n\n<p>Samira Ghrib<\/p>\n\n\n\n<p><strong>\u00ab\u00a0R\u00e9union extraordinaire\u00a0\u00bb de l&rsquo;AIE sur les stocks strat\u00e9giques<\/strong><\/p>\n\n\n\n<p>L&rsquo;Agence internationale de l&rsquo;Energie (AIE) a convoqu\u00e9 mardi dans la journ\u00e9e \u00ab\u00a0une r\u00e9union extraordinaire\u00a0\u00bb de ses gouvernements membres afin d&rsquo;\u00e9valuer une \u00e9ventuelle \u00ab\u00a0d\u00e9cision\u00a0\u00bb sur le recours aux stocks strat\u00e9giques, pour endiguer la flamb\u00e9e des cours de l&rsquo;or noir, a annonc\u00e9 son directeur ex\u00e9cutif Fatih Birol.<\/p>\n\n\n\n<p>Cette r\u00e9union qui fait suite \u00e0 une rencontre plus t\u00f4t des ministres de l&rsquo;Energie du G7, \u00e0 l&rsquo;initiative de la France, permettra \u00ab\u00a0d&rsquo;\u00e9valuer l&rsquo;\u00e9tat actuel de la s\u00e9curit\u00e9 d&rsquo;approvisionnement et des conditions de march\u00e9, en vue d&rsquo;\u00e9clairer une d\u00e9cision ult\u00e9rieure sur la mise \u00e0 disposition \u00e9ventuelle des stocks d&rsquo;urgence des pays de l&rsquo;AIE sur le march\u00e9\u00a0\u00bb, a indiqu\u00e9 Fatih Birol dans un communiqu\u00e9.<\/p>\n","protected":false},"excerpt":{"rendered":"<p>L&rsquo;Iran avertit qu\u2019il ne laissera aucune goutte sortir du d\u00e9troit d&rsquo;Ormuz. L&rsquo;Iran a annonc\u00e9 mardi le blocage total des exportations<\/p>\n","protected":false},"author":6,"featured_media":69274,"comment_status":"open","ping_status":"closed","sticky":false,"template":"","format":"standard","meta":{"colormag_page_container_layout":"default_layout","colormag_page_sidebar_layout":"default_layout","om_disable_all_campaigns":false,"_monsterinsights_skip_tracking":false,"_monsterinsights_sitenote_active":false,"_monsterinsights_sitenote_note":"","_monsterinsights_sitenote_category":0,"footnotes":"","_wpscppro_dont_share_socialmedia":false,"_wpscppro_custom_social_share_image":0,"_facebook_share_type":"default","_twitter_share_type":"default","_linkedin_share_type":"default","_pinterest_share_type":"default","_linkedin_share_type_page":"","_instagram_share_type":"default","_medium_share_type":"default","_threads_share_type":"default","_google_business_share_type":"default","_selected_social_profile":[],"_wpsp_enable_custom_social_template":false,"_wpsp_social_scheduling":{"enabled":false,"datetime":null,"platforms":[],"status":"template_only","dateOption":"today","timeOption":"now","customDays":"","customHours":"","customDate":"","customTime":"","schedulingType":"absolute"},"_wpsp_active_default_template":true},"categories":[52,37],"tags":[],"class_list":["post-83235","post","type-post","status-publish","format-standard","has-post-thumbnail","hentry","category-a-la-une","category-monde"],"aioseo_notices":[],"yoast_head":"<!-- This site is optimized with the Yoast SEO plugin v27.4 - https:\/\/yoast.com\/product\/yoast-seo-wordpress\/ -->\n<title>Escalade au Moyen-Orient\u00a0: Le d\u00e9troit d&rsquo;Ormuz au c\u0153ur de la temp\u00eate - La Sentinelle<\/title>\n<meta name=\"robots\" content=\"index, follow, max-snippet:-1, max-image-preview:large, max-video-preview:-1\" \/>\n<link rel=\"canonical\" href=\"https:\/\/lasentinelle.dz\/index.php\/2026\/03\/10\/escalade-au-moyen-orient-le-detroit-dormuz-au-coeur-de-la-tempete\/\" \/>\n<meta property=\"og:locale\" content=\"fr_FR\" \/>\n<meta property=\"og:type\" content=\"article\" \/>\n<meta property=\"og:title\" content=\"Escalade au Moyen-Orient\u00a0: Le d\u00e9troit d&rsquo;Ormuz au c\u0153ur de la temp\u00eate - La Sentinelle\" \/>\n<meta property=\"og:description\" content=\"L&rsquo;Iran avertit qu\u2019il ne laissera aucune goutte sortir du d\u00e9troit d&rsquo;Ormuz. L&rsquo;Iran a annonc\u00e9 mardi le blocage total des exportations\" \/>\n<meta property=\"og:url\" content=\"https:\/\/lasentinelle.dz\/index.php\/2026\/03\/10\/escalade-au-moyen-orient-le-detroit-dormuz-au-coeur-de-la-tempete\/\" \/>\n<meta property=\"og:site_name\" content=\"La Sentinelle\" \/>\n<meta property=\"article:publisher\" content=\"https:\/\/www.facebook.com\/La-Sentinelle-104059864394773\" \/>\n<meta property=\"article:published_time\" content=\"2026-03-10T19:15:00+00:00\" \/>\n<meta property=\"article:modified_time\" content=\"2026-03-10T19:15:01+00:00\" \/>\n<meta property=\"og:image\" content=\"https:\/\/lasentinelle.dz\/wp-content\/uploads\/2025\/06\/detroit-dormuz.jpg\" \/>\n\t<meta property=\"og:image:width\" content=\"1400\" \/>\n\t<meta property=\"og:image:height\" content=\"750\" \/>\n\t<meta property=\"og:image:type\" content=\"image\/jpeg\" \/>\n<meta name=\"author\" content=\"admin\" \/>\n<meta name=\"twitter:card\" content=\"summary_large_image\" \/>\n<meta name=\"twitter:label1\" content=\"\u00c9crit par\" \/>\n\t<meta name=\"twitter:data1\" content=\"admin\" \/>\n\t<meta name=\"twitter:label2\" content=\"Dur\u00e9e de lecture estim\u00e9e\" \/>\n\t<meta name=\"twitter:data2\" content=\"8 minutes\" \/>\n<script type=\"application\/ld+json\" class=\"yoast-schema-graph\">{\"@context\":\"https:\\\/\\\/schema.org\",\"@graph\":[{\"@type\":\"Article\",\"@id\":\"https:\\\/\\\/lasentinelle.dz\\\/index.php\\\/2026\\\/03\\\/10\\\/escalade-au-moyen-orient-le-detroit-dormuz-au-coeur-de-la-tempete\\\/#article\",\"isPartOf\":{\"@id\":\"https:\\\/\\\/lasentinelle.dz\\\/index.php\\\/2026\\\/03\\\/10\\\/escalade-au-moyen-orient-le-detroit-dormuz-au-coeur-de-la-tempete\\\/\"},\"author\":{\"name\":\"admin\",\"@id\":\"https:\\\/\\\/lasentinelle.dz\\\/#\\\/schema\\\/person\\\/729ee0024f24e0b8c5ec17232f8e8b41\"},\"headline\":\"Escalade au Moyen-Orient\u00a0: Le d\u00e9troit d&rsquo;Ormuz au c\u0153ur de la temp\u00eate\",\"datePublished\":\"2026-03-10T19:15:00+00:00\",\"dateModified\":\"2026-03-10T19:15:01+00:00\",\"mainEntityOfPage\":{\"@id\":\"https:\\\/\\\/lasentinelle.dz\\\/index.php\\\/2026\\\/03\\\/10\\\/escalade-au-moyen-orient-le-detroit-dormuz-au-coeur-de-la-tempete\\\/\"},\"wordCount\":1655,\"commentCount\":0,\"publisher\":{\"@id\":\"https:\\\/\\\/lasentinelle.dz\\\/#organization\"},\"image\":{\"@id\":\"https:\\\/\\\/lasentinelle.dz\\\/index.php\\\/2026\\\/03\\\/10\\\/escalade-au-moyen-orient-le-detroit-dormuz-au-coeur-de-la-tempete\\\/#primaryimage\"},\"thumbnailUrl\":\"https:\\\/\\\/lasentinelle.dz\\\/wp-content\\\/uploads\\\/2025\\\/06\\\/detroit-dormuz.jpg\",\"articleSection\":[\"\u00c0 la Une\",\"Monde\"],\"inLanguage\":\"fr-FR\",\"potentialAction\":[{\"@type\":\"CommentAction\",\"name\":\"Comment\",\"target\":[\"https:\\\/\\\/lasentinelle.dz\\\/index.php\\\/2026\\\/03\\\/10\\\/escalade-au-moyen-orient-le-detroit-dormuz-au-coeur-de-la-tempete\\\/#respond\"]}]},{\"@type\":\"WebPage\",\"@id\":\"https:\\\/\\\/lasentinelle.dz\\\/index.php\\\/2026\\\/03\\\/10\\\/escalade-au-moyen-orient-le-detroit-dormuz-au-coeur-de-la-tempete\\\/\",\"url\":\"https:\\\/\\\/lasentinelle.dz\\\/index.php\\\/2026\\\/03\\\/10\\\/escalade-au-moyen-orient-le-detroit-dormuz-au-coeur-de-la-tempete\\\/\",\"name\":\"Escalade au Moyen-Orient\u00a0: Le d\u00e9troit d&rsquo;Ormuz au c\u0153ur de la temp\u00eate - La Sentinelle\",\"isPartOf\":{\"@id\":\"https:\\\/\\\/lasentinelle.dz\\\/#website\"},\"primaryImageOfPage\":{\"@id\":\"https:\\\/\\\/lasentinelle.dz\\\/index.php\\\/2026\\\/03\\\/10\\\/escalade-au-moyen-orient-le-detroit-dormuz-au-coeur-de-la-tempete\\\/#primaryimage\"},\"image\":{\"@id\":\"https:\\\/\\\/lasentinelle.dz\\\/index.php\\\/2026\\\/03\\\/10\\\/escalade-au-moyen-orient-le-detroit-dormuz-au-coeur-de-la-tempete\\\/#primaryimage\"},\"thumbnailUrl\":\"https:\\\/\\\/lasentinelle.dz\\\/wp-content\\\/uploads\\\/2025\\\/06\\\/detroit-dormuz.jpg\",\"datePublished\":\"2026-03-10T19:15:00+00:00\",\"dateModified\":\"2026-03-10T19:15:01+00:00\",\"breadcrumb\":{\"@id\":\"https:\\\/\\\/lasentinelle.dz\\\/index.php\\\/2026\\\/03\\\/10\\\/escalade-au-moyen-orient-le-detroit-dormuz-au-coeur-de-la-tempete\\\/#breadcrumb\"},\"inLanguage\":\"fr-FR\",\"potentialAction\":[{\"@type\":\"ReadAction\",\"target\":[\"https:\\\/\\\/lasentinelle.dz\\\/index.php\\\/2026\\\/03\\\/10\\\/escalade-au-moyen-orient-le-detroit-dormuz-au-coeur-de-la-tempete\\\/\"]}]},{\"@type\":\"ImageObject\",\"inLanguage\":\"fr-FR\",\"@id\":\"https:\\\/\\\/lasentinelle.dz\\\/index.php\\\/2026\\\/03\\\/10\\\/escalade-au-moyen-orient-le-detroit-dormuz-au-coeur-de-la-tempete\\\/#primaryimage\",\"url\":\"https:\\\/\\\/lasentinelle.dz\\\/wp-content\\\/uploads\\\/2025\\\/06\\\/detroit-dormuz.jpg\",\"contentUrl\":\"https:\\\/\\\/lasentinelle.dz\\\/wp-content\\\/uploads\\\/2025\\\/06\\\/detroit-dormuz.jpg\",\"width\":1400,\"height\":750},{\"@type\":\"BreadcrumbList\",\"@id\":\"https:\\\/\\\/lasentinelle.dz\\\/index.php\\\/2026\\\/03\\\/10\\\/escalade-au-moyen-orient-le-detroit-dormuz-au-coeur-de-la-tempete\\\/#breadcrumb\",\"itemListElement\":[{\"@type\":\"ListItem\",\"position\":1,\"name\":\"Accueil\",\"item\":\"https:\\\/\\\/lasentinelle.dz\\\/\"},{\"@type\":\"ListItem\",\"position\":2,\"name\":\"Escalade au Moyen-Orient\u00a0: Le d\u00e9troit d&rsquo;Ormuz au c\u0153ur de la temp\u00eate\"}]},{\"@type\":\"WebSite\",\"@id\":\"https:\\\/\\\/lasentinelle.dz\\\/#website\",\"url\":\"https:\\\/\\\/lasentinelle.dz\\\/\",\"name\":\"La Sentinelle\",\"description\":\"Quotidien national d&#039;information\",\"publisher\":{\"@id\":\"https:\\\/\\\/lasentinelle.dz\\\/#organization\"},\"potentialAction\":[{\"@type\":\"SearchAction\",\"target\":{\"@type\":\"EntryPoint\",\"urlTemplate\":\"https:\\\/\\\/lasentinelle.dz\\\/?s={search_term_string}\"},\"query-input\":{\"@type\":\"PropertyValueSpecification\",\"valueRequired\":true,\"valueName\":\"search_term_string\"}}],\"inLanguage\":\"fr-FR\"},{\"@type\":\"Organization\",\"@id\":\"https:\\\/\\\/lasentinelle.dz\\\/#organization\",\"name\":\"Quotidien La Sentinelle\",\"url\":\"https:\\\/\\\/lasentinelle.dz\\\/\",\"logo\":{\"@type\":\"ImageObject\",\"inLanguage\":\"fr-FR\",\"@id\":\"https:\\\/\\\/lasentinelle.dz\\\/#\\\/schema\\\/logo\\\/image\\\/\",\"url\":\"https:\\\/\\\/lasentinelle.dz\\\/wp-content\\\/uploads\\\/2021\\\/09\\\/logo-sentinelleSLOGAN-1.png\",\"contentUrl\":\"https:\\\/\\\/lasentinelle.dz\\\/wp-content\\\/uploads\\\/2021\\\/09\\\/logo-sentinelleSLOGAN-1.png\",\"width\":615,\"height\":142,\"caption\":\"Quotidien La Sentinelle\"},\"image\":{\"@id\":\"https:\\\/\\\/lasentinelle.dz\\\/#\\\/schema\\\/logo\\\/image\\\/\"},\"sameAs\":[\"https:\\\/\\\/www.facebook.com\\\/La-Sentinelle-104059864394773\"]},{\"@type\":\"Person\",\"@id\":\"https:\\\/\\\/lasentinelle.dz\\\/#\\\/schema\\\/person\\\/729ee0024f24e0b8c5ec17232f8e8b41\",\"name\":\"admin\",\"image\":{\"@type\":\"ImageObject\",\"inLanguage\":\"fr-FR\",\"@id\":\"https:\\\/\\\/secure.gravatar.com\\\/avatar\\\/4c81fed838786e9b53f540bf46533e750f5d292099ae3b66cfc6fb1982e29df7?s=96&d=mm&r=g\",\"url\":\"https:\\\/\\\/secure.gravatar.com\\\/avatar\\\/4c81fed838786e9b53f540bf46533e750f5d292099ae3b66cfc6fb1982e29df7?s=96&d=mm&r=g\",\"contentUrl\":\"https:\\\/\\\/secure.gravatar.com\\\/avatar\\\/4c81fed838786e9b53f540bf46533e750f5d292099ae3b66cfc6fb1982e29df7?s=96&d=mm&r=g\",\"caption\":\"admin\"},\"description\":\"admin\",\"url\":\"https:\\\/\\\/lasentinelle.dz\\\/author\\\/admin\\\/\"}]}<\/script>\n<!-- \/ Yoast SEO plugin. -->","yoast_head_json":{"title":"Escalade au Moyen-Orient\u00a0: Le d\u00e9troit d&rsquo;Ormuz au c\u0153ur de la temp\u00eate - La Sentinelle","robots":{"index":"index","follow":"follow","max-snippet":"max-snippet:-1","max-image-preview":"max-image-preview:large","max-video-preview":"max-video-preview:-1"},"canonical":"https:\/\/lasentinelle.dz\/index.php\/2026\/03\/10\/escalade-au-moyen-orient-le-detroit-dormuz-au-coeur-de-la-tempete\/","og_locale":"fr_FR","og_type":"article","og_title":"Escalade au Moyen-Orient\u00a0: Le d\u00e9troit d&rsquo;Ormuz au c\u0153ur de la temp\u00eate - La Sentinelle","og_description":"L&rsquo;Iran avertit qu\u2019il ne laissera aucune goutte sortir du d\u00e9troit d&rsquo;Ormuz. L&rsquo;Iran a annonc\u00e9 mardi le blocage total des exportations","og_url":"https:\/\/lasentinelle.dz\/index.php\/2026\/03\/10\/escalade-au-moyen-orient-le-detroit-dormuz-au-coeur-de-la-tempete\/","og_site_name":"La Sentinelle","article_publisher":"https:\/\/www.facebook.com\/La-Sentinelle-104059864394773","article_published_time":"2026-03-10T19:15:00+00:00","article_modified_time":"2026-03-10T19:15:01+00:00","og_image":[{"width":1400,"height":750,"url":"https:\/\/lasentinelle.dz\/wp-content\/uploads\/2025\/06\/detroit-dormuz.jpg","type":"image\/jpeg"}],"author":"admin","twitter_card":"summary_large_image","twitter_misc":{"\u00c9crit par":"admin","Dur\u00e9e de lecture estim\u00e9e":"8 minutes"},"schema":{"@context":"https:\/\/schema.org","@graph":[{"@type":"Article","@id":"https:\/\/lasentinelle.dz\/index.php\/2026\/03\/10\/escalade-au-moyen-orient-le-detroit-dormuz-au-coeur-de-la-tempete\/#article","isPartOf":{"@id":"https:\/\/lasentinelle.dz\/index.php\/2026\/03\/10\/escalade-au-moyen-orient-le-detroit-dormuz-au-coeur-de-la-tempete\/"},"author":{"name":"admin","@id":"https:\/\/lasentinelle.dz\/#\/schema\/person\/729ee0024f24e0b8c5ec17232f8e8b41"},"headline":"Escalade au Moyen-Orient\u00a0: Le d\u00e9troit d&rsquo;Ormuz au c\u0153ur de la temp\u00eate","datePublished":"2026-03-10T19:15:00+00:00","dateModified":"2026-03-10T19:15:01+00:00","mainEntityOfPage":{"@id":"https:\/\/lasentinelle.dz\/index.php\/2026\/03\/10\/escalade-au-moyen-orient-le-detroit-dormuz-au-coeur-de-la-tempete\/"},"wordCount":1655,"commentCount":0,"publisher":{"@id":"https:\/\/lasentinelle.dz\/#organization"},"image":{"@id":"https:\/\/lasentinelle.dz\/index.php\/2026\/03\/10\/escalade-au-moyen-orient-le-detroit-dormuz-au-coeur-de-la-tempete\/#primaryimage"},"thumbnailUrl":"https:\/\/lasentinelle.dz\/wp-content\/uploads\/2025\/06\/detroit-dormuz.jpg","articleSection":["\u00c0 la Une","Monde"],"inLanguage":"fr-FR","potentialAction":[{"@type":"CommentAction","name":"Comment","target":["https:\/\/lasentinelle.dz\/index.php\/2026\/03\/10\/escalade-au-moyen-orient-le-detroit-dormuz-au-coeur-de-la-tempete\/#respond"]}]},{"@type":"WebPage","@id":"https:\/\/lasentinelle.dz\/index.php\/2026\/03\/10\/escalade-au-moyen-orient-le-detroit-dormuz-au-coeur-de-la-tempete\/","url":"https:\/\/lasentinelle.dz\/index.php\/2026\/03\/10\/escalade-au-moyen-orient-le-detroit-dormuz-au-coeur-de-la-tempete\/","name":"Escalade au Moyen-Orient\u00a0: Le d\u00e9troit d&rsquo;Ormuz au c\u0153ur de la temp\u00eate - La Sentinelle","isPartOf":{"@id":"https:\/\/lasentinelle.dz\/#website"},"primaryImageOfPage":{"@id":"https:\/\/lasentinelle.dz\/index.php\/2026\/03\/10\/escalade-au-moyen-orient-le-detroit-dormuz-au-coeur-de-la-tempete\/#primaryimage"},"image":{"@id":"https:\/\/lasentinelle.dz\/index.php\/2026\/03\/10\/escalade-au-moyen-orient-le-detroit-dormuz-au-coeur-de-la-tempete\/#primaryimage"},"thumbnailUrl":"https:\/\/lasentinelle.dz\/wp-content\/uploads\/2025\/06\/detroit-dormuz.jpg","datePublished":"2026-03-10T19:15:00+00:00","dateModified":"2026-03-10T19:15:01+00:00","breadcrumb":{"@id":"https:\/\/lasentinelle.dz\/index.php\/2026\/03\/10\/escalade-au-moyen-orient-le-detroit-dormuz-au-coeur-de-la-tempete\/#breadcrumb"},"inLanguage":"fr-FR","potentialAction":[{"@type":"ReadAction","target":["https:\/\/lasentinelle.dz\/index.php\/2026\/03\/10\/escalade-au-moyen-orient-le-detroit-dormuz-au-coeur-de-la-tempete\/"]}]},{"@type":"ImageObject","inLanguage":"fr-FR","@id":"https:\/\/lasentinelle.dz\/index.php\/2026\/03\/10\/escalade-au-moyen-orient-le-detroit-dormuz-au-coeur-de-la-tempete\/#primaryimage","url":"https:\/\/lasentinelle.dz\/wp-content\/uploads\/2025\/06\/detroit-dormuz.jpg","contentUrl":"https:\/\/lasentinelle.dz\/wp-content\/uploads\/2025\/06\/detroit-dormuz.jpg","width":1400,"height":750},{"@type":"BreadcrumbList","@id":"https:\/\/lasentinelle.dz\/index.php\/2026\/03\/10\/escalade-au-moyen-orient-le-detroit-dormuz-au-coeur-de-la-tempete\/#breadcrumb","itemListElement":[{"@type":"ListItem","position":1,"name":"Accueil","item":"https:\/\/lasentinelle.dz\/"},{"@type":"ListItem","position":2,"name":"Escalade au Moyen-Orient\u00a0: Le d\u00e9troit d&rsquo;Ormuz au c\u0153ur de la temp\u00eate"}]},{"@type":"WebSite","@id":"https:\/\/lasentinelle.dz\/#website","url":"https:\/\/lasentinelle.dz\/","name":"La Sentinelle","description":"Quotidien national d&#039;information","publisher":{"@id":"https:\/\/lasentinelle.dz\/#organization"},"potentialAction":[{"@type":"SearchAction","target":{"@type":"EntryPoint","urlTemplate":"https:\/\/lasentinelle.dz\/?s={search_term_string}"},"query-input":{"@type":"PropertyValueSpecification","valueRequired":true,"valueName":"search_term_string"}}],"inLanguage":"fr-FR"},{"@type":"Organization","@id":"https:\/\/lasentinelle.dz\/#organization","name":"Quotidien La Sentinelle","url":"https:\/\/lasentinelle.dz\/","logo":{"@type":"ImageObject","inLanguage":"fr-FR","@id":"https:\/\/lasentinelle.dz\/#\/schema\/logo\/image\/","url":"https:\/\/lasentinelle.dz\/wp-content\/uploads\/2021\/09\/logo-sentinelleSLOGAN-1.png","contentUrl":"https:\/\/lasentinelle.dz\/wp-content\/uploads\/2021\/09\/logo-sentinelleSLOGAN-1.png","width":615,"height":142,"caption":"Quotidien La Sentinelle"},"image":{"@id":"https:\/\/lasentinelle.dz\/#\/schema\/logo\/image\/"},"sameAs":["https:\/\/www.facebook.com\/La-Sentinelle-104059864394773"]},{"@type":"Person","@id":"https:\/\/lasentinelle.dz\/#\/schema\/person\/729ee0024f24e0b8c5ec17232f8e8b41","name":"admin","image":{"@type":"ImageObject","inLanguage":"fr-FR","@id":"https:\/\/secure.gravatar.com\/avatar\/4c81fed838786e9b53f540bf46533e750f5d292099ae3b66cfc6fb1982e29df7?s=96&d=mm&r=g","url":"https:\/\/secure.gravatar.com\/avatar\/4c81fed838786e9b53f540bf46533e750f5d292099ae3b66cfc6fb1982e29df7?s=96&d=mm&r=g","contentUrl":"https:\/\/secure.gravatar.com\/avatar\/4c81fed838786e9b53f540bf46533e750f5d292099ae3b66cfc6fb1982e29df7?s=96&d=mm&r=g","caption":"admin"},"description":"admin","url":"https:\/\/lasentinelle.dz\/author\/admin\/"}]}},"_links":{"self":[{"href":"https:\/\/lasentinelle.dz\/index.php\/wp-json\/wp\/v2\/posts\/83235","targetHints":{"allow":["GET"]}}],"collection":[{"href":"https:\/\/lasentinelle.dz\/index.php\/wp-json\/wp\/v2\/posts"}],"about":[{"href":"https:\/\/lasentinelle.dz\/index.php\/wp-json\/wp\/v2\/types\/post"}],"author":[{"embeddable":true,"href":"https:\/\/lasentinelle.dz\/index.php\/wp-json\/wp\/v2\/users\/6"}],"replies":[{"embeddable":true,"href":"https:\/\/lasentinelle.dz\/index.php\/wp-json\/wp\/v2\/comments?post=83235"}],"version-history":[{"count":2,"href":"https:\/\/lasentinelle.dz\/index.php\/wp-json\/wp\/v2\/posts\/83235\/revisions"}],"predecessor-version":[{"id":83237,"href":"https:\/\/lasentinelle.dz\/index.php\/wp-json\/wp\/v2\/posts\/83235\/revisions\/83237"}],"wp:featuredmedia":[{"embeddable":true,"href":"https:\/\/lasentinelle.dz\/index.php\/wp-json\/wp\/v2\/media\/69274"}],"wp:attachment":[{"href":"https:\/\/lasentinelle.dz\/index.php\/wp-json\/wp\/v2\/media?parent=83235"}],"wp:term":[{"taxonomy":"category","embeddable":true,"href":"https:\/\/lasentinelle.dz\/index.php\/wp-json\/wp\/v2\/categories?post=83235"},{"taxonomy":"post_tag","embeddable":true,"href":"https:\/\/lasentinelle.dz\/index.php\/wp-json\/wp\/v2\/tags?post=83235"}],"curies":[{"name":"wp","href":"https:\/\/api.w.org\/{rel}","templated":true}]}}