{"id":83252,"date":"2026-03-10T20:21:22","date_gmt":"2026-03-10T19:21:22","guid":{"rendered":"https:\/\/lasentinelle.dz\/?p=83252"},"modified":"2026-03-10T20:21:23","modified_gmt":"2026-03-10T19:21:23","slug":"le-conseil-de-la-nation-reprend-les-plenieres-le-30-mars-la-loi-sur-les-partis-soumise-au-debat","status":"publish","type":"post","link":"https:\/\/lasentinelle.dz\/index.php\/2026\/03\/10\/le-conseil-de-la-nation-reprend-les-plenieres-le-30-mars-la-loi-sur-les-partis-soumise-au-debat\/","title":{"rendered":"Le Conseil de la Nation reprend les pl\u00e9ni\u00e8res le 30 mars\u00a0: La loi sur les partis soumise au d\u00e9bat"},"content":{"rendered":"\n<p>La chambre haute du Parlement d\u00e9finit son calendrier pour le mois de mars. R\u00e9uni ce mardi sous la pr\u00e9sidence d&rsquo;Azzouz Nasri, le bureau du Conseil de la Nation a arr\u00eat\u00e9 un agenda l\u00e9gislatif charg\u00e9 pour la fin du mois de mars et le d\u00e9but avril, pla\u00e7ant au c\u0153ur des d\u00e9bats la tr\u00e8s attendue loi organique relative aux partis politiques \u2014 adopt\u00e9e lundi par l&rsquo;Assembl\u00e9e populaire nationale \u2014 ainsi que plusieurs textes budg\u00e9taires et r\u00e9glementaires d&rsquo;importance. Une s\u00e9quence parlementaire qui s&rsquo;annonce dense, dans un contexte politique marqu\u00e9 par la volont\u00e9 des autorit\u00e9s de moderniser le cadre juridique encadrant la vie partisane en Alg\u00e9rie. Selon le communiqu\u00e9 du Conseil, la r\u00e9union \u2014 \u00e9largie aux pr\u00e9sidents des groupes parlementaires et \u00e0 l&rsquo;observateur parlementaire \u2014 \u00ab a \u00e9t\u00e9 consacr\u00e9e \u00e0 l&rsquo;examen du calendrier de travail du Conseil pour la p\u00e9riode du 30 mars au 6 avril prochain, ainsi qu&rsquo;\u00e0 l&rsquo;\u00e9tude des questions orales et \u00e9crites d\u00e9pos\u00e9es aupr\u00e8s du bureau \u00bb. Un programme qui dessine, en creux, les priorit\u00e9s institutionnelles du moment.<\/p>\n\n\n\n<p>Le texte le plus attendu est sans conteste la loi organique relative aux partis politiques. Vot\u00e9e lundi \u00e0 l&rsquo;Assembl\u00e9e populaire nationale, elle entame d\u00e9sormais son parcours au sein de la chambre haute. Le bureau a d\u00e9cid\u00e9 de la renvoyer \u00e0 la commission des affaires juridiques et administratives, des droits de l&rsquo;homme, de l&rsquo;organisation locale et du d\u00e9coupage territorial, qui \u00ab auditionnera le ministre de l&rsquo;Int\u00e9rieur, des Collectivit\u00e9s locales et des Transports dimanche prochain \u00bb dans le cadre de son examen.<\/p>\n\n\n\n<p>Les pl\u00e9ni\u00e8res publiques reprendront le lundi 30 mars au matin pour \u00ab la pr\u00e9sentation et la discussion du texte de la loi organique relative aux partis politiques \u00bb, pr\u00e9cise le communiqu\u00e9. Les d\u00e9bats se poursuivront dans l&rsquo;apr\u00e8s-midi du m\u00eame jour, suivis des interventions des pr\u00e9sidents de groupes parlementaires, avant que le ministre de l&rsquo;Int\u00e9rieur ne r\u00e9ponde aux interrogations et pr\u00e9occupations des membres du Conseil. La s\u00e9ance du lundi 6 avril sera quant \u00e0 elle consacr\u00e9e au vote final sur ce texte, ainsi qu&rsquo;aux dispositions en litige de la loi criminalisant le colonialisme fran\u00e7ais en Alg\u00e9rie et de celles relatives au code de la route. Par ailleurs, la loi portant r\u00e8glement budg\u00e9taire de l&rsquo;exercice 2023 a \u00e9t\u00e9 renvoy\u00e9e \u00e0 la commission des affaires \u00e9conomiques et financi\u00e8res. Sa pr\u00e9sentation et son vote en s\u00e9ance pl\u00e9ni\u00e8re sont programm\u00e9s pour le mardi 31 mars 2026.<\/p>\n\n\n\n<p><strong>Sp\u00e9culation : le S\u00e9nat salue la vigilance du pr\u00e9sident<\/strong><\/p>\n\n\n\n<p>En marge des questions strictement l\u00e9gislatives, le bureau du Conseil de la Nation a tenu \u00e0 exprimer son soutien aux orientations pr\u00e9sidentielles sur un sujet qui touche directement le quotidien des Alg\u00e9riens : la lutte contre la sp\u00e9culation. Le bureau a salu\u00e9 les directives du pr\u00e9sident de la R\u00e9publique, Abdelmadjid Tebboune, exprim\u00e9es lors du dernier Conseil des ministres, et notamment son souci \u00ab d&rsquo;assurer les droits des jeunes, de pr\u00e9server leur dignit\u00e9 et d&rsquo;\u00e9lever leur rang \u00bb, ainsi que \u00ab les d\u00e9marches responsables visant \u00e0 maintenir le caract\u00e8re social de l&rsquo;\u00c9tat \u00bb. Le communiqu\u00e9 cite en particulier \u00ab la n\u00e9cessit\u00e9 de fournir le mouton de l&rsquo;A\u00efd, qui sera acquis \u00e0 l&rsquo;\u00e9tranger \u00e0 des prix encadr\u00e9s et \u00e9tudi\u00e9s, prenant en compte la situation et les conditions des citoyens \u00bb. Le bureau a salu\u00e9 dans ce cadre \u00ab le suivi assidu et l&rsquo;attention soutenue \u00bb que le chef de l&rsquo;\u00c9tat accorde en toute occasion \u00e0 \u00ab la limitation de la cupidit\u00e9 des sp\u00e9culateurs \u00bb \u2014 une formulation qui r\u00e9sonne comme un avertissement \u00e0 peine voil\u00e9 \u00e0 l&rsquo;adresse des op\u00e9rateurs du march\u00e9.<\/p>\n\n\n\n<p>Hocine Fadheli<\/p>\n","protected":false},"excerpt":{"rendered":"<p>La chambre haute du Parlement d\u00e9finit son calendrier pour le mois de mars. R\u00e9uni ce mardi sous la pr\u00e9sidence d&rsquo;Azzouz<\/p>\n","protected":false},"author":6,"featured_media":64180,"comment_status":"open","ping_status":"closed","sticky":false,"template":"","format":"standard","meta":{"colormag_page_container_layout":"default_layout","colormag_page_sidebar_layout":"default_layout","om_disable_all_campaigns":false,"_monsterinsights_skip_tracking":false,"_monsterinsights_sitenote_active":false,"_monsterinsights_sitenote_note":"","_monsterinsights_sitenote_category":0,"footnotes":"","_wpscppro_dont_share_socialmedia":false,"_wpscppro_custom_social_share_image":0,"_facebook_share_type":"default","_twitter_share_type":"default","_linkedin_share_type":"default","_pinterest_share_type":"default","_linkedin_share_type_page":"","_instagram_share_type":"default","_medium_share_type":"default","_threads_share_type":"default","_google_business_share_type":"default","_selected_social_profile":[],"_wpsp_enable_custom_social_template":false,"_wpsp_social_scheduling":{"enabled":false,"datetime":null,"platforms":[],"status":"template_only","dateOption":"today","timeOption":"now","customDays":"","customHours":"","customDate":"","customTime":"","schedulingType":"absolute"},"_wpsp_active_default_template":true},"categories":[27],"tags":[],"class_list":["post-83252","post","type-post","status-publish","format-standard","has-post-thumbnail","hentry","category-actualite"],"aioseo_notices":[],"yoast_head":"<!-- This site is optimized with the Yoast SEO plugin v27.4 - https:\/\/yoast.com\/product\/yoast-seo-wordpress\/ -->\n<title>Le Conseil de la Nation reprend les pl\u00e9ni\u00e8res le 30 mars\u00a0: La loi sur les partis soumise au d\u00e9bat - La Sentinelle<\/title>\n<meta name=\"robots\" content=\"index, follow, max-snippet:-1, max-image-preview:large, max-video-preview:-1\" \/>\n<link rel=\"canonical\" href=\"https:\/\/lasentinelle.dz\/index.php\/2026\/03\/10\/le-conseil-de-la-nation-reprend-les-plenieres-le-30-mars-la-loi-sur-les-partis-soumise-au-debat\/\" \/>\n<meta property=\"og:locale\" content=\"fr_FR\" \/>\n<meta property=\"og:type\" content=\"article\" \/>\n<meta property=\"og:title\" content=\"Le Conseil de la Nation reprend les pl\u00e9ni\u00e8res le 30 mars\u00a0: La loi sur les partis soumise au d\u00e9bat - La Sentinelle\" \/>\n<meta property=\"og:description\" content=\"La chambre haute du Parlement d\u00e9finit son calendrier pour le mois de mars. R\u00e9uni ce mardi sous la pr\u00e9sidence d&rsquo;Azzouz\" \/>\n<meta property=\"og:url\" content=\"https:\/\/lasentinelle.dz\/index.php\/2026\/03\/10\/le-conseil-de-la-nation-reprend-les-plenieres-le-30-mars-la-loi-sur-les-partis-soumise-au-debat\/\" \/>\n<meta property=\"og:site_name\" content=\"La Sentinelle\" \/>\n<meta property=\"article:publisher\" content=\"https:\/\/www.facebook.com\/La-Sentinelle-104059864394773\" \/>\n<meta property=\"article:published_time\" content=\"2026-03-10T19:21:22+00:00\" \/>\n<meta property=\"article:modified_time\" content=\"2026-03-10T19:21:23+00:00\" \/>\n<meta property=\"og:image\" content=\"https:\/\/lasentinelle.dz\/wp-content\/uploads\/2025\/03\/conseil-de-la-nation.jpeg\" \/>\n\t<meta property=\"og:image:width\" content=\"600\" \/>\n\t<meta property=\"og:image:height\" content=\"339\" \/>\n\t<meta property=\"og:image:type\" content=\"image\/jpeg\" \/>\n<meta name=\"author\" content=\"admin\" \/>\n<meta name=\"twitter:card\" content=\"summary_large_image\" \/>\n<meta name=\"twitter:label1\" content=\"\u00c9crit par\" \/>\n\t<meta name=\"twitter:data1\" content=\"admin\" \/>\n\t<meta name=\"twitter:label2\" content=\"Dur\u00e9e de lecture estim\u00e9e\" \/>\n\t<meta name=\"twitter:data2\" content=\"4 minutes\" \/>\n<script type=\"application\/ld+json\" class=\"yoast-schema-graph\">{\"@context\":\"https:\\\/\\\/schema.org\",\"@graph\":[{\"@type\":\"Article\",\"@id\":\"https:\\\/\\\/lasentinelle.dz\\\/index.php\\\/2026\\\/03\\\/10\\\/le-conseil-de-la-nation-reprend-les-plenieres-le-30-mars-la-loi-sur-les-partis-soumise-au-debat\\\/#article\",\"isPartOf\":{\"@id\":\"https:\\\/\\\/lasentinelle.dz\\\/index.php\\\/2026\\\/03\\\/10\\\/le-conseil-de-la-nation-reprend-les-plenieres-le-30-mars-la-loi-sur-les-partis-soumise-au-debat\\\/\"},\"author\":{\"name\":\"admin\",\"@id\":\"https:\\\/\\\/lasentinelle.dz\\\/#\\\/schema\\\/person\\\/729ee0024f24e0b8c5ec17232f8e8b41\"},\"headline\":\"Le Conseil de la Nation reprend les pl\u00e9ni\u00e8res le 30 mars\u00a0: La loi sur les partis soumise au d\u00e9bat\",\"datePublished\":\"2026-03-10T19:21:22+00:00\",\"dateModified\":\"2026-03-10T19:21:23+00:00\",\"mainEntityOfPage\":{\"@id\":\"https:\\\/\\\/lasentinelle.dz\\\/index.php\\\/2026\\\/03\\\/10\\\/le-conseil-de-la-nation-reprend-les-plenieres-le-30-mars-la-loi-sur-les-partis-soumise-au-debat\\\/\"},\"wordCount\":655,\"commentCount\":0,\"publisher\":{\"@id\":\"https:\\\/\\\/lasentinelle.dz\\\/#organization\"},\"image\":{\"@id\":\"https:\\\/\\\/lasentinelle.dz\\\/index.php\\\/2026\\\/03\\\/10\\\/le-conseil-de-la-nation-reprend-les-plenieres-le-30-mars-la-loi-sur-les-partis-soumise-au-debat\\\/#primaryimage\"},\"thumbnailUrl\":\"https:\\\/\\\/lasentinelle.dz\\\/wp-content\\\/uploads\\\/2025\\\/03\\\/conseil-de-la-nation.jpeg\",\"articleSection\":[\"Actualit\u00e9\"],\"inLanguage\":\"fr-FR\",\"potentialAction\":[{\"@type\":\"CommentAction\",\"name\":\"Comment\",\"target\":[\"https:\\\/\\\/lasentinelle.dz\\\/index.php\\\/2026\\\/03\\\/10\\\/le-conseil-de-la-nation-reprend-les-plenieres-le-30-mars-la-loi-sur-les-partis-soumise-au-debat\\\/#respond\"]}]},{\"@type\":\"WebPage\",\"@id\":\"https:\\\/\\\/lasentinelle.dz\\\/index.php\\\/2026\\\/03\\\/10\\\/le-conseil-de-la-nation-reprend-les-plenieres-le-30-mars-la-loi-sur-les-partis-soumise-au-debat\\\/\",\"url\":\"https:\\\/\\\/lasentinelle.dz\\\/index.php\\\/2026\\\/03\\\/10\\\/le-conseil-de-la-nation-reprend-les-plenieres-le-30-mars-la-loi-sur-les-partis-soumise-au-debat\\\/\",\"name\":\"Le Conseil de la Nation reprend les pl\u00e9ni\u00e8res le 30 mars\u00a0: La loi sur les partis soumise au d\u00e9bat - La Sentinelle\",\"isPartOf\":{\"@id\":\"https:\\\/\\\/lasentinelle.dz\\\/#website\"},\"primaryImageOfPage\":{\"@id\":\"https:\\\/\\\/lasentinelle.dz\\\/index.php\\\/2026\\\/03\\\/10\\\/le-conseil-de-la-nation-reprend-les-plenieres-le-30-mars-la-loi-sur-les-partis-soumise-au-debat\\\/#primaryimage\"},\"image\":{\"@id\":\"https:\\\/\\\/lasentinelle.dz\\\/index.php\\\/2026\\\/03\\\/10\\\/le-conseil-de-la-nation-reprend-les-plenieres-le-30-mars-la-loi-sur-les-partis-soumise-au-debat\\\/#primaryimage\"},\"thumbnailUrl\":\"https:\\\/\\\/lasentinelle.dz\\\/wp-content\\\/uploads\\\/2025\\\/03\\\/conseil-de-la-nation.jpeg\",\"datePublished\":\"2026-03-10T19:21:22+00:00\",\"dateModified\":\"2026-03-10T19:21:23+00:00\",\"breadcrumb\":{\"@id\":\"https:\\\/\\\/lasentinelle.dz\\\/index.php\\\/2026\\\/03\\\/10\\\/le-conseil-de-la-nation-reprend-les-plenieres-le-30-mars-la-loi-sur-les-partis-soumise-au-debat\\\/#breadcrumb\"},\"inLanguage\":\"fr-FR\",\"potentialAction\":[{\"@type\":\"ReadAction\",\"target\":[\"https:\\\/\\\/lasentinelle.dz\\\/index.php\\\/2026\\\/03\\\/10\\\/le-conseil-de-la-nation-reprend-les-plenieres-le-30-mars-la-loi-sur-les-partis-soumise-au-debat\\\/\"]}]},{\"@type\":\"ImageObject\",\"inLanguage\":\"fr-FR\",\"@id\":\"https:\\\/\\\/lasentinelle.dz\\\/index.php\\\/2026\\\/03\\\/10\\\/le-conseil-de-la-nation-reprend-les-plenieres-le-30-mars-la-loi-sur-les-partis-soumise-au-debat\\\/#primaryimage\",\"url\":\"https:\\\/\\\/lasentinelle.dz\\\/wp-content\\\/uploads\\\/2025\\\/03\\\/conseil-de-la-nation.jpeg\",\"contentUrl\":\"https:\\\/\\\/lasentinelle.dz\\\/wp-content\\\/uploads\\\/2025\\\/03\\\/conseil-de-la-nation.jpeg\",\"width\":600,\"height\":339},{\"@type\":\"BreadcrumbList\",\"@id\":\"https:\\\/\\\/lasentinelle.dz\\\/index.php\\\/2026\\\/03\\\/10\\\/le-conseil-de-la-nation-reprend-les-plenieres-le-30-mars-la-loi-sur-les-partis-soumise-au-debat\\\/#breadcrumb\",\"itemListElement\":[{\"@type\":\"ListItem\",\"position\":1,\"name\":\"Accueil\",\"item\":\"https:\\\/\\\/lasentinelle.dz\\\/\"},{\"@type\":\"ListItem\",\"position\":2,\"name\":\"Le Conseil de la Nation reprend les pl\u00e9ni\u00e8res le 30 mars\u00a0: La loi sur les partis soumise au d\u00e9bat\"}]},{\"@type\":\"WebSite\",\"@id\":\"https:\\\/\\\/lasentinelle.dz\\\/#website\",\"url\":\"https:\\\/\\\/lasentinelle.dz\\\/\",\"name\":\"La Sentinelle\",\"description\":\"Quotidien national d&#039;information\",\"publisher\":{\"@id\":\"https:\\\/\\\/lasentinelle.dz\\\/#organization\"},\"potentialAction\":[{\"@type\":\"SearchAction\",\"target\":{\"@type\":\"EntryPoint\",\"urlTemplate\":\"https:\\\/\\\/lasentinelle.dz\\\/?s={search_term_string}\"},\"query-input\":{\"@type\":\"PropertyValueSpecification\",\"valueRequired\":true,\"valueName\":\"search_term_string\"}}],\"inLanguage\":\"fr-FR\"},{\"@type\":\"Organization\",\"@id\":\"https:\\\/\\\/lasentinelle.dz\\\/#organization\",\"name\":\"Quotidien La Sentinelle\",\"url\":\"https:\\\/\\\/lasentinelle.dz\\\/\",\"logo\":{\"@type\":\"ImageObject\",\"inLanguage\":\"fr-FR\",\"@id\":\"https:\\\/\\\/lasentinelle.dz\\\/#\\\/schema\\\/logo\\\/image\\\/\",\"url\":\"https:\\\/\\\/lasentinelle.dz\\\/wp-content\\\/uploads\\\/2021\\\/09\\\/logo-sentinelleSLOGAN-1.png\",\"contentUrl\":\"https:\\\/\\\/lasentinelle.dz\\\/wp-content\\\/uploads\\\/2021\\\/09\\\/logo-sentinelleSLOGAN-1.png\",\"width\":615,\"height\":142,\"caption\":\"Quotidien La Sentinelle\"},\"image\":{\"@id\":\"https:\\\/\\\/lasentinelle.dz\\\/#\\\/schema\\\/logo\\\/image\\\/\"},\"sameAs\":[\"https:\\\/\\\/www.facebook.com\\\/La-Sentinelle-104059864394773\"]},{\"@type\":\"Person\",\"@id\":\"https:\\\/\\\/lasentinelle.dz\\\/#\\\/schema\\\/person\\\/729ee0024f24e0b8c5ec17232f8e8b41\",\"name\":\"admin\",\"image\":{\"@type\":\"ImageObject\",\"inLanguage\":\"fr-FR\",\"@id\":\"https:\\\/\\\/secure.gravatar.com\\\/avatar\\\/4c81fed838786e9b53f540bf46533e750f5d292099ae3b66cfc6fb1982e29df7?s=96&d=mm&r=g\",\"url\":\"https:\\\/\\\/secure.gravatar.com\\\/avatar\\\/4c81fed838786e9b53f540bf46533e750f5d292099ae3b66cfc6fb1982e29df7?s=96&d=mm&r=g\",\"contentUrl\":\"https:\\\/\\\/secure.gravatar.com\\\/avatar\\\/4c81fed838786e9b53f540bf46533e750f5d292099ae3b66cfc6fb1982e29df7?s=96&d=mm&r=g\",\"caption\":\"admin\"},\"description\":\"admin\",\"url\":\"https:\\\/\\\/lasentinelle.dz\\\/author\\\/admin\\\/\"}]}<\/script>\n<!-- \/ Yoast SEO plugin. -->","yoast_head_json":{"title":"Le Conseil de la Nation reprend les pl\u00e9ni\u00e8res le 30 mars\u00a0: La loi sur les partis soumise au d\u00e9bat - La Sentinelle","robots":{"index":"index","follow":"follow","max-snippet":"max-snippet:-1","max-image-preview":"max-image-preview:large","max-video-preview":"max-video-preview:-1"},"canonical":"https:\/\/lasentinelle.dz\/index.php\/2026\/03\/10\/le-conseil-de-la-nation-reprend-les-plenieres-le-30-mars-la-loi-sur-les-partis-soumise-au-debat\/","og_locale":"fr_FR","og_type":"article","og_title":"Le Conseil de la Nation reprend les pl\u00e9ni\u00e8res le 30 mars\u00a0: La loi sur les partis soumise au d\u00e9bat - La Sentinelle","og_description":"La chambre haute du Parlement d\u00e9finit son calendrier pour le mois de mars. R\u00e9uni ce mardi sous la pr\u00e9sidence d&rsquo;Azzouz","og_url":"https:\/\/lasentinelle.dz\/index.php\/2026\/03\/10\/le-conseil-de-la-nation-reprend-les-plenieres-le-30-mars-la-loi-sur-les-partis-soumise-au-debat\/","og_site_name":"La Sentinelle","article_publisher":"https:\/\/www.facebook.com\/La-Sentinelle-104059864394773","article_published_time":"2026-03-10T19:21:22+00:00","article_modified_time":"2026-03-10T19:21:23+00:00","og_image":[{"width":600,"height":339,"url":"https:\/\/lasentinelle.dz\/wp-content\/uploads\/2025\/03\/conseil-de-la-nation.jpeg","type":"image\/jpeg"}],"author":"admin","twitter_card":"summary_large_image","twitter_misc":{"\u00c9crit par":"admin","Dur\u00e9e de lecture estim\u00e9e":"4 minutes"},"schema":{"@context":"https:\/\/schema.org","@graph":[{"@type":"Article","@id":"https:\/\/lasentinelle.dz\/index.php\/2026\/03\/10\/le-conseil-de-la-nation-reprend-les-plenieres-le-30-mars-la-loi-sur-les-partis-soumise-au-debat\/#article","isPartOf":{"@id":"https:\/\/lasentinelle.dz\/index.php\/2026\/03\/10\/le-conseil-de-la-nation-reprend-les-plenieres-le-30-mars-la-loi-sur-les-partis-soumise-au-debat\/"},"author":{"name":"admin","@id":"https:\/\/lasentinelle.dz\/#\/schema\/person\/729ee0024f24e0b8c5ec17232f8e8b41"},"headline":"Le Conseil de la Nation reprend les pl\u00e9ni\u00e8res le 30 mars\u00a0: La loi sur les partis soumise au d\u00e9bat","datePublished":"2026-03-10T19:21:22+00:00","dateModified":"2026-03-10T19:21:23+00:00","mainEntityOfPage":{"@id":"https:\/\/lasentinelle.dz\/index.php\/2026\/03\/10\/le-conseil-de-la-nation-reprend-les-plenieres-le-30-mars-la-loi-sur-les-partis-soumise-au-debat\/"},"wordCount":655,"commentCount":0,"publisher":{"@id":"https:\/\/lasentinelle.dz\/#organization"},"image":{"@id":"https:\/\/lasentinelle.dz\/index.php\/2026\/03\/10\/le-conseil-de-la-nation-reprend-les-plenieres-le-30-mars-la-loi-sur-les-partis-soumise-au-debat\/#primaryimage"},"thumbnailUrl":"https:\/\/lasentinelle.dz\/wp-content\/uploads\/2025\/03\/conseil-de-la-nation.jpeg","articleSection":["Actualit\u00e9"],"inLanguage":"fr-FR","potentialAction":[{"@type":"CommentAction","name":"Comment","target":["https:\/\/lasentinelle.dz\/index.php\/2026\/03\/10\/le-conseil-de-la-nation-reprend-les-plenieres-le-30-mars-la-loi-sur-les-partis-soumise-au-debat\/#respond"]}]},{"@type":"WebPage","@id":"https:\/\/lasentinelle.dz\/index.php\/2026\/03\/10\/le-conseil-de-la-nation-reprend-les-plenieres-le-30-mars-la-loi-sur-les-partis-soumise-au-debat\/","url":"https:\/\/lasentinelle.dz\/index.php\/2026\/03\/10\/le-conseil-de-la-nation-reprend-les-plenieres-le-30-mars-la-loi-sur-les-partis-soumise-au-debat\/","name":"Le Conseil de la Nation reprend les pl\u00e9ni\u00e8res le 30 mars\u00a0: La loi sur les partis soumise au d\u00e9bat - La Sentinelle","isPartOf":{"@id":"https:\/\/lasentinelle.dz\/#website"},"primaryImageOfPage":{"@id":"https:\/\/lasentinelle.dz\/index.php\/2026\/03\/10\/le-conseil-de-la-nation-reprend-les-plenieres-le-30-mars-la-loi-sur-les-partis-soumise-au-debat\/#primaryimage"},"image":{"@id":"https:\/\/lasentinelle.dz\/index.php\/2026\/03\/10\/le-conseil-de-la-nation-reprend-les-plenieres-le-30-mars-la-loi-sur-les-partis-soumise-au-debat\/#primaryimage"},"thumbnailUrl":"https:\/\/lasentinelle.dz\/wp-content\/uploads\/2025\/03\/conseil-de-la-nation.jpeg","datePublished":"2026-03-10T19:21:22+00:00","dateModified":"2026-03-10T19:21:23+00:00","breadcrumb":{"@id":"https:\/\/lasentinelle.dz\/index.php\/2026\/03\/10\/le-conseil-de-la-nation-reprend-les-plenieres-le-30-mars-la-loi-sur-les-partis-soumise-au-debat\/#breadcrumb"},"inLanguage":"fr-FR","potentialAction":[{"@type":"ReadAction","target":["https:\/\/lasentinelle.dz\/index.php\/2026\/03\/10\/le-conseil-de-la-nation-reprend-les-plenieres-le-30-mars-la-loi-sur-les-partis-soumise-au-debat\/"]}]},{"@type":"ImageObject","inLanguage":"fr-FR","@id":"https:\/\/lasentinelle.dz\/index.php\/2026\/03\/10\/le-conseil-de-la-nation-reprend-les-plenieres-le-30-mars-la-loi-sur-les-partis-soumise-au-debat\/#primaryimage","url":"https:\/\/lasentinelle.dz\/wp-content\/uploads\/2025\/03\/conseil-de-la-nation.jpeg","contentUrl":"https:\/\/lasentinelle.dz\/wp-content\/uploads\/2025\/03\/conseil-de-la-nation.jpeg","width":600,"height":339},{"@type":"BreadcrumbList","@id":"https:\/\/lasentinelle.dz\/index.php\/2026\/03\/10\/le-conseil-de-la-nation-reprend-les-plenieres-le-30-mars-la-loi-sur-les-partis-soumise-au-debat\/#breadcrumb","itemListElement":[{"@type":"ListItem","position":1,"name":"Accueil","item":"https:\/\/lasentinelle.dz\/"},{"@type":"ListItem","position":2,"name":"Le Conseil de la Nation reprend les pl\u00e9ni\u00e8res le 30 mars\u00a0: La loi sur les partis soumise au d\u00e9bat"}]},{"@type":"WebSite","@id":"https:\/\/lasentinelle.dz\/#website","url":"https:\/\/lasentinelle.dz\/","name":"La Sentinelle","description":"Quotidien national d&#039;information","publisher":{"@id":"https:\/\/lasentinelle.dz\/#organization"},"potentialAction":[{"@type":"SearchAction","target":{"@type":"EntryPoint","urlTemplate":"https:\/\/lasentinelle.dz\/?s={search_term_string}"},"query-input":{"@type":"PropertyValueSpecification","valueRequired":true,"valueName":"search_term_string"}}],"inLanguage":"fr-FR"},{"@type":"Organization","@id":"https:\/\/lasentinelle.dz\/#organization","name":"Quotidien La Sentinelle","url":"https:\/\/lasentinelle.dz\/","logo":{"@type":"ImageObject","inLanguage":"fr-FR","@id":"https:\/\/lasentinelle.dz\/#\/schema\/logo\/image\/","url":"https:\/\/lasentinelle.dz\/wp-content\/uploads\/2021\/09\/logo-sentinelleSLOGAN-1.png","contentUrl":"https:\/\/lasentinelle.dz\/wp-content\/uploads\/2021\/09\/logo-sentinelleSLOGAN-1.png","width":615,"height":142,"caption":"Quotidien La Sentinelle"},"image":{"@id":"https:\/\/lasentinelle.dz\/#\/schema\/logo\/image\/"},"sameAs":["https:\/\/www.facebook.com\/La-Sentinelle-104059864394773"]},{"@type":"Person","@id":"https:\/\/lasentinelle.dz\/#\/schema\/person\/729ee0024f24e0b8c5ec17232f8e8b41","name":"admin","image":{"@type":"ImageObject","inLanguage":"fr-FR","@id":"https:\/\/secure.gravatar.com\/avatar\/4c81fed838786e9b53f540bf46533e750f5d292099ae3b66cfc6fb1982e29df7?s=96&d=mm&r=g","url":"https:\/\/secure.gravatar.com\/avatar\/4c81fed838786e9b53f540bf46533e750f5d292099ae3b66cfc6fb1982e29df7?s=96&d=mm&r=g","contentUrl":"https:\/\/secure.gravatar.com\/avatar\/4c81fed838786e9b53f540bf46533e750f5d292099ae3b66cfc6fb1982e29df7?s=96&d=mm&r=g","caption":"admin"},"description":"admin","url":"https:\/\/lasentinelle.dz\/author\/admin\/"}]}},"_links":{"self":[{"href":"https:\/\/lasentinelle.dz\/index.php\/wp-json\/wp\/v2\/posts\/83252","targetHints":{"allow":["GET"]}}],"collection":[{"href":"https:\/\/lasentinelle.dz\/index.php\/wp-json\/wp\/v2\/posts"}],"about":[{"href":"https:\/\/lasentinelle.dz\/index.php\/wp-json\/wp\/v2\/types\/post"}],"author":[{"embeddable":true,"href":"https:\/\/lasentinelle.dz\/index.php\/wp-json\/wp\/v2\/users\/6"}],"replies":[{"embeddable":true,"href":"https:\/\/lasentinelle.dz\/index.php\/wp-json\/wp\/v2\/comments?post=83252"}],"version-history":[{"count":1,"href":"https:\/\/lasentinelle.dz\/index.php\/wp-json\/wp\/v2\/posts\/83252\/revisions"}],"predecessor-version":[{"id":83253,"href":"https:\/\/lasentinelle.dz\/index.php\/wp-json\/wp\/v2\/posts\/83252\/revisions\/83253"}],"wp:featuredmedia":[{"embeddable":true,"href":"https:\/\/lasentinelle.dz\/index.php\/wp-json\/wp\/v2\/media\/64180"}],"wp:attachment":[{"href":"https:\/\/lasentinelle.dz\/index.php\/wp-json\/wp\/v2\/media?parent=83252"}],"wp:term":[{"taxonomy":"category","embeddable":true,"href":"https:\/\/lasentinelle.dz\/index.php\/wp-json\/wp\/v2\/categories?post=83252"},{"taxonomy":"post_tag","embeddable":true,"href":"https:\/\/lasentinelle.dz\/index.php\/wp-json\/wp\/v2\/tags?post=83252"}],"curies":[{"name":"wp","href":"https:\/\/api.w.org\/{rel}","templated":true}]}}