{"id":83254,"date":"2026-03-10T20:22:04","date_gmt":"2026-03-10T19:22:04","guid":{"rendered":"https:\/\/lasentinelle.dz\/?p=83254"},"modified":"2026-03-10T20:22:05","modified_gmt":"2026-03-10T19:22:05","slug":"code-de-la-route-et-renouvellement-du-parc-de-bus-sayoud-rassure-les-transporteurs","status":"publish","type":"post","link":"https:\/\/lasentinelle.dz\/index.php\/2026\/03\/10\/code-de-la-route-et-renouvellement-du-parc-de-bus-sayoud-rassure-les-transporteurs\/","title":{"rendered":"Code de la route et renouvellement du parc de bus\u00a0: Sayoud rassure les transporteurs"},"content":{"rendered":"\n<p>Le ministre de l&rsquo;Int\u00e9rieur, des Collectivit\u00e9s locales et des Transports, Sa\u00efd Sayoud, a re\u00e7u mardi au si\u00e8ge du minist\u00e8re les repr\u00e9sentants des syndicats des transporteurs pour un \u00e9change consacr\u00e9 au nouveau Code de la route, adopt\u00e9 la veille par l&rsquo;Assembl\u00e9e populaire nationale apr\u00e8s le r\u00e9examen des dispositions litigieuses, tout en r\u00e9affirmant l&rsquo;engagement de l&rsquo;\u00c9tat \u00e0 mobiliser tous les moyens n\u00e9cessaires pour une application effective de ce texte, au service de l&rsquo;ordre public et de la protection de la vie des citoyens.<\/p>\n\n\n\n<p>D&#8217;embl\u00e9e, le ministre a rappel\u00e9 que les protestations des professionnels du transport avaient conduit les plus hautes autorit\u00e9s du pays, \u00e0 commencer par le pr\u00e9sident de la R\u00e9publique Abdelmadjid Tebboune, \u00e0 intervenir pour rouvrir le dossier des articles contest\u00e9s. Cette intervention s&rsquo;est traduite par la mise en place d&rsquo;une commission paritaire entre les deux chambres du Parlement, charg\u00e9e de traiter la question. Sa\u00efd Sayoud a soulign\u00e9 que cette commission avait tenu plusieurs s\u00e9ances de travail au cours desquelles les dispositions objet de d\u00e9saccord ont \u00e9t\u00e9 d\u00e9battues \u00ab en toute d\u00e9mocratie \u00bb, permettant de reformuler plusieurs articles et de supprimer certains termes jug\u00e9s excessifs, notamment ceux relatifs \u00e0 la criminalisation. Le texte avait \u00e9t\u00e9 adopt\u00e9 en janvier dernier par le Conseil de la nation, assorti de r\u00e9serves portant sur onze articles, avant d&rsquo;\u00eatre renvoy\u00e9 devant l&rsquo;APN pour un vote d\u00e9finitif.<\/p>\n\n\n\n<p><strong>Bus import\u00e9s : des m\u00e9canismes de distribution d\u00e9finis par le gouvernement<\/strong><\/p>\n\n\n\n<p>Apr\u00e8s avoir \u00e9cout\u00e9 les pr\u00e9occupations des syndicalistes, le ministre a indiqu\u00e9 que plusieurs dossiers soulev\u00e9s n\u00e9cessitent l&rsquo;organisation de workshops sp\u00e9cialis\u00e9s r\u00e9unissant l&rsquo;ensemble des acteurs concern\u00e9s. La question des modalit\u00e9s d&rsquo;attribution des bus import\u00e9s, d\u00e9cid\u00e9e par le pr\u00e9sident Tebboune, figure en t\u00eate de ces chantiers. Sa\u00efd Sayoud a pr\u00e9cis\u00e9 que les m\u00e9canismes de distribution et d&rsquo;exploitation de ces v\u00e9hicules seront arr\u00eat\u00e9s au niveau du gouvernement, de mani\u00e8re \u00e0 garantir leur affectation en fonction des besoins et des sp\u00e9cificit\u00e9s de chaque wilaya. Parall\u00e8lement, il a donn\u00e9 des instructions au secr\u00e9taire g\u00e9n\u00e9ral du minist\u00e8re pour recevoir dans les plus brefs d\u00e9lais les repr\u00e9sentants des transporteurs afin d&rsquo;\u00e9tudier leurs propositions relatives aux modalit\u00e9s de retrait des bus ayant d\u00e9pass\u00e9 trente ans de service. Cette mesure vise \u00e0 renouveler le parc national de transport, \u00e0 am\u00e9liorer les conditions de s\u00e9curit\u00e9 et \u00e0 rehausser la qualit\u00e9 du service offert aux citoyens.<\/p>\n\n\n\n<p><strong>Une feuille de route globale pour r\u00e9organiser le transport<\/strong><\/p>\n\n\n\n<p>Dans un cadre plus large, le ministre a r\u00e9v\u00e9l\u00e9 que les services du minist\u00e8re ont \u00e9labor\u00e9 une feuille de route globale pour l&rsquo;organisation du secteur des transports, en concertation avec les diff\u00e9rents acteurs. Ce plan comprend une s\u00e9rie de mesures destin\u00e9es \u00e0 faciliter l&rsquo;octroi des autorisations, \u00e0 permettre aux transporteurs d&rsquo;exploiter les lignes existantes et d&rsquo;en ouvrir de nouvelles, ainsi qu&rsquo;\u00e0 actualiser les plans de circulation \u00e0 travers les wilayas. L&rsquo;objectif affich\u00e9 est de cr\u00e9er un environnement de travail plus organis\u00e9 et plus flexible au profit des professionnels, tout en am\u00e9liorant les services de transport public pour les citoyens. Sa\u00efd Sayoud a \u00e9galement \u00e9voqu\u00e9 le vaste mouvement op\u00e9r\u00e9 dans le corps des directeurs des transports de plusieurs wilayas, inscrit dans la dynamique de renforcement de l&rsquo;efficacit\u00e9 de la gestion de terrain. Il a rappel\u00e9 les mesures d\u00e9j\u00e0 prises, notamment l&rsquo;octroi d&rsquo;autorisations d&rsquo;exploitation de taxis et l&rsquo;ouverture de nouvelles lignes au profit des propri\u00e9taires de bus, autant de dispositions de nature \u00e0 organiser l&rsquo;activit\u00e9 et \u00e0 offrir aux professionnels des conditions d&rsquo;exercice plus claires et plus stables. Le ministre s&rsquo;est par ailleurs arr\u00eat\u00e9 sur les chantiers de r\u00e9forme en cours, qui concernent notamment l&rsquo;am\u00e9lioration de la gestion des gares routi\u00e8res et la r\u00e9vision de plusieurs textes r\u00e9glementaires pour accompagner les mutations du secteur, dans le cadre d&rsquo;une approche participative associant les diff\u00e9rentes organisations syndicales. De leur c\u00f4t\u00e9, les repr\u00e9sentants des syndicats ont salu\u00e9 l&rsquo;attention particuli\u00e8re accord\u00e9e par le pr\u00e9sident de la R\u00e9publique et les pouvoirs publics \u00e0 leurs pr\u00e9occupations, r\u00e9affirmant leur pleine disponibilit\u00e9 \u00e0 contribuer \u00e0 la concr\u00e9tisation de l&rsquo;ensemble des mesures visant \u00e0 organiser le secteur et \u00e0 am\u00e9liorer les services de transport. En cl\u00f4ture de la rencontre, le ministre a adress\u00e9 ses remerciements au chef de l&rsquo;\u00c9tat pour les d\u00e9cisions importantes prises en faveur du secteur, saluant les efforts d\u00e9ploy\u00e9s par le Premier ministre, le pr\u00e9sident du Conseil de la nation et le pr\u00e9sident de l&rsquo;APN dans l&rsquo;accompagnement de ce secteur vital, et affirmant que la volont\u00e9 et la d\u00e9termination partag\u00e9es par l&rsquo;administration et les transporteurs sont le gage du succ\u00e8s de toutes les d\u00e9marches engag\u00e9es au service de l&rsquo;int\u00e9r\u00eat g\u00e9n\u00e9ral.<\/p>\n\n\n\n<p>Chokri Hafed<\/p>\n","protected":false},"excerpt":{"rendered":"<p>Le ministre de l&rsquo;Int\u00e9rieur, des Collectivit\u00e9s locales et des Transports, Sa\u00efd Sayoud, a re\u00e7u mardi au si\u00e8ge du minist\u00e8re les<\/p>\n","protected":false},"author":6,"featured_media":83255,"comment_status":"open","ping_status":"closed","sticky":false,"template":"","format":"standard","meta":{"colormag_page_container_layout":"default_layout","colormag_page_sidebar_layout":"default_layout","om_disable_all_campaigns":false,"_monsterinsights_skip_tracking":false,"_monsterinsights_sitenote_active":false,"_monsterinsights_sitenote_note":"","_monsterinsights_sitenote_category":0,"footnotes":"","_wpscppro_dont_share_socialmedia":false,"_wpscppro_custom_social_share_image":0,"_facebook_share_type":"default","_twitter_share_type":"default","_linkedin_share_type":"default","_pinterest_share_type":"default","_linkedin_share_type_page":"","_instagram_share_type":"default","_medium_share_type":"default","_threads_share_type":"default","_google_business_share_type":"default","_selected_social_profile":[],"_wpsp_enable_custom_social_template":false,"_wpsp_social_scheduling":{"enabled":false,"datetime":null,"platforms":[],"status":"template_only","dateOption":"today","timeOption":"now","customDays":"","customHours":"","customDate":"","customTime":"","schedulingType":"absolute"},"_wpsp_active_default_template":true},"categories":[52,27],"tags":[],"class_list":["post-83254","post","type-post","status-publish","format-standard","has-post-thumbnail","hentry","category-a-la-une","category-actualite"],"aioseo_notices":[],"yoast_head":"<!-- This site is optimized with the Yoast SEO plugin v27.4 - https:\/\/yoast.com\/product\/yoast-seo-wordpress\/ -->\n<title>Code de la route et renouvellement du parc de bus\u00a0: Sayoud rassure les transporteurs - La Sentinelle<\/title>\n<meta name=\"robots\" content=\"index, follow, max-snippet:-1, max-image-preview:large, max-video-preview:-1\" \/>\n<link rel=\"canonical\" href=\"https:\/\/lasentinelle.dz\/index.php\/2026\/03\/10\/code-de-la-route-et-renouvellement-du-parc-de-bus-sayoud-rassure-les-transporteurs\/\" \/>\n<meta property=\"og:locale\" content=\"fr_FR\" \/>\n<meta property=\"og:type\" content=\"article\" \/>\n<meta property=\"og:title\" content=\"Code de la route et renouvellement du parc de bus\u00a0: Sayoud rassure les transporteurs - La Sentinelle\" \/>\n<meta property=\"og:description\" content=\"Le ministre de l&rsquo;Int\u00e9rieur, des Collectivit\u00e9s locales et des Transports, Sa\u00efd Sayoud, a re\u00e7u mardi au si\u00e8ge du minist\u00e8re les\" \/>\n<meta property=\"og:url\" content=\"https:\/\/lasentinelle.dz\/index.php\/2026\/03\/10\/code-de-la-route-et-renouvellement-du-parc-de-bus-sayoud-rassure-les-transporteurs\/\" \/>\n<meta property=\"og:site_name\" content=\"La Sentinelle\" \/>\n<meta property=\"article:publisher\" content=\"https:\/\/www.facebook.com\/La-Sentinelle-104059864394773\" \/>\n<meta property=\"article:published_time\" content=\"2026-03-10T19:22:04+00:00\" \/>\n<meta property=\"article:modified_time\" content=\"2026-03-10T19:22:05+00:00\" \/>\n<meta property=\"og:image\" content=\"https:\/\/lasentinelle.dz\/wp-content\/uploads\/2026\/03\/sayoud.jpg\" \/>\n\t<meta property=\"og:image:width\" content=\"2048\" \/>\n\t<meta property=\"og:image:height\" content=\"1366\" \/>\n\t<meta property=\"og:image:type\" content=\"image\/jpeg\" \/>\n<meta name=\"author\" content=\"admin\" \/>\n<meta name=\"twitter:card\" content=\"summary_large_image\" \/>\n<meta name=\"twitter:label1\" content=\"\u00c9crit par\" \/>\n\t<meta name=\"twitter:data1\" content=\"admin\" \/>\n\t<meta name=\"twitter:label2\" content=\"Dur\u00e9e de lecture estim\u00e9e\" \/>\n\t<meta name=\"twitter:data2\" content=\"4 minutes\" \/>\n<script type=\"application\/ld+json\" class=\"yoast-schema-graph\">{\"@context\":\"https:\\\/\\\/schema.org\",\"@graph\":[{\"@type\":\"Article\",\"@id\":\"https:\\\/\\\/lasentinelle.dz\\\/index.php\\\/2026\\\/03\\\/10\\\/code-de-la-route-et-renouvellement-du-parc-de-bus-sayoud-rassure-les-transporteurs\\\/#article\",\"isPartOf\":{\"@id\":\"https:\\\/\\\/lasentinelle.dz\\\/index.php\\\/2026\\\/03\\\/10\\\/code-de-la-route-et-renouvellement-du-parc-de-bus-sayoud-rassure-les-transporteurs\\\/\"},\"author\":{\"name\":\"admin\",\"@id\":\"https:\\\/\\\/lasentinelle.dz\\\/#\\\/schema\\\/person\\\/729ee0024f24e0b8c5ec17232f8e8b41\"},\"headline\":\"Code de la route et renouvellement du parc de bus\u00a0: Sayoud rassure les transporteurs\",\"datePublished\":\"2026-03-10T19:22:04+00:00\",\"dateModified\":\"2026-03-10T19:22:05+00:00\",\"mainEntityOfPage\":{\"@id\":\"https:\\\/\\\/lasentinelle.dz\\\/index.php\\\/2026\\\/03\\\/10\\\/code-de-la-route-et-renouvellement-du-parc-de-bus-sayoud-rassure-les-transporteurs\\\/\"},\"wordCount\":877,\"commentCount\":0,\"publisher\":{\"@id\":\"https:\\\/\\\/lasentinelle.dz\\\/#organization\"},\"image\":{\"@id\":\"https:\\\/\\\/lasentinelle.dz\\\/index.php\\\/2026\\\/03\\\/10\\\/code-de-la-route-et-renouvellement-du-parc-de-bus-sayoud-rassure-les-transporteurs\\\/#primaryimage\"},\"thumbnailUrl\":\"https:\\\/\\\/lasentinelle.dz\\\/wp-content\\\/uploads\\\/2026\\\/03\\\/sayoud.jpg\",\"articleSection\":[\"\u00c0 la Une\",\"Actualit\u00e9\"],\"inLanguage\":\"fr-FR\",\"potentialAction\":[{\"@type\":\"CommentAction\",\"name\":\"Comment\",\"target\":[\"https:\\\/\\\/lasentinelle.dz\\\/index.php\\\/2026\\\/03\\\/10\\\/code-de-la-route-et-renouvellement-du-parc-de-bus-sayoud-rassure-les-transporteurs\\\/#respond\"]}]},{\"@type\":\"WebPage\",\"@id\":\"https:\\\/\\\/lasentinelle.dz\\\/index.php\\\/2026\\\/03\\\/10\\\/code-de-la-route-et-renouvellement-du-parc-de-bus-sayoud-rassure-les-transporteurs\\\/\",\"url\":\"https:\\\/\\\/lasentinelle.dz\\\/index.php\\\/2026\\\/03\\\/10\\\/code-de-la-route-et-renouvellement-du-parc-de-bus-sayoud-rassure-les-transporteurs\\\/\",\"name\":\"Code de la route et renouvellement du parc de bus\u00a0: Sayoud rassure les transporteurs - La Sentinelle\",\"isPartOf\":{\"@id\":\"https:\\\/\\\/lasentinelle.dz\\\/#website\"},\"primaryImageOfPage\":{\"@id\":\"https:\\\/\\\/lasentinelle.dz\\\/index.php\\\/2026\\\/03\\\/10\\\/code-de-la-route-et-renouvellement-du-parc-de-bus-sayoud-rassure-les-transporteurs\\\/#primaryimage\"},\"image\":{\"@id\":\"https:\\\/\\\/lasentinelle.dz\\\/index.php\\\/2026\\\/03\\\/10\\\/code-de-la-route-et-renouvellement-du-parc-de-bus-sayoud-rassure-les-transporteurs\\\/#primaryimage\"},\"thumbnailUrl\":\"https:\\\/\\\/lasentinelle.dz\\\/wp-content\\\/uploads\\\/2026\\\/03\\\/sayoud.jpg\",\"datePublished\":\"2026-03-10T19:22:04+00:00\",\"dateModified\":\"2026-03-10T19:22:05+00:00\",\"breadcrumb\":{\"@id\":\"https:\\\/\\\/lasentinelle.dz\\\/index.php\\\/2026\\\/03\\\/10\\\/code-de-la-route-et-renouvellement-du-parc-de-bus-sayoud-rassure-les-transporteurs\\\/#breadcrumb\"},\"inLanguage\":\"fr-FR\",\"potentialAction\":[{\"@type\":\"ReadAction\",\"target\":[\"https:\\\/\\\/lasentinelle.dz\\\/index.php\\\/2026\\\/03\\\/10\\\/code-de-la-route-et-renouvellement-du-parc-de-bus-sayoud-rassure-les-transporteurs\\\/\"]}]},{\"@type\":\"ImageObject\",\"inLanguage\":\"fr-FR\",\"@id\":\"https:\\\/\\\/lasentinelle.dz\\\/index.php\\\/2026\\\/03\\\/10\\\/code-de-la-route-et-renouvellement-du-parc-de-bus-sayoud-rassure-les-transporteurs\\\/#primaryimage\",\"url\":\"https:\\\/\\\/lasentinelle.dz\\\/wp-content\\\/uploads\\\/2026\\\/03\\\/sayoud.jpg\",\"contentUrl\":\"https:\\\/\\\/lasentinelle.dz\\\/wp-content\\\/uploads\\\/2026\\\/03\\\/sayoud.jpg\",\"width\":2048,\"height\":1366},{\"@type\":\"BreadcrumbList\",\"@id\":\"https:\\\/\\\/lasentinelle.dz\\\/index.php\\\/2026\\\/03\\\/10\\\/code-de-la-route-et-renouvellement-du-parc-de-bus-sayoud-rassure-les-transporteurs\\\/#breadcrumb\",\"itemListElement\":[{\"@type\":\"ListItem\",\"position\":1,\"name\":\"Accueil\",\"item\":\"https:\\\/\\\/lasentinelle.dz\\\/\"},{\"@type\":\"ListItem\",\"position\":2,\"name\":\"Code de la route et renouvellement du parc de bus\u00a0: Sayoud rassure les transporteurs\"}]},{\"@type\":\"WebSite\",\"@id\":\"https:\\\/\\\/lasentinelle.dz\\\/#website\",\"url\":\"https:\\\/\\\/lasentinelle.dz\\\/\",\"name\":\"La Sentinelle\",\"description\":\"Quotidien national d&#039;information\",\"publisher\":{\"@id\":\"https:\\\/\\\/lasentinelle.dz\\\/#organization\"},\"potentialAction\":[{\"@type\":\"SearchAction\",\"target\":{\"@type\":\"EntryPoint\",\"urlTemplate\":\"https:\\\/\\\/lasentinelle.dz\\\/?s={search_term_string}\"},\"query-input\":{\"@type\":\"PropertyValueSpecification\",\"valueRequired\":true,\"valueName\":\"search_term_string\"}}],\"inLanguage\":\"fr-FR\"},{\"@type\":\"Organization\",\"@id\":\"https:\\\/\\\/lasentinelle.dz\\\/#organization\",\"name\":\"Quotidien La Sentinelle\",\"url\":\"https:\\\/\\\/lasentinelle.dz\\\/\",\"logo\":{\"@type\":\"ImageObject\",\"inLanguage\":\"fr-FR\",\"@id\":\"https:\\\/\\\/lasentinelle.dz\\\/#\\\/schema\\\/logo\\\/image\\\/\",\"url\":\"https:\\\/\\\/lasentinelle.dz\\\/wp-content\\\/uploads\\\/2021\\\/09\\\/logo-sentinelleSLOGAN-1.png\",\"contentUrl\":\"https:\\\/\\\/lasentinelle.dz\\\/wp-content\\\/uploads\\\/2021\\\/09\\\/logo-sentinelleSLOGAN-1.png\",\"width\":615,\"height\":142,\"caption\":\"Quotidien La Sentinelle\"},\"image\":{\"@id\":\"https:\\\/\\\/lasentinelle.dz\\\/#\\\/schema\\\/logo\\\/image\\\/\"},\"sameAs\":[\"https:\\\/\\\/www.facebook.com\\\/La-Sentinelle-104059864394773\"]},{\"@type\":\"Person\",\"@id\":\"https:\\\/\\\/lasentinelle.dz\\\/#\\\/schema\\\/person\\\/729ee0024f24e0b8c5ec17232f8e8b41\",\"name\":\"admin\",\"image\":{\"@type\":\"ImageObject\",\"inLanguage\":\"fr-FR\",\"@id\":\"https:\\\/\\\/secure.gravatar.com\\\/avatar\\\/4c81fed838786e9b53f540bf46533e750f5d292099ae3b66cfc6fb1982e29df7?s=96&d=mm&r=g\",\"url\":\"https:\\\/\\\/secure.gravatar.com\\\/avatar\\\/4c81fed838786e9b53f540bf46533e750f5d292099ae3b66cfc6fb1982e29df7?s=96&d=mm&r=g\",\"contentUrl\":\"https:\\\/\\\/secure.gravatar.com\\\/avatar\\\/4c81fed838786e9b53f540bf46533e750f5d292099ae3b66cfc6fb1982e29df7?s=96&d=mm&r=g\",\"caption\":\"admin\"},\"description\":\"admin\",\"url\":\"https:\\\/\\\/lasentinelle.dz\\\/author\\\/admin\\\/\"}]}<\/script>\n<!-- \/ Yoast SEO plugin. -->","yoast_head_json":{"title":"Code de la route et renouvellement du parc de bus\u00a0: Sayoud rassure les transporteurs - La Sentinelle","robots":{"index":"index","follow":"follow","max-snippet":"max-snippet:-1","max-image-preview":"max-image-preview:large","max-video-preview":"max-video-preview:-1"},"canonical":"https:\/\/lasentinelle.dz\/index.php\/2026\/03\/10\/code-de-la-route-et-renouvellement-du-parc-de-bus-sayoud-rassure-les-transporteurs\/","og_locale":"fr_FR","og_type":"article","og_title":"Code de la route et renouvellement du parc de bus\u00a0: Sayoud rassure les transporteurs - La Sentinelle","og_description":"Le ministre de l&rsquo;Int\u00e9rieur, des Collectivit\u00e9s locales et des Transports, Sa\u00efd Sayoud, a re\u00e7u mardi au si\u00e8ge du minist\u00e8re les","og_url":"https:\/\/lasentinelle.dz\/index.php\/2026\/03\/10\/code-de-la-route-et-renouvellement-du-parc-de-bus-sayoud-rassure-les-transporteurs\/","og_site_name":"La Sentinelle","article_publisher":"https:\/\/www.facebook.com\/La-Sentinelle-104059864394773","article_published_time":"2026-03-10T19:22:04+00:00","article_modified_time":"2026-03-10T19:22:05+00:00","og_image":[{"width":2048,"height":1366,"url":"https:\/\/lasentinelle.dz\/wp-content\/uploads\/2026\/03\/sayoud.jpg","type":"image\/jpeg"}],"author":"admin","twitter_card":"summary_large_image","twitter_misc":{"\u00c9crit par":"admin","Dur\u00e9e de lecture estim\u00e9e":"4 minutes"},"schema":{"@context":"https:\/\/schema.org","@graph":[{"@type":"Article","@id":"https:\/\/lasentinelle.dz\/index.php\/2026\/03\/10\/code-de-la-route-et-renouvellement-du-parc-de-bus-sayoud-rassure-les-transporteurs\/#article","isPartOf":{"@id":"https:\/\/lasentinelle.dz\/index.php\/2026\/03\/10\/code-de-la-route-et-renouvellement-du-parc-de-bus-sayoud-rassure-les-transporteurs\/"},"author":{"name":"admin","@id":"https:\/\/lasentinelle.dz\/#\/schema\/person\/729ee0024f24e0b8c5ec17232f8e8b41"},"headline":"Code de la route et renouvellement du parc de bus\u00a0: Sayoud rassure les transporteurs","datePublished":"2026-03-10T19:22:04+00:00","dateModified":"2026-03-10T19:22:05+00:00","mainEntityOfPage":{"@id":"https:\/\/lasentinelle.dz\/index.php\/2026\/03\/10\/code-de-la-route-et-renouvellement-du-parc-de-bus-sayoud-rassure-les-transporteurs\/"},"wordCount":877,"commentCount":0,"publisher":{"@id":"https:\/\/lasentinelle.dz\/#organization"},"image":{"@id":"https:\/\/lasentinelle.dz\/index.php\/2026\/03\/10\/code-de-la-route-et-renouvellement-du-parc-de-bus-sayoud-rassure-les-transporteurs\/#primaryimage"},"thumbnailUrl":"https:\/\/lasentinelle.dz\/wp-content\/uploads\/2026\/03\/sayoud.jpg","articleSection":["\u00c0 la Une","Actualit\u00e9"],"inLanguage":"fr-FR","potentialAction":[{"@type":"CommentAction","name":"Comment","target":["https:\/\/lasentinelle.dz\/index.php\/2026\/03\/10\/code-de-la-route-et-renouvellement-du-parc-de-bus-sayoud-rassure-les-transporteurs\/#respond"]}]},{"@type":"WebPage","@id":"https:\/\/lasentinelle.dz\/index.php\/2026\/03\/10\/code-de-la-route-et-renouvellement-du-parc-de-bus-sayoud-rassure-les-transporteurs\/","url":"https:\/\/lasentinelle.dz\/index.php\/2026\/03\/10\/code-de-la-route-et-renouvellement-du-parc-de-bus-sayoud-rassure-les-transporteurs\/","name":"Code de la route et renouvellement du parc de bus\u00a0: Sayoud rassure les transporteurs - La Sentinelle","isPartOf":{"@id":"https:\/\/lasentinelle.dz\/#website"},"primaryImageOfPage":{"@id":"https:\/\/lasentinelle.dz\/index.php\/2026\/03\/10\/code-de-la-route-et-renouvellement-du-parc-de-bus-sayoud-rassure-les-transporteurs\/#primaryimage"},"image":{"@id":"https:\/\/lasentinelle.dz\/index.php\/2026\/03\/10\/code-de-la-route-et-renouvellement-du-parc-de-bus-sayoud-rassure-les-transporteurs\/#primaryimage"},"thumbnailUrl":"https:\/\/lasentinelle.dz\/wp-content\/uploads\/2026\/03\/sayoud.jpg","datePublished":"2026-03-10T19:22:04+00:00","dateModified":"2026-03-10T19:22:05+00:00","breadcrumb":{"@id":"https:\/\/lasentinelle.dz\/index.php\/2026\/03\/10\/code-de-la-route-et-renouvellement-du-parc-de-bus-sayoud-rassure-les-transporteurs\/#breadcrumb"},"inLanguage":"fr-FR","potentialAction":[{"@type":"ReadAction","target":["https:\/\/lasentinelle.dz\/index.php\/2026\/03\/10\/code-de-la-route-et-renouvellement-du-parc-de-bus-sayoud-rassure-les-transporteurs\/"]}]},{"@type":"ImageObject","inLanguage":"fr-FR","@id":"https:\/\/lasentinelle.dz\/index.php\/2026\/03\/10\/code-de-la-route-et-renouvellement-du-parc-de-bus-sayoud-rassure-les-transporteurs\/#primaryimage","url":"https:\/\/lasentinelle.dz\/wp-content\/uploads\/2026\/03\/sayoud.jpg","contentUrl":"https:\/\/lasentinelle.dz\/wp-content\/uploads\/2026\/03\/sayoud.jpg","width":2048,"height":1366},{"@type":"BreadcrumbList","@id":"https:\/\/lasentinelle.dz\/index.php\/2026\/03\/10\/code-de-la-route-et-renouvellement-du-parc-de-bus-sayoud-rassure-les-transporteurs\/#breadcrumb","itemListElement":[{"@type":"ListItem","position":1,"name":"Accueil","item":"https:\/\/lasentinelle.dz\/"},{"@type":"ListItem","position":2,"name":"Code de la route et renouvellement du parc de bus\u00a0: Sayoud rassure les transporteurs"}]},{"@type":"WebSite","@id":"https:\/\/lasentinelle.dz\/#website","url":"https:\/\/lasentinelle.dz\/","name":"La Sentinelle","description":"Quotidien national d&#039;information","publisher":{"@id":"https:\/\/lasentinelle.dz\/#organization"},"potentialAction":[{"@type":"SearchAction","target":{"@type":"EntryPoint","urlTemplate":"https:\/\/lasentinelle.dz\/?s={search_term_string}"},"query-input":{"@type":"PropertyValueSpecification","valueRequired":true,"valueName":"search_term_string"}}],"inLanguage":"fr-FR"},{"@type":"Organization","@id":"https:\/\/lasentinelle.dz\/#organization","name":"Quotidien La Sentinelle","url":"https:\/\/lasentinelle.dz\/","logo":{"@type":"ImageObject","inLanguage":"fr-FR","@id":"https:\/\/lasentinelle.dz\/#\/schema\/logo\/image\/","url":"https:\/\/lasentinelle.dz\/wp-content\/uploads\/2021\/09\/logo-sentinelleSLOGAN-1.png","contentUrl":"https:\/\/lasentinelle.dz\/wp-content\/uploads\/2021\/09\/logo-sentinelleSLOGAN-1.png","width":615,"height":142,"caption":"Quotidien La Sentinelle"},"image":{"@id":"https:\/\/lasentinelle.dz\/#\/schema\/logo\/image\/"},"sameAs":["https:\/\/www.facebook.com\/La-Sentinelle-104059864394773"]},{"@type":"Person","@id":"https:\/\/lasentinelle.dz\/#\/schema\/person\/729ee0024f24e0b8c5ec17232f8e8b41","name":"admin","image":{"@type":"ImageObject","inLanguage":"fr-FR","@id":"https:\/\/secure.gravatar.com\/avatar\/4c81fed838786e9b53f540bf46533e750f5d292099ae3b66cfc6fb1982e29df7?s=96&d=mm&r=g","url":"https:\/\/secure.gravatar.com\/avatar\/4c81fed838786e9b53f540bf46533e750f5d292099ae3b66cfc6fb1982e29df7?s=96&d=mm&r=g","contentUrl":"https:\/\/secure.gravatar.com\/avatar\/4c81fed838786e9b53f540bf46533e750f5d292099ae3b66cfc6fb1982e29df7?s=96&d=mm&r=g","caption":"admin"},"description":"admin","url":"https:\/\/lasentinelle.dz\/author\/admin\/"}]}},"_links":{"self":[{"href":"https:\/\/lasentinelle.dz\/index.php\/wp-json\/wp\/v2\/posts\/83254","targetHints":{"allow":["GET"]}}],"collection":[{"href":"https:\/\/lasentinelle.dz\/index.php\/wp-json\/wp\/v2\/posts"}],"about":[{"href":"https:\/\/lasentinelle.dz\/index.php\/wp-json\/wp\/v2\/types\/post"}],"author":[{"embeddable":true,"href":"https:\/\/lasentinelle.dz\/index.php\/wp-json\/wp\/v2\/users\/6"}],"replies":[{"embeddable":true,"href":"https:\/\/lasentinelle.dz\/index.php\/wp-json\/wp\/v2\/comments?post=83254"}],"version-history":[{"count":1,"href":"https:\/\/lasentinelle.dz\/index.php\/wp-json\/wp\/v2\/posts\/83254\/revisions"}],"predecessor-version":[{"id":83256,"href":"https:\/\/lasentinelle.dz\/index.php\/wp-json\/wp\/v2\/posts\/83254\/revisions\/83256"}],"wp:featuredmedia":[{"embeddable":true,"href":"https:\/\/lasentinelle.dz\/index.php\/wp-json\/wp\/v2\/media\/83255"}],"wp:attachment":[{"href":"https:\/\/lasentinelle.dz\/index.php\/wp-json\/wp\/v2\/media?parent=83254"}],"wp:term":[{"taxonomy":"category","embeddable":true,"href":"https:\/\/lasentinelle.dz\/index.php\/wp-json\/wp\/v2\/categories?post=83254"},{"taxonomy":"post_tag","embeddable":true,"href":"https:\/\/lasentinelle.dz\/index.php\/wp-json\/wp\/v2\/tags?post=83254"}],"curies":[{"name":"wp","href":"https:\/\/api.w.org\/{rel}","templated":true}]}}