{"id":83281,"date":"2026-03-11T21:18:06","date_gmt":"2026-03-11T20:18:06","guid":{"rendered":"https:\/\/lasentinelle.dz\/?p=83281"},"modified":"2026-03-11T21:18:08","modified_gmt":"2026-03-11T20:18:08","slug":"setif-deux-enfants-se-noient-dans-un-bassin-dirrigation-agricole","status":"publish","type":"post","link":"https:\/\/lasentinelle.dz\/index.php\/2026\/03\/11\/setif-deux-enfants-se-noient-dans-un-bassin-dirrigation-agricole\/","title":{"rendered":"S\u00e9tif : deux enfants se noient dans un bassin d&rsquo;irrigation agricole"},"content":{"rendered":"\n<p>Deux enfants \u00e2g\u00e9s de 4 et 5 ans ont p\u00e9ri noy\u00e9s, mardi soir, apr\u00e8s \u00eatre tomb\u00e9s dans un bassin d&rsquo;irrigation agricole au douar \u00ab Essiouda \u00bb, dans la commune de Mezloug, au sud de S\u00e9tif. Les \u00e9quipes de la Protection civile de l&rsquo;unit\u00e9 d&rsquo;A\u00efn Arnat, renforc\u00e9es par une \u00e9quipe de plongeurs de l&rsquo;unit\u00e9 principale de S\u00e9tif, sont intervenues pour extraire les corps des deux victimes, selon le major Ahmed Lamamra, charg\u00e9 de la communication \u00e0 la direction de wilaya de la Protection civile. Apr\u00e8s les investigations des services de s\u00e9curit\u00e9 comp\u00e9tents sur les circonstances du drame, les d\u00e9pouilles ont \u00e9t\u00e9 transf\u00e9r\u00e9es \u00e0 la morgue du CHU Sa\u00e2dna Abdenour de S\u00e9tif.<\/p>\n\n\n\n<p>R.N.<\/p>\n","protected":false},"excerpt":{"rendered":"<p>Deux enfants \u00e2g\u00e9s de 4 et 5 ans ont p\u00e9ri noy\u00e9s, mardi soir, apr\u00e8s \u00eatre tomb\u00e9s dans un bassin d&rsquo;irrigation<\/p>\n","protected":false},"author":6,"featured_media":0,"comment_status":"open","ping_status":"closed","sticky":false,"template":"","format":"standard","meta":{"colormag_page_container_layout":"default_layout","colormag_page_sidebar_layout":"default_layout","om_disable_all_campaigns":false,"_monsterinsights_skip_tracking":false,"_monsterinsights_sitenote_active":false,"_monsterinsights_sitenote_note":"","_monsterinsights_sitenote_category":0,"footnotes":"","_wpscppro_dont_share_socialmedia":false,"_wpscppro_custom_social_share_image":0,"_facebook_share_type":"default","_twitter_share_type":"default","_linkedin_share_type":"default","_pinterest_share_type":"default","_linkedin_share_type_page":"","_instagram_share_type":"default","_medium_share_type":"default","_threads_share_type":"default","_google_business_share_type":"default","_selected_social_profile":[],"_wpsp_enable_custom_social_template":false,"_wpsp_social_scheduling":{"enabled":false,"datetime":null,"platforms":[],"status":"template_only","dateOption":"today","timeOption":"now","customDays":"","customHours":"","customDate":"","customTime":"","schedulingType":"absolute"},"_wpsp_active_default_template":true},"categories":[27],"tags":[],"class_list":["post-83281","post","type-post","status-publish","format-standard","hentry","category-actualite"],"aioseo_notices":[],"yoast_head":"<!-- This site is optimized with the Yoast SEO plugin v27.4 - https:\/\/yoast.com\/product\/yoast-seo-wordpress\/ -->\n<title>S\u00e9tif : deux enfants se noient dans un bassin d&rsquo;irrigation agricole - La Sentinelle<\/title>\n<meta name=\"robots\" content=\"index, follow, max-snippet:-1, max-image-preview:large, max-video-preview:-1\" \/>\n<link rel=\"canonical\" href=\"https:\/\/lasentinelle.dz\/index.php\/2026\/03\/11\/setif-deux-enfants-se-noient-dans-un-bassin-dirrigation-agricole\/\" \/>\n<meta property=\"og:locale\" content=\"fr_FR\" \/>\n<meta property=\"og:type\" content=\"article\" \/>\n<meta property=\"og:title\" content=\"S\u00e9tif : deux enfants se noient dans un bassin d&rsquo;irrigation agricole - La Sentinelle\" \/>\n<meta property=\"og:description\" content=\"Deux enfants \u00e2g\u00e9s de 4 et 5 ans ont p\u00e9ri noy\u00e9s, mardi soir, apr\u00e8s \u00eatre tomb\u00e9s dans un bassin d&rsquo;irrigation\" \/>\n<meta property=\"og:url\" content=\"https:\/\/lasentinelle.dz\/index.php\/2026\/03\/11\/setif-deux-enfants-se-noient-dans-un-bassin-dirrigation-agricole\/\" \/>\n<meta property=\"og:site_name\" content=\"La Sentinelle\" \/>\n<meta property=\"article:publisher\" content=\"https:\/\/www.facebook.com\/La-Sentinelle-104059864394773\" \/>\n<meta property=\"article:published_time\" content=\"2026-03-11T20:18:06+00:00\" \/>\n<meta property=\"article:modified_time\" content=\"2026-03-11T20:18:08+00:00\" \/>\n<meta name=\"author\" content=\"admin\" \/>\n<meta name=\"twitter:card\" content=\"summary_large_image\" \/>\n<meta name=\"twitter:label1\" content=\"\u00c9crit par\" \/>\n\t<meta name=\"twitter:data1\" content=\"admin\" \/>\n\t<meta name=\"twitter:label2\" content=\"Dur\u00e9e de lecture estim\u00e9e\" \/>\n\t<meta name=\"twitter:data2\" content=\"1 minute\" \/>\n<script type=\"application\/ld+json\" class=\"yoast-schema-graph\">{\"@context\":\"https:\\\/\\\/schema.org\",\"@graph\":[{\"@type\":\"Article\",\"@id\":\"https:\\\/\\\/lasentinelle.dz\\\/index.php\\\/2026\\\/03\\\/11\\\/setif-deux-enfants-se-noient-dans-un-bassin-dirrigation-agricole\\\/#article\",\"isPartOf\":{\"@id\":\"https:\\\/\\\/lasentinelle.dz\\\/index.php\\\/2026\\\/03\\\/11\\\/setif-deux-enfants-se-noient-dans-un-bassin-dirrigation-agricole\\\/\"},\"author\":{\"name\":\"admin\",\"@id\":\"https:\\\/\\\/lasentinelle.dz\\\/#\\\/schema\\\/person\\\/729ee0024f24e0b8c5ec17232f8e8b41\"},\"headline\":\"S\u00e9tif : deux enfants se noient dans un bassin d&rsquo;irrigation agricole\",\"datePublished\":\"2026-03-11T20:18:06+00:00\",\"dateModified\":\"2026-03-11T20:18:08+00:00\",\"mainEntityOfPage\":{\"@id\":\"https:\\\/\\\/lasentinelle.dz\\\/index.php\\\/2026\\\/03\\\/11\\\/setif-deux-enfants-se-noient-dans-un-bassin-dirrigation-agricole\\\/\"},\"wordCount\":140,\"commentCount\":0,\"publisher\":{\"@id\":\"https:\\\/\\\/lasentinelle.dz\\\/#organization\"},\"articleSection\":[\"Actualit\u00e9\"],\"inLanguage\":\"fr-FR\",\"potentialAction\":[{\"@type\":\"CommentAction\",\"name\":\"Comment\",\"target\":[\"https:\\\/\\\/lasentinelle.dz\\\/index.php\\\/2026\\\/03\\\/11\\\/setif-deux-enfants-se-noient-dans-un-bassin-dirrigation-agricole\\\/#respond\"]}]},{\"@type\":\"WebPage\",\"@id\":\"https:\\\/\\\/lasentinelle.dz\\\/index.php\\\/2026\\\/03\\\/11\\\/setif-deux-enfants-se-noient-dans-un-bassin-dirrigation-agricole\\\/\",\"url\":\"https:\\\/\\\/lasentinelle.dz\\\/index.php\\\/2026\\\/03\\\/11\\\/setif-deux-enfants-se-noient-dans-un-bassin-dirrigation-agricole\\\/\",\"name\":\"S\u00e9tif : deux enfants se noient dans un bassin d&rsquo;irrigation agricole - La Sentinelle\",\"isPartOf\":{\"@id\":\"https:\\\/\\\/lasentinelle.dz\\\/#website\"},\"datePublished\":\"2026-03-11T20:18:06+00:00\",\"dateModified\":\"2026-03-11T20:18:08+00:00\",\"breadcrumb\":{\"@id\":\"https:\\\/\\\/lasentinelle.dz\\\/index.php\\\/2026\\\/03\\\/11\\\/setif-deux-enfants-se-noient-dans-un-bassin-dirrigation-agricole\\\/#breadcrumb\"},\"inLanguage\":\"fr-FR\",\"potentialAction\":[{\"@type\":\"ReadAction\",\"target\":[\"https:\\\/\\\/lasentinelle.dz\\\/index.php\\\/2026\\\/03\\\/11\\\/setif-deux-enfants-se-noient-dans-un-bassin-dirrigation-agricole\\\/\"]}]},{\"@type\":\"BreadcrumbList\",\"@id\":\"https:\\\/\\\/lasentinelle.dz\\\/index.php\\\/2026\\\/03\\\/11\\\/setif-deux-enfants-se-noient-dans-un-bassin-dirrigation-agricole\\\/#breadcrumb\",\"itemListElement\":[{\"@type\":\"ListItem\",\"position\":1,\"name\":\"Accueil\",\"item\":\"https:\\\/\\\/lasentinelle.dz\\\/\"},{\"@type\":\"ListItem\",\"position\":2,\"name\":\"S\u00e9tif : deux enfants se noient dans un bassin d&rsquo;irrigation agricole\"}]},{\"@type\":\"WebSite\",\"@id\":\"https:\\\/\\\/lasentinelle.dz\\\/#website\",\"url\":\"https:\\\/\\\/lasentinelle.dz\\\/\",\"name\":\"La Sentinelle\",\"description\":\"Quotidien national d&#039;information\",\"publisher\":{\"@id\":\"https:\\\/\\\/lasentinelle.dz\\\/#organization\"},\"potentialAction\":[{\"@type\":\"SearchAction\",\"target\":{\"@type\":\"EntryPoint\",\"urlTemplate\":\"https:\\\/\\\/lasentinelle.dz\\\/?s={search_term_string}\"},\"query-input\":{\"@type\":\"PropertyValueSpecification\",\"valueRequired\":true,\"valueName\":\"search_term_string\"}}],\"inLanguage\":\"fr-FR\"},{\"@type\":\"Organization\",\"@id\":\"https:\\\/\\\/lasentinelle.dz\\\/#organization\",\"name\":\"Quotidien La Sentinelle\",\"url\":\"https:\\\/\\\/lasentinelle.dz\\\/\",\"logo\":{\"@type\":\"ImageObject\",\"inLanguage\":\"fr-FR\",\"@id\":\"https:\\\/\\\/lasentinelle.dz\\\/#\\\/schema\\\/logo\\\/image\\\/\",\"url\":\"https:\\\/\\\/lasentinelle.dz\\\/wp-content\\\/uploads\\\/2021\\\/09\\\/logo-sentinelleSLOGAN-1.png\",\"contentUrl\":\"https:\\\/\\\/lasentinelle.dz\\\/wp-content\\\/uploads\\\/2021\\\/09\\\/logo-sentinelleSLOGAN-1.png\",\"width\":615,\"height\":142,\"caption\":\"Quotidien La Sentinelle\"},\"image\":{\"@id\":\"https:\\\/\\\/lasentinelle.dz\\\/#\\\/schema\\\/logo\\\/image\\\/\"},\"sameAs\":[\"https:\\\/\\\/www.facebook.com\\\/La-Sentinelle-104059864394773\"]},{\"@type\":\"Person\",\"@id\":\"https:\\\/\\\/lasentinelle.dz\\\/#\\\/schema\\\/person\\\/729ee0024f24e0b8c5ec17232f8e8b41\",\"name\":\"admin\",\"image\":{\"@type\":\"ImageObject\",\"inLanguage\":\"fr-FR\",\"@id\":\"https:\\\/\\\/secure.gravatar.com\\\/avatar\\\/4c81fed838786e9b53f540bf46533e750f5d292099ae3b66cfc6fb1982e29df7?s=96&d=mm&r=g\",\"url\":\"https:\\\/\\\/secure.gravatar.com\\\/avatar\\\/4c81fed838786e9b53f540bf46533e750f5d292099ae3b66cfc6fb1982e29df7?s=96&d=mm&r=g\",\"contentUrl\":\"https:\\\/\\\/secure.gravatar.com\\\/avatar\\\/4c81fed838786e9b53f540bf46533e750f5d292099ae3b66cfc6fb1982e29df7?s=96&d=mm&r=g\",\"caption\":\"admin\"},\"description\":\"admin\",\"url\":\"https:\\\/\\\/lasentinelle.dz\\\/author\\\/admin\\\/\"}]}<\/script>\n<!-- \/ Yoast SEO plugin. -->","yoast_head_json":{"title":"S\u00e9tif : deux enfants se noient dans un bassin d&rsquo;irrigation agricole - La Sentinelle","robots":{"index":"index","follow":"follow","max-snippet":"max-snippet:-1","max-image-preview":"max-image-preview:large","max-video-preview":"max-video-preview:-1"},"canonical":"https:\/\/lasentinelle.dz\/index.php\/2026\/03\/11\/setif-deux-enfants-se-noient-dans-un-bassin-dirrigation-agricole\/","og_locale":"fr_FR","og_type":"article","og_title":"S\u00e9tif : deux enfants se noient dans un bassin d&rsquo;irrigation agricole - La Sentinelle","og_description":"Deux enfants \u00e2g\u00e9s de 4 et 5 ans ont p\u00e9ri noy\u00e9s, mardi soir, apr\u00e8s \u00eatre tomb\u00e9s dans un bassin d&rsquo;irrigation","og_url":"https:\/\/lasentinelle.dz\/index.php\/2026\/03\/11\/setif-deux-enfants-se-noient-dans-un-bassin-dirrigation-agricole\/","og_site_name":"La Sentinelle","article_publisher":"https:\/\/www.facebook.com\/La-Sentinelle-104059864394773","article_published_time":"2026-03-11T20:18:06+00:00","article_modified_time":"2026-03-11T20:18:08+00:00","author":"admin","twitter_card":"summary_large_image","twitter_misc":{"\u00c9crit par":"admin","Dur\u00e9e de lecture estim\u00e9e":"1 minute"},"schema":{"@context":"https:\/\/schema.org","@graph":[{"@type":"Article","@id":"https:\/\/lasentinelle.dz\/index.php\/2026\/03\/11\/setif-deux-enfants-se-noient-dans-un-bassin-dirrigation-agricole\/#article","isPartOf":{"@id":"https:\/\/lasentinelle.dz\/index.php\/2026\/03\/11\/setif-deux-enfants-se-noient-dans-un-bassin-dirrigation-agricole\/"},"author":{"name":"admin","@id":"https:\/\/lasentinelle.dz\/#\/schema\/person\/729ee0024f24e0b8c5ec17232f8e8b41"},"headline":"S\u00e9tif : deux enfants se noient dans un bassin d&rsquo;irrigation agricole","datePublished":"2026-03-11T20:18:06+00:00","dateModified":"2026-03-11T20:18:08+00:00","mainEntityOfPage":{"@id":"https:\/\/lasentinelle.dz\/index.php\/2026\/03\/11\/setif-deux-enfants-se-noient-dans-un-bassin-dirrigation-agricole\/"},"wordCount":140,"commentCount":0,"publisher":{"@id":"https:\/\/lasentinelle.dz\/#organization"},"articleSection":["Actualit\u00e9"],"inLanguage":"fr-FR","potentialAction":[{"@type":"CommentAction","name":"Comment","target":["https:\/\/lasentinelle.dz\/index.php\/2026\/03\/11\/setif-deux-enfants-se-noient-dans-un-bassin-dirrigation-agricole\/#respond"]}]},{"@type":"WebPage","@id":"https:\/\/lasentinelle.dz\/index.php\/2026\/03\/11\/setif-deux-enfants-se-noient-dans-un-bassin-dirrigation-agricole\/","url":"https:\/\/lasentinelle.dz\/index.php\/2026\/03\/11\/setif-deux-enfants-se-noient-dans-un-bassin-dirrigation-agricole\/","name":"S\u00e9tif : deux enfants se noient dans un bassin d&rsquo;irrigation agricole - La Sentinelle","isPartOf":{"@id":"https:\/\/lasentinelle.dz\/#website"},"datePublished":"2026-03-11T20:18:06+00:00","dateModified":"2026-03-11T20:18:08+00:00","breadcrumb":{"@id":"https:\/\/lasentinelle.dz\/index.php\/2026\/03\/11\/setif-deux-enfants-se-noient-dans-un-bassin-dirrigation-agricole\/#breadcrumb"},"inLanguage":"fr-FR","potentialAction":[{"@type":"ReadAction","target":["https:\/\/lasentinelle.dz\/index.php\/2026\/03\/11\/setif-deux-enfants-se-noient-dans-un-bassin-dirrigation-agricole\/"]}]},{"@type":"BreadcrumbList","@id":"https:\/\/lasentinelle.dz\/index.php\/2026\/03\/11\/setif-deux-enfants-se-noient-dans-un-bassin-dirrigation-agricole\/#breadcrumb","itemListElement":[{"@type":"ListItem","position":1,"name":"Accueil","item":"https:\/\/lasentinelle.dz\/"},{"@type":"ListItem","position":2,"name":"S\u00e9tif : deux enfants se noient dans un bassin d&rsquo;irrigation agricole"}]},{"@type":"WebSite","@id":"https:\/\/lasentinelle.dz\/#website","url":"https:\/\/lasentinelle.dz\/","name":"La Sentinelle","description":"Quotidien national d&#039;information","publisher":{"@id":"https:\/\/lasentinelle.dz\/#organization"},"potentialAction":[{"@type":"SearchAction","target":{"@type":"EntryPoint","urlTemplate":"https:\/\/lasentinelle.dz\/?s={search_term_string}"},"query-input":{"@type":"PropertyValueSpecification","valueRequired":true,"valueName":"search_term_string"}}],"inLanguage":"fr-FR"},{"@type":"Organization","@id":"https:\/\/lasentinelle.dz\/#organization","name":"Quotidien La Sentinelle","url":"https:\/\/lasentinelle.dz\/","logo":{"@type":"ImageObject","inLanguage":"fr-FR","@id":"https:\/\/lasentinelle.dz\/#\/schema\/logo\/image\/","url":"https:\/\/lasentinelle.dz\/wp-content\/uploads\/2021\/09\/logo-sentinelleSLOGAN-1.png","contentUrl":"https:\/\/lasentinelle.dz\/wp-content\/uploads\/2021\/09\/logo-sentinelleSLOGAN-1.png","width":615,"height":142,"caption":"Quotidien La Sentinelle"},"image":{"@id":"https:\/\/lasentinelle.dz\/#\/schema\/logo\/image\/"},"sameAs":["https:\/\/www.facebook.com\/La-Sentinelle-104059864394773"]},{"@type":"Person","@id":"https:\/\/lasentinelle.dz\/#\/schema\/person\/729ee0024f24e0b8c5ec17232f8e8b41","name":"admin","image":{"@type":"ImageObject","inLanguage":"fr-FR","@id":"https:\/\/secure.gravatar.com\/avatar\/4c81fed838786e9b53f540bf46533e750f5d292099ae3b66cfc6fb1982e29df7?s=96&d=mm&r=g","url":"https:\/\/secure.gravatar.com\/avatar\/4c81fed838786e9b53f540bf46533e750f5d292099ae3b66cfc6fb1982e29df7?s=96&d=mm&r=g","contentUrl":"https:\/\/secure.gravatar.com\/avatar\/4c81fed838786e9b53f540bf46533e750f5d292099ae3b66cfc6fb1982e29df7?s=96&d=mm&r=g","caption":"admin"},"description":"admin","url":"https:\/\/lasentinelle.dz\/author\/admin\/"}]}},"_links":{"self":[{"href":"https:\/\/lasentinelle.dz\/index.php\/wp-json\/wp\/v2\/posts\/83281","targetHints":{"allow":["GET"]}}],"collection":[{"href":"https:\/\/lasentinelle.dz\/index.php\/wp-json\/wp\/v2\/posts"}],"about":[{"href":"https:\/\/lasentinelle.dz\/index.php\/wp-json\/wp\/v2\/types\/post"}],"author":[{"embeddable":true,"href":"https:\/\/lasentinelle.dz\/index.php\/wp-json\/wp\/v2\/users\/6"}],"replies":[{"embeddable":true,"href":"https:\/\/lasentinelle.dz\/index.php\/wp-json\/wp\/v2\/comments?post=83281"}],"version-history":[{"count":2,"href":"https:\/\/lasentinelle.dz\/index.php\/wp-json\/wp\/v2\/posts\/83281\/revisions"}],"predecessor-version":[{"id":83283,"href":"https:\/\/lasentinelle.dz\/index.php\/wp-json\/wp\/v2\/posts\/83281\/revisions\/83283"}],"wp:attachment":[{"href":"https:\/\/lasentinelle.dz\/index.php\/wp-json\/wp\/v2\/media?parent=83281"}],"wp:term":[{"taxonomy":"category","embeddable":true,"href":"https:\/\/lasentinelle.dz\/index.php\/wp-json\/wp\/v2\/categories?post=83281"},{"taxonomy":"post_tag","embeddable":true,"href":"https:\/\/lasentinelle.dz\/index.php\/wp-json\/wp\/v2\/tags?post=83281"}],"curies":[{"name":"wp","href":"https:\/\/api.w.org\/{rel}","templated":true}]}}