{"id":83284,"date":"2026-03-11T21:18:59","date_gmt":"2026-03-11T20:18:59","guid":{"rendered":"https:\/\/lasentinelle.dz\/?p=83284"},"modified":"2026-03-11T21:19:00","modified_gmt":"2026-03-11T20:19:00","slug":"intemperies-la-protection-civile-mobilisee-les-alertes-meteo-se-poursuivent","status":"publish","type":"post","link":"https:\/\/lasentinelle.dz\/index.php\/2026\/03\/11\/intemperies-la-protection-civile-mobilisee-les-alertes-meteo-se-poursuivent\/","title":{"rendered":"Intemp\u00e9ries: la Protection civile mobilis\u00e9e, les alertes m\u00e9t\u00e9o se poursuivent"},"content":{"rendered":"\n<p>De fortes pluies ont frapp\u00e9 plusieurs wilayas du pays au cours des derni\u00e8res 24 heures, contraignant les \u00e9quipes de la Protection civile \u00e0 multiplier les interventions. \u00c0 Alger, une op\u00e9ration d&rsquo;\u00e9puisement des eaux pluviales a \u00e9t\u00e9 men\u00e9e \u00e0 la placette de la commune de Bir Mourad Rais. \u00c0 Sidi Bel Abb\u00e8s, les secours ont d\u00fb faire face, outre deux op\u00e9rations de pompage dans les communes d&rsquo;Oued Sefioune et de Ras El Ma, \u00e0 l&rsquo;effondrement partiel du plafond d&rsquo;une pi\u00e8ce d&rsquo;habitation rue Qamra Cheikh, dans la commune de Sidi Lahcen. \u00c0 Relizane, six op\u00e9rations d&rsquo;\u00e9puisement ont \u00e9t\u00e9 conduites dans les sous-sols de b\u00e2timents de la commune chef-lieu, tandis qu&rsquo;\u00e0 M\u00e9d\u00e9a, trois habitations de Ksar El Boukhari ont n\u00e9cessit\u00e9 une intervention similaire. Aucun d\u00e9g\u00e2t humain n&rsquo;a \u00e9t\u00e9 enregistr\u00e9. Ces perturbations interviennent alors que l&rsquo;Office national de la m\u00e9t\u00e9orologie a \u00e9mis des bulletins d&rsquo;alerte orange couvrant mercredi et jeudi. Des pluies orageuses accompagn\u00e9es de gr\u00eale et de rafales de vent sont attendues sur une large bande du territoire, des wilayas du centre \u2014 M\u00e9d\u00e9a, Bouira, Tizi Ouzou, A\u00efn Defla \u2014 jusqu&rsquo;au grand Sud, notamment El Oued, Ouargla et le nord d&rsquo;Illizi, avec des cumuls pouvant atteindre 40 mm. Dans le m\u00eame temps, des vents violents soufflant entre 60 et 90 km\/h, accompagn\u00e9s de soul\u00e8vements de sable, menacent les wilayas sahariennes de B\u00e9char, Tindouf, Timimoun et Adrar. Les autorit\u00e9s appellent \u00e0 la vigilance.<\/p>\n\n\n\n<p>R.N.<\/p>\n","protected":false},"excerpt":{"rendered":"<p>De fortes pluies ont frapp\u00e9 plusieurs wilayas du pays au cours des derni\u00e8res 24 heures, contraignant les \u00e9quipes de la<\/p>\n","protected":false},"author":6,"featured_media":79937,"comment_status":"open","ping_status":"closed","sticky":false,"template":"","format":"standard","meta":{"colormag_page_container_layout":"default_layout","colormag_page_sidebar_layout":"default_layout","om_disable_all_campaigns":false,"_monsterinsights_skip_tracking":false,"_monsterinsights_sitenote_active":false,"_monsterinsights_sitenote_note":"","_monsterinsights_sitenote_category":0,"footnotes":"","_wpscppro_dont_share_socialmedia":false,"_wpscppro_custom_social_share_image":0,"_facebook_share_type":"default","_twitter_share_type":"default","_linkedin_share_type":"default","_pinterest_share_type":"default","_linkedin_share_type_page":"","_instagram_share_type":"default","_medium_share_type":"default","_threads_share_type":"default","_google_business_share_type":"default","_selected_social_profile":[],"_wpsp_enable_custom_social_template":false,"_wpsp_social_scheduling":{"enabled":false,"datetime":null,"platforms":[],"status":"template_only","dateOption":"today","timeOption":"now","customDays":"","customHours":"","customDate":"","customTime":"","schedulingType":"absolute"},"_wpsp_active_default_template":true},"categories":[27],"tags":[],"class_list":["post-83284","post","type-post","status-publish","format-standard","has-post-thumbnail","hentry","category-actualite"],"aioseo_notices":[],"yoast_head":"<!-- This site is optimized with the Yoast SEO plugin v27.4 - https:\/\/yoast.com\/product\/yoast-seo-wordpress\/ -->\n<title>Intemp\u00e9ries: la Protection civile mobilis\u00e9e, les alertes m\u00e9t\u00e9o se poursuivent - La Sentinelle<\/title>\n<meta name=\"robots\" content=\"index, follow, max-snippet:-1, max-image-preview:large, max-video-preview:-1\" \/>\n<link rel=\"canonical\" href=\"https:\/\/lasentinelle.dz\/index.php\/2026\/03\/11\/intemperies-la-protection-civile-mobilisee-les-alertes-meteo-se-poursuivent\/\" \/>\n<meta property=\"og:locale\" content=\"fr_FR\" \/>\n<meta property=\"og:type\" content=\"article\" \/>\n<meta property=\"og:title\" content=\"Intemp\u00e9ries: la Protection civile mobilis\u00e9e, les alertes m\u00e9t\u00e9o se poursuivent - La Sentinelle\" \/>\n<meta property=\"og:description\" content=\"De fortes pluies ont frapp\u00e9 plusieurs wilayas du pays au cours des derni\u00e8res 24 heures, contraignant les \u00e9quipes de la\" \/>\n<meta property=\"og:url\" content=\"https:\/\/lasentinelle.dz\/index.php\/2026\/03\/11\/intemperies-la-protection-civile-mobilisee-les-alertes-meteo-se-poursuivent\/\" \/>\n<meta property=\"og:site_name\" content=\"La Sentinelle\" \/>\n<meta property=\"article:publisher\" content=\"https:\/\/www.facebook.com\/La-Sentinelle-104059864394773\" \/>\n<meta property=\"article:published_time\" content=\"2026-03-11T20:18:59+00:00\" \/>\n<meta property=\"article:modified_time\" content=\"2026-03-11T20:19:00+00:00\" \/>\n<meta property=\"og:image\" content=\"https:\/\/lasentinelle.dz\/wp-content\/uploads\/2026\/01\/protection-civile.jpeg\" \/>\n\t<meta property=\"og:image:width\" content=\"960\" \/>\n\t<meta property=\"og:image:height\" content=\"1280\" \/>\n\t<meta property=\"og:image:type\" content=\"image\/jpeg\" \/>\n<meta name=\"author\" content=\"admin\" \/>\n<meta name=\"twitter:card\" content=\"summary_large_image\" \/>\n<meta name=\"twitter:label1\" content=\"\u00c9crit par\" \/>\n\t<meta name=\"twitter:data1\" content=\"admin\" \/>\n\t<meta name=\"twitter:label2\" content=\"Dur\u00e9e de lecture estim\u00e9e\" \/>\n\t<meta name=\"twitter:data2\" content=\"2 minutes\" \/>\n<script type=\"application\/ld+json\" class=\"yoast-schema-graph\">{\"@context\":\"https:\\\/\\\/schema.org\",\"@graph\":[{\"@type\":\"Article\",\"@id\":\"https:\\\/\\\/lasentinelle.dz\\\/index.php\\\/2026\\\/03\\\/11\\\/intemperies-la-protection-civile-mobilisee-les-alertes-meteo-se-poursuivent\\\/#article\",\"isPartOf\":{\"@id\":\"https:\\\/\\\/lasentinelle.dz\\\/index.php\\\/2026\\\/03\\\/11\\\/intemperies-la-protection-civile-mobilisee-les-alertes-meteo-se-poursuivent\\\/\"},\"author\":{\"name\":\"admin\",\"@id\":\"https:\\\/\\\/lasentinelle.dz\\\/#\\\/schema\\\/person\\\/729ee0024f24e0b8c5ec17232f8e8b41\"},\"headline\":\"Intemp\u00e9ries: la Protection civile mobilis\u00e9e, les alertes m\u00e9t\u00e9o se poursuivent\",\"datePublished\":\"2026-03-11T20:18:59+00:00\",\"dateModified\":\"2026-03-11T20:19:00+00:00\",\"mainEntityOfPage\":{\"@id\":\"https:\\\/\\\/lasentinelle.dz\\\/index.php\\\/2026\\\/03\\\/11\\\/intemperies-la-protection-civile-mobilisee-les-alertes-meteo-se-poursuivent\\\/\"},\"wordCount\":269,\"commentCount\":0,\"publisher\":{\"@id\":\"https:\\\/\\\/lasentinelle.dz\\\/#organization\"},\"image\":{\"@id\":\"https:\\\/\\\/lasentinelle.dz\\\/index.php\\\/2026\\\/03\\\/11\\\/intemperies-la-protection-civile-mobilisee-les-alertes-meteo-se-poursuivent\\\/#primaryimage\"},\"thumbnailUrl\":\"https:\\\/\\\/lasentinelle.dz\\\/wp-content\\\/uploads\\\/2026\\\/01\\\/protection-civile.jpeg\",\"articleSection\":[\"Actualit\u00e9\"],\"inLanguage\":\"fr-FR\",\"potentialAction\":[{\"@type\":\"CommentAction\",\"name\":\"Comment\",\"target\":[\"https:\\\/\\\/lasentinelle.dz\\\/index.php\\\/2026\\\/03\\\/11\\\/intemperies-la-protection-civile-mobilisee-les-alertes-meteo-se-poursuivent\\\/#respond\"]}]},{\"@type\":\"WebPage\",\"@id\":\"https:\\\/\\\/lasentinelle.dz\\\/index.php\\\/2026\\\/03\\\/11\\\/intemperies-la-protection-civile-mobilisee-les-alertes-meteo-se-poursuivent\\\/\",\"url\":\"https:\\\/\\\/lasentinelle.dz\\\/index.php\\\/2026\\\/03\\\/11\\\/intemperies-la-protection-civile-mobilisee-les-alertes-meteo-se-poursuivent\\\/\",\"name\":\"Intemp\u00e9ries: la Protection civile mobilis\u00e9e, les alertes m\u00e9t\u00e9o se poursuivent - La Sentinelle\",\"isPartOf\":{\"@id\":\"https:\\\/\\\/lasentinelle.dz\\\/#website\"},\"primaryImageOfPage\":{\"@id\":\"https:\\\/\\\/lasentinelle.dz\\\/index.php\\\/2026\\\/03\\\/11\\\/intemperies-la-protection-civile-mobilisee-les-alertes-meteo-se-poursuivent\\\/#primaryimage\"},\"image\":{\"@id\":\"https:\\\/\\\/lasentinelle.dz\\\/index.php\\\/2026\\\/03\\\/11\\\/intemperies-la-protection-civile-mobilisee-les-alertes-meteo-se-poursuivent\\\/#primaryimage\"},\"thumbnailUrl\":\"https:\\\/\\\/lasentinelle.dz\\\/wp-content\\\/uploads\\\/2026\\\/01\\\/protection-civile.jpeg\",\"datePublished\":\"2026-03-11T20:18:59+00:00\",\"dateModified\":\"2026-03-11T20:19:00+00:00\",\"breadcrumb\":{\"@id\":\"https:\\\/\\\/lasentinelle.dz\\\/index.php\\\/2026\\\/03\\\/11\\\/intemperies-la-protection-civile-mobilisee-les-alertes-meteo-se-poursuivent\\\/#breadcrumb\"},\"inLanguage\":\"fr-FR\",\"potentialAction\":[{\"@type\":\"ReadAction\",\"target\":[\"https:\\\/\\\/lasentinelle.dz\\\/index.php\\\/2026\\\/03\\\/11\\\/intemperies-la-protection-civile-mobilisee-les-alertes-meteo-se-poursuivent\\\/\"]}]},{\"@type\":\"ImageObject\",\"inLanguage\":\"fr-FR\",\"@id\":\"https:\\\/\\\/lasentinelle.dz\\\/index.php\\\/2026\\\/03\\\/11\\\/intemperies-la-protection-civile-mobilisee-les-alertes-meteo-se-poursuivent\\\/#primaryimage\",\"url\":\"https:\\\/\\\/lasentinelle.dz\\\/wp-content\\\/uploads\\\/2026\\\/01\\\/protection-civile.jpeg\",\"contentUrl\":\"https:\\\/\\\/lasentinelle.dz\\\/wp-content\\\/uploads\\\/2026\\\/01\\\/protection-civile.jpeg\",\"width\":960,\"height\":1280},{\"@type\":\"BreadcrumbList\",\"@id\":\"https:\\\/\\\/lasentinelle.dz\\\/index.php\\\/2026\\\/03\\\/11\\\/intemperies-la-protection-civile-mobilisee-les-alertes-meteo-se-poursuivent\\\/#breadcrumb\",\"itemListElement\":[{\"@type\":\"ListItem\",\"position\":1,\"name\":\"Accueil\",\"item\":\"https:\\\/\\\/lasentinelle.dz\\\/\"},{\"@type\":\"ListItem\",\"position\":2,\"name\":\"Intemp\u00e9ries: la Protection civile mobilis\u00e9e, les alertes m\u00e9t\u00e9o se poursuivent\"}]},{\"@type\":\"WebSite\",\"@id\":\"https:\\\/\\\/lasentinelle.dz\\\/#website\",\"url\":\"https:\\\/\\\/lasentinelle.dz\\\/\",\"name\":\"La Sentinelle\",\"description\":\"Quotidien national d&#039;information\",\"publisher\":{\"@id\":\"https:\\\/\\\/lasentinelle.dz\\\/#organization\"},\"potentialAction\":[{\"@type\":\"SearchAction\",\"target\":{\"@type\":\"EntryPoint\",\"urlTemplate\":\"https:\\\/\\\/lasentinelle.dz\\\/?s={search_term_string}\"},\"query-input\":{\"@type\":\"PropertyValueSpecification\",\"valueRequired\":true,\"valueName\":\"search_term_string\"}}],\"inLanguage\":\"fr-FR\"},{\"@type\":\"Organization\",\"@id\":\"https:\\\/\\\/lasentinelle.dz\\\/#organization\",\"name\":\"Quotidien La Sentinelle\",\"url\":\"https:\\\/\\\/lasentinelle.dz\\\/\",\"logo\":{\"@type\":\"ImageObject\",\"inLanguage\":\"fr-FR\",\"@id\":\"https:\\\/\\\/lasentinelle.dz\\\/#\\\/schema\\\/logo\\\/image\\\/\",\"url\":\"https:\\\/\\\/lasentinelle.dz\\\/wp-content\\\/uploads\\\/2021\\\/09\\\/logo-sentinelleSLOGAN-1.png\",\"contentUrl\":\"https:\\\/\\\/lasentinelle.dz\\\/wp-content\\\/uploads\\\/2021\\\/09\\\/logo-sentinelleSLOGAN-1.png\",\"width\":615,\"height\":142,\"caption\":\"Quotidien La Sentinelle\"},\"image\":{\"@id\":\"https:\\\/\\\/lasentinelle.dz\\\/#\\\/schema\\\/logo\\\/image\\\/\"},\"sameAs\":[\"https:\\\/\\\/www.facebook.com\\\/La-Sentinelle-104059864394773\"]},{\"@type\":\"Person\",\"@id\":\"https:\\\/\\\/lasentinelle.dz\\\/#\\\/schema\\\/person\\\/729ee0024f24e0b8c5ec17232f8e8b41\",\"name\":\"admin\",\"image\":{\"@type\":\"ImageObject\",\"inLanguage\":\"fr-FR\",\"@id\":\"https:\\\/\\\/secure.gravatar.com\\\/avatar\\\/4c81fed838786e9b53f540bf46533e750f5d292099ae3b66cfc6fb1982e29df7?s=96&d=mm&r=g\",\"url\":\"https:\\\/\\\/secure.gravatar.com\\\/avatar\\\/4c81fed838786e9b53f540bf46533e750f5d292099ae3b66cfc6fb1982e29df7?s=96&d=mm&r=g\",\"contentUrl\":\"https:\\\/\\\/secure.gravatar.com\\\/avatar\\\/4c81fed838786e9b53f540bf46533e750f5d292099ae3b66cfc6fb1982e29df7?s=96&d=mm&r=g\",\"caption\":\"admin\"},\"description\":\"admin\",\"url\":\"https:\\\/\\\/lasentinelle.dz\\\/author\\\/admin\\\/\"}]}<\/script>\n<!-- \/ Yoast SEO plugin. -->","yoast_head_json":{"title":"Intemp\u00e9ries: la Protection civile mobilis\u00e9e, les alertes m\u00e9t\u00e9o se poursuivent - La Sentinelle","robots":{"index":"index","follow":"follow","max-snippet":"max-snippet:-1","max-image-preview":"max-image-preview:large","max-video-preview":"max-video-preview:-1"},"canonical":"https:\/\/lasentinelle.dz\/index.php\/2026\/03\/11\/intemperies-la-protection-civile-mobilisee-les-alertes-meteo-se-poursuivent\/","og_locale":"fr_FR","og_type":"article","og_title":"Intemp\u00e9ries: la Protection civile mobilis\u00e9e, les alertes m\u00e9t\u00e9o se poursuivent - La Sentinelle","og_description":"De fortes pluies ont frapp\u00e9 plusieurs wilayas du pays au cours des derni\u00e8res 24 heures, contraignant les \u00e9quipes de la","og_url":"https:\/\/lasentinelle.dz\/index.php\/2026\/03\/11\/intemperies-la-protection-civile-mobilisee-les-alertes-meteo-se-poursuivent\/","og_site_name":"La Sentinelle","article_publisher":"https:\/\/www.facebook.com\/La-Sentinelle-104059864394773","article_published_time":"2026-03-11T20:18:59+00:00","article_modified_time":"2026-03-11T20:19:00+00:00","og_image":[{"width":960,"height":1280,"url":"https:\/\/lasentinelle.dz\/wp-content\/uploads\/2026\/01\/protection-civile.jpeg","type":"image\/jpeg"}],"author":"admin","twitter_card":"summary_large_image","twitter_misc":{"\u00c9crit par":"admin","Dur\u00e9e de lecture estim\u00e9e":"2 minutes"},"schema":{"@context":"https:\/\/schema.org","@graph":[{"@type":"Article","@id":"https:\/\/lasentinelle.dz\/index.php\/2026\/03\/11\/intemperies-la-protection-civile-mobilisee-les-alertes-meteo-se-poursuivent\/#article","isPartOf":{"@id":"https:\/\/lasentinelle.dz\/index.php\/2026\/03\/11\/intemperies-la-protection-civile-mobilisee-les-alertes-meteo-se-poursuivent\/"},"author":{"name":"admin","@id":"https:\/\/lasentinelle.dz\/#\/schema\/person\/729ee0024f24e0b8c5ec17232f8e8b41"},"headline":"Intemp\u00e9ries: la Protection civile mobilis\u00e9e, les alertes m\u00e9t\u00e9o se poursuivent","datePublished":"2026-03-11T20:18:59+00:00","dateModified":"2026-03-11T20:19:00+00:00","mainEntityOfPage":{"@id":"https:\/\/lasentinelle.dz\/index.php\/2026\/03\/11\/intemperies-la-protection-civile-mobilisee-les-alertes-meteo-se-poursuivent\/"},"wordCount":269,"commentCount":0,"publisher":{"@id":"https:\/\/lasentinelle.dz\/#organization"},"image":{"@id":"https:\/\/lasentinelle.dz\/index.php\/2026\/03\/11\/intemperies-la-protection-civile-mobilisee-les-alertes-meteo-se-poursuivent\/#primaryimage"},"thumbnailUrl":"https:\/\/lasentinelle.dz\/wp-content\/uploads\/2026\/01\/protection-civile.jpeg","articleSection":["Actualit\u00e9"],"inLanguage":"fr-FR","potentialAction":[{"@type":"CommentAction","name":"Comment","target":["https:\/\/lasentinelle.dz\/index.php\/2026\/03\/11\/intemperies-la-protection-civile-mobilisee-les-alertes-meteo-se-poursuivent\/#respond"]}]},{"@type":"WebPage","@id":"https:\/\/lasentinelle.dz\/index.php\/2026\/03\/11\/intemperies-la-protection-civile-mobilisee-les-alertes-meteo-se-poursuivent\/","url":"https:\/\/lasentinelle.dz\/index.php\/2026\/03\/11\/intemperies-la-protection-civile-mobilisee-les-alertes-meteo-se-poursuivent\/","name":"Intemp\u00e9ries: la Protection civile mobilis\u00e9e, les alertes m\u00e9t\u00e9o se poursuivent - La Sentinelle","isPartOf":{"@id":"https:\/\/lasentinelle.dz\/#website"},"primaryImageOfPage":{"@id":"https:\/\/lasentinelle.dz\/index.php\/2026\/03\/11\/intemperies-la-protection-civile-mobilisee-les-alertes-meteo-se-poursuivent\/#primaryimage"},"image":{"@id":"https:\/\/lasentinelle.dz\/index.php\/2026\/03\/11\/intemperies-la-protection-civile-mobilisee-les-alertes-meteo-se-poursuivent\/#primaryimage"},"thumbnailUrl":"https:\/\/lasentinelle.dz\/wp-content\/uploads\/2026\/01\/protection-civile.jpeg","datePublished":"2026-03-11T20:18:59+00:00","dateModified":"2026-03-11T20:19:00+00:00","breadcrumb":{"@id":"https:\/\/lasentinelle.dz\/index.php\/2026\/03\/11\/intemperies-la-protection-civile-mobilisee-les-alertes-meteo-se-poursuivent\/#breadcrumb"},"inLanguage":"fr-FR","potentialAction":[{"@type":"ReadAction","target":["https:\/\/lasentinelle.dz\/index.php\/2026\/03\/11\/intemperies-la-protection-civile-mobilisee-les-alertes-meteo-se-poursuivent\/"]}]},{"@type":"ImageObject","inLanguage":"fr-FR","@id":"https:\/\/lasentinelle.dz\/index.php\/2026\/03\/11\/intemperies-la-protection-civile-mobilisee-les-alertes-meteo-se-poursuivent\/#primaryimage","url":"https:\/\/lasentinelle.dz\/wp-content\/uploads\/2026\/01\/protection-civile.jpeg","contentUrl":"https:\/\/lasentinelle.dz\/wp-content\/uploads\/2026\/01\/protection-civile.jpeg","width":960,"height":1280},{"@type":"BreadcrumbList","@id":"https:\/\/lasentinelle.dz\/index.php\/2026\/03\/11\/intemperies-la-protection-civile-mobilisee-les-alertes-meteo-se-poursuivent\/#breadcrumb","itemListElement":[{"@type":"ListItem","position":1,"name":"Accueil","item":"https:\/\/lasentinelle.dz\/"},{"@type":"ListItem","position":2,"name":"Intemp\u00e9ries: la Protection civile mobilis\u00e9e, les alertes m\u00e9t\u00e9o se poursuivent"}]},{"@type":"WebSite","@id":"https:\/\/lasentinelle.dz\/#website","url":"https:\/\/lasentinelle.dz\/","name":"La Sentinelle","description":"Quotidien national d&#039;information","publisher":{"@id":"https:\/\/lasentinelle.dz\/#organization"},"potentialAction":[{"@type":"SearchAction","target":{"@type":"EntryPoint","urlTemplate":"https:\/\/lasentinelle.dz\/?s={search_term_string}"},"query-input":{"@type":"PropertyValueSpecification","valueRequired":true,"valueName":"search_term_string"}}],"inLanguage":"fr-FR"},{"@type":"Organization","@id":"https:\/\/lasentinelle.dz\/#organization","name":"Quotidien La Sentinelle","url":"https:\/\/lasentinelle.dz\/","logo":{"@type":"ImageObject","inLanguage":"fr-FR","@id":"https:\/\/lasentinelle.dz\/#\/schema\/logo\/image\/","url":"https:\/\/lasentinelle.dz\/wp-content\/uploads\/2021\/09\/logo-sentinelleSLOGAN-1.png","contentUrl":"https:\/\/lasentinelle.dz\/wp-content\/uploads\/2021\/09\/logo-sentinelleSLOGAN-1.png","width":615,"height":142,"caption":"Quotidien La Sentinelle"},"image":{"@id":"https:\/\/lasentinelle.dz\/#\/schema\/logo\/image\/"},"sameAs":["https:\/\/www.facebook.com\/La-Sentinelle-104059864394773"]},{"@type":"Person","@id":"https:\/\/lasentinelle.dz\/#\/schema\/person\/729ee0024f24e0b8c5ec17232f8e8b41","name":"admin","image":{"@type":"ImageObject","inLanguage":"fr-FR","@id":"https:\/\/secure.gravatar.com\/avatar\/4c81fed838786e9b53f540bf46533e750f5d292099ae3b66cfc6fb1982e29df7?s=96&d=mm&r=g","url":"https:\/\/secure.gravatar.com\/avatar\/4c81fed838786e9b53f540bf46533e750f5d292099ae3b66cfc6fb1982e29df7?s=96&d=mm&r=g","contentUrl":"https:\/\/secure.gravatar.com\/avatar\/4c81fed838786e9b53f540bf46533e750f5d292099ae3b66cfc6fb1982e29df7?s=96&d=mm&r=g","caption":"admin"},"description":"admin","url":"https:\/\/lasentinelle.dz\/author\/admin\/"}]}},"_links":{"self":[{"href":"https:\/\/lasentinelle.dz\/index.php\/wp-json\/wp\/v2\/posts\/83284","targetHints":{"allow":["GET"]}}],"collection":[{"href":"https:\/\/lasentinelle.dz\/index.php\/wp-json\/wp\/v2\/posts"}],"about":[{"href":"https:\/\/lasentinelle.dz\/index.php\/wp-json\/wp\/v2\/types\/post"}],"author":[{"embeddable":true,"href":"https:\/\/lasentinelle.dz\/index.php\/wp-json\/wp\/v2\/users\/6"}],"replies":[{"embeddable":true,"href":"https:\/\/lasentinelle.dz\/index.php\/wp-json\/wp\/v2\/comments?post=83284"}],"version-history":[{"count":1,"href":"https:\/\/lasentinelle.dz\/index.php\/wp-json\/wp\/v2\/posts\/83284\/revisions"}],"predecessor-version":[{"id":83285,"href":"https:\/\/lasentinelle.dz\/index.php\/wp-json\/wp\/v2\/posts\/83284\/revisions\/83285"}],"wp:featuredmedia":[{"embeddable":true,"href":"https:\/\/lasentinelle.dz\/index.php\/wp-json\/wp\/v2\/media\/79937"}],"wp:attachment":[{"href":"https:\/\/lasentinelle.dz\/index.php\/wp-json\/wp\/v2\/media?parent=83284"}],"wp:term":[{"taxonomy":"category","embeddable":true,"href":"https:\/\/lasentinelle.dz\/index.php\/wp-json\/wp\/v2\/categories?post=83284"},{"taxonomy":"post_tag","embeddable":true,"href":"https:\/\/lasentinelle.dz\/index.php\/wp-json\/wp\/v2\/tags?post=83284"}],"curies":[{"name":"wp","href":"https:\/\/api.w.org\/{rel}","templated":true}]}}