{"id":83301,"date":"2026-03-11T21:29:04","date_gmt":"2026-03-11T20:29:04","guid":{"rendered":"https:\/\/lasentinelle.dz\/?p=83301"},"modified":"2026-03-11T21:29:05","modified_gmt":"2026-03-11T20:29:05","slug":"bendouda-partage-un-mega-ftour-avec-les-etudiants-aux-grandes-ecoles-des-arts","status":"publish","type":"post","link":"https:\/\/lasentinelle.dz\/index.php\/2026\/03\/11\/bendouda-partage-un-mega-ftour-avec-les-etudiants-aux-grandes-ecoles-des-arts\/","title":{"rendered":"Bendouda partage un \u00ab\u00a0M\u00e9ga f\u2019tour\u00a0\u00bb avec les \u00e9tudiants aux grandes \u00e9coles des arts"},"content":{"rendered":"\n<p>Ce n&rsquo;est pas un simple d\u00eener de rupture du je\u00fbne. Quand la ministre de la Culture et des Arts, Malika Bendouda, s&rsquo;est assise mardi soir au Palais de la Culture Moufdi-Zakaria avec les \u00e9tudiants de cinq grandes \u00e9coles et instituts sup\u00e9rieurs artistiques, le geste portait une signification qui d\u00e9passait la convivialit\u00e9 ramadhanesque : celui d&rsquo;un dialogue direct entre une tutelle et la prochaine g\u00e9n\u00e9ration de cr\u00e9ateurs alg\u00e9riens, avec, sur la table, les chantiers urgents de la formation artistique sup\u00e9rieure. L&rsquo;initiative de ce \u00ab M\u00e9ga-f&rsquo;tour \u00bb a r\u00e9uni autour de la ministre les \u00e9tudiants et leurs encadrements p\u00e9dagogiques et administratifs de l&rsquo;Institut national sup\u00e9rieur des m\u00e9tiers des arts du spectacle (ISMAS), de l&rsquo;Institut national sup\u00e9rieur de musique \u00ab Mohamed-Faouzi \u00bb (INSM), de l&rsquo;Institut national sup\u00e9rieur du cin\u00e9ma \u00ab Mohamed-Lakhdar-Hamina \u00bb de Kol\u00e9a (INSC), ainsi que des \u00c9coles nationales sup\u00e9rieures des Beaux-Arts d&rsquo;Alger et de Conservation et de Restauration des biens culturels de Tipasa. Cinq institutions, cinq disciplines, une m\u00eame ambition : forger les artistes, restaurateurs, cin\u00e9astes et musiciens de demain. Malika Bendouda a tenu \u00e0 replacer l&rsquo;\u00e9v\u00e9nement dans sa gen\u00e8se r\u00e9elle. \u00ab Je n&rsquo;ai fait que g\u00e9n\u00e9raliser cette initiative louable qui, en r\u00e9alit\u00e9, vient d&rsquo;un groupe d&rsquo;\u00e9tudiants qui ont souhait\u00e9 partager le f&rsquo;tour dans ce mois sacr\u00e9 du Ramadhan avec moi \u00bb, a-t-elle expliqu\u00e9. Avant d&rsquo;ajouter que ce fut \u00ab un moment interactif de haute qualit\u00e9 et de grande convivialit\u00e9 autour de leurs ambitions et leurs r\u00eaves l\u00e9gitimes, qu&rsquo;il nous incombe d&rsquo;accompagner le plus loin possible \u00bb. Le mot \u00ab accompagner \u00bb a valeur d&rsquo;engagement, dans un secteur o\u00f9 les jeunes dipl\u00f4m\u00e9s se heurtent trop souvent au vide institutionnel d\u00e8s la sortie des \u00e9tablissements.<\/p>\n\n\n\n<p>Car les \u00e9changes n&rsquo;ont pas tourn\u00e9 autour des seuls v\u0153ux pieux. Les responsables des cinq \u00e9tablissements ont \u00e9t\u00e9 unanimes sur les priorit\u00e9s exprim\u00e9es durant la soir\u00e9e : \u00ab l&rsquo;essentiel des \u00e9changes avec la ministre a \u00e9t\u00e9 autour de la n\u00e9cessit\u00e9 d&rsquo;am\u00e9liorer le niveau de formation dans le domaine artistique, de documenter la musique alg\u00e9rienne et lui donner un socle acad\u00e9mique, ainsi que de d\u00e9velopper la recherche scientifique dans le domaine des arts \u00bb. Des revendications structurelles, formul\u00e9es avec pr\u00e9cision, qui disent l&rsquo;\u00e9tat d&rsquo;un enseignement artistique sup\u00e9rieur en qu\u00eate de reconnaissance acad\u00e9mique pleine et enti\u00e8re.<\/p>\n\n\n\n<p>La question du num\u00e9rique et de l&rsquo;intelligence artificielle a \u00e9galement occup\u00e9 les d\u00e9bats. L&rsquo;introduction des derni\u00e8res technologies dans l&rsquo;enseignement des disciplines artistiques a \u00e9t\u00e9 jug\u00e9e indispensable, tout comme \u00ab la n\u00e9cessit\u00e9 de cr\u00e9ation de structures d&rsquo;accompagnement, publiques ou priv\u00e9es, qui aideraient les cr\u00e9ateurs de jeunes entreprises innovantes dans le domaine des arts \u00e0 se lancer \u00bb, selon les responsables pr\u00e9sents. En filigrane, c&rsquo;est tout l&rsquo;\u00e9cosyst\u00e8me des industries cr\u00e9atives qui est interpell\u00e9 : former des artistes ne suffit plus si aucune structure ne les accueille, ne les finance et ne les aide \u00e0 transformer leur talent en activit\u00e9 viable.<\/p>\n\n\n\n<p>La soir\u00e9e s&rsquo;est conclue sur une note r\u00e9solument musicale. Les dix-huit instrumentistes de l&rsquo;Orchestre de l&rsquo;INSM, dont six femmes, plac\u00e9s sous la direction du maestro Soheib Stambouli, ont offert un programme \u00e0 la hauteur de l&rsquo;\u00e9v\u00e9nement. Fusionnant instruments traditionnels et cordes symphoniques, l&rsquo;ensemble a interpr\u00e9t\u00e9 \u00ab Ya Rayeh \u00bb, \u00ab Djaza\u00efr Djawhara \u00bb, \u00ab Lamma bada yatathanna \u00bb, quelques pi\u00e8ces aux gammes pentatoniques dans le genre targui, et des extraits du r\u00e9pertoire classique universel \u2014 un v\u00e9ritable dialogue des cultures incarn\u00e9 en musique, qui r\u00e9sumait, mieux que tout discours, ce que l&rsquo;Alg\u00e9rie artistique peut offrir lorsqu&rsquo;elle se donne les moyens de ses ambitions.<\/p>\n\n\n\n<p>M.S.<\/p>\n","protected":false},"excerpt":{"rendered":"<p>Ce n&rsquo;est pas un simple d\u00eener de rupture du je\u00fbne. Quand la ministre de la Culture et des Arts, Malika<\/p>\n","protected":false},"author":6,"featured_media":83302,"comment_status":"open","ping_status":"closed","sticky":false,"template":"","format":"standard","meta":{"colormag_page_container_layout":"default_layout","colormag_page_sidebar_layout":"default_layout","om_disable_all_campaigns":false,"_monsterinsights_skip_tracking":false,"_monsterinsights_sitenote_active":false,"_monsterinsights_sitenote_note":"","_monsterinsights_sitenote_category":0,"footnotes":"","_wpscppro_dont_share_socialmedia":false,"_wpscppro_custom_social_share_image":0,"_facebook_share_type":"default","_twitter_share_type":"default","_linkedin_share_type":"default","_pinterest_share_type":"default","_linkedin_share_type_page":"","_instagram_share_type":"default","_medium_share_type":"default","_threads_share_type":"default","_google_business_share_type":"default","_selected_social_profile":[],"_wpsp_enable_custom_social_template":false,"_wpsp_social_scheduling":{"enabled":false,"datetime":null,"platforms":[],"status":"template_only","dateOption":"today","timeOption":"now","customDays":"","customHours":"","customDate":"","customTime":"","schedulingType":"absolute"},"_wpsp_active_default_template":true},"categories":[36],"tags":[],"class_list":["post-83301","post","type-post","status-publish","format-standard","has-post-thumbnail","hentry","category-culture"],"aioseo_notices":[],"yoast_head":"<!-- This site is optimized with the Yoast SEO plugin v27.4 - https:\/\/yoast.com\/product\/yoast-seo-wordpress\/ -->\n<title>Bendouda partage un \u00ab\u00a0M\u00e9ga f\u2019tour\u00a0\u00bb avec les \u00e9tudiants aux grandes \u00e9coles des arts - La Sentinelle<\/title>\n<meta name=\"robots\" content=\"index, follow, max-snippet:-1, max-image-preview:large, max-video-preview:-1\" \/>\n<link rel=\"canonical\" href=\"https:\/\/lasentinelle.dz\/index.php\/2026\/03\/11\/bendouda-partage-un-mega-ftour-avec-les-etudiants-aux-grandes-ecoles-des-arts\/\" \/>\n<meta property=\"og:locale\" content=\"fr_FR\" \/>\n<meta property=\"og:type\" content=\"article\" \/>\n<meta property=\"og:title\" content=\"Bendouda partage un \u00ab\u00a0M\u00e9ga f\u2019tour\u00a0\u00bb avec les \u00e9tudiants aux grandes \u00e9coles des arts - La Sentinelle\" \/>\n<meta property=\"og:description\" content=\"Ce n&rsquo;est pas un simple d\u00eener de rupture du je\u00fbne. Quand la ministre de la Culture et des Arts, Malika\" \/>\n<meta property=\"og:url\" content=\"https:\/\/lasentinelle.dz\/index.php\/2026\/03\/11\/bendouda-partage-un-mega-ftour-avec-les-etudiants-aux-grandes-ecoles-des-arts\/\" \/>\n<meta property=\"og:site_name\" content=\"La Sentinelle\" \/>\n<meta property=\"article:publisher\" content=\"https:\/\/www.facebook.com\/La-Sentinelle-104059864394773\" \/>\n<meta property=\"article:published_time\" content=\"2026-03-11T20:29:04+00:00\" \/>\n<meta property=\"article:modified_time\" content=\"2026-03-11T20:29:05+00:00\" \/>\n<meta property=\"og:image\" content=\"https:\/\/lasentinelle.dz\/wp-content\/uploads\/2026\/03\/649831275_1234042902239279_7844307766073582589_n.jpg\" \/>\n\t<meta property=\"og:image:width\" content=\"2048\" \/>\n\t<meta property=\"og:image:height\" content=\"1364\" \/>\n\t<meta property=\"og:image:type\" content=\"image\/jpeg\" \/>\n<meta name=\"author\" content=\"admin\" \/>\n<meta name=\"twitter:card\" content=\"summary_large_image\" \/>\n<meta name=\"twitter:label1\" content=\"\u00c9crit par\" \/>\n\t<meta name=\"twitter:data1\" content=\"admin\" \/>\n\t<meta name=\"twitter:label2\" content=\"Dur\u00e9e de lecture estim\u00e9e\" \/>\n\t<meta name=\"twitter:data2\" content=\"3 minutes\" \/>\n<script type=\"application\/ld+json\" class=\"yoast-schema-graph\">{\"@context\":\"https:\\\/\\\/schema.org\",\"@graph\":[{\"@type\":\"Article\",\"@id\":\"https:\\\/\\\/lasentinelle.dz\\\/index.php\\\/2026\\\/03\\\/11\\\/bendouda-partage-un-mega-ftour-avec-les-etudiants-aux-grandes-ecoles-des-arts\\\/#article\",\"isPartOf\":{\"@id\":\"https:\\\/\\\/lasentinelle.dz\\\/index.php\\\/2026\\\/03\\\/11\\\/bendouda-partage-un-mega-ftour-avec-les-etudiants-aux-grandes-ecoles-des-arts\\\/\"},\"author\":{\"name\":\"admin\",\"@id\":\"https:\\\/\\\/lasentinelle.dz\\\/#\\\/schema\\\/person\\\/729ee0024f24e0b8c5ec17232f8e8b41\"},\"headline\":\"Bendouda partage un \u00ab\u00a0M\u00e9ga f\u2019tour\u00a0\u00bb avec les \u00e9tudiants aux grandes \u00e9coles des arts\",\"datePublished\":\"2026-03-11T20:29:04+00:00\",\"dateModified\":\"2026-03-11T20:29:05+00:00\",\"mainEntityOfPage\":{\"@id\":\"https:\\\/\\\/lasentinelle.dz\\\/index.php\\\/2026\\\/03\\\/11\\\/bendouda-partage-un-mega-ftour-avec-les-etudiants-aux-grandes-ecoles-des-arts\\\/\"},\"wordCount\":659,\"commentCount\":0,\"publisher\":{\"@id\":\"https:\\\/\\\/lasentinelle.dz\\\/#organization\"},\"image\":{\"@id\":\"https:\\\/\\\/lasentinelle.dz\\\/index.php\\\/2026\\\/03\\\/11\\\/bendouda-partage-un-mega-ftour-avec-les-etudiants-aux-grandes-ecoles-des-arts\\\/#primaryimage\"},\"thumbnailUrl\":\"https:\\\/\\\/lasentinelle.dz\\\/wp-content\\\/uploads\\\/2026\\\/03\\\/649831275_1234042902239279_7844307766073582589_n.jpg\",\"articleSection\":[\"Culture\"],\"inLanguage\":\"fr-FR\",\"potentialAction\":[{\"@type\":\"CommentAction\",\"name\":\"Comment\",\"target\":[\"https:\\\/\\\/lasentinelle.dz\\\/index.php\\\/2026\\\/03\\\/11\\\/bendouda-partage-un-mega-ftour-avec-les-etudiants-aux-grandes-ecoles-des-arts\\\/#respond\"]}]},{\"@type\":\"WebPage\",\"@id\":\"https:\\\/\\\/lasentinelle.dz\\\/index.php\\\/2026\\\/03\\\/11\\\/bendouda-partage-un-mega-ftour-avec-les-etudiants-aux-grandes-ecoles-des-arts\\\/\",\"url\":\"https:\\\/\\\/lasentinelle.dz\\\/index.php\\\/2026\\\/03\\\/11\\\/bendouda-partage-un-mega-ftour-avec-les-etudiants-aux-grandes-ecoles-des-arts\\\/\",\"name\":\"Bendouda partage un \u00ab\u00a0M\u00e9ga f\u2019tour\u00a0\u00bb avec les \u00e9tudiants aux grandes \u00e9coles des arts - La Sentinelle\",\"isPartOf\":{\"@id\":\"https:\\\/\\\/lasentinelle.dz\\\/#website\"},\"primaryImageOfPage\":{\"@id\":\"https:\\\/\\\/lasentinelle.dz\\\/index.php\\\/2026\\\/03\\\/11\\\/bendouda-partage-un-mega-ftour-avec-les-etudiants-aux-grandes-ecoles-des-arts\\\/#primaryimage\"},\"image\":{\"@id\":\"https:\\\/\\\/lasentinelle.dz\\\/index.php\\\/2026\\\/03\\\/11\\\/bendouda-partage-un-mega-ftour-avec-les-etudiants-aux-grandes-ecoles-des-arts\\\/#primaryimage\"},\"thumbnailUrl\":\"https:\\\/\\\/lasentinelle.dz\\\/wp-content\\\/uploads\\\/2026\\\/03\\\/649831275_1234042902239279_7844307766073582589_n.jpg\",\"datePublished\":\"2026-03-11T20:29:04+00:00\",\"dateModified\":\"2026-03-11T20:29:05+00:00\",\"breadcrumb\":{\"@id\":\"https:\\\/\\\/lasentinelle.dz\\\/index.php\\\/2026\\\/03\\\/11\\\/bendouda-partage-un-mega-ftour-avec-les-etudiants-aux-grandes-ecoles-des-arts\\\/#breadcrumb\"},\"inLanguage\":\"fr-FR\",\"potentialAction\":[{\"@type\":\"ReadAction\",\"target\":[\"https:\\\/\\\/lasentinelle.dz\\\/index.php\\\/2026\\\/03\\\/11\\\/bendouda-partage-un-mega-ftour-avec-les-etudiants-aux-grandes-ecoles-des-arts\\\/\"]}]},{\"@type\":\"ImageObject\",\"inLanguage\":\"fr-FR\",\"@id\":\"https:\\\/\\\/lasentinelle.dz\\\/index.php\\\/2026\\\/03\\\/11\\\/bendouda-partage-un-mega-ftour-avec-les-etudiants-aux-grandes-ecoles-des-arts\\\/#primaryimage\",\"url\":\"https:\\\/\\\/lasentinelle.dz\\\/wp-content\\\/uploads\\\/2026\\\/03\\\/649831275_1234042902239279_7844307766073582589_n.jpg\",\"contentUrl\":\"https:\\\/\\\/lasentinelle.dz\\\/wp-content\\\/uploads\\\/2026\\\/03\\\/649831275_1234042902239279_7844307766073582589_n.jpg\",\"width\":2048,\"height\":1364},{\"@type\":\"BreadcrumbList\",\"@id\":\"https:\\\/\\\/lasentinelle.dz\\\/index.php\\\/2026\\\/03\\\/11\\\/bendouda-partage-un-mega-ftour-avec-les-etudiants-aux-grandes-ecoles-des-arts\\\/#breadcrumb\",\"itemListElement\":[{\"@type\":\"ListItem\",\"position\":1,\"name\":\"Accueil\",\"item\":\"https:\\\/\\\/lasentinelle.dz\\\/\"},{\"@type\":\"ListItem\",\"position\":2,\"name\":\"Bendouda partage un \u00ab\u00a0M\u00e9ga f\u2019tour\u00a0\u00bb avec les \u00e9tudiants aux grandes \u00e9coles des arts\"}]},{\"@type\":\"WebSite\",\"@id\":\"https:\\\/\\\/lasentinelle.dz\\\/#website\",\"url\":\"https:\\\/\\\/lasentinelle.dz\\\/\",\"name\":\"La Sentinelle\",\"description\":\"Quotidien national d&#039;information\",\"publisher\":{\"@id\":\"https:\\\/\\\/lasentinelle.dz\\\/#organization\"},\"potentialAction\":[{\"@type\":\"SearchAction\",\"target\":{\"@type\":\"EntryPoint\",\"urlTemplate\":\"https:\\\/\\\/lasentinelle.dz\\\/?s={search_term_string}\"},\"query-input\":{\"@type\":\"PropertyValueSpecification\",\"valueRequired\":true,\"valueName\":\"search_term_string\"}}],\"inLanguage\":\"fr-FR\"},{\"@type\":\"Organization\",\"@id\":\"https:\\\/\\\/lasentinelle.dz\\\/#organization\",\"name\":\"Quotidien La Sentinelle\",\"url\":\"https:\\\/\\\/lasentinelle.dz\\\/\",\"logo\":{\"@type\":\"ImageObject\",\"inLanguage\":\"fr-FR\",\"@id\":\"https:\\\/\\\/lasentinelle.dz\\\/#\\\/schema\\\/logo\\\/image\\\/\",\"url\":\"https:\\\/\\\/lasentinelle.dz\\\/wp-content\\\/uploads\\\/2021\\\/09\\\/logo-sentinelleSLOGAN-1.png\",\"contentUrl\":\"https:\\\/\\\/lasentinelle.dz\\\/wp-content\\\/uploads\\\/2021\\\/09\\\/logo-sentinelleSLOGAN-1.png\",\"width\":615,\"height\":142,\"caption\":\"Quotidien La Sentinelle\"},\"image\":{\"@id\":\"https:\\\/\\\/lasentinelle.dz\\\/#\\\/schema\\\/logo\\\/image\\\/\"},\"sameAs\":[\"https:\\\/\\\/www.facebook.com\\\/La-Sentinelle-104059864394773\"]},{\"@type\":\"Person\",\"@id\":\"https:\\\/\\\/lasentinelle.dz\\\/#\\\/schema\\\/person\\\/729ee0024f24e0b8c5ec17232f8e8b41\",\"name\":\"admin\",\"image\":{\"@type\":\"ImageObject\",\"inLanguage\":\"fr-FR\",\"@id\":\"https:\\\/\\\/secure.gravatar.com\\\/avatar\\\/4c81fed838786e9b53f540bf46533e750f5d292099ae3b66cfc6fb1982e29df7?s=96&d=mm&r=g\",\"url\":\"https:\\\/\\\/secure.gravatar.com\\\/avatar\\\/4c81fed838786e9b53f540bf46533e750f5d292099ae3b66cfc6fb1982e29df7?s=96&d=mm&r=g\",\"contentUrl\":\"https:\\\/\\\/secure.gravatar.com\\\/avatar\\\/4c81fed838786e9b53f540bf46533e750f5d292099ae3b66cfc6fb1982e29df7?s=96&d=mm&r=g\",\"caption\":\"admin\"},\"description\":\"admin\",\"url\":\"https:\\\/\\\/lasentinelle.dz\\\/author\\\/admin\\\/\"}]}<\/script>\n<!-- \/ Yoast SEO plugin. -->","yoast_head_json":{"title":"Bendouda partage un \u00ab\u00a0M\u00e9ga f\u2019tour\u00a0\u00bb avec les \u00e9tudiants aux grandes \u00e9coles des arts - La Sentinelle","robots":{"index":"index","follow":"follow","max-snippet":"max-snippet:-1","max-image-preview":"max-image-preview:large","max-video-preview":"max-video-preview:-1"},"canonical":"https:\/\/lasentinelle.dz\/index.php\/2026\/03\/11\/bendouda-partage-un-mega-ftour-avec-les-etudiants-aux-grandes-ecoles-des-arts\/","og_locale":"fr_FR","og_type":"article","og_title":"Bendouda partage un \u00ab\u00a0M\u00e9ga f\u2019tour\u00a0\u00bb avec les \u00e9tudiants aux grandes \u00e9coles des arts - La Sentinelle","og_description":"Ce n&rsquo;est pas un simple d\u00eener de rupture du je\u00fbne. Quand la ministre de la Culture et des Arts, Malika","og_url":"https:\/\/lasentinelle.dz\/index.php\/2026\/03\/11\/bendouda-partage-un-mega-ftour-avec-les-etudiants-aux-grandes-ecoles-des-arts\/","og_site_name":"La Sentinelle","article_publisher":"https:\/\/www.facebook.com\/La-Sentinelle-104059864394773","article_published_time":"2026-03-11T20:29:04+00:00","article_modified_time":"2026-03-11T20:29:05+00:00","og_image":[{"width":2048,"height":1364,"url":"https:\/\/lasentinelle.dz\/wp-content\/uploads\/2026\/03\/649831275_1234042902239279_7844307766073582589_n.jpg","type":"image\/jpeg"}],"author":"admin","twitter_card":"summary_large_image","twitter_misc":{"\u00c9crit par":"admin","Dur\u00e9e de lecture estim\u00e9e":"3 minutes"},"schema":{"@context":"https:\/\/schema.org","@graph":[{"@type":"Article","@id":"https:\/\/lasentinelle.dz\/index.php\/2026\/03\/11\/bendouda-partage-un-mega-ftour-avec-les-etudiants-aux-grandes-ecoles-des-arts\/#article","isPartOf":{"@id":"https:\/\/lasentinelle.dz\/index.php\/2026\/03\/11\/bendouda-partage-un-mega-ftour-avec-les-etudiants-aux-grandes-ecoles-des-arts\/"},"author":{"name":"admin","@id":"https:\/\/lasentinelle.dz\/#\/schema\/person\/729ee0024f24e0b8c5ec17232f8e8b41"},"headline":"Bendouda partage un \u00ab\u00a0M\u00e9ga f\u2019tour\u00a0\u00bb avec les \u00e9tudiants aux grandes \u00e9coles des arts","datePublished":"2026-03-11T20:29:04+00:00","dateModified":"2026-03-11T20:29:05+00:00","mainEntityOfPage":{"@id":"https:\/\/lasentinelle.dz\/index.php\/2026\/03\/11\/bendouda-partage-un-mega-ftour-avec-les-etudiants-aux-grandes-ecoles-des-arts\/"},"wordCount":659,"commentCount":0,"publisher":{"@id":"https:\/\/lasentinelle.dz\/#organization"},"image":{"@id":"https:\/\/lasentinelle.dz\/index.php\/2026\/03\/11\/bendouda-partage-un-mega-ftour-avec-les-etudiants-aux-grandes-ecoles-des-arts\/#primaryimage"},"thumbnailUrl":"https:\/\/lasentinelle.dz\/wp-content\/uploads\/2026\/03\/649831275_1234042902239279_7844307766073582589_n.jpg","articleSection":["Culture"],"inLanguage":"fr-FR","potentialAction":[{"@type":"CommentAction","name":"Comment","target":["https:\/\/lasentinelle.dz\/index.php\/2026\/03\/11\/bendouda-partage-un-mega-ftour-avec-les-etudiants-aux-grandes-ecoles-des-arts\/#respond"]}]},{"@type":"WebPage","@id":"https:\/\/lasentinelle.dz\/index.php\/2026\/03\/11\/bendouda-partage-un-mega-ftour-avec-les-etudiants-aux-grandes-ecoles-des-arts\/","url":"https:\/\/lasentinelle.dz\/index.php\/2026\/03\/11\/bendouda-partage-un-mega-ftour-avec-les-etudiants-aux-grandes-ecoles-des-arts\/","name":"Bendouda partage un \u00ab\u00a0M\u00e9ga f\u2019tour\u00a0\u00bb avec les \u00e9tudiants aux grandes \u00e9coles des arts - La Sentinelle","isPartOf":{"@id":"https:\/\/lasentinelle.dz\/#website"},"primaryImageOfPage":{"@id":"https:\/\/lasentinelle.dz\/index.php\/2026\/03\/11\/bendouda-partage-un-mega-ftour-avec-les-etudiants-aux-grandes-ecoles-des-arts\/#primaryimage"},"image":{"@id":"https:\/\/lasentinelle.dz\/index.php\/2026\/03\/11\/bendouda-partage-un-mega-ftour-avec-les-etudiants-aux-grandes-ecoles-des-arts\/#primaryimage"},"thumbnailUrl":"https:\/\/lasentinelle.dz\/wp-content\/uploads\/2026\/03\/649831275_1234042902239279_7844307766073582589_n.jpg","datePublished":"2026-03-11T20:29:04+00:00","dateModified":"2026-03-11T20:29:05+00:00","breadcrumb":{"@id":"https:\/\/lasentinelle.dz\/index.php\/2026\/03\/11\/bendouda-partage-un-mega-ftour-avec-les-etudiants-aux-grandes-ecoles-des-arts\/#breadcrumb"},"inLanguage":"fr-FR","potentialAction":[{"@type":"ReadAction","target":["https:\/\/lasentinelle.dz\/index.php\/2026\/03\/11\/bendouda-partage-un-mega-ftour-avec-les-etudiants-aux-grandes-ecoles-des-arts\/"]}]},{"@type":"ImageObject","inLanguage":"fr-FR","@id":"https:\/\/lasentinelle.dz\/index.php\/2026\/03\/11\/bendouda-partage-un-mega-ftour-avec-les-etudiants-aux-grandes-ecoles-des-arts\/#primaryimage","url":"https:\/\/lasentinelle.dz\/wp-content\/uploads\/2026\/03\/649831275_1234042902239279_7844307766073582589_n.jpg","contentUrl":"https:\/\/lasentinelle.dz\/wp-content\/uploads\/2026\/03\/649831275_1234042902239279_7844307766073582589_n.jpg","width":2048,"height":1364},{"@type":"BreadcrumbList","@id":"https:\/\/lasentinelle.dz\/index.php\/2026\/03\/11\/bendouda-partage-un-mega-ftour-avec-les-etudiants-aux-grandes-ecoles-des-arts\/#breadcrumb","itemListElement":[{"@type":"ListItem","position":1,"name":"Accueil","item":"https:\/\/lasentinelle.dz\/"},{"@type":"ListItem","position":2,"name":"Bendouda partage un \u00ab\u00a0M\u00e9ga f\u2019tour\u00a0\u00bb avec les \u00e9tudiants aux grandes \u00e9coles des arts"}]},{"@type":"WebSite","@id":"https:\/\/lasentinelle.dz\/#website","url":"https:\/\/lasentinelle.dz\/","name":"La Sentinelle","description":"Quotidien national d&#039;information","publisher":{"@id":"https:\/\/lasentinelle.dz\/#organization"},"potentialAction":[{"@type":"SearchAction","target":{"@type":"EntryPoint","urlTemplate":"https:\/\/lasentinelle.dz\/?s={search_term_string}"},"query-input":{"@type":"PropertyValueSpecification","valueRequired":true,"valueName":"search_term_string"}}],"inLanguage":"fr-FR"},{"@type":"Organization","@id":"https:\/\/lasentinelle.dz\/#organization","name":"Quotidien La Sentinelle","url":"https:\/\/lasentinelle.dz\/","logo":{"@type":"ImageObject","inLanguage":"fr-FR","@id":"https:\/\/lasentinelle.dz\/#\/schema\/logo\/image\/","url":"https:\/\/lasentinelle.dz\/wp-content\/uploads\/2021\/09\/logo-sentinelleSLOGAN-1.png","contentUrl":"https:\/\/lasentinelle.dz\/wp-content\/uploads\/2021\/09\/logo-sentinelleSLOGAN-1.png","width":615,"height":142,"caption":"Quotidien La Sentinelle"},"image":{"@id":"https:\/\/lasentinelle.dz\/#\/schema\/logo\/image\/"},"sameAs":["https:\/\/www.facebook.com\/La-Sentinelle-104059864394773"]},{"@type":"Person","@id":"https:\/\/lasentinelle.dz\/#\/schema\/person\/729ee0024f24e0b8c5ec17232f8e8b41","name":"admin","image":{"@type":"ImageObject","inLanguage":"fr-FR","@id":"https:\/\/secure.gravatar.com\/avatar\/4c81fed838786e9b53f540bf46533e750f5d292099ae3b66cfc6fb1982e29df7?s=96&d=mm&r=g","url":"https:\/\/secure.gravatar.com\/avatar\/4c81fed838786e9b53f540bf46533e750f5d292099ae3b66cfc6fb1982e29df7?s=96&d=mm&r=g","contentUrl":"https:\/\/secure.gravatar.com\/avatar\/4c81fed838786e9b53f540bf46533e750f5d292099ae3b66cfc6fb1982e29df7?s=96&d=mm&r=g","caption":"admin"},"description":"admin","url":"https:\/\/lasentinelle.dz\/author\/admin\/"}]}},"_links":{"self":[{"href":"https:\/\/lasentinelle.dz\/index.php\/wp-json\/wp\/v2\/posts\/83301","targetHints":{"allow":["GET"]}}],"collection":[{"href":"https:\/\/lasentinelle.dz\/index.php\/wp-json\/wp\/v2\/posts"}],"about":[{"href":"https:\/\/lasentinelle.dz\/index.php\/wp-json\/wp\/v2\/types\/post"}],"author":[{"embeddable":true,"href":"https:\/\/lasentinelle.dz\/index.php\/wp-json\/wp\/v2\/users\/6"}],"replies":[{"embeddable":true,"href":"https:\/\/lasentinelle.dz\/index.php\/wp-json\/wp\/v2\/comments?post=83301"}],"version-history":[{"count":1,"href":"https:\/\/lasentinelle.dz\/index.php\/wp-json\/wp\/v2\/posts\/83301\/revisions"}],"predecessor-version":[{"id":83303,"href":"https:\/\/lasentinelle.dz\/index.php\/wp-json\/wp\/v2\/posts\/83301\/revisions\/83303"}],"wp:featuredmedia":[{"embeddable":true,"href":"https:\/\/lasentinelle.dz\/index.php\/wp-json\/wp\/v2\/media\/83302"}],"wp:attachment":[{"href":"https:\/\/lasentinelle.dz\/index.php\/wp-json\/wp\/v2\/media?parent=83301"}],"wp:term":[{"taxonomy":"category","embeddable":true,"href":"https:\/\/lasentinelle.dz\/index.php\/wp-json\/wp\/v2\/categories?post=83301"},{"taxonomy":"post_tag","embeddable":true,"href":"https:\/\/lasentinelle.dz\/index.php\/wp-json\/wp\/v2\/tags?post=83301"}],"curies":[{"name":"wp","href":"https:\/\/api.w.org\/{rel}","templated":true}]}}