{"id":83307,"date":"2026-03-11T21:32:02","date_gmt":"2026-03-11T20:32:02","guid":{"rendered":"https:\/\/lasentinelle.dz\/?p=83307"},"modified":"2026-03-11T21:32:03","modified_gmt":"2026-03-11T20:32:03","slug":"au-coeur-de-djamaa-el-djazair-quinze-siecles-darts-islamiques-soffrent-au-regard","status":"publish","type":"post","link":"https:\/\/lasentinelle.dz\/index.php\/2026\/03\/11\/au-coeur-de-djamaa-el-djazair-quinze-siecles-darts-islamiques-soffrent-au-regard\/","title":{"rendered":"Au c\u0153ur de Djama\u00e2 El Djazair\u00a0: Quinze si\u00e8cles d&rsquo;arts islamiques s&rsquo;offrent au regard"},"content":{"rendered":"\n<p>Le mois du Ramadhan est aussi celui de la m\u00e9moire et du recueillement culturel. Le Mus\u00e9e de la civilisation islamique, install\u00e9 dans l&rsquo;enceinte du grand complexe cultuel de Djama\u00e2 El Djazair \u00e0 Alger, en fait la d\u00e9monstration avec une s\u00e9rie d&rsquo;expositions temporaires qui plongent le visiteur dans quinze si\u00e8cles d&rsquo;histoire artistique, de la c\u00e9ramique \u00e0 la calligraphie, de la miniature \u00e0 la photographie d&rsquo;art.<\/p>\n\n\n\n<p>Ouvertes au public jusqu&rsquo;au 13 mars, ces manifestations rassemblent des \u0153uvres de c\u00e9ramistes, calligraphes et miniaturistes alg\u00e9riens, anciens et contemporains, dont les travaux t\u00e9moignent de la profondeur et de la continuit\u00e9 d&rsquo;une civilisation qui a fa\u00e7onn\u00e9 l&rsquo;identit\u00e9 du pays depuis l&rsquo;av\u00e8nement de l&rsquo;islam en Afrique du Nord. L&rsquo;initiative s&rsquo;inscrit dans une vocation clairement affich\u00e9e par l&rsquo;institution : faire du mus\u00e9e un espace vivant de transmission et de dialogue entre les \u00e9poques, loin de la logique du simple conservatoire.<\/p>\n\n\n\n<p>La calligraphie arabe occupe une place centrale dans le parcours propos\u00e9. Le visiteur d\u00e9couvre notamment les \u0153uvres du doyen des calligraphes alg\u00e9riens, Mohamed Bensa\u00efd Cherifi, figure tut\u00e9laire d&rsquo;un art exigeant qu&rsquo;il a port\u00e9 \u00e0 son plus haut niveau. Cet artiste est c\u00e9l\u00e8bre pour avoir transcrit le Saint Coran \u00e0 plusieurs reprises dans diff\u00e9rents styles calligraphiques, et pour avoir con\u00e7u les motifs ornant la monnaie alg\u00e9rienne, billets et pi\u00e8ces confondus \u2014 une pr\u00e9sence discr\u00e8te mais quotidienne de l&rsquo;art dans la vie des Alg\u00e9riens. \u00c0 ses c\u00f4t\u00e9s, les \u0153uvres de Nourredine Kour illustrent une autre approche, celle d&rsquo;une calligraphie arabe traditionnelle r\u00e9interpr\u00e9t\u00e9e \u00e0 l&rsquo;aune de l&rsquo;art contemporain, dans un dialogue assum\u00e9 entre h\u00e9ritage et modernit\u00e9. La c\u00e9ramique et la miniature compl\u00e8tent ce panorama avec les cr\u00e9ations de Mustapha Adajout, Mohamed Temmam et Mohamed Boumehdi, trois noms qui comptent dans le paysage des arts plastiques alg\u00e9riens et dont les \u0153uvres revisitent, chacune \u00e0 sa mani\u00e8re, les codes esth\u00e9tiques h\u00e9rit\u00e9s de la tradition islamique. Un espace distinct a par ailleurs \u00e9t\u00e9 consacr\u00e9 \u00e0 la photographie d&rsquo;art, \u00e0 travers une s\u00e9lection de clich\u00e9s de Samir Djama, auxquels s&rsquo;ajoutent des manuscrits anciens et des outils li\u00e9s \u00e0 la pratique calligraphique, offrant ainsi une dimension documentaire et patrimoniale \u00e0 l&rsquo;ensemble.<\/p>\n\n\n\n<p>Pour Khaled Saber Cherifi, directeur du mus\u00e9e, la coh\u00e9rence de la d\u00e9marche est claire. Ces expositions temporaires, a-t-il expliqu\u00e9 dans une d\u00e9claration \u00e0 l&rsquo;APS, \u00ab visent \u00e0 retracer les \u00e9tapes historiques de la civilisation islamique en Alg\u00e9rie \u00e0 travers des collections d&rsquo;art acquises ou emprunt\u00e9es \u00bb. Une ambition qui d\u00e9passe le cadre \u00e9v\u00e9nementiel du Ramadhan pour s&rsquo;inscrire dans un projet mus\u00e9al de long terme. \u00ab Le mus\u00e9e couvre, \u00e0 travers ses collections, quinze si\u00e8cles d&rsquo;histoire, retra\u00e7ant l&rsquo;\u00e9volution des arts depuis l&rsquo;av\u00e8nement de l&rsquo;islam en Afrique du Nord \u00bb, a-t-il pr\u00e9cis\u00e9, ajoutant que \u00ab la collection permanente du mus\u00e9e sera continuellement enrichie d&rsquo;objets d&rsquo;art pr\u00e9cieux et de manuscrits mill\u00e9naires \u00bb.<\/p>\n\n\n\n<p>Ce dernier point n&rsquo;est pas anodin. Il signale la volont\u00e9 de l&rsquo;institution de se constituer progressivement en r\u00e9f\u00e9rence nationale, voire r\u00e9gionale, sur le patrimoine artistique islamique, en allant au-del\u00e0 des expositions ponctuelles pour b\u00e2tir un fonds permanent de qualit\u00e9. D&rsquo;autres manifestations sont d&rsquo;ores et d\u00e9j\u00e0 annonc\u00e9es, notamment autour du th\u00e8me de la \u00ab photographie et l&rsquo;histoire \u00bb, qui seront programm\u00e9es prochainement selon le directeur.<\/p>\n\n\n\n<p>\u00c0 l&rsquo;heure o\u00f9 la valorisation du patrimoine national fait l&rsquo;objet d&rsquo;une attention croissante des pouvoirs publics, le Mus\u00e9e de la civilisation islamique de Djama\u00e2 El Djazair s&rsquo;affirme comme un acteur culturel \u00e0 part enti\u00e8re, capable de r\u00e9concilier le grand public avec des formes d&rsquo;expression artistique parfois m\u00e9connues, et de rappeler que l&rsquo;Alg\u00e9rie est, aussi, une terre de civilisation et de raffinement.<\/p>\n\n\n\n<p>Mohand Seghir<\/p>\n","protected":false},"excerpt":{"rendered":"<p>Le mois du Ramadhan est aussi celui de la m\u00e9moire et du recueillement culturel. Le Mus\u00e9e de la civilisation islamique,<\/p>\n","protected":false},"author":6,"featured_media":83308,"comment_status":"open","ping_status":"closed","sticky":false,"template":"","format":"standard","meta":{"colormag_page_container_layout":"default_layout","colormag_page_sidebar_layout":"default_layout","om_disable_all_campaigns":false,"_monsterinsights_skip_tracking":false,"_monsterinsights_sitenote_active":false,"_monsterinsights_sitenote_note":"","_monsterinsights_sitenote_category":0,"footnotes":"","_wpscppro_dont_share_socialmedia":false,"_wpscppro_custom_social_share_image":0,"_facebook_share_type":"default","_twitter_share_type":"default","_linkedin_share_type":"default","_pinterest_share_type":"default","_linkedin_share_type_page":"","_instagram_share_type":"default","_medium_share_type":"default","_threads_share_type":"default","_google_business_share_type":"default","_selected_social_profile":[],"_wpsp_enable_custom_social_template":false,"_wpsp_social_scheduling":{"enabled":false,"datetime":null,"platforms":[],"status":"template_only","dateOption":"today","timeOption":"now","customDays":"","customHours":"","customDate":"","customTime":"","schedulingType":"absolute"},"_wpsp_active_default_template":true},"categories":[36],"tags":[],"class_list":["post-83307","post","type-post","status-publish","format-standard","has-post-thumbnail","hentry","category-culture"],"aioseo_notices":[],"yoast_head":"<!-- This site is optimized with the Yoast SEO plugin v27.4 - https:\/\/yoast.com\/product\/yoast-seo-wordpress\/ -->\n<title>Au c\u0153ur de Djama\u00e2 El Djazair\u00a0: Quinze si\u00e8cles d&rsquo;arts islamiques s&rsquo;offrent au regard - La Sentinelle<\/title>\n<meta name=\"robots\" content=\"index, follow, max-snippet:-1, max-image-preview:large, max-video-preview:-1\" \/>\n<link rel=\"canonical\" href=\"https:\/\/lasentinelle.dz\/index.php\/2026\/03\/11\/au-coeur-de-djamaa-el-djazair-quinze-siecles-darts-islamiques-soffrent-au-regard\/\" \/>\n<meta property=\"og:locale\" content=\"fr_FR\" \/>\n<meta property=\"og:type\" content=\"article\" \/>\n<meta property=\"og:title\" content=\"Au c\u0153ur de Djama\u00e2 El Djazair\u00a0: Quinze si\u00e8cles d&rsquo;arts islamiques s&rsquo;offrent au regard - La Sentinelle\" \/>\n<meta property=\"og:description\" content=\"Le mois du Ramadhan est aussi celui de la m\u00e9moire et du recueillement culturel. Le Mus\u00e9e de la civilisation islamique,\" \/>\n<meta property=\"og:url\" content=\"https:\/\/lasentinelle.dz\/index.php\/2026\/03\/11\/au-coeur-de-djamaa-el-djazair-quinze-siecles-darts-islamiques-soffrent-au-regard\/\" \/>\n<meta property=\"og:site_name\" content=\"La Sentinelle\" \/>\n<meta property=\"article:publisher\" content=\"https:\/\/www.facebook.com\/La-Sentinelle-104059864394773\" \/>\n<meta property=\"article:published_time\" content=\"2026-03-11T20:32:02+00:00\" \/>\n<meta property=\"article:modified_time\" content=\"2026-03-11T20:32:03+00:00\" \/>\n<meta property=\"og:image\" content=\"https:\/\/lasentinelle.dz\/wp-content\/uploads\/2026\/03\/exposition.jpg\" \/>\n\t<meta property=\"og:image:width\" content=\"1757\" \/>\n\t<meta property=\"og:image:height\" content=\"1280\" \/>\n\t<meta property=\"og:image:type\" content=\"image\/jpeg\" \/>\n<meta name=\"author\" content=\"admin\" \/>\n<meta name=\"twitter:card\" content=\"summary_large_image\" \/>\n<meta name=\"twitter:label1\" content=\"\u00c9crit par\" \/>\n\t<meta name=\"twitter:data1\" content=\"admin\" \/>\n\t<meta name=\"twitter:label2\" content=\"Dur\u00e9e de lecture estim\u00e9e\" \/>\n\t<meta name=\"twitter:data2\" content=\"4 minutes\" \/>\n<script type=\"application\/ld+json\" class=\"yoast-schema-graph\">{\"@context\":\"https:\\\/\\\/schema.org\",\"@graph\":[{\"@type\":\"Article\",\"@id\":\"https:\\\/\\\/lasentinelle.dz\\\/index.php\\\/2026\\\/03\\\/11\\\/au-coeur-de-djamaa-el-djazair-quinze-siecles-darts-islamiques-soffrent-au-regard\\\/#article\",\"isPartOf\":{\"@id\":\"https:\\\/\\\/lasentinelle.dz\\\/index.php\\\/2026\\\/03\\\/11\\\/au-coeur-de-djamaa-el-djazair-quinze-siecles-darts-islamiques-soffrent-au-regard\\\/\"},\"author\":{\"name\":\"admin\",\"@id\":\"https:\\\/\\\/lasentinelle.dz\\\/#\\\/schema\\\/person\\\/729ee0024f24e0b8c5ec17232f8e8b41\"},\"headline\":\"Au c\u0153ur de Djama\u00e2 El Djazair\u00a0: Quinze si\u00e8cles d&rsquo;arts islamiques s&rsquo;offrent au regard\",\"datePublished\":\"2026-03-11T20:32:02+00:00\",\"dateModified\":\"2026-03-11T20:32:03+00:00\",\"mainEntityOfPage\":{\"@id\":\"https:\\\/\\\/lasentinelle.dz\\\/index.php\\\/2026\\\/03\\\/11\\\/au-coeur-de-djamaa-el-djazair-quinze-siecles-darts-islamiques-soffrent-au-regard\\\/\"},\"wordCount\":685,\"commentCount\":0,\"publisher\":{\"@id\":\"https:\\\/\\\/lasentinelle.dz\\\/#organization\"},\"image\":{\"@id\":\"https:\\\/\\\/lasentinelle.dz\\\/index.php\\\/2026\\\/03\\\/11\\\/au-coeur-de-djamaa-el-djazair-quinze-siecles-darts-islamiques-soffrent-au-regard\\\/#primaryimage\"},\"thumbnailUrl\":\"https:\\\/\\\/lasentinelle.dz\\\/wp-content\\\/uploads\\\/2026\\\/03\\\/exposition.jpg\",\"articleSection\":[\"Culture\"],\"inLanguage\":\"fr-FR\",\"potentialAction\":[{\"@type\":\"CommentAction\",\"name\":\"Comment\",\"target\":[\"https:\\\/\\\/lasentinelle.dz\\\/index.php\\\/2026\\\/03\\\/11\\\/au-coeur-de-djamaa-el-djazair-quinze-siecles-darts-islamiques-soffrent-au-regard\\\/#respond\"]}]},{\"@type\":\"WebPage\",\"@id\":\"https:\\\/\\\/lasentinelle.dz\\\/index.php\\\/2026\\\/03\\\/11\\\/au-coeur-de-djamaa-el-djazair-quinze-siecles-darts-islamiques-soffrent-au-regard\\\/\",\"url\":\"https:\\\/\\\/lasentinelle.dz\\\/index.php\\\/2026\\\/03\\\/11\\\/au-coeur-de-djamaa-el-djazair-quinze-siecles-darts-islamiques-soffrent-au-regard\\\/\",\"name\":\"Au c\u0153ur de Djama\u00e2 El Djazair\u00a0: Quinze si\u00e8cles d&rsquo;arts islamiques s&rsquo;offrent au regard - La Sentinelle\",\"isPartOf\":{\"@id\":\"https:\\\/\\\/lasentinelle.dz\\\/#website\"},\"primaryImageOfPage\":{\"@id\":\"https:\\\/\\\/lasentinelle.dz\\\/index.php\\\/2026\\\/03\\\/11\\\/au-coeur-de-djamaa-el-djazair-quinze-siecles-darts-islamiques-soffrent-au-regard\\\/#primaryimage\"},\"image\":{\"@id\":\"https:\\\/\\\/lasentinelle.dz\\\/index.php\\\/2026\\\/03\\\/11\\\/au-coeur-de-djamaa-el-djazair-quinze-siecles-darts-islamiques-soffrent-au-regard\\\/#primaryimage\"},\"thumbnailUrl\":\"https:\\\/\\\/lasentinelle.dz\\\/wp-content\\\/uploads\\\/2026\\\/03\\\/exposition.jpg\",\"datePublished\":\"2026-03-11T20:32:02+00:00\",\"dateModified\":\"2026-03-11T20:32:03+00:00\",\"breadcrumb\":{\"@id\":\"https:\\\/\\\/lasentinelle.dz\\\/index.php\\\/2026\\\/03\\\/11\\\/au-coeur-de-djamaa-el-djazair-quinze-siecles-darts-islamiques-soffrent-au-regard\\\/#breadcrumb\"},\"inLanguage\":\"fr-FR\",\"potentialAction\":[{\"@type\":\"ReadAction\",\"target\":[\"https:\\\/\\\/lasentinelle.dz\\\/index.php\\\/2026\\\/03\\\/11\\\/au-coeur-de-djamaa-el-djazair-quinze-siecles-darts-islamiques-soffrent-au-regard\\\/\"]}]},{\"@type\":\"ImageObject\",\"inLanguage\":\"fr-FR\",\"@id\":\"https:\\\/\\\/lasentinelle.dz\\\/index.php\\\/2026\\\/03\\\/11\\\/au-coeur-de-djamaa-el-djazair-quinze-siecles-darts-islamiques-soffrent-au-regard\\\/#primaryimage\",\"url\":\"https:\\\/\\\/lasentinelle.dz\\\/wp-content\\\/uploads\\\/2026\\\/03\\\/exposition.jpg\",\"contentUrl\":\"https:\\\/\\\/lasentinelle.dz\\\/wp-content\\\/uploads\\\/2026\\\/03\\\/exposition.jpg\",\"width\":1757,\"height\":1280},{\"@type\":\"BreadcrumbList\",\"@id\":\"https:\\\/\\\/lasentinelle.dz\\\/index.php\\\/2026\\\/03\\\/11\\\/au-coeur-de-djamaa-el-djazair-quinze-siecles-darts-islamiques-soffrent-au-regard\\\/#breadcrumb\",\"itemListElement\":[{\"@type\":\"ListItem\",\"position\":1,\"name\":\"Accueil\",\"item\":\"https:\\\/\\\/lasentinelle.dz\\\/\"},{\"@type\":\"ListItem\",\"position\":2,\"name\":\"Au c\u0153ur de Djama\u00e2 El Djazair\u00a0: Quinze si\u00e8cles d&rsquo;arts islamiques s&rsquo;offrent au regard\"}]},{\"@type\":\"WebSite\",\"@id\":\"https:\\\/\\\/lasentinelle.dz\\\/#website\",\"url\":\"https:\\\/\\\/lasentinelle.dz\\\/\",\"name\":\"La Sentinelle\",\"description\":\"Quotidien national d&#039;information\",\"publisher\":{\"@id\":\"https:\\\/\\\/lasentinelle.dz\\\/#organization\"},\"potentialAction\":[{\"@type\":\"SearchAction\",\"target\":{\"@type\":\"EntryPoint\",\"urlTemplate\":\"https:\\\/\\\/lasentinelle.dz\\\/?s={search_term_string}\"},\"query-input\":{\"@type\":\"PropertyValueSpecification\",\"valueRequired\":true,\"valueName\":\"search_term_string\"}}],\"inLanguage\":\"fr-FR\"},{\"@type\":\"Organization\",\"@id\":\"https:\\\/\\\/lasentinelle.dz\\\/#organization\",\"name\":\"Quotidien La Sentinelle\",\"url\":\"https:\\\/\\\/lasentinelle.dz\\\/\",\"logo\":{\"@type\":\"ImageObject\",\"inLanguage\":\"fr-FR\",\"@id\":\"https:\\\/\\\/lasentinelle.dz\\\/#\\\/schema\\\/logo\\\/image\\\/\",\"url\":\"https:\\\/\\\/lasentinelle.dz\\\/wp-content\\\/uploads\\\/2021\\\/09\\\/logo-sentinelleSLOGAN-1.png\",\"contentUrl\":\"https:\\\/\\\/lasentinelle.dz\\\/wp-content\\\/uploads\\\/2021\\\/09\\\/logo-sentinelleSLOGAN-1.png\",\"width\":615,\"height\":142,\"caption\":\"Quotidien La Sentinelle\"},\"image\":{\"@id\":\"https:\\\/\\\/lasentinelle.dz\\\/#\\\/schema\\\/logo\\\/image\\\/\"},\"sameAs\":[\"https:\\\/\\\/www.facebook.com\\\/La-Sentinelle-104059864394773\"]},{\"@type\":\"Person\",\"@id\":\"https:\\\/\\\/lasentinelle.dz\\\/#\\\/schema\\\/person\\\/729ee0024f24e0b8c5ec17232f8e8b41\",\"name\":\"admin\",\"image\":{\"@type\":\"ImageObject\",\"inLanguage\":\"fr-FR\",\"@id\":\"https:\\\/\\\/secure.gravatar.com\\\/avatar\\\/4c81fed838786e9b53f540bf46533e750f5d292099ae3b66cfc6fb1982e29df7?s=96&d=mm&r=g\",\"url\":\"https:\\\/\\\/secure.gravatar.com\\\/avatar\\\/4c81fed838786e9b53f540bf46533e750f5d292099ae3b66cfc6fb1982e29df7?s=96&d=mm&r=g\",\"contentUrl\":\"https:\\\/\\\/secure.gravatar.com\\\/avatar\\\/4c81fed838786e9b53f540bf46533e750f5d292099ae3b66cfc6fb1982e29df7?s=96&d=mm&r=g\",\"caption\":\"admin\"},\"description\":\"admin\",\"url\":\"https:\\\/\\\/lasentinelle.dz\\\/author\\\/admin\\\/\"}]}<\/script>\n<!-- \/ Yoast SEO plugin. -->","yoast_head_json":{"title":"Au c\u0153ur de Djama\u00e2 El Djazair\u00a0: Quinze si\u00e8cles d&rsquo;arts islamiques s&rsquo;offrent au regard - La Sentinelle","robots":{"index":"index","follow":"follow","max-snippet":"max-snippet:-1","max-image-preview":"max-image-preview:large","max-video-preview":"max-video-preview:-1"},"canonical":"https:\/\/lasentinelle.dz\/index.php\/2026\/03\/11\/au-coeur-de-djamaa-el-djazair-quinze-siecles-darts-islamiques-soffrent-au-regard\/","og_locale":"fr_FR","og_type":"article","og_title":"Au c\u0153ur de Djama\u00e2 El Djazair\u00a0: Quinze si\u00e8cles d&rsquo;arts islamiques s&rsquo;offrent au regard - La Sentinelle","og_description":"Le mois du Ramadhan est aussi celui de la m\u00e9moire et du recueillement culturel. Le Mus\u00e9e de la civilisation islamique,","og_url":"https:\/\/lasentinelle.dz\/index.php\/2026\/03\/11\/au-coeur-de-djamaa-el-djazair-quinze-siecles-darts-islamiques-soffrent-au-regard\/","og_site_name":"La Sentinelle","article_publisher":"https:\/\/www.facebook.com\/La-Sentinelle-104059864394773","article_published_time":"2026-03-11T20:32:02+00:00","article_modified_time":"2026-03-11T20:32:03+00:00","og_image":[{"width":1757,"height":1280,"url":"https:\/\/lasentinelle.dz\/wp-content\/uploads\/2026\/03\/exposition.jpg","type":"image\/jpeg"}],"author":"admin","twitter_card":"summary_large_image","twitter_misc":{"\u00c9crit par":"admin","Dur\u00e9e de lecture estim\u00e9e":"4 minutes"},"schema":{"@context":"https:\/\/schema.org","@graph":[{"@type":"Article","@id":"https:\/\/lasentinelle.dz\/index.php\/2026\/03\/11\/au-coeur-de-djamaa-el-djazair-quinze-siecles-darts-islamiques-soffrent-au-regard\/#article","isPartOf":{"@id":"https:\/\/lasentinelle.dz\/index.php\/2026\/03\/11\/au-coeur-de-djamaa-el-djazair-quinze-siecles-darts-islamiques-soffrent-au-regard\/"},"author":{"name":"admin","@id":"https:\/\/lasentinelle.dz\/#\/schema\/person\/729ee0024f24e0b8c5ec17232f8e8b41"},"headline":"Au c\u0153ur de Djama\u00e2 El Djazair\u00a0: Quinze si\u00e8cles d&rsquo;arts islamiques s&rsquo;offrent au regard","datePublished":"2026-03-11T20:32:02+00:00","dateModified":"2026-03-11T20:32:03+00:00","mainEntityOfPage":{"@id":"https:\/\/lasentinelle.dz\/index.php\/2026\/03\/11\/au-coeur-de-djamaa-el-djazair-quinze-siecles-darts-islamiques-soffrent-au-regard\/"},"wordCount":685,"commentCount":0,"publisher":{"@id":"https:\/\/lasentinelle.dz\/#organization"},"image":{"@id":"https:\/\/lasentinelle.dz\/index.php\/2026\/03\/11\/au-coeur-de-djamaa-el-djazair-quinze-siecles-darts-islamiques-soffrent-au-regard\/#primaryimage"},"thumbnailUrl":"https:\/\/lasentinelle.dz\/wp-content\/uploads\/2026\/03\/exposition.jpg","articleSection":["Culture"],"inLanguage":"fr-FR","potentialAction":[{"@type":"CommentAction","name":"Comment","target":["https:\/\/lasentinelle.dz\/index.php\/2026\/03\/11\/au-coeur-de-djamaa-el-djazair-quinze-siecles-darts-islamiques-soffrent-au-regard\/#respond"]}]},{"@type":"WebPage","@id":"https:\/\/lasentinelle.dz\/index.php\/2026\/03\/11\/au-coeur-de-djamaa-el-djazair-quinze-siecles-darts-islamiques-soffrent-au-regard\/","url":"https:\/\/lasentinelle.dz\/index.php\/2026\/03\/11\/au-coeur-de-djamaa-el-djazair-quinze-siecles-darts-islamiques-soffrent-au-regard\/","name":"Au c\u0153ur de Djama\u00e2 El Djazair\u00a0: Quinze si\u00e8cles d&rsquo;arts islamiques s&rsquo;offrent au regard - La Sentinelle","isPartOf":{"@id":"https:\/\/lasentinelle.dz\/#website"},"primaryImageOfPage":{"@id":"https:\/\/lasentinelle.dz\/index.php\/2026\/03\/11\/au-coeur-de-djamaa-el-djazair-quinze-siecles-darts-islamiques-soffrent-au-regard\/#primaryimage"},"image":{"@id":"https:\/\/lasentinelle.dz\/index.php\/2026\/03\/11\/au-coeur-de-djamaa-el-djazair-quinze-siecles-darts-islamiques-soffrent-au-regard\/#primaryimage"},"thumbnailUrl":"https:\/\/lasentinelle.dz\/wp-content\/uploads\/2026\/03\/exposition.jpg","datePublished":"2026-03-11T20:32:02+00:00","dateModified":"2026-03-11T20:32:03+00:00","breadcrumb":{"@id":"https:\/\/lasentinelle.dz\/index.php\/2026\/03\/11\/au-coeur-de-djamaa-el-djazair-quinze-siecles-darts-islamiques-soffrent-au-regard\/#breadcrumb"},"inLanguage":"fr-FR","potentialAction":[{"@type":"ReadAction","target":["https:\/\/lasentinelle.dz\/index.php\/2026\/03\/11\/au-coeur-de-djamaa-el-djazair-quinze-siecles-darts-islamiques-soffrent-au-regard\/"]}]},{"@type":"ImageObject","inLanguage":"fr-FR","@id":"https:\/\/lasentinelle.dz\/index.php\/2026\/03\/11\/au-coeur-de-djamaa-el-djazair-quinze-siecles-darts-islamiques-soffrent-au-regard\/#primaryimage","url":"https:\/\/lasentinelle.dz\/wp-content\/uploads\/2026\/03\/exposition.jpg","contentUrl":"https:\/\/lasentinelle.dz\/wp-content\/uploads\/2026\/03\/exposition.jpg","width":1757,"height":1280},{"@type":"BreadcrumbList","@id":"https:\/\/lasentinelle.dz\/index.php\/2026\/03\/11\/au-coeur-de-djamaa-el-djazair-quinze-siecles-darts-islamiques-soffrent-au-regard\/#breadcrumb","itemListElement":[{"@type":"ListItem","position":1,"name":"Accueil","item":"https:\/\/lasentinelle.dz\/"},{"@type":"ListItem","position":2,"name":"Au c\u0153ur de Djama\u00e2 El Djazair\u00a0: Quinze si\u00e8cles d&rsquo;arts islamiques s&rsquo;offrent au regard"}]},{"@type":"WebSite","@id":"https:\/\/lasentinelle.dz\/#website","url":"https:\/\/lasentinelle.dz\/","name":"La Sentinelle","description":"Quotidien national d&#039;information","publisher":{"@id":"https:\/\/lasentinelle.dz\/#organization"},"potentialAction":[{"@type":"SearchAction","target":{"@type":"EntryPoint","urlTemplate":"https:\/\/lasentinelle.dz\/?s={search_term_string}"},"query-input":{"@type":"PropertyValueSpecification","valueRequired":true,"valueName":"search_term_string"}}],"inLanguage":"fr-FR"},{"@type":"Organization","@id":"https:\/\/lasentinelle.dz\/#organization","name":"Quotidien La Sentinelle","url":"https:\/\/lasentinelle.dz\/","logo":{"@type":"ImageObject","inLanguage":"fr-FR","@id":"https:\/\/lasentinelle.dz\/#\/schema\/logo\/image\/","url":"https:\/\/lasentinelle.dz\/wp-content\/uploads\/2021\/09\/logo-sentinelleSLOGAN-1.png","contentUrl":"https:\/\/lasentinelle.dz\/wp-content\/uploads\/2021\/09\/logo-sentinelleSLOGAN-1.png","width":615,"height":142,"caption":"Quotidien La Sentinelle"},"image":{"@id":"https:\/\/lasentinelle.dz\/#\/schema\/logo\/image\/"},"sameAs":["https:\/\/www.facebook.com\/La-Sentinelle-104059864394773"]},{"@type":"Person","@id":"https:\/\/lasentinelle.dz\/#\/schema\/person\/729ee0024f24e0b8c5ec17232f8e8b41","name":"admin","image":{"@type":"ImageObject","inLanguage":"fr-FR","@id":"https:\/\/secure.gravatar.com\/avatar\/4c81fed838786e9b53f540bf46533e750f5d292099ae3b66cfc6fb1982e29df7?s=96&d=mm&r=g","url":"https:\/\/secure.gravatar.com\/avatar\/4c81fed838786e9b53f540bf46533e750f5d292099ae3b66cfc6fb1982e29df7?s=96&d=mm&r=g","contentUrl":"https:\/\/secure.gravatar.com\/avatar\/4c81fed838786e9b53f540bf46533e750f5d292099ae3b66cfc6fb1982e29df7?s=96&d=mm&r=g","caption":"admin"},"description":"admin","url":"https:\/\/lasentinelle.dz\/author\/admin\/"}]}},"_links":{"self":[{"href":"https:\/\/lasentinelle.dz\/index.php\/wp-json\/wp\/v2\/posts\/83307","targetHints":{"allow":["GET"]}}],"collection":[{"href":"https:\/\/lasentinelle.dz\/index.php\/wp-json\/wp\/v2\/posts"}],"about":[{"href":"https:\/\/lasentinelle.dz\/index.php\/wp-json\/wp\/v2\/types\/post"}],"author":[{"embeddable":true,"href":"https:\/\/lasentinelle.dz\/index.php\/wp-json\/wp\/v2\/users\/6"}],"replies":[{"embeddable":true,"href":"https:\/\/lasentinelle.dz\/index.php\/wp-json\/wp\/v2\/comments?post=83307"}],"version-history":[{"count":2,"href":"https:\/\/lasentinelle.dz\/index.php\/wp-json\/wp\/v2\/posts\/83307\/revisions"}],"predecessor-version":[{"id":83310,"href":"https:\/\/lasentinelle.dz\/index.php\/wp-json\/wp\/v2\/posts\/83307\/revisions\/83310"}],"wp:featuredmedia":[{"embeddable":true,"href":"https:\/\/lasentinelle.dz\/index.php\/wp-json\/wp\/v2\/media\/83308"}],"wp:attachment":[{"href":"https:\/\/lasentinelle.dz\/index.php\/wp-json\/wp\/v2\/media?parent=83307"}],"wp:term":[{"taxonomy":"category","embeddable":true,"href":"https:\/\/lasentinelle.dz\/index.php\/wp-json\/wp\/v2\/categories?post=83307"},{"taxonomy":"post_tag","embeddable":true,"href":"https:\/\/lasentinelle.dz\/index.php\/wp-json\/wp\/v2\/tags?post=83307"}],"curies":[{"name":"wp","href":"https:\/\/api.w.org\/{rel}","templated":true}]}}