{"id":83320,"date":"2026-03-11T21:35:48","date_gmt":"2026-03-11T20:35:48","guid":{"rendered":"https:\/\/lasentinelle.dz\/?p=83320"},"modified":"2026-03-11T21:35:49","modified_gmt":"2026-03-11T20:35:49","slug":"a-quelques-jours-du-rassemblement-de-mars-bennacer-et-gouiri-rassurent-petkovic","status":"publish","type":"post","link":"https:\/\/lasentinelle.dz\/index.php\/2026\/03\/11\/a-quelques-jours-du-rassemblement-de-mars-bennacer-et-gouiri-rassurent-petkovic\/","title":{"rendered":"\u00c0 quelques jours du rassemblement de mars\u00a0: Bennacer et Gouiri rassurent Petkovic"},"content":{"rendered":"\n<p>Deux bonnes nouvelles sont venues, en l&rsquo;espace de quelques heures, all\u00e9ger les pr\u00e9occupations du s\u00e9lectionneur national. Isma\u00ebl Bennacer a repris l&rsquo;entra\u00eenement collectif avec le Dinamo Zagreb mardi soir, tandis qu&rsquo;Amine Gouiri a fait son retour en comp\u00e9tition sous les couleurs de l&rsquo;Olympique de Marseille. \u00c0 moins de deux semaines du rassemblement de mars, Vladimir Petkovic voit ses options se pr\u00e9ciser.<\/p>\n\n\n\n<p>Le milieu de terrain du Dinamo Zagreb n&rsquo;avait plus foul\u00e9 une pelouse depuis le 25 janvier dernier. Titularis\u00e9 ce jour-l\u00e0 par son entra\u00eeneur Mario Kova\u010devi\u0107 lors du d\u00e9placement sur le terrain de l&rsquo;NK Osijek \u2014 une victoire nette trois buts \u00e0 z\u00e9ro pour le compte de la 19e journ\u00e9e du championnat croate \u2014 Bennacer avait \u00e9t\u00e9 contraint de quitter ses co\u00e9quipiers avant le coup de sifflet final. Depuis, le joueur de 28 ans avait suivi un programme de r\u00e9\u00e9ducation sp\u00e9cifique afin de retrouver l&rsquo;int\u00e9gralit\u00e9 de ses moyens physiques. Le feu vert du staff m\u00e9dical lui a finalement permis de reprendre progressivement le travail avec le groupe.<\/p>\n\n\n\n<p>L&rsquo;encadrement technique du Dinamo entend n\u00e9anmoins g\u00e9rer ce retour avec la plus grande prudence. Une r\u00e9int\u00e9gration progressive est envisag\u00e9e afin de permettre \u00e0 l&rsquo;ancien Milanais de retrouver son meilleur niveau avant tout retour en comp\u00e9tition officielle. Dans ce contexte, sa convocation pour le prochain rassemblement des Verts semble compromise. Le d\u00e9ficit de temps de jeu accumul\u00e9 depuis plusieurs semaines plaide en effet pour une remise en forme progressive, loin des exigences d&rsquo;un stage international.<\/p>\n\n\n\n<p>Du c\u00f4t\u00e9 de Marseille, la nouvelle est nettement plus encourageante pour Petkovic. Amine Gouiri a fait son retour en comp\u00e9tition lors de la pr\u00e9cieuse victoire de l&rsquo;OM sur la pelouse du Toulouse FC, sur le score d&rsquo;un but \u00e0 z\u00e9ro. Entr\u00e9 en jeu \u00e0 la 66e minute \u00e0 la place de Mason Greenwood, le milieu offensif de 26 ans a affich\u00e9 un rendement correct, not\u00e9 6,5 par les observateurs, apr\u00e8s une p\u00e9riode d&rsquo;absence li\u00e9e \u00e0 une maladie qui l&rsquo;avait tenu \u00e9loign\u00e9 des rencontres contre Lyon et Toulouse en Coupe de France. Ce retour tombe \u00e0 point nomm\u00e9 pour l&rsquo;Olympique de Marseille, engag\u00e9 dans une phase d\u00e9cisive de la course au podium en Ligue 1. Le dynamisme de Gouiri, sa capacit\u00e9 \u00e0 se projeter vers l&rsquo;avant et son instinct de buteur renforcent un secteur offensif d\u00e9j\u00e0 fortement sollicit\u00e9 dans l&rsquo;optique d&rsquo;une qualification europ\u00e9enne. Mais c&rsquo;est aussi, et peut-\u00eatre surtout, pour la s\u00e9lection nationale que ce retour rev\u00eat une importance particuli\u00e8re. Absent de la derni\u00e8re Coupe d&rsquo;Afrique des nations 2025 en raison d&rsquo;une blessure, Gouiri est d\u00e9sormais attendu dans la liste de mars. Sa pr\u00e9sence au stage permettra \u00e0 Petkovic de disposer d&rsquo;un \u00e9l\u00e9ment offensif de qualit\u00e9, capable de peser sur les d\u00e9fenses adverses et d&rsquo;apporter son exp\u00e9rience \u00e0 une attaque en qu\u00eate de solutions vari\u00e9es.<\/p>\n\n\n\n<p>Ce rassemblement de mars s&rsquo;inscrit dans un calendrier de pr\u00e9paration soigneusement \u00e9labor\u00e9 par le s\u00e9lectionneur bosnien \u00e0 l&rsquo;approche du Mondial 2026. Durant la fen\u00eatre FIFA du 23 au 31 mars, les Verts poseront leurs valises en Italie pour y disputer deux matchs amicaux : face au Guatemala le 27 mars, puis face \u00e0 l&rsquo;Uruguay le 31. Deux rendez-vous qui marquent le coup d&rsquo;envoi d&rsquo;un programme calibr\u00e9 avec minutie.<\/p>\n\n\n\n<p>L&rsquo;ordre des confrontations dessine une strat\u00e9gie claire. Face au Guatemala, 94e au dernier classement FIFA, le technicien vise une reprise en douceur apr\u00e8s une CAN 2025 physiquement exigeante. La courbe s&rsquo;\u00e9l\u00e8vera ensuite avec l&rsquo;Uruguay, 15e mondial, r\u00e9put\u00e9 pour son m\u00e9lange de rigueur tactique et d&rsquo;engagement physique, et qui constituera un premier r\u00e9v\u00e9lateur s\u00e9rieux pour les co\u00e9quipiers de Riyad Mahrez. Le 3 juin \u00e0 Rotterdam, les Verts affronteront les Pays-Bas, class\u00e9s dans le top 10 mondial, dans ce qui s&rsquo;annonce comme un test grandeur nature. Enfin, si les conditions sportives sont r\u00e9unies \u2014 notamment la qualification de la Squadra Azzurra \u00e0 travers les barrages \u2014, la pr\u00e9paration pourrait s&rsquo;achever face \u00e0 l&rsquo;Italie, 13e au ranking FIFA, pour un ultime galop d&rsquo;essai avant d&rsquo;entrer dans le vif du sujet. Dans cette perspective, chaque \u00e9l\u00e9ment compte. Le retour progressif de Bennacer \u00e0 l&rsquo;entra\u00eenement et la reprise comp\u00e9titive de Gouiri avec Marseille offrent \u00e0 Petkovic des motifs de satisfaction, m\u00eame si la prudence reste de mise pour le milieu du Dinamo Zagreb. La route vers le Mondial passe d&rsquo;abord par des hommes en forme.<\/p>\n\n\n\n<p>Moncef D.<\/p>\n","protected":false},"excerpt":{"rendered":"<p>Deux bonnes nouvelles sont venues, en l&rsquo;espace de quelques heures, all\u00e9ger les pr\u00e9occupations du s\u00e9lectionneur national. Isma\u00ebl Bennacer a repris<\/p>\n","protected":false},"author":6,"featured_media":74929,"comment_status":"open","ping_status":"closed","sticky":false,"template":"","format":"standard","meta":{"colormag_page_container_layout":"default_layout","colormag_page_sidebar_layout":"default_layout","om_disable_all_campaigns":false,"_monsterinsights_skip_tracking":false,"_monsterinsights_sitenote_active":false,"_monsterinsights_sitenote_note":"","_monsterinsights_sitenote_category":0,"footnotes":"","_wpscppro_dont_share_socialmedia":false,"_wpscppro_custom_social_share_image":0,"_facebook_share_type":"default","_twitter_share_type":"default","_linkedin_share_type":"default","_pinterest_share_type":"default","_linkedin_share_type_page":"","_instagram_share_type":"default","_medium_share_type":"default","_threads_share_type":"default","_google_business_share_type":"default","_selected_social_profile":[],"_wpsp_enable_custom_social_template":false,"_wpsp_social_scheduling":{"enabled":false,"datetime":null,"platforms":[],"status":"template_only","dateOption":"today","timeOption":"now","customDays":"","customHours":"","customDate":"","customTime":"","schedulingType":"absolute"},"_wpsp_active_default_template":true},"categories":[33],"tags":[],"class_list":["post-83320","post","type-post","status-publish","format-standard","has-post-thumbnail","hentry","category-sports"],"aioseo_notices":[],"yoast_head":"<!-- This site is optimized with the Yoast SEO plugin v27.4 - https:\/\/yoast.com\/product\/yoast-seo-wordpress\/ -->\n<title>\u00c0 quelques jours du rassemblement de mars\u00a0: Bennacer et Gouiri rassurent Petkovic - La Sentinelle<\/title>\n<meta name=\"robots\" content=\"index, follow, max-snippet:-1, max-image-preview:large, max-video-preview:-1\" \/>\n<link rel=\"canonical\" href=\"https:\/\/lasentinelle.dz\/index.php\/2026\/03\/11\/a-quelques-jours-du-rassemblement-de-mars-bennacer-et-gouiri-rassurent-petkovic\/\" \/>\n<meta property=\"og:locale\" content=\"fr_FR\" \/>\n<meta property=\"og:type\" content=\"article\" \/>\n<meta property=\"og:title\" content=\"\u00c0 quelques jours du rassemblement de mars\u00a0: Bennacer et Gouiri rassurent Petkovic - La Sentinelle\" \/>\n<meta property=\"og:description\" content=\"Deux bonnes nouvelles sont venues, en l&rsquo;espace de quelques heures, all\u00e9ger les pr\u00e9occupations du s\u00e9lectionneur national. Isma\u00ebl Bennacer a repris\" \/>\n<meta property=\"og:url\" content=\"https:\/\/lasentinelle.dz\/index.php\/2026\/03\/11\/a-quelques-jours-du-rassemblement-de-mars-bennacer-et-gouiri-rassurent-petkovic\/\" \/>\n<meta property=\"og:site_name\" content=\"La Sentinelle\" \/>\n<meta property=\"article:publisher\" content=\"https:\/\/www.facebook.com\/La-Sentinelle-104059864394773\" \/>\n<meta property=\"article:published_time\" content=\"2026-03-11T20:35:48+00:00\" \/>\n<meta property=\"article:modified_time\" content=\"2026-03-11T20:35:49+00:00\" \/>\n<meta property=\"og:image\" content=\"https:\/\/lasentinelle.dz\/wp-content\/uploads\/2025\/10\/Gouiri-1.jpg\" \/>\n\t<meta property=\"og:image:width\" content=\"1920\" \/>\n\t<meta property=\"og:image:height\" content=\"1280\" \/>\n\t<meta property=\"og:image:type\" content=\"image\/jpeg\" \/>\n<meta name=\"author\" content=\"admin\" \/>\n<meta name=\"twitter:card\" content=\"summary_large_image\" \/>\n<meta name=\"twitter:label1\" content=\"\u00c9crit par\" \/>\n\t<meta name=\"twitter:data1\" content=\"admin\" \/>\n\t<meta name=\"twitter:label2\" content=\"Dur\u00e9e de lecture estim\u00e9e\" \/>\n\t<meta name=\"twitter:data2\" content=\"4 minutes\" \/>\n<script type=\"application\/ld+json\" class=\"yoast-schema-graph\">{\"@context\":\"https:\\\/\\\/schema.org\",\"@graph\":[{\"@type\":\"Article\",\"@id\":\"https:\\\/\\\/lasentinelle.dz\\\/index.php\\\/2026\\\/03\\\/11\\\/a-quelques-jours-du-rassemblement-de-mars-bennacer-et-gouiri-rassurent-petkovic\\\/#article\",\"isPartOf\":{\"@id\":\"https:\\\/\\\/lasentinelle.dz\\\/index.php\\\/2026\\\/03\\\/11\\\/a-quelques-jours-du-rassemblement-de-mars-bennacer-et-gouiri-rassurent-petkovic\\\/\"},\"author\":{\"name\":\"admin\",\"@id\":\"https:\\\/\\\/lasentinelle.dz\\\/#\\\/schema\\\/person\\\/729ee0024f24e0b8c5ec17232f8e8b41\"},\"headline\":\"\u00c0 quelques jours du rassemblement de mars\u00a0: Bennacer et Gouiri rassurent Petkovic\",\"datePublished\":\"2026-03-11T20:35:48+00:00\",\"dateModified\":\"2026-03-11T20:35:49+00:00\",\"mainEntityOfPage\":{\"@id\":\"https:\\\/\\\/lasentinelle.dz\\\/index.php\\\/2026\\\/03\\\/11\\\/a-quelques-jours-du-rassemblement-de-mars-bennacer-et-gouiri-rassurent-petkovic\\\/\"},\"wordCount\":782,\"commentCount\":0,\"publisher\":{\"@id\":\"https:\\\/\\\/lasentinelle.dz\\\/#organization\"},\"image\":{\"@id\":\"https:\\\/\\\/lasentinelle.dz\\\/index.php\\\/2026\\\/03\\\/11\\\/a-quelques-jours-du-rassemblement-de-mars-bennacer-et-gouiri-rassurent-petkovic\\\/#primaryimage\"},\"thumbnailUrl\":\"https:\\\/\\\/lasentinelle.dz\\\/wp-content\\\/uploads\\\/2025\\\/10\\\/Gouiri-1.jpg\",\"articleSection\":[\"Sports\"],\"inLanguage\":\"fr-FR\",\"potentialAction\":[{\"@type\":\"CommentAction\",\"name\":\"Comment\",\"target\":[\"https:\\\/\\\/lasentinelle.dz\\\/index.php\\\/2026\\\/03\\\/11\\\/a-quelques-jours-du-rassemblement-de-mars-bennacer-et-gouiri-rassurent-petkovic\\\/#respond\"]}]},{\"@type\":\"WebPage\",\"@id\":\"https:\\\/\\\/lasentinelle.dz\\\/index.php\\\/2026\\\/03\\\/11\\\/a-quelques-jours-du-rassemblement-de-mars-bennacer-et-gouiri-rassurent-petkovic\\\/\",\"url\":\"https:\\\/\\\/lasentinelle.dz\\\/index.php\\\/2026\\\/03\\\/11\\\/a-quelques-jours-du-rassemblement-de-mars-bennacer-et-gouiri-rassurent-petkovic\\\/\",\"name\":\"\u00c0 quelques jours du rassemblement de mars\u00a0: Bennacer et Gouiri rassurent Petkovic - La Sentinelle\",\"isPartOf\":{\"@id\":\"https:\\\/\\\/lasentinelle.dz\\\/#website\"},\"primaryImageOfPage\":{\"@id\":\"https:\\\/\\\/lasentinelle.dz\\\/index.php\\\/2026\\\/03\\\/11\\\/a-quelques-jours-du-rassemblement-de-mars-bennacer-et-gouiri-rassurent-petkovic\\\/#primaryimage\"},\"image\":{\"@id\":\"https:\\\/\\\/lasentinelle.dz\\\/index.php\\\/2026\\\/03\\\/11\\\/a-quelques-jours-du-rassemblement-de-mars-bennacer-et-gouiri-rassurent-petkovic\\\/#primaryimage\"},\"thumbnailUrl\":\"https:\\\/\\\/lasentinelle.dz\\\/wp-content\\\/uploads\\\/2025\\\/10\\\/Gouiri-1.jpg\",\"datePublished\":\"2026-03-11T20:35:48+00:00\",\"dateModified\":\"2026-03-11T20:35:49+00:00\",\"breadcrumb\":{\"@id\":\"https:\\\/\\\/lasentinelle.dz\\\/index.php\\\/2026\\\/03\\\/11\\\/a-quelques-jours-du-rassemblement-de-mars-bennacer-et-gouiri-rassurent-petkovic\\\/#breadcrumb\"},\"inLanguage\":\"fr-FR\",\"potentialAction\":[{\"@type\":\"ReadAction\",\"target\":[\"https:\\\/\\\/lasentinelle.dz\\\/index.php\\\/2026\\\/03\\\/11\\\/a-quelques-jours-du-rassemblement-de-mars-bennacer-et-gouiri-rassurent-petkovic\\\/\"]}]},{\"@type\":\"ImageObject\",\"inLanguage\":\"fr-FR\",\"@id\":\"https:\\\/\\\/lasentinelle.dz\\\/index.php\\\/2026\\\/03\\\/11\\\/a-quelques-jours-du-rassemblement-de-mars-bennacer-et-gouiri-rassurent-petkovic\\\/#primaryimage\",\"url\":\"https:\\\/\\\/lasentinelle.dz\\\/wp-content\\\/uploads\\\/2025\\\/10\\\/Gouiri-1.jpg\",\"contentUrl\":\"https:\\\/\\\/lasentinelle.dz\\\/wp-content\\\/uploads\\\/2025\\\/10\\\/Gouiri-1.jpg\",\"width\":1920,\"height\":1280,\"caption\":\"Amine GOUIRI of Marseille during the Ligue 1 McDonald's match between Rennes and Marseille at Roazhon Park on August 15, 2025 in Rennes, France. (Photo by Philippe Lecoeur\\\/FEP\\\/Icon Sport) - Photo by Icon Sport\"},{\"@type\":\"BreadcrumbList\",\"@id\":\"https:\\\/\\\/lasentinelle.dz\\\/index.php\\\/2026\\\/03\\\/11\\\/a-quelques-jours-du-rassemblement-de-mars-bennacer-et-gouiri-rassurent-petkovic\\\/#breadcrumb\",\"itemListElement\":[{\"@type\":\"ListItem\",\"position\":1,\"name\":\"Accueil\",\"item\":\"https:\\\/\\\/lasentinelle.dz\\\/\"},{\"@type\":\"ListItem\",\"position\":2,\"name\":\"\u00c0 quelques jours du rassemblement de mars\u00a0: Bennacer et Gouiri rassurent Petkovic\"}]},{\"@type\":\"WebSite\",\"@id\":\"https:\\\/\\\/lasentinelle.dz\\\/#website\",\"url\":\"https:\\\/\\\/lasentinelle.dz\\\/\",\"name\":\"La Sentinelle\",\"description\":\"Quotidien national d&#039;information\",\"publisher\":{\"@id\":\"https:\\\/\\\/lasentinelle.dz\\\/#organization\"},\"potentialAction\":[{\"@type\":\"SearchAction\",\"target\":{\"@type\":\"EntryPoint\",\"urlTemplate\":\"https:\\\/\\\/lasentinelle.dz\\\/?s={search_term_string}\"},\"query-input\":{\"@type\":\"PropertyValueSpecification\",\"valueRequired\":true,\"valueName\":\"search_term_string\"}}],\"inLanguage\":\"fr-FR\"},{\"@type\":\"Organization\",\"@id\":\"https:\\\/\\\/lasentinelle.dz\\\/#organization\",\"name\":\"Quotidien La Sentinelle\",\"url\":\"https:\\\/\\\/lasentinelle.dz\\\/\",\"logo\":{\"@type\":\"ImageObject\",\"inLanguage\":\"fr-FR\",\"@id\":\"https:\\\/\\\/lasentinelle.dz\\\/#\\\/schema\\\/logo\\\/image\\\/\",\"url\":\"https:\\\/\\\/lasentinelle.dz\\\/wp-content\\\/uploads\\\/2021\\\/09\\\/logo-sentinelleSLOGAN-1.png\",\"contentUrl\":\"https:\\\/\\\/lasentinelle.dz\\\/wp-content\\\/uploads\\\/2021\\\/09\\\/logo-sentinelleSLOGAN-1.png\",\"width\":615,\"height\":142,\"caption\":\"Quotidien La Sentinelle\"},\"image\":{\"@id\":\"https:\\\/\\\/lasentinelle.dz\\\/#\\\/schema\\\/logo\\\/image\\\/\"},\"sameAs\":[\"https:\\\/\\\/www.facebook.com\\\/La-Sentinelle-104059864394773\"]},{\"@type\":\"Person\",\"@id\":\"https:\\\/\\\/lasentinelle.dz\\\/#\\\/schema\\\/person\\\/729ee0024f24e0b8c5ec17232f8e8b41\",\"name\":\"admin\",\"image\":{\"@type\":\"ImageObject\",\"inLanguage\":\"fr-FR\",\"@id\":\"https:\\\/\\\/secure.gravatar.com\\\/avatar\\\/4c81fed838786e9b53f540bf46533e750f5d292099ae3b66cfc6fb1982e29df7?s=96&d=mm&r=g\",\"url\":\"https:\\\/\\\/secure.gravatar.com\\\/avatar\\\/4c81fed838786e9b53f540bf46533e750f5d292099ae3b66cfc6fb1982e29df7?s=96&d=mm&r=g\",\"contentUrl\":\"https:\\\/\\\/secure.gravatar.com\\\/avatar\\\/4c81fed838786e9b53f540bf46533e750f5d292099ae3b66cfc6fb1982e29df7?s=96&d=mm&r=g\",\"caption\":\"admin\"},\"description\":\"admin\",\"url\":\"https:\\\/\\\/lasentinelle.dz\\\/author\\\/admin\\\/\"}]}<\/script>\n<!-- \/ Yoast SEO plugin. -->","yoast_head_json":{"title":"\u00c0 quelques jours du rassemblement de mars\u00a0: Bennacer et Gouiri rassurent Petkovic - La Sentinelle","robots":{"index":"index","follow":"follow","max-snippet":"max-snippet:-1","max-image-preview":"max-image-preview:large","max-video-preview":"max-video-preview:-1"},"canonical":"https:\/\/lasentinelle.dz\/index.php\/2026\/03\/11\/a-quelques-jours-du-rassemblement-de-mars-bennacer-et-gouiri-rassurent-petkovic\/","og_locale":"fr_FR","og_type":"article","og_title":"\u00c0 quelques jours du rassemblement de mars\u00a0: Bennacer et Gouiri rassurent Petkovic - La Sentinelle","og_description":"Deux bonnes nouvelles sont venues, en l&rsquo;espace de quelques heures, all\u00e9ger les pr\u00e9occupations du s\u00e9lectionneur national. Isma\u00ebl Bennacer a repris","og_url":"https:\/\/lasentinelle.dz\/index.php\/2026\/03\/11\/a-quelques-jours-du-rassemblement-de-mars-bennacer-et-gouiri-rassurent-petkovic\/","og_site_name":"La Sentinelle","article_publisher":"https:\/\/www.facebook.com\/La-Sentinelle-104059864394773","article_published_time":"2026-03-11T20:35:48+00:00","article_modified_time":"2026-03-11T20:35:49+00:00","og_image":[{"width":1920,"height":1280,"url":"https:\/\/lasentinelle.dz\/wp-content\/uploads\/2025\/10\/Gouiri-1.jpg","type":"image\/jpeg"}],"author":"admin","twitter_card":"summary_large_image","twitter_misc":{"\u00c9crit par":"admin","Dur\u00e9e de lecture estim\u00e9e":"4 minutes"},"schema":{"@context":"https:\/\/schema.org","@graph":[{"@type":"Article","@id":"https:\/\/lasentinelle.dz\/index.php\/2026\/03\/11\/a-quelques-jours-du-rassemblement-de-mars-bennacer-et-gouiri-rassurent-petkovic\/#article","isPartOf":{"@id":"https:\/\/lasentinelle.dz\/index.php\/2026\/03\/11\/a-quelques-jours-du-rassemblement-de-mars-bennacer-et-gouiri-rassurent-petkovic\/"},"author":{"name":"admin","@id":"https:\/\/lasentinelle.dz\/#\/schema\/person\/729ee0024f24e0b8c5ec17232f8e8b41"},"headline":"\u00c0 quelques jours du rassemblement de mars\u00a0: Bennacer et Gouiri rassurent Petkovic","datePublished":"2026-03-11T20:35:48+00:00","dateModified":"2026-03-11T20:35:49+00:00","mainEntityOfPage":{"@id":"https:\/\/lasentinelle.dz\/index.php\/2026\/03\/11\/a-quelques-jours-du-rassemblement-de-mars-bennacer-et-gouiri-rassurent-petkovic\/"},"wordCount":782,"commentCount":0,"publisher":{"@id":"https:\/\/lasentinelle.dz\/#organization"},"image":{"@id":"https:\/\/lasentinelle.dz\/index.php\/2026\/03\/11\/a-quelques-jours-du-rassemblement-de-mars-bennacer-et-gouiri-rassurent-petkovic\/#primaryimage"},"thumbnailUrl":"https:\/\/lasentinelle.dz\/wp-content\/uploads\/2025\/10\/Gouiri-1.jpg","articleSection":["Sports"],"inLanguage":"fr-FR","potentialAction":[{"@type":"CommentAction","name":"Comment","target":["https:\/\/lasentinelle.dz\/index.php\/2026\/03\/11\/a-quelques-jours-du-rassemblement-de-mars-bennacer-et-gouiri-rassurent-petkovic\/#respond"]}]},{"@type":"WebPage","@id":"https:\/\/lasentinelle.dz\/index.php\/2026\/03\/11\/a-quelques-jours-du-rassemblement-de-mars-bennacer-et-gouiri-rassurent-petkovic\/","url":"https:\/\/lasentinelle.dz\/index.php\/2026\/03\/11\/a-quelques-jours-du-rassemblement-de-mars-bennacer-et-gouiri-rassurent-petkovic\/","name":"\u00c0 quelques jours du rassemblement de mars\u00a0: Bennacer et Gouiri rassurent Petkovic - La Sentinelle","isPartOf":{"@id":"https:\/\/lasentinelle.dz\/#website"},"primaryImageOfPage":{"@id":"https:\/\/lasentinelle.dz\/index.php\/2026\/03\/11\/a-quelques-jours-du-rassemblement-de-mars-bennacer-et-gouiri-rassurent-petkovic\/#primaryimage"},"image":{"@id":"https:\/\/lasentinelle.dz\/index.php\/2026\/03\/11\/a-quelques-jours-du-rassemblement-de-mars-bennacer-et-gouiri-rassurent-petkovic\/#primaryimage"},"thumbnailUrl":"https:\/\/lasentinelle.dz\/wp-content\/uploads\/2025\/10\/Gouiri-1.jpg","datePublished":"2026-03-11T20:35:48+00:00","dateModified":"2026-03-11T20:35:49+00:00","breadcrumb":{"@id":"https:\/\/lasentinelle.dz\/index.php\/2026\/03\/11\/a-quelques-jours-du-rassemblement-de-mars-bennacer-et-gouiri-rassurent-petkovic\/#breadcrumb"},"inLanguage":"fr-FR","potentialAction":[{"@type":"ReadAction","target":["https:\/\/lasentinelle.dz\/index.php\/2026\/03\/11\/a-quelques-jours-du-rassemblement-de-mars-bennacer-et-gouiri-rassurent-petkovic\/"]}]},{"@type":"ImageObject","inLanguage":"fr-FR","@id":"https:\/\/lasentinelle.dz\/index.php\/2026\/03\/11\/a-quelques-jours-du-rassemblement-de-mars-bennacer-et-gouiri-rassurent-petkovic\/#primaryimage","url":"https:\/\/lasentinelle.dz\/wp-content\/uploads\/2025\/10\/Gouiri-1.jpg","contentUrl":"https:\/\/lasentinelle.dz\/wp-content\/uploads\/2025\/10\/Gouiri-1.jpg","width":1920,"height":1280,"caption":"Amine GOUIRI of Marseille during the Ligue 1 McDonald's match between Rennes and Marseille at Roazhon Park on August 15, 2025 in Rennes, France. (Photo by Philippe Lecoeur\/FEP\/Icon Sport) - Photo by Icon Sport"},{"@type":"BreadcrumbList","@id":"https:\/\/lasentinelle.dz\/index.php\/2026\/03\/11\/a-quelques-jours-du-rassemblement-de-mars-bennacer-et-gouiri-rassurent-petkovic\/#breadcrumb","itemListElement":[{"@type":"ListItem","position":1,"name":"Accueil","item":"https:\/\/lasentinelle.dz\/"},{"@type":"ListItem","position":2,"name":"\u00c0 quelques jours du rassemblement de mars\u00a0: Bennacer et Gouiri rassurent Petkovic"}]},{"@type":"WebSite","@id":"https:\/\/lasentinelle.dz\/#website","url":"https:\/\/lasentinelle.dz\/","name":"La Sentinelle","description":"Quotidien national d&#039;information","publisher":{"@id":"https:\/\/lasentinelle.dz\/#organization"},"potentialAction":[{"@type":"SearchAction","target":{"@type":"EntryPoint","urlTemplate":"https:\/\/lasentinelle.dz\/?s={search_term_string}"},"query-input":{"@type":"PropertyValueSpecification","valueRequired":true,"valueName":"search_term_string"}}],"inLanguage":"fr-FR"},{"@type":"Organization","@id":"https:\/\/lasentinelle.dz\/#organization","name":"Quotidien La Sentinelle","url":"https:\/\/lasentinelle.dz\/","logo":{"@type":"ImageObject","inLanguage":"fr-FR","@id":"https:\/\/lasentinelle.dz\/#\/schema\/logo\/image\/","url":"https:\/\/lasentinelle.dz\/wp-content\/uploads\/2021\/09\/logo-sentinelleSLOGAN-1.png","contentUrl":"https:\/\/lasentinelle.dz\/wp-content\/uploads\/2021\/09\/logo-sentinelleSLOGAN-1.png","width":615,"height":142,"caption":"Quotidien La Sentinelle"},"image":{"@id":"https:\/\/lasentinelle.dz\/#\/schema\/logo\/image\/"},"sameAs":["https:\/\/www.facebook.com\/La-Sentinelle-104059864394773"]},{"@type":"Person","@id":"https:\/\/lasentinelle.dz\/#\/schema\/person\/729ee0024f24e0b8c5ec17232f8e8b41","name":"admin","image":{"@type":"ImageObject","inLanguage":"fr-FR","@id":"https:\/\/secure.gravatar.com\/avatar\/4c81fed838786e9b53f540bf46533e750f5d292099ae3b66cfc6fb1982e29df7?s=96&d=mm&r=g","url":"https:\/\/secure.gravatar.com\/avatar\/4c81fed838786e9b53f540bf46533e750f5d292099ae3b66cfc6fb1982e29df7?s=96&d=mm&r=g","contentUrl":"https:\/\/secure.gravatar.com\/avatar\/4c81fed838786e9b53f540bf46533e750f5d292099ae3b66cfc6fb1982e29df7?s=96&d=mm&r=g","caption":"admin"},"description":"admin","url":"https:\/\/lasentinelle.dz\/author\/admin\/"}]}},"_links":{"self":[{"href":"https:\/\/lasentinelle.dz\/index.php\/wp-json\/wp\/v2\/posts\/83320","targetHints":{"allow":["GET"]}}],"collection":[{"href":"https:\/\/lasentinelle.dz\/index.php\/wp-json\/wp\/v2\/posts"}],"about":[{"href":"https:\/\/lasentinelle.dz\/index.php\/wp-json\/wp\/v2\/types\/post"}],"author":[{"embeddable":true,"href":"https:\/\/lasentinelle.dz\/index.php\/wp-json\/wp\/v2\/users\/6"}],"replies":[{"embeddable":true,"href":"https:\/\/lasentinelle.dz\/index.php\/wp-json\/wp\/v2\/comments?post=83320"}],"version-history":[{"count":1,"href":"https:\/\/lasentinelle.dz\/index.php\/wp-json\/wp\/v2\/posts\/83320\/revisions"}],"predecessor-version":[{"id":83321,"href":"https:\/\/lasentinelle.dz\/index.php\/wp-json\/wp\/v2\/posts\/83320\/revisions\/83321"}],"wp:featuredmedia":[{"embeddable":true,"href":"https:\/\/lasentinelle.dz\/index.php\/wp-json\/wp\/v2\/media\/74929"}],"wp:attachment":[{"href":"https:\/\/lasentinelle.dz\/index.php\/wp-json\/wp\/v2\/media?parent=83320"}],"wp:term":[{"taxonomy":"category","embeddable":true,"href":"https:\/\/lasentinelle.dz\/index.php\/wp-json\/wp\/v2\/categories?post=83320"},{"taxonomy":"post_tag","embeddable":true,"href":"https:\/\/lasentinelle.dz\/index.php\/wp-json\/wp\/v2\/tags?post=83320"}],"curies":[{"name":"wp","href":"https:\/\/api.w.org\/{rel}","templated":true}]}}