{"id":83322,"date":"2026-03-11T21:36:53","date_gmt":"2026-03-11T20:36:53","guid":{"rendered":"https:\/\/lasentinelle.dz\/?p=83322"},"modified":"2026-03-11T21:36:54","modified_gmt":"2026-03-11T20:36:54","slug":"ligue-1-mobilis-le-mouloudia-en-patron-la-jsk-et-laso-pour-confirmer","status":"publish","type":"post","link":"https:\/\/lasentinelle.dz\/index.php\/2026\/03\/11\/ligue-1-mobilis-le-mouloudia-en-patron-la-jsk-et-laso-pour-confirmer\/","title":{"rendered":"Ligue 1 Mobilis\u00a0: Le Mouloudia en patron, la JSK et l&rsquo;ASO pour confirmer"},"content":{"rendered":"\n<p>Quarante points, quatre matchs en moins et une dynamique de conqu\u00e9rant : le MC Alger aborde la 23e journ\u00e9e de Ligue 1 Mobilis, pr\u00e9vue vendredi, en position de force face \u00e0 un Paradou AC en chute libre. Mais au-del\u00e0 du duel entre le leader et un rel\u00e9gable en d\u00e9tresse, cette journ\u00e9e offre son lot de rendez-vous d\u00e9cisifs : la JS Kabylie cherche \u00e0 confirmer son r\u00e9veil, l&rsquo;ASO Chlef veut s&rsquo;extirper de la zone rouge, et le MC Oran entend poursuivre sa remont\u00e9e spectaculaire.<\/p>\n\n\n\n<p>Le choc de l&rsquo;affiche n&rsquo;en est pas vraiment un sur le papier. Le MC Alger, fort de son \u00e9crasante victoire \u00e0 l&rsquo;ext\u00e9rieur face \u00e0 l&rsquo;ESM sur le score de cinq buts \u00e0 z\u00e9ro lors de la journ\u00e9e pr\u00e9c\u00e9dente, re\u00e7oit le Paradou AC, quatorzi\u00e8me avec seulement 17 points et englu\u00e9 dans une s\u00e9rie noire de six d\u00e9faites cons\u00e9cutives toutes comp\u00e9titions confondues. Le Doyen part logiquement favori, avec une avance de trois points sur son dauphin le CS Constantine et, surtout, le matelas confortable de quatre matchs en retard qui lui ouvrent des perspectives consid\u00e9rables sur le reste de la saison. Une victoire vendredi confirmerait l&#8217;emprise du MCA sur un championnat qu&rsquo;il semble tenir entre ses mains depuis plusieurs semaines.<\/p>\n\n\n\n<p>Justement, le CS Constantine, dauphin avec 37 points, est attendu au tournant. Les Constantinois, qui ont partag\u00e9 les points dimanche \u00e0 Alger face \u00e0 l&rsquo;USM Alger sur un score vierge, re\u00e7oivent l&rsquo;ES Ben Aknoun avec un double objectif : rester au contact du leader et pr\u00e9server une belle s\u00e9rie de dix matchs sans d\u00e9faite toutes comp\u00e9titions confondues. Mais la m\u00e9fiance est de mise. Les Alg\u00e9rois sont r\u00e9put\u00e9s pour leur solidit\u00e9 en d\u00e9placement : quinze points pris sur trente possibles \u00e0 l&rsquo;ext\u00e9rieur, une statistique qu&rsquo;ils partagent avec le MC Alger lui-m\u00eame et qui en fait l&rsquo;une des \u00e9quipes les plus redoutables loin de leurs bases. Le CSC est pr\u00e9venu. Troisi\u00e8me du classement avec 35 points, l&rsquo;Olympique Akbou confirme journ\u00e9e apr\u00e8s journ\u00e9e qu&rsquo;il ne s&rsquo;agit pas d&rsquo;un feu de paille. La formation de la vall\u00e9e de la Soummam, emmen\u00e9e par M&rsquo;hend Sediri, se d\u00e9place chez la lanterne rouge, le MC El-Bayadh, avec l&rsquo;ambition d&rsquo;aligner un cinqui\u00e8me succ\u00e8s cons\u00e9cutif. Les Baydhis, dont la derni\u00e8re victoire remonte au 4 f\u00e9vrier dernier \u00e0 domicile face au MB Rouissat, n&rsquo;ont gu\u00e8re les moyens de faire dans la dentelle : vaincre ou voir leur situation au classement se compliquer davantage. L&rsquo;Olympique Akbou reste favori, mais un sursaut d&rsquo;orgueil des locaux, accul\u00e9s par la menace de la rel\u00e9gation, est toujours \u00e0 craindre dans ce type de confrontation.<\/p>\n\n\n\n<p>Dans la course aux places africaines, le duel entre la JS Saoura et le MC Oran s&rsquo;annonce comme l&rsquo;un des plus int\u00e9ressants de la journ\u00e9e. Quatri\u00e8me avec 34 points, la JSS re\u00e7oit des Oranais en pleine renaissance. Depuis l&rsquo;arriv\u00e9e sur le banc de Si Tahar Ch\u00e9rif El-Ouezzani, le MCO a encha\u00een\u00e9 trois victoires de rang et se pr\u00e9sente \u00e0 B\u00e9char avec la ferme intention de confirmer cette dynamique. Face \u00e0 eux, une \u00e9quipe de la Saoura qui traverse une p\u00e9riode de turbulences : \u00e9limin\u00e9e de la Coupe d&rsquo;Alg\u00e9rie, battue \u00e0 B\u00e9ja\u00efa face \u00e0 Akbou, la JSS doit imp\u00e9rativement se ressaisir pour ne pas laisser filer ses ambitions d&rsquo;une qualification continentale qui semblait \u00e0 port\u00e9e de main il y a encore quelques semaines.<\/p>\n\n\n\n<p>Au milieu de tableau, la JS Kabylie sort la t\u00eate de l&rsquo;eau apr\u00e8s des semaines difficiles. Le hat-trick d&rsquo;Aymen Mahious face au Paradou, qui avait offert aux Canaris une victoire pr\u00e9cieuse \u00e0 domicile sur le score de trois buts \u00e0 deux, a redonn\u00e9 le sourire au vestiaire. Mais une hirondelle ne fait pas un printemps, et le d\u00e9placement \u00e0 Khenchela face \u00e0 l&rsquo;USM Khenchela, douzi\u00e8me avec 25 points, constitue un test s\u00e9rieux pour mesurer la r\u00e9alit\u00e9 du r\u00e9veil kabyle. Les Siskaoua, de leur c\u00f4t\u00e9, ont encaiss\u00e9 deux d\u00e9faites cons\u00e9cutives, dont une particuli\u00e8rement frustrante dans les derni\u00e8res secondes face au MC Oran, et n&rsquo;ont pas d&rsquo;autre choix que de r\u00e9agir devant leur public.<\/p>\n\n\n\n<p>En bas du classement, l&rsquo;ASO Chlef joue gros vendredi. Vainqueurs la semaine derni\u00e8re face \u00e0 l&rsquo;ES S\u00e9tif sur le score d&rsquo;un but \u00e0 z\u00e9ro, les Ch\u00e9lifiens re\u00e7oivent l&rsquo;ES Mostaganem, quinzi\u00e8me avec 14 points et sonn\u00e9e apr\u00e8s la correction re\u00e7ue \u00e0 domicile face au Mouloudia, cinq buts \u00e0 z\u00e9ro. Pour l&rsquo;entra\u00eeneur adverse Nadir Leknaoui, l&rsquo;urgence est d&rsquo;enrayer une spirale inqui\u00e9tante : quatre d\u00e9faites et deux nuls lors des six derniers matchs. Une statistique qui sonne comme un avertissement. L&rsquo;ASO, elle, voit dans ce match une chance de s&rsquo;\u00e9loigner d\u00e9finitivement de la zone de rel\u00e9gation et ne compte pas la laisser passer.<\/p>\n\n\n\n<p>\u00c0 noter que cette 23e journ\u00e9e sera amput\u00e9e de deux rencontres. ES S\u00e9tif \u2014 CR Belouizdad et MB Rouissat \u2014 USM Alger ont \u00e9t\u00e9 report\u00e9es en raison de l&rsquo;engagement des deux clubs alg\u00e9rois en quarts de finale aller de la Coupe de la Conf\u00e9d\u00e9ration, programm\u00e9s samedi et dimanche. Des absences qui ne diminuent en rien l&rsquo;intensit\u00e9 d&rsquo;une journ\u00e9e qui pourrait, selon les r\u00e9sultats, redistribuer quelques cartes en haut comme en bas du classement.<\/p>\n\n\n\n<p>Moncef Dahleb<\/p>\n","protected":false},"excerpt":{"rendered":"<p>Quarante points, quatre matchs en moins et une dynamique de conqu\u00e9rant : le MC Alger aborde la 23e journ\u00e9e de<\/p>\n","protected":false},"author":6,"featured_media":83323,"comment_status":"open","ping_status":"closed","sticky":false,"template":"","format":"standard","meta":{"colormag_page_container_layout":"default_layout","colormag_page_sidebar_layout":"default_layout","om_disable_all_campaigns":false,"_monsterinsights_skip_tracking":false,"_monsterinsights_sitenote_active":false,"_monsterinsights_sitenote_note":"","_monsterinsights_sitenote_category":0,"footnotes":"","_wpscppro_dont_share_socialmedia":false,"_wpscppro_custom_social_share_image":0,"_facebook_share_type":"default","_twitter_share_type":"default","_linkedin_share_type":"default","_pinterest_share_type":"default","_linkedin_share_type_page":"","_instagram_share_type":"default","_medium_share_type":"default","_threads_share_type":"default","_google_business_share_type":"default","_selected_social_profile":[],"_wpsp_enable_custom_social_template":false,"_wpsp_social_scheduling":{"enabled":false,"datetime":null,"platforms":[],"status":"template_only","dateOption":"today","timeOption":"now","customDays":"","customHours":"","customDate":"","customTime":"","schedulingType":"absolute"},"_wpsp_active_default_template":true},"categories":[52,33],"tags":[],"class_list":["post-83322","post","type-post","status-publish","format-standard","has-post-thumbnail","hentry","category-a-la-une","category-sports"],"aioseo_notices":[],"yoast_head":"<!-- This site is optimized with the Yoast SEO plugin v27.4 - https:\/\/yoast.com\/product\/yoast-seo-wordpress\/ -->\n<title>Ligue 1 Mobilis\u00a0: Le Mouloudia en patron, la JSK et l&rsquo;ASO pour confirmer - La Sentinelle<\/title>\n<meta name=\"robots\" content=\"index, follow, max-snippet:-1, max-image-preview:large, max-video-preview:-1\" \/>\n<link rel=\"canonical\" href=\"https:\/\/lasentinelle.dz\/index.php\/2026\/03\/11\/ligue-1-mobilis-le-mouloudia-en-patron-la-jsk-et-laso-pour-confirmer\/\" \/>\n<meta property=\"og:locale\" content=\"fr_FR\" \/>\n<meta property=\"og:type\" content=\"article\" \/>\n<meta property=\"og:title\" content=\"Ligue 1 Mobilis\u00a0: Le Mouloudia en patron, la JSK et l&rsquo;ASO pour confirmer - La Sentinelle\" \/>\n<meta property=\"og:description\" content=\"Quarante points, quatre matchs en moins et une dynamique de conqu\u00e9rant : le MC Alger aborde la 23e journ\u00e9e de\" \/>\n<meta property=\"og:url\" content=\"https:\/\/lasentinelle.dz\/index.php\/2026\/03\/11\/ligue-1-mobilis-le-mouloudia-en-patron-la-jsk-et-laso-pour-confirmer\/\" \/>\n<meta property=\"og:site_name\" content=\"La Sentinelle\" \/>\n<meta property=\"article:publisher\" content=\"https:\/\/www.facebook.com\/La-Sentinelle-104059864394773\" \/>\n<meta property=\"article:published_time\" content=\"2026-03-11T20:36:53+00:00\" \/>\n<meta property=\"article:modified_time\" content=\"2026-03-11T20:36:54+00:00\" \/>\n<meta property=\"og:image\" content=\"https:\/\/lasentinelle.dz\/wp-content\/uploads\/2026\/03\/MCA-e1773261400658.webp\" \/>\n\t<meta property=\"og:image:width\" content=\"1440\" \/>\n\t<meta property=\"og:image:height\" content=\"928\" \/>\n\t<meta property=\"og:image:type\" content=\"image\/webp\" \/>\n<meta name=\"author\" content=\"admin\" \/>\n<meta name=\"twitter:card\" content=\"summary_large_image\" \/>\n<meta name=\"twitter:label1\" content=\"\u00c9crit par\" \/>\n\t<meta name=\"twitter:data1\" content=\"admin\" \/>\n\t<meta name=\"twitter:label2\" content=\"Dur\u00e9e de lecture estim\u00e9e\" \/>\n\t<meta name=\"twitter:data2\" content=\"5 minutes\" \/>\n<script type=\"application\/ld+json\" class=\"yoast-schema-graph\">{\"@context\":\"https:\\\/\\\/schema.org\",\"@graph\":[{\"@type\":\"Article\",\"@id\":\"https:\\\/\\\/lasentinelle.dz\\\/index.php\\\/2026\\\/03\\\/11\\\/ligue-1-mobilis-le-mouloudia-en-patron-la-jsk-et-laso-pour-confirmer\\\/#article\",\"isPartOf\":{\"@id\":\"https:\\\/\\\/lasentinelle.dz\\\/index.php\\\/2026\\\/03\\\/11\\\/ligue-1-mobilis-le-mouloudia-en-patron-la-jsk-et-laso-pour-confirmer\\\/\"},\"author\":{\"name\":\"admin\",\"@id\":\"https:\\\/\\\/lasentinelle.dz\\\/#\\\/schema\\\/person\\\/729ee0024f24e0b8c5ec17232f8e8b41\"},\"headline\":\"Ligue 1 Mobilis\u00a0: Le Mouloudia en patron, la JSK et l&rsquo;ASO pour confirmer\",\"datePublished\":\"2026-03-11T20:36:53+00:00\",\"dateModified\":\"2026-03-11T20:36:54+00:00\",\"mainEntityOfPage\":{\"@id\":\"https:\\\/\\\/lasentinelle.dz\\\/index.php\\\/2026\\\/03\\\/11\\\/ligue-1-mobilis-le-mouloudia-en-patron-la-jsk-et-laso-pour-confirmer\\\/\"},\"wordCount\":951,\"commentCount\":0,\"publisher\":{\"@id\":\"https:\\\/\\\/lasentinelle.dz\\\/#organization\"},\"image\":{\"@id\":\"https:\\\/\\\/lasentinelle.dz\\\/index.php\\\/2026\\\/03\\\/11\\\/ligue-1-mobilis-le-mouloudia-en-patron-la-jsk-et-laso-pour-confirmer\\\/#primaryimage\"},\"thumbnailUrl\":\"https:\\\/\\\/lasentinelle.dz\\\/wp-content\\\/uploads\\\/2026\\\/03\\\/MCA-e1773261400658.webp\",\"articleSection\":[\"\u00c0 la Une\",\"Sports\"],\"inLanguage\":\"fr-FR\",\"potentialAction\":[{\"@type\":\"CommentAction\",\"name\":\"Comment\",\"target\":[\"https:\\\/\\\/lasentinelle.dz\\\/index.php\\\/2026\\\/03\\\/11\\\/ligue-1-mobilis-le-mouloudia-en-patron-la-jsk-et-laso-pour-confirmer\\\/#respond\"]}]},{\"@type\":\"WebPage\",\"@id\":\"https:\\\/\\\/lasentinelle.dz\\\/index.php\\\/2026\\\/03\\\/11\\\/ligue-1-mobilis-le-mouloudia-en-patron-la-jsk-et-laso-pour-confirmer\\\/\",\"url\":\"https:\\\/\\\/lasentinelle.dz\\\/index.php\\\/2026\\\/03\\\/11\\\/ligue-1-mobilis-le-mouloudia-en-patron-la-jsk-et-laso-pour-confirmer\\\/\",\"name\":\"Ligue 1 Mobilis\u00a0: Le Mouloudia en patron, la JSK et l&rsquo;ASO pour confirmer - La Sentinelle\",\"isPartOf\":{\"@id\":\"https:\\\/\\\/lasentinelle.dz\\\/#website\"},\"primaryImageOfPage\":{\"@id\":\"https:\\\/\\\/lasentinelle.dz\\\/index.php\\\/2026\\\/03\\\/11\\\/ligue-1-mobilis-le-mouloudia-en-patron-la-jsk-et-laso-pour-confirmer\\\/#primaryimage\"},\"image\":{\"@id\":\"https:\\\/\\\/lasentinelle.dz\\\/index.php\\\/2026\\\/03\\\/11\\\/ligue-1-mobilis-le-mouloudia-en-patron-la-jsk-et-laso-pour-confirmer\\\/#primaryimage\"},\"thumbnailUrl\":\"https:\\\/\\\/lasentinelle.dz\\\/wp-content\\\/uploads\\\/2026\\\/03\\\/MCA-e1773261400658.webp\",\"datePublished\":\"2026-03-11T20:36:53+00:00\",\"dateModified\":\"2026-03-11T20:36:54+00:00\",\"breadcrumb\":{\"@id\":\"https:\\\/\\\/lasentinelle.dz\\\/index.php\\\/2026\\\/03\\\/11\\\/ligue-1-mobilis-le-mouloudia-en-patron-la-jsk-et-laso-pour-confirmer\\\/#breadcrumb\"},\"inLanguage\":\"fr-FR\",\"potentialAction\":[{\"@type\":\"ReadAction\",\"target\":[\"https:\\\/\\\/lasentinelle.dz\\\/index.php\\\/2026\\\/03\\\/11\\\/ligue-1-mobilis-le-mouloudia-en-patron-la-jsk-et-laso-pour-confirmer\\\/\"]}]},{\"@type\":\"ImageObject\",\"inLanguage\":\"fr-FR\",\"@id\":\"https:\\\/\\\/lasentinelle.dz\\\/index.php\\\/2026\\\/03\\\/11\\\/ligue-1-mobilis-le-mouloudia-en-patron-la-jsk-et-laso-pour-confirmer\\\/#primaryimage\",\"url\":\"https:\\\/\\\/lasentinelle.dz\\\/wp-content\\\/uploads\\\/2026\\\/03\\\/MCA-e1773261400658.webp\",\"contentUrl\":\"https:\\\/\\\/lasentinelle.dz\\\/wp-content\\\/uploads\\\/2026\\\/03\\\/MCA-e1773261400658.webp\",\"width\":1440,\"height\":928},{\"@type\":\"BreadcrumbList\",\"@id\":\"https:\\\/\\\/lasentinelle.dz\\\/index.php\\\/2026\\\/03\\\/11\\\/ligue-1-mobilis-le-mouloudia-en-patron-la-jsk-et-laso-pour-confirmer\\\/#breadcrumb\",\"itemListElement\":[{\"@type\":\"ListItem\",\"position\":1,\"name\":\"Accueil\",\"item\":\"https:\\\/\\\/lasentinelle.dz\\\/\"},{\"@type\":\"ListItem\",\"position\":2,\"name\":\"Ligue 1 Mobilis\u00a0: Le Mouloudia en patron, la JSK et l&rsquo;ASO pour confirmer\"}]},{\"@type\":\"WebSite\",\"@id\":\"https:\\\/\\\/lasentinelle.dz\\\/#website\",\"url\":\"https:\\\/\\\/lasentinelle.dz\\\/\",\"name\":\"La Sentinelle\",\"description\":\"Quotidien national d&#039;information\",\"publisher\":{\"@id\":\"https:\\\/\\\/lasentinelle.dz\\\/#organization\"},\"potentialAction\":[{\"@type\":\"SearchAction\",\"target\":{\"@type\":\"EntryPoint\",\"urlTemplate\":\"https:\\\/\\\/lasentinelle.dz\\\/?s={search_term_string}\"},\"query-input\":{\"@type\":\"PropertyValueSpecification\",\"valueRequired\":true,\"valueName\":\"search_term_string\"}}],\"inLanguage\":\"fr-FR\"},{\"@type\":\"Organization\",\"@id\":\"https:\\\/\\\/lasentinelle.dz\\\/#organization\",\"name\":\"Quotidien La Sentinelle\",\"url\":\"https:\\\/\\\/lasentinelle.dz\\\/\",\"logo\":{\"@type\":\"ImageObject\",\"inLanguage\":\"fr-FR\",\"@id\":\"https:\\\/\\\/lasentinelle.dz\\\/#\\\/schema\\\/logo\\\/image\\\/\",\"url\":\"https:\\\/\\\/lasentinelle.dz\\\/wp-content\\\/uploads\\\/2021\\\/09\\\/logo-sentinelleSLOGAN-1.png\",\"contentUrl\":\"https:\\\/\\\/lasentinelle.dz\\\/wp-content\\\/uploads\\\/2021\\\/09\\\/logo-sentinelleSLOGAN-1.png\",\"width\":615,\"height\":142,\"caption\":\"Quotidien La Sentinelle\"},\"image\":{\"@id\":\"https:\\\/\\\/lasentinelle.dz\\\/#\\\/schema\\\/logo\\\/image\\\/\"},\"sameAs\":[\"https:\\\/\\\/www.facebook.com\\\/La-Sentinelle-104059864394773\"]},{\"@type\":\"Person\",\"@id\":\"https:\\\/\\\/lasentinelle.dz\\\/#\\\/schema\\\/person\\\/729ee0024f24e0b8c5ec17232f8e8b41\",\"name\":\"admin\",\"image\":{\"@type\":\"ImageObject\",\"inLanguage\":\"fr-FR\",\"@id\":\"https:\\\/\\\/secure.gravatar.com\\\/avatar\\\/4c81fed838786e9b53f540bf46533e750f5d292099ae3b66cfc6fb1982e29df7?s=96&d=mm&r=g\",\"url\":\"https:\\\/\\\/secure.gravatar.com\\\/avatar\\\/4c81fed838786e9b53f540bf46533e750f5d292099ae3b66cfc6fb1982e29df7?s=96&d=mm&r=g\",\"contentUrl\":\"https:\\\/\\\/secure.gravatar.com\\\/avatar\\\/4c81fed838786e9b53f540bf46533e750f5d292099ae3b66cfc6fb1982e29df7?s=96&d=mm&r=g\",\"caption\":\"admin\"},\"description\":\"admin\",\"url\":\"https:\\\/\\\/lasentinelle.dz\\\/author\\\/admin\\\/\"}]}<\/script>\n<!-- \/ Yoast SEO plugin. -->","yoast_head_json":{"title":"Ligue 1 Mobilis\u00a0: Le Mouloudia en patron, la JSK et l&rsquo;ASO pour confirmer - La Sentinelle","robots":{"index":"index","follow":"follow","max-snippet":"max-snippet:-1","max-image-preview":"max-image-preview:large","max-video-preview":"max-video-preview:-1"},"canonical":"https:\/\/lasentinelle.dz\/index.php\/2026\/03\/11\/ligue-1-mobilis-le-mouloudia-en-patron-la-jsk-et-laso-pour-confirmer\/","og_locale":"fr_FR","og_type":"article","og_title":"Ligue 1 Mobilis\u00a0: Le Mouloudia en patron, la JSK et l&rsquo;ASO pour confirmer - La Sentinelle","og_description":"Quarante points, quatre matchs en moins et une dynamique de conqu\u00e9rant : le MC Alger aborde la 23e journ\u00e9e de","og_url":"https:\/\/lasentinelle.dz\/index.php\/2026\/03\/11\/ligue-1-mobilis-le-mouloudia-en-patron-la-jsk-et-laso-pour-confirmer\/","og_site_name":"La Sentinelle","article_publisher":"https:\/\/www.facebook.com\/La-Sentinelle-104059864394773","article_published_time":"2026-03-11T20:36:53+00:00","article_modified_time":"2026-03-11T20:36:54+00:00","og_image":[{"width":1440,"height":928,"url":"https:\/\/lasentinelle.dz\/wp-content\/uploads\/2026\/03\/MCA-e1773261400658.webp","type":"image\/webp"}],"author":"admin","twitter_card":"summary_large_image","twitter_misc":{"\u00c9crit par":"admin","Dur\u00e9e de lecture estim\u00e9e":"5 minutes"},"schema":{"@context":"https:\/\/schema.org","@graph":[{"@type":"Article","@id":"https:\/\/lasentinelle.dz\/index.php\/2026\/03\/11\/ligue-1-mobilis-le-mouloudia-en-patron-la-jsk-et-laso-pour-confirmer\/#article","isPartOf":{"@id":"https:\/\/lasentinelle.dz\/index.php\/2026\/03\/11\/ligue-1-mobilis-le-mouloudia-en-patron-la-jsk-et-laso-pour-confirmer\/"},"author":{"name":"admin","@id":"https:\/\/lasentinelle.dz\/#\/schema\/person\/729ee0024f24e0b8c5ec17232f8e8b41"},"headline":"Ligue 1 Mobilis\u00a0: Le Mouloudia en patron, la JSK et l&rsquo;ASO pour confirmer","datePublished":"2026-03-11T20:36:53+00:00","dateModified":"2026-03-11T20:36:54+00:00","mainEntityOfPage":{"@id":"https:\/\/lasentinelle.dz\/index.php\/2026\/03\/11\/ligue-1-mobilis-le-mouloudia-en-patron-la-jsk-et-laso-pour-confirmer\/"},"wordCount":951,"commentCount":0,"publisher":{"@id":"https:\/\/lasentinelle.dz\/#organization"},"image":{"@id":"https:\/\/lasentinelle.dz\/index.php\/2026\/03\/11\/ligue-1-mobilis-le-mouloudia-en-patron-la-jsk-et-laso-pour-confirmer\/#primaryimage"},"thumbnailUrl":"https:\/\/lasentinelle.dz\/wp-content\/uploads\/2026\/03\/MCA-e1773261400658.webp","articleSection":["\u00c0 la Une","Sports"],"inLanguage":"fr-FR","potentialAction":[{"@type":"CommentAction","name":"Comment","target":["https:\/\/lasentinelle.dz\/index.php\/2026\/03\/11\/ligue-1-mobilis-le-mouloudia-en-patron-la-jsk-et-laso-pour-confirmer\/#respond"]}]},{"@type":"WebPage","@id":"https:\/\/lasentinelle.dz\/index.php\/2026\/03\/11\/ligue-1-mobilis-le-mouloudia-en-patron-la-jsk-et-laso-pour-confirmer\/","url":"https:\/\/lasentinelle.dz\/index.php\/2026\/03\/11\/ligue-1-mobilis-le-mouloudia-en-patron-la-jsk-et-laso-pour-confirmer\/","name":"Ligue 1 Mobilis\u00a0: Le Mouloudia en patron, la JSK et l&rsquo;ASO pour confirmer - La Sentinelle","isPartOf":{"@id":"https:\/\/lasentinelle.dz\/#website"},"primaryImageOfPage":{"@id":"https:\/\/lasentinelle.dz\/index.php\/2026\/03\/11\/ligue-1-mobilis-le-mouloudia-en-patron-la-jsk-et-laso-pour-confirmer\/#primaryimage"},"image":{"@id":"https:\/\/lasentinelle.dz\/index.php\/2026\/03\/11\/ligue-1-mobilis-le-mouloudia-en-patron-la-jsk-et-laso-pour-confirmer\/#primaryimage"},"thumbnailUrl":"https:\/\/lasentinelle.dz\/wp-content\/uploads\/2026\/03\/MCA-e1773261400658.webp","datePublished":"2026-03-11T20:36:53+00:00","dateModified":"2026-03-11T20:36:54+00:00","breadcrumb":{"@id":"https:\/\/lasentinelle.dz\/index.php\/2026\/03\/11\/ligue-1-mobilis-le-mouloudia-en-patron-la-jsk-et-laso-pour-confirmer\/#breadcrumb"},"inLanguage":"fr-FR","potentialAction":[{"@type":"ReadAction","target":["https:\/\/lasentinelle.dz\/index.php\/2026\/03\/11\/ligue-1-mobilis-le-mouloudia-en-patron-la-jsk-et-laso-pour-confirmer\/"]}]},{"@type":"ImageObject","inLanguage":"fr-FR","@id":"https:\/\/lasentinelle.dz\/index.php\/2026\/03\/11\/ligue-1-mobilis-le-mouloudia-en-patron-la-jsk-et-laso-pour-confirmer\/#primaryimage","url":"https:\/\/lasentinelle.dz\/wp-content\/uploads\/2026\/03\/MCA-e1773261400658.webp","contentUrl":"https:\/\/lasentinelle.dz\/wp-content\/uploads\/2026\/03\/MCA-e1773261400658.webp","width":1440,"height":928},{"@type":"BreadcrumbList","@id":"https:\/\/lasentinelle.dz\/index.php\/2026\/03\/11\/ligue-1-mobilis-le-mouloudia-en-patron-la-jsk-et-laso-pour-confirmer\/#breadcrumb","itemListElement":[{"@type":"ListItem","position":1,"name":"Accueil","item":"https:\/\/lasentinelle.dz\/"},{"@type":"ListItem","position":2,"name":"Ligue 1 Mobilis\u00a0: Le Mouloudia en patron, la JSK et l&rsquo;ASO pour confirmer"}]},{"@type":"WebSite","@id":"https:\/\/lasentinelle.dz\/#website","url":"https:\/\/lasentinelle.dz\/","name":"La Sentinelle","description":"Quotidien national d&#039;information","publisher":{"@id":"https:\/\/lasentinelle.dz\/#organization"},"potentialAction":[{"@type":"SearchAction","target":{"@type":"EntryPoint","urlTemplate":"https:\/\/lasentinelle.dz\/?s={search_term_string}"},"query-input":{"@type":"PropertyValueSpecification","valueRequired":true,"valueName":"search_term_string"}}],"inLanguage":"fr-FR"},{"@type":"Organization","@id":"https:\/\/lasentinelle.dz\/#organization","name":"Quotidien La Sentinelle","url":"https:\/\/lasentinelle.dz\/","logo":{"@type":"ImageObject","inLanguage":"fr-FR","@id":"https:\/\/lasentinelle.dz\/#\/schema\/logo\/image\/","url":"https:\/\/lasentinelle.dz\/wp-content\/uploads\/2021\/09\/logo-sentinelleSLOGAN-1.png","contentUrl":"https:\/\/lasentinelle.dz\/wp-content\/uploads\/2021\/09\/logo-sentinelleSLOGAN-1.png","width":615,"height":142,"caption":"Quotidien La Sentinelle"},"image":{"@id":"https:\/\/lasentinelle.dz\/#\/schema\/logo\/image\/"},"sameAs":["https:\/\/www.facebook.com\/La-Sentinelle-104059864394773"]},{"@type":"Person","@id":"https:\/\/lasentinelle.dz\/#\/schema\/person\/729ee0024f24e0b8c5ec17232f8e8b41","name":"admin","image":{"@type":"ImageObject","inLanguage":"fr-FR","@id":"https:\/\/secure.gravatar.com\/avatar\/4c81fed838786e9b53f540bf46533e750f5d292099ae3b66cfc6fb1982e29df7?s=96&d=mm&r=g","url":"https:\/\/secure.gravatar.com\/avatar\/4c81fed838786e9b53f540bf46533e750f5d292099ae3b66cfc6fb1982e29df7?s=96&d=mm&r=g","contentUrl":"https:\/\/secure.gravatar.com\/avatar\/4c81fed838786e9b53f540bf46533e750f5d292099ae3b66cfc6fb1982e29df7?s=96&d=mm&r=g","caption":"admin"},"description":"admin","url":"https:\/\/lasentinelle.dz\/author\/admin\/"}]}},"_links":{"self":[{"href":"https:\/\/lasentinelle.dz\/index.php\/wp-json\/wp\/v2\/posts\/83322","targetHints":{"allow":["GET"]}}],"collection":[{"href":"https:\/\/lasentinelle.dz\/index.php\/wp-json\/wp\/v2\/posts"}],"about":[{"href":"https:\/\/lasentinelle.dz\/index.php\/wp-json\/wp\/v2\/types\/post"}],"author":[{"embeddable":true,"href":"https:\/\/lasentinelle.dz\/index.php\/wp-json\/wp\/v2\/users\/6"}],"replies":[{"embeddable":true,"href":"https:\/\/lasentinelle.dz\/index.php\/wp-json\/wp\/v2\/comments?post=83322"}],"version-history":[{"count":2,"href":"https:\/\/lasentinelle.dz\/index.php\/wp-json\/wp\/v2\/posts\/83322\/revisions"}],"predecessor-version":[{"id":83325,"href":"https:\/\/lasentinelle.dz\/index.php\/wp-json\/wp\/v2\/posts\/83322\/revisions\/83325"}],"wp:featuredmedia":[{"embeddable":true,"href":"https:\/\/lasentinelle.dz\/index.php\/wp-json\/wp\/v2\/media\/83323"}],"wp:attachment":[{"href":"https:\/\/lasentinelle.dz\/index.php\/wp-json\/wp\/v2\/media?parent=83322"}],"wp:term":[{"taxonomy":"category","embeddable":true,"href":"https:\/\/lasentinelle.dz\/index.php\/wp-json\/wp\/v2\/categories?post=83322"},{"taxonomy":"post_tag","embeddable":true,"href":"https:\/\/lasentinelle.dz\/index.php\/wp-json\/wp\/v2\/tags?post=83322"}],"curies":[{"name":"wp","href":"https:\/\/api.w.org\/{rel}","templated":true}]}}