{"id":83326,"date":"2026-03-11T21:37:53","date_gmt":"2026-03-11T20:37:53","guid":{"rendered":"https:\/\/lasentinelle.dz\/?p=83326"},"modified":"2026-03-11T21:37:54","modified_gmt":"2026-03-11T20:37:54","slug":"el-oued-le-mais-senracine-dans-les-sables-du-souf","status":"publish","type":"post","link":"https:\/\/lasentinelle.dz\/index.php\/2026\/03\/11\/el-oued-le-mais-senracine-dans-les-sables-du-souf\/","title":{"rendered":"El-Oued\u00a0: Le ma\u00efs s&rsquo;enracine dans les sables du Souf"},"content":{"rendered":"\n<p>La wilaya d&rsquo;El-Oued a officiellement lanc\u00e9 mercredi sa campagne de r\u00e9colte du ma\u00efs en grain pour la saison 2025-2026, depuis la zone agricole de Chara\u00e2, dans la commune de Ben-Guecha. Une initiative exp\u00e9rimentale qui s&rsquo;inscrit dans les efforts nationaux de diversification agricole et de s\u00e9curit\u00e9 alimentaire. La campagne porte sur une superficie de plus de cent hectares cultiv\u00e9s \u00e0 titre exp\u00e9rimental, r\u00e9partis entre deux fili\u00e8res distinctes. Cinquante-quatre hectares sont consacr\u00e9s au ma\u00efs destin\u00e9 \u00e0 l&rsquo;industrie agroalimentaire, quarante-six \u00e0 celui destin\u00e9 \u00e0 l&rsquo;alimentation du b\u00e9tail. Djelloul Athmani, pr\u00e9sident de la Chambre de l&rsquo;agriculture d&rsquo;El-Oued, a pr\u00e9cis\u00e9 que la r\u00e9colte ciblera dans un premier temps les communes de Ben-Guecha et Hassi-Khelifa, qui concentrent \u00e0 elles seules \u00ab 70 % de la superficie cultiv\u00e9e \u00bb, avant de s&rsquo;\u00e9tendre aux autres exploitations de la wilaya, toutes plac\u00e9es sous le suivi technique des services sp\u00e9cialis\u00e9s. Ce qui frappe dans cette exp\u00e9rience, c&rsquo;est moins son ampleur actuelle que les conditions dans lesquelles elle a \u00e9t\u00e9 conduite. Le ma\u00efs a pouss\u00e9 sur des terres sableuses, sans apport d&rsquo;engrais, ni organique ni chimique. Pourtant, les rendements enregistr\u00e9s d\u00e9passent les quarante quintaux \u00e0 l&rsquo;hectare. Des r\u00e9sultats qualifi\u00e9s d&rsquo;\u00ab encourageants \u00bb par Djelloul Athmani, qui y voit la preuve que la ma\u00efsiculture saharienne n&rsquo;est pas une utopie. Ce chiffre, s&rsquo;il se confirme et se g\u00e9n\u00e9ralise, repr\u00e9senterait une performance notable pour ce type de sol r\u00e9put\u00e9 ingrat. L&rsquo;exp\u00e9rience, men\u00e9e cette saison dans cinq communes \u2014 Ben-Guecha, Hassi-Khelifa, Trifaoui, Guemmar et El-Magrane \u2014, a vocation \u00e0 s&rsquo;\u00e9tendre. La Chambre de l&rsquo;agriculture pr\u00e9voit de g\u00e9n\u00e9raliser la culture \u00e0 d&rsquo;autres communes agricoles de la wilaya, avec une augmentation progressive des superficies. Pour pr\u00e9parer le terrain, ses services conduisent, en d\u00e9but de chaque saison, un programme de sensibilisation destin\u00e9 \u00e0 convaincre les agriculteurs d&rsquo;adh\u00e9rer au projet, en s&rsquo;appuyant sur les r\u00e9ussites d\u00e9j\u00e0 document\u00e9es. Au-del\u00e0 de la production alimentaire, la ma\u00efsiculture pr\u00e9sente un atout agronomique suppl\u00e9mentaire qui n&rsquo;a pas \u00e9chapp\u00e9 aux responsables locaux : sa capacit\u00e9 \u00e0 r\u00e9habiliter les sols d\u00e9grad\u00e9s et \u00e0 les fertiliser naturellement. Dans une r\u00e9gion o\u00f9 la pression sur les terres agricoles s&rsquo;intensifie, cet effet correcteur sur la qualit\u00e9 des sols constitue un argument de poids pour p\u00e9renniser et \u00e9largir la pratique. Le calendrier cultural retenu \u2014 un cycle de cinq mois, entre ao\u00fbt et d\u00e9cembre pour la plantation, et une r\u00e9colte s&rsquo;\u00e9talant jusqu&rsquo;en mars \u2014 s&rsquo;adapte aux contraintes climatiques du Souf et laisse entrevoir une compatibilit\u00e9 avec d&rsquo;autres activit\u00e9s agricoles locales, notamment la phoeniciculture, culture embl\u00e9matique de la r\u00e9gion. Cette dynamique s&rsquo;inscrit dans un contexte national de pression accrue sur les ressources alimentaires et de volont\u00e9 politique affirm\u00e9e de r\u00e9duire la facture des importations agricoles.<\/p>\n\n\n\n<p>R.R.<\/p>\n","protected":false},"excerpt":{"rendered":"<p>La wilaya d&rsquo;El-Oued a officiellement lanc\u00e9 mercredi sa campagne de r\u00e9colte du ma\u00efs en grain pour la saison 2025-2026, depuis<\/p>\n","protected":false},"author":6,"featured_media":57252,"comment_status":"open","ping_status":"closed","sticky":false,"template":"","format":"standard","meta":{"colormag_page_container_layout":"default_layout","colormag_page_sidebar_layout":"default_layout","om_disable_all_campaigns":false,"_monsterinsights_skip_tracking":false,"_monsterinsights_sitenote_active":false,"_monsterinsights_sitenote_note":"","_monsterinsights_sitenote_category":0,"footnotes":"","_wpscppro_dont_share_socialmedia":false,"_wpscppro_custom_social_share_image":0,"_facebook_share_type":"default","_twitter_share_type":"default","_linkedin_share_type":"default","_pinterest_share_type":"default","_linkedin_share_type_page":"","_instagram_share_type":"default","_medium_share_type":"default","_threads_share_type":"default","_google_business_share_type":"default","_selected_social_profile":[],"_wpsp_enable_custom_social_template":false,"_wpsp_social_scheduling":{"enabled":false,"datetime":null,"platforms":[],"status":"template_only","dateOption":"today","timeOption":"now","customDays":"","customHours":"","customDate":"","customTime":"","schedulingType":"absolute"},"_wpsp_active_default_template":true},"categories":[31],"tags":[],"class_list":["post-83326","post","type-post","status-publish","format-standard","has-post-thumbnail","hentry","category-regions"],"aioseo_notices":[],"yoast_head":"<!-- This site is optimized with the Yoast SEO plugin v27.4 - https:\/\/yoast.com\/product\/yoast-seo-wordpress\/ -->\n<title>El-Oued\u00a0: Le ma\u00efs s&rsquo;enracine dans les sables du Souf - La Sentinelle<\/title>\n<meta name=\"robots\" content=\"index, follow, max-snippet:-1, max-image-preview:large, max-video-preview:-1\" \/>\n<link rel=\"canonical\" href=\"https:\/\/lasentinelle.dz\/index.php\/2026\/03\/11\/el-oued-le-mais-senracine-dans-les-sables-du-souf\/\" \/>\n<meta property=\"og:locale\" content=\"fr_FR\" \/>\n<meta property=\"og:type\" content=\"article\" \/>\n<meta property=\"og:title\" content=\"El-Oued\u00a0: Le ma\u00efs s&rsquo;enracine dans les sables du Souf - La Sentinelle\" \/>\n<meta property=\"og:description\" content=\"La wilaya d&rsquo;El-Oued a officiellement lanc\u00e9 mercredi sa campagne de r\u00e9colte du ma\u00efs en grain pour la saison 2025-2026, depuis\" \/>\n<meta property=\"og:url\" content=\"https:\/\/lasentinelle.dz\/index.php\/2026\/03\/11\/el-oued-le-mais-senracine-dans-les-sables-du-souf\/\" \/>\n<meta property=\"og:site_name\" content=\"La Sentinelle\" \/>\n<meta property=\"article:publisher\" content=\"https:\/\/www.facebook.com\/La-Sentinelle-104059864394773\" \/>\n<meta property=\"article:published_time\" content=\"2026-03-11T20:37:53+00:00\" \/>\n<meta property=\"article:modified_time\" content=\"2026-03-11T20:37:54+00:00\" \/>\n<meta property=\"og:image\" content=\"https:\/\/lasentinelle.dz\/wp-content\/uploads\/2024\/09\/ble.jpg\" \/>\n\t<meta property=\"og:image:width\" content=\"758\" \/>\n\t<meta property=\"og:image:height\" content=\"505\" \/>\n\t<meta property=\"og:image:type\" content=\"image\/jpeg\" \/>\n<meta name=\"author\" content=\"admin\" \/>\n<meta name=\"twitter:card\" content=\"summary_large_image\" \/>\n<meta name=\"twitter:label1\" content=\"\u00c9crit par\" \/>\n\t<meta name=\"twitter:data1\" content=\"admin\" \/>\n\t<meta name=\"twitter:label2\" content=\"Dur\u00e9e de lecture estim\u00e9e\" \/>\n\t<meta name=\"twitter:data2\" content=\"3 minutes\" \/>\n<script type=\"application\/ld+json\" class=\"yoast-schema-graph\">{\"@context\":\"https:\\\/\\\/schema.org\",\"@graph\":[{\"@type\":\"Article\",\"@id\":\"https:\\\/\\\/lasentinelle.dz\\\/index.php\\\/2026\\\/03\\\/11\\\/el-oued-le-mais-senracine-dans-les-sables-du-souf\\\/#article\",\"isPartOf\":{\"@id\":\"https:\\\/\\\/lasentinelle.dz\\\/index.php\\\/2026\\\/03\\\/11\\\/el-oued-le-mais-senracine-dans-les-sables-du-souf\\\/\"},\"author\":{\"name\":\"admin\",\"@id\":\"https:\\\/\\\/lasentinelle.dz\\\/#\\\/schema\\\/person\\\/729ee0024f24e0b8c5ec17232f8e8b41\"},\"headline\":\"El-Oued\u00a0: Le ma\u00efs s&rsquo;enracine dans les sables du Souf\",\"datePublished\":\"2026-03-11T20:37:53+00:00\",\"dateModified\":\"2026-03-11T20:37:54+00:00\",\"mainEntityOfPage\":{\"@id\":\"https:\\\/\\\/lasentinelle.dz\\\/index.php\\\/2026\\\/03\\\/11\\\/el-oued-le-mais-senracine-dans-les-sables-du-souf\\\/\"},\"wordCount\":508,\"commentCount\":0,\"publisher\":{\"@id\":\"https:\\\/\\\/lasentinelle.dz\\\/#organization\"},\"image\":{\"@id\":\"https:\\\/\\\/lasentinelle.dz\\\/index.php\\\/2026\\\/03\\\/11\\\/el-oued-le-mais-senracine-dans-les-sables-du-souf\\\/#primaryimage\"},\"thumbnailUrl\":\"https:\\\/\\\/lasentinelle.dz\\\/wp-content\\\/uploads\\\/2024\\\/09\\\/ble.jpg\",\"articleSection\":[\"R\u00e9gions\"],\"inLanguage\":\"fr-FR\",\"potentialAction\":[{\"@type\":\"CommentAction\",\"name\":\"Comment\",\"target\":[\"https:\\\/\\\/lasentinelle.dz\\\/index.php\\\/2026\\\/03\\\/11\\\/el-oued-le-mais-senracine-dans-les-sables-du-souf\\\/#respond\"]}]},{\"@type\":\"WebPage\",\"@id\":\"https:\\\/\\\/lasentinelle.dz\\\/index.php\\\/2026\\\/03\\\/11\\\/el-oued-le-mais-senracine-dans-les-sables-du-souf\\\/\",\"url\":\"https:\\\/\\\/lasentinelle.dz\\\/index.php\\\/2026\\\/03\\\/11\\\/el-oued-le-mais-senracine-dans-les-sables-du-souf\\\/\",\"name\":\"El-Oued\u00a0: Le ma\u00efs s&rsquo;enracine dans les sables du Souf - La Sentinelle\",\"isPartOf\":{\"@id\":\"https:\\\/\\\/lasentinelle.dz\\\/#website\"},\"primaryImageOfPage\":{\"@id\":\"https:\\\/\\\/lasentinelle.dz\\\/index.php\\\/2026\\\/03\\\/11\\\/el-oued-le-mais-senracine-dans-les-sables-du-souf\\\/#primaryimage\"},\"image\":{\"@id\":\"https:\\\/\\\/lasentinelle.dz\\\/index.php\\\/2026\\\/03\\\/11\\\/el-oued-le-mais-senracine-dans-les-sables-du-souf\\\/#primaryimage\"},\"thumbnailUrl\":\"https:\\\/\\\/lasentinelle.dz\\\/wp-content\\\/uploads\\\/2024\\\/09\\\/ble.jpg\",\"datePublished\":\"2026-03-11T20:37:53+00:00\",\"dateModified\":\"2026-03-11T20:37:54+00:00\",\"breadcrumb\":{\"@id\":\"https:\\\/\\\/lasentinelle.dz\\\/index.php\\\/2026\\\/03\\\/11\\\/el-oued-le-mais-senracine-dans-les-sables-du-souf\\\/#breadcrumb\"},\"inLanguage\":\"fr-FR\",\"potentialAction\":[{\"@type\":\"ReadAction\",\"target\":[\"https:\\\/\\\/lasentinelle.dz\\\/index.php\\\/2026\\\/03\\\/11\\\/el-oued-le-mais-senracine-dans-les-sables-du-souf\\\/\"]}]},{\"@type\":\"ImageObject\",\"inLanguage\":\"fr-FR\",\"@id\":\"https:\\\/\\\/lasentinelle.dz\\\/index.php\\\/2026\\\/03\\\/11\\\/el-oued-le-mais-senracine-dans-les-sables-du-souf\\\/#primaryimage\",\"url\":\"https:\\\/\\\/lasentinelle.dz\\\/wp-content\\\/uploads\\\/2024\\\/09\\\/ble.jpg\",\"contentUrl\":\"https:\\\/\\\/lasentinelle.dz\\\/wp-content\\\/uploads\\\/2024\\\/09\\\/ble.jpg\",\"width\":758,\"height\":505,\"caption\":\"Hand full of grain over a bag of grain.Agriculture and harvest concept. Selective focus with shallow depth of field\"},{\"@type\":\"BreadcrumbList\",\"@id\":\"https:\\\/\\\/lasentinelle.dz\\\/index.php\\\/2026\\\/03\\\/11\\\/el-oued-le-mais-senracine-dans-les-sables-du-souf\\\/#breadcrumb\",\"itemListElement\":[{\"@type\":\"ListItem\",\"position\":1,\"name\":\"Accueil\",\"item\":\"https:\\\/\\\/lasentinelle.dz\\\/\"},{\"@type\":\"ListItem\",\"position\":2,\"name\":\"El-Oued\u00a0: Le ma\u00efs s&rsquo;enracine dans les sables du Souf\"}]},{\"@type\":\"WebSite\",\"@id\":\"https:\\\/\\\/lasentinelle.dz\\\/#website\",\"url\":\"https:\\\/\\\/lasentinelle.dz\\\/\",\"name\":\"La Sentinelle\",\"description\":\"Quotidien national d&#039;information\",\"publisher\":{\"@id\":\"https:\\\/\\\/lasentinelle.dz\\\/#organization\"},\"potentialAction\":[{\"@type\":\"SearchAction\",\"target\":{\"@type\":\"EntryPoint\",\"urlTemplate\":\"https:\\\/\\\/lasentinelle.dz\\\/?s={search_term_string}\"},\"query-input\":{\"@type\":\"PropertyValueSpecification\",\"valueRequired\":true,\"valueName\":\"search_term_string\"}}],\"inLanguage\":\"fr-FR\"},{\"@type\":\"Organization\",\"@id\":\"https:\\\/\\\/lasentinelle.dz\\\/#organization\",\"name\":\"Quotidien La Sentinelle\",\"url\":\"https:\\\/\\\/lasentinelle.dz\\\/\",\"logo\":{\"@type\":\"ImageObject\",\"inLanguage\":\"fr-FR\",\"@id\":\"https:\\\/\\\/lasentinelle.dz\\\/#\\\/schema\\\/logo\\\/image\\\/\",\"url\":\"https:\\\/\\\/lasentinelle.dz\\\/wp-content\\\/uploads\\\/2021\\\/09\\\/logo-sentinelleSLOGAN-1.png\",\"contentUrl\":\"https:\\\/\\\/lasentinelle.dz\\\/wp-content\\\/uploads\\\/2021\\\/09\\\/logo-sentinelleSLOGAN-1.png\",\"width\":615,\"height\":142,\"caption\":\"Quotidien La Sentinelle\"},\"image\":{\"@id\":\"https:\\\/\\\/lasentinelle.dz\\\/#\\\/schema\\\/logo\\\/image\\\/\"},\"sameAs\":[\"https:\\\/\\\/www.facebook.com\\\/La-Sentinelle-104059864394773\"]},{\"@type\":\"Person\",\"@id\":\"https:\\\/\\\/lasentinelle.dz\\\/#\\\/schema\\\/person\\\/729ee0024f24e0b8c5ec17232f8e8b41\",\"name\":\"admin\",\"image\":{\"@type\":\"ImageObject\",\"inLanguage\":\"fr-FR\",\"@id\":\"https:\\\/\\\/secure.gravatar.com\\\/avatar\\\/4c81fed838786e9b53f540bf46533e750f5d292099ae3b66cfc6fb1982e29df7?s=96&d=mm&r=g\",\"url\":\"https:\\\/\\\/secure.gravatar.com\\\/avatar\\\/4c81fed838786e9b53f540bf46533e750f5d292099ae3b66cfc6fb1982e29df7?s=96&d=mm&r=g\",\"contentUrl\":\"https:\\\/\\\/secure.gravatar.com\\\/avatar\\\/4c81fed838786e9b53f540bf46533e750f5d292099ae3b66cfc6fb1982e29df7?s=96&d=mm&r=g\",\"caption\":\"admin\"},\"description\":\"admin\",\"url\":\"https:\\\/\\\/lasentinelle.dz\\\/author\\\/admin\\\/\"}]}<\/script>\n<!-- \/ Yoast SEO plugin. -->","yoast_head_json":{"title":"El-Oued\u00a0: Le ma\u00efs s&rsquo;enracine dans les sables du Souf - La Sentinelle","robots":{"index":"index","follow":"follow","max-snippet":"max-snippet:-1","max-image-preview":"max-image-preview:large","max-video-preview":"max-video-preview:-1"},"canonical":"https:\/\/lasentinelle.dz\/index.php\/2026\/03\/11\/el-oued-le-mais-senracine-dans-les-sables-du-souf\/","og_locale":"fr_FR","og_type":"article","og_title":"El-Oued\u00a0: Le ma\u00efs s&rsquo;enracine dans les sables du Souf - La Sentinelle","og_description":"La wilaya d&rsquo;El-Oued a officiellement lanc\u00e9 mercredi sa campagne de r\u00e9colte du ma\u00efs en grain pour la saison 2025-2026, depuis","og_url":"https:\/\/lasentinelle.dz\/index.php\/2026\/03\/11\/el-oued-le-mais-senracine-dans-les-sables-du-souf\/","og_site_name":"La Sentinelle","article_publisher":"https:\/\/www.facebook.com\/La-Sentinelle-104059864394773","article_published_time":"2026-03-11T20:37:53+00:00","article_modified_time":"2026-03-11T20:37:54+00:00","og_image":[{"width":758,"height":505,"url":"https:\/\/lasentinelle.dz\/wp-content\/uploads\/2024\/09\/ble.jpg","type":"image\/jpeg"}],"author":"admin","twitter_card":"summary_large_image","twitter_misc":{"\u00c9crit par":"admin","Dur\u00e9e de lecture estim\u00e9e":"3 minutes"},"schema":{"@context":"https:\/\/schema.org","@graph":[{"@type":"Article","@id":"https:\/\/lasentinelle.dz\/index.php\/2026\/03\/11\/el-oued-le-mais-senracine-dans-les-sables-du-souf\/#article","isPartOf":{"@id":"https:\/\/lasentinelle.dz\/index.php\/2026\/03\/11\/el-oued-le-mais-senracine-dans-les-sables-du-souf\/"},"author":{"name":"admin","@id":"https:\/\/lasentinelle.dz\/#\/schema\/person\/729ee0024f24e0b8c5ec17232f8e8b41"},"headline":"El-Oued\u00a0: Le ma\u00efs s&rsquo;enracine dans les sables du Souf","datePublished":"2026-03-11T20:37:53+00:00","dateModified":"2026-03-11T20:37:54+00:00","mainEntityOfPage":{"@id":"https:\/\/lasentinelle.dz\/index.php\/2026\/03\/11\/el-oued-le-mais-senracine-dans-les-sables-du-souf\/"},"wordCount":508,"commentCount":0,"publisher":{"@id":"https:\/\/lasentinelle.dz\/#organization"},"image":{"@id":"https:\/\/lasentinelle.dz\/index.php\/2026\/03\/11\/el-oued-le-mais-senracine-dans-les-sables-du-souf\/#primaryimage"},"thumbnailUrl":"https:\/\/lasentinelle.dz\/wp-content\/uploads\/2024\/09\/ble.jpg","articleSection":["R\u00e9gions"],"inLanguage":"fr-FR","potentialAction":[{"@type":"CommentAction","name":"Comment","target":["https:\/\/lasentinelle.dz\/index.php\/2026\/03\/11\/el-oued-le-mais-senracine-dans-les-sables-du-souf\/#respond"]}]},{"@type":"WebPage","@id":"https:\/\/lasentinelle.dz\/index.php\/2026\/03\/11\/el-oued-le-mais-senracine-dans-les-sables-du-souf\/","url":"https:\/\/lasentinelle.dz\/index.php\/2026\/03\/11\/el-oued-le-mais-senracine-dans-les-sables-du-souf\/","name":"El-Oued\u00a0: Le ma\u00efs s&rsquo;enracine dans les sables du Souf - La Sentinelle","isPartOf":{"@id":"https:\/\/lasentinelle.dz\/#website"},"primaryImageOfPage":{"@id":"https:\/\/lasentinelle.dz\/index.php\/2026\/03\/11\/el-oued-le-mais-senracine-dans-les-sables-du-souf\/#primaryimage"},"image":{"@id":"https:\/\/lasentinelle.dz\/index.php\/2026\/03\/11\/el-oued-le-mais-senracine-dans-les-sables-du-souf\/#primaryimage"},"thumbnailUrl":"https:\/\/lasentinelle.dz\/wp-content\/uploads\/2024\/09\/ble.jpg","datePublished":"2026-03-11T20:37:53+00:00","dateModified":"2026-03-11T20:37:54+00:00","breadcrumb":{"@id":"https:\/\/lasentinelle.dz\/index.php\/2026\/03\/11\/el-oued-le-mais-senracine-dans-les-sables-du-souf\/#breadcrumb"},"inLanguage":"fr-FR","potentialAction":[{"@type":"ReadAction","target":["https:\/\/lasentinelle.dz\/index.php\/2026\/03\/11\/el-oued-le-mais-senracine-dans-les-sables-du-souf\/"]}]},{"@type":"ImageObject","inLanguage":"fr-FR","@id":"https:\/\/lasentinelle.dz\/index.php\/2026\/03\/11\/el-oued-le-mais-senracine-dans-les-sables-du-souf\/#primaryimage","url":"https:\/\/lasentinelle.dz\/wp-content\/uploads\/2024\/09\/ble.jpg","contentUrl":"https:\/\/lasentinelle.dz\/wp-content\/uploads\/2024\/09\/ble.jpg","width":758,"height":505,"caption":"Hand full of grain over a bag of grain.Agriculture and harvest concept. Selective focus with shallow depth of field"},{"@type":"BreadcrumbList","@id":"https:\/\/lasentinelle.dz\/index.php\/2026\/03\/11\/el-oued-le-mais-senracine-dans-les-sables-du-souf\/#breadcrumb","itemListElement":[{"@type":"ListItem","position":1,"name":"Accueil","item":"https:\/\/lasentinelle.dz\/"},{"@type":"ListItem","position":2,"name":"El-Oued\u00a0: Le ma\u00efs s&rsquo;enracine dans les sables du Souf"}]},{"@type":"WebSite","@id":"https:\/\/lasentinelle.dz\/#website","url":"https:\/\/lasentinelle.dz\/","name":"La Sentinelle","description":"Quotidien national d&#039;information","publisher":{"@id":"https:\/\/lasentinelle.dz\/#organization"},"potentialAction":[{"@type":"SearchAction","target":{"@type":"EntryPoint","urlTemplate":"https:\/\/lasentinelle.dz\/?s={search_term_string}"},"query-input":{"@type":"PropertyValueSpecification","valueRequired":true,"valueName":"search_term_string"}}],"inLanguage":"fr-FR"},{"@type":"Organization","@id":"https:\/\/lasentinelle.dz\/#organization","name":"Quotidien La Sentinelle","url":"https:\/\/lasentinelle.dz\/","logo":{"@type":"ImageObject","inLanguage":"fr-FR","@id":"https:\/\/lasentinelle.dz\/#\/schema\/logo\/image\/","url":"https:\/\/lasentinelle.dz\/wp-content\/uploads\/2021\/09\/logo-sentinelleSLOGAN-1.png","contentUrl":"https:\/\/lasentinelle.dz\/wp-content\/uploads\/2021\/09\/logo-sentinelleSLOGAN-1.png","width":615,"height":142,"caption":"Quotidien La Sentinelle"},"image":{"@id":"https:\/\/lasentinelle.dz\/#\/schema\/logo\/image\/"},"sameAs":["https:\/\/www.facebook.com\/La-Sentinelle-104059864394773"]},{"@type":"Person","@id":"https:\/\/lasentinelle.dz\/#\/schema\/person\/729ee0024f24e0b8c5ec17232f8e8b41","name":"admin","image":{"@type":"ImageObject","inLanguage":"fr-FR","@id":"https:\/\/secure.gravatar.com\/avatar\/4c81fed838786e9b53f540bf46533e750f5d292099ae3b66cfc6fb1982e29df7?s=96&d=mm&r=g","url":"https:\/\/secure.gravatar.com\/avatar\/4c81fed838786e9b53f540bf46533e750f5d292099ae3b66cfc6fb1982e29df7?s=96&d=mm&r=g","contentUrl":"https:\/\/secure.gravatar.com\/avatar\/4c81fed838786e9b53f540bf46533e750f5d292099ae3b66cfc6fb1982e29df7?s=96&d=mm&r=g","caption":"admin"},"description":"admin","url":"https:\/\/lasentinelle.dz\/author\/admin\/"}]}},"_links":{"self":[{"href":"https:\/\/lasentinelle.dz\/index.php\/wp-json\/wp\/v2\/posts\/83326","targetHints":{"allow":["GET"]}}],"collection":[{"href":"https:\/\/lasentinelle.dz\/index.php\/wp-json\/wp\/v2\/posts"}],"about":[{"href":"https:\/\/lasentinelle.dz\/index.php\/wp-json\/wp\/v2\/types\/post"}],"author":[{"embeddable":true,"href":"https:\/\/lasentinelle.dz\/index.php\/wp-json\/wp\/v2\/users\/6"}],"replies":[{"embeddable":true,"href":"https:\/\/lasentinelle.dz\/index.php\/wp-json\/wp\/v2\/comments?post=83326"}],"version-history":[{"count":2,"href":"https:\/\/lasentinelle.dz\/index.php\/wp-json\/wp\/v2\/posts\/83326\/revisions"}],"predecessor-version":[{"id":83328,"href":"https:\/\/lasentinelle.dz\/index.php\/wp-json\/wp\/v2\/posts\/83326\/revisions\/83328"}],"wp:featuredmedia":[{"embeddable":true,"href":"https:\/\/lasentinelle.dz\/index.php\/wp-json\/wp\/v2\/media\/57252"}],"wp:attachment":[{"href":"https:\/\/lasentinelle.dz\/index.php\/wp-json\/wp\/v2\/media?parent=83326"}],"wp:term":[{"taxonomy":"category","embeddable":true,"href":"https:\/\/lasentinelle.dz\/index.php\/wp-json\/wp\/v2\/categories?post=83326"},{"taxonomy":"post_tag","embeddable":true,"href":"https:\/\/lasentinelle.dz\/index.php\/wp-json\/wp\/v2\/tags?post=83326"}],"curies":[{"name":"wp","href":"https:\/\/api.w.org\/{rel}","templated":true}]}}