{"id":83329,"date":"2026-03-11T21:38:39","date_gmt":"2026-03-11T20:38:39","guid":{"rendered":"https:\/\/lasentinelle.dz\/?p=83329"},"modified":"2026-03-11T21:38:41","modified_gmt":"2026-03-11T20:38:41","slug":"annaba-la-campagne-de-prevention-des-incendies-se-prepare","status":"publish","type":"post","link":"https:\/\/lasentinelle.dz\/index.php\/2026\/03\/11\/annaba-la-campagne-de-prevention-des-incendies-se-prepare\/","title":{"rendered":"Annaba\u00a0: La campagne de pr\u00e9vention des incendies se pr\u00e9pare"},"content":{"rendered":"\n<p>Les h\u00e9licopt\u00e8res bombardiers d&rsquo;eau auront acc\u00e8s facilit\u00e9 aux points d&rsquo;eau.<\/p>\n\n\n\n<p>\u00c0 l&rsquo;approche de la saison des grandes chaleurs, la direction des for\u00eats de Cheta\u00efbi dans la wilaya d\u2019Annaba engage les pr\u00e9paratifs de la campagne de lutte contre les incendies. L&rsquo;am\u00e9nagement du chemin d&rsquo;acc\u00e8s au complexe aquatique d&rsquo;A\u00efn Abdellah, destin\u00e9 \u00e0 l&rsquo;approvisionnement des h\u00e9licopt\u00e8res bombardiers d&rsquo;eau, constitue le premier acte concret de ce dispositif pr\u00e9ventif. La saison des grandes chaleurs porte avec elle, chaque ann\u00e9e, le risque des feux de for\u00eat, ph\u00e9nom\u00e8ne aliment\u00e9 par les fortes temp\u00e9ratures, sans exclure la part de responsabilit\u00e9 humaine. La commune de Cheta\u00efbi, station touristique r\u00e9put\u00e9e pour son couvert v\u00e9g\u00e9tal et ses for\u00eats denses, exige \u00e0 ce titre une mobilisation soutenue des moyens, notamment logistiques, pour assurer une protection optimale de ce patrimoine naturel. Dans le cadre des pr\u00e9paratifs de la campagne de pr\u00e9vention et de lutte contre les incendies de for\u00eat pour la saison 2026, la direction des for\u00eats de Cheta\u00efbi a engag\u00e9 une vaste op\u00e9ration d&rsquo;am\u00e9nagement du chemin menant au complexe aquatique d&rsquo;A\u00efn Abdellah, point d&rsquo;approvisionnement en eau des h\u00e9licopt\u00e8res utilis\u00e9s dans l&rsquo;extinction des feux. Aussi simple qu&rsquo;elle puisse para\u00eetre, cette initiative constitue en r\u00e9alit\u00e9 un maillon essentiel dans la cha\u00eene de pr\u00e9paration op\u00e9rationnelle : elle garantit la rapidit\u00e9 d&rsquo;intervention des \u00e9quipes a\u00e9riennes en cas de d\u00e9part de feu. L&rsquo;objectif est d&rsquo;am\u00e9liorer l&rsquo;acc\u00e8s des v\u00e9hicules de secours tout en optimisant l&rsquo;approvisionnement en eau des h\u00e9licopt\u00e8res bombardiers, dispositif cl\u00e9 pour contenir l&rsquo;extension des flammes. Cette d\u00e9marche s&rsquo;inscrit dans une s\u00e9rie de mesures proactives visant \u00e0 renforcer les moyens de terrain et \u00e0 s\u00e9curiser l&rsquo;acc\u00e8s aux points strat\u00e9giques, \u00e0 l&rsquo;approche de la p\u00e9riode o\u00f9 le niveau de risque est le plus \u00e9lev\u00e9. Il convient de rappeler que le massif forestier de la wilaya d&rsquo;Annaba couvre une superficie de 68 824 hectares, dont 14 930 de ch\u00eane-li\u00e8ge, 546 de ch\u00eane zeen, 376 de peuplements mixtes associant ch\u00eane-li\u00e8ge, ch\u00eane zeen et pins maritimes, et 43 257 d&rsquo;espaces de maquis et broussailles. Ce patrimoine demeure le plus expos\u00e9 aux incendies, qui entra\u00eenent chaque ann\u00e9e la destruction de milliers d&rsquo;hectares de zones bois\u00e9es.<\/p>\n\n\n\n<p>Si les autorit\u00e9s encouragent l&rsquo;investissement dans le secteur forestier, qui rev\u00eat une importance particuli\u00e8re pour le d\u00e9veloppement durable de la wilaya, ce patrimoine naturel exige aujourd&rsquo;hui plus que jamais une vigilance accrue et une protection renforc\u00e9e. Les derni\u00e8res ann\u00e9es ont d&rsquo;ailleurs \u00e9t\u00e9 marqu\u00e9es par un regain sensible de valorisation des produits issus de la for\u00eat : li\u00e8ge, bois, plantes m\u00e9dicinales, cosm\u00e9tiques et tourisme de nature attirent un nombre croissant d&rsquo;investisseurs, mettant en lumi\u00e8re le potentiel \u00e9conomique et \u00e9cologique de ces espaces.<\/p>\n\n\n\n<p><strong>Sofia Chahine<\/strong><\/p>\n","protected":false},"excerpt":{"rendered":"<p>Les h\u00e9licopt\u00e8res bombardiers d&rsquo;eau auront acc\u00e8s facilit\u00e9 aux points d&rsquo;eau. \u00c0 l&rsquo;approche de la saison des grandes chaleurs, la direction<\/p>\n","protected":false},"author":6,"featured_media":83330,"comment_status":"open","ping_status":"closed","sticky":false,"template":"","format":"standard","meta":{"colormag_page_container_layout":"default_layout","colormag_page_sidebar_layout":"default_layout","om_disable_all_campaigns":false,"_monsterinsights_skip_tracking":false,"_monsterinsights_sitenote_active":false,"_monsterinsights_sitenote_note":"","_monsterinsights_sitenote_category":0,"footnotes":"","_wpscppro_dont_share_socialmedia":false,"_wpscppro_custom_social_share_image":0,"_facebook_share_type":"default","_twitter_share_type":"default","_linkedin_share_type":"default","_pinterest_share_type":"default","_linkedin_share_type_page":"","_instagram_share_type":"default","_medium_share_type":"default","_threads_share_type":"default","_google_business_share_type":"default","_selected_social_profile":[],"_wpsp_enable_custom_social_template":false,"_wpsp_social_scheduling":{"enabled":false,"datetime":null,"platforms":[],"status":"template_only","dateOption":"today","timeOption":"now","customDays":"","customHours":"","customDate":"","customTime":"","schedulingType":"absolute"},"_wpsp_active_default_template":true},"categories":[31],"tags":[],"class_list":["post-83329","post","type-post","status-publish","format-standard","has-post-thumbnail","hentry","category-regions"],"aioseo_notices":[],"yoast_head":"<!-- This site is optimized with the Yoast SEO plugin v27.4 - https:\/\/yoast.com\/product\/yoast-seo-wordpress\/ -->\n<title>Annaba\u00a0: La campagne de pr\u00e9vention des incendies se pr\u00e9pare - La Sentinelle<\/title>\n<meta name=\"robots\" content=\"index, follow, max-snippet:-1, max-image-preview:large, max-video-preview:-1\" \/>\n<link rel=\"canonical\" href=\"https:\/\/lasentinelle.dz\/index.php\/2026\/03\/11\/annaba-la-campagne-de-prevention-des-incendies-se-prepare\/\" \/>\n<meta property=\"og:locale\" content=\"fr_FR\" \/>\n<meta property=\"og:type\" content=\"article\" \/>\n<meta property=\"og:title\" content=\"Annaba\u00a0: La campagne de pr\u00e9vention des incendies se pr\u00e9pare - La Sentinelle\" \/>\n<meta property=\"og:description\" content=\"Les h\u00e9licopt\u00e8res bombardiers d&rsquo;eau auront acc\u00e8s facilit\u00e9 aux points d&rsquo;eau. \u00c0 l&rsquo;approche de la saison des grandes chaleurs, la direction\" \/>\n<meta property=\"og:url\" content=\"https:\/\/lasentinelle.dz\/index.php\/2026\/03\/11\/annaba-la-campagne-de-prevention-des-incendies-se-prepare\/\" \/>\n<meta property=\"og:site_name\" content=\"La Sentinelle\" \/>\n<meta property=\"article:publisher\" content=\"https:\/\/www.facebook.com\/La-Sentinelle-104059864394773\" \/>\n<meta property=\"article:published_time\" content=\"2026-03-11T20:38:39+00:00\" \/>\n<meta property=\"article:modified_time\" content=\"2026-03-11T20:38:41+00:00\" \/>\n<meta property=\"og:image\" content=\"https:\/\/lasentinelle.dz\/wp-content\/uploads\/2026\/03\/helicoptere-bombardier-deau.png\" \/>\n\t<meta property=\"og:image:width\" content=\"626\" \/>\n\t<meta property=\"og:image:height\" content=\"417\" \/>\n\t<meta property=\"og:image:type\" content=\"image\/png\" \/>\n<meta name=\"author\" content=\"admin\" \/>\n<meta name=\"twitter:card\" content=\"summary_large_image\" \/>\n<meta name=\"twitter:label1\" content=\"\u00c9crit par\" \/>\n\t<meta name=\"twitter:data1\" content=\"admin\" \/>\n\t<meta name=\"twitter:label2\" content=\"Dur\u00e9e de lecture estim\u00e9e\" \/>\n\t<meta name=\"twitter:data2\" content=\"3 minutes\" \/>\n<script type=\"application\/ld+json\" class=\"yoast-schema-graph\">{\"@context\":\"https:\\\/\\\/schema.org\",\"@graph\":[{\"@type\":\"Article\",\"@id\":\"https:\\\/\\\/lasentinelle.dz\\\/index.php\\\/2026\\\/03\\\/11\\\/annaba-la-campagne-de-prevention-des-incendies-se-prepare\\\/#article\",\"isPartOf\":{\"@id\":\"https:\\\/\\\/lasentinelle.dz\\\/index.php\\\/2026\\\/03\\\/11\\\/annaba-la-campagne-de-prevention-des-incendies-se-prepare\\\/\"},\"author\":{\"name\":\"admin\",\"@id\":\"https:\\\/\\\/lasentinelle.dz\\\/#\\\/schema\\\/person\\\/729ee0024f24e0b8c5ec17232f8e8b41\"},\"headline\":\"Annaba\u00a0: La campagne de pr\u00e9vention des incendies se pr\u00e9pare\",\"datePublished\":\"2026-03-11T20:38:39+00:00\",\"dateModified\":\"2026-03-11T20:38:41+00:00\",\"mainEntityOfPage\":{\"@id\":\"https:\\\/\\\/lasentinelle.dz\\\/index.php\\\/2026\\\/03\\\/11\\\/annaba-la-campagne-de-prevention-des-incendies-se-prepare\\\/\"},\"wordCount\":524,\"commentCount\":0,\"publisher\":{\"@id\":\"https:\\\/\\\/lasentinelle.dz\\\/#organization\"},\"image\":{\"@id\":\"https:\\\/\\\/lasentinelle.dz\\\/index.php\\\/2026\\\/03\\\/11\\\/annaba-la-campagne-de-prevention-des-incendies-se-prepare\\\/#primaryimage\"},\"thumbnailUrl\":\"https:\\\/\\\/lasentinelle.dz\\\/wp-content\\\/uploads\\\/2026\\\/03\\\/helicoptere-bombardier-deau.png\",\"articleSection\":[\"R\u00e9gions\"],\"inLanguage\":\"fr-FR\",\"potentialAction\":[{\"@type\":\"CommentAction\",\"name\":\"Comment\",\"target\":[\"https:\\\/\\\/lasentinelle.dz\\\/index.php\\\/2026\\\/03\\\/11\\\/annaba-la-campagne-de-prevention-des-incendies-se-prepare\\\/#respond\"]}]},{\"@type\":\"WebPage\",\"@id\":\"https:\\\/\\\/lasentinelle.dz\\\/index.php\\\/2026\\\/03\\\/11\\\/annaba-la-campagne-de-prevention-des-incendies-se-prepare\\\/\",\"url\":\"https:\\\/\\\/lasentinelle.dz\\\/index.php\\\/2026\\\/03\\\/11\\\/annaba-la-campagne-de-prevention-des-incendies-se-prepare\\\/\",\"name\":\"Annaba\u00a0: La campagne de pr\u00e9vention des incendies se pr\u00e9pare - La Sentinelle\",\"isPartOf\":{\"@id\":\"https:\\\/\\\/lasentinelle.dz\\\/#website\"},\"primaryImageOfPage\":{\"@id\":\"https:\\\/\\\/lasentinelle.dz\\\/index.php\\\/2026\\\/03\\\/11\\\/annaba-la-campagne-de-prevention-des-incendies-se-prepare\\\/#primaryimage\"},\"image\":{\"@id\":\"https:\\\/\\\/lasentinelle.dz\\\/index.php\\\/2026\\\/03\\\/11\\\/annaba-la-campagne-de-prevention-des-incendies-se-prepare\\\/#primaryimage\"},\"thumbnailUrl\":\"https:\\\/\\\/lasentinelle.dz\\\/wp-content\\\/uploads\\\/2026\\\/03\\\/helicoptere-bombardier-deau.png\",\"datePublished\":\"2026-03-11T20:38:39+00:00\",\"dateModified\":\"2026-03-11T20:38:41+00:00\",\"breadcrumb\":{\"@id\":\"https:\\\/\\\/lasentinelle.dz\\\/index.php\\\/2026\\\/03\\\/11\\\/annaba-la-campagne-de-prevention-des-incendies-se-prepare\\\/#breadcrumb\"},\"inLanguage\":\"fr-FR\",\"potentialAction\":[{\"@type\":\"ReadAction\",\"target\":[\"https:\\\/\\\/lasentinelle.dz\\\/index.php\\\/2026\\\/03\\\/11\\\/annaba-la-campagne-de-prevention-des-incendies-se-prepare\\\/\"]}]},{\"@type\":\"ImageObject\",\"inLanguage\":\"fr-FR\",\"@id\":\"https:\\\/\\\/lasentinelle.dz\\\/index.php\\\/2026\\\/03\\\/11\\\/annaba-la-campagne-de-prevention-des-incendies-se-prepare\\\/#primaryimage\",\"url\":\"https:\\\/\\\/lasentinelle.dz\\\/wp-content\\\/uploads\\\/2026\\\/03\\\/helicoptere-bombardier-deau.png\",\"contentUrl\":\"https:\\\/\\\/lasentinelle.dz\\\/wp-content\\\/uploads\\\/2026\\\/03\\\/helicoptere-bombardier-deau.png\",\"width\":626,\"height\":417},{\"@type\":\"BreadcrumbList\",\"@id\":\"https:\\\/\\\/lasentinelle.dz\\\/index.php\\\/2026\\\/03\\\/11\\\/annaba-la-campagne-de-prevention-des-incendies-se-prepare\\\/#breadcrumb\",\"itemListElement\":[{\"@type\":\"ListItem\",\"position\":1,\"name\":\"Accueil\",\"item\":\"https:\\\/\\\/lasentinelle.dz\\\/\"},{\"@type\":\"ListItem\",\"position\":2,\"name\":\"Annaba\u00a0: La campagne de pr\u00e9vention des incendies se pr\u00e9pare\"}]},{\"@type\":\"WebSite\",\"@id\":\"https:\\\/\\\/lasentinelle.dz\\\/#website\",\"url\":\"https:\\\/\\\/lasentinelle.dz\\\/\",\"name\":\"La Sentinelle\",\"description\":\"Quotidien national d&#039;information\",\"publisher\":{\"@id\":\"https:\\\/\\\/lasentinelle.dz\\\/#organization\"},\"potentialAction\":[{\"@type\":\"SearchAction\",\"target\":{\"@type\":\"EntryPoint\",\"urlTemplate\":\"https:\\\/\\\/lasentinelle.dz\\\/?s={search_term_string}\"},\"query-input\":{\"@type\":\"PropertyValueSpecification\",\"valueRequired\":true,\"valueName\":\"search_term_string\"}}],\"inLanguage\":\"fr-FR\"},{\"@type\":\"Organization\",\"@id\":\"https:\\\/\\\/lasentinelle.dz\\\/#organization\",\"name\":\"Quotidien La Sentinelle\",\"url\":\"https:\\\/\\\/lasentinelle.dz\\\/\",\"logo\":{\"@type\":\"ImageObject\",\"inLanguage\":\"fr-FR\",\"@id\":\"https:\\\/\\\/lasentinelle.dz\\\/#\\\/schema\\\/logo\\\/image\\\/\",\"url\":\"https:\\\/\\\/lasentinelle.dz\\\/wp-content\\\/uploads\\\/2021\\\/09\\\/logo-sentinelleSLOGAN-1.png\",\"contentUrl\":\"https:\\\/\\\/lasentinelle.dz\\\/wp-content\\\/uploads\\\/2021\\\/09\\\/logo-sentinelleSLOGAN-1.png\",\"width\":615,\"height\":142,\"caption\":\"Quotidien La Sentinelle\"},\"image\":{\"@id\":\"https:\\\/\\\/lasentinelle.dz\\\/#\\\/schema\\\/logo\\\/image\\\/\"},\"sameAs\":[\"https:\\\/\\\/www.facebook.com\\\/La-Sentinelle-104059864394773\"]},{\"@type\":\"Person\",\"@id\":\"https:\\\/\\\/lasentinelle.dz\\\/#\\\/schema\\\/person\\\/729ee0024f24e0b8c5ec17232f8e8b41\",\"name\":\"admin\",\"image\":{\"@type\":\"ImageObject\",\"inLanguage\":\"fr-FR\",\"@id\":\"https:\\\/\\\/secure.gravatar.com\\\/avatar\\\/4c81fed838786e9b53f540bf46533e750f5d292099ae3b66cfc6fb1982e29df7?s=96&d=mm&r=g\",\"url\":\"https:\\\/\\\/secure.gravatar.com\\\/avatar\\\/4c81fed838786e9b53f540bf46533e750f5d292099ae3b66cfc6fb1982e29df7?s=96&d=mm&r=g\",\"contentUrl\":\"https:\\\/\\\/secure.gravatar.com\\\/avatar\\\/4c81fed838786e9b53f540bf46533e750f5d292099ae3b66cfc6fb1982e29df7?s=96&d=mm&r=g\",\"caption\":\"admin\"},\"description\":\"admin\",\"url\":\"https:\\\/\\\/lasentinelle.dz\\\/author\\\/admin\\\/\"}]}<\/script>\n<!-- \/ Yoast SEO plugin. -->","yoast_head_json":{"title":"Annaba\u00a0: La campagne de pr\u00e9vention des incendies se pr\u00e9pare - La Sentinelle","robots":{"index":"index","follow":"follow","max-snippet":"max-snippet:-1","max-image-preview":"max-image-preview:large","max-video-preview":"max-video-preview:-1"},"canonical":"https:\/\/lasentinelle.dz\/index.php\/2026\/03\/11\/annaba-la-campagne-de-prevention-des-incendies-se-prepare\/","og_locale":"fr_FR","og_type":"article","og_title":"Annaba\u00a0: La campagne de pr\u00e9vention des incendies se pr\u00e9pare - La Sentinelle","og_description":"Les h\u00e9licopt\u00e8res bombardiers d&rsquo;eau auront acc\u00e8s facilit\u00e9 aux points d&rsquo;eau. \u00c0 l&rsquo;approche de la saison des grandes chaleurs, la direction","og_url":"https:\/\/lasentinelle.dz\/index.php\/2026\/03\/11\/annaba-la-campagne-de-prevention-des-incendies-se-prepare\/","og_site_name":"La Sentinelle","article_publisher":"https:\/\/www.facebook.com\/La-Sentinelle-104059864394773","article_published_time":"2026-03-11T20:38:39+00:00","article_modified_time":"2026-03-11T20:38:41+00:00","og_image":[{"width":626,"height":417,"url":"https:\/\/lasentinelle.dz\/wp-content\/uploads\/2026\/03\/helicoptere-bombardier-deau.png","type":"image\/png"}],"author":"admin","twitter_card":"summary_large_image","twitter_misc":{"\u00c9crit par":"admin","Dur\u00e9e de lecture estim\u00e9e":"3 minutes"},"schema":{"@context":"https:\/\/schema.org","@graph":[{"@type":"Article","@id":"https:\/\/lasentinelle.dz\/index.php\/2026\/03\/11\/annaba-la-campagne-de-prevention-des-incendies-se-prepare\/#article","isPartOf":{"@id":"https:\/\/lasentinelle.dz\/index.php\/2026\/03\/11\/annaba-la-campagne-de-prevention-des-incendies-se-prepare\/"},"author":{"name":"admin","@id":"https:\/\/lasentinelle.dz\/#\/schema\/person\/729ee0024f24e0b8c5ec17232f8e8b41"},"headline":"Annaba\u00a0: La campagne de pr\u00e9vention des incendies se pr\u00e9pare","datePublished":"2026-03-11T20:38:39+00:00","dateModified":"2026-03-11T20:38:41+00:00","mainEntityOfPage":{"@id":"https:\/\/lasentinelle.dz\/index.php\/2026\/03\/11\/annaba-la-campagne-de-prevention-des-incendies-se-prepare\/"},"wordCount":524,"commentCount":0,"publisher":{"@id":"https:\/\/lasentinelle.dz\/#organization"},"image":{"@id":"https:\/\/lasentinelle.dz\/index.php\/2026\/03\/11\/annaba-la-campagne-de-prevention-des-incendies-se-prepare\/#primaryimage"},"thumbnailUrl":"https:\/\/lasentinelle.dz\/wp-content\/uploads\/2026\/03\/helicoptere-bombardier-deau.png","articleSection":["R\u00e9gions"],"inLanguage":"fr-FR","potentialAction":[{"@type":"CommentAction","name":"Comment","target":["https:\/\/lasentinelle.dz\/index.php\/2026\/03\/11\/annaba-la-campagne-de-prevention-des-incendies-se-prepare\/#respond"]}]},{"@type":"WebPage","@id":"https:\/\/lasentinelle.dz\/index.php\/2026\/03\/11\/annaba-la-campagne-de-prevention-des-incendies-se-prepare\/","url":"https:\/\/lasentinelle.dz\/index.php\/2026\/03\/11\/annaba-la-campagne-de-prevention-des-incendies-se-prepare\/","name":"Annaba\u00a0: La campagne de pr\u00e9vention des incendies se pr\u00e9pare - La Sentinelle","isPartOf":{"@id":"https:\/\/lasentinelle.dz\/#website"},"primaryImageOfPage":{"@id":"https:\/\/lasentinelle.dz\/index.php\/2026\/03\/11\/annaba-la-campagne-de-prevention-des-incendies-se-prepare\/#primaryimage"},"image":{"@id":"https:\/\/lasentinelle.dz\/index.php\/2026\/03\/11\/annaba-la-campagne-de-prevention-des-incendies-se-prepare\/#primaryimage"},"thumbnailUrl":"https:\/\/lasentinelle.dz\/wp-content\/uploads\/2026\/03\/helicoptere-bombardier-deau.png","datePublished":"2026-03-11T20:38:39+00:00","dateModified":"2026-03-11T20:38:41+00:00","breadcrumb":{"@id":"https:\/\/lasentinelle.dz\/index.php\/2026\/03\/11\/annaba-la-campagne-de-prevention-des-incendies-se-prepare\/#breadcrumb"},"inLanguage":"fr-FR","potentialAction":[{"@type":"ReadAction","target":["https:\/\/lasentinelle.dz\/index.php\/2026\/03\/11\/annaba-la-campagne-de-prevention-des-incendies-se-prepare\/"]}]},{"@type":"ImageObject","inLanguage":"fr-FR","@id":"https:\/\/lasentinelle.dz\/index.php\/2026\/03\/11\/annaba-la-campagne-de-prevention-des-incendies-se-prepare\/#primaryimage","url":"https:\/\/lasentinelle.dz\/wp-content\/uploads\/2026\/03\/helicoptere-bombardier-deau.png","contentUrl":"https:\/\/lasentinelle.dz\/wp-content\/uploads\/2026\/03\/helicoptere-bombardier-deau.png","width":626,"height":417},{"@type":"BreadcrumbList","@id":"https:\/\/lasentinelle.dz\/index.php\/2026\/03\/11\/annaba-la-campagne-de-prevention-des-incendies-se-prepare\/#breadcrumb","itemListElement":[{"@type":"ListItem","position":1,"name":"Accueil","item":"https:\/\/lasentinelle.dz\/"},{"@type":"ListItem","position":2,"name":"Annaba\u00a0: La campagne de pr\u00e9vention des incendies se pr\u00e9pare"}]},{"@type":"WebSite","@id":"https:\/\/lasentinelle.dz\/#website","url":"https:\/\/lasentinelle.dz\/","name":"La Sentinelle","description":"Quotidien national d&#039;information","publisher":{"@id":"https:\/\/lasentinelle.dz\/#organization"},"potentialAction":[{"@type":"SearchAction","target":{"@type":"EntryPoint","urlTemplate":"https:\/\/lasentinelle.dz\/?s={search_term_string}"},"query-input":{"@type":"PropertyValueSpecification","valueRequired":true,"valueName":"search_term_string"}}],"inLanguage":"fr-FR"},{"@type":"Organization","@id":"https:\/\/lasentinelle.dz\/#organization","name":"Quotidien La Sentinelle","url":"https:\/\/lasentinelle.dz\/","logo":{"@type":"ImageObject","inLanguage":"fr-FR","@id":"https:\/\/lasentinelle.dz\/#\/schema\/logo\/image\/","url":"https:\/\/lasentinelle.dz\/wp-content\/uploads\/2021\/09\/logo-sentinelleSLOGAN-1.png","contentUrl":"https:\/\/lasentinelle.dz\/wp-content\/uploads\/2021\/09\/logo-sentinelleSLOGAN-1.png","width":615,"height":142,"caption":"Quotidien La Sentinelle"},"image":{"@id":"https:\/\/lasentinelle.dz\/#\/schema\/logo\/image\/"},"sameAs":["https:\/\/www.facebook.com\/La-Sentinelle-104059864394773"]},{"@type":"Person","@id":"https:\/\/lasentinelle.dz\/#\/schema\/person\/729ee0024f24e0b8c5ec17232f8e8b41","name":"admin","image":{"@type":"ImageObject","inLanguage":"fr-FR","@id":"https:\/\/secure.gravatar.com\/avatar\/4c81fed838786e9b53f540bf46533e750f5d292099ae3b66cfc6fb1982e29df7?s=96&d=mm&r=g","url":"https:\/\/secure.gravatar.com\/avatar\/4c81fed838786e9b53f540bf46533e750f5d292099ae3b66cfc6fb1982e29df7?s=96&d=mm&r=g","contentUrl":"https:\/\/secure.gravatar.com\/avatar\/4c81fed838786e9b53f540bf46533e750f5d292099ae3b66cfc6fb1982e29df7?s=96&d=mm&r=g","caption":"admin"},"description":"admin","url":"https:\/\/lasentinelle.dz\/author\/admin\/"}]}},"_links":{"self":[{"href":"https:\/\/lasentinelle.dz\/index.php\/wp-json\/wp\/v2\/posts\/83329","targetHints":{"allow":["GET"]}}],"collection":[{"href":"https:\/\/lasentinelle.dz\/index.php\/wp-json\/wp\/v2\/posts"}],"about":[{"href":"https:\/\/lasentinelle.dz\/index.php\/wp-json\/wp\/v2\/types\/post"}],"author":[{"embeddable":true,"href":"https:\/\/lasentinelle.dz\/index.php\/wp-json\/wp\/v2\/users\/6"}],"replies":[{"embeddable":true,"href":"https:\/\/lasentinelle.dz\/index.php\/wp-json\/wp\/v2\/comments?post=83329"}],"version-history":[{"count":1,"href":"https:\/\/lasentinelle.dz\/index.php\/wp-json\/wp\/v2\/posts\/83329\/revisions"}],"predecessor-version":[{"id":83331,"href":"https:\/\/lasentinelle.dz\/index.php\/wp-json\/wp\/v2\/posts\/83329\/revisions\/83331"}],"wp:featuredmedia":[{"embeddable":true,"href":"https:\/\/lasentinelle.dz\/index.php\/wp-json\/wp\/v2\/media\/83330"}],"wp:attachment":[{"href":"https:\/\/lasentinelle.dz\/index.php\/wp-json\/wp\/v2\/media?parent=83329"}],"wp:term":[{"taxonomy":"category","embeddable":true,"href":"https:\/\/lasentinelle.dz\/index.php\/wp-json\/wp\/v2\/categories?post=83329"},{"taxonomy":"post_tag","embeddable":true,"href":"https:\/\/lasentinelle.dz\/index.php\/wp-json\/wp\/v2\/tags?post=83329"}],"curies":[{"name":"wp","href":"https:\/\/api.w.org\/{rel}","templated":true}]}}