{"id":83338,"date":"2026-03-11T21:42:44","date_gmt":"2026-03-11T20:42:44","guid":{"rendered":"https:\/\/lasentinelle.dz\/?p=83338"},"modified":"2026-03-11T21:42:45","modified_gmt":"2026-03-11T20:42:45","slug":"guerre-cognitive-baddari-appelle-a-forger-une-societe-algerienne-cognitivement-souveraine","status":"publish","type":"post","link":"https:\/\/lasentinelle.dz\/index.php\/2026\/03\/11\/guerre-cognitive-baddari-appelle-a-forger-une-societe-algerienne-cognitivement-souveraine\/","title":{"rendered":"Guerre cognitive\u00a0: Baddari appelle \u00e0 forger une soci\u00e9t\u00e9 alg\u00e9rienne \u00ab cognitivement souveraine \u00bb"},"content":{"rendered":"\n<p>\u00c0 l&rsquo;heure o\u00f9 les algorithmes et l&rsquo;intelligence artificielle sont devenus des armes de d\u00e9stabilisation aussi redoutables que les chars et les missiles, le ministre de l&rsquo;Enseignement sup\u00e9rieur et de la Recherche scientifique, Kamel Baddari, tire la sonnette d&rsquo;alarme.<\/p>\n\n\n\n<p>Dans une contribution publi\u00e9e mardi dans les colonnes du quotidien <em>Le Soir d&rsquo;Alg\u00e9rie<\/em>, le professeur \u00e9m\u00e9rite des universit\u00e9s appelle l&rsquo;Alg\u00e9rie \u00e0 se doter d&rsquo;un environnement num\u00e9rique hautement r\u00e9silient pour r\u00e9sister \u00e0 la \u00ab guerre cognitive \u00bb \u2014 un conflit silencieux mais d\u00e9vastateur qui cible non plus les corps, mais les esprits. Dans ce texte intitul\u00e9 \u00ab La guerre cognitive, vecteur de d\u00e9stabilisation mentale d&rsquo;une soci\u00e9t\u00e9 \u00bb, le ministre pose d&#8217;embl\u00e9e la distinction fondamentale entre guerre classique et guerre cognitive. L\u00e0 o\u00f9 la premi\u00e8re cherche \u00e0 conqu\u00e9rir un territoire, la seconde vise, selon lui, \u00ab l&rsquo;instrumentalisation de l&rsquo;opinion publique par des actions hostiles avec l&rsquo;objectif de d\u00e9sorganiser mentalement une soci\u00e9t\u00e9 par l&rsquo;usage massif de l&rsquo;intelligence artificielle, des r\u00e9seaux sociaux, des deepfakes pour la manipulation de l&rsquo;information et l&rsquo;affaiblissement de la confiance en soi et des institutions \u00bb. Une d\u00e9finition qui situe d&#8217;embl\u00e9e l&rsquo;enjeu \u00e0 sa juste mesure : il ne s&rsquo;agit plus seulement de prot\u00e9ger des fronti\u00e8res g\u00e9ographiques, mais de d\u00e9fendre l&rsquo;int\u00e9grit\u00e9 mentale et identitaire d&rsquo;une nation. La jeunesse alg\u00e9rienne se trouve en premi\u00e8re ligne de ce champ de bataille invisible. M. Baddari insiste sur \u00ab l&rsquo;obligation de prot\u00e9ger la jeunesse, les infrastructures et l&rsquo;\u00e9conomie contre les \u00c9tats et les individus malveillants qui utilisent cette technologie pour manipuler l&rsquo;opinion publique, diffuser de la d\u00e9sinformation et briser le moral des jeunes qui ne mesurent toujours pas les risques encourus dans leurs pratiques \u00bb. Ce constat n&rsquo;est pas anodin dans un pays o\u00f9 la population est jeune, massivement connect\u00e9e et grande consommatrice de plateformes num\u00e9riques dont les centres de d\u00e9cision se trouvent \u00e0 des milliers de kilom\u00e8tres des fronti\u00e8res alg\u00e9riennes. Le ministre pointe avec pr\u00e9cision les m\u00e9canismes de cette guerre de l&rsquo;ombre. \u00ab Les r\u00e9seaux sociaux repr\u00e9sentent pour les entit\u00e9s ou individus hostiles \u00e0 l&rsquo;Alg\u00e9rie un vecteur essentiel pour fa\u00e7onner plus discr\u00e8tement les opinions publiques \u00bb, \u00e9crit-il, ajoutant que \u00ab l&rsquo;instrumentalisation de l&rsquo;histoire nationale et de l&rsquo;identit\u00e9 collective constitue le fondement m\u00eame des desseins funestes de ces entit\u00e9s et individus \u00bb. Une offensive qui prend des formes vari\u00e9es et insidieuses : \u00ab La question identitaire est instrumentalis\u00e9e comme outil de mobilisation \u00e9motionnelle fond\u00e9 sur des rep\u00e8res de division r\u00e9invent\u00e9s pour opposer les populations des diff\u00e9rentes r\u00e9gions du pays et jeter l&rsquo;opprobre sur l&rsquo;histoire de la glorieuse lutte de lib\u00e9ration nationale, tandis que la normalisation de discours empreints de violence vise \u00e0 favoriser la critique destructrice. \u00bb Face \u00e0 ces menaces, Kamel Baddari ne se contente pas du diagnostic. Il propose une doctrine de r\u00e9sistance articul\u00e9e autour de plusieurs axes. Le premier, et le plus structurant, est la construction d&rsquo;\u00ab un environnement num\u00e9rique hautement r\u00e9silient o\u00f9, id\u00e9alement, la guerre cognitive n&rsquo;est ni tol\u00e9r\u00e9e ni banalis\u00e9e et o\u00f9 la population dans son ensemble refuse cette violence et participe activement \u00e0 sa pr\u00e9vention \u00bb. Cette vision implique une mobilisation qui d\u00e9passe les seules institutions \u00e9tatiques pour embrasser l&rsquo;ensemble de la soci\u00e9t\u00e9. Sur le plan op\u00e9rationnel, le ministre pr\u00e9conise la mise en place d&rsquo;\u00ab une veille cognitive nationale permettant l&rsquo;anticipation plut\u00f4t que la r\u00e9action, le renforcement de la coop\u00e9ration intersectorielle et la coop\u00e9ration internationale avec des pays fiables \u00e0 travers des m\u00e9canismes de partage d&rsquo;informations, de formations conjointes et d&rsquo;exercices de simulation \u00bb. Une approche qui emprunte au vocabulaire militaire pour mieux l&rsquo;appliquer au domaine informationnel, signe que la fronti\u00e8re entre d\u00e9fense nationale et souverainet\u00e9 num\u00e9rique est d\u00e9sormais poreuse. Mais c&rsquo;est peut-\u00eatre dans son ambition finale que la contribution de M. Baddari trouve sa port\u00e9e la plus significative. \u00ab L&rsquo;enjeu pour l&rsquo;Alg\u00e9rie, et elle en a les capacit\u00e9s, n&rsquo;est pas seulement de se d\u00e9fendre, mais de former une soci\u00e9t\u00e9 cognitivement souveraine \u00bb, affirme-t-il, appelant \u00e0 \u00ab investir \u00bb dans la r\u00e9silience cognitive pour \u00ab faire face aux conflits du futur, renforcer l&rsquo;unit\u00e9 nationale et s\u00e9curiser le d\u00e9veloppement \u00e0 long terme \u00bb. Le concept de souverainet\u00e9 cognitive, encore peu usit\u00e9 dans le d\u00e9bat public alg\u00e9rien, prend ici une dimension programmatique : il ne s&rsquo;agit plus seulement de contrer la d\u00e9sinformation au coup par coup, mais de b\u00e2tir une soci\u00e9t\u00e9 capable de penser par elle-m\u00eame, de distinguer le vrai du faux et de r\u00e9sister aux manipulations de toute origine.<\/p>\n\n\n\n<p>La prise de parole d&rsquo;un ministre de l&rsquo;Enseignement sup\u00e9rieur sur ce terrain r\u00e9v\u00e8le aussi une conviction : c&rsquo;est \u00e0 l&rsquo;universit\u00e9, aux chercheurs et aux formateurs que revient une part d\u00e9cisive de cette bataille. Former des esprits critiques, outiller les citoyens face aux d\u00e9rives de l&rsquo;\u00e8re num\u00e9rique, produire des contenus locaux \u00e0 m\u00eame de r\u00e9pondre aux aspirations de la jeunesse \u2014 autant de missions qui, dans la vision de Kamel Baddari, rel\u00e8vent d\u00e9sormais autant de la s\u00e9curit\u00e9 nationale que du projet \u00e9ducatif.<\/p>\n\n\n\n<p>Salim Amokrane<\/p>\n","protected":false},"excerpt":{"rendered":"<p>\u00c0 l&rsquo;heure o\u00f9 les algorithmes et l&rsquo;intelligence artificielle sont devenus des armes de d\u00e9stabilisation aussi redoutables que les chars et<\/p>\n","protected":false},"author":6,"featured_media":83339,"comment_status":"open","ping_status":"closed","sticky":false,"template":"","format":"standard","meta":{"colormag_page_container_layout":"default_layout","colormag_page_sidebar_layout":"default_layout","om_disable_all_campaigns":false,"_monsterinsights_skip_tracking":false,"_monsterinsights_sitenote_active":false,"_monsterinsights_sitenote_note":"","_monsterinsights_sitenote_category":0,"footnotes":"","_wpscppro_dont_share_socialmedia":false,"_wpscppro_custom_social_share_image":0,"_facebook_share_type":"default","_twitter_share_type":"default","_linkedin_share_type":"default","_pinterest_share_type":"default","_linkedin_share_type_page":"","_instagram_share_type":"default","_medium_share_type":"default","_threads_share_type":"default","_google_business_share_type":"default","_selected_social_profile":[],"_wpsp_enable_custom_social_template":false,"_wpsp_social_scheduling":{"enabled":false,"datetime":null,"platforms":[],"status":"template_only","dateOption":"today","timeOption":"now","customDays":"","customHours":"","customDate":"","customTime":"","schedulingType":"absolute"},"_wpsp_active_default_template":true},"categories":[27],"tags":[],"class_list":["post-83338","post","type-post","status-publish","format-standard","has-post-thumbnail","hentry","category-actualite"],"aioseo_notices":[],"yoast_head":"<!-- This site is optimized with the Yoast SEO plugin v27.4 - https:\/\/yoast.com\/product\/yoast-seo-wordpress\/ -->\n<title>Guerre cognitive\u00a0: Baddari appelle \u00e0 forger une soci\u00e9t\u00e9 alg\u00e9rienne \u00ab cognitivement souveraine \u00bb - La Sentinelle<\/title>\n<meta name=\"robots\" content=\"index, follow, max-snippet:-1, max-image-preview:large, max-video-preview:-1\" \/>\n<link rel=\"canonical\" href=\"https:\/\/lasentinelle.dz\/index.php\/2026\/03\/11\/guerre-cognitive-baddari-appelle-a-forger-une-societe-algerienne-cognitivement-souveraine\/\" \/>\n<meta property=\"og:locale\" content=\"fr_FR\" \/>\n<meta property=\"og:type\" content=\"article\" \/>\n<meta property=\"og:title\" content=\"Guerre cognitive\u00a0: Baddari appelle \u00e0 forger une soci\u00e9t\u00e9 alg\u00e9rienne \u00ab cognitivement souveraine \u00bb - La Sentinelle\" \/>\n<meta property=\"og:description\" content=\"\u00c0 l&rsquo;heure o\u00f9 les algorithmes et l&rsquo;intelligence artificielle sont devenus des armes de d\u00e9stabilisation aussi redoutables que les chars et\" \/>\n<meta property=\"og:url\" content=\"https:\/\/lasentinelle.dz\/index.php\/2026\/03\/11\/guerre-cognitive-baddari-appelle-a-forger-une-societe-algerienne-cognitivement-souveraine\/\" \/>\n<meta property=\"og:site_name\" content=\"La Sentinelle\" \/>\n<meta property=\"article:publisher\" content=\"https:\/\/www.facebook.com\/La-Sentinelle-104059864394773\" \/>\n<meta property=\"article:published_time\" content=\"2026-03-11T20:42:44+00:00\" \/>\n<meta property=\"article:modified_time\" content=\"2026-03-11T20:42:45+00:00\" \/>\n<meta property=\"og:image\" content=\"https:\/\/lasentinelle.dz\/wp-content\/uploads\/2026\/03\/guerre-cognitive.jpeg\" \/>\n\t<meta property=\"og:image:width\" content=\"328\" \/>\n\t<meta property=\"og:image:height\" content=\"154\" \/>\n\t<meta property=\"og:image:type\" content=\"image\/jpeg\" \/>\n<meta name=\"author\" content=\"admin\" \/>\n<meta name=\"twitter:card\" content=\"summary_large_image\" \/>\n<meta name=\"twitter:label1\" content=\"\u00c9crit par\" \/>\n\t<meta name=\"twitter:data1\" content=\"admin\" \/>\n\t<meta name=\"twitter:label2\" content=\"Dur\u00e9e de lecture estim\u00e9e\" \/>\n\t<meta name=\"twitter:data2\" content=\"5 minutes\" \/>\n<script type=\"application\/ld+json\" class=\"yoast-schema-graph\">{\"@context\":\"https:\\\/\\\/schema.org\",\"@graph\":[{\"@type\":\"Article\",\"@id\":\"https:\\\/\\\/lasentinelle.dz\\\/index.php\\\/2026\\\/03\\\/11\\\/guerre-cognitive-baddari-appelle-a-forger-une-societe-algerienne-cognitivement-souveraine\\\/#article\",\"isPartOf\":{\"@id\":\"https:\\\/\\\/lasentinelle.dz\\\/index.php\\\/2026\\\/03\\\/11\\\/guerre-cognitive-baddari-appelle-a-forger-une-societe-algerienne-cognitivement-souveraine\\\/\"},\"author\":{\"name\":\"admin\",\"@id\":\"https:\\\/\\\/lasentinelle.dz\\\/#\\\/schema\\\/person\\\/729ee0024f24e0b8c5ec17232f8e8b41\"},\"headline\":\"Guerre cognitive\u00a0: Baddari appelle \u00e0 forger une soci\u00e9t\u00e9 alg\u00e9rienne \u00ab cognitivement souveraine \u00bb\",\"datePublished\":\"2026-03-11T20:42:44+00:00\",\"dateModified\":\"2026-03-11T20:42:45+00:00\",\"mainEntityOfPage\":{\"@id\":\"https:\\\/\\\/lasentinelle.dz\\\/index.php\\\/2026\\\/03\\\/11\\\/guerre-cognitive-baddari-appelle-a-forger-une-societe-algerienne-cognitivement-souveraine\\\/\"},\"wordCount\":922,\"commentCount\":0,\"publisher\":{\"@id\":\"https:\\\/\\\/lasentinelle.dz\\\/#organization\"},\"image\":{\"@id\":\"https:\\\/\\\/lasentinelle.dz\\\/index.php\\\/2026\\\/03\\\/11\\\/guerre-cognitive-baddari-appelle-a-forger-une-societe-algerienne-cognitivement-souveraine\\\/#primaryimage\"},\"thumbnailUrl\":\"https:\\\/\\\/lasentinelle.dz\\\/wp-content\\\/uploads\\\/2026\\\/03\\\/guerre-cognitive.jpeg\",\"articleSection\":[\"Actualit\u00e9\"],\"inLanguage\":\"fr-FR\",\"potentialAction\":[{\"@type\":\"CommentAction\",\"name\":\"Comment\",\"target\":[\"https:\\\/\\\/lasentinelle.dz\\\/index.php\\\/2026\\\/03\\\/11\\\/guerre-cognitive-baddari-appelle-a-forger-une-societe-algerienne-cognitivement-souveraine\\\/#respond\"]}]},{\"@type\":\"WebPage\",\"@id\":\"https:\\\/\\\/lasentinelle.dz\\\/index.php\\\/2026\\\/03\\\/11\\\/guerre-cognitive-baddari-appelle-a-forger-une-societe-algerienne-cognitivement-souveraine\\\/\",\"url\":\"https:\\\/\\\/lasentinelle.dz\\\/index.php\\\/2026\\\/03\\\/11\\\/guerre-cognitive-baddari-appelle-a-forger-une-societe-algerienne-cognitivement-souveraine\\\/\",\"name\":\"Guerre cognitive\u00a0: Baddari appelle \u00e0 forger une soci\u00e9t\u00e9 alg\u00e9rienne \u00ab cognitivement souveraine \u00bb - La Sentinelle\",\"isPartOf\":{\"@id\":\"https:\\\/\\\/lasentinelle.dz\\\/#website\"},\"primaryImageOfPage\":{\"@id\":\"https:\\\/\\\/lasentinelle.dz\\\/index.php\\\/2026\\\/03\\\/11\\\/guerre-cognitive-baddari-appelle-a-forger-une-societe-algerienne-cognitivement-souveraine\\\/#primaryimage\"},\"image\":{\"@id\":\"https:\\\/\\\/lasentinelle.dz\\\/index.php\\\/2026\\\/03\\\/11\\\/guerre-cognitive-baddari-appelle-a-forger-une-societe-algerienne-cognitivement-souveraine\\\/#primaryimage\"},\"thumbnailUrl\":\"https:\\\/\\\/lasentinelle.dz\\\/wp-content\\\/uploads\\\/2026\\\/03\\\/guerre-cognitive.jpeg\",\"datePublished\":\"2026-03-11T20:42:44+00:00\",\"dateModified\":\"2026-03-11T20:42:45+00:00\",\"breadcrumb\":{\"@id\":\"https:\\\/\\\/lasentinelle.dz\\\/index.php\\\/2026\\\/03\\\/11\\\/guerre-cognitive-baddari-appelle-a-forger-une-societe-algerienne-cognitivement-souveraine\\\/#breadcrumb\"},\"inLanguage\":\"fr-FR\",\"potentialAction\":[{\"@type\":\"ReadAction\",\"target\":[\"https:\\\/\\\/lasentinelle.dz\\\/index.php\\\/2026\\\/03\\\/11\\\/guerre-cognitive-baddari-appelle-a-forger-une-societe-algerienne-cognitivement-souveraine\\\/\"]}]},{\"@type\":\"ImageObject\",\"inLanguage\":\"fr-FR\",\"@id\":\"https:\\\/\\\/lasentinelle.dz\\\/index.php\\\/2026\\\/03\\\/11\\\/guerre-cognitive-baddari-appelle-a-forger-une-societe-algerienne-cognitivement-souveraine\\\/#primaryimage\",\"url\":\"https:\\\/\\\/lasentinelle.dz\\\/wp-content\\\/uploads\\\/2026\\\/03\\\/guerre-cognitive.jpeg\",\"contentUrl\":\"https:\\\/\\\/lasentinelle.dz\\\/wp-content\\\/uploads\\\/2026\\\/03\\\/guerre-cognitive.jpeg\",\"width\":328,\"height\":154},{\"@type\":\"BreadcrumbList\",\"@id\":\"https:\\\/\\\/lasentinelle.dz\\\/index.php\\\/2026\\\/03\\\/11\\\/guerre-cognitive-baddari-appelle-a-forger-une-societe-algerienne-cognitivement-souveraine\\\/#breadcrumb\",\"itemListElement\":[{\"@type\":\"ListItem\",\"position\":1,\"name\":\"Accueil\",\"item\":\"https:\\\/\\\/lasentinelle.dz\\\/\"},{\"@type\":\"ListItem\",\"position\":2,\"name\":\"Guerre cognitive\u00a0: Baddari appelle \u00e0 forger une soci\u00e9t\u00e9 alg\u00e9rienne \u00ab cognitivement souveraine \u00bb\"}]},{\"@type\":\"WebSite\",\"@id\":\"https:\\\/\\\/lasentinelle.dz\\\/#website\",\"url\":\"https:\\\/\\\/lasentinelle.dz\\\/\",\"name\":\"La Sentinelle\",\"description\":\"Quotidien national d&#039;information\",\"publisher\":{\"@id\":\"https:\\\/\\\/lasentinelle.dz\\\/#organization\"},\"potentialAction\":[{\"@type\":\"SearchAction\",\"target\":{\"@type\":\"EntryPoint\",\"urlTemplate\":\"https:\\\/\\\/lasentinelle.dz\\\/?s={search_term_string}\"},\"query-input\":{\"@type\":\"PropertyValueSpecification\",\"valueRequired\":true,\"valueName\":\"search_term_string\"}}],\"inLanguage\":\"fr-FR\"},{\"@type\":\"Organization\",\"@id\":\"https:\\\/\\\/lasentinelle.dz\\\/#organization\",\"name\":\"Quotidien La Sentinelle\",\"url\":\"https:\\\/\\\/lasentinelle.dz\\\/\",\"logo\":{\"@type\":\"ImageObject\",\"inLanguage\":\"fr-FR\",\"@id\":\"https:\\\/\\\/lasentinelle.dz\\\/#\\\/schema\\\/logo\\\/image\\\/\",\"url\":\"https:\\\/\\\/lasentinelle.dz\\\/wp-content\\\/uploads\\\/2021\\\/09\\\/logo-sentinelleSLOGAN-1.png\",\"contentUrl\":\"https:\\\/\\\/lasentinelle.dz\\\/wp-content\\\/uploads\\\/2021\\\/09\\\/logo-sentinelleSLOGAN-1.png\",\"width\":615,\"height\":142,\"caption\":\"Quotidien La Sentinelle\"},\"image\":{\"@id\":\"https:\\\/\\\/lasentinelle.dz\\\/#\\\/schema\\\/logo\\\/image\\\/\"},\"sameAs\":[\"https:\\\/\\\/www.facebook.com\\\/La-Sentinelle-104059864394773\"]},{\"@type\":\"Person\",\"@id\":\"https:\\\/\\\/lasentinelle.dz\\\/#\\\/schema\\\/person\\\/729ee0024f24e0b8c5ec17232f8e8b41\",\"name\":\"admin\",\"image\":{\"@type\":\"ImageObject\",\"inLanguage\":\"fr-FR\",\"@id\":\"https:\\\/\\\/secure.gravatar.com\\\/avatar\\\/4c81fed838786e9b53f540bf46533e750f5d292099ae3b66cfc6fb1982e29df7?s=96&d=mm&r=g\",\"url\":\"https:\\\/\\\/secure.gravatar.com\\\/avatar\\\/4c81fed838786e9b53f540bf46533e750f5d292099ae3b66cfc6fb1982e29df7?s=96&d=mm&r=g\",\"contentUrl\":\"https:\\\/\\\/secure.gravatar.com\\\/avatar\\\/4c81fed838786e9b53f540bf46533e750f5d292099ae3b66cfc6fb1982e29df7?s=96&d=mm&r=g\",\"caption\":\"admin\"},\"description\":\"admin\",\"url\":\"https:\\\/\\\/lasentinelle.dz\\\/author\\\/admin\\\/\"}]}<\/script>\n<!-- \/ Yoast SEO plugin. -->","yoast_head_json":{"title":"Guerre cognitive\u00a0: Baddari appelle \u00e0 forger une soci\u00e9t\u00e9 alg\u00e9rienne \u00ab cognitivement souveraine \u00bb - La Sentinelle","robots":{"index":"index","follow":"follow","max-snippet":"max-snippet:-1","max-image-preview":"max-image-preview:large","max-video-preview":"max-video-preview:-1"},"canonical":"https:\/\/lasentinelle.dz\/index.php\/2026\/03\/11\/guerre-cognitive-baddari-appelle-a-forger-une-societe-algerienne-cognitivement-souveraine\/","og_locale":"fr_FR","og_type":"article","og_title":"Guerre cognitive\u00a0: Baddari appelle \u00e0 forger une soci\u00e9t\u00e9 alg\u00e9rienne \u00ab cognitivement souveraine \u00bb - La Sentinelle","og_description":"\u00c0 l&rsquo;heure o\u00f9 les algorithmes et l&rsquo;intelligence artificielle sont devenus des armes de d\u00e9stabilisation aussi redoutables que les chars et","og_url":"https:\/\/lasentinelle.dz\/index.php\/2026\/03\/11\/guerre-cognitive-baddari-appelle-a-forger-une-societe-algerienne-cognitivement-souveraine\/","og_site_name":"La Sentinelle","article_publisher":"https:\/\/www.facebook.com\/La-Sentinelle-104059864394773","article_published_time":"2026-03-11T20:42:44+00:00","article_modified_time":"2026-03-11T20:42:45+00:00","og_image":[{"width":328,"height":154,"url":"https:\/\/lasentinelle.dz\/wp-content\/uploads\/2026\/03\/guerre-cognitive.jpeg","type":"image\/jpeg"}],"author":"admin","twitter_card":"summary_large_image","twitter_misc":{"\u00c9crit par":"admin","Dur\u00e9e de lecture estim\u00e9e":"5 minutes"},"schema":{"@context":"https:\/\/schema.org","@graph":[{"@type":"Article","@id":"https:\/\/lasentinelle.dz\/index.php\/2026\/03\/11\/guerre-cognitive-baddari-appelle-a-forger-une-societe-algerienne-cognitivement-souveraine\/#article","isPartOf":{"@id":"https:\/\/lasentinelle.dz\/index.php\/2026\/03\/11\/guerre-cognitive-baddari-appelle-a-forger-une-societe-algerienne-cognitivement-souveraine\/"},"author":{"name":"admin","@id":"https:\/\/lasentinelle.dz\/#\/schema\/person\/729ee0024f24e0b8c5ec17232f8e8b41"},"headline":"Guerre cognitive\u00a0: Baddari appelle \u00e0 forger une soci\u00e9t\u00e9 alg\u00e9rienne \u00ab cognitivement souveraine \u00bb","datePublished":"2026-03-11T20:42:44+00:00","dateModified":"2026-03-11T20:42:45+00:00","mainEntityOfPage":{"@id":"https:\/\/lasentinelle.dz\/index.php\/2026\/03\/11\/guerre-cognitive-baddari-appelle-a-forger-une-societe-algerienne-cognitivement-souveraine\/"},"wordCount":922,"commentCount":0,"publisher":{"@id":"https:\/\/lasentinelle.dz\/#organization"},"image":{"@id":"https:\/\/lasentinelle.dz\/index.php\/2026\/03\/11\/guerre-cognitive-baddari-appelle-a-forger-une-societe-algerienne-cognitivement-souveraine\/#primaryimage"},"thumbnailUrl":"https:\/\/lasentinelle.dz\/wp-content\/uploads\/2026\/03\/guerre-cognitive.jpeg","articleSection":["Actualit\u00e9"],"inLanguage":"fr-FR","potentialAction":[{"@type":"CommentAction","name":"Comment","target":["https:\/\/lasentinelle.dz\/index.php\/2026\/03\/11\/guerre-cognitive-baddari-appelle-a-forger-une-societe-algerienne-cognitivement-souveraine\/#respond"]}]},{"@type":"WebPage","@id":"https:\/\/lasentinelle.dz\/index.php\/2026\/03\/11\/guerre-cognitive-baddari-appelle-a-forger-une-societe-algerienne-cognitivement-souveraine\/","url":"https:\/\/lasentinelle.dz\/index.php\/2026\/03\/11\/guerre-cognitive-baddari-appelle-a-forger-une-societe-algerienne-cognitivement-souveraine\/","name":"Guerre cognitive\u00a0: Baddari appelle \u00e0 forger une soci\u00e9t\u00e9 alg\u00e9rienne \u00ab cognitivement souveraine \u00bb - La Sentinelle","isPartOf":{"@id":"https:\/\/lasentinelle.dz\/#website"},"primaryImageOfPage":{"@id":"https:\/\/lasentinelle.dz\/index.php\/2026\/03\/11\/guerre-cognitive-baddari-appelle-a-forger-une-societe-algerienne-cognitivement-souveraine\/#primaryimage"},"image":{"@id":"https:\/\/lasentinelle.dz\/index.php\/2026\/03\/11\/guerre-cognitive-baddari-appelle-a-forger-une-societe-algerienne-cognitivement-souveraine\/#primaryimage"},"thumbnailUrl":"https:\/\/lasentinelle.dz\/wp-content\/uploads\/2026\/03\/guerre-cognitive.jpeg","datePublished":"2026-03-11T20:42:44+00:00","dateModified":"2026-03-11T20:42:45+00:00","breadcrumb":{"@id":"https:\/\/lasentinelle.dz\/index.php\/2026\/03\/11\/guerre-cognitive-baddari-appelle-a-forger-une-societe-algerienne-cognitivement-souveraine\/#breadcrumb"},"inLanguage":"fr-FR","potentialAction":[{"@type":"ReadAction","target":["https:\/\/lasentinelle.dz\/index.php\/2026\/03\/11\/guerre-cognitive-baddari-appelle-a-forger-une-societe-algerienne-cognitivement-souveraine\/"]}]},{"@type":"ImageObject","inLanguage":"fr-FR","@id":"https:\/\/lasentinelle.dz\/index.php\/2026\/03\/11\/guerre-cognitive-baddari-appelle-a-forger-une-societe-algerienne-cognitivement-souveraine\/#primaryimage","url":"https:\/\/lasentinelle.dz\/wp-content\/uploads\/2026\/03\/guerre-cognitive.jpeg","contentUrl":"https:\/\/lasentinelle.dz\/wp-content\/uploads\/2026\/03\/guerre-cognitive.jpeg","width":328,"height":154},{"@type":"BreadcrumbList","@id":"https:\/\/lasentinelle.dz\/index.php\/2026\/03\/11\/guerre-cognitive-baddari-appelle-a-forger-une-societe-algerienne-cognitivement-souveraine\/#breadcrumb","itemListElement":[{"@type":"ListItem","position":1,"name":"Accueil","item":"https:\/\/lasentinelle.dz\/"},{"@type":"ListItem","position":2,"name":"Guerre cognitive\u00a0: Baddari appelle \u00e0 forger une soci\u00e9t\u00e9 alg\u00e9rienne \u00ab cognitivement souveraine \u00bb"}]},{"@type":"WebSite","@id":"https:\/\/lasentinelle.dz\/#website","url":"https:\/\/lasentinelle.dz\/","name":"La Sentinelle","description":"Quotidien national d&#039;information","publisher":{"@id":"https:\/\/lasentinelle.dz\/#organization"},"potentialAction":[{"@type":"SearchAction","target":{"@type":"EntryPoint","urlTemplate":"https:\/\/lasentinelle.dz\/?s={search_term_string}"},"query-input":{"@type":"PropertyValueSpecification","valueRequired":true,"valueName":"search_term_string"}}],"inLanguage":"fr-FR"},{"@type":"Organization","@id":"https:\/\/lasentinelle.dz\/#organization","name":"Quotidien La Sentinelle","url":"https:\/\/lasentinelle.dz\/","logo":{"@type":"ImageObject","inLanguage":"fr-FR","@id":"https:\/\/lasentinelle.dz\/#\/schema\/logo\/image\/","url":"https:\/\/lasentinelle.dz\/wp-content\/uploads\/2021\/09\/logo-sentinelleSLOGAN-1.png","contentUrl":"https:\/\/lasentinelle.dz\/wp-content\/uploads\/2021\/09\/logo-sentinelleSLOGAN-1.png","width":615,"height":142,"caption":"Quotidien La Sentinelle"},"image":{"@id":"https:\/\/lasentinelle.dz\/#\/schema\/logo\/image\/"},"sameAs":["https:\/\/www.facebook.com\/La-Sentinelle-104059864394773"]},{"@type":"Person","@id":"https:\/\/lasentinelle.dz\/#\/schema\/person\/729ee0024f24e0b8c5ec17232f8e8b41","name":"admin","image":{"@type":"ImageObject","inLanguage":"fr-FR","@id":"https:\/\/secure.gravatar.com\/avatar\/4c81fed838786e9b53f540bf46533e750f5d292099ae3b66cfc6fb1982e29df7?s=96&d=mm&r=g","url":"https:\/\/secure.gravatar.com\/avatar\/4c81fed838786e9b53f540bf46533e750f5d292099ae3b66cfc6fb1982e29df7?s=96&d=mm&r=g","contentUrl":"https:\/\/secure.gravatar.com\/avatar\/4c81fed838786e9b53f540bf46533e750f5d292099ae3b66cfc6fb1982e29df7?s=96&d=mm&r=g","caption":"admin"},"description":"admin","url":"https:\/\/lasentinelle.dz\/author\/admin\/"}]}},"_links":{"self":[{"href":"https:\/\/lasentinelle.dz\/index.php\/wp-json\/wp\/v2\/posts\/83338","targetHints":{"allow":["GET"]}}],"collection":[{"href":"https:\/\/lasentinelle.dz\/index.php\/wp-json\/wp\/v2\/posts"}],"about":[{"href":"https:\/\/lasentinelle.dz\/index.php\/wp-json\/wp\/v2\/types\/post"}],"author":[{"embeddable":true,"href":"https:\/\/lasentinelle.dz\/index.php\/wp-json\/wp\/v2\/users\/6"}],"replies":[{"embeddable":true,"href":"https:\/\/lasentinelle.dz\/index.php\/wp-json\/wp\/v2\/comments?post=83338"}],"version-history":[{"count":1,"href":"https:\/\/lasentinelle.dz\/index.php\/wp-json\/wp\/v2\/posts\/83338\/revisions"}],"predecessor-version":[{"id":83340,"href":"https:\/\/lasentinelle.dz\/index.php\/wp-json\/wp\/v2\/posts\/83338\/revisions\/83340"}],"wp:featuredmedia":[{"embeddable":true,"href":"https:\/\/lasentinelle.dz\/index.php\/wp-json\/wp\/v2\/media\/83339"}],"wp:attachment":[{"href":"https:\/\/lasentinelle.dz\/index.php\/wp-json\/wp\/v2\/media?parent=83338"}],"wp:term":[{"taxonomy":"category","embeddable":true,"href":"https:\/\/lasentinelle.dz\/index.php\/wp-json\/wp\/v2\/categories?post=83338"},{"taxonomy":"post_tag","embeddable":true,"href":"https:\/\/lasentinelle.dz\/index.php\/wp-json\/wp\/v2\/tags?post=83338"}],"curies":[{"name":"wp","href":"https:\/\/api.w.org\/{rel}","templated":true}]}}