{"id":83341,"date":"2026-03-11T21:45:04","date_gmt":"2026-03-11T20:45:04","guid":{"rendered":"https:\/\/lasentinelle.dz\/?p=83341"},"modified":"2026-03-11T21:45:05","modified_gmt":"2026-03-11T20:45:05","slug":"cooperation-militaire-escale-dun-groupe-de-navires-de-la-flotte-russe-du-nord-au-port-dalger","status":"publish","type":"post","link":"https:\/\/lasentinelle.dz\/index.php\/2026\/03\/11\/cooperation-militaire-escale-dun-groupe-de-navires-de-la-flotte-russe-du-nord-au-port-dalger\/","title":{"rendered":"Coop\u00e9ration militaire\u00a0: Escale d&rsquo;un groupe de navires de la flotte russe du Nord au port d&rsquo;Alger"},"content":{"rendered":"\n<p>Un groupe de navires de la flotte militaire russe, compos\u00e9 du navire anti-sous-marin \u00ab\u00a0SEVEROMORSK\u00a0\u00bb et du p\u00e9trolier \u00ab\u00a0KAMA\u00a0\u00bb, a accost\u00e9, mercredi, au port d&rsquo;Alger, indique un communiqu\u00e9 du minist\u00e8re de la D\u00e9fense nationale (MDN). \u00ab\u00a0Dans le cadre de la mise en \u0153uvre du programme de coop\u00e9ration bilat\u00e9rale militaire Alg\u00e9ro-Russe pour l&rsquo;ann\u00e9e 2026, un Groupe de navires de la Flotte Militaire Russe a accost\u00e9 aujourd&rsquo;hui, 11 mars 2026 au port d&rsquo;Alger, compos\u00e9 du navire anti-sous-marin +SEVEROMORSK+ et du p\u00e9trolier +KAMA+, pour une escale de 04 jours\u00a0\u00bb, pr\u00e9cise la m\u00eame source. Durant cette escale, \u00ab\u00a0le chef de la mission accompagn\u00e9 de sa d\u00e9l\u00e9gation a effectu\u00e9 une visite de courtoisie au G\u00e9n\u00e9ral, Commandant de la Fa\u00e7ade Maritime Centre\/1 \u00e8re RM au si\u00e8ge de la Base Navale d&rsquo;Alger\/1 \u00e8re RM. Au cours de cette visite, les \u00e9changes entre les deux parties ont port\u00e9 sur les moyens de renforcer la coop\u00e9ration bilat\u00e9rale entre les marines alg\u00e9rienne et russe\u00a0\u00bb, ajoute le communiqu\u00e9. Dans le m\u00eame contexte, \u00ab\u00a0des visites r\u00e9ciproques seront organis\u00e9es entre les cadres des Forces navales alg\u00e9rienne et leurs homologues russes, permettant un \u00e9change de connaissances et d&rsquo;exp\u00e9riences dans le domaine maritime, outre l&rsquo;organisation d&rsquo;activit\u00e9s culturelles au profit de l&rsquo;\u00e9quipage du d\u00e9tachement russe\u00a0\u00bb, conclut le communiqu\u00e9.<\/p>\n\n\n\n<p>APS<\/p>\n","protected":false},"excerpt":{"rendered":"<p>Un groupe de navires de la flotte militaire russe, compos\u00e9 du navire anti-sous-marin \u00ab\u00a0SEVEROMORSK\u00a0\u00bb et du p\u00e9trolier \u00ab\u00a0KAMA\u00a0\u00bb, a accost\u00e9,<\/p>\n","protected":false},"author":6,"featured_media":83342,"comment_status":"open","ping_status":"closed","sticky":false,"template":"","format":"standard","meta":{"colormag_page_container_layout":"default_layout","colormag_page_sidebar_layout":"default_layout","om_disable_all_campaigns":false,"_monsterinsights_skip_tracking":false,"_monsterinsights_sitenote_active":false,"_monsterinsights_sitenote_note":"","_monsterinsights_sitenote_category":0,"footnotes":"","_wpscppro_dont_share_socialmedia":false,"_wpscppro_custom_social_share_image":0,"_facebook_share_type":"default","_twitter_share_type":"default","_linkedin_share_type":"default","_pinterest_share_type":"default","_linkedin_share_type_page":"","_instagram_share_type":"default","_medium_share_type":"default","_threads_share_type":"default","_google_business_share_type":"default","_selected_social_profile":[],"_wpsp_enable_custom_social_template":false,"_wpsp_social_scheduling":{"enabled":false,"datetime":null,"platforms":[],"status":"template_only","dateOption":"today","timeOption":"now","customDays":"","customHours":"","customDate":"","customTime":"","schedulingType":"absolute"},"_wpsp_active_default_template":true},"categories":[27],"tags":[],"class_list":["post-83341","post","type-post","status-publish","format-standard","has-post-thumbnail","hentry","category-actualite"],"aioseo_notices":[],"yoast_head":"<!-- This site is optimized with the Yoast SEO plugin v27.4 - https:\/\/yoast.com\/product\/yoast-seo-wordpress\/ -->\n<title>Coop\u00e9ration militaire\u00a0: Escale d&rsquo;un groupe de navires de la flotte russe du Nord au port d&rsquo;Alger - La Sentinelle<\/title>\n<meta name=\"robots\" content=\"index, follow, max-snippet:-1, max-image-preview:large, max-video-preview:-1\" \/>\n<link rel=\"canonical\" href=\"https:\/\/lasentinelle.dz\/index.php\/2026\/03\/11\/cooperation-militaire-escale-dun-groupe-de-navires-de-la-flotte-russe-du-nord-au-port-dalger\/\" \/>\n<meta property=\"og:locale\" content=\"fr_FR\" \/>\n<meta property=\"og:type\" content=\"article\" \/>\n<meta property=\"og:title\" content=\"Coop\u00e9ration militaire\u00a0: Escale d&rsquo;un groupe de navires de la flotte russe du Nord au port d&rsquo;Alger - La Sentinelle\" \/>\n<meta property=\"og:description\" content=\"Un groupe de navires de la flotte militaire russe, compos\u00e9 du navire anti-sous-marin \u00ab\u00a0SEVEROMORSK\u00a0\u00bb et du p\u00e9trolier \u00ab\u00a0KAMA\u00a0\u00bb, a accost\u00e9,\" \/>\n<meta property=\"og:url\" content=\"https:\/\/lasentinelle.dz\/index.php\/2026\/03\/11\/cooperation-militaire-escale-dun-groupe-de-navires-de-la-flotte-russe-du-nord-au-port-dalger\/\" \/>\n<meta property=\"og:site_name\" content=\"La Sentinelle\" \/>\n<meta property=\"article:publisher\" content=\"https:\/\/www.facebook.com\/La-Sentinelle-104059864394773\" \/>\n<meta property=\"article:published_time\" content=\"2026-03-11T20:45:04+00:00\" \/>\n<meta property=\"article:modified_time\" content=\"2026-03-11T20:45:05+00:00\" \/>\n<meta property=\"og:image\" content=\"https:\/\/lasentinelle.dz\/wp-content\/uploads\/2026\/03\/cfn11032026_2.jpg\" \/>\n\t<meta property=\"og:image:width\" content=\"800\" \/>\n\t<meta property=\"og:image:height\" content=\"533\" \/>\n\t<meta property=\"og:image:type\" content=\"image\/jpeg\" \/>\n<meta name=\"author\" content=\"admin\" \/>\n<meta name=\"twitter:card\" content=\"summary_large_image\" \/>\n<meta name=\"twitter:label1\" content=\"\u00c9crit par\" \/>\n\t<meta name=\"twitter:data1\" content=\"admin\" \/>\n\t<meta name=\"twitter:label2\" content=\"Dur\u00e9e de lecture estim\u00e9e\" \/>\n\t<meta name=\"twitter:data2\" content=\"2 minutes\" \/>\n<script type=\"application\/ld+json\" class=\"yoast-schema-graph\">{\"@context\":\"https:\\\/\\\/schema.org\",\"@graph\":[{\"@type\":\"Article\",\"@id\":\"https:\\\/\\\/lasentinelle.dz\\\/index.php\\\/2026\\\/03\\\/11\\\/cooperation-militaire-escale-dun-groupe-de-navires-de-la-flotte-russe-du-nord-au-port-dalger\\\/#article\",\"isPartOf\":{\"@id\":\"https:\\\/\\\/lasentinelle.dz\\\/index.php\\\/2026\\\/03\\\/11\\\/cooperation-militaire-escale-dun-groupe-de-navires-de-la-flotte-russe-du-nord-au-port-dalger\\\/\"},\"author\":{\"name\":\"admin\",\"@id\":\"https:\\\/\\\/lasentinelle.dz\\\/#\\\/schema\\\/person\\\/729ee0024f24e0b8c5ec17232f8e8b41\"},\"headline\":\"Coop\u00e9ration militaire\u00a0: Escale d&rsquo;un groupe de navires de la flotte russe du Nord au port d&rsquo;Alger\",\"datePublished\":\"2026-03-11T20:45:04+00:00\",\"dateModified\":\"2026-03-11T20:45:05+00:00\",\"mainEntityOfPage\":{\"@id\":\"https:\\\/\\\/lasentinelle.dz\\\/index.php\\\/2026\\\/03\\\/11\\\/cooperation-militaire-escale-dun-groupe-de-navires-de-la-flotte-russe-du-nord-au-port-dalger\\\/\"},\"wordCount\":254,\"commentCount\":0,\"publisher\":{\"@id\":\"https:\\\/\\\/lasentinelle.dz\\\/#organization\"},\"image\":{\"@id\":\"https:\\\/\\\/lasentinelle.dz\\\/index.php\\\/2026\\\/03\\\/11\\\/cooperation-militaire-escale-dun-groupe-de-navires-de-la-flotte-russe-du-nord-au-port-dalger\\\/#primaryimage\"},\"thumbnailUrl\":\"https:\\\/\\\/lasentinelle.dz\\\/wp-content\\\/uploads\\\/2026\\\/03\\\/cfn11032026_2.jpg\",\"articleSection\":[\"Actualit\u00e9\"],\"inLanguage\":\"fr-FR\",\"potentialAction\":[{\"@type\":\"CommentAction\",\"name\":\"Comment\",\"target\":[\"https:\\\/\\\/lasentinelle.dz\\\/index.php\\\/2026\\\/03\\\/11\\\/cooperation-militaire-escale-dun-groupe-de-navires-de-la-flotte-russe-du-nord-au-port-dalger\\\/#respond\"]}]},{\"@type\":\"WebPage\",\"@id\":\"https:\\\/\\\/lasentinelle.dz\\\/index.php\\\/2026\\\/03\\\/11\\\/cooperation-militaire-escale-dun-groupe-de-navires-de-la-flotte-russe-du-nord-au-port-dalger\\\/\",\"url\":\"https:\\\/\\\/lasentinelle.dz\\\/index.php\\\/2026\\\/03\\\/11\\\/cooperation-militaire-escale-dun-groupe-de-navires-de-la-flotte-russe-du-nord-au-port-dalger\\\/\",\"name\":\"Coop\u00e9ration militaire\u00a0: Escale d&rsquo;un groupe de navires de la flotte russe du Nord au port d&rsquo;Alger - La Sentinelle\",\"isPartOf\":{\"@id\":\"https:\\\/\\\/lasentinelle.dz\\\/#website\"},\"primaryImageOfPage\":{\"@id\":\"https:\\\/\\\/lasentinelle.dz\\\/index.php\\\/2026\\\/03\\\/11\\\/cooperation-militaire-escale-dun-groupe-de-navires-de-la-flotte-russe-du-nord-au-port-dalger\\\/#primaryimage\"},\"image\":{\"@id\":\"https:\\\/\\\/lasentinelle.dz\\\/index.php\\\/2026\\\/03\\\/11\\\/cooperation-militaire-escale-dun-groupe-de-navires-de-la-flotte-russe-du-nord-au-port-dalger\\\/#primaryimage\"},\"thumbnailUrl\":\"https:\\\/\\\/lasentinelle.dz\\\/wp-content\\\/uploads\\\/2026\\\/03\\\/cfn11032026_2.jpg\",\"datePublished\":\"2026-03-11T20:45:04+00:00\",\"dateModified\":\"2026-03-11T20:45:05+00:00\",\"breadcrumb\":{\"@id\":\"https:\\\/\\\/lasentinelle.dz\\\/index.php\\\/2026\\\/03\\\/11\\\/cooperation-militaire-escale-dun-groupe-de-navires-de-la-flotte-russe-du-nord-au-port-dalger\\\/#breadcrumb\"},\"inLanguage\":\"fr-FR\",\"potentialAction\":[{\"@type\":\"ReadAction\",\"target\":[\"https:\\\/\\\/lasentinelle.dz\\\/index.php\\\/2026\\\/03\\\/11\\\/cooperation-militaire-escale-dun-groupe-de-navires-de-la-flotte-russe-du-nord-au-port-dalger\\\/\"]}]},{\"@type\":\"ImageObject\",\"inLanguage\":\"fr-FR\",\"@id\":\"https:\\\/\\\/lasentinelle.dz\\\/index.php\\\/2026\\\/03\\\/11\\\/cooperation-militaire-escale-dun-groupe-de-navires-de-la-flotte-russe-du-nord-au-port-dalger\\\/#primaryimage\",\"url\":\"https:\\\/\\\/lasentinelle.dz\\\/wp-content\\\/uploads\\\/2026\\\/03\\\/cfn11032026_2.jpg\",\"contentUrl\":\"https:\\\/\\\/lasentinelle.dz\\\/wp-content\\\/uploads\\\/2026\\\/03\\\/cfn11032026_2.jpg\",\"width\":800,\"height\":533},{\"@type\":\"BreadcrumbList\",\"@id\":\"https:\\\/\\\/lasentinelle.dz\\\/index.php\\\/2026\\\/03\\\/11\\\/cooperation-militaire-escale-dun-groupe-de-navires-de-la-flotte-russe-du-nord-au-port-dalger\\\/#breadcrumb\",\"itemListElement\":[{\"@type\":\"ListItem\",\"position\":1,\"name\":\"Accueil\",\"item\":\"https:\\\/\\\/lasentinelle.dz\\\/\"},{\"@type\":\"ListItem\",\"position\":2,\"name\":\"Coop\u00e9ration militaire\u00a0: Escale d&rsquo;un groupe de navires de la flotte russe du Nord au port d&rsquo;Alger\"}]},{\"@type\":\"WebSite\",\"@id\":\"https:\\\/\\\/lasentinelle.dz\\\/#website\",\"url\":\"https:\\\/\\\/lasentinelle.dz\\\/\",\"name\":\"La Sentinelle\",\"description\":\"Quotidien national d&#039;information\",\"publisher\":{\"@id\":\"https:\\\/\\\/lasentinelle.dz\\\/#organization\"},\"potentialAction\":[{\"@type\":\"SearchAction\",\"target\":{\"@type\":\"EntryPoint\",\"urlTemplate\":\"https:\\\/\\\/lasentinelle.dz\\\/?s={search_term_string}\"},\"query-input\":{\"@type\":\"PropertyValueSpecification\",\"valueRequired\":true,\"valueName\":\"search_term_string\"}}],\"inLanguage\":\"fr-FR\"},{\"@type\":\"Organization\",\"@id\":\"https:\\\/\\\/lasentinelle.dz\\\/#organization\",\"name\":\"Quotidien La Sentinelle\",\"url\":\"https:\\\/\\\/lasentinelle.dz\\\/\",\"logo\":{\"@type\":\"ImageObject\",\"inLanguage\":\"fr-FR\",\"@id\":\"https:\\\/\\\/lasentinelle.dz\\\/#\\\/schema\\\/logo\\\/image\\\/\",\"url\":\"https:\\\/\\\/lasentinelle.dz\\\/wp-content\\\/uploads\\\/2021\\\/09\\\/logo-sentinelleSLOGAN-1.png\",\"contentUrl\":\"https:\\\/\\\/lasentinelle.dz\\\/wp-content\\\/uploads\\\/2021\\\/09\\\/logo-sentinelleSLOGAN-1.png\",\"width\":615,\"height\":142,\"caption\":\"Quotidien La Sentinelle\"},\"image\":{\"@id\":\"https:\\\/\\\/lasentinelle.dz\\\/#\\\/schema\\\/logo\\\/image\\\/\"},\"sameAs\":[\"https:\\\/\\\/www.facebook.com\\\/La-Sentinelle-104059864394773\"]},{\"@type\":\"Person\",\"@id\":\"https:\\\/\\\/lasentinelle.dz\\\/#\\\/schema\\\/person\\\/729ee0024f24e0b8c5ec17232f8e8b41\",\"name\":\"admin\",\"image\":{\"@type\":\"ImageObject\",\"inLanguage\":\"fr-FR\",\"@id\":\"https:\\\/\\\/secure.gravatar.com\\\/avatar\\\/4c81fed838786e9b53f540bf46533e750f5d292099ae3b66cfc6fb1982e29df7?s=96&d=mm&r=g\",\"url\":\"https:\\\/\\\/secure.gravatar.com\\\/avatar\\\/4c81fed838786e9b53f540bf46533e750f5d292099ae3b66cfc6fb1982e29df7?s=96&d=mm&r=g\",\"contentUrl\":\"https:\\\/\\\/secure.gravatar.com\\\/avatar\\\/4c81fed838786e9b53f540bf46533e750f5d292099ae3b66cfc6fb1982e29df7?s=96&d=mm&r=g\",\"caption\":\"admin\"},\"description\":\"admin\",\"url\":\"https:\\\/\\\/lasentinelle.dz\\\/author\\\/admin\\\/\"}]}<\/script>\n<!-- \/ Yoast SEO plugin. -->","yoast_head_json":{"title":"Coop\u00e9ration militaire\u00a0: Escale d&rsquo;un groupe de navires de la flotte russe du Nord au port d&rsquo;Alger - La Sentinelle","robots":{"index":"index","follow":"follow","max-snippet":"max-snippet:-1","max-image-preview":"max-image-preview:large","max-video-preview":"max-video-preview:-1"},"canonical":"https:\/\/lasentinelle.dz\/index.php\/2026\/03\/11\/cooperation-militaire-escale-dun-groupe-de-navires-de-la-flotte-russe-du-nord-au-port-dalger\/","og_locale":"fr_FR","og_type":"article","og_title":"Coop\u00e9ration militaire\u00a0: Escale d&rsquo;un groupe de navires de la flotte russe du Nord au port d&rsquo;Alger - La Sentinelle","og_description":"Un groupe de navires de la flotte militaire russe, compos\u00e9 du navire anti-sous-marin \u00ab\u00a0SEVEROMORSK\u00a0\u00bb et du p\u00e9trolier \u00ab\u00a0KAMA\u00a0\u00bb, a accost\u00e9,","og_url":"https:\/\/lasentinelle.dz\/index.php\/2026\/03\/11\/cooperation-militaire-escale-dun-groupe-de-navires-de-la-flotte-russe-du-nord-au-port-dalger\/","og_site_name":"La Sentinelle","article_publisher":"https:\/\/www.facebook.com\/La-Sentinelle-104059864394773","article_published_time":"2026-03-11T20:45:04+00:00","article_modified_time":"2026-03-11T20:45:05+00:00","og_image":[{"width":800,"height":533,"url":"https:\/\/lasentinelle.dz\/wp-content\/uploads\/2026\/03\/cfn11032026_2.jpg","type":"image\/jpeg"}],"author":"admin","twitter_card":"summary_large_image","twitter_misc":{"\u00c9crit par":"admin","Dur\u00e9e de lecture estim\u00e9e":"2 minutes"},"schema":{"@context":"https:\/\/schema.org","@graph":[{"@type":"Article","@id":"https:\/\/lasentinelle.dz\/index.php\/2026\/03\/11\/cooperation-militaire-escale-dun-groupe-de-navires-de-la-flotte-russe-du-nord-au-port-dalger\/#article","isPartOf":{"@id":"https:\/\/lasentinelle.dz\/index.php\/2026\/03\/11\/cooperation-militaire-escale-dun-groupe-de-navires-de-la-flotte-russe-du-nord-au-port-dalger\/"},"author":{"name":"admin","@id":"https:\/\/lasentinelle.dz\/#\/schema\/person\/729ee0024f24e0b8c5ec17232f8e8b41"},"headline":"Coop\u00e9ration militaire\u00a0: Escale d&rsquo;un groupe de navires de la flotte russe du Nord au port d&rsquo;Alger","datePublished":"2026-03-11T20:45:04+00:00","dateModified":"2026-03-11T20:45:05+00:00","mainEntityOfPage":{"@id":"https:\/\/lasentinelle.dz\/index.php\/2026\/03\/11\/cooperation-militaire-escale-dun-groupe-de-navires-de-la-flotte-russe-du-nord-au-port-dalger\/"},"wordCount":254,"commentCount":0,"publisher":{"@id":"https:\/\/lasentinelle.dz\/#organization"},"image":{"@id":"https:\/\/lasentinelle.dz\/index.php\/2026\/03\/11\/cooperation-militaire-escale-dun-groupe-de-navires-de-la-flotte-russe-du-nord-au-port-dalger\/#primaryimage"},"thumbnailUrl":"https:\/\/lasentinelle.dz\/wp-content\/uploads\/2026\/03\/cfn11032026_2.jpg","articleSection":["Actualit\u00e9"],"inLanguage":"fr-FR","potentialAction":[{"@type":"CommentAction","name":"Comment","target":["https:\/\/lasentinelle.dz\/index.php\/2026\/03\/11\/cooperation-militaire-escale-dun-groupe-de-navires-de-la-flotte-russe-du-nord-au-port-dalger\/#respond"]}]},{"@type":"WebPage","@id":"https:\/\/lasentinelle.dz\/index.php\/2026\/03\/11\/cooperation-militaire-escale-dun-groupe-de-navires-de-la-flotte-russe-du-nord-au-port-dalger\/","url":"https:\/\/lasentinelle.dz\/index.php\/2026\/03\/11\/cooperation-militaire-escale-dun-groupe-de-navires-de-la-flotte-russe-du-nord-au-port-dalger\/","name":"Coop\u00e9ration militaire\u00a0: Escale d&rsquo;un groupe de navires de la flotte russe du Nord au port d&rsquo;Alger - La Sentinelle","isPartOf":{"@id":"https:\/\/lasentinelle.dz\/#website"},"primaryImageOfPage":{"@id":"https:\/\/lasentinelle.dz\/index.php\/2026\/03\/11\/cooperation-militaire-escale-dun-groupe-de-navires-de-la-flotte-russe-du-nord-au-port-dalger\/#primaryimage"},"image":{"@id":"https:\/\/lasentinelle.dz\/index.php\/2026\/03\/11\/cooperation-militaire-escale-dun-groupe-de-navires-de-la-flotte-russe-du-nord-au-port-dalger\/#primaryimage"},"thumbnailUrl":"https:\/\/lasentinelle.dz\/wp-content\/uploads\/2026\/03\/cfn11032026_2.jpg","datePublished":"2026-03-11T20:45:04+00:00","dateModified":"2026-03-11T20:45:05+00:00","breadcrumb":{"@id":"https:\/\/lasentinelle.dz\/index.php\/2026\/03\/11\/cooperation-militaire-escale-dun-groupe-de-navires-de-la-flotte-russe-du-nord-au-port-dalger\/#breadcrumb"},"inLanguage":"fr-FR","potentialAction":[{"@type":"ReadAction","target":["https:\/\/lasentinelle.dz\/index.php\/2026\/03\/11\/cooperation-militaire-escale-dun-groupe-de-navires-de-la-flotte-russe-du-nord-au-port-dalger\/"]}]},{"@type":"ImageObject","inLanguage":"fr-FR","@id":"https:\/\/lasentinelle.dz\/index.php\/2026\/03\/11\/cooperation-militaire-escale-dun-groupe-de-navires-de-la-flotte-russe-du-nord-au-port-dalger\/#primaryimage","url":"https:\/\/lasentinelle.dz\/wp-content\/uploads\/2026\/03\/cfn11032026_2.jpg","contentUrl":"https:\/\/lasentinelle.dz\/wp-content\/uploads\/2026\/03\/cfn11032026_2.jpg","width":800,"height":533},{"@type":"BreadcrumbList","@id":"https:\/\/lasentinelle.dz\/index.php\/2026\/03\/11\/cooperation-militaire-escale-dun-groupe-de-navires-de-la-flotte-russe-du-nord-au-port-dalger\/#breadcrumb","itemListElement":[{"@type":"ListItem","position":1,"name":"Accueil","item":"https:\/\/lasentinelle.dz\/"},{"@type":"ListItem","position":2,"name":"Coop\u00e9ration militaire\u00a0: Escale d&rsquo;un groupe de navires de la flotte russe du Nord au port d&rsquo;Alger"}]},{"@type":"WebSite","@id":"https:\/\/lasentinelle.dz\/#website","url":"https:\/\/lasentinelle.dz\/","name":"La Sentinelle","description":"Quotidien national d&#039;information","publisher":{"@id":"https:\/\/lasentinelle.dz\/#organization"},"potentialAction":[{"@type":"SearchAction","target":{"@type":"EntryPoint","urlTemplate":"https:\/\/lasentinelle.dz\/?s={search_term_string}"},"query-input":{"@type":"PropertyValueSpecification","valueRequired":true,"valueName":"search_term_string"}}],"inLanguage":"fr-FR"},{"@type":"Organization","@id":"https:\/\/lasentinelle.dz\/#organization","name":"Quotidien La Sentinelle","url":"https:\/\/lasentinelle.dz\/","logo":{"@type":"ImageObject","inLanguage":"fr-FR","@id":"https:\/\/lasentinelle.dz\/#\/schema\/logo\/image\/","url":"https:\/\/lasentinelle.dz\/wp-content\/uploads\/2021\/09\/logo-sentinelleSLOGAN-1.png","contentUrl":"https:\/\/lasentinelle.dz\/wp-content\/uploads\/2021\/09\/logo-sentinelleSLOGAN-1.png","width":615,"height":142,"caption":"Quotidien La Sentinelle"},"image":{"@id":"https:\/\/lasentinelle.dz\/#\/schema\/logo\/image\/"},"sameAs":["https:\/\/www.facebook.com\/La-Sentinelle-104059864394773"]},{"@type":"Person","@id":"https:\/\/lasentinelle.dz\/#\/schema\/person\/729ee0024f24e0b8c5ec17232f8e8b41","name":"admin","image":{"@type":"ImageObject","inLanguage":"fr-FR","@id":"https:\/\/secure.gravatar.com\/avatar\/4c81fed838786e9b53f540bf46533e750f5d292099ae3b66cfc6fb1982e29df7?s=96&d=mm&r=g","url":"https:\/\/secure.gravatar.com\/avatar\/4c81fed838786e9b53f540bf46533e750f5d292099ae3b66cfc6fb1982e29df7?s=96&d=mm&r=g","contentUrl":"https:\/\/secure.gravatar.com\/avatar\/4c81fed838786e9b53f540bf46533e750f5d292099ae3b66cfc6fb1982e29df7?s=96&d=mm&r=g","caption":"admin"},"description":"admin","url":"https:\/\/lasentinelle.dz\/author\/admin\/"}]}},"_links":{"self":[{"href":"https:\/\/lasentinelle.dz\/index.php\/wp-json\/wp\/v2\/posts\/83341","targetHints":{"allow":["GET"]}}],"collection":[{"href":"https:\/\/lasentinelle.dz\/index.php\/wp-json\/wp\/v2\/posts"}],"about":[{"href":"https:\/\/lasentinelle.dz\/index.php\/wp-json\/wp\/v2\/types\/post"}],"author":[{"embeddable":true,"href":"https:\/\/lasentinelle.dz\/index.php\/wp-json\/wp\/v2\/users\/6"}],"replies":[{"embeddable":true,"href":"https:\/\/lasentinelle.dz\/index.php\/wp-json\/wp\/v2\/comments?post=83341"}],"version-history":[{"count":2,"href":"https:\/\/lasentinelle.dz\/index.php\/wp-json\/wp\/v2\/posts\/83341\/revisions"}],"predecessor-version":[{"id":83344,"href":"https:\/\/lasentinelle.dz\/index.php\/wp-json\/wp\/v2\/posts\/83341\/revisions\/83344"}],"wp:featuredmedia":[{"embeddable":true,"href":"https:\/\/lasentinelle.dz\/index.php\/wp-json\/wp\/v2\/media\/83342"}],"wp:attachment":[{"href":"https:\/\/lasentinelle.dz\/index.php\/wp-json\/wp\/v2\/media?parent=83341"}],"wp:term":[{"taxonomy":"category","embeddable":true,"href":"https:\/\/lasentinelle.dz\/index.php\/wp-json\/wp\/v2\/categories?post=83341"},{"taxonomy":"post_tag","embeddable":true,"href":"https:\/\/lasentinelle.dz\/index.php\/wp-json\/wp\/v2\/tags?post=83341"}],"curies":[{"name":"wp","href":"https:\/\/api.w.org\/{rel}","templated":true}]}}