{"id":83345,"date":"2026-03-11T21:46:38","date_gmt":"2026-03-11T20:46:38","guid":{"rendered":"https:\/\/lasentinelle.dz\/?p=83345"},"modified":"2026-03-11T21:46:39","modified_gmt":"2026-03-11T20:46:39","slug":"lanp-publie-son-bilan-hebdomadaire-reddition-dun-terroriste-a-bordj-badj-mokhtar","status":"publish","type":"post","link":"https:\/\/lasentinelle.dz\/index.php\/2026\/03\/11\/lanp-publie-son-bilan-hebdomadaire-reddition-dun-terroriste-a-bordj-badj-mokhtar\/","title":{"rendered":"L&rsquo;ANP publie son bilan hebdomadaire\u00a0: Reddition d\u2019un terroriste \u00e0 Bordj Badj-Mokhtar"},"content":{"rendered":"\n<p>Un terroriste s&rsquo;est rendu aux autorit\u00e9s militaires de Bordj Badji Mokhtar, tandis que quatre \u00e9l\u00e9ments de soutien aux groupes terroristes ont \u00e9t\u00e9 interpell\u00e9s. C&rsquo;est l&rsquo;un des r\u00e9sultats marquants du bilan op\u00e9rationnel hebdomadaire publi\u00e9 mercredi par le minist\u00e8re de la D\u00e9fense nationale (MDN), couvrant la p\u00e9riode du 4 au 10 mars 2026. Dans ce bilan, le MDN souligne que les \u00e9l\u00e9ments de l\u2019ANP ont &nbsp;agi \u00ab\u00a0dans la dynamique des efforts soutenus dans la lutte antiterroriste et contre la criminalit\u00e9 organis\u00e9e multiforme\u00a0\u00bb, avec des op\u00e9rations \u00ab\u00a0ayant abouti \u00e0 des r\u00e9sultats de qualit\u00e9 qui refl\u00e8tent le haut professionnalisme, la vigilance et la disponibilit\u00e9 permanente\u00a0\u00bb des Forces arm\u00e9es \u00ab\u00a0\u00e0 travers tout le territoire national\u00a0\u00bb. Le terroriste identifi\u00e9 sous l&rsquo;alias \u00ab\u00a0Moussaab\u00a0\u00bb, de son vrai nom D.B, a remis aux militaires \u00ab\u00a0un pistolet mitrailleur de type Kalachnikov, une quantit\u00e9 de munitions et d&rsquo;autres effets\u00a0\u00bb, pr\u00e9cise le communiqu\u00e9. Dans le m\u00eame volet antiterroriste, une force combin\u00e9e a saisi, lors d&rsquo;une op\u00e9ration de fouille et de ratissage dans le secteur militaire de Tamanrasset (6e R\u00e9gion militaire), \u00ab\u00a0un pistolet mitrailleur de type Kalachnikov, sept obus pour lance-roquettes de type RPG-7 et d&rsquo;autres effets\u00a0\u00bb.<\/p>\n\n\n\n<p>Sur le front de la lutte contre le narcotrafic, les r\u00e9sultats sont \u00e9galement significatifs. Des d\u00e9tachements combin\u00e9s de l&rsquo;ANP ont intercept\u00e9, \u00ab\u00a0en coordination avec les diff\u00e9rents services de s\u00e9curit\u00e9\u00a0\u00bb, 29 narcotrafiquants et mis en \u00e9chec des tentatives d&rsquo;introduction de \u00ab\u00a0quatre quintaux et 38 kilogrammes de kif trait\u00e9 provenant des fronti\u00e8res avec le Maroc\u00a0\u00bb. Le communiqu\u00e9 fait \u00e9galement \u00e9tat de la saisie de \u00ab\u00a01.061.685 comprim\u00e9s psychotropes\u00a0\u00bb.<\/p>\n\n\n\n<p>L&rsquo;orpaillage illicite demeure une pr\u00e9occupation majeure dans le Grand Sud. \u00c0 Tamanrasset, Bordj Badji Mokhtar, In Salah et In Guezzam, les d\u00e9tachements de l&rsquo;ANP ont proc\u00e9d\u00e9 \u00e0 l&rsquo;arrestation de 212 individus et \u00e0 la saisie de \u00ab\u00a043 v\u00e9hicules, 77 groupes \u00e9lectrog\u00e8nes, 47 marteaux-piqueurs, 3 d\u00e9tecteurs de m\u00e9taux, ainsi que des quantit\u00e9s de m\u00e9lange d&rsquo;or brut et de pierres et d&rsquo;\u00e9quipements utilis\u00e9s dans des op\u00e9rations d&rsquo;orpaillage illicite\u00a0\u00bb. La contrebande a \u00e9galement \u00e9t\u00e9 cibl\u00e9e : douze individus ont \u00e9t\u00e9 appr\u00e9hend\u00e9s et du mat\u00e9riel saisi, dont \u00ab\u00a03 pistolets mitrailleurs, un pistolet automatique, 3 fusils de chasse, 21.925 litres de carburants\u00a0\u00bb et six quintaux de tabac. Le bilan cl\u00f4ture sur le volet migratoire. Les Garde-c\u00f4tes ont \u00ab\u00a0mis en \u00e9chec, sur les c\u00f4tes nationales, des tentatives d&rsquo;\u00e9migration clandestine\u00a0\u00bb et proc\u00e9d\u00e9 au \u00ab\u00a0sauvetage de 122 individus \u00e0 bord d&#8217;embarcations de construction artisanale\u00a0\u00bb. Par ailleurs, 475 immigrants clandestins de diff\u00e9rentes nationalit\u00e9s ont \u00e9t\u00e9 interpell\u00e9s \u00e0 travers le territoire national.<\/p>\n\n\n\n<p>Sofia Chahine<\/p>\n","protected":false},"excerpt":{"rendered":"<p>Un terroriste s&rsquo;est rendu aux autorit\u00e9s militaires de Bordj Badji Mokhtar, tandis que quatre \u00e9l\u00e9ments de soutien aux groupes terroristes<\/p>\n","protected":false},"author":6,"featured_media":83346,"comment_status":"open","ping_status":"closed","sticky":false,"template":"","format":"standard","meta":{"colormag_page_container_layout":"default_layout","colormag_page_sidebar_layout":"default_layout","om_disable_all_campaigns":false,"_monsterinsights_skip_tracking":false,"_monsterinsights_sitenote_active":false,"_monsterinsights_sitenote_note":"","_monsterinsights_sitenote_category":0,"footnotes":"","_wpscppro_dont_share_socialmedia":false,"_wpscppro_custom_social_share_image":0,"_facebook_share_type":"default","_twitter_share_type":"default","_linkedin_share_type":"default","_pinterest_share_type":"default","_linkedin_share_type_page":"","_instagram_share_type":"default","_medium_share_type":"default","_threads_share_type":"default","_google_business_share_type":"default","_selected_social_profile":[],"_wpsp_enable_custom_social_template":false,"_wpsp_social_scheduling":{"enabled":false,"datetime":null,"platforms":[],"status":"template_only","dateOption":"today","timeOption":"now","customDays":"","customHours":"","customDate":"","customTime":"","schedulingType":"absolute"},"_wpsp_active_default_template":true},"categories":[27],"tags":[],"class_list":["post-83345","post","type-post","status-publish","format-standard","has-post-thumbnail","hentry","category-actualite"],"aioseo_notices":[],"yoast_head":"<!-- This site is optimized with the Yoast SEO plugin v27.4 - https:\/\/yoast.com\/product\/yoast-seo-wordpress\/ -->\n<title>L&rsquo;ANP publie son bilan hebdomadaire\u00a0: Reddition d\u2019un terroriste \u00e0 Bordj Badj-Mokhtar - La Sentinelle<\/title>\n<meta name=\"robots\" content=\"index, follow, max-snippet:-1, max-image-preview:large, max-video-preview:-1\" \/>\n<link rel=\"canonical\" href=\"https:\/\/lasentinelle.dz\/index.php\/2026\/03\/11\/lanp-publie-son-bilan-hebdomadaire-reddition-dun-terroriste-a-bordj-badj-mokhtar\/\" \/>\n<meta property=\"og:locale\" content=\"fr_FR\" \/>\n<meta property=\"og:type\" content=\"article\" \/>\n<meta property=\"og:title\" content=\"L&rsquo;ANP publie son bilan hebdomadaire\u00a0: Reddition d\u2019un terroriste \u00e0 Bordj Badj-Mokhtar - La Sentinelle\" \/>\n<meta property=\"og:description\" content=\"Un terroriste s&rsquo;est rendu aux autorit\u00e9s militaires de Bordj Badji Mokhtar, tandis que quatre \u00e9l\u00e9ments de soutien aux groupes terroristes\" \/>\n<meta property=\"og:url\" content=\"https:\/\/lasentinelle.dz\/index.php\/2026\/03\/11\/lanp-publie-son-bilan-hebdomadaire-reddition-dun-terroriste-a-bordj-badj-mokhtar\/\" \/>\n<meta property=\"og:site_name\" content=\"La Sentinelle\" \/>\n<meta property=\"article:publisher\" content=\"https:\/\/www.facebook.com\/La-Sentinelle-104059864394773\" \/>\n<meta property=\"article:published_time\" content=\"2026-03-11T20:46:38+00:00\" \/>\n<meta property=\"article:modified_time\" content=\"2026-03-11T20:46:39+00:00\" \/>\n<meta property=\"og:image\" content=\"https:\/\/lasentinelle.dz\/wp-content\/uploads\/2026\/03\/lutte11032026_1.jpg\" \/>\n\t<meta property=\"og:image:width\" content=\"800\" \/>\n\t<meta property=\"og:image:height\" content=\"425\" \/>\n\t<meta property=\"og:image:type\" content=\"image\/jpeg\" \/>\n<meta name=\"author\" content=\"admin\" \/>\n<meta name=\"twitter:card\" content=\"summary_large_image\" \/>\n<meta name=\"twitter:label1\" content=\"\u00c9crit par\" \/>\n\t<meta name=\"twitter:data1\" content=\"admin\" \/>\n\t<meta name=\"twitter:label2\" content=\"Dur\u00e9e de lecture estim\u00e9e\" \/>\n\t<meta name=\"twitter:data2\" content=\"3 minutes\" \/>\n<script type=\"application\/ld+json\" class=\"yoast-schema-graph\">{\"@context\":\"https:\\\/\\\/schema.org\",\"@graph\":[{\"@type\":\"Article\",\"@id\":\"https:\\\/\\\/lasentinelle.dz\\\/index.php\\\/2026\\\/03\\\/11\\\/lanp-publie-son-bilan-hebdomadaire-reddition-dun-terroriste-a-bordj-badj-mokhtar\\\/#article\",\"isPartOf\":{\"@id\":\"https:\\\/\\\/lasentinelle.dz\\\/index.php\\\/2026\\\/03\\\/11\\\/lanp-publie-son-bilan-hebdomadaire-reddition-dun-terroriste-a-bordj-badj-mokhtar\\\/\"},\"author\":{\"name\":\"admin\",\"@id\":\"https:\\\/\\\/lasentinelle.dz\\\/#\\\/schema\\\/person\\\/729ee0024f24e0b8c5ec17232f8e8b41\"},\"headline\":\"L&rsquo;ANP publie son bilan hebdomadaire\u00a0: Reddition d\u2019un terroriste \u00e0 Bordj Badj-Mokhtar\",\"datePublished\":\"2026-03-11T20:46:38+00:00\",\"dateModified\":\"2026-03-11T20:46:39+00:00\",\"mainEntityOfPage\":{\"@id\":\"https:\\\/\\\/lasentinelle.dz\\\/index.php\\\/2026\\\/03\\\/11\\\/lanp-publie-son-bilan-hebdomadaire-reddition-dun-terroriste-a-bordj-badj-mokhtar\\\/\"},\"wordCount\":460,\"commentCount\":0,\"publisher\":{\"@id\":\"https:\\\/\\\/lasentinelle.dz\\\/#organization\"},\"image\":{\"@id\":\"https:\\\/\\\/lasentinelle.dz\\\/index.php\\\/2026\\\/03\\\/11\\\/lanp-publie-son-bilan-hebdomadaire-reddition-dun-terroriste-a-bordj-badj-mokhtar\\\/#primaryimage\"},\"thumbnailUrl\":\"https:\\\/\\\/lasentinelle.dz\\\/wp-content\\\/uploads\\\/2026\\\/03\\\/lutte11032026_1.jpg\",\"articleSection\":[\"Actualit\u00e9\"],\"inLanguage\":\"fr-FR\",\"potentialAction\":[{\"@type\":\"CommentAction\",\"name\":\"Comment\",\"target\":[\"https:\\\/\\\/lasentinelle.dz\\\/index.php\\\/2026\\\/03\\\/11\\\/lanp-publie-son-bilan-hebdomadaire-reddition-dun-terroriste-a-bordj-badj-mokhtar\\\/#respond\"]}]},{\"@type\":\"WebPage\",\"@id\":\"https:\\\/\\\/lasentinelle.dz\\\/index.php\\\/2026\\\/03\\\/11\\\/lanp-publie-son-bilan-hebdomadaire-reddition-dun-terroriste-a-bordj-badj-mokhtar\\\/\",\"url\":\"https:\\\/\\\/lasentinelle.dz\\\/index.php\\\/2026\\\/03\\\/11\\\/lanp-publie-son-bilan-hebdomadaire-reddition-dun-terroriste-a-bordj-badj-mokhtar\\\/\",\"name\":\"L&rsquo;ANP publie son bilan hebdomadaire\u00a0: Reddition d\u2019un terroriste \u00e0 Bordj Badj-Mokhtar - La Sentinelle\",\"isPartOf\":{\"@id\":\"https:\\\/\\\/lasentinelle.dz\\\/#website\"},\"primaryImageOfPage\":{\"@id\":\"https:\\\/\\\/lasentinelle.dz\\\/index.php\\\/2026\\\/03\\\/11\\\/lanp-publie-son-bilan-hebdomadaire-reddition-dun-terroriste-a-bordj-badj-mokhtar\\\/#primaryimage\"},\"image\":{\"@id\":\"https:\\\/\\\/lasentinelle.dz\\\/index.php\\\/2026\\\/03\\\/11\\\/lanp-publie-son-bilan-hebdomadaire-reddition-dun-terroriste-a-bordj-badj-mokhtar\\\/#primaryimage\"},\"thumbnailUrl\":\"https:\\\/\\\/lasentinelle.dz\\\/wp-content\\\/uploads\\\/2026\\\/03\\\/lutte11032026_1.jpg\",\"datePublished\":\"2026-03-11T20:46:38+00:00\",\"dateModified\":\"2026-03-11T20:46:39+00:00\",\"breadcrumb\":{\"@id\":\"https:\\\/\\\/lasentinelle.dz\\\/index.php\\\/2026\\\/03\\\/11\\\/lanp-publie-son-bilan-hebdomadaire-reddition-dun-terroriste-a-bordj-badj-mokhtar\\\/#breadcrumb\"},\"inLanguage\":\"fr-FR\",\"potentialAction\":[{\"@type\":\"ReadAction\",\"target\":[\"https:\\\/\\\/lasentinelle.dz\\\/index.php\\\/2026\\\/03\\\/11\\\/lanp-publie-son-bilan-hebdomadaire-reddition-dun-terroriste-a-bordj-badj-mokhtar\\\/\"]}]},{\"@type\":\"ImageObject\",\"inLanguage\":\"fr-FR\",\"@id\":\"https:\\\/\\\/lasentinelle.dz\\\/index.php\\\/2026\\\/03\\\/11\\\/lanp-publie-son-bilan-hebdomadaire-reddition-dun-terroriste-a-bordj-badj-mokhtar\\\/#primaryimage\",\"url\":\"https:\\\/\\\/lasentinelle.dz\\\/wp-content\\\/uploads\\\/2026\\\/03\\\/lutte11032026_1.jpg\",\"contentUrl\":\"https:\\\/\\\/lasentinelle.dz\\\/wp-content\\\/uploads\\\/2026\\\/03\\\/lutte11032026_1.jpg\",\"width\":800,\"height\":425},{\"@type\":\"BreadcrumbList\",\"@id\":\"https:\\\/\\\/lasentinelle.dz\\\/index.php\\\/2026\\\/03\\\/11\\\/lanp-publie-son-bilan-hebdomadaire-reddition-dun-terroriste-a-bordj-badj-mokhtar\\\/#breadcrumb\",\"itemListElement\":[{\"@type\":\"ListItem\",\"position\":1,\"name\":\"Accueil\",\"item\":\"https:\\\/\\\/lasentinelle.dz\\\/\"},{\"@type\":\"ListItem\",\"position\":2,\"name\":\"L&rsquo;ANP publie son bilan hebdomadaire\u00a0: Reddition d\u2019un terroriste \u00e0 Bordj Badj-Mokhtar\"}]},{\"@type\":\"WebSite\",\"@id\":\"https:\\\/\\\/lasentinelle.dz\\\/#website\",\"url\":\"https:\\\/\\\/lasentinelle.dz\\\/\",\"name\":\"La Sentinelle\",\"description\":\"Quotidien national d&#039;information\",\"publisher\":{\"@id\":\"https:\\\/\\\/lasentinelle.dz\\\/#organization\"},\"potentialAction\":[{\"@type\":\"SearchAction\",\"target\":{\"@type\":\"EntryPoint\",\"urlTemplate\":\"https:\\\/\\\/lasentinelle.dz\\\/?s={search_term_string}\"},\"query-input\":{\"@type\":\"PropertyValueSpecification\",\"valueRequired\":true,\"valueName\":\"search_term_string\"}}],\"inLanguage\":\"fr-FR\"},{\"@type\":\"Organization\",\"@id\":\"https:\\\/\\\/lasentinelle.dz\\\/#organization\",\"name\":\"Quotidien La Sentinelle\",\"url\":\"https:\\\/\\\/lasentinelle.dz\\\/\",\"logo\":{\"@type\":\"ImageObject\",\"inLanguage\":\"fr-FR\",\"@id\":\"https:\\\/\\\/lasentinelle.dz\\\/#\\\/schema\\\/logo\\\/image\\\/\",\"url\":\"https:\\\/\\\/lasentinelle.dz\\\/wp-content\\\/uploads\\\/2021\\\/09\\\/logo-sentinelleSLOGAN-1.png\",\"contentUrl\":\"https:\\\/\\\/lasentinelle.dz\\\/wp-content\\\/uploads\\\/2021\\\/09\\\/logo-sentinelleSLOGAN-1.png\",\"width\":615,\"height\":142,\"caption\":\"Quotidien La Sentinelle\"},\"image\":{\"@id\":\"https:\\\/\\\/lasentinelle.dz\\\/#\\\/schema\\\/logo\\\/image\\\/\"},\"sameAs\":[\"https:\\\/\\\/www.facebook.com\\\/La-Sentinelle-104059864394773\"]},{\"@type\":\"Person\",\"@id\":\"https:\\\/\\\/lasentinelle.dz\\\/#\\\/schema\\\/person\\\/729ee0024f24e0b8c5ec17232f8e8b41\",\"name\":\"admin\",\"image\":{\"@type\":\"ImageObject\",\"inLanguage\":\"fr-FR\",\"@id\":\"https:\\\/\\\/secure.gravatar.com\\\/avatar\\\/4c81fed838786e9b53f540bf46533e750f5d292099ae3b66cfc6fb1982e29df7?s=96&d=mm&r=g\",\"url\":\"https:\\\/\\\/secure.gravatar.com\\\/avatar\\\/4c81fed838786e9b53f540bf46533e750f5d292099ae3b66cfc6fb1982e29df7?s=96&d=mm&r=g\",\"contentUrl\":\"https:\\\/\\\/secure.gravatar.com\\\/avatar\\\/4c81fed838786e9b53f540bf46533e750f5d292099ae3b66cfc6fb1982e29df7?s=96&d=mm&r=g\",\"caption\":\"admin\"},\"description\":\"admin\",\"url\":\"https:\\\/\\\/lasentinelle.dz\\\/author\\\/admin\\\/\"}]}<\/script>\n<!-- \/ Yoast SEO plugin. -->","yoast_head_json":{"title":"L&rsquo;ANP publie son bilan hebdomadaire\u00a0: Reddition d\u2019un terroriste \u00e0 Bordj Badj-Mokhtar - La Sentinelle","robots":{"index":"index","follow":"follow","max-snippet":"max-snippet:-1","max-image-preview":"max-image-preview:large","max-video-preview":"max-video-preview:-1"},"canonical":"https:\/\/lasentinelle.dz\/index.php\/2026\/03\/11\/lanp-publie-son-bilan-hebdomadaire-reddition-dun-terroriste-a-bordj-badj-mokhtar\/","og_locale":"fr_FR","og_type":"article","og_title":"L&rsquo;ANP publie son bilan hebdomadaire\u00a0: Reddition d\u2019un terroriste \u00e0 Bordj Badj-Mokhtar - La Sentinelle","og_description":"Un terroriste s&rsquo;est rendu aux autorit\u00e9s militaires de Bordj Badji Mokhtar, tandis que quatre \u00e9l\u00e9ments de soutien aux groupes terroristes","og_url":"https:\/\/lasentinelle.dz\/index.php\/2026\/03\/11\/lanp-publie-son-bilan-hebdomadaire-reddition-dun-terroriste-a-bordj-badj-mokhtar\/","og_site_name":"La Sentinelle","article_publisher":"https:\/\/www.facebook.com\/La-Sentinelle-104059864394773","article_published_time":"2026-03-11T20:46:38+00:00","article_modified_time":"2026-03-11T20:46:39+00:00","og_image":[{"width":800,"height":425,"url":"https:\/\/lasentinelle.dz\/wp-content\/uploads\/2026\/03\/lutte11032026_1.jpg","type":"image\/jpeg"}],"author":"admin","twitter_card":"summary_large_image","twitter_misc":{"\u00c9crit par":"admin","Dur\u00e9e de lecture estim\u00e9e":"3 minutes"},"schema":{"@context":"https:\/\/schema.org","@graph":[{"@type":"Article","@id":"https:\/\/lasentinelle.dz\/index.php\/2026\/03\/11\/lanp-publie-son-bilan-hebdomadaire-reddition-dun-terroriste-a-bordj-badj-mokhtar\/#article","isPartOf":{"@id":"https:\/\/lasentinelle.dz\/index.php\/2026\/03\/11\/lanp-publie-son-bilan-hebdomadaire-reddition-dun-terroriste-a-bordj-badj-mokhtar\/"},"author":{"name":"admin","@id":"https:\/\/lasentinelle.dz\/#\/schema\/person\/729ee0024f24e0b8c5ec17232f8e8b41"},"headline":"L&rsquo;ANP publie son bilan hebdomadaire\u00a0: Reddition d\u2019un terroriste \u00e0 Bordj Badj-Mokhtar","datePublished":"2026-03-11T20:46:38+00:00","dateModified":"2026-03-11T20:46:39+00:00","mainEntityOfPage":{"@id":"https:\/\/lasentinelle.dz\/index.php\/2026\/03\/11\/lanp-publie-son-bilan-hebdomadaire-reddition-dun-terroriste-a-bordj-badj-mokhtar\/"},"wordCount":460,"commentCount":0,"publisher":{"@id":"https:\/\/lasentinelle.dz\/#organization"},"image":{"@id":"https:\/\/lasentinelle.dz\/index.php\/2026\/03\/11\/lanp-publie-son-bilan-hebdomadaire-reddition-dun-terroriste-a-bordj-badj-mokhtar\/#primaryimage"},"thumbnailUrl":"https:\/\/lasentinelle.dz\/wp-content\/uploads\/2026\/03\/lutte11032026_1.jpg","articleSection":["Actualit\u00e9"],"inLanguage":"fr-FR","potentialAction":[{"@type":"CommentAction","name":"Comment","target":["https:\/\/lasentinelle.dz\/index.php\/2026\/03\/11\/lanp-publie-son-bilan-hebdomadaire-reddition-dun-terroriste-a-bordj-badj-mokhtar\/#respond"]}]},{"@type":"WebPage","@id":"https:\/\/lasentinelle.dz\/index.php\/2026\/03\/11\/lanp-publie-son-bilan-hebdomadaire-reddition-dun-terroriste-a-bordj-badj-mokhtar\/","url":"https:\/\/lasentinelle.dz\/index.php\/2026\/03\/11\/lanp-publie-son-bilan-hebdomadaire-reddition-dun-terroriste-a-bordj-badj-mokhtar\/","name":"L&rsquo;ANP publie son bilan hebdomadaire\u00a0: Reddition d\u2019un terroriste \u00e0 Bordj Badj-Mokhtar - La Sentinelle","isPartOf":{"@id":"https:\/\/lasentinelle.dz\/#website"},"primaryImageOfPage":{"@id":"https:\/\/lasentinelle.dz\/index.php\/2026\/03\/11\/lanp-publie-son-bilan-hebdomadaire-reddition-dun-terroriste-a-bordj-badj-mokhtar\/#primaryimage"},"image":{"@id":"https:\/\/lasentinelle.dz\/index.php\/2026\/03\/11\/lanp-publie-son-bilan-hebdomadaire-reddition-dun-terroriste-a-bordj-badj-mokhtar\/#primaryimage"},"thumbnailUrl":"https:\/\/lasentinelle.dz\/wp-content\/uploads\/2026\/03\/lutte11032026_1.jpg","datePublished":"2026-03-11T20:46:38+00:00","dateModified":"2026-03-11T20:46:39+00:00","breadcrumb":{"@id":"https:\/\/lasentinelle.dz\/index.php\/2026\/03\/11\/lanp-publie-son-bilan-hebdomadaire-reddition-dun-terroriste-a-bordj-badj-mokhtar\/#breadcrumb"},"inLanguage":"fr-FR","potentialAction":[{"@type":"ReadAction","target":["https:\/\/lasentinelle.dz\/index.php\/2026\/03\/11\/lanp-publie-son-bilan-hebdomadaire-reddition-dun-terroriste-a-bordj-badj-mokhtar\/"]}]},{"@type":"ImageObject","inLanguage":"fr-FR","@id":"https:\/\/lasentinelle.dz\/index.php\/2026\/03\/11\/lanp-publie-son-bilan-hebdomadaire-reddition-dun-terroriste-a-bordj-badj-mokhtar\/#primaryimage","url":"https:\/\/lasentinelle.dz\/wp-content\/uploads\/2026\/03\/lutte11032026_1.jpg","contentUrl":"https:\/\/lasentinelle.dz\/wp-content\/uploads\/2026\/03\/lutte11032026_1.jpg","width":800,"height":425},{"@type":"BreadcrumbList","@id":"https:\/\/lasentinelle.dz\/index.php\/2026\/03\/11\/lanp-publie-son-bilan-hebdomadaire-reddition-dun-terroriste-a-bordj-badj-mokhtar\/#breadcrumb","itemListElement":[{"@type":"ListItem","position":1,"name":"Accueil","item":"https:\/\/lasentinelle.dz\/"},{"@type":"ListItem","position":2,"name":"L&rsquo;ANP publie son bilan hebdomadaire\u00a0: Reddition d\u2019un terroriste \u00e0 Bordj Badj-Mokhtar"}]},{"@type":"WebSite","@id":"https:\/\/lasentinelle.dz\/#website","url":"https:\/\/lasentinelle.dz\/","name":"La Sentinelle","description":"Quotidien national d&#039;information","publisher":{"@id":"https:\/\/lasentinelle.dz\/#organization"},"potentialAction":[{"@type":"SearchAction","target":{"@type":"EntryPoint","urlTemplate":"https:\/\/lasentinelle.dz\/?s={search_term_string}"},"query-input":{"@type":"PropertyValueSpecification","valueRequired":true,"valueName":"search_term_string"}}],"inLanguage":"fr-FR"},{"@type":"Organization","@id":"https:\/\/lasentinelle.dz\/#organization","name":"Quotidien La Sentinelle","url":"https:\/\/lasentinelle.dz\/","logo":{"@type":"ImageObject","inLanguage":"fr-FR","@id":"https:\/\/lasentinelle.dz\/#\/schema\/logo\/image\/","url":"https:\/\/lasentinelle.dz\/wp-content\/uploads\/2021\/09\/logo-sentinelleSLOGAN-1.png","contentUrl":"https:\/\/lasentinelle.dz\/wp-content\/uploads\/2021\/09\/logo-sentinelleSLOGAN-1.png","width":615,"height":142,"caption":"Quotidien La Sentinelle"},"image":{"@id":"https:\/\/lasentinelle.dz\/#\/schema\/logo\/image\/"},"sameAs":["https:\/\/www.facebook.com\/La-Sentinelle-104059864394773"]},{"@type":"Person","@id":"https:\/\/lasentinelle.dz\/#\/schema\/person\/729ee0024f24e0b8c5ec17232f8e8b41","name":"admin","image":{"@type":"ImageObject","inLanguage":"fr-FR","@id":"https:\/\/secure.gravatar.com\/avatar\/4c81fed838786e9b53f540bf46533e750f5d292099ae3b66cfc6fb1982e29df7?s=96&d=mm&r=g","url":"https:\/\/secure.gravatar.com\/avatar\/4c81fed838786e9b53f540bf46533e750f5d292099ae3b66cfc6fb1982e29df7?s=96&d=mm&r=g","contentUrl":"https:\/\/secure.gravatar.com\/avatar\/4c81fed838786e9b53f540bf46533e750f5d292099ae3b66cfc6fb1982e29df7?s=96&d=mm&r=g","caption":"admin"},"description":"admin","url":"https:\/\/lasentinelle.dz\/author\/admin\/"}]}},"_links":{"self":[{"href":"https:\/\/lasentinelle.dz\/index.php\/wp-json\/wp\/v2\/posts\/83345","targetHints":{"allow":["GET"]}}],"collection":[{"href":"https:\/\/lasentinelle.dz\/index.php\/wp-json\/wp\/v2\/posts"}],"about":[{"href":"https:\/\/lasentinelle.dz\/index.php\/wp-json\/wp\/v2\/types\/post"}],"author":[{"embeddable":true,"href":"https:\/\/lasentinelle.dz\/index.php\/wp-json\/wp\/v2\/users\/6"}],"replies":[{"embeddable":true,"href":"https:\/\/lasentinelle.dz\/index.php\/wp-json\/wp\/v2\/comments?post=83345"}],"version-history":[{"count":2,"href":"https:\/\/lasentinelle.dz\/index.php\/wp-json\/wp\/v2\/posts\/83345\/revisions"}],"predecessor-version":[{"id":83348,"href":"https:\/\/lasentinelle.dz\/index.php\/wp-json\/wp\/v2\/posts\/83345\/revisions\/83348"}],"wp:featuredmedia":[{"embeddable":true,"href":"https:\/\/lasentinelle.dz\/index.php\/wp-json\/wp\/v2\/media\/83346"}],"wp:attachment":[{"href":"https:\/\/lasentinelle.dz\/index.php\/wp-json\/wp\/v2\/media?parent=83345"}],"wp:term":[{"taxonomy":"category","embeddable":true,"href":"https:\/\/lasentinelle.dz\/index.php\/wp-json\/wp\/v2\/categories?post=83345"},{"taxonomy":"post_tag","embeddable":true,"href":"https:\/\/lasentinelle.dz\/index.php\/wp-json\/wp\/v2\/tags?post=83345"}],"curies":[{"name":"wp","href":"https:\/\/api.w.org\/{rel}","templated":true}]}}