{"id":83349,"date":"2026-03-11T21:47:44","date_gmt":"2026-03-11T20:47:44","guid":{"rendered":"https:\/\/lasentinelle.dz\/?p=83349"},"modified":"2026-03-11T21:47:46","modified_gmt":"2026-03-11T20:47:46","slug":"lanp-reaffirme-ses-engagements-et-pointe-les-nouvelles-menaces-notre-doctrine-est-pragmatique","status":"publish","type":"post","link":"https:\/\/lasentinelle.dz\/index.php\/2026\/03\/11\/lanp-reaffirme-ses-engagements-et-pointe-les-nouvelles-menaces-notre-doctrine-est-pragmatique\/","title":{"rendered":"L&rsquo;ANP r\u00e9affirme ses engagements et pointe les nouvelles menaces\u00a0: \u00ab\u00a0Notre doctrine est pragmatique\u00a0\u00bb"},"content":{"rendered":"\n<p>En ce mois de mars charg\u00e9 de symboles, la revue <em>El-Dje\u00efch, \u00e9dit\u00e9e par le minist\u00e8re de la D\u00e9fense nationale<\/em> consacre l&rsquo;\u00e9ditorial de son num\u00e9ro de mars \u00e0 la doctrine de l&rsquo;Alg\u00e9rie nouvelle, qu&rsquo;elle d\u00e9finit comme \u00ab pragmatique, \u00e9troitement li\u00e9e \u00e0 la r\u00e9f\u00e9rence de Novembre et au legs de la glorieuse R\u00e9volution lib\u00e9ratrice \u00bb, tout en d\u00e9signant nomm\u00e9ment le r\u00e9gime marocain comme auteur d&rsquo;une \u00ab guerre d\u00e9clar\u00e9e \u00bb \u00e0 travers le trafic de drogue.<\/p>\n\n\n\n<p>\u00ab Ces jours-ci, nous vivons dans l&rsquo;atmosph\u00e8re du mois de mars, riche en jalons glorieux dans l&rsquo;Histoire de notre pays qui ont port\u00e9 \u00e0 la post\u00e9rit\u00e9 l&rsquo;h\u00e9ro\u00efsme, les sacrifices et les exploits de notre valeureux peuple : le mois des Chouhada qui a vu tomber au champ d&rsquo;honneur la fine fleur des enfants loyaux et fid\u00e8les de l&rsquo;Alg\u00e9rie. \u00bb C&rsquo;est par ces mots que s&rsquo;ouvre l&rsquo;\u00e9ditorial de la revue <em>El-Dje\u00efch<\/em>, organe de l&rsquo;Arm\u00e9e nationale populaire (ANP), dans son \u00e9dition du mois de mars 2026, intitul\u00e9 : \u00ab Notre doctrine est pragmatique, \u00e9troitement li\u00e9e \u00e0 la r\u00e9f\u00e9rence de Novembre \u00bb. La publication rappelle d&#8217;embl\u00e9e la double comm\u00e9moration qui marque ce mois : celle des martyrs de la guerre de lib\u00e9ration et celle de la f\u00eate de la Victoire, qui \u00ab a consacr\u00e9 la volont\u00e9 du peuple alg\u00e9rien en contraignant le brutal colonisateur fran\u00e7ais \u00e0 se soumettre et \u00e0 reconna\u00eetre notre droit l\u00e9gitime \u00e0 l&rsquo;ind\u00e9pendance et \u00e0 la souverainet\u00e9, \u00e0 l&rsquo;issue d&rsquo;une R\u00e9volution grandiose dont l&rsquo;\u00e9cho a r\u00e9sonn\u00e9 de par le monde \u00bb. Ces anniversaires sont c\u00e9l\u00e9br\u00e9s, \u00e9crit <em>El-Dje\u00efch<\/em>, \u00ab \u00e0 l&rsquo;\u00e8re de l&rsquo;Alg\u00e9rie nouvelle qui trace sa voie en remportant de nouvelles victoires et en consolidant les acquis \u00e0 tous les niveaux, que ce soit sur le plan \u00e9conomique, social ou d\u00e9veloppemental \u00bb. La revue souligne que ces avanc\u00e9es se manifestent \u00e0 travers \u00ab les grandes r\u00e9alisations qui ont \u00e9t\u00e9 accueillies avec satisfaction par le citoyen pour qui, d\u00e9sormais, le changement est une r\u00e9alit\u00e9 tangible qu&rsquo;il ressent dans sa vie quotidienne, \u00e0 travers les diff\u00e9rents projets strat\u00e9giques engag\u00e9s \u00bb. Ces projets sont pr\u00e9sent\u00e9s comme l&rsquo;illustration directe du message du pr\u00e9sident de la R\u00e9publique, M. Abdelmadjid Tebboune, chef supr\u00eame des Forces arm\u00e9es et ministre de la D\u00e9fense nationale, qui avait d\u00e9clar\u00e9, \u00e0 l&rsquo;occasion du double anniversaire de la cr\u00e9ation de l&rsquo;UGTA et de la nationalisation des hydrocarbures, que \u00ab les politiques nationales actuelles reposent sur le crit\u00e8re de l&rsquo;efficacit\u00e9 et du r\u00e9alisme, ainsi que sur la justesse d&rsquo;une d\u00e9cision politique souveraine \u00bb. C&rsquo;est \u00e0 partir de cette affirmation pr\u00e9sidentielle qu&rsquo;<em>El-Dje\u00efch<\/em> formule sa d\u00e9finition de la doctrine nationale : \u00ab une orientation qui exprime la doctrine de l&rsquo;Alg\u00e9rie nouvelle et victorieuse, une doctrine \u00e9troitement li\u00e9e \u00e0 la r\u00e9f\u00e9rence de Novembre et au legs de la glorieuse R\u00e9volution lib\u00e9ratrice, une doctrine pragmatique, \u00e0 tous \u00e9gards, dans l&rsquo;\u00e9tablissement de passerelles de coop\u00e9ration et de partenariat avec tous, dans tous les continents, sur la base des int\u00e9r\u00eats et des avantages mutuels \u00bb.<\/p>\n\n\n\n<p>Sur le plan international, la revue souligne que \u00ab les mutations que conna\u00eet notre pays ne se refl\u00e8tent pas seulement \u00e0 travers la dynamique de d\u00e9veloppement \u00e0 l&rsquo;\u00e9chelle locale et nationale, mais aussi dans la place de premier plan qu&rsquo;occupe l&rsquo;Alg\u00e9rie aux niveaux r\u00e9gional et international, en s&rsquo;imposant comme un partenaire fiable pour diff\u00e9rents pays dans le monde, gr\u00e2ce \u00e0 sa politique pragmatique et \u00e0 ses engagements fermes et sinc\u00e8res \u00bb. La publication met en avant \u00ab le renforcement de la confiance en elle des fr\u00e8res africains pour avoir port\u00e9 haut et fort les pr\u00e9occupations et aspirations des peuples du continent \u00bb. L&rsquo;Alg\u00e9rie est , souligne l\u2019\u00e9dito,\u00ab la voix de la sagesse et de l&rsquo;\u00e9quit\u00e9 qui plaide en permanence pour l&rsquo;unification de la voix du continent et milite pour que le principe des solutions africaines aux probl\u00e8mes africains soit une r\u00e9alit\u00e9 concr\u00e8te \u00bb. Dans ce cadre, <em>El-Dje\u00efch<\/em> rappelle que l&rsquo;Alg\u00e9rie \u00ab n&rsquo;a eu de cesse d&rsquo;appeler \u00e0 la n\u00e9cessit\u00e9 d&rsquo;\u0153uvrer \u00e0 ce que l&rsquo;Union africaine soit plus efficace et plus influente, capable de r\u00e9pondre aux aspirations des peuples de notre continent et de renforcer la position de l&rsquo;Afrique en tant qu&rsquo;acteur responsable qui p\u00e8se dans le syst\u00e8me international \u00bb et que \u00ab soit mis fin \u00e0 l&rsquo;injustice historique que le continent africain continue de subir \u00bb.<\/p>\n\n\n\n<p><strong>Une de la drogue d\u00e9clar\u00e9e par le Makhzen<\/strong><\/p>\n\n\n\n<p>Sur le plan s\u00e9curitaire, le ton de l&rsquo;\u00e9ditorial se fait plus ferme. La publication rappelle que l&rsquo;ANP, \u00ab digne h\u00e9riti\u00e8re de l&rsquo;Arm\u00e9e de lib\u00e9ration nationale, continue de d\u00e9fendre et de pr\u00e9server \u00bb la souverainet\u00e9 nationale \u00ab contre tous ceux qui tenteraient de violer la moindre parcelle de notre territoire sacr\u00e9, de porter atteinte \u00e0 notre int\u00e9grit\u00e9 territoriale et \u00e0 l&rsquo;unit\u00e9 de notre peuple \u00bb. \u00c0 cet effet, l&rsquo;arm\u00e9e d\u00e9ploie \u00ab des efforts acharn\u00e9s dans le domaine de la s\u00e9curisation de nos fronti\u00e8res, de la lutte contre les r\u00e9sidus du terrorisme ainsi que le crime organis\u00e9 sous toutes ses formes \u00bb.<\/p>\n\n\n\n<p><em>El-Dje\u00efch<\/em> point du doigt explicitement le Maroc dans ce volet s\u00e9curitaire, \u00e9voquant \u00ab une guerre d\u00e9clar\u00e9e \u00e0 notre pays par le r\u00e9gime du Makhzen \u00e0 travers ses multiples et d\u00e9sesp\u00e9r\u00e9es tentatives d&rsquo;inonder notre pays de ces poisons \u00bb que constituent les drogues. Le trafic de stup\u00e9fiants est d\u00e9sign\u00e9 comme faisant partie d&rsquo;un \u00ab plan malveillant visant \u00e0 saper la coh\u00e9sion sociale et le d\u00e9veloppement \u00e9conomique de notre Patrie \u00bb. La revue cite \u00e0 l&rsquo;appui de ce volet la d\u00e9termination exprim\u00e9e par le G\u00e9n\u00e9ral d&rsquo;Arm\u00e9e Sa\u00efd Chanegriha, ministre d\u00e9l\u00e9gu\u00e9 aupr\u00e8s du ministre de la D\u00e9fense nationale et chef d&rsquo;\u00c9tat-major de l&rsquo;ANP, de remporter \u00ab le pari de la concr\u00e9tisation sur le terrain de l&rsquo;approche adopt\u00e9e dans le domaine de la lutte contre le fl\u00e9au du terrorisme et de son id\u00e9ologie obscurantiste \u00bb et de \u00ab purifier la terre d&rsquo;Alg\u00e9rie de sa souillure, ainsi que dans la lutte contre toutes les formes du crime organis\u00e9 et de la contrebande transfrontali\u00e8re \u00bb. En conclusion de son \u00e9ditorial, la revue de l&rsquo;ANP appelle \u00e0 une mobilisation collective, affirmant que \u00ab pr\u00e9server ce pr\u00e9cieux acquis et faire \u00e9chec \u00e0 tous les plans odieux visant \u00e0 saper la stabilit\u00e9 et la qui\u00e9tude de notre pays constituent un devoir qui est de notre responsabilit\u00e9 \u00e0 tous, qui en appelle \u00e0 une conscience aigu\u00eb des d\u00e9fis ainsi qu&rsquo;\u00e0 la conjugaison des efforts de tous \u00bb. La femme alg\u00e9rienne est explicitement associ\u00e9e \u00e0 cet appel : <em>El-Dje\u00efch<\/em> lui rend hommage \u00e0 l&rsquo;occasion de sa Journ\u00e9e internationale, soulignant qu&rsquo;elle \u00ab prouve, jour apr\u00e8s jour, son r\u00f4le actif dans la soci\u00e9t\u00e9 et sa place centrale dans de nombreux secteurs, avan\u00e7ant sur la trace de ses a\u00een\u00e9es qui ont inscrit leur nom en lettres d&rsquo;or dans le registre de la lutte h\u00e9ro\u00efque contre l&rsquo;occupant brutal \u00bb.<\/p>\n\n\n\n<p>Malik Meziane<\/p>\n","protected":false},"excerpt":{"rendered":"<p>En ce mois de mars charg\u00e9 de symboles, la revue El-Dje\u00efch, \u00e9dit\u00e9e par le minist\u00e8re de la D\u00e9fense nationale consacre<\/p>\n","protected":false},"author":6,"featured_media":83350,"comment_status":"open","ping_status":"closed","sticky":false,"template":"","format":"standard","meta":{"colormag_page_container_layout":"default_layout","colormag_page_sidebar_layout":"default_layout","om_disable_all_campaigns":false,"_monsterinsights_skip_tracking":false,"_monsterinsights_sitenote_active":false,"_monsterinsights_sitenote_note":"","_monsterinsights_sitenote_category":0,"footnotes":"","_wpscppro_dont_share_socialmedia":false,"_wpscppro_custom_social_share_image":0,"_facebook_share_type":"default","_twitter_share_type":"default","_linkedin_share_type":"default","_pinterest_share_type":"default","_linkedin_share_type_page":"","_instagram_share_type":"default","_medium_share_type":"default","_threads_share_type":"default","_google_business_share_type":"default","_selected_social_profile":[],"_wpsp_enable_custom_social_template":false,"_wpsp_social_scheduling":{"enabled":false,"datetime":null,"platforms":[],"status":"template_only","dateOption":"today","timeOption":"now","customDays":"","customHours":"","customDate":"","customTime":"","schedulingType":"absolute"},"_wpsp_active_default_template":true},"categories":[52,27],"tags":[],"class_list":["post-83349","post","type-post","status-publish","format-standard","has-post-thumbnail","hentry","category-a-la-une","category-actualite"],"aioseo_notices":[],"yoast_head":"<!-- This site is optimized with the Yoast SEO plugin v27.4 - https:\/\/yoast.com\/product\/yoast-seo-wordpress\/ -->\n<title>L&rsquo;ANP r\u00e9affirme ses engagements et pointe les nouvelles menaces\u00a0: \u00ab\u00a0Notre doctrine est pragmatique\u00a0\u00bb - La Sentinelle<\/title>\n<meta name=\"robots\" content=\"index, follow, max-snippet:-1, max-image-preview:large, max-video-preview:-1\" \/>\n<link rel=\"canonical\" href=\"https:\/\/lasentinelle.dz\/index.php\/2026\/03\/11\/lanp-reaffirme-ses-engagements-et-pointe-les-nouvelles-menaces-notre-doctrine-est-pragmatique\/\" \/>\n<meta property=\"og:locale\" content=\"fr_FR\" \/>\n<meta property=\"og:type\" content=\"article\" \/>\n<meta property=\"og:title\" content=\"L&rsquo;ANP r\u00e9affirme ses engagements et pointe les nouvelles menaces\u00a0: \u00ab\u00a0Notre doctrine est pragmatique\u00a0\u00bb - La Sentinelle\" \/>\n<meta property=\"og:description\" content=\"En ce mois de mars charg\u00e9 de symboles, la revue El-Dje\u00efch, \u00e9dit\u00e9e par le minist\u00e8re de la D\u00e9fense nationale consacre\" \/>\n<meta property=\"og:url\" content=\"https:\/\/lasentinelle.dz\/index.php\/2026\/03\/11\/lanp-reaffirme-ses-engagements-et-pointe-les-nouvelles-menaces-notre-doctrine-est-pragmatique\/\" \/>\n<meta property=\"og:site_name\" content=\"La Sentinelle\" \/>\n<meta property=\"article:publisher\" content=\"https:\/\/www.facebook.com\/La-Sentinelle-104059864394773\" \/>\n<meta property=\"article:published_time\" content=\"2026-03-11T20:47:44+00:00\" \/>\n<meta property=\"article:modified_time\" content=\"2026-03-11T20:47:46+00:00\" \/>\n<meta property=\"og:image\" content=\"https:\/\/lasentinelle.dz\/wp-content\/uploads\/2026\/03\/el-djeich.webp\" \/>\n\t<meta property=\"og:image:width\" content=\"900\" \/>\n\t<meta property=\"og:image:height\" content=\"675\" \/>\n\t<meta property=\"og:image:type\" content=\"image\/webp\" \/>\n<meta name=\"author\" content=\"admin\" \/>\n<meta name=\"twitter:card\" content=\"summary_large_image\" \/>\n<meta name=\"twitter:label1\" content=\"\u00c9crit par\" \/>\n\t<meta name=\"twitter:data1\" content=\"admin\" \/>\n\t<meta name=\"twitter:label2\" content=\"Dur\u00e9e de lecture estim\u00e9e\" \/>\n\t<meta name=\"twitter:data2\" content=\"6 minutes\" \/>\n<script type=\"application\/ld+json\" class=\"yoast-schema-graph\">{\"@context\":\"https:\\\/\\\/schema.org\",\"@graph\":[{\"@type\":\"Article\",\"@id\":\"https:\\\/\\\/lasentinelle.dz\\\/index.php\\\/2026\\\/03\\\/11\\\/lanp-reaffirme-ses-engagements-et-pointe-les-nouvelles-menaces-notre-doctrine-est-pragmatique\\\/#article\",\"isPartOf\":{\"@id\":\"https:\\\/\\\/lasentinelle.dz\\\/index.php\\\/2026\\\/03\\\/11\\\/lanp-reaffirme-ses-engagements-et-pointe-les-nouvelles-menaces-notre-doctrine-est-pragmatique\\\/\"},\"author\":{\"name\":\"admin\",\"@id\":\"https:\\\/\\\/lasentinelle.dz\\\/#\\\/schema\\\/person\\\/729ee0024f24e0b8c5ec17232f8e8b41\"},\"headline\":\"L&rsquo;ANP r\u00e9affirme ses engagements et pointe les nouvelles menaces\u00a0: \u00ab\u00a0Notre doctrine est pragmatique\u00a0\u00bb\",\"datePublished\":\"2026-03-11T20:47:44+00:00\",\"dateModified\":\"2026-03-11T20:47:46+00:00\",\"mainEntityOfPage\":{\"@id\":\"https:\\\/\\\/lasentinelle.dz\\\/index.php\\\/2026\\\/03\\\/11\\\/lanp-reaffirme-ses-engagements-et-pointe-les-nouvelles-menaces-notre-doctrine-est-pragmatique\\\/\"},\"wordCount\":1244,\"commentCount\":0,\"publisher\":{\"@id\":\"https:\\\/\\\/lasentinelle.dz\\\/#organization\"},\"image\":{\"@id\":\"https:\\\/\\\/lasentinelle.dz\\\/index.php\\\/2026\\\/03\\\/11\\\/lanp-reaffirme-ses-engagements-et-pointe-les-nouvelles-menaces-notre-doctrine-est-pragmatique\\\/#primaryimage\"},\"thumbnailUrl\":\"https:\\\/\\\/lasentinelle.dz\\\/wp-content\\\/uploads\\\/2026\\\/03\\\/el-djeich.webp\",\"articleSection\":[\"\u00c0 la Une\",\"Actualit\u00e9\"],\"inLanguage\":\"fr-FR\",\"potentialAction\":[{\"@type\":\"CommentAction\",\"name\":\"Comment\",\"target\":[\"https:\\\/\\\/lasentinelle.dz\\\/index.php\\\/2026\\\/03\\\/11\\\/lanp-reaffirme-ses-engagements-et-pointe-les-nouvelles-menaces-notre-doctrine-est-pragmatique\\\/#respond\"]}]},{\"@type\":\"WebPage\",\"@id\":\"https:\\\/\\\/lasentinelle.dz\\\/index.php\\\/2026\\\/03\\\/11\\\/lanp-reaffirme-ses-engagements-et-pointe-les-nouvelles-menaces-notre-doctrine-est-pragmatique\\\/\",\"url\":\"https:\\\/\\\/lasentinelle.dz\\\/index.php\\\/2026\\\/03\\\/11\\\/lanp-reaffirme-ses-engagements-et-pointe-les-nouvelles-menaces-notre-doctrine-est-pragmatique\\\/\",\"name\":\"L&rsquo;ANP r\u00e9affirme ses engagements et pointe les nouvelles menaces\u00a0: \u00ab\u00a0Notre doctrine est pragmatique\u00a0\u00bb - La Sentinelle\",\"isPartOf\":{\"@id\":\"https:\\\/\\\/lasentinelle.dz\\\/#website\"},\"primaryImageOfPage\":{\"@id\":\"https:\\\/\\\/lasentinelle.dz\\\/index.php\\\/2026\\\/03\\\/11\\\/lanp-reaffirme-ses-engagements-et-pointe-les-nouvelles-menaces-notre-doctrine-est-pragmatique\\\/#primaryimage\"},\"image\":{\"@id\":\"https:\\\/\\\/lasentinelle.dz\\\/index.php\\\/2026\\\/03\\\/11\\\/lanp-reaffirme-ses-engagements-et-pointe-les-nouvelles-menaces-notre-doctrine-est-pragmatique\\\/#primaryimage\"},\"thumbnailUrl\":\"https:\\\/\\\/lasentinelle.dz\\\/wp-content\\\/uploads\\\/2026\\\/03\\\/el-djeich.webp\",\"datePublished\":\"2026-03-11T20:47:44+00:00\",\"dateModified\":\"2026-03-11T20:47:46+00:00\",\"breadcrumb\":{\"@id\":\"https:\\\/\\\/lasentinelle.dz\\\/index.php\\\/2026\\\/03\\\/11\\\/lanp-reaffirme-ses-engagements-et-pointe-les-nouvelles-menaces-notre-doctrine-est-pragmatique\\\/#breadcrumb\"},\"inLanguage\":\"fr-FR\",\"potentialAction\":[{\"@type\":\"ReadAction\",\"target\":[\"https:\\\/\\\/lasentinelle.dz\\\/index.php\\\/2026\\\/03\\\/11\\\/lanp-reaffirme-ses-engagements-et-pointe-les-nouvelles-menaces-notre-doctrine-est-pragmatique\\\/\"]}]},{\"@type\":\"ImageObject\",\"inLanguage\":\"fr-FR\",\"@id\":\"https:\\\/\\\/lasentinelle.dz\\\/index.php\\\/2026\\\/03\\\/11\\\/lanp-reaffirme-ses-engagements-et-pointe-les-nouvelles-menaces-notre-doctrine-est-pragmatique\\\/#primaryimage\",\"url\":\"https:\\\/\\\/lasentinelle.dz\\\/wp-content\\\/uploads\\\/2026\\\/03\\\/el-djeich.webp\",\"contentUrl\":\"https:\\\/\\\/lasentinelle.dz\\\/wp-content\\\/uploads\\\/2026\\\/03\\\/el-djeich.webp\",\"width\":900,\"height\":675},{\"@type\":\"BreadcrumbList\",\"@id\":\"https:\\\/\\\/lasentinelle.dz\\\/index.php\\\/2026\\\/03\\\/11\\\/lanp-reaffirme-ses-engagements-et-pointe-les-nouvelles-menaces-notre-doctrine-est-pragmatique\\\/#breadcrumb\",\"itemListElement\":[{\"@type\":\"ListItem\",\"position\":1,\"name\":\"Accueil\",\"item\":\"https:\\\/\\\/lasentinelle.dz\\\/\"},{\"@type\":\"ListItem\",\"position\":2,\"name\":\"L&rsquo;ANP r\u00e9affirme ses engagements et pointe les nouvelles menaces\u00a0: \u00ab\u00a0Notre doctrine est pragmatique\u00a0\u00bb\"}]},{\"@type\":\"WebSite\",\"@id\":\"https:\\\/\\\/lasentinelle.dz\\\/#website\",\"url\":\"https:\\\/\\\/lasentinelle.dz\\\/\",\"name\":\"La Sentinelle\",\"description\":\"Quotidien national d&#039;information\",\"publisher\":{\"@id\":\"https:\\\/\\\/lasentinelle.dz\\\/#organization\"},\"potentialAction\":[{\"@type\":\"SearchAction\",\"target\":{\"@type\":\"EntryPoint\",\"urlTemplate\":\"https:\\\/\\\/lasentinelle.dz\\\/?s={search_term_string}\"},\"query-input\":{\"@type\":\"PropertyValueSpecification\",\"valueRequired\":true,\"valueName\":\"search_term_string\"}}],\"inLanguage\":\"fr-FR\"},{\"@type\":\"Organization\",\"@id\":\"https:\\\/\\\/lasentinelle.dz\\\/#organization\",\"name\":\"Quotidien La Sentinelle\",\"url\":\"https:\\\/\\\/lasentinelle.dz\\\/\",\"logo\":{\"@type\":\"ImageObject\",\"inLanguage\":\"fr-FR\",\"@id\":\"https:\\\/\\\/lasentinelle.dz\\\/#\\\/schema\\\/logo\\\/image\\\/\",\"url\":\"https:\\\/\\\/lasentinelle.dz\\\/wp-content\\\/uploads\\\/2021\\\/09\\\/logo-sentinelleSLOGAN-1.png\",\"contentUrl\":\"https:\\\/\\\/lasentinelle.dz\\\/wp-content\\\/uploads\\\/2021\\\/09\\\/logo-sentinelleSLOGAN-1.png\",\"width\":615,\"height\":142,\"caption\":\"Quotidien La Sentinelle\"},\"image\":{\"@id\":\"https:\\\/\\\/lasentinelle.dz\\\/#\\\/schema\\\/logo\\\/image\\\/\"},\"sameAs\":[\"https:\\\/\\\/www.facebook.com\\\/La-Sentinelle-104059864394773\"]},{\"@type\":\"Person\",\"@id\":\"https:\\\/\\\/lasentinelle.dz\\\/#\\\/schema\\\/person\\\/729ee0024f24e0b8c5ec17232f8e8b41\",\"name\":\"admin\",\"image\":{\"@type\":\"ImageObject\",\"inLanguage\":\"fr-FR\",\"@id\":\"https:\\\/\\\/secure.gravatar.com\\\/avatar\\\/4c81fed838786e9b53f540bf46533e750f5d292099ae3b66cfc6fb1982e29df7?s=96&d=mm&r=g\",\"url\":\"https:\\\/\\\/secure.gravatar.com\\\/avatar\\\/4c81fed838786e9b53f540bf46533e750f5d292099ae3b66cfc6fb1982e29df7?s=96&d=mm&r=g\",\"contentUrl\":\"https:\\\/\\\/secure.gravatar.com\\\/avatar\\\/4c81fed838786e9b53f540bf46533e750f5d292099ae3b66cfc6fb1982e29df7?s=96&d=mm&r=g\",\"caption\":\"admin\"},\"description\":\"admin\",\"url\":\"https:\\\/\\\/lasentinelle.dz\\\/author\\\/admin\\\/\"}]}<\/script>\n<!-- \/ Yoast SEO plugin. -->","yoast_head_json":{"title":"L&rsquo;ANP r\u00e9affirme ses engagements et pointe les nouvelles menaces\u00a0: \u00ab\u00a0Notre doctrine est pragmatique\u00a0\u00bb - La Sentinelle","robots":{"index":"index","follow":"follow","max-snippet":"max-snippet:-1","max-image-preview":"max-image-preview:large","max-video-preview":"max-video-preview:-1"},"canonical":"https:\/\/lasentinelle.dz\/index.php\/2026\/03\/11\/lanp-reaffirme-ses-engagements-et-pointe-les-nouvelles-menaces-notre-doctrine-est-pragmatique\/","og_locale":"fr_FR","og_type":"article","og_title":"L&rsquo;ANP r\u00e9affirme ses engagements et pointe les nouvelles menaces\u00a0: \u00ab\u00a0Notre doctrine est pragmatique\u00a0\u00bb - La Sentinelle","og_description":"En ce mois de mars charg\u00e9 de symboles, la revue El-Dje\u00efch, \u00e9dit\u00e9e par le minist\u00e8re de la D\u00e9fense nationale consacre","og_url":"https:\/\/lasentinelle.dz\/index.php\/2026\/03\/11\/lanp-reaffirme-ses-engagements-et-pointe-les-nouvelles-menaces-notre-doctrine-est-pragmatique\/","og_site_name":"La Sentinelle","article_publisher":"https:\/\/www.facebook.com\/La-Sentinelle-104059864394773","article_published_time":"2026-03-11T20:47:44+00:00","article_modified_time":"2026-03-11T20:47:46+00:00","og_image":[{"width":900,"height":675,"url":"https:\/\/lasentinelle.dz\/wp-content\/uploads\/2026\/03\/el-djeich.webp","type":"image\/webp"}],"author":"admin","twitter_card":"summary_large_image","twitter_misc":{"\u00c9crit par":"admin","Dur\u00e9e de lecture estim\u00e9e":"6 minutes"},"schema":{"@context":"https:\/\/schema.org","@graph":[{"@type":"Article","@id":"https:\/\/lasentinelle.dz\/index.php\/2026\/03\/11\/lanp-reaffirme-ses-engagements-et-pointe-les-nouvelles-menaces-notre-doctrine-est-pragmatique\/#article","isPartOf":{"@id":"https:\/\/lasentinelle.dz\/index.php\/2026\/03\/11\/lanp-reaffirme-ses-engagements-et-pointe-les-nouvelles-menaces-notre-doctrine-est-pragmatique\/"},"author":{"name":"admin","@id":"https:\/\/lasentinelle.dz\/#\/schema\/person\/729ee0024f24e0b8c5ec17232f8e8b41"},"headline":"L&rsquo;ANP r\u00e9affirme ses engagements et pointe les nouvelles menaces\u00a0: \u00ab\u00a0Notre doctrine est pragmatique\u00a0\u00bb","datePublished":"2026-03-11T20:47:44+00:00","dateModified":"2026-03-11T20:47:46+00:00","mainEntityOfPage":{"@id":"https:\/\/lasentinelle.dz\/index.php\/2026\/03\/11\/lanp-reaffirme-ses-engagements-et-pointe-les-nouvelles-menaces-notre-doctrine-est-pragmatique\/"},"wordCount":1244,"commentCount":0,"publisher":{"@id":"https:\/\/lasentinelle.dz\/#organization"},"image":{"@id":"https:\/\/lasentinelle.dz\/index.php\/2026\/03\/11\/lanp-reaffirme-ses-engagements-et-pointe-les-nouvelles-menaces-notre-doctrine-est-pragmatique\/#primaryimage"},"thumbnailUrl":"https:\/\/lasentinelle.dz\/wp-content\/uploads\/2026\/03\/el-djeich.webp","articleSection":["\u00c0 la Une","Actualit\u00e9"],"inLanguage":"fr-FR","potentialAction":[{"@type":"CommentAction","name":"Comment","target":["https:\/\/lasentinelle.dz\/index.php\/2026\/03\/11\/lanp-reaffirme-ses-engagements-et-pointe-les-nouvelles-menaces-notre-doctrine-est-pragmatique\/#respond"]}]},{"@type":"WebPage","@id":"https:\/\/lasentinelle.dz\/index.php\/2026\/03\/11\/lanp-reaffirme-ses-engagements-et-pointe-les-nouvelles-menaces-notre-doctrine-est-pragmatique\/","url":"https:\/\/lasentinelle.dz\/index.php\/2026\/03\/11\/lanp-reaffirme-ses-engagements-et-pointe-les-nouvelles-menaces-notre-doctrine-est-pragmatique\/","name":"L&rsquo;ANP r\u00e9affirme ses engagements et pointe les nouvelles menaces\u00a0: \u00ab\u00a0Notre doctrine est pragmatique\u00a0\u00bb - La Sentinelle","isPartOf":{"@id":"https:\/\/lasentinelle.dz\/#website"},"primaryImageOfPage":{"@id":"https:\/\/lasentinelle.dz\/index.php\/2026\/03\/11\/lanp-reaffirme-ses-engagements-et-pointe-les-nouvelles-menaces-notre-doctrine-est-pragmatique\/#primaryimage"},"image":{"@id":"https:\/\/lasentinelle.dz\/index.php\/2026\/03\/11\/lanp-reaffirme-ses-engagements-et-pointe-les-nouvelles-menaces-notre-doctrine-est-pragmatique\/#primaryimage"},"thumbnailUrl":"https:\/\/lasentinelle.dz\/wp-content\/uploads\/2026\/03\/el-djeich.webp","datePublished":"2026-03-11T20:47:44+00:00","dateModified":"2026-03-11T20:47:46+00:00","breadcrumb":{"@id":"https:\/\/lasentinelle.dz\/index.php\/2026\/03\/11\/lanp-reaffirme-ses-engagements-et-pointe-les-nouvelles-menaces-notre-doctrine-est-pragmatique\/#breadcrumb"},"inLanguage":"fr-FR","potentialAction":[{"@type":"ReadAction","target":["https:\/\/lasentinelle.dz\/index.php\/2026\/03\/11\/lanp-reaffirme-ses-engagements-et-pointe-les-nouvelles-menaces-notre-doctrine-est-pragmatique\/"]}]},{"@type":"ImageObject","inLanguage":"fr-FR","@id":"https:\/\/lasentinelle.dz\/index.php\/2026\/03\/11\/lanp-reaffirme-ses-engagements-et-pointe-les-nouvelles-menaces-notre-doctrine-est-pragmatique\/#primaryimage","url":"https:\/\/lasentinelle.dz\/wp-content\/uploads\/2026\/03\/el-djeich.webp","contentUrl":"https:\/\/lasentinelle.dz\/wp-content\/uploads\/2026\/03\/el-djeich.webp","width":900,"height":675},{"@type":"BreadcrumbList","@id":"https:\/\/lasentinelle.dz\/index.php\/2026\/03\/11\/lanp-reaffirme-ses-engagements-et-pointe-les-nouvelles-menaces-notre-doctrine-est-pragmatique\/#breadcrumb","itemListElement":[{"@type":"ListItem","position":1,"name":"Accueil","item":"https:\/\/lasentinelle.dz\/"},{"@type":"ListItem","position":2,"name":"L&rsquo;ANP r\u00e9affirme ses engagements et pointe les nouvelles menaces\u00a0: \u00ab\u00a0Notre doctrine est pragmatique\u00a0\u00bb"}]},{"@type":"WebSite","@id":"https:\/\/lasentinelle.dz\/#website","url":"https:\/\/lasentinelle.dz\/","name":"La Sentinelle","description":"Quotidien national d&#039;information","publisher":{"@id":"https:\/\/lasentinelle.dz\/#organization"},"potentialAction":[{"@type":"SearchAction","target":{"@type":"EntryPoint","urlTemplate":"https:\/\/lasentinelle.dz\/?s={search_term_string}"},"query-input":{"@type":"PropertyValueSpecification","valueRequired":true,"valueName":"search_term_string"}}],"inLanguage":"fr-FR"},{"@type":"Organization","@id":"https:\/\/lasentinelle.dz\/#organization","name":"Quotidien La Sentinelle","url":"https:\/\/lasentinelle.dz\/","logo":{"@type":"ImageObject","inLanguage":"fr-FR","@id":"https:\/\/lasentinelle.dz\/#\/schema\/logo\/image\/","url":"https:\/\/lasentinelle.dz\/wp-content\/uploads\/2021\/09\/logo-sentinelleSLOGAN-1.png","contentUrl":"https:\/\/lasentinelle.dz\/wp-content\/uploads\/2021\/09\/logo-sentinelleSLOGAN-1.png","width":615,"height":142,"caption":"Quotidien La Sentinelle"},"image":{"@id":"https:\/\/lasentinelle.dz\/#\/schema\/logo\/image\/"},"sameAs":["https:\/\/www.facebook.com\/La-Sentinelle-104059864394773"]},{"@type":"Person","@id":"https:\/\/lasentinelle.dz\/#\/schema\/person\/729ee0024f24e0b8c5ec17232f8e8b41","name":"admin","image":{"@type":"ImageObject","inLanguage":"fr-FR","@id":"https:\/\/secure.gravatar.com\/avatar\/4c81fed838786e9b53f540bf46533e750f5d292099ae3b66cfc6fb1982e29df7?s=96&d=mm&r=g","url":"https:\/\/secure.gravatar.com\/avatar\/4c81fed838786e9b53f540bf46533e750f5d292099ae3b66cfc6fb1982e29df7?s=96&d=mm&r=g","contentUrl":"https:\/\/secure.gravatar.com\/avatar\/4c81fed838786e9b53f540bf46533e750f5d292099ae3b66cfc6fb1982e29df7?s=96&d=mm&r=g","caption":"admin"},"description":"admin","url":"https:\/\/lasentinelle.dz\/author\/admin\/"}]}},"_links":{"self":[{"href":"https:\/\/lasentinelle.dz\/index.php\/wp-json\/wp\/v2\/posts\/83349","targetHints":{"allow":["GET"]}}],"collection":[{"href":"https:\/\/lasentinelle.dz\/index.php\/wp-json\/wp\/v2\/posts"}],"about":[{"href":"https:\/\/lasentinelle.dz\/index.php\/wp-json\/wp\/v2\/types\/post"}],"author":[{"embeddable":true,"href":"https:\/\/lasentinelle.dz\/index.php\/wp-json\/wp\/v2\/users\/6"}],"replies":[{"embeddable":true,"href":"https:\/\/lasentinelle.dz\/index.php\/wp-json\/wp\/v2\/comments?post=83349"}],"version-history":[{"count":2,"href":"https:\/\/lasentinelle.dz\/index.php\/wp-json\/wp\/v2\/posts\/83349\/revisions"}],"predecessor-version":[{"id":83352,"href":"https:\/\/lasentinelle.dz\/index.php\/wp-json\/wp\/v2\/posts\/83349\/revisions\/83352"}],"wp:featuredmedia":[{"embeddable":true,"href":"https:\/\/lasentinelle.dz\/index.php\/wp-json\/wp\/v2\/media\/83350"}],"wp:attachment":[{"href":"https:\/\/lasentinelle.dz\/index.php\/wp-json\/wp\/v2\/media?parent=83349"}],"wp:term":[{"taxonomy":"category","embeddable":true,"href":"https:\/\/lasentinelle.dz\/index.php\/wp-json\/wp\/v2\/categories?post=83349"},{"taxonomy":"post_tag","embeddable":true,"href":"https:\/\/lasentinelle.dz\/index.php\/wp-json\/wp\/v2\/tags?post=83349"}],"curies":[{"name":"wp","href":"https:\/\/api.w.org\/{rel}","templated":true}]}}