{"id":83353,"date":"2026-03-11T21:48:58","date_gmt":"2026-03-11T20:48:58","guid":{"rendered":"https:\/\/lasentinelle.dz\/?p=83353"},"modified":"2026-03-11T21:48:59","modified_gmt":"2026-03-11T20:48:59","slug":"reunion-du-gouvernent-le-foncier-industriel-et-des-feuilles-sectorielles-2026-2028-a-lordre-du-jour","status":"publish","type":"post","link":"https:\/\/lasentinelle.dz\/index.php\/2026\/03\/11\/reunion-du-gouvernent-le-foncier-industriel-et-des-feuilles-sectorielles-2026-2028-a-lordre-du-jour\/","title":{"rendered":"R\u00e9union du Gouvernent\u00a0: Le foncier industriel et des feuilles sectorielles 2026-2028 \u00e0 l&rsquo;ordre du jour"},"content":{"rendered":"\n<p>Le Premier ministre, M. Sifi Ghrieb a pr\u00e9sid\u00e9 mercredi une r\u00e9union du gouvernement consacr\u00e9e \u00e0 plusieurs point notamment l\u2019agence nationale du foncier industriel, ainsi qu&rsquo;\u00e0 la poursuite de l\u2019examen des feuilles de route de plusieurs secteurs pour la p\u00e9riode 2026-2028, indique un communiqu\u00e9 des Services du Premier ministre, dont voici le texte int\u00e9gral: \u00ab\u00a0Le Premier ministre, Monsieur Sifi Ghrieb a pr\u00e9sid\u00e9, ce mercredi 11 mars 2026, une r\u00e9union du Gouvernement consacr\u00e9e aux points ci-apr\u00e8s: Dans le cadre du suivi de l\u2019\u00e9tat d\u2019avancement de la finalisation de la mise en \u0153uvre du nouveau syst\u00e8me de gestion du foncier \u00e9conomique destin\u00e9 \u00e0 l\u2019investissement et le renforcement de l\u2019offre fonci\u00e8re destin\u00e9e aux porteurs de projets, le Gouvernement a entendu une communication sur l\u2019agence nationale du foncier industriel. Par ailleurs, le Gouvernement a poursuivi l\u2019examen des feuilles de route sectorielles 2026-2028, o\u00f9 il a examin\u00e9 les projets de feuilles de route des secteurs des mines, de la sant\u00e9, du travail, de l\u2019emploi et de la s\u00e9curit\u00e9 sociale et de la solidarit\u00e9 nationale, de la famille et de la condition de la femme\u00a0\u00bb.<\/p>\n\n\n\n<p>APS<\/p>\n","protected":false},"excerpt":{"rendered":"<p>Le Premier ministre, M. Sifi Ghrieb a pr\u00e9sid\u00e9 mercredi une r\u00e9union du gouvernement consacr\u00e9e \u00e0 plusieurs point notamment l\u2019agence nationale<\/p>\n","protected":false},"author":6,"featured_media":69871,"comment_status":"open","ping_status":"closed","sticky":false,"template":"","format":"standard","meta":{"colormag_page_container_layout":"default_layout","colormag_page_sidebar_layout":"default_layout","om_disable_all_campaigns":false,"_monsterinsights_skip_tracking":false,"_monsterinsights_sitenote_active":false,"_monsterinsights_sitenote_note":"","_monsterinsights_sitenote_category":0,"footnotes":"","_wpscppro_dont_share_socialmedia":false,"_wpscppro_custom_social_share_image":0,"_facebook_share_type":"default","_twitter_share_type":"default","_linkedin_share_type":"default","_pinterest_share_type":"default","_linkedin_share_type_page":"","_instagram_share_type":"default","_medium_share_type":"default","_threads_share_type":"default","_google_business_share_type":"default","_selected_social_profile":[],"_wpsp_enable_custom_social_template":false,"_wpsp_social_scheduling":{"enabled":false,"datetime":null,"platforms":[],"status":"template_only","dateOption":"today","timeOption":"now","customDays":"","customHours":"","customDate":"","customTime":"","schedulingType":"absolute"},"_wpsp_active_default_template":true},"categories":[27],"tags":[],"class_list":["post-83353","post","type-post","status-publish","format-standard","has-post-thumbnail","hentry","category-actualite"],"aioseo_notices":[],"yoast_head":"<!-- This site is optimized with the Yoast SEO plugin v27.4 - https:\/\/yoast.com\/product\/yoast-seo-wordpress\/ -->\n<title>R\u00e9union du Gouvernent\u00a0: Le foncier industriel et des feuilles sectorielles 2026-2028 \u00e0 l&rsquo;ordre du jour - La Sentinelle<\/title>\n<meta name=\"robots\" content=\"index, follow, max-snippet:-1, max-image-preview:large, max-video-preview:-1\" \/>\n<link rel=\"canonical\" href=\"https:\/\/lasentinelle.dz\/index.php\/2026\/03\/11\/reunion-du-gouvernent-le-foncier-industriel-et-des-feuilles-sectorielles-2026-2028-a-lordre-du-jour\/\" \/>\n<meta property=\"og:locale\" content=\"fr_FR\" \/>\n<meta property=\"og:type\" content=\"article\" \/>\n<meta property=\"og:title\" content=\"R\u00e9union du Gouvernent\u00a0: Le foncier industriel et des feuilles sectorielles 2026-2028 \u00e0 l&rsquo;ordre du jour - La Sentinelle\" \/>\n<meta property=\"og:description\" content=\"Le Premier ministre, M. Sifi Ghrieb a pr\u00e9sid\u00e9 mercredi une r\u00e9union du gouvernement consacr\u00e9e \u00e0 plusieurs point notamment l\u2019agence nationale\" \/>\n<meta property=\"og:url\" content=\"https:\/\/lasentinelle.dz\/index.php\/2026\/03\/11\/reunion-du-gouvernent-le-foncier-industriel-et-des-feuilles-sectorielles-2026-2028-a-lordre-du-jour\/\" \/>\n<meta property=\"og:site_name\" content=\"La Sentinelle\" \/>\n<meta property=\"article:publisher\" content=\"https:\/\/www.facebook.com\/La-Sentinelle-104059864394773\" \/>\n<meta property=\"article:published_time\" content=\"2026-03-11T20:48:58+00:00\" \/>\n<meta property=\"article:modified_time\" content=\"2026-03-11T20:48:59+00:00\" \/>\n<meta property=\"og:image\" content=\"https:\/\/lasentinelle.dz\/wp-content\/uploads\/2025\/07\/Palais-du-gouvernement.jpg\" \/>\n\t<meta property=\"og:image:width\" content=\"1198\" \/>\n\t<meta property=\"og:image:height\" content=\"799\" \/>\n\t<meta property=\"og:image:type\" content=\"image\/jpeg\" \/>\n<meta name=\"author\" content=\"admin\" \/>\n<meta name=\"twitter:card\" content=\"summary_large_image\" \/>\n<meta name=\"twitter:label1\" content=\"\u00c9crit par\" \/>\n\t<meta name=\"twitter:data1\" content=\"admin\" \/>\n\t<meta name=\"twitter:label2\" content=\"Dur\u00e9e de lecture estim\u00e9e\" \/>\n\t<meta name=\"twitter:data2\" content=\"2 minutes\" \/>\n<script type=\"application\/ld+json\" class=\"yoast-schema-graph\">{\"@context\":\"https:\\\/\\\/schema.org\",\"@graph\":[{\"@type\":\"Article\",\"@id\":\"https:\\\/\\\/lasentinelle.dz\\\/index.php\\\/2026\\\/03\\\/11\\\/reunion-du-gouvernent-le-foncier-industriel-et-des-feuilles-sectorielles-2026-2028-a-lordre-du-jour\\\/#article\",\"isPartOf\":{\"@id\":\"https:\\\/\\\/lasentinelle.dz\\\/index.php\\\/2026\\\/03\\\/11\\\/reunion-du-gouvernent-le-foncier-industriel-et-des-feuilles-sectorielles-2026-2028-a-lordre-du-jour\\\/\"},\"author\":{\"name\":\"admin\",\"@id\":\"https:\\\/\\\/lasentinelle.dz\\\/#\\\/schema\\\/person\\\/729ee0024f24e0b8c5ec17232f8e8b41\"},\"headline\":\"R\u00e9union du Gouvernent\u00a0: Le foncier industriel et des feuilles sectorielles 2026-2028 \u00e0 l&rsquo;ordre du jour\",\"datePublished\":\"2026-03-11T20:48:58+00:00\",\"dateModified\":\"2026-03-11T20:48:59+00:00\",\"mainEntityOfPage\":{\"@id\":\"https:\\\/\\\/lasentinelle.dz\\\/index.php\\\/2026\\\/03\\\/11\\\/reunion-du-gouvernent-le-foncier-industriel-et-des-feuilles-sectorielles-2026-2028-a-lordre-du-jour\\\/\"},\"wordCount\":214,\"commentCount\":0,\"publisher\":{\"@id\":\"https:\\\/\\\/lasentinelle.dz\\\/#organization\"},\"image\":{\"@id\":\"https:\\\/\\\/lasentinelle.dz\\\/index.php\\\/2026\\\/03\\\/11\\\/reunion-du-gouvernent-le-foncier-industriel-et-des-feuilles-sectorielles-2026-2028-a-lordre-du-jour\\\/#primaryimage\"},\"thumbnailUrl\":\"https:\\\/\\\/lasentinelle.dz\\\/wp-content\\\/uploads\\\/2025\\\/07\\\/Palais-du-gouvernement.jpg\",\"articleSection\":[\"Actualit\u00e9\"],\"inLanguage\":\"fr-FR\",\"potentialAction\":[{\"@type\":\"CommentAction\",\"name\":\"Comment\",\"target\":[\"https:\\\/\\\/lasentinelle.dz\\\/index.php\\\/2026\\\/03\\\/11\\\/reunion-du-gouvernent-le-foncier-industriel-et-des-feuilles-sectorielles-2026-2028-a-lordre-du-jour\\\/#respond\"]}]},{\"@type\":\"WebPage\",\"@id\":\"https:\\\/\\\/lasentinelle.dz\\\/index.php\\\/2026\\\/03\\\/11\\\/reunion-du-gouvernent-le-foncier-industriel-et-des-feuilles-sectorielles-2026-2028-a-lordre-du-jour\\\/\",\"url\":\"https:\\\/\\\/lasentinelle.dz\\\/index.php\\\/2026\\\/03\\\/11\\\/reunion-du-gouvernent-le-foncier-industriel-et-des-feuilles-sectorielles-2026-2028-a-lordre-du-jour\\\/\",\"name\":\"R\u00e9union du Gouvernent\u00a0: Le foncier industriel et des feuilles sectorielles 2026-2028 \u00e0 l&rsquo;ordre du jour - La Sentinelle\",\"isPartOf\":{\"@id\":\"https:\\\/\\\/lasentinelle.dz\\\/#website\"},\"primaryImageOfPage\":{\"@id\":\"https:\\\/\\\/lasentinelle.dz\\\/index.php\\\/2026\\\/03\\\/11\\\/reunion-du-gouvernent-le-foncier-industriel-et-des-feuilles-sectorielles-2026-2028-a-lordre-du-jour\\\/#primaryimage\"},\"image\":{\"@id\":\"https:\\\/\\\/lasentinelle.dz\\\/index.php\\\/2026\\\/03\\\/11\\\/reunion-du-gouvernent-le-foncier-industriel-et-des-feuilles-sectorielles-2026-2028-a-lordre-du-jour\\\/#primaryimage\"},\"thumbnailUrl\":\"https:\\\/\\\/lasentinelle.dz\\\/wp-content\\\/uploads\\\/2025\\\/07\\\/Palais-du-gouvernement.jpg\",\"datePublished\":\"2026-03-11T20:48:58+00:00\",\"dateModified\":\"2026-03-11T20:48:59+00:00\",\"breadcrumb\":{\"@id\":\"https:\\\/\\\/lasentinelle.dz\\\/index.php\\\/2026\\\/03\\\/11\\\/reunion-du-gouvernent-le-foncier-industriel-et-des-feuilles-sectorielles-2026-2028-a-lordre-du-jour\\\/#breadcrumb\"},\"inLanguage\":\"fr-FR\",\"potentialAction\":[{\"@type\":\"ReadAction\",\"target\":[\"https:\\\/\\\/lasentinelle.dz\\\/index.php\\\/2026\\\/03\\\/11\\\/reunion-du-gouvernent-le-foncier-industriel-et-des-feuilles-sectorielles-2026-2028-a-lordre-du-jour\\\/\"]}]},{\"@type\":\"ImageObject\",\"inLanguage\":\"fr-FR\",\"@id\":\"https:\\\/\\\/lasentinelle.dz\\\/index.php\\\/2026\\\/03\\\/11\\\/reunion-du-gouvernent-le-foncier-industriel-et-des-feuilles-sectorielles-2026-2028-a-lordre-du-jour\\\/#primaryimage\",\"url\":\"https:\\\/\\\/lasentinelle.dz\\\/wp-content\\\/uploads\\\/2025\\\/07\\\/Palais-du-gouvernement.jpg\",\"contentUrl\":\"https:\\\/\\\/lasentinelle.dz\\\/wp-content\\\/uploads\\\/2025\\\/07\\\/Palais-du-gouvernement.jpg\",\"width\":1198,\"height\":799},{\"@type\":\"BreadcrumbList\",\"@id\":\"https:\\\/\\\/lasentinelle.dz\\\/index.php\\\/2026\\\/03\\\/11\\\/reunion-du-gouvernent-le-foncier-industriel-et-des-feuilles-sectorielles-2026-2028-a-lordre-du-jour\\\/#breadcrumb\",\"itemListElement\":[{\"@type\":\"ListItem\",\"position\":1,\"name\":\"Accueil\",\"item\":\"https:\\\/\\\/lasentinelle.dz\\\/\"},{\"@type\":\"ListItem\",\"position\":2,\"name\":\"R\u00e9union du Gouvernent\u00a0: Le foncier industriel et des feuilles sectorielles 2026-2028 \u00e0 l&rsquo;ordre du jour\"}]},{\"@type\":\"WebSite\",\"@id\":\"https:\\\/\\\/lasentinelle.dz\\\/#website\",\"url\":\"https:\\\/\\\/lasentinelle.dz\\\/\",\"name\":\"La Sentinelle\",\"description\":\"Quotidien national d&#039;information\",\"publisher\":{\"@id\":\"https:\\\/\\\/lasentinelle.dz\\\/#organization\"},\"potentialAction\":[{\"@type\":\"SearchAction\",\"target\":{\"@type\":\"EntryPoint\",\"urlTemplate\":\"https:\\\/\\\/lasentinelle.dz\\\/?s={search_term_string}\"},\"query-input\":{\"@type\":\"PropertyValueSpecification\",\"valueRequired\":true,\"valueName\":\"search_term_string\"}}],\"inLanguage\":\"fr-FR\"},{\"@type\":\"Organization\",\"@id\":\"https:\\\/\\\/lasentinelle.dz\\\/#organization\",\"name\":\"Quotidien La Sentinelle\",\"url\":\"https:\\\/\\\/lasentinelle.dz\\\/\",\"logo\":{\"@type\":\"ImageObject\",\"inLanguage\":\"fr-FR\",\"@id\":\"https:\\\/\\\/lasentinelle.dz\\\/#\\\/schema\\\/logo\\\/image\\\/\",\"url\":\"https:\\\/\\\/lasentinelle.dz\\\/wp-content\\\/uploads\\\/2021\\\/09\\\/logo-sentinelleSLOGAN-1.png\",\"contentUrl\":\"https:\\\/\\\/lasentinelle.dz\\\/wp-content\\\/uploads\\\/2021\\\/09\\\/logo-sentinelleSLOGAN-1.png\",\"width\":615,\"height\":142,\"caption\":\"Quotidien La Sentinelle\"},\"image\":{\"@id\":\"https:\\\/\\\/lasentinelle.dz\\\/#\\\/schema\\\/logo\\\/image\\\/\"},\"sameAs\":[\"https:\\\/\\\/www.facebook.com\\\/La-Sentinelle-104059864394773\"]},{\"@type\":\"Person\",\"@id\":\"https:\\\/\\\/lasentinelle.dz\\\/#\\\/schema\\\/person\\\/729ee0024f24e0b8c5ec17232f8e8b41\",\"name\":\"admin\",\"image\":{\"@type\":\"ImageObject\",\"inLanguage\":\"fr-FR\",\"@id\":\"https:\\\/\\\/secure.gravatar.com\\\/avatar\\\/4c81fed838786e9b53f540bf46533e750f5d292099ae3b66cfc6fb1982e29df7?s=96&d=mm&r=g\",\"url\":\"https:\\\/\\\/secure.gravatar.com\\\/avatar\\\/4c81fed838786e9b53f540bf46533e750f5d292099ae3b66cfc6fb1982e29df7?s=96&d=mm&r=g\",\"contentUrl\":\"https:\\\/\\\/secure.gravatar.com\\\/avatar\\\/4c81fed838786e9b53f540bf46533e750f5d292099ae3b66cfc6fb1982e29df7?s=96&d=mm&r=g\",\"caption\":\"admin\"},\"description\":\"admin\",\"url\":\"https:\\\/\\\/lasentinelle.dz\\\/author\\\/admin\\\/\"}]}<\/script>\n<!-- \/ Yoast SEO plugin. -->","yoast_head_json":{"title":"R\u00e9union du Gouvernent\u00a0: Le foncier industriel et des feuilles sectorielles 2026-2028 \u00e0 l&rsquo;ordre du jour - La Sentinelle","robots":{"index":"index","follow":"follow","max-snippet":"max-snippet:-1","max-image-preview":"max-image-preview:large","max-video-preview":"max-video-preview:-1"},"canonical":"https:\/\/lasentinelle.dz\/index.php\/2026\/03\/11\/reunion-du-gouvernent-le-foncier-industriel-et-des-feuilles-sectorielles-2026-2028-a-lordre-du-jour\/","og_locale":"fr_FR","og_type":"article","og_title":"R\u00e9union du Gouvernent\u00a0: Le foncier industriel et des feuilles sectorielles 2026-2028 \u00e0 l&rsquo;ordre du jour - La Sentinelle","og_description":"Le Premier ministre, M. Sifi Ghrieb a pr\u00e9sid\u00e9 mercredi une r\u00e9union du gouvernement consacr\u00e9e \u00e0 plusieurs point notamment l\u2019agence nationale","og_url":"https:\/\/lasentinelle.dz\/index.php\/2026\/03\/11\/reunion-du-gouvernent-le-foncier-industriel-et-des-feuilles-sectorielles-2026-2028-a-lordre-du-jour\/","og_site_name":"La Sentinelle","article_publisher":"https:\/\/www.facebook.com\/La-Sentinelle-104059864394773","article_published_time":"2026-03-11T20:48:58+00:00","article_modified_time":"2026-03-11T20:48:59+00:00","og_image":[{"width":1198,"height":799,"url":"https:\/\/lasentinelle.dz\/wp-content\/uploads\/2025\/07\/Palais-du-gouvernement.jpg","type":"image\/jpeg"}],"author":"admin","twitter_card":"summary_large_image","twitter_misc":{"\u00c9crit par":"admin","Dur\u00e9e de lecture estim\u00e9e":"2 minutes"},"schema":{"@context":"https:\/\/schema.org","@graph":[{"@type":"Article","@id":"https:\/\/lasentinelle.dz\/index.php\/2026\/03\/11\/reunion-du-gouvernent-le-foncier-industriel-et-des-feuilles-sectorielles-2026-2028-a-lordre-du-jour\/#article","isPartOf":{"@id":"https:\/\/lasentinelle.dz\/index.php\/2026\/03\/11\/reunion-du-gouvernent-le-foncier-industriel-et-des-feuilles-sectorielles-2026-2028-a-lordre-du-jour\/"},"author":{"name":"admin","@id":"https:\/\/lasentinelle.dz\/#\/schema\/person\/729ee0024f24e0b8c5ec17232f8e8b41"},"headline":"R\u00e9union du Gouvernent\u00a0: Le foncier industriel et des feuilles sectorielles 2026-2028 \u00e0 l&rsquo;ordre du jour","datePublished":"2026-03-11T20:48:58+00:00","dateModified":"2026-03-11T20:48:59+00:00","mainEntityOfPage":{"@id":"https:\/\/lasentinelle.dz\/index.php\/2026\/03\/11\/reunion-du-gouvernent-le-foncier-industriel-et-des-feuilles-sectorielles-2026-2028-a-lordre-du-jour\/"},"wordCount":214,"commentCount":0,"publisher":{"@id":"https:\/\/lasentinelle.dz\/#organization"},"image":{"@id":"https:\/\/lasentinelle.dz\/index.php\/2026\/03\/11\/reunion-du-gouvernent-le-foncier-industriel-et-des-feuilles-sectorielles-2026-2028-a-lordre-du-jour\/#primaryimage"},"thumbnailUrl":"https:\/\/lasentinelle.dz\/wp-content\/uploads\/2025\/07\/Palais-du-gouvernement.jpg","articleSection":["Actualit\u00e9"],"inLanguage":"fr-FR","potentialAction":[{"@type":"CommentAction","name":"Comment","target":["https:\/\/lasentinelle.dz\/index.php\/2026\/03\/11\/reunion-du-gouvernent-le-foncier-industriel-et-des-feuilles-sectorielles-2026-2028-a-lordre-du-jour\/#respond"]}]},{"@type":"WebPage","@id":"https:\/\/lasentinelle.dz\/index.php\/2026\/03\/11\/reunion-du-gouvernent-le-foncier-industriel-et-des-feuilles-sectorielles-2026-2028-a-lordre-du-jour\/","url":"https:\/\/lasentinelle.dz\/index.php\/2026\/03\/11\/reunion-du-gouvernent-le-foncier-industriel-et-des-feuilles-sectorielles-2026-2028-a-lordre-du-jour\/","name":"R\u00e9union du Gouvernent\u00a0: Le foncier industriel et des feuilles sectorielles 2026-2028 \u00e0 l&rsquo;ordre du jour - La Sentinelle","isPartOf":{"@id":"https:\/\/lasentinelle.dz\/#website"},"primaryImageOfPage":{"@id":"https:\/\/lasentinelle.dz\/index.php\/2026\/03\/11\/reunion-du-gouvernent-le-foncier-industriel-et-des-feuilles-sectorielles-2026-2028-a-lordre-du-jour\/#primaryimage"},"image":{"@id":"https:\/\/lasentinelle.dz\/index.php\/2026\/03\/11\/reunion-du-gouvernent-le-foncier-industriel-et-des-feuilles-sectorielles-2026-2028-a-lordre-du-jour\/#primaryimage"},"thumbnailUrl":"https:\/\/lasentinelle.dz\/wp-content\/uploads\/2025\/07\/Palais-du-gouvernement.jpg","datePublished":"2026-03-11T20:48:58+00:00","dateModified":"2026-03-11T20:48:59+00:00","breadcrumb":{"@id":"https:\/\/lasentinelle.dz\/index.php\/2026\/03\/11\/reunion-du-gouvernent-le-foncier-industriel-et-des-feuilles-sectorielles-2026-2028-a-lordre-du-jour\/#breadcrumb"},"inLanguage":"fr-FR","potentialAction":[{"@type":"ReadAction","target":["https:\/\/lasentinelle.dz\/index.php\/2026\/03\/11\/reunion-du-gouvernent-le-foncier-industriel-et-des-feuilles-sectorielles-2026-2028-a-lordre-du-jour\/"]}]},{"@type":"ImageObject","inLanguage":"fr-FR","@id":"https:\/\/lasentinelle.dz\/index.php\/2026\/03\/11\/reunion-du-gouvernent-le-foncier-industriel-et-des-feuilles-sectorielles-2026-2028-a-lordre-du-jour\/#primaryimage","url":"https:\/\/lasentinelle.dz\/wp-content\/uploads\/2025\/07\/Palais-du-gouvernement.jpg","contentUrl":"https:\/\/lasentinelle.dz\/wp-content\/uploads\/2025\/07\/Palais-du-gouvernement.jpg","width":1198,"height":799},{"@type":"BreadcrumbList","@id":"https:\/\/lasentinelle.dz\/index.php\/2026\/03\/11\/reunion-du-gouvernent-le-foncier-industriel-et-des-feuilles-sectorielles-2026-2028-a-lordre-du-jour\/#breadcrumb","itemListElement":[{"@type":"ListItem","position":1,"name":"Accueil","item":"https:\/\/lasentinelle.dz\/"},{"@type":"ListItem","position":2,"name":"R\u00e9union du Gouvernent\u00a0: Le foncier industriel et des feuilles sectorielles 2026-2028 \u00e0 l&rsquo;ordre du jour"}]},{"@type":"WebSite","@id":"https:\/\/lasentinelle.dz\/#website","url":"https:\/\/lasentinelle.dz\/","name":"La Sentinelle","description":"Quotidien national d&#039;information","publisher":{"@id":"https:\/\/lasentinelle.dz\/#organization"},"potentialAction":[{"@type":"SearchAction","target":{"@type":"EntryPoint","urlTemplate":"https:\/\/lasentinelle.dz\/?s={search_term_string}"},"query-input":{"@type":"PropertyValueSpecification","valueRequired":true,"valueName":"search_term_string"}}],"inLanguage":"fr-FR"},{"@type":"Organization","@id":"https:\/\/lasentinelle.dz\/#organization","name":"Quotidien La Sentinelle","url":"https:\/\/lasentinelle.dz\/","logo":{"@type":"ImageObject","inLanguage":"fr-FR","@id":"https:\/\/lasentinelle.dz\/#\/schema\/logo\/image\/","url":"https:\/\/lasentinelle.dz\/wp-content\/uploads\/2021\/09\/logo-sentinelleSLOGAN-1.png","contentUrl":"https:\/\/lasentinelle.dz\/wp-content\/uploads\/2021\/09\/logo-sentinelleSLOGAN-1.png","width":615,"height":142,"caption":"Quotidien La Sentinelle"},"image":{"@id":"https:\/\/lasentinelle.dz\/#\/schema\/logo\/image\/"},"sameAs":["https:\/\/www.facebook.com\/La-Sentinelle-104059864394773"]},{"@type":"Person","@id":"https:\/\/lasentinelle.dz\/#\/schema\/person\/729ee0024f24e0b8c5ec17232f8e8b41","name":"admin","image":{"@type":"ImageObject","inLanguage":"fr-FR","@id":"https:\/\/secure.gravatar.com\/avatar\/4c81fed838786e9b53f540bf46533e750f5d292099ae3b66cfc6fb1982e29df7?s=96&d=mm&r=g","url":"https:\/\/secure.gravatar.com\/avatar\/4c81fed838786e9b53f540bf46533e750f5d292099ae3b66cfc6fb1982e29df7?s=96&d=mm&r=g","contentUrl":"https:\/\/secure.gravatar.com\/avatar\/4c81fed838786e9b53f540bf46533e750f5d292099ae3b66cfc6fb1982e29df7?s=96&d=mm&r=g","caption":"admin"},"description":"admin","url":"https:\/\/lasentinelle.dz\/author\/admin\/"}]}},"_links":{"self":[{"href":"https:\/\/lasentinelle.dz\/index.php\/wp-json\/wp\/v2\/posts\/83353","targetHints":{"allow":["GET"]}}],"collection":[{"href":"https:\/\/lasentinelle.dz\/index.php\/wp-json\/wp\/v2\/posts"}],"about":[{"href":"https:\/\/lasentinelle.dz\/index.php\/wp-json\/wp\/v2\/types\/post"}],"author":[{"embeddable":true,"href":"https:\/\/lasentinelle.dz\/index.php\/wp-json\/wp\/v2\/users\/6"}],"replies":[{"embeddable":true,"href":"https:\/\/lasentinelle.dz\/index.php\/wp-json\/wp\/v2\/comments?post=83353"}],"version-history":[{"count":2,"href":"https:\/\/lasentinelle.dz\/index.php\/wp-json\/wp\/v2\/posts\/83353\/revisions"}],"predecessor-version":[{"id":83355,"href":"https:\/\/lasentinelle.dz\/index.php\/wp-json\/wp\/v2\/posts\/83353\/revisions\/83355"}],"wp:featuredmedia":[{"embeddable":true,"href":"https:\/\/lasentinelle.dz\/index.php\/wp-json\/wp\/v2\/media\/69871"}],"wp:attachment":[{"href":"https:\/\/lasentinelle.dz\/index.php\/wp-json\/wp\/v2\/media?parent=83353"}],"wp:term":[{"taxonomy":"category","embeddable":true,"href":"https:\/\/lasentinelle.dz\/index.php\/wp-json\/wp\/v2\/categories?post=83353"},{"taxonomy":"post_tag","embeddable":true,"href":"https:\/\/lasentinelle.dz\/index.php\/wp-json\/wp\/v2\/tags?post=83353"}],"curies":[{"name":"wp","href":"https:\/\/api.w.org\/{rel}","templated":true}]}}