{"id":83356,"date":"2026-03-11T21:50:07","date_gmt":"2026-03-11T20:50:07","guid":{"rendered":"https:\/\/lasentinelle.dz\/?p=83356"},"modified":"2026-03-11T21:50:08","modified_gmt":"2026-03-11T20:50:08","slug":"ligne-miniere-est-un-chantier-strategique-sous-haute-surveillance","status":"publish","type":"post","link":"https:\/\/lasentinelle.dz\/index.php\/2026\/03\/11\/ligne-miniere-est-un-chantier-strategique-sous-haute-surveillance\/","title":{"rendered":"Ligne mini\u00e8re Est\u00a0: Un chantier strat\u00e9gique sous haute surveillance"},"content":{"rendered":"\n<p>Le wali de Souk Ahras intensifie le suivi des travaux de la ligne mini\u00e8re ferroviaire Est. Une r\u00e9union \u00e9largie de coordination et d&rsquo;\u00e9valuation s&rsquo;est tenue mardi sous la pr\u00e9sidence du wali Abdelkrim Zina\u00ef, en pr\u00e9sence des repr\u00e9sentants de l&rsquo;ANESRIF, de l&rsquo;entreprise chinoise charg\u00e9e de la r\u00e9alisation et des responsables des secteurs concern\u00e9s. Le suivi rigoureux des travaux sur la ligne mini\u00e8re ferroviaire Est permet au wali de Souk Ahras, Abdelkrim Zina\u00ef, de relever les lacunes, les r\u00e9serves et surtout les contraintes susceptibles d&rsquo;entraver l&rsquo;avancement du chantier. \u00c0 cet effet, les r\u00e9unions se multiplient et s&rsquo;encha\u00eenent au m\u00eame rythme que les visites sur le terrain. La derni\u00e8re en date, tenue mardi, a \u00e9t\u00e9 consacr\u00e9e \u00e0 l&rsquo;\u00e9tat d&rsquo;avancement du projet d&rsquo;\u00e9lectrification, de d\u00e9doublement et de correction du trac\u00e9 de la ligne ferroviaire mini\u00e8re Est, qui reliera Bled El Hadba, dans la wilaya de T\u00e9bessa, \u00e0 la ville d&rsquo;Annaba. Les participants ont proc\u00e9d\u00e9 \u00e0 une \u00e9valuation d\u00e9taill\u00e9e de l&rsquo;avancement des travaux et ont examin\u00e9 les diff\u00e9rentes contraintes susceptibles de freiner le bon d\u00e9roulement du chantier. Les discussions ont \u00e9galement port\u00e9 sur les mesures \u00e0 prendre pour lever les obstacles signal\u00e9s sur le terrain et acc\u00e9l\u00e9rer la cadence de r\u00e9alisation, afin de respecter les d\u00e9lais fix\u00e9s pour la r\u00e9ception et la mise en service de cette infrastructure ferroviaire d&rsquo;envergure. L&rsquo;ensemble des partenaires concern\u00e9s par ce projet structurant ont, par ailleurs, examin\u00e9 les dispositions relatives \u00e0 la mise en \u0153uvre des recommandations formul\u00e9es par le ministre des Travaux publics et des Infrastructures de base lors de sa visite effectu\u00e9e le 2 mars en cours. \u00c0 l&rsquo;issue de la r\u00e9union, le wali a insist\u00e9 sur l&rsquo;importance du projet et r\u00e9it\u00e9r\u00e9 la n\u00e9cessit\u00e9 de renforcer la coordination entre les diff\u00e9rents intervenants, appelant \u00e0 mobiliser tous les moyens humains et logistiques n\u00e9cessaires pour assurer un avancement r\u00e9gulier du chantier. Abdelkrim Zina\u00ef a qualifi\u00e9 ce projet de prometteur \u00e0 plus d&rsquo;un titre, aussi bien \u00e0 l&rsquo;\u00e9chelle locale que r\u00e9gionale et nationale. Il a rappel\u00e9 que cette infrastructure est appel\u00e9e \u00e0 jouer un r\u00f4le majeur dans le transport du minerai et le d\u00e9veloppement \u00e9conomique de la r\u00e9gion. Au-del\u00e0 de son impact \u00e9conomique, le projet pr\u00e9sente \u00e9galement une dimension sociale significative, \u00e0 travers la cr\u00e9ation de centaines de postes d&#8217;emploi, notamment au b\u00e9n\u00e9fice des jeunes des wilayas travers\u00e9es par ce grand chantier. Cette s\u00e9ance de travail s&rsquo;inscrit dans une s\u00e9rie de rencontres de coordination visant \u00e0 assurer un suivi rapproch\u00e9 du projet strat\u00e9gique, en particulier dans sa partie traversant la commune de Souk Ahras. Ont pris part \u00e0 la r\u00e9union la directrice de la R\u00e9glementation et des Affaires g\u00e9n\u00e9rales, des repr\u00e9sentants de l&rsquo;Agence nationale d&rsquo;\u00e9tudes et de suivi de la r\u00e9alisation des investissements ferroviaires (ANESRIF), de l&rsquo;entreprise chinoise charg\u00e9e de la r\u00e9alisation, ainsi que le d\u00e9l\u00e9gu\u00e9 \u00e0 la s\u00e9curit\u00e9 et plusieurs responsables des secteurs concern\u00e9s.<\/p>\n\n\n\n<p><em>Sofia Chahine<\/em><\/p>\n","protected":false},"excerpt":{"rendered":"<p>Le wali de Souk Ahras intensifie le suivi des travaux de la ligne mini\u00e8re ferroviaire Est. Une r\u00e9union \u00e9largie de<\/p>\n","protected":false},"author":6,"featured_media":79282,"comment_status":"open","ping_status":"closed","sticky":false,"template":"","format":"standard","meta":{"colormag_page_container_layout":"default_layout","colormag_page_sidebar_layout":"default_layout","om_disable_all_campaigns":false,"_monsterinsights_skip_tracking":false,"_monsterinsights_sitenote_active":false,"_monsterinsights_sitenote_note":"","_monsterinsights_sitenote_category":0,"footnotes":"","_wpscppro_dont_share_socialmedia":false,"_wpscppro_custom_social_share_image":0,"_facebook_share_type":"default","_twitter_share_type":"default","_linkedin_share_type":"default","_pinterest_share_type":"default","_linkedin_share_type_page":"","_instagram_share_type":"default","_medium_share_type":"default","_threads_share_type":"default","_google_business_share_type":"default","_selected_social_profile":[],"_wpsp_enable_custom_social_template":false,"_wpsp_social_scheduling":{"enabled":false,"datetime":null,"platforms":[],"status":"template_only","dateOption":"today","timeOption":"now","customDays":"","customHours":"","customDate":"","customTime":"","schedulingType":"absolute"},"_wpsp_active_default_template":true},"categories":[27],"tags":[],"class_list":["post-83356","post","type-post","status-publish","format-standard","has-post-thumbnail","hentry","category-actualite"],"aioseo_notices":[],"yoast_head":"<!-- This site is optimized with the Yoast SEO plugin v27.4 - https:\/\/yoast.com\/product\/yoast-seo-wordpress\/ -->\n<title>Ligne mini\u00e8re Est\u00a0: Un chantier strat\u00e9gique sous haute surveillance - La Sentinelle<\/title>\n<meta name=\"robots\" content=\"index, follow, max-snippet:-1, max-image-preview:large, max-video-preview:-1\" \/>\n<link rel=\"canonical\" href=\"https:\/\/lasentinelle.dz\/index.php\/2026\/03\/11\/ligne-miniere-est-un-chantier-strategique-sous-haute-surveillance\/\" \/>\n<meta property=\"og:locale\" content=\"fr_FR\" \/>\n<meta property=\"og:type\" content=\"article\" \/>\n<meta property=\"og:title\" content=\"Ligne mini\u00e8re Est\u00a0: Un chantier strat\u00e9gique sous haute surveillance - La Sentinelle\" \/>\n<meta property=\"og:description\" content=\"Le wali de Souk Ahras intensifie le suivi des travaux de la ligne mini\u00e8re ferroviaire Est. Une r\u00e9union \u00e9largie de\" \/>\n<meta property=\"og:url\" content=\"https:\/\/lasentinelle.dz\/index.php\/2026\/03\/11\/ligne-miniere-est-un-chantier-strategique-sous-haute-surveillance\/\" \/>\n<meta property=\"og:site_name\" content=\"La Sentinelle\" \/>\n<meta property=\"article:publisher\" content=\"https:\/\/www.facebook.com\/La-Sentinelle-104059864394773\" \/>\n<meta property=\"article:published_time\" content=\"2026-03-11T20:50:07+00:00\" \/>\n<meta property=\"article:modified_time\" content=\"2026-03-11T20:50:08+00:00\" \/>\n<meta property=\"og:image\" content=\"https:\/\/lasentinelle.dz\/wp-content\/uploads\/2026\/01\/Ligne-ferroviaire.jpg\" \/>\n\t<meta property=\"og:image:width\" content=\"855\" \/>\n\t<meta property=\"og:image:height\" content=\"516\" \/>\n\t<meta property=\"og:image:type\" content=\"image\/jpeg\" \/>\n<meta name=\"author\" content=\"admin\" \/>\n<meta name=\"twitter:card\" content=\"summary_large_image\" \/>\n<meta name=\"twitter:label1\" content=\"\u00c9crit par\" \/>\n\t<meta name=\"twitter:data1\" content=\"admin\" \/>\n\t<meta name=\"twitter:label2\" content=\"Dur\u00e9e de lecture estim\u00e9e\" \/>\n\t<meta name=\"twitter:data2\" content=\"3 minutes\" \/>\n<script type=\"application\/ld+json\" class=\"yoast-schema-graph\">{\"@context\":\"https:\\\/\\\/schema.org\",\"@graph\":[{\"@type\":\"Article\",\"@id\":\"https:\\\/\\\/lasentinelle.dz\\\/index.php\\\/2026\\\/03\\\/11\\\/ligne-miniere-est-un-chantier-strategique-sous-haute-surveillance\\\/#article\",\"isPartOf\":{\"@id\":\"https:\\\/\\\/lasentinelle.dz\\\/index.php\\\/2026\\\/03\\\/11\\\/ligne-miniere-est-un-chantier-strategique-sous-haute-surveillance\\\/\"},\"author\":{\"name\":\"admin\",\"@id\":\"https:\\\/\\\/lasentinelle.dz\\\/#\\\/schema\\\/person\\\/729ee0024f24e0b8c5ec17232f8e8b41\"},\"headline\":\"Ligne mini\u00e8re Est\u00a0: Un chantier strat\u00e9gique sous haute surveillance\",\"datePublished\":\"2026-03-11T20:50:07+00:00\",\"dateModified\":\"2026-03-11T20:50:08+00:00\",\"mainEntityOfPage\":{\"@id\":\"https:\\\/\\\/lasentinelle.dz\\\/index.php\\\/2026\\\/03\\\/11\\\/ligne-miniere-est-un-chantier-strategique-sous-haute-surveillance\\\/\"},\"wordCount\":549,\"commentCount\":0,\"publisher\":{\"@id\":\"https:\\\/\\\/lasentinelle.dz\\\/#organization\"},\"image\":{\"@id\":\"https:\\\/\\\/lasentinelle.dz\\\/index.php\\\/2026\\\/03\\\/11\\\/ligne-miniere-est-un-chantier-strategique-sous-haute-surveillance\\\/#primaryimage\"},\"thumbnailUrl\":\"https:\\\/\\\/lasentinelle.dz\\\/wp-content\\\/uploads\\\/2026\\\/01\\\/Ligne-ferroviaire.jpg\",\"articleSection\":[\"Actualit\u00e9\"],\"inLanguage\":\"fr-FR\",\"potentialAction\":[{\"@type\":\"CommentAction\",\"name\":\"Comment\",\"target\":[\"https:\\\/\\\/lasentinelle.dz\\\/index.php\\\/2026\\\/03\\\/11\\\/ligne-miniere-est-un-chantier-strategique-sous-haute-surveillance\\\/#respond\"]}]},{\"@type\":\"WebPage\",\"@id\":\"https:\\\/\\\/lasentinelle.dz\\\/index.php\\\/2026\\\/03\\\/11\\\/ligne-miniere-est-un-chantier-strategique-sous-haute-surveillance\\\/\",\"url\":\"https:\\\/\\\/lasentinelle.dz\\\/index.php\\\/2026\\\/03\\\/11\\\/ligne-miniere-est-un-chantier-strategique-sous-haute-surveillance\\\/\",\"name\":\"Ligne mini\u00e8re Est\u00a0: Un chantier strat\u00e9gique sous haute surveillance - La Sentinelle\",\"isPartOf\":{\"@id\":\"https:\\\/\\\/lasentinelle.dz\\\/#website\"},\"primaryImageOfPage\":{\"@id\":\"https:\\\/\\\/lasentinelle.dz\\\/index.php\\\/2026\\\/03\\\/11\\\/ligne-miniere-est-un-chantier-strategique-sous-haute-surveillance\\\/#primaryimage\"},\"image\":{\"@id\":\"https:\\\/\\\/lasentinelle.dz\\\/index.php\\\/2026\\\/03\\\/11\\\/ligne-miniere-est-un-chantier-strategique-sous-haute-surveillance\\\/#primaryimage\"},\"thumbnailUrl\":\"https:\\\/\\\/lasentinelle.dz\\\/wp-content\\\/uploads\\\/2026\\\/01\\\/Ligne-ferroviaire.jpg\",\"datePublished\":\"2026-03-11T20:50:07+00:00\",\"dateModified\":\"2026-03-11T20:50:08+00:00\",\"breadcrumb\":{\"@id\":\"https:\\\/\\\/lasentinelle.dz\\\/index.php\\\/2026\\\/03\\\/11\\\/ligne-miniere-est-un-chantier-strategique-sous-haute-surveillance\\\/#breadcrumb\"},\"inLanguage\":\"fr-FR\",\"potentialAction\":[{\"@type\":\"ReadAction\",\"target\":[\"https:\\\/\\\/lasentinelle.dz\\\/index.php\\\/2026\\\/03\\\/11\\\/ligne-miniere-est-un-chantier-strategique-sous-haute-surveillance\\\/\"]}]},{\"@type\":\"ImageObject\",\"inLanguage\":\"fr-FR\",\"@id\":\"https:\\\/\\\/lasentinelle.dz\\\/index.php\\\/2026\\\/03\\\/11\\\/ligne-miniere-est-un-chantier-strategique-sous-haute-surveillance\\\/#primaryimage\",\"url\":\"https:\\\/\\\/lasentinelle.dz\\\/wp-content\\\/uploads\\\/2026\\\/01\\\/Ligne-ferroviaire.jpg\",\"contentUrl\":\"https:\\\/\\\/lasentinelle.dz\\\/wp-content\\\/uploads\\\/2026\\\/01\\\/Ligne-ferroviaire.jpg\",\"width\":855,\"height\":516},{\"@type\":\"BreadcrumbList\",\"@id\":\"https:\\\/\\\/lasentinelle.dz\\\/index.php\\\/2026\\\/03\\\/11\\\/ligne-miniere-est-un-chantier-strategique-sous-haute-surveillance\\\/#breadcrumb\",\"itemListElement\":[{\"@type\":\"ListItem\",\"position\":1,\"name\":\"Accueil\",\"item\":\"https:\\\/\\\/lasentinelle.dz\\\/\"},{\"@type\":\"ListItem\",\"position\":2,\"name\":\"Ligne mini\u00e8re Est\u00a0: Un chantier strat\u00e9gique sous haute surveillance\"}]},{\"@type\":\"WebSite\",\"@id\":\"https:\\\/\\\/lasentinelle.dz\\\/#website\",\"url\":\"https:\\\/\\\/lasentinelle.dz\\\/\",\"name\":\"La Sentinelle\",\"description\":\"Quotidien national d&#039;information\",\"publisher\":{\"@id\":\"https:\\\/\\\/lasentinelle.dz\\\/#organization\"},\"potentialAction\":[{\"@type\":\"SearchAction\",\"target\":{\"@type\":\"EntryPoint\",\"urlTemplate\":\"https:\\\/\\\/lasentinelle.dz\\\/?s={search_term_string}\"},\"query-input\":{\"@type\":\"PropertyValueSpecification\",\"valueRequired\":true,\"valueName\":\"search_term_string\"}}],\"inLanguage\":\"fr-FR\"},{\"@type\":\"Organization\",\"@id\":\"https:\\\/\\\/lasentinelle.dz\\\/#organization\",\"name\":\"Quotidien La Sentinelle\",\"url\":\"https:\\\/\\\/lasentinelle.dz\\\/\",\"logo\":{\"@type\":\"ImageObject\",\"inLanguage\":\"fr-FR\",\"@id\":\"https:\\\/\\\/lasentinelle.dz\\\/#\\\/schema\\\/logo\\\/image\\\/\",\"url\":\"https:\\\/\\\/lasentinelle.dz\\\/wp-content\\\/uploads\\\/2021\\\/09\\\/logo-sentinelleSLOGAN-1.png\",\"contentUrl\":\"https:\\\/\\\/lasentinelle.dz\\\/wp-content\\\/uploads\\\/2021\\\/09\\\/logo-sentinelleSLOGAN-1.png\",\"width\":615,\"height\":142,\"caption\":\"Quotidien La Sentinelle\"},\"image\":{\"@id\":\"https:\\\/\\\/lasentinelle.dz\\\/#\\\/schema\\\/logo\\\/image\\\/\"},\"sameAs\":[\"https:\\\/\\\/www.facebook.com\\\/La-Sentinelle-104059864394773\"]},{\"@type\":\"Person\",\"@id\":\"https:\\\/\\\/lasentinelle.dz\\\/#\\\/schema\\\/person\\\/729ee0024f24e0b8c5ec17232f8e8b41\",\"name\":\"admin\",\"image\":{\"@type\":\"ImageObject\",\"inLanguage\":\"fr-FR\",\"@id\":\"https:\\\/\\\/secure.gravatar.com\\\/avatar\\\/4c81fed838786e9b53f540bf46533e750f5d292099ae3b66cfc6fb1982e29df7?s=96&d=mm&r=g\",\"url\":\"https:\\\/\\\/secure.gravatar.com\\\/avatar\\\/4c81fed838786e9b53f540bf46533e750f5d292099ae3b66cfc6fb1982e29df7?s=96&d=mm&r=g\",\"contentUrl\":\"https:\\\/\\\/secure.gravatar.com\\\/avatar\\\/4c81fed838786e9b53f540bf46533e750f5d292099ae3b66cfc6fb1982e29df7?s=96&d=mm&r=g\",\"caption\":\"admin\"},\"description\":\"admin\",\"url\":\"https:\\\/\\\/lasentinelle.dz\\\/author\\\/admin\\\/\"}]}<\/script>\n<!-- \/ Yoast SEO plugin. -->","yoast_head_json":{"title":"Ligne mini\u00e8re Est\u00a0: Un chantier strat\u00e9gique sous haute surveillance - La Sentinelle","robots":{"index":"index","follow":"follow","max-snippet":"max-snippet:-1","max-image-preview":"max-image-preview:large","max-video-preview":"max-video-preview:-1"},"canonical":"https:\/\/lasentinelle.dz\/index.php\/2026\/03\/11\/ligne-miniere-est-un-chantier-strategique-sous-haute-surveillance\/","og_locale":"fr_FR","og_type":"article","og_title":"Ligne mini\u00e8re Est\u00a0: Un chantier strat\u00e9gique sous haute surveillance - La Sentinelle","og_description":"Le wali de Souk Ahras intensifie le suivi des travaux de la ligne mini\u00e8re ferroviaire Est. Une r\u00e9union \u00e9largie de","og_url":"https:\/\/lasentinelle.dz\/index.php\/2026\/03\/11\/ligne-miniere-est-un-chantier-strategique-sous-haute-surveillance\/","og_site_name":"La Sentinelle","article_publisher":"https:\/\/www.facebook.com\/La-Sentinelle-104059864394773","article_published_time":"2026-03-11T20:50:07+00:00","article_modified_time":"2026-03-11T20:50:08+00:00","og_image":[{"width":855,"height":516,"url":"https:\/\/lasentinelle.dz\/wp-content\/uploads\/2026\/01\/Ligne-ferroviaire.jpg","type":"image\/jpeg"}],"author":"admin","twitter_card":"summary_large_image","twitter_misc":{"\u00c9crit par":"admin","Dur\u00e9e de lecture estim\u00e9e":"3 minutes"},"schema":{"@context":"https:\/\/schema.org","@graph":[{"@type":"Article","@id":"https:\/\/lasentinelle.dz\/index.php\/2026\/03\/11\/ligne-miniere-est-un-chantier-strategique-sous-haute-surveillance\/#article","isPartOf":{"@id":"https:\/\/lasentinelle.dz\/index.php\/2026\/03\/11\/ligne-miniere-est-un-chantier-strategique-sous-haute-surveillance\/"},"author":{"name":"admin","@id":"https:\/\/lasentinelle.dz\/#\/schema\/person\/729ee0024f24e0b8c5ec17232f8e8b41"},"headline":"Ligne mini\u00e8re Est\u00a0: Un chantier strat\u00e9gique sous haute surveillance","datePublished":"2026-03-11T20:50:07+00:00","dateModified":"2026-03-11T20:50:08+00:00","mainEntityOfPage":{"@id":"https:\/\/lasentinelle.dz\/index.php\/2026\/03\/11\/ligne-miniere-est-un-chantier-strategique-sous-haute-surveillance\/"},"wordCount":549,"commentCount":0,"publisher":{"@id":"https:\/\/lasentinelle.dz\/#organization"},"image":{"@id":"https:\/\/lasentinelle.dz\/index.php\/2026\/03\/11\/ligne-miniere-est-un-chantier-strategique-sous-haute-surveillance\/#primaryimage"},"thumbnailUrl":"https:\/\/lasentinelle.dz\/wp-content\/uploads\/2026\/01\/Ligne-ferroviaire.jpg","articleSection":["Actualit\u00e9"],"inLanguage":"fr-FR","potentialAction":[{"@type":"CommentAction","name":"Comment","target":["https:\/\/lasentinelle.dz\/index.php\/2026\/03\/11\/ligne-miniere-est-un-chantier-strategique-sous-haute-surveillance\/#respond"]}]},{"@type":"WebPage","@id":"https:\/\/lasentinelle.dz\/index.php\/2026\/03\/11\/ligne-miniere-est-un-chantier-strategique-sous-haute-surveillance\/","url":"https:\/\/lasentinelle.dz\/index.php\/2026\/03\/11\/ligne-miniere-est-un-chantier-strategique-sous-haute-surveillance\/","name":"Ligne mini\u00e8re Est\u00a0: Un chantier strat\u00e9gique sous haute surveillance - La Sentinelle","isPartOf":{"@id":"https:\/\/lasentinelle.dz\/#website"},"primaryImageOfPage":{"@id":"https:\/\/lasentinelle.dz\/index.php\/2026\/03\/11\/ligne-miniere-est-un-chantier-strategique-sous-haute-surveillance\/#primaryimage"},"image":{"@id":"https:\/\/lasentinelle.dz\/index.php\/2026\/03\/11\/ligne-miniere-est-un-chantier-strategique-sous-haute-surveillance\/#primaryimage"},"thumbnailUrl":"https:\/\/lasentinelle.dz\/wp-content\/uploads\/2026\/01\/Ligne-ferroviaire.jpg","datePublished":"2026-03-11T20:50:07+00:00","dateModified":"2026-03-11T20:50:08+00:00","breadcrumb":{"@id":"https:\/\/lasentinelle.dz\/index.php\/2026\/03\/11\/ligne-miniere-est-un-chantier-strategique-sous-haute-surveillance\/#breadcrumb"},"inLanguage":"fr-FR","potentialAction":[{"@type":"ReadAction","target":["https:\/\/lasentinelle.dz\/index.php\/2026\/03\/11\/ligne-miniere-est-un-chantier-strategique-sous-haute-surveillance\/"]}]},{"@type":"ImageObject","inLanguage":"fr-FR","@id":"https:\/\/lasentinelle.dz\/index.php\/2026\/03\/11\/ligne-miniere-est-un-chantier-strategique-sous-haute-surveillance\/#primaryimage","url":"https:\/\/lasentinelle.dz\/wp-content\/uploads\/2026\/01\/Ligne-ferroviaire.jpg","contentUrl":"https:\/\/lasentinelle.dz\/wp-content\/uploads\/2026\/01\/Ligne-ferroviaire.jpg","width":855,"height":516},{"@type":"BreadcrumbList","@id":"https:\/\/lasentinelle.dz\/index.php\/2026\/03\/11\/ligne-miniere-est-un-chantier-strategique-sous-haute-surveillance\/#breadcrumb","itemListElement":[{"@type":"ListItem","position":1,"name":"Accueil","item":"https:\/\/lasentinelle.dz\/"},{"@type":"ListItem","position":2,"name":"Ligne mini\u00e8re Est\u00a0: Un chantier strat\u00e9gique sous haute surveillance"}]},{"@type":"WebSite","@id":"https:\/\/lasentinelle.dz\/#website","url":"https:\/\/lasentinelle.dz\/","name":"La Sentinelle","description":"Quotidien national d&#039;information","publisher":{"@id":"https:\/\/lasentinelle.dz\/#organization"},"potentialAction":[{"@type":"SearchAction","target":{"@type":"EntryPoint","urlTemplate":"https:\/\/lasentinelle.dz\/?s={search_term_string}"},"query-input":{"@type":"PropertyValueSpecification","valueRequired":true,"valueName":"search_term_string"}}],"inLanguage":"fr-FR"},{"@type":"Organization","@id":"https:\/\/lasentinelle.dz\/#organization","name":"Quotidien La Sentinelle","url":"https:\/\/lasentinelle.dz\/","logo":{"@type":"ImageObject","inLanguage":"fr-FR","@id":"https:\/\/lasentinelle.dz\/#\/schema\/logo\/image\/","url":"https:\/\/lasentinelle.dz\/wp-content\/uploads\/2021\/09\/logo-sentinelleSLOGAN-1.png","contentUrl":"https:\/\/lasentinelle.dz\/wp-content\/uploads\/2021\/09\/logo-sentinelleSLOGAN-1.png","width":615,"height":142,"caption":"Quotidien La Sentinelle"},"image":{"@id":"https:\/\/lasentinelle.dz\/#\/schema\/logo\/image\/"},"sameAs":["https:\/\/www.facebook.com\/La-Sentinelle-104059864394773"]},{"@type":"Person","@id":"https:\/\/lasentinelle.dz\/#\/schema\/person\/729ee0024f24e0b8c5ec17232f8e8b41","name":"admin","image":{"@type":"ImageObject","inLanguage":"fr-FR","@id":"https:\/\/secure.gravatar.com\/avatar\/4c81fed838786e9b53f540bf46533e750f5d292099ae3b66cfc6fb1982e29df7?s=96&d=mm&r=g","url":"https:\/\/secure.gravatar.com\/avatar\/4c81fed838786e9b53f540bf46533e750f5d292099ae3b66cfc6fb1982e29df7?s=96&d=mm&r=g","contentUrl":"https:\/\/secure.gravatar.com\/avatar\/4c81fed838786e9b53f540bf46533e750f5d292099ae3b66cfc6fb1982e29df7?s=96&d=mm&r=g","caption":"admin"},"description":"admin","url":"https:\/\/lasentinelle.dz\/author\/admin\/"}]}},"_links":{"self":[{"href":"https:\/\/lasentinelle.dz\/index.php\/wp-json\/wp\/v2\/posts\/83356","targetHints":{"allow":["GET"]}}],"collection":[{"href":"https:\/\/lasentinelle.dz\/index.php\/wp-json\/wp\/v2\/posts"}],"about":[{"href":"https:\/\/lasentinelle.dz\/index.php\/wp-json\/wp\/v2\/types\/post"}],"author":[{"embeddable":true,"href":"https:\/\/lasentinelle.dz\/index.php\/wp-json\/wp\/v2\/users\/6"}],"replies":[{"embeddable":true,"href":"https:\/\/lasentinelle.dz\/index.php\/wp-json\/wp\/v2\/comments?post=83356"}],"version-history":[{"count":1,"href":"https:\/\/lasentinelle.dz\/index.php\/wp-json\/wp\/v2\/posts\/83356\/revisions"}],"predecessor-version":[{"id":83357,"href":"https:\/\/lasentinelle.dz\/index.php\/wp-json\/wp\/v2\/posts\/83356\/revisions\/83357"}],"wp:featuredmedia":[{"embeddable":true,"href":"https:\/\/lasentinelle.dz\/index.php\/wp-json\/wp\/v2\/media\/79282"}],"wp:attachment":[{"href":"https:\/\/lasentinelle.dz\/index.php\/wp-json\/wp\/v2\/media?parent=83356"}],"wp:term":[{"taxonomy":"category","embeddable":true,"href":"https:\/\/lasentinelle.dz\/index.php\/wp-json\/wp\/v2\/categories?post=83356"},{"taxonomy":"post_tag","embeddable":true,"href":"https:\/\/lasentinelle.dz\/index.php\/wp-json\/wp\/v2\/tags?post=83356"}],"curies":[{"name":"wp","href":"https:\/\/api.w.org\/{rel}","templated":true}]}}