{"id":83358,"date":"2026-03-11T21:51:25","date_gmt":"2026-03-11T20:51:25","guid":{"rendered":"https:\/\/lasentinelle.dz\/?p=83358"},"modified":"2026-03-11T21:51:26","modified_gmt":"2026-03-11T20:51:26","slug":"routes-metro-rail-la-cadence-des-chantiers-saccelere","status":"publish","type":"post","link":"https:\/\/lasentinelle.dz\/index.php\/2026\/03\/11\/routes-metro-rail-la-cadence-des-chantiers-saccelere\/","title":{"rendered":"Routes, m\u00e9tro, rail\u00a0: La cadence des chantiers s\u2019acc\u00e9l\u00e8re"},"content":{"rendered":"\n<p>Du Nord au Sud et d&rsquo;Est en Ouest, une vaste offensive de chantiers est en cours pour moderniser le r\u00e9seau routier, prolonger le m\u00e9tro d&rsquo;Alger et poser les jalons de nouvelles liaisons ferroviaires.<\/p>\n\n\n\n<p>Dans un communiqu\u00e9 rendu public mercredi, le minist\u00e8re des Travaux publics et des Infrastructures de base a dress\u00e9 un panorama d\u00e9taill\u00e9 des projets qui mobilisent actuellement ses \u00e9quipes \u00e0 travers pas moins d&rsquo;une dizaine de wilayas, confirmant la volont\u00e9 des pouvoirs publics de rattraper le retard accumul\u00e9 en mati\u00e8re d&rsquo;infrastructures de transport et d&rsquo;am\u00e9liorer sensiblement les conditions de mobilit\u00e9 des citoyens. Ces op\u00e9rations, pr\u00e9cise le minist\u00e8re, \u00ab s&rsquo;inscrivent dans le cadre de la dynamique que conna\u00eet le secteur, en concr\u00e9tisation des instructions du ministre Abdelkader Djellaoui \u00bb. Elles couvrent aussi bien la r\u00e9alisation de nouveaux ouvrages que l&rsquo;entretien p\u00e9riodique d&rsquo;axes existants, deux volets compl\u00e9mentaires dans un pays o\u00f9 le r\u00e9seau routier, long de plus de 130 000 kilom\u00e8tres, subit les assauts conjugu\u00e9s du climat, du trafic croissant et du vieillissement de certaines chauss\u00e9es. Le dossier le plus scrut\u00e9 par l&rsquo;opinion reste sans doute celui du m\u00e9tro d&rsquo;Alger, dont l&rsquo;extension pi\u00e9tine depuis des ann\u00e9es. Le communiqu\u00e9 fait \u00e9tat de la poursuite des travaux de la station Taleb Abderrahmane, maillon de la liaison entre la Place des Martyrs et Bab El Oued. Les \u00e9quipes proc\u00e8dent \u00ab \u00e0 la mise en place d&rsquo;un sout\u00e8nement provisoire \u00e0 l&rsquo;aide de colonnes sp\u00e9ciales, en pr\u00e9paration au lancement du creusement du tunnel par m\u00e9thode m\u00e9canique \u00bb, selon le minist\u00e8re, qui signale aussi l&rsquo;avancement de l&rsquo;ouvrage de ventilation n\u00b08, indispensable \u00e0 la s\u00e9curit\u00e9 et au confort des futurs usagers. Pour les Alg\u00e9rois, l&rsquo;enjeu est consid\u00e9rable : chaque nouveau kilom\u00e8tre de m\u00e9tro mis en service contribue \u00e0 d\u00e9sengorger une capitale paralys\u00e9e aux heures de pointe.<\/p>\n\n\n\n<p>Toujours dans la wilaya d&rsquo;Alger, la route touristique longeant le littoral entre Palm Beach, Staoueli et Z\u00e9ralda fait l&rsquo;objet de travaux d&rsquo;\u00e9largissement, tandis que le d\u00e9doublement du chemin de wilaya n\u00b0133 progresse sur 6,5 kilom\u00e8tres dans la commune de Souidania, un axe tr\u00e8s fr\u00e9quent\u00e9 par les usagers de la banlieue ouest.<\/p>\n\n\n\n<p>\u00c0 l&rsquo;est du pays, le chantier de la p\u00e9n\u00e9trante autorouti\u00e8re de B\u00e9ja\u00efa \u2013 destin\u00e9e \u00e0 raccorder la troisi\u00e8me ville portuaire du pays \u00e0 l&rsquo;autoroute Est-Ouest \u2013 entre dans sa phase de finition. Les \u00e9quipes s&rsquo;activent sur un tron\u00e7on de cinq kilom\u00e8tres entre les points kilom\u00e9triques 11 et 16, o\u00f9 sont install\u00e9es des glissi\u00e8res de s\u00e9curit\u00e9 en b\u00e9ton et la signalisation verticale et horizontale. Pour la Kabylie maritime et son tissu \u00e9conomique, cette infrastructure est vitale : elle doit fluidifier l&rsquo;acheminement des marchandises depuis et vers le port de B\u00e9ja\u00efa. Plus au sud, dans la wilaya de Djelfa, le d\u00e9doublement de la mythique RN 1 \u2013 art\u00e8re qui relie le nord au Grand Sud \u2013 se poursuit avec la pose de la couche de roulement en b\u00e9ton bitumineux sur le tron\u00e7on Messaad-Medjbara et la construction d&rsquo;un ouvrage d&rsquo;art au PK 462+20 dans le cadre de la rocade Est de la ville. Le minist\u00e8re assure que \u00ab les \u00e9quipes de travail s&rsquo;engagent \u00e0 respecter les d\u00e9lais et les normes de qualit\u00e9 technique \u00bb. Dans les wilayas frontali\u00e8res de l&rsquo;Est, les chantiers ne sont pas en reste. \u00c0 Souk Ahras, le d\u00e9doublement de la RN 16 avance sur 17 kilom\u00e8tres entre Mechroha et le chef-lieu, avec pose de bordures, nivellement et r\u00e9alisation d&rsquo;un ouvrage d&rsquo;art au PK 75+500 \u00ab afin de garantir la s\u00e9curit\u00e9 routi\u00e8re \u00bb. \u00c0 T\u00e9bessa, c&rsquo;est le projet strat\u00e9gique de la ligne mini\u00e8re Est qui retient l&rsquo;attention : la voie de contournement des villes de T\u00e9bessa et Tnounkla enregistre \u00ab un avancement notable \u00bb au PK 01, tandis que les travaux se d\u00e9ploient simultan\u00e9ment au PK 25. Ce corridor minier est appel\u00e9 \u00e0 faciliter l&rsquo;exploitation des gisements de phosphate et de fer de la r\u00e9gion, pilier de la diversification \u00e9conomique voulue par les autorit\u00e9s. Dans la wilaya d&rsquo;Oum El Bouaghi, la r\u00e9alisation d&rsquo;un pont routier sur l&rsquo;axe Larbi Ben M&rsquo;hidi affiche \u00ab des progr\u00e8s notables \u00bb, selon le minist\u00e8re. \u00c0 Khenchela, l&rsquo;entretien du CW n\u00b09 et la maintenance des ouvrages d&rsquo;art de la RN 83 sont en cours. Enfin, \u00e0 Tiaret, les \u00e9quipes prot\u00e8gent un gazoduc au PK 112.4 dans le cadre du m\u00e9ga-projet de ligne ferroviaire reliant Relizane, Tiaret, Tissemsilt et Sa\u00efda, \u00ab tout en respectant les normes techniques et les d\u00e9lais contractuels \u00bb, conclut le communiqu\u00e9. Au total, ce tour d&rsquo;horizon traduit une mont\u00e9e en puissance des chantiers sur le terrain, \u00e0 un moment o\u00f9 la question des infrastructures demeure au c\u0153ur des attentes des Alg\u00e9riens en mati\u00e8re de d\u00e9veloppement local, de s\u00e9curit\u00e9 routi\u00e8re et de d\u00e9senclavement des r\u00e9gions int\u00e9rieures.<\/p>\n\n\n\n<p>Amar Malki<\/p>\n","protected":false},"excerpt":{"rendered":"<p>Du Nord au Sud et d&rsquo;Est en Ouest, une vaste offensive de chantiers est en cours pour moderniser le r\u00e9seau<\/p>\n","protected":false},"author":6,"featured_media":83359,"comment_status":"open","ping_status":"closed","sticky":false,"template":"","format":"standard","meta":{"colormag_page_container_layout":"default_layout","colormag_page_sidebar_layout":"default_layout","om_disable_all_campaigns":false,"_monsterinsights_skip_tracking":false,"_monsterinsights_sitenote_active":false,"_monsterinsights_sitenote_note":"","_monsterinsights_sitenote_category":0,"footnotes":"","_wpscppro_dont_share_socialmedia":false,"_wpscppro_custom_social_share_image":0,"_facebook_share_type":"default","_twitter_share_type":"default","_linkedin_share_type":"default","_pinterest_share_type":"default","_linkedin_share_type_page":"","_instagram_share_type":"default","_medium_share_type":"default","_threads_share_type":"default","_google_business_share_type":"default","_selected_social_profile":[],"_wpsp_enable_custom_social_template":false,"_wpsp_social_scheduling":{"enabled":false,"datetime":null,"platforms":[],"status":"template_only","dateOption":"today","timeOption":"now","customDays":"","customHours":"","customDate":"","customTime":"","schedulingType":"absolute"},"_wpsp_active_default_template":true},"categories":[52,27],"tags":[],"class_list":["post-83358","post","type-post","status-publish","format-standard","has-post-thumbnail","hentry","category-a-la-une","category-actualite"],"aioseo_notices":[],"yoast_head":"<!-- This site is optimized with the Yoast SEO plugin v27.4 - https:\/\/yoast.com\/product\/yoast-seo-wordpress\/ -->\n<title>Routes, m\u00e9tro, rail\u00a0: La cadence des chantiers s\u2019acc\u00e9l\u00e8re - La Sentinelle<\/title>\n<meta name=\"robots\" content=\"index, follow, max-snippet:-1, max-image-preview:large, max-video-preview:-1\" \/>\n<link rel=\"canonical\" href=\"https:\/\/lasentinelle.dz\/index.php\/2026\/03\/11\/routes-metro-rail-la-cadence-des-chantiers-saccelere\/\" \/>\n<meta property=\"og:locale\" content=\"fr_FR\" \/>\n<meta property=\"og:type\" content=\"article\" \/>\n<meta property=\"og:title\" content=\"Routes, m\u00e9tro, rail\u00a0: La cadence des chantiers s\u2019acc\u00e9l\u00e8re - La Sentinelle\" \/>\n<meta property=\"og:description\" content=\"Du Nord au Sud et d&rsquo;Est en Ouest, une vaste offensive de chantiers est en cours pour moderniser le r\u00e9seau\" \/>\n<meta property=\"og:url\" content=\"https:\/\/lasentinelle.dz\/index.php\/2026\/03\/11\/routes-metro-rail-la-cadence-des-chantiers-saccelere\/\" \/>\n<meta property=\"og:site_name\" content=\"La Sentinelle\" \/>\n<meta property=\"article:publisher\" content=\"https:\/\/www.facebook.com\/La-Sentinelle-104059864394773\" \/>\n<meta property=\"article:published_time\" content=\"2026-03-11T20:51:25+00:00\" \/>\n<meta property=\"article:modified_time\" content=\"2026-03-11T20:51:26+00:00\" \/>\n<meta property=\"og:image\" content=\"https:\/\/lasentinelle.dz\/wp-content\/uploads\/2026\/03\/travaux-publics.webp\" \/>\n\t<meta property=\"og:image:width\" content=\"1079\" \/>\n\t<meta property=\"og:image:height\" content=\"720\" \/>\n\t<meta property=\"og:image:type\" content=\"image\/webp\" \/>\n<meta name=\"author\" content=\"admin\" \/>\n<meta name=\"twitter:card\" content=\"summary_large_image\" \/>\n<meta name=\"twitter:label1\" content=\"\u00c9crit par\" \/>\n\t<meta name=\"twitter:data1\" content=\"admin\" \/>\n\t<meta name=\"twitter:label2\" content=\"Dur\u00e9e de lecture estim\u00e9e\" \/>\n\t<meta name=\"twitter:data2\" content=\"5 minutes\" \/>\n<script type=\"application\/ld+json\" class=\"yoast-schema-graph\">{\"@context\":\"https:\\\/\\\/schema.org\",\"@graph\":[{\"@type\":\"Article\",\"@id\":\"https:\\\/\\\/lasentinelle.dz\\\/index.php\\\/2026\\\/03\\\/11\\\/routes-metro-rail-la-cadence-des-chantiers-saccelere\\\/#article\",\"isPartOf\":{\"@id\":\"https:\\\/\\\/lasentinelle.dz\\\/index.php\\\/2026\\\/03\\\/11\\\/routes-metro-rail-la-cadence-des-chantiers-saccelere\\\/\"},\"author\":{\"name\":\"admin\",\"@id\":\"https:\\\/\\\/lasentinelle.dz\\\/#\\\/schema\\\/person\\\/729ee0024f24e0b8c5ec17232f8e8b41\"},\"headline\":\"Routes, m\u00e9tro, rail\u00a0: La cadence des chantiers s\u2019acc\u00e9l\u00e8re\",\"datePublished\":\"2026-03-11T20:51:25+00:00\",\"dateModified\":\"2026-03-11T20:51:26+00:00\",\"mainEntityOfPage\":{\"@id\":\"https:\\\/\\\/lasentinelle.dz\\\/index.php\\\/2026\\\/03\\\/11\\\/routes-metro-rail-la-cadence-des-chantiers-saccelere\\\/\"},\"wordCount\":858,\"commentCount\":0,\"publisher\":{\"@id\":\"https:\\\/\\\/lasentinelle.dz\\\/#organization\"},\"image\":{\"@id\":\"https:\\\/\\\/lasentinelle.dz\\\/index.php\\\/2026\\\/03\\\/11\\\/routes-metro-rail-la-cadence-des-chantiers-saccelere\\\/#primaryimage\"},\"thumbnailUrl\":\"https:\\\/\\\/lasentinelle.dz\\\/wp-content\\\/uploads\\\/2026\\\/03\\\/travaux-publics.webp\",\"articleSection\":[\"\u00c0 la Une\",\"Actualit\u00e9\"],\"inLanguage\":\"fr-FR\",\"potentialAction\":[{\"@type\":\"CommentAction\",\"name\":\"Comment\",\"target\":[\"https:\\\/\\\/lasentinelle.dz\\\/index.php\\\/2026\\\/03\\\/11\\\/routes-metro-rail-la-cadence-des-chantiers-saccelere\\\/#respond\"]}]},{\"@type\":\"WebPage\",\"@id\":\"https:\\\/\\\/lasentinelle.dz\\\/index.php\\\/2026\\\/03\\\/11\\\/routes-metro-rail-la-cadence-des-chantiers-saccelere\\\/\",\"url\":\"https:\\\/\\\/lasentinelle.dz\\\/index.php\\\/2026\\\/03\\\/11\\\/routes-metro-rail-la-cadence-des-chantiers-saccelere\\\/\",\"name\":\"Routes, m\u00e9tro, rail\u00a0: La cadence des chantiers s\u2019acc\u00e9l\u00e8re - La Sentinelle\",\"isPartOf\":{\"@id\":\"https:\\\/\\\/lasentinelle.dz\\\/#website\"},\"primaryImageOfPage\":{\"@id\":\"https:\\\/\\\/lasentinelle.dz\\\/index.php\\\/2026\\\/03\\\/11\\\/routes-metro-rail-la-cadence-des-chantiers-saccelere\\\/#primaryimage\"},\"image\":{\"@id\":\"https:\\\/\\\/lasentinelle.dz\\\/index.php\\\/2026\\\/03\\\/11\\\/routes-metro-rail-la-cadence-des-chantiers-saccelere\\\/#primaryimage\"},\"thumbnailUrl\":\"https:\\\/\\\/lasentinelle.dz\\\/wp-content\\\/uploads\\\/2026\\\/03\\\/travaux-publics.webp\",\"datePublished\":\"2026-03-11T20:51:25+00:00\",\"dateModified\":\"2026-03-11T20:51:26+00:00\",\"breadcrumb\":{\"@id\":\"https:\\\/\\\/lasentinelle.dz\\\/index.php\\\/2026\\\/03\\\/11\\\/routes-metro-rail-la-cadence-des-chantiers-saccelere\\\/#breadcrumb\"},\"inLanguage\":\"fr-FR\",\"potentialAction\":[{\"@type\":\"ReadAction\",\"target\":[\"https:\\\/\\\/lasentinelle.dz\\\/index.php\\\/2026\\\/03\\\/11\\\/routes-metro-rail-la-cadence-des-chantiers-saccelere\\\/\"]}]},{\"@type\":\"ImageObject\",\"inLanguage\":\"fr-FR\",\"@id\":\"https:\\\/\\\/lasentinelle.dz\\\/index.php\\\/2026\\\/03\\\/11\\\/routes-metro-rail-la-cadence-des-chantiers-saccelere\\\/#primaryimage\",\"url\":\"https:\\\/\\\/lasentinelle.dz\\\/wp-content\\\/uploads\\\/2026\\\/03\\\/travaux-publics.webp\",\"contentUrl\":\"https:\\\/\\\/lasentinelle.dz\\\/wp-content\\\/uploads\\\/2026\\\/03\\\/travaux-publics.webp\",\"width\":1079,\"height\":720},{\"@type\":\"BreadcrumbList\",\"@id\":\"https:\\\/\\\/lasentinelle.dz\\\/index.php\\\/2026\\\/03\\\/11\\\/routes-metro-rail-la-cadence-des-chantiers-saccelere\\\/#breadcrumb\",\"itemListElement\":[{\"@type\":\"ListItem\",\"position\":1,\"name\":\"Accueil\",\"item\":\"https:\\\/\\\/lasentinelle.dz\\\/\"},{\"@type\":\"ListItem\",\"position\":2,\"name\":\"Routes, m\u00e9tro, rail\u00a0: La cadence des chantiers s\u2019acc\u00e9l\u00e8re\"}]},{\"@type\":\"WebSite\",\"@id\":\"https:\\\/\\\/lasentinelle.dz\\\/#website\",\"url\":\"https:\\\/\\\/lasentinelle.dz\\\/\",\"name\":\"La Sentinelle\",\"description\":\"Quotidien national d&#039;information\",\"publisher\":{\"@id\":\"https:\\\/\\\/lasentinelle.dz\\\/#organization\"},\"potentialAction\":[{\"@type\":\"SearchAction\",\"target\":{\"@type\":\"EntryPoint\",\"urlTemplate\":\"https:\\\/\\\/lasentinelle.dz\\\/?s={search_term_string}\"},\"query-input\":{\"@type\":\"PropertyValueSpecification\",\"valueRequired\":true,\"valueName\":\"search_term_string\"}}],\"inLanguage\":\"fr-FR\"},{\"@type\":\"Organization\",\"@id\":\"https:\\\/\\\/lasentinelle.dz\\\/#organization\",\"name\":\"Quotidien La Sentinelle\",\"url\":\"https:\\\/\\\/lasentinelle.dz\\\/\",\"logo\":{\"@type\":\"ImageObject\",\"inLanguage\":\"fr-FR\",\"@id\":\"https:\\\/\\\/lasentinelle.dz\\\/#\\\/schema\\\/logo\\\/image\\\/\",\"url\":\"https:\\\/\\\/lasentinelle.dz\\\/wp-content\\\/uploads\\\/2021\\\/09\\\/logo-sentinelleSLOGAN-1.png\",\"contentUrl\":\"https:\\\/\\\/lasentinelle.dz\\\/wp-content\\\/uploads\\\/2021\\\/09\\\/logo-sentinelleSLOGAN-1.png\",\"width\":615,\"height\":142,\"caption\":\"Quotidien La Sentinelle\"},\"image\":{\"@id\":\"https:\\\/\\\/lasentinelle.dz\\\/#\\\/schema\\\/logo\\\/image\\\/\"},\"sameAs\":[\"https:\\\/\\\/www.facebook.com\\\/La-Sentinelle-104059864394773\"]},{\"@type\":\"Person\",\"@id\":\"https:\\\/\\\/lasentinelle.dz\\\/#\\\/schema\\\/person\\\/729ee0024f24e0b8c5ec17232f8e8b41\",\"name\":\"admin\",\"image\":{\"@type\":\"ImageObject\",\"inLanguage\":\"fr-FR\",\"@id\":\"https:\\\/\\\/secure.gravatar.com\\\/avatar\\\/4c81fed838786e9b53f540bf46533e750f5d292099ae3b66cfc6fb1982e29df7?s=96&d=mm&r=g\",\"url\":\"https:\\\/\\\/secure.gravatar.com\\\/avatar\\\/4c81fed838786e9b53f540bf46533e750f5d292099ae3b66cfc6fb1982e29df7?s=96&d=mm&r=g\",\"contentUrl\":\"https:\\\/\\\/secure.gravatar.com\\\/avatar\\\/4c81fed838786e9b53f540bf46533e750f5d292099ae3b66cfc6fb1982e29df7?s=96&d=mm&r=g\",\"caption\":\"admin\"},\"description\":\"admin\",\"url\":\"https:\\\/\\\/lasentinelle.dz\\\/author\\\/admin\\\/\"}]}<\/script>\n<!-- \/ Yoast SEO plugin. -->","yoast_head_json":{"title":"Routes, m\u00e9tro, rail\u00a0: La cadence des chantiers s\u2019acc\u00e9l\u00e8re - La Sentinelle","robots":{"index":"index","follow":"follow","max-snippet":"max-snippet:-1","max-image-preview":"max-image-preview:large","max-video-preview":"max-video-preview:-1"},"canonical":"https:\/\/lasentinelle.dz\/index.php\/2026\/03\/11\/routes-metro-rail-la-cadence-des-chantiers-saccelere\/","og_locale":"fr_FR","og_type":"article","og_title":"Routes, m\u00e9tro, rail\u00a0: La cadence des chantiers s\u2019acc\u00e9l\u00e8re - La Sentinelle","og_description":"Du Nord au Sud et d&rsquo;Est en Ouest, une vaste offensive de chantiers est en cours pour moderniser le r\u00e9seau","og_url":"https:\/\/lasentinelle.dz\/index.php\/2026\/03\/11\/routes-metro-rail-la-cadence-des-chantiers-saccelere\/","og_site_name":"La Sentinelle","article_publisher":"https:\/\/www.facebook.com\/La-Sentinelle-104059864394773","article_published_time":"2026-03-11T20:51:25+00:00","article_modified_time":"2026-03-11T20:51:26+00:00","og_image":[{"width":1079,"height":720,"url":"https:\/\/lasentinelle.dz\/wp-content\/uploads\/2026\/03\/travaux-publics.webp","type":"image\/webp"}],"author":"admin","twitter_card":"summary_large_image","twitter_misc":{"\u00c9crit par":"admin","Dur\u00e9e de lecture estim\u00e9e":"5 minutes"},"schema":{"@context":"https:\/\/schema.org","@graph":[{"@type":"Article","@id":"https:\/\/lasentinelle.dz\/index.php\/2026\/03\/11\/routes-metro-rail-la-cadence-des-chantiers-saccelere\/#article","isPartOf":{"@id":"https:\/\/lasentinelle.dz\/index.php\/2026\/03\/11\/routes-metro-rail-la-cadence-des-chantiers-saccelere\/"},"author":{"name":"admin","@id":"https:\/\/lasentinelle.dz\/#\/schema\/person\/729ee0024f24e0b8c5ec17232f8e8b41"},"headline":"Routes, m\u00e9tro, rail\u00a0: La cadence des chantiers s\u2019acc\u00e9l\u00e8re","datePublished":"2026-03-11T20:51:25+00:00","dateModified":"2026-03-11T20:51:26+00:00","mainEntityOfPage":{"@id":"https:\/\/lasentinelle.dz\/index.php\/2026\/03\/11\/routes-metro-rail-la-cadence-des-chantiers-saccelere\/"},"wordCount":858,"commentCount":0,"publisher":{"@id":"https:\/\/lasentinelle.dz\/#organization"},"image":{"@id":"https:\/\/lasentinelle.dz\/index.php\/2026\/03\/11\/routes-metro-rail-la-cadence-des-chantiers-saccelere\/#primaryimage"},"thumbnailUrl":"https:\/\/lasentinelle.dz\/wp-content\/uploads\/2026\/03\/travaux-publics.webp","articleSection":["\u00c0 la Une","Actualit\u00e9"],"inLanguage":"fr-FR","potentialAction":[{"@type":"CommentAction","name":"Comment","target":["https:\/\/lasentinelle.dz\/index.php\/2026\/03\/11\/routes-metro-rail-la-cadence-des-chantiers-saccelere\/#respond"]}]},{"@type":"WebPage","@id":"https:\/\/lasentinelle.dz\/index.php\/2026\/03\/11\/routes-metro-rail-la-cadence-des-chantiers-saccelere\/","url":"https:\/\/lasentinelle.dz\/index.php\/2026\/03\/11\/routes-metro-rail-la-cadence-des-chantiers-saccelere\/","name":"Routes, m\u00e9tro, rail\u00a0: La cadence des chantiers s\u2019acc\u00e9l\u00e8re - La Sentinelle","isPartOf":{"@id":"https:\/\/lasentinelle.dz\/#website"},"primaryImageOfPage":{"@id":"https:\/\/lasentinelle.dz\/index.php\/2026\/03\/11\/routes-metro-rail-la-cadence-des-chantiers-saccelere\/#primaryimage"},"image":{"@id":"https:\/\/lasentinelle.dz\/index.php\/2026\/03\/11\/routes-metro-rail-la-cadence-des-chantiers-saccelere\/#primaryimage"},"thumbnailUrl":"https:\/\/lasentinelle.dz\/wp-content\/uploads\/2026\/03\/travaux-publics.webp","datePublished":"2026-03-11T20:51:25+00:00","dateModified":"2026-03-11T20:51:26+00:00","breadcrumb":{"@id":"https:\/\/lasentinelle.dz\/index.php\/2026\/03\/11\/routes-metro-rail-la-cadence-des-chantiers-saccelere\/#breadcrumb"},"inLanguage":"fr-FR","potentialAction":[{"@type":"ReadAction","target":["https:\/\/lasentinelle.dz\/index.php\/2026\/03\/11\/routes-metro-rail-la-cadence-des-chantiers-saccelere\/"]}]},{"@type":"ImageObject","inLanguage":"fr-FR","@id":"https:\/\/lasentinelle.dz\/index.php\/2026\/03\/11\/routes-metro-rail-la-cadence-des-chantiers-saccelere\/#primaryimage","url":"https:\/\/lasentinelle.dz\/wp-content\/uploads\/2026\/03\/travaux-publics.webp","contentUrl":"https:\/\/lasentinelle.dz\/wp-content\/uploads\/2026\/03\/travaux-publics.webp","width":1079,"height":720},{"@type":"BreadcrumbList","@id":"https:\/\/lasentinelle.dz\/index.php\/2026\/03\/11\/routes-metro-rail-la-cadence-des-chantiers-saccelere\/#breadcrumb","itemListElement":[{"@type":"ListItem","position":1,"name":"Accueil","item":"https:\/\/lasentinelle.dz\/"},{"@type":"ListItem","position":2,"name":"Routes, m\u00e9tro, rail\u00a0: La cadence des chantiers s\u2019acc\u00e9l\u00e8re"}]},{"@type":"WebSite","@id":"https:\/\/lasentinelle.dz\/#website","url":"https:\/\/lasentinelle.dz\/","name":"La Sentinelle","description":"Quotidien national d&#039;information","publisher":{"@id":"https:\/\/lasentinelle.dz\/#organization"},"potentialAction":[{"@type":"SearchAction","target":{"@type":"EntryPoint","urlTemplate":"https:\/\/lasentinelle.dz\/?s={search_term_string}"},"query-input":{"@type":"PropertyValueSpecification","valueRequired":true,"valueName":"search_term_string"}}],"inLanguage":"fr-FR"},{"@type":"Organization","@id":"https:\/\/lasentinelle.dz\/#organization","name":"Quotidien La Sentinelle","url":"https:\/\/lasentinelle.dz\/","logo":{"@type":"ImageObject","inLanguage":"fr-FR","@id":"https:\/\/lasentinelle.dz\/#\/schema\/logo\/image\/","url":"https:\/\/lasentinelle.dz\/wp-content\/uploads\/2021\/09\/logo-sentinelleSLOGAN-1.png","contentUrl":"https:\/\/lasentinelle.dz\/wp-content\/uploads\/2021\/09\/logo-sentinelleSLOGAN-1.png","width":615,"height":142,"caption":"Quotidien La Sentinelle"},"image":{"@id":"https:\/\/lasentinelle.dz\/#\/schema\/logo\/image\/"},"sameAs":["https:\/\/www.facebook.com\/La-Sentinelle-104059864394773"]},{"@type":"Person","@id":"https:\/\/lasentinelle.dz\/#\/schema\/person\/729ee0024f24e0b8c5ec17232f8e8b41","name":"admin","image":{"@type":"ImageObject","inLanguage":"fr-FR","@id":"https:\/\/secure.gravatar.com\/avatar\/4c81fed838786e9b53f540bf46533e750f5d292099ae3b66cfc6fb1982e29df7?s=96&d=mm&r=g","url":"https:\/\/secure.gravatar.com\/avatar\/4c81fed838786e9b53f540bf46533e750f5d292099ae3b66cfc6fb1982e29df7?s=96&d=mm&r=g","contentUrl":"https:\/\/secure.gravatar.com\/avatar\/4c81fed838786e9b53f540bf46533e750f5d292099ae3b66cfc6fb1982e29df7?s=96&d=mm&r=g","caption":"admin"},"description":"admin","url":"https:\/\/lasentinelle.dz\/author\/admin\/"}]}},"_links":{"self":[{"href":"https:\/\/lasentinelle.dz\/index.php\/wp-json\/wp\/v2\/posts\/83358","targetHints":{"allow":["GET"]}}],"collection":[{"href":"https:\/\/lasentinelle.dz\/index.php\/wp-json\/wp\/v2\/posts"}],"about":[{"href":"https:\/\/lasentinelle.dz\/index.php\/wp-json\/wp\/v2\/types\/post"}],"author":[{"embeddable":true,"href":"https:\/\/lasentinelle.dz\/index.php\/wp-json\/wp\/v2\/users\/6"}],"replies":[{"embeddable":true,"href":"https:\/\/lasentinelle.dz\/index.php\/wp-json\/wp\/v2\/comments?post=83358"}],"version-history":[{"count":1,"href":"https:\/\/lasentinelle.dz\/index.php\/wp-json\/wp\/v2\/posts\/83358\/revisions"}],"predecessor-version":[{"id":83360,"href":"https:\/\/lasentinelle.dz\/index.php\/wp-json\/wp\/v2\/posts\/83358\/revisions\/83360"}],"wp:featuredmedia":[{"embeddable":true,"href":"https:\/\/lasentinelle.dz\/index.php\/wp-json\/wp\/v2\/media\/83359"}],"wp:attachment":[{"href":"https:\/\/lasentinelle.dz\/index.php\/wp-json\/wp\/v2\/media?parent=83358"}],"wp:term":[{"taxonomy":"category","embeddable":true,"href":"https:\/\/lasentinelle.dz\/index.php\/wp-json\/wp\/v2\/categories?post=83358"},{"taxonomy":"post_tag","embeddable":true,"href":"https:\/\/lasentinelle.dz\/index.php\/wp-json\/wp\/v2\/tags?post=83358"}],"curies":[{"name":"wp","href":"https:\/\/api.w.org\/{rel}","templated":true}]}}