{"id":83363,"date":"2026-03-11T21:53:39","date_gmt":"2026-03-11T20:53:39","guid":{"rendered":"https:\/\/lasentinelle.dz\/?p=83363"},"modified":"2026-03-11T21:53:40","modified_gmt":"2026-03-11T20:53:40","slug":"le-ministre-de-lenergie-recoit-lambassadrice-des-pays-bas-en-audience-lhydrogene-algerien-courtise-en-europe","status":"publish","type":"post","link":"https:\/\/lasentinelle.dz\/index.php\/2026\/03\/11\/le-ministre-de-lenergie-recoit-lambassadrice-des-pays-bas-en-audience-lhydrogene-algerien-courtise-en-europe\/","title":{"rendered":"Le ministre de l\u2019\u00c9nergie re\u00e7oit l\u2019ambassadrice des Pays-Bas en audience\u00a0: L\u2019hydrog\u00e8ne alg\u00e9rien courtis\u00e9 en Europe"},"content":{"rendered":"\n<p>Le ministre de l&rsquo;\u00c9nergie et des \u00c9nergies Renouvelables, Mourad Adjal a rec\u00e7 mercredi l&rsquo;ambassadrice du Royaume des Pays-Bas en Alg\u00e9rie, Anne Elisabeth Luwema, en visite de courtoisie. Selon le communiqu\u00e9 de l&rsquo;ambassade, \u00ab les \u00e9changes ont port\u00e9 sur les perspectives de coop\u00e9ration bilat\u00e9rale dans le domaine de l&rsquo;\u00e9nergie, en particulier dans les secteurs strat\u00e9giques de la transition \u00e9nerg\u00e9tique, des \u00e9nergies renouvelables et de l&rsquo;hydrog\u00e8ne \u00bb. En apparence protocolaire, cette visite s&rsquo;inscrit en r\u00e9alit\u00e9 dans un contexte de comp\u00e9tition europ\u00e9enne intense autour du futur r\u00f4le de l&rsquo;Alg\u00e9rie dans le march\u00e9 mondial de l&rsquo;hydrog\u00e8ne vert. La rencontre a permis d&rsquo;aborder la participation d&rsquo;\u00ab une d\u00e9l\u00e9gation alg\u00e9rienne de haut niveau au Sommet mondial de l&rsquo;hydrog\u00e8ne, qui se tiendra du 19 au 21 mai prochain \u00e0 Rotterdam \u00bb, \u00e9v\u00e9nement qui, pr\u00e9cise le communiqu\u00e9, \u00ab r\u00e9unira les principaux acteurs publics et priv\u00e9s engag\u00e9s dans le d\u00e9veloppement de l&rsquo;hydrog\u00e8ne et des solutions \u00e9nerg\u00e9tiques durables \u00bb. Ce rendez-vous rotterdamois n&rsquo;est pas anodin : il intervient alors que l&rsquo;Alg\u00e9rie est d\u00e9sormais au centre d&rsquo;un projet d&rsquo;infrastructure \u00e9nerg\u00e9tique intercontinental sans pr\u00e9c\u00e9dent, le SoutH2 Corridor.<\/p>\n\n\n\n<p>Ce corridor d\u00e9di\u00e9 \u00e0 l&rsquo;hydrog\u00e8ne s&rsquo;\u00e9tend sur 3 300 kilom\u00e8tres et relie l&rsquo;Afrique du Nord \u00e0 l&rsquo;Italie, \u00e0 l&rsquo;Autriche et \u00e0 l&rsquo;Allemagne, sous la conduite des gestionnaires de r\u00e9seaux de transport Snam, TAG, GCA et Bayernets. Le pipeline prendra sa source dans la r\u00e9gion de Hassi R&rsquo;mel, d\u00e9j\u00e0 grand p\u00f4le gazier africain, traversera Hassi Messaoud puis la Tunisie avant de franchir la M\u00e9diterran\u00e9e pour rejoindre le r\u00e9seau italien de Snam, puis l&rsquo;Autriche et l&rsquo;Allemagne. Particularit\u00e9 \u00e9conomique du projet : environ 70 % de l&rsquo;infrastructure sera constitu\u00e9e de gazoducs existants reconvertis, ce qui r\u00e9duit consid\u00e9rablement les co\u00fbts de construction. Le corridor est reconnu comme Projet d&rsquo;Int\u00e9r\u00eat Commun au titre du r\u00e8glement TEN-E de l&rsquo;Union europ\u00e9enne et b\u00e9n\u00e9ficie d&rsquo;une caution politique au plus haut niveau : l&rsquo;Alg\u00e9rie, la Tunisie, l&rsquo;Italie, l&rsquo;Autriche et l&rsquo;Allemagne ont sign\u00e9 le 21 janvier 2025 une d\u00e9claration minist\u00e9rielle conjointe d&rsquo;intention politique pour le d\u00e9veloppement du corridor.<\/p>\n\n\n\n<p>Les chiffres donnent la mesure des ambitions. Le SoutH2 Corridor est con\u00e7u pour acheminer jusqu&rsquo;\u00e0 163 TWh, soit quatre millions de tonnes d&rsquo;hydrog\u00e8ne vert par an, et s&rsquo;inscrit dans l&rsquo;objectif alg\u00e9rien de couvrir 10 % de la demande europ\u00e9enne en hydrog\u00e8ne vert d&rsquo;ici 2040. L&rsquo;Allemagne seule devrait recevoir 55 TWh d&rsquo;hydrog\u00e8ne vert par an via ce corridor, ce qui en fait l&rsquo;un des principaux d\u00e9bouch\u00e9s industriels du projet. La mise en service compl\u00e8te du corridor est attendue d\u00e8s 2030.<\/p>\n\n\n\n<p>Sur le terrain, la dynamique s&rsquo;acc\u00e9l\u00e8re. En octobre 2024, un m\u00e9morandum d&rsquo;entente a \u00e9t\u00e9 sign\u00e9 entre Sonatrach, Sonelgaz, l&rsquo;allemand VNG, l&rsquo;italien Snam, SeaCorridor et l&rsquo;autrichien Verbund Green Hydrogen, portant sur la r\u00e9alisation d&rsquo;\u00e9tudes conjointes pour \u00e9valuer la faisabilit\u00e9 et la rentabilit\u00e9 d&rsquo;un projet int\u00e9gr\u00e9 de production d&rsquo;hydrog\u00e8ne vert en Alg\u00e9rie destin\u00e9 au march\u00e9 europ\u00e9en. En parall\u00e8le, l&rsquo;Alg\u00e9rie acc\u00e9l\u00e8re le d\u00e9ploiement solaire avec 3 200 MW de nouvelles capacit\u00e9s attendus d&rsquo;ici fin 2026, et d\u00e9veloppe un projet semi-industriel de 50 MW d&rsquo;hydrog\u00e8ne vert \u00e0 Arzew. C&rsquo;est dans cette configuration que l&rsquo;int\u00e9r\u00eat n\u00e9erlandais prend tout son sens. Les Pays-Bas, grand hub \u00e9nerg\u00e9tique du nord de l&rsquo;Europe via le port de Rotterdam, entendent ne pas rester \u00e0 l&rsquo;\u00e9cart d&rsquo;une fili\u00e8re dont ils accueillent pr\u00e9cis\u00e9ment le sommet mondial au printemps. Les discussions ont mis en \u00e9vidence, selon le communiqu\u00e9, \u00ab l&rsquo;importance de renforcer les partenariats, de promouvoir l&rsquo;\u00e9change d&rsquo;expertises et d&rsquo;explorer de nouvelles opportunit\u00e9s de collaboration entre les deux pays \u00bb.<\/p>\n\n\n\n<p>Amar Malki<\/p>\n","protected":false},"excerpt":{"rendered":"<p>Le ministre de l&rsquo;\u00c9nergie et des \u00c9nergies Renouvelables, Mourad Adjal a rec\u00e7 mercredi l&rsquo;ambassadrice du Royaume des Pays-Bas en Alg\u00e9rie,<\/p>\n","protected":false},"author":6,"featured_media":59815,"comment_status":"open","ping_status":"closed","sticky":false,"template":"","format":"standard","meta":{"colormag_page_container_layout":"default_layout","colormag_page_sidebar_layout":"default_layout","om_disable_all_campaigns":false,"_monsterinsights_skip_tracking":false,"_monsterinsights_sitenote_active":false,"_monsterinsights_sitenote_note":"","_monsterinsights_sitenote_category":0,"footnotes":"","_wpscppro_dont_share_socialmedia":false,"_wpscppro_custom_social_share_image":0,"_facebook_share_type":"default","_twitter_share_type":"default","_linkedin_share_type":"default","_pinterest_share_type":"default","_linkedin_share_type_page":"","_instagram_share_type":"default","_medium_share_type":"default","_threads_share_type":"default","_google_business_share_type":"default","_selected_social_profile":[],"_wpsp_enable_custom_social_template":false,"_wpsp_social_scheduling":{"enabled":false,"datetime":null,"platforms":[],"status":"template_only","dateOption":"today","timeOption":"now","customDays":"","customHours":"","customDate":"","customTime":"","schedulingType":"absolute"},"_wpsp_active_default_template":true},"categories":[29],"tags":[],"class_list":["post-83363","post","type-post","status-publish","format-standard","has-post-thumbnail","hentry","category-economie"],"aioseo_notices":[],"yoast_head":"<!-- This site is optimized with the Yoast SEO plugin v27.5 - https:\/\/yoast.com\/product\/yoast-seo-wordpress\/ -->\n<title>Le ministre de l\u2019\u00c9nergie re\u00e7oit l\u2019ambassadrice des Pays-Bas en audience\u00a0: L\u2019hydrog\u00e8ne alg\u00e9rien courtis\u00e9 en Europe - La Sentinelle<\/title>\n<meta name=\"robots\" content=\"index, follow, max-snippet:-1, max-image-preview:large, max-video-preview:-1\" \/>\n<link rel=\"canonical\" href=\"https:\/\/lasentinelle.dz\/index.php\/2026\/03\/11\/le-ministre-de-lenergie-recoit-lambassadrice-des-pays-bas-en-audience-lhydrogene-algerien-courtise-en-europe\/\" \/>\n<meta property=\"og:locale\" content=\"fr_FR\" \/>\n<meta property=\"og:type\" content=\"article\" \/>\n<meta property=\"og:title\" content=\"Le ministre de l\u2019\u00c9nergie re\u00e7oit l\u2019ambassadrice des Pays-Bas en audience\u00a0: L\u2019hydrog\u00e8ne alg\u00e9rien courtis\u00e9 en Europe - La Sentinelle\" \/>\n<meta property=\"og:description\" content=\"Le ministre de l&rsquo;\u00c9nergie et des \u00c9nergies Renouvelables, Mourad Adjal a rec\u00e7 mercredi l&rsquo;ambassadrice du Royaume des Pays-Bas en Alg\u00e9rie,\" \/>\n<meta property=\"og:url\" content=\"https:\/\/lasentinelle.dz\/index.php\/2026\/03\/11\/le-ministre-de-lenergie-recoit-lambassadrice-des-pays-bas-en-audience-lhydrogene-algerien-courtise-en-europe\/\" \/>\n<meta property=\"og:site_name\" content=\"La Sentinelle\" \/>\n<meta property=\"article:publisher\" content=\"https:\/\/www.facebook.com\/La-Sentinelle-104059864394773\" \/>\n<meta property=\"article:published_time\" content=\"2026-03-11T20:53:39+00:00\" \/>\n<meta property=\"article:modified_time\" content=\"2026-03-11T20:53:40+00:00\" \/>\n<meta property=\"og:image\" content=\"https:\/\/lasentinelle.dz\/wp-content\/uploads\/2024\/11\/Hydrogene.jpeg\" \/>\n\t<meta property=\"og:image:width\" content=\"780\" \/>\n\t<meta property=\"og:image:height\" content=\"470\" \/>\n\t<meta property=\"og:image:type\" content=\"image\/jpeg\" \/>\n<meta name=\"author\" content=\"admin\" \/>\n<meta name=\"twitter:card\" content=\"summary_large_image\" \/>\n<meta name=\"twitter:label1\" content=\"\u00c9crit par\" \/>\n\t<meta name=\"twitter:data1\" content=\"admin\" \/>\n\t<meta name=\"twitter:label2\" content=\"Dur\u00e9e de lecture estim\u00e9e\" \/>\n\t<meta name=\"twitter:data2\" content=\"4 minutes\" \/>\n<script type=\"application\/ld+json\" class=\"yoast-schema-graph\">{\"@context\":\"https:\\\/\\\/schema.org\",\"@graph\":[{\"@type\":\"Article\",\"@id\":\"https:\\\/\\\/lasentinelle.dz\\\/index.php\\\/2026\\\/03\\\/11\\\/le-ministre-de-lenergie-recoit-lambassadrice-des-pays-bas-en-audience-lhydrogene-algerien-courtise-en-europe\\\/#article\",\"isPartOf\":{\"@id\":\"https:\\\/\\\/lasentinelle.dz\\\/index.php\\\/2026\\\/03\\\/11\\\/le-ministre-de-lenergie-recoit-lambassadrice-des-pays-bas-en-audience-lhydrogene-algerien-courtise-en-europe\\\/\"},\"author\":{\"name\":\"admin\",\"@id\":\"https:\\\/\\\/lasentinelle.dz\\\/#\\\/schema\\\/person\\\/729ee0024f24e0b8c5ec17232f8e8b41\"},\"headline\":\"Le ministre de l\u2019\u00c9nergie re\u00e7oit l\u2019ambassadrice des Pays-Bas en audience\u00a0: L\u2019hydrog\u00e8ne alg\u00e9rien courtis\u00e9 en Europe\",\"datePublished\":\"2026-03-11T20:53:39+00:00\",\"dateModified\":\"2026-03-11T20:53:40+00:00\",\"mainEntityOfPage\":{\"@id\":\"https:\\\/\\\/lasentinelle.dz\\\/index.php\\\/2026\\\/03\\\/11\\\/le-ministre-de-lenergie-recoit-lambassadrice-des-pays-bas-en-audience-lhydrogene-algerien-courtise-en-europe\\\/\"},\"wordCount\":693,\"commentCount\":0,\"publisher\":{\"@id\":\"https:\\\/\\\/lasentinelle.dz\\\/#organization\"},\"image\":{\"@id\":\"https:\\\/\\\/lasentinelle.dz\\\/index.php\\\/2026\\\/03\\\/11\\\/le-ministre-de-lenergie-recoit-lambassadrice-des-pays-bas-en-audience-lhydrogene-algerien-courtise-en-europe\\\/#primaryimage\"},\"thumbnailUrl\":\"https:\\\/\\\/lasentinelle.dz\\\/wp-content\\\/uploads\\\/2024\\\/11\\\/Hydrogene.jpeg\",\"articleSection\":[\"\u00c9conomie\"],\"inLanguage\":\"fr-FR\",\"potentialAction\":[{\"@type\":\"CommentAction\",\"name\":\"Comment\",\"target\":[\"https:\\\/\\\/lasentinelle.dz\\\/index.php\\\/2026\\\/03\\\/11\\\/le-ministre-de-lenergie-recoit-lambassadrice-des-pays-bas-en-audience-lhydrogene-algerien-courtise-en-europe\\\/#respond\"]}]},{\"@type\":\"WebPage\",\"@id\":\"https:\\\/\\\/lasentinelle.dz\\\/index.php\\\/2026\\\/03\\\/11\\\/le-ministre-de-lenergie-recoit-lambassadrice-des-pays-bas-en-audience-lhydrogene-algerien-courtise-en-europe\\\/\",\"url\":\"https:\\\/\\\/lasentinelle.dz\\\/index.php\\\/2026\\\/03\\\/11\\\/le-ministre-de-lenergie-recoit-lambassadrice-des-pays-bas-en-audience-lhydrogene-algerien-courtise-en-europe\\\/\",\"name\":\"Le ministre de l\u2019\u00c9nergie re\u00e7oit l\u2019ambassadrice des Pays-Bas en audience\u00a0: L\u2019hydrog\u00e8ne alg\u00e9rien courtis\u00e9 en Europe - La Sentinelle\",\"isPartOf\":{\"@id\":\"https:\\\/\\\/lasentinelle.dz\\\/#website\"},\"primaryImageOfPage\":{\"@id\":\"https:\\\/\\\/lasentinelle.dz\\\/index.php\\\/2026\\\/03\\\/11\\\/le-ministre-de-lenergie-recoit-lambassadrice-des-pays-bas-en-audience-lhydrogene-algerien-courtise-en-europe\\\/#primaryimage\"},\"image\":{\"@id\":\"https:\\\/\\\/lasentinelle.dz\\\/index.php\\\/2026\\\/03\\\/11\\\/le-ministre-de-lenergie-recoit-lambassadrice-des-pays-bas-en-audience-lhydrogene-algerien-courtise-en-europe\\\/#primaryimage\"},\"thumbnailUrl\":\"https:\\\/\\\/lasentinelle.dz\\\/wp-content\\\/uploads\\\/2024\\\/11\\\/Hydrogene.jpeg\",\"datePublished\":\"2026-03-11T20:53:39+00:00\",\"dateModified\":\"2026-03-11T20:53:40+00:00\",\"breadcrumb\":{\"@id\":\"https:\\\/\\\/lasentinelle.dz\\\/index.php\\\/2026\\\/03\\\/11\\\/le-ministre-de-lenergie-recoit-lambassadrice-des-pays-bas-en-audience-lhydrogene-algerien-courtise-en-europe\\\/#breadcrumb\"},\"inLanguage\":\"fr-FR\",\"potentialAction\":[{\"@type\":\"ReadAction\",\"target\":[\"https:\\\/\\\/lasentinelle.dz\\\/index.php\\\/2026\\\/03\\\/11\\\/le-ministre-de-lenergie-recoit-lambassadrice-des-pays-bas-en-audience-lhydrogene-algerien-courtise-en-europe\\\/\"]}]},{\"@type\":\"ImageObject\",\"inLanguage\":\"fr-FR\",\"@id\":\"https:\\\/\\\/lasentinelle.dz\\\/index.php\\\/2026\\\/03\\\/11\\\/le-ministre-de-lenergie-recoit-lambassadrice-des-pays-bas-en-audience-lhydrogene-algerien-courtise-en-europe\\\/#primaryimage\",\"url\":\"https:\\\/\\\/lasentinelle.dz\\\/wp-content\\\/uploads\\\/2024\\\/11\\\/Hydrogene.jpeg\",\"contentUrl\":\"https:\\\/\\\/lasentinelle.dz\\\/wp-content\\\/uploads\\\/2024\\\/11\\\/Hydrogene.jpeg\",\"width\":780,\"height\":470},{\"@type\":\"BreadcrumbList\",\"@id\":\"https:\\\/\\\/lasentinelle.dz\\\/index.php\\\/2026\\\/03\\\/11\\\/le-ministre-de-lenergie-recoit-lambassadrice-des-pays-bas-en-audience-lhydrogene-algerien-courtise-en-europe\\\/#breadcrumb\",\"itemListElement\":[{\"@type\":\"ListItem\",\"position\":1,\"name\":\"Accueil\",\"item\":\"https:\\\/\\\/lasentinelle.dz\\\/\"},{\"@type\":\"ListItem\",\"position\":2,\"name\":\"Le ministre de l\u2019\u00c9nergie re\u00e7oit l\u2019ambassadrice des Pays-Bas en audience\u00a0: L\u2019hydrog\u00e8ne alg\u00e9rien courtis\u00e9 en Europe\"}]},{\"@type\":\"WebSite\",\"@id\":\"https:\\\/\\\/lasentinelle.dz\\\/#website\",\"url\":\"https:\\\/\\\/lasentinelle.dz\\\/\",\"name\":\"La Sentinelle\",\"description\":\"Quotidien national d&#039;information\",\"publisher\":{\"@id\":\"https:\\\/\\\/lasentinelle.dz\\\/#organization\"},\"potentialAction\":[{\"@type\":\"SearchAction\",\"target\":{\"@type\":\"EntryPoint\",\"urlTemplate\":\"https:\\\/\\\/lasentinelle.dz\\\/?s={search_term_string}\"},\"query-input\":{\"@type\":\"PropertyValueSpecification\",\"valueRequired\":true,\"valueName\":\"search_term_string\"}}],\"inLanguage\":\"fr-FR\"},{\"@type\":\"Organization\",\"@id\":\"https:\\\/\\\/lasentinelle.dz\\\/#organization\",\"name\":\"Quotidien La Sentinelle\",\"url\":\"https:\\\/\\\/lasentinelle.dz\\\/\",\"logo\":{\"@type\":\"ImageObject\",\"inLanguage\":\"fr-FR\",\"@id\":\"https:\\\/\\\/lasentinelle.dz\\\/#\\\/schema\\\/logo\\\/image\\\/\",\"url\":\"https:\\\/\\\/lasentinelle.dz\\\/wp-content\\\/uploads\\\/2021\\\/09\\\/logo-sentinelleSLOGAN-1.png\",\"contentUrl\":\"https:\\\/\\\/lasentinelle.dz\\\/wp-content\\\/uploads\\\/2021\\\/09\\\/logo-sentinelleSLOGAN-1.png\",\"width\":615,\"height\":142,\"caption\":\"Quotidien La Sentinelle\"},\"image\":{\"@id\":\"https:\\\/\\\/lasentinelle.dz\\\/#\\\/schema\\\/logo\\\/image\\\/\"},\"sameAs\":[\"https:\\\/\\\/www.facebook.com\\\/La-Sentinelle-104059864394773\"]},{\"@type\":\"Person\",\"@id\":\"https:\\\/\\\/lasentinelle.dz\\\/#\\\/schema\\\/person\\\/729ee0024f24e0b8c5ec17232f8e8b41\",\"name\":\"admin\",\"image\":{\"@type\":\"ImageObject\",\"inLanguage\":\"fr-FR\",\"@id\":\"https:\\\/\\\/secure.gravatar.com\\\/avatar\\\/4c81fed838786e9b53f540bf46533e750f5d292099ae3b66cfc6fb1982e29df7?s=96&d=mm&r=g\",\"url\":\"https:\\\/\\\/secure.gravatar.com\\\/avatar\\\/4c81fed838786e9b53f540bf46533e750f5d292099ae3b66cfc6fb1982e29df7?s=96&d=mm&r=g\",\"contentUrl\":\"https:\\\/\\\/secure.gravatar.com\\\/avatar\\\/4c81fed838786e9b53f540bf46533e750f5d292099ae3b66cfc6fb1982e29df7?s=96&d=mm&r=g\",\"caption\":\"admin\"},\"description\":\"admin\",\"url\":\"https:\\\/\\\/lasentinelle.dz\\\/author\\\/admin\\\/\"}]}<\/script>\n<!-- \/ Yoast SEO plugin. -->","yoast_head_json":{"title":"Le ministre de l\u2019\u00c9nergie re\u00e7oit l\u2019ambassadrice des Pays-Bas en audience\u00a0: L\u2019hydrog\u00e8ne alg\u00e9rien courtis\u00e9 en Europe - La Sentinelle","robots":{"index":"index","follow":"follow","max-snippet":"max-snippet:-1","max-image-preview":"max-image-preview:large","max-video-preview":"max-video-preview:-1"},"canonical":"https:\/\/lasentinelle.dz\/index.php\/2026\/03\/11\/le-ministre-de-lenergie-recoit-lambassadrice-des-pays-bas-en-audience-lhydrogene-algerien-courtise-en-europe\/","og_locale":"fr_FR","og_type":"article","og_title":"Le ministre de l\u2019\u00c9nergie re\u00e7oit l\u2019ambassadrice des Pays-Bas en audience\u00a0: L\u2019hydrog\u00e8ne alg\u00e9rien courtis\u00e9 en Europe - La Sentinelle","og_description":"Le ministre de l&rsquo;\u00c9nergie et des \u00c9nergies Renouvelables, Mourad Adjal a rec\u00e7 mercredi l&rsquo;ambassadrice du Royaume des Pays-Bas en Alg\u00e9rie,","og_url":"https:\/\/lasentinelle.dz\/index.php\/2026\/03\/11\/le-ministre-de-lenergie-recoit-lambassadrice-des-pays-bas-en-audience-lhydrogene-algerien-courtise-en-europe\/","og_site_name":"La Sentinelle","article_publisher":"https:\/\/www.facebook.com\/La-Sentinelle-104059864394773","article_published_time":"2026-03-11T20:53:39+00:00","article_modified_time":"2026-03-11T20:53:40+00:00","og_image":[{"width":780,"height":470,"url":"https:\/\/lasentinelle.dz\/wp-content\/uploads\/2024\/11\/Hydrogene.jpeg","type":"image\/jpeg"}],"author":"admin","twitter_card":"summary_large_image","twitter_misc":{"\u00c9crit par":"admin","Dur\u00e9e de lecture estim\u00e9e":"4 minutes"},"schema":{"@context":"https:\/\/schema.org","@graph":[{"@type":"Article","@id":"https:\/\/lasentinelle.dz\/index.php\/2026\/03\/11\/le-ministre-de-lenergie-recoit-lambassadrice-des-pays-bas-en-audience-lhydrogene-algerien-courtise-en-europe\/#article","isPartOf":{"@id":"https:\/\/lasentinelle.dz\/index.php\/2026\/03\/11\/le-ministre-de-lenergie-recoit-lambassadrice-des-pays-bas-en-audience-lhydrogene-algerien-courtise-en-europe\/"},"author":{"name":"admin","@id":"https:\/\/lasentinelle.dz\/#\/schema\/person\/729ee0024f24e0b8c5ec17232f8e8b41"},"headline":"Le ministre de l\u2019\u00c9nergie re\u00e7oit l\u2019ambassadrice des Pays-Bas en audience\u00a0: L\u2019hydrog\u00e8ne alg\u00e9rien courtis\u00e9 en Europe","datePublished":"2026-03-11T20:53:39+00:00","dateModified":"2026-03-11T20:53:40+00:00","mainEntityOfPage":{"@id":"https:\/\/lasentinelle.dz\/index.php\/2026\/03\/11\/le-ministre-de-lenergie-recoit-lambassadrice-des-pays-bas-en-audience-lhydrogene-algerien-courtise-en-europe\/"},"wordCount":693,"commentCount":0,"publisher":{"@id":"https:\/\/lasentinelle.dz\/#organization"},"image":{"@id":"https:\/\/lasentinelle.dz\/index.php\/2026\/03\/11\/le-ministre-de-lenergie-recoit-lambassadrice-des-pays-bas-en-audience-lhydrogene-algerien-courtise-en-europe\/#primaryimage"},"thumbnailUrl":"https:\/\/lasentinelle.dz\/wp-content\/uploads\/2024\/11\/Hydrogene.jpeg","articleSection":["\u00c9conomie"],"inLanguage":"fr-FR","potentialAction":[{"@type":"CommentAction","name":"Comment","target":["https:\/\/lasentinelle.dz\/index.php\/2026\/03\/11\/le-ministre-de-lenergie-recoit-lambassadrice-des-pays-bas-en-audience-lhydrogene-algerien-courtise-en-europe\/#respond"]}]},{"@type":"WebPage","@id":"https:\/\/lasentinelle.dz\/index.php\/2026\/03\/11\/le-ministre-de-lenergie-recoit-lambassadrice-des-pays-bas-en-audience-lhydrogene-algerien-courtise-en-europe\/","url":"https:\/\/lasentinelle.dz\/index.php\/2026\/03\/11\/le-ministre-de-lenergie-recoit-lambassadrice-des-pays-bas-en-audience-lhydrogene-algerien-courtise-en-europe\/","name":"Le ministre de l\u2019\u00c9nergie re\u00e7oit l\u2019ambassadrice des Pays-Bas en audience\u00a0: L\u2019hydrog\u00e8ne alg\u00e9rien courtis\u00e9 en Europe - La Sentinelle","isPartOf":{"@id":"https:\/\/lasentinelle.dz\/#website"},"primaryImageOfPage":{"@id":"https:\/\/lasentinelle.dz\/index.php\/2026\/03\/11\/le-ministre-de-lenergie-recoit-lambassadrice-des-pays-bas-en-audience-lhydrogene-algerien-courtise-en-europe\/#primaryimage"},"image":{"@id":"https:\/\/lasentinelle.dz\/index.php\/2026\/03\/11\/le-ministre-de-lenergie-recoit-lambassadrice-des-pays-bas-en-audience-lhydrogene-algerien-courtise-en-europe\/#primaryimage"},"thumbnailUrl":"https:\/\/lasentinelle.dz\/wp-content\/uploads\/2024\/11\/Hydrogene.jpeg","datePublished":"2026-03-11T20:53:39+00:00","dateModified":"2026-03-11T20:53:40+00:00","breadcrumb":{"@id":"https:\/\/lasentinelle.dz\/index.php\/2026\/03\/11\/le-ministre-de-lenergie-recoit-lambassadrice-des-pays-bas-en-audience-lhydrogene-algerien-courtise-en-europe\/#breadcrumb"},"inLanguage":"fr-FR","potentialAction":[{"@type":"ReadAction","target":["https:\/\/lasentinelle.dz\/index.php\/2026\/03\/11\/le-ministre-de-lenergie-recoit-lambassadrice-des-pays-bas-en-audience-lhydrogene-algerien-courtise-en-europe\/"]}]},{"@type":"ImageObject","inLanguage":"fr-FR","@id":"https:\/\/lasentinelle.dz\/index.php\/2026\/03\/11\/le-ministre-de-lenergie-recoit-lambassadrice-des-pays-bas-en-audience-lhydrogene-algerien-courtise-en-europe\/#primaryimage","url":"https:\/\/lasentinelle.dz\/wp-content\/uploads\/2024\/11\/Hydrogene.jpeg","contentUrl":"https:\/\/lasentinelle.dz\/wp-content\/uploads\/2024\/11\/Hydrogene.jpeg","width":780,"height":470},{"@type":"BreadcrumbList","@id":"https:\/\/lasentinelle.dz\/index.php\/2026\/03\/11\/le-ministre-de-lenergie-recoit-lambassadrice-des-pays-bas-en-audience-lhydrogene-algerien-courtise-en-europe\/#breadcrumb","itemListElement":[{"@type":"ListItem","position":1,"name":"Accueil","item":"https:\/\/lasentinelle.dz\/"},{"@type":"ListItem","position":2,"name":"Le ministre de l\u2019\u00c9nergie re\u00e7oit l\u2019ambassadrice des Pays-Bas en audience\u00a0: L\u2019hydrog\u00e8ne alg\u00e9rien courtis\u00e9 en Europe"}]},{"@type":"WebSite","@id":"https:\/\/lasentinelle.dz\/#website","url":"https:\/\/lasentinelle.dz\/","name":"La Sentinelle","description":"Quotidien national d&#039;information","publisher":{"@id":"https:\/\/lasentinelle.dz\/#organization"},"potentialAction":[{"@type":"SearchAction","target":{"@type":"EntryPoint","urlTemplate":"https:\/\/lasentinelle.dz\/?s={search_term_string}"},"query-input":{"@type":"PropertyValueSpecification","valueRequired":true,"valueName":"search_term_string"}}],"inLanguage":"fr-FR"},{"@type":"Organization","@id":"https:\/\/lasentinelle.dz\/#organization","name":"Quotidien La Sentinelle","url":"https:\/\/lasentinelle.dz\/","logo":{"@type":"ImageObject","inLanguage":"fr-FR","@id":"https:\/\/lasentinelle.dz\/#\/schema\/logo\/image\/","url":"https:\/\/lasentinelle.dz\/wp-content\/uploads\/2021\/09\/logo-sentinelleSLOGAN-1.png","contentUrl":"https:\/\/lasentinelle.dz\/wp-content\/uploads\/2021\/09\/logo-sentinelleSLOGAN-1.png","width":615,"height":142,"caption":"Quotidien La Sentinelle"},"image":{"@id":"https:\/\/lasentinelle.dz\/#\/schema\/logo\/image\/"},"sameAs":["https:\/\/www.facebook.com\/La-Sentinelle-104059864394773"]},{"@type":"Person","@id":"https:\/\/lasentinelle.dz\/#\/schema\/person\/729ee0024f24e0b8c5ec17232f8e8b41","name":"admin","image":{"@type":"ImageObject","inLanguage":"fr-FR","@id":"https:\/\/secure.gravatar.com\/avatar\/4c81fed838786e9b53f540bf46533e750f5d292099ae3b66cfc6fb1982e29df7?s=96&d=mm&r=g","url":"https:\/\/secure.gravatar.com\/avatar\/4c81fed838786e9b53f540bf46533e750f5d292099ae3b66cfc6fb1982e29df7?s=96&d=mm&r=g","contentUrl":"https:\/\/secure.gravatar.com\/avatar\/4c81fed838786e9b53f540bf46533e750f5d292099ae3b66cfc6fb1982e29df7?s=96&d=mm&r=g","caption":"admin"},"description":"admin","url":"https:\/\/lasentinelle.dz\/author\/admin\/"}]}},"_links":{"self":[{"href":"https:\/\/lasentinelle.dz\/index.php\/wp-json\/wp\/v2\/posts\/83363","targetHints":{"allow":["GET"]}}],"collection":[{"href":"https:\/\/lasentinelle.dz\/index.php\/wp-json\/wp\/v2\/posts"}],"about":[{"href":"https:\/\/lasentinelle.dz\/index.php\/wp-json\/wp\/v2\/types\/post"}],"author":[{"embeddable":true,"href":"https:\/\/lasentinelle.dz\/index.php\/wp-json\/wp\/v2\/users\/6"}],"replies":[{"embeddable":true,"href":"https:\/\/lasentinelle.dz\/index.php\/wp-json\/wp\/v2\/comments?post=83363"}],"version-history":[{"count":1,"href":"https:\/\/lasentinelle.dz\/index.php\/wp-json\/wp\/v2\/posts\/83363\/revisions"}],"predecessor-version":[{"id":83364,"href":"https:\/\/lasentinelle.dz\/index.php\/wp-json\/wp\/v2\/posts\/83363\/revisions\/83364"}],"wp:featuredmedia":[{"embeddable":true,"href":"https:\/\/lasentinelle.dz\/index.php\/wp-json\/wp\/v2\/media\/59815"}],"wp:attachment":[{"href":"https:\/\/lasentinelle.dz\/index.php\/wp-json\/wp\/v2\/media?parent=83363"}],"wp:term":[{"taxonomy":"category","embeddable":true,"href":"https:\/\/lasentinelle.dz\/index.php\/wp-json\/wp\/v2\/categories?post=83363"},{"taxonomy":"post_tag","embeddable":true,"href":"https:\/\/lasentinelle.dz\/index.php\/wp-json\/wp\/v2\/tags?post=83363"}],"curies":[{"name":"wp","href":"https:\/\/api.w.org\/{rel}","templated":true}]}}