{"id":83371,"date":"2026-03-13T19:54:25","date_gmt":"2026-03-13T18:54:25","guid":{"rendered":"https:\/\/lasentinelle.dz\/?p=83371"},"modified":"2026-03-13T19:54:26","modified_gmt":"2026-03-13T18:54:26","slug":"pluies-orageuses-a-partir-de-samedi-sur-plusieurs-wilayas-du-pays","status":"publish","type":"post","link":"https:\/\/lasentinelle.dz\/index.php\/2026\/03\/13\/pluies-orageuses-a-partir-de-samedi-sur-plusieurs-wilayas-du-pays\/","title":{"rendered":"Pluies orageuses \u00e0 partir de samedi sur plusieurs wilayas du pays"},"content":{"rendered":"\n<p>Des pluies, parfois sous forme d&rsquo;averses orageuses, accompagn\u00e9es localement de chutes de gr\u00eale et de fortes rafales de vent, affecteront, \u00e0 partir de samedi, plusieurs wilayas du pays, indique, vendredi un bulletin m\u00e9t\u00e9orologique sp\u00e9cial (BMS), \u00e9mis par l&rsquo;Office national de la m\u00e9t\u00e9orologie. De niveau de vigilance \u00ab\u00a0Orange\u00a0\u00bb, le BMS concerne les wilayas de Tipaza, Ain Defla, M\u00e9d\u00e9a, Blida, Alger et Boumerdes, avec des quantit\u00e9s de pluie estim\u00e9es entre 20 et 30 mm, de samedi \u00e0 18h00 \u00e0 dimanche \u00e0 12h00. Des pluies sont \u00e9galement pr\u00e9vues sur les wilayas de Tizi Ouzou, Bouira, Bejaia, Jijel, Skikda, Annaba, El Tarf, Bordj Bou Arreridj, S\u00e9tif, Mila, Constantine, Guelma, Batna, Nord de Khenchela, Oum El Bouaghi, Souk Ahras et Nord de T\u00e9bessa, et ce \u00e0 partir de samedi \u00e0 20h00 jusqu&rsquo;\u00e0 dimanche \u00e0 18h00. Les quantit\u00e9s de pluie oscilleront entre 20 et 40 mm, atteignant ou d\u00e9passant, localement, les 50 mm, notamment sur les wilayas c\u00f4ti\u00e8res, selon la m\u00eame source.<\/p>\n\n\n\n<p>APS<\/p>\n","protected":false},"excerpt":{"rendered":"<p>Des pluies, parfois sous forme d&rsquo;averses orageuses, accompagn\u00e9es localement de chutes de gr\u00eale et de fortes rafales de vent, affecteront,<\/p>\n","protected":false},"author":6,"featured_media":79724,"comment_status":"open","ping_status":"closed","sticky":false,"template":"","format":"standard","meta":{"colormag_page_container_layout":"default_layout","colormag_page_sidebar_layout":"default_layout","om_disable_all_campaigns":false,"_monsterinsights_skip_tracking":false,"_monsterinsights_sitenote_active":false,"_monsterinsights_sitenote_note":"","_monsterinsights_sitenote_category":0,"footnotes":"","_wpscppro_dont_share_socialmedia":false,"_wpscppro_custom_social_share_image":0,"_facebook_share_type":"default","_twitter_share_type":"default","_linkedin_share_type":"default","_pinterest_share_type":"default","_linkedin_share_type_page":"","_instagram_share_type":"default","_medium_share_type":"default","_threads_share_type":"default","_google_business_share_type":"default","_selected_social_profile":[],"_wpsp_enable_custom_social_template":false,"_wpsp_social_scheduling":{"enabled":false,"datetime":null,"platforms":[],"status":"template_only","dateOption":"today","timeOption":"now","customDays":"","customHours":"","customDate":"","customTime":"","schedulingType":"absolute"},"_wpsp_active_default_template":true},"categories":[27],"tags":[],"class_list":["post-83371","post","type-post","status-publish","format-standard","has-post-thumbnail","hentry","category-actualite"],"aioseo_notices":[],"yoast_head":"<!-- This site is optimized with the Yoast SEO plugin v27.4 - https:\/\/yoast.com\/product\/yoast-seo-wordpress\/ -->\n<title>Pluies orageuses \u00e0 partir de samedi sur plusieurs wilayas du pays - La Sentinelle<\/title>\n<meta name=\"robots\" content=\"index, follow, max-snippet:-1, max-image-preview:large, max-video-preview:-1\" \/>\n<link rel=\"canonical\" href=\"https:\/\/lasentinelle.dz\/index.php\/2026\/03\/13\/pluies-orageuses-a-partir-de-samedi-sur-plusieurs-wilayas-du-pays\/\" \/>\n<meta property=\"og:locale\" content=\"fr_FR\" \/>\n<meta property=\"og:type\" content=\"article\" \/>\n<meta property=\"og:title\" content=\"Pluies orageuses \u00e0 partir de samedi sur plusieurs wilayas du pays - La Sentinelle\" \/>\n<meta property=\"og:description\" content=\"Des pluies, parfois sous forme d&rsquo;averses orageuses, accompagn\u00e9es localement de chutes de gr\u00eale et de fortes rafales de vent, affecteront,\" \/>\n<meta property=\"og:url\" content=\"https:\/\/lasentinelle.dz\/index.php\/2026\/03\/13\/pluies-orageuses-a-partir-de-samedi-sur-plusieurs-wilayas-du-pays\/\" \/>\n<meta property=\"og:site_name\" content=\"La Sentinelle\" \/>\n<meta property=\"article:publisher\" content=\"https:\/\/www.facebook.com\/La-Sentinelle-104059864394773\" \/>\n<meta property=\"article:published_time\" content=\"2026-03-13T18:54:25+00:00\" \/>\n<meta property=\"article:modified_time\" content=\"2026-03-13T18:54:26+00:00\" \/>\n<meta property=\"og:image\" content=\"https:\/\/lasentinelle.dz\/wp-content\/uploads\/2026\/01\/intemperies.jpeg\" \/>\n\t<meta property=\"og:image:width\" content=\"650\" \/>\n\t<meta property=\"og:image:height\" content=\"350\" \/>\n\t<meta property=\"og:image:type\" content=\"image\/jpeg\" \/>\n<meta name=\"author\" content=\"admin\" \/>\n<meta name=\"twitter:card\" content=\"summary_large_image\" \/>\n<meta name=\"twitter:label1\" content=\"\u00c9crit par\" \/>\n\t<meta name=\"twitter:data1\" content=\"admin\" \/>\n\t<meta name=\"twitter:label2\" content=\"Dur\u00e9e de lecture estim\u00e9e\" \/>\n\t<meta name=\"twitter:data2\" content=\"2 minutes\" \/>\n<script type=\"application\/ld+json\" class=\"yoast-schema-graph\">{\"@context\":\"https:\\\/\\\/schema.org\",\"@graph\":[{\"@type\":\"Article\",\"@id\":\"https:\\\/\\\/lasentinelle.dz\\\/index.php\\\/2026\\\/03\\\/13\\\/pluies-orageuses-a-partir-de-samedi-sur-plusieurs-wilayas-du-pays\\\/#article\",\"isPartOf\":{\"@id\":\"https:\\\/\\\/lasentinelle.dz\\\/index.php\\\/2026\\\/03\\\/13\\\/pluies-orageuses-a-partir-de-samedi-sur-plusieurs-wilayas-du-pays\\\/\"},\"author\":{\"name\":\"admin\",\"@id\":\"https:\\\/\\\/lasentinelle.dz\\\/#\\\/schema\\\/person\\\/729ee0024f24e0b8c5ec17232f8e8b41\"},\"headline\":\"Pluies orageuses \u00e0 partir de samedi sur plusieurs wilayas du pays\",\"datePublished\":\"2026-03-13T18:54:25+00:00\",\"dateModified\":\"2026-03-13T18:54:26+00:00\",\"mainEntityOfPage\":{\"@id\":\"https:\\\/\\\/lasentinelle.dz\\\/index.php\\\/2026\\\/03\\\/13\\\/pluies-orageuses-a-partir-de-samedi-sur-plusieurs-wilayas-du-pays\\\/\"},\"wordCount\":176,\"commentCount\":0,\"publisher\":{\"@id\":\"https:\\\/\\\/lasentinelle.dz\\\/#organization\"},\"image\":{\"@id\":\"https:\\\/\\\/lasentinelle.dz\\\/index.php\\\/2026\\\/03\\\/13\\\/pluies-orageuses-a-partir-de-samedi-sur-plusieurs-wilayas-du-pays\\\/#primaryimage\"},\"thumbnailUrl\":\"https:\\\/\\\/lasentinelle.dz\\\/wp-content\\\/uploads\\\/2026\\\/01\\\/intemperies.jpeg\",\"articleSection\":[\"Actualit\u00e9\"],\"inLanguage\":\"fr-FR\",\"potentialAction\":[{\"@type\":\"CommentAction\",\"name\":\"Comment\",\"target\":[\"https:\\\/\\\/lasentinelle.dz\\\/index.php\\\/2026\\\/03\\\/13\\\/pluies-orageuses-a-partir-de-samedi-sur-plusieurs-wilayas-du-pays\\\/#respond\"]}]},{\"@type\":\"WebPage\",\"@id\":\"https:\\\/\\\/lasentinelle.dz\\\/index.php\\\/2026\\\/03\\\/13\\\/pluies-orageuses-a-partir-de-samedi-sur-plusieurs-wilayas-du-pays\\\/\",\"url\":\"https:\\\/\\\/lasentinelle.dz\\\/index.php\\\/2026\\\/03\\\/13\\\/pluies-orageuses-a-partir-de-samedi-sur-plusieurs-wilayas-du-pays\\\/\",\"name\":\"Pluies orageuses \u00e0 partir de samedi sur plusieurs wilayas du pays - La Sentinelle\",\"isPartOf\":{\"@id\":\"https:\\\/\\\/lasentinelle.dz\\\/#website\"},\"primaryImageOfPage\":{\"@id\":\"https:\\\/\\\/lasentinelle.dz\\\/index.php\\\/2026\\\/03\\\/13\\\/pluies-orageuses-a-partir-de-samedi-sur-plusieurs-wilayas-du-pays\\\/#primaryimage\"},\"image\":{\"@id\":\"https:\\\/\\\/lasentinelle.dz\\\/index.php\\\/2026\\\/03\\\/13\\\/pluies-orageuses-a-partir-de-samedi-sur-plusieurs-wilayas-du-pays\\\/#primaryimage\"},\"thumbnailUrl\":\"https:\\\/\\\/lasentinelle.dz\\\/wp-content\\\/uploads\\\/2026\\\/01\\\/intemperies.jpeg\",\"datePublished\":\"2026-03-13T18:54:25+00:00\",\"dateModified\":\"2026-03-13T18:54:26+00:00\",\"breadcrumb\":{\"@id\":\"https:\\\/\\\/lasentinelle.dz\\\/index.php\\\/2026\\\/03\\\/13\\\/pluies-orageuses-a-partir-de-samedi-sur-plusieurs-wilayas-du-pays\\\/#breadcrumb\"},\"inLanguage\":\"fr-FR\",\"potentialAction\":[{\"@type\":\"ReadAction\",\"target\":[\"https:\\\/\\\/lasentinelle.dz\\\/index.php\\\/2026\\\/03\\\/13\\\/pluies-orageuses-a-partir-de-samedi-sur-plusieurs-wilayas-du-pays\\\/\"]}]},{\"@type\":\"ImageObject\",\"inLanguage\":\"fr-FR\",\"@id\":\"https:\\\/\\\/lasentinelle.dz\\\/index.php\\\/2026\\\/03\\\/13\\\/pluies-orageuses-a-partir-de-samedi-sur-plusieurs-wilayas-du-pays\\\/#primaryimage\",\"url\":\"https:\\\/\\\/lasentinelle.dz\\\/wp-content\\\/uploads\\\/2026\\\/01\\\/intemperies.jpeg\",\"contentUrl\":\"https:\\\/\\\/lasentinelle.dz\\\/wp-content\\\/uploads\\\/2026\\\/01\\\/intemperies.jpeg\",\"width\":650,\"height\":350},{\"@type\":\"BreadcrumbList\",\"@id\":\"https:\\\/\\\/lasentinelle.dz\\\/index.php\\\/2026\\\/03\\\/13\\\/pluies-orageuses-a-partir-de-samedi-sur-plusieurs-wilayas-du-pays\\\/#breadcrumb\",\"itemListElement\":[{\"@type\":\"ListItem\",\"position\":1,\"name\":\"Accueil\",\"item\":\"https:\\\/\\\/lasentinelle.dz\\\/\"},{\"@type\":\"ListItem\",\"position\":2,\"name\":\"Pluies orageuses \u00e0 partir de samedi sur plusieurs wilayas du pays\"}]},{\"@type\":\"WebSite\",\"@id\":\"https:\\\/\\\/lasentinelle.dz\\\/#website\",\"url\":\"https:\\\/\\\/lasentinelle.dz\\\/\",\"name\":\"La Sentinelle\",\"description\":\"Quotidien national d&#039;information\",\"publisher\":{\"@id\":\"https:\\\/\\\/lasentinelle.dz\\\/#organization\"},\"potentialAction\":[{\"@type\":\"SearchAction\",\"target\":{\"@type\":\"EntryPoint\",\"urlTemplate\":\"https:\\\/\\\/lasentinelle.dz\\\/?s={search_term_string}\"},\"query-input\":{\"@type\":\"PropertyValueSpecification\",\"valueRequired\":true,\"valueName\":\"search_term_string\"}}],\"inLanguage\":\"fr-FR\"},{\"@type\":\"Organization\",\"@id\":\"https:\\\/\\\/lasentinelle.dz\\\/#organization\",\"name\":\"Quotidien La Sentinelle\",\"url\":\"https:\\\/\\\/lasentinelle.dz\\\/\",\"logo\":{\"@type\":\"ImageObject\",\"inLanguage\":\"fr-FR\",\"@id\":\"https:\\\/\\\/lasentinelle.dz\\\/#\\\/schema\\\/logo\\\/image\\\/\",\"url\":\"https:\\\/\\\/lasentinelle.dz\\\/wp-content\\\/uploads\\\/2021\\\/09\\\/logo-sentinelleSLOGAN-1.png\",\"contentUrl\":\"https:\\\/\\\/lasentinelle.dz\\\/wp-content\\\/uploads\\\/2021\\\/09\\\/logo-sentinelleSLOGAN-1.png\",\"width\":615,\"height\":142,\"caption\":\"Quotidien La Sentinelle\"},\"image\":{\"@id\":\"https:\\\/\\\/lasentinelle.dz\\\/#\\\/schema\\\/logo\\\/image\\\/\"},\"sameAs\":[\"https:\\\/\\\/www.facebook.com\\\/La-Sentinelle-104059864394773\"]},{\"@type\":\"Person\",\"@id\":\"https:\\\/\\\/lasentinelle.dz\\\/#\\\/schema\\\/person\\\/729ee0024f24e0b8c5ec17232f8e8b41\",\"name\":\"admin\",\"image\":{\"@type\":\"ImageObject\",\"inLanguage\":\"fr-FR\",\"@id\":\"https:\\\/\\\/secure.gravatar.com\\\/avatar\\\/4c81fed838786e9b53f540bf46533e750f5d292099ae3b66cfc6fb1982e29df7?s=96&d=mm&r=g\",\"url\":\"https:\\\/\\\/secure.gravatar.com\\\/avatar\\\/4c81fed838786e9b53f540bf46533e750f5d292099ae3b66cfc6fb1982e29df7?s=96&d=mm&r=g\",\"contentUrl\":\"https:\\\/\\\/secure.gravatar.com\\\/avatar\\\/4c81fed838786e9b53f540bf46533e750f5d292099ae3b66cfc6fb1982e29df7?s=96&d=mm&r=g\",\"caption\":\"admin\"},\"description\":\"admin\",\"url\":\"https:\\\/\\\/lasentinelle.dz\\\/author\\\/admin\\\/\"}]}<\/script>\n<!-- \/ Yoast SEO plugin. -->","yoast_head_json":{"title":"Pluies orageuses \u00e0 partir de samedi sur plusieurs wilayas du pays - La Sentinelle","robots":{"index":"index","follow":"follow","max-snippet":"max-snippet:-1","max-image-preview":"max-image-preview:large","max-video-preview":"max-video-preview:-1"},"canonical":"https:\/\/lasentinelle.dz\/index.php\/2026\/03\/13\/pluies-orageuses-a-partir-de-samedi-sur-plusieurs-wilayas-du-pays\/","og_locale":"fr_FR","og_type":"article","og_title":"Pluies orageuses \u00e0 partir de samedi sur plusieurs wilayas du pays - La Sentinelle","og_description":"Des pluies, parfois sous forme d&rsquo;averses orageuses, accompagn\u00e9es localement de chutes de gr\u00eale et de fortes rafales de vent, affecteront,","og_url":"https:\/\/lasentinelle.dz\/index.php\/2026\/03\/13\/pluies-orageuses-a-partir-de-samedi-sur-plusieurs-wilayas-du-pays\/","og_site_name":"La Sentinelle","article_publisher":"https:\/\/www.facebook.com\/La-Sentinelle-104059864394773","article_published_time":"2026-03-13T18:54:25+00:00","article_modified_time":"2026-03-13T18:54:26+00:00","og_image":[{"width":650,"height":350,"url":"https:\/\/lasentinelle.dz\/wp-content\/uploads\/2026\/01\/intemperies.jpeg","type":"image\/jpeg"}],"author":"admin","twitter_card":"summary_large_image","twitter_misc":{"\u00c9crit par":"admin","Dur\u00e9e de lecture estim\u00e9e":"2 minutes"},"schema":{"@context":"https:\/\/schema.org","@graph":[{"@type":"Article","@id":"https:\/\/lasentinelle.dz\/index.php\/2026\/03\/13\/pluies-orageuses-a-partir-de-samedi-sur-plusieurs-wilayas-du-pays\/#article","isPartOf":{"@id":"https:\/\/lasentinelle.dz\/index.php\/2026\/03\/13\/pluies-orageuses-a-partir-de-samedi-sur-plusieurs-wilayas-du-pays\/"},"author":{"name":"admin","@id":"https:\/\/lasentinelle.dz\/#\/schema\/person\/729ee0024f24e0b8c5ec17232f8e8b41"},"headline":"Pluies orageuses \u00e0 partir de samedi sur plusieurs wilayas du pays","datePublished":"2026-03-13T18:54:25+00:00","dateModified":"2026-03-13T18:54:26+00:00","mainEntityOfPage":{"@id":"https:\/\/lasentinelle.dz\/index.php\/2026\/03\/13\/pluies-orageuses-a-partir-de-samedi-sur-plusieurs-wilayas-du-pays\/"},"wordCount":176,"commentCount":0,"publisher":{"@id":"https:\/\/lasentinelle.dz\/#organization"},"image":{"@id":"https:\/\/lasentinelle.dz\/index.php\/2026\/03\/13\/pluies-orageuses-a-partir-de-samedi-sur-plusieurs-wilayas-du-pays\/#primaryimage"},"thumbnailUrl":"https:\/\/lasentinelle.dz\/wp-content\/uploads\/2026\/01\/intemperies.jpeg","articleSection":["Actualit\u00e9"],"inLanguage":"fr-FR","potentialAction":[{"@type":"CommentAction","name":"Comment","target":["https:\/\/lasentinelle.dz\/index.php\/2026\/03\/13\/pluies-orageuses-a-partir-de-samedi-sur-plusieurs-wilayas-du-pays\/#respond"]}]},{"@type":"WebPage","@id":"https:\/\/lasentinelle.dz\/index.php\/2026\/03\/13\/pluies-orageuses-a-partir-de-samedi-sur-plusieurs-wilayas-du-pays\/","url":"https:\/\/lasentinelle.dz\/index.php\/2026\/03\/13\/pluies-orageuses-a-partir-de-samedi-sur-plusieurs-wilayas-du-pays\/","name":"Pluies orageuses \u00e0 partir de samedi sur plusieurs wilayas du pays - La Sentinelle","isPartOf":{"@id":"https:\/\/lasentinelle.dz\/#website"},"primaryImageOfPage":{"@id":"https:\/\/lasentinelle.dz\/index.php\/2026\/03\/13\/pluies-orageuses-a-partir-de-samedi-sur-plusieurs-wilayas-du-pays\/#primaryimage"},"image":{"@id":"https:\/\/lasentinelle.dz\/index.php\/2026\/03\/13\/pluies-orageuses-a-partir-de-samedi-sur-plusieurs-wilayas-du-pays\/#primaryimage"},"thumbnailUrl":"https:\/\/lasentinelle.dz\/wp-content\/uploads\/2026\/01\/intemperies.jpeg","datePublished":"2026-03-13T18:54:25+00:00","dateModified":"2026-03-13T18:54:26+00:00","breadcrumb":{"@id":"https:\/\/lasentinelle.dz\/index.php\/2026\/03\/13\/pluies-orageuses-a-partir-de-samedi-sur-plusieurs-wilayas-du-pays\/#breadcrumb"},"inLanguage":"fr-FR","potentialAction":[{"@type":"ReadAction","target":["https:\/\/lasentinelle.dz\/index.php\/2026\/03\/13\/pluies-orageuses-a-partir-de-samedi-sur-plusieurs-wilayas-du-pays\/"]}]},{"@type":"ImageObject","inLanguage":"fr-FR","@id":"https:\/\/lasentinelle.dz\/index.php\/2026\/03\/13\/pluies-orageuses-a-partir-de-samedi-sur-plusieurs-wilayas-du-pays\/#primaryimage","url":"https:\/\/lasentinelle.dz\/wp-content\/uploads\/2026\/01\/intemperies.jpeg","contentUrl":"https:\/\/lasentinelle.dz\/wp-content\/uploads\/2026\/01\/intemperies.jpeg","width":650,"height":350},{"@type":"BreadcrumbList","@id":"https:\/\/lasentinelle.dz\/index.php\/2026\/03\/13\/pluies-orageuses-a-partir-de-samedi-sur-plusieurs-wilayas-du-pays\/#breadcrumb","itemListElement":[{"@type":"ListItem","position":1,"name":"Accueil","item":"https:\/\/lasentinelle.dz\/"},{"@type":"ListItem","position":2,"name":"Pluies orageuses \u00e0 partir de samedi sur plusieurs wilayas du pays"}]},{"@type":"WebSite","@id":"https:\/\/lasentinelle.dz\/#website","url":"https:\/\/lasentinelle.dz\/","name":"La Sentinelle","description":"Quotidien national d&#039;information","publisher":{"@id":"https:\/\/lasentinelle.dz\/#organization"},"potentialAction":[{"@type":"SearchAction","target":{"@type":"EntryPoint","urlTemplate":"https:\/\/lasentinelle.dz\/?s={search_term_string}"},"query-input":{"@type":"PropertyValueSpecification","valueRequired":true,"valueName":"search_term_string"}}],"inLanguage":"fr-FR"},{"@type":"Organization","@id":"https:\/\/lasentinelle.dz\/#organization","name":"Quotidien La Sentinelle","url":"https:\/\/lasentinelle.dz\/","logo":{"@type":"ImageObject","inLanguage":"fr-FR","@id":"https:\/\/lasentinelle.dz\/#\/schema\/logo\/image\/","url":"https:\/\/lasentinelle.dz\/wp-content\/uploads\/2021\/09\/logo-sentinelleSLOGAN-1.png","contentUrl":"https:\/\/lasentinelle.dz\/wp-content\/uploads\/2021\/09\/logo-sentinelleSLOGAN-1.png","width":615,"height":142,"caption":"Quotidien La Sentinelle"},"image":{"@id":"https:\/\/lasentinelle.dz\/#\/schema\/logo\/image\/"},"sameAs":["https:\/\/www.facebook.com\/La-Sentinelle-104059864394773"]},{"@type":"Person","@id":"https:\/\/lasentinelle.dz\/#\/schema\/person\/729ee0024f24e0b8c5ec17232f8e8b41","name":"admin","image":{"@type":"ImageObject","inLanguage":"fr-FR","@id":"https:\/\/secure.gravatar.com\/avatar\/4c81fed838786e9b53f540bf46533e750f5d292099ae3b66cfc6fb1982e29df7?s=96&d=mm&r=g","url":"https:\/\/secure.gravatar.com\/avatar\/4c81fed838786e9b53f540bf46533e750f5d292099ae3b66cfc6fb1982e29df7?s=96&d=mm&r=g","contentUrl":"https:\/\/secure.gravatar.com\/avatar\/4c81fed838786e9b53f540bf46533e750f5d292099ae3b66cfc6fb1982e29df7?s=96&d=mm&r=g","caption":"admin"},"description":"admin","url":"https:\/\/lasentinelle.dz\/author\/admin\/"}]}},"_links":{"self":[{"href":"https:\/\/lasentinelle.dz\/index.php\/wp-json\/wp\/v2\/posts\/83371","targetHints":{"allow":["GET"]}}],"collection":[{"href":"https:\/\/lasentinelle.dz\/index.php\/wp-json\/wp\/v2\/posts"}],"about":[{"href":"https:\/\/lasentinelle.dz\/index.php\/wp-json\/wp\/v2\/types\/post"}],"author":[{"embeddable":true,"href":"https:\/\/lasentinelle.dz\/index.php\/wp-json\/wp\/v2\/users\/6"}],"replies":[{"embeddable":true,"href":"https:\/\/lasentinelle.dz\/index.php\/wp-json\/wp\/v2\/comments?post=83371"}],"version-history":[{"count":1,"href":"https:\/\/lasentinelle.dz\/index.php\/wp-json\/wp\/v2\/posts\/83371\/revisions"}],"predecessor-version":[{"id":83372,"href":"https:\/\/lasentinelle.dz\/index.php\/wp-json\/wp\/v2\/posts\/83371\/revisions\/83372"}],"wp:featuredmedia":[{"embeddable":true,"href":"https:\/\/lasentinelle.dz\/index.php\/wp-json\/wp\/v2\/media\/79724"}],"wp:attachment":[{"href":"https:\/\/lasentinelle.dz\/index.php\/wp-json\/wp\/v2\/media?parent=83371"}],"wp:term":[{"taxonomy":"category","embeddable":true,"href":"https:\/\/lasentinelle.dz\/index.php\/wp-json\/wp\/v2\/categories?post=83371"},{"taxonomy":"post_tag","embeddable":true,"href":"https:\/\/lasentinelle.dz\/index.php\/wp-json\/wp\/v2\/tags?post=83371"}],"curies":[{"name":"wp","href":"https:\/\/api.w.org\/{rel}","templated":true}]}}