{"id":83376,"date":"2026-03-13T19:57:24","date_gmt":"2026-03-13T18:57:24","guid":{"rendered":"https:\/\/lasentinelle.dz\/?p=83376"},"modified":"2026-03-13T19:57:25","modified_gmt":"2026-03-13T18:57:25","slug":"cloture-du-15e-festival-national-de-la-chanson-chaabi-les-laureats-distingues-a-alger","status":"publish","type":"post","link":"https:\/\/lasentinelle.dz\/index.php\/2026\/03\/13\/cloture-du-15e-festival-national-de-la-chanson-chaabi-les-laureats-distingues-a-alger\/","title":{"rendered":"Cl\u00f4ture du 15e Festival national de la chanson cha\u00e2bi\u00a0: Les laur\u00e9ats distingu\u00e9s \u00e0 Alger"},"content":{"rendered":"\n<p>Le 15e Festival culturel national de la chanson cha\u00e2bi a pris fin jeudi soir \u00e0 Alger, lors d&rsquo;une c\u00e9r\u00e9monie officielle, apr\u00e8s 4 jours de comp\u00e9tition avec la remise des prix aux laur\u00e9ats de cette \u00e9dition marqu\u00e9e par la participation 15 candidats. La c\u00e9r\u00e9monie de cl\u00f4ture s&rsquo;est d\u00e9roul\u00e9e au Palais de la Culture Moufdi-Zakaria, en pr\u00e9sence du conseiller aupr\u00e8s du pr\u00e9sident de la R\u00e9publique charg\u00e9 des Affaires diplomatiques, M. Amar Abba, du commissaire du festival, Abdelkader Bendameche et du directeur du Palais, Ahc\u00e8ne Ghida, aux c\u00f4t\u00e9s de figures artistiques et ma\u00eetres du cha\u00e2bi. Le jury, pr\u00e9sid\u00e9 par l&rsquo;artiste El Hadi El Anka, avec comme membres Zerrouk Mokdad, Fay\u00e7al Hedroug, Mohamed Hama\u00efdia, Djamel Fodil et Khaled Chahlel Yacine, a distingu\u00e9 4 laur\u00e9ats \u00e0 l&rsquo;issue de cette c\u00e9r\u00e9monie, avec la remise de prix dot\u00e9s de r\u00e9compenses financi\u00e8res. Le 1er Prix a \u00e9t\u00e9 attribu\u00e9 \u00e0 Islam Larbi Bouamrane d&rsquo;A\u00efn Defla, sacr\u00e9 meilleur interpr\u00e8te de cette \u00e9dition pour sa reprise de \u00ab\u00a0Echem\u00e2a\u00a0\u00bb du d\u00e9funt chanteur Kamel Messaoudi (1961- 1998), alors que Yacine El Achi de Constantine et Hicham Meziane d&rsquo;Alger ont re\u00e7u, ex aequo, le 2e Prix. Mohamed Amine Kourak de Tiaret a d\u00e9croch\u00e9 le 3e Prix de cette 15e \u00e9dition dont le Prix sp\u00e9cial du jury est revenu \u00e0 Hiba Cherk El Ain de Blida.<\/p>\n\n\n\n<p>Dans son rapport d\u2019\u00e9valuation, pr\u00e9sent\u00e9 par Khaled Chahlel Yacine, le jury a relev\u00e9 un \u00ab\u00a0niveau artistique \u00ab\u00a0convergent des candidats de ce concours d\u00e9di\u00e9 \u00e0 la chanson populaire, rendant ainsi l&rsquo;\u00e9valuation et la notation \u00ab\u00a0d\u00e9licate\u00a0\u00bb et \u00ab\u00a0difficile\u00a0\u00bb en raison de la qualit\u00e9 \u00ab\u00a0\u00e9lev\u00e9e\u00a0\u00bb des performances. Le jury, a-t-il not\u00e9, a adopt\u00e9 dans son \u00e9valuation une s\u00e9rie de crit\u00e8res techniques, artistiques et de pr\u00e9sence sc\u00e9nique, notamment la ma\u00eetrise vocale et du rythme, la m\u00e9morisation et l&rsquo;originalit\u00e9 du texte ainsi que et la justesse de la performance linguistique. Avant la phase finale, les candidats ont b\u00e9n\u00e9fici\u00e9 d&rsquo;une \u00ab\u00a0formation acad\u00e9mique\u00a0\u00bb \u00e0 travers une masterclass qui a contribu\u00e9 \u00e0 \u00ab\u00a0perfectionner la ma\u00eetrise des crit\u00e8res de s\u00e9lection\u00a0\u00bb, a soulign\u00e9 M. Chahlal Yacine. Accompagn\u00e9 par un orchestre dirig\u00e9 par Abdelwahab Boukoura, le laur\u00e9at du 1er prix, Islam Larbi Bouamrane, a interpr\u00e9t\u00e9 des pi\u00e8ces cha\u00e2bi. Un hommage aux membres du jury a \u00e9t\u00e9 rendu en cl\u00f4ture de la c\u00e9r\u00e9monie.<\/p>\n\n\n\n<p>Par ailleurs, les organisateurs ont annonc\u00e9 l&rsquo;ouverture \u00e0 partir du 1er juillet prochain, des inscriptions pour participer au 16e Festival national de la chanson cha\u00e2bi. Organis\u00e9 depuis 2006, sous l&rsquo;\u00e9gide du minist\u00e8re de la Culture et des Arts, le Festival culturel national de la chanson cha\u00e2bi vise \u00e0 pr\u00e9server le patrimoine de ce genre musical populaire, notamment \u00e0 travers la formation de jeunes talents capables d&rsquo;assurer la rel\u00e8ve.<\/p>\n\n\n\n<p>APS<\/p>\n","protected":false},"excerpt":{"rendered":"<p>Le 15e Festival culturel national de la chanson cha\u00e2bi a pris fin jeudi soir \u00e0 Alger, lors d&rsquo;une c\u00e9r\u00e9monie officielle,<\/p>\n","protected":false},"author":6,"featured_media":83378,"comment_status":"open","ping_status":"closed","sticky":false,"template":"","format":"standard","meta":{"colormag_page_container_layout":"default_layout","colormag_page_sidebar_layout":"default_layout","om_disable_all_campaigns":false,"_monsterinsights_skip_tracking":false,"_monsterinsights_sitenote_active":false,"_monsterinsights_sitenote_note":"","_monsterinsights_sitenote_category":0,"footnotes":"","_wpscppro_dont_share_socialmedia":false,"_wpscppro_custom_social_share_image":0,"_facebook_share_type":"default","_twitter_share_type":"default","_linkedin_share_type":"default","_pinterest_share_type":"default","_linkedin_share_type_page":"","_instagram_share_type":"default","_medium_share_type":"default","_threads_share_type":"default","_google_business_share_type":"default","_selected_social_profile":[],"_wpsp_enable_custom_social_template":false,"_wpsp_social_scheduling":{"enabled":false,"datetime":null,"platforms":[],"status":"template_only","dateOption":"today","timeOption":"now","customDays":"","customHours":"","customDate":"","customTime":"","schedulingType":"absolute"},"_wpsp_active_default_template":true},"categories":[36],"tags":[],"class_list":["post-83376","post","type-post","status-publish","format-standard","has-post-thumbnail","hentry","category-culture"],"aioseo_notices":[],"yoast_head":"<!-- This site is optimized with the Yoast SEO plugin v27.4 - https:\/\/yoast.com\/product\/yoast-seo-wordpress\/ -->\n<title>Cl\u00f4ture du 15e Festival national de la chanson cha\u00e2bi\u00a0: Les laur\u00e9ats distingu\u00e9s \u00e0 Alger - La Sentinelle<\/title>\n<meta name=\"robots\" content=\"index, follow, max-snippet:-1, max-image-preview:large, max-video-preview:-1\" \/>\n<link rel=\"canonical\" href=\"https:\/\/lasentinelle.dz\/index.php\/2026\/03\/13\/cloture-du-15e-festival-national-de-la-chanson-chaabi-les-laureats-distingues-a-alger\/\" \/>\n<meta property=\"og:locale\" content=\"fr_FR\" \/>\n<meta property=\"og:type\" content=\"article\" \/>\n<meta property=\"og:title\" content=\"Cl\u00f4ture du 15e Festival national de la chanson cha\u00e2bi\u00a0: Les laur\u00e9ats distingu\u00e9s \u00e0 Alger - La Sentinelle\" \/>\n<meta property=\"og:description\" content=\"Le 15e Festival culturel national de la chanson cha\u00e2bi a pris fin jeudi soir \u00e0 Alger, lors d&rsquo;une c\u00e9r\u00e9monie officielle,\" \/>\n<meta property=\"og:url\" content=\"https:\/\/lasentinelle.dz\/index.php\/2026\/03\/13\/cloture-du-15e-festival-national-de-la-chanson-chaabi-les-laureats-distingues-a-alger\/\" \/>\n<meta property=\"og:site_name\" content=\"La Sentinelle\" \/>\n<meta property=\"article:publisher\" content=\"https:\/\/www.facebook.com\/La-Sentinelle-104059864394773\" \/>\n<meta property=\"article:published_time\" content=\"2026-03-13T18:57:24+00:00\" \/>\n<meta property=\"article:modified_time\" content=\"2026-03-13T18:57:25+00:00\" \/>\n<meta property=\"og:image\" content=\"https:\/\/lasentinelle.dz\/wp-content\/uploads\/2026\/03\/15e_festival_chaabi-13.03.26.webp\" \/>\n\t<meta property=\"og:image:width\" content=\"900\" \/>\n\t<meta property=\"og:image:height\" content=\"675\" \/>\n\t<meta property=\"og:image:type\" content=\"image\/webp\" \/>\n<meta name=\"author\" content=\"admin\" \/>\n<meta name=\"twitter:card\" content=\"summary_large_image\" \/>\n<meta name=\"twitter:label1\" content=\"\u00c9crit par\" \/>\n\t<meta name=\"twitter:data1\" content=\"admin\" \/>\n\t<meta name=\"twitter:label2\" content=\"Dur\u00e9e de lecture estim\u00e9e\" \/>\n\t<meta name=\"twitter:data2\" content=\"3 minutes\" \/>\n<script type=\"application\/ld+json\" class=\"yoast-schema-graph\">{\"@context\":\"https:\\\/\\\/schema.org\",\"@graph\":[{\"@type\":\"Article\",\"@id\":\"https:\\\/\\\/lasentinelle.dz\\\/index.php\\\/2026\\\/03\\\/13\\\/cloture-du-15e-festival-national-de-la-chanson-chaabi-les-laureats-distingues-a-alger\\\/#article\",\"isPartOf\":{\"@id\":\"https:\\\/\\\/lasentinelle.dz\\\/index.php\\\/2026\\\/03\\\/13\\\/cloture-du-15e-festival-national-de-la-chanson-chaabi-les-laureats-distingues-a-alger\\\/\"},\"author\":{\"name\":\"admin\",\"@id\":\"https:\\\/\\\/lasentinelle.dz\\\/#\\\/schema\\\/person\\\/729ee0024f24e0b8c5ec17232f8e8b41\"},\"headline\":\"Cl\u00f4ture du 15e Festival national de la chanson cha\u00e2bi\u00a0: Les laur\u00e9ats distingu\u00e9s \u00e0 Alger\",\"datePublished\":\"2026-03-13T18:57:24+00:00\",\"dateModified\":\"2026-03-13T18:57:25+00:00\",\"mainEntityOfPage\":{\"@id\":\"https:\\\/\\\/lasentinelle.dz\\\/index.php\\\/2026\\\/03\\\/13\\\/cloture-du-15e-festival-national-de-la-chanson-chaabi-les-laureats-distingues-a-alger\\\/\"},\"wordCount\":511,\"commentCount\":0,\"publisher\":{\"@id\":\"https:\\\/\\\/lasentinelle.dz\\\/#organization\"},\"image\":{\"@id\":\"https:\\\/\\\/lasentinelle.dz\\\/index.php\\\/2026\\\/03\\\/13\\\/cloture-du-15e-festival-national-de-la-chanson-chaabi-les-laureats-distingues-a-alger\\\/#primaryimage\"},\"thumbnailUrl\":\"https:\\\/\\\/lasentinelle.dz\\\/wp-content\\\/uploads\\\/2026\\\/03\\\/15e_festival_chaabi-13.03.26.webp\",\"articleSection\":[\"Culture\"],\"inLanguage\":\"fr-FR\",\"potentialAction\":[{\"@type\":\"CommentAction\",\"name\":\"Comment\",\"target\":[\"https:\\\/\\\/lasentinelle.dz\\\/index.php\\\/2026\\\/03\\\/13\\\/cloture-du-15e-festival-national-de-la-chanson-chaabi-les-laureats-distingues-a-alger\\\/#respond\"]}]},{\"@type\":\"WebPage\",\"@id\":\"https:\\\/\\\/lasentinelle.dz\\\/index.php\\\/2026\\\/03\\\/13\\\/cloture-du-15e-festival-national-de-la-chanson-chaabi-les-laureats-distingues-a-alger\\\/\",\"url\":\"https:\\\/\\\/lasentinelle.dz\\\/index.php\\\/2026\\\/03\\\/13\\\/cloture-du-15e-festival-national-de-la-chanson-chaabi-les-laureats-distingues-a-alger\\\/\",\"name\":\"Cl\u00f4ture du 15e Festival national de la chanson cha\u00e2bi\u00a0: Les laur\u00e9ats distingu\u00e9s \u00e0 Alger - La Sentinelle\",\"isPartOf\":{\"@id\":\"https:\\\/\\\/lasentinelle.dz\\\/#website\"},\"primaryImageOfPage\":{\"@id\":\"https:\\\/\\\/lasentinelle.dz\\\/index.php\\\/2026\\\/03\\\/13\\\/cloture-du-15e-festival-national-de-la-chanson-chaabi-les-laureats-distingues-a-alger\\\/#primaryimage\"},\"image\":{\"@id\":\"https:\\\/\\\/lasentinelle.dz\\\/index.php\\\/2026\\\/03\\\/13\\\/cloture-du-15e-festival-national-de-la-chanson-chaabi-les-laureats-distingues-a-alger\\\/#primaryimage\"},\"thumbnailUrl\":\"https:\\\/\\\/lasentinelle.dz\\\/wp-content\\\/uploads\\\/2026\\\/03\\\/15e_festival_chaabi-13.03.26.webp\",\"datePublished\":\"2026-03-13T18:57:24+00:00\",\"dateModified\":\"2026-03-13T18:57:25+00:00\",\"breadcrumb\":{\"@id\":\"https:\\\/\\\/lasentinelle.dz\\\/index.php\\\/2026\\\/03\\\/13\\\/cloture-du-15e-festival-national-de-la-chanson-chaabi-les-laureats-distingues-a-alger\\\/#breadcrumb\"},\"inLanguage\":\"fr-FR\",\"potentialAction\":[{\"@type\":\"ReadAction\",\"target\":[\"https:\\\/\\\/lasentinelle.dz\\\/index.php\\\/2026\\\/03\\\/13\\\/cloture-du-15e-festival-national-de-la-chanson-chaabi-les-laureats-distingues-a-alger\\\/\"]}]},{\"@type\":\"ImageObject\",\"inLanguage\":\"fr-FR\",\"@id\":\"https:\\\/\\\/lasentinelle.dz\\\/index.php\\\/2026\\\/03\\\/13\\\/cloture-du-15e-festival-national-de-la-chanson-chaabi-les-laureats-distingues-a-alger\\\/#primaryimage\",\"url\":\"https:\\\/\\\/lasentinelle.dz\\\/wp-content\\\/uploads\\\/2026\\\/03\\\/15e_festival_chaabi-13.03.26.webp\",\"contentUrl\":\"https:\\\/\\\/lasentinelle.dz\\\/wp-content\\\/uploads\\\/2026\\\/03\\\/15e_festival_chaabi-13.03.26.webp\",\"width\":900,\"height\":675},{\"@type\":\"BreadcrumbList\",\"@id\":\"https:\\\/\\\/lasentinelle.dz\\\/index.php\\\/2026\\\/03\\\/13\\\/cloture-du-15e-festival-national-de-la-chanson-chaabi-les-laureats-distingues-a-alger\\\/#breadcrumb\",\"itemListElement\":[{\"@type\":\"ListItem\",\"position\":1,\"name\":\"Accueil\",\"item\":\"https:\\\/\\\/lasentinelle.dz\\\/\"},{\"@type\":\"ListItem\",\"position\":2,\"name\":\"Cl\u00f4ture du 15e Festival national de la chanson cha\u00e2bi\u00a0: Les laur\u00e9ats distingu\u00e9s \u00e0 Alger\"}]},{\"@type\":\"WebSite\",\"@id\":\"https:\\\/\\\/lasentinelle.dz\\\/#website\",\"url\":\"https:\\\/\\\/lasentinelle.dz\\\/\",\"name\":\"La Sentinelle\",\"description\":\"Quotidien national d&#039;information\",\"publisher\":{\"@id\":\"https:\\\/\\\/lasentinelle.dz\\\/#organization\"},\"potentialAction\":[{\"@type\":\"SearchAction\",\"target\":{\"@type\":\"EntryPoint\",\"urlTemplate\":\"https:\\\/\\\/lasentinelle.dz\\\/?s={search_term_string}\"},\"query-input\":{\"@type\":\"PropertyValueSpecification\",\"valueRequired\":true,\"valueName\":\"search_term_string\"}}],\"inLanguage\":\"fr-FR\"},{\"@type\":\"Organization\",\"@id\":\"https:\\\/\\\/lasentinelle.dz\\\/#organization\",\"name\":\"Quotidien La Sentinelle\",\"url\":\"https:\\\/\\\/lasentinelle.dz\\\/\",\"logo\":{\"@type\":\"ImageObject\",\"inLanguage\":\"fr-FR\",\"@id\":\"https:\\\/\\\/lasentinelle.dz\\\/#\\\/schema\\\/logo\\\/image\\\/\",\"url\":\"https:\\\/\\\/lasentinelle.dz\\\/wp-content\\\/uploads\\\/2021\\\/09\\\/logo-sentinelleSLOGAN-1.png\",\"contentUrl\":\"https:\\\/\\\/lasentinelle.dz\\\/wp-content\\\/uploads\\\/2021\\\/09\\\/logo-sentinelleSLOGAN-1.png\",\"width\":615,\"height\":142,\"caption\":\"Quotidien La Sentinelle\"},\"image\":{\"@id\":\"https:\\\/\\\/lasentinelle.dz\\\/#\\\/schema\\\/logo\\\/image\\\/\"},\"sameAs\":[\"https:\\\/\\\/www.facebook.com\\\/La-Sentinelle-104059864394773\"]},{\"@type\":\"Person\",\"@id\":\"https:\\\/\\\/lasentinelle.dz\\\/#\\\/schema\\\/person\\\/729ee0024f24e0b8c5ec17232f8e8b41\",\"name\":\"admin\",\"image\":{\"@type\":\"ImageObject\",\"inLanguage\":\"fr-FR\",\"@id\":\"https:\\\/\\\/secure.gravatar.com\\\/avatar\\\/4c81fed838786e9b53f540bf46533e750f5d292099ae3b66cfc6fb1982e29df7?s=96&d=mm&r=g\",\"url\":\"https:\\\/\\\/secure.gravatar.com\\\/avatar\\\/4c81fed838786e9b53f540bf46533e750f5d292099ae3b66cfc6fb1982e29df7?s=96&d=mm&r=g\",\"contentUrl\":\"https:\\\/\\\/secure.gravatar.com\\\/avatar\\\/4c81fed838786e9b53f540bf46533e750f5d292099ae3b66cfc6fb1982e29df7?s=96&d=mm&r=g\",\"caption\":\"admin\"},\"description\":\"admin\",\"url\":\"https:\\\/\\\/lasentinelle.dz\\\/author\\\/admin\\\/\"}]}<\/script>\n<!-- \/ Yoast SEO plugin. -->","yoast_head_json":{"title":"Cl\u00f4ture du 15e Festival national de la chanson cha\u00e2bi\u00a0: Les laur\u00e9ats distingu\u00e9s \u00e0 Alger - La Sentinelle","robots":{"index":"index","follow":"follow","max-snippet":"max-snippet:-1","max-image-preview":"max-image-preview:large","max-video-preview":"max-video-preview:-1"},"canonical":"https:\/\/lasentinelle.dz\/index.php\/2026\/03\/13\/cloture-du-15e-festival-national-de-la-chanson-chaabi-les-laureats-distingues-a-alger\/","og_locale":"fr_FR","og_type":"article","og_title":"Cl\u00f4ture du 15e Festival national de la chanson cha\u00e2bi\u00a0: Les laur\u00e9ats distingu\u00e9s \u00e0 Alger - La Sentinelle","og_description":"Le 15e Festival culturel national de la chanson cha\u00e2bi a pris fin jeudi soir \u00e0 Alger, lors d&rsquo;une c\u00e9r\u00e9monie officielle,","og_url":"https:\/\/lasentinelle.dz\/index.php\/2026\/03\/13\/cloture-du-15e-festival-national-de-la-chanson-chaabi-les-laureats-distingues-a-alger\/","og_site_name":"La Sentinelle","article_publisher":"https:\/\/www.facebook.com\/La-Sentinelle-104059864394773","article_published_time":"2026-03-13T18:57:24+00:00","article_modified_time":"2026-03-13T18:57:25+00:00","og_image":[{"width":900,"height":675,"url":"https:\/\/lasentinelle.dz\/wp-content\/uploads\/2026\/03\/15e_festival_chaabi-13.03.26.webp","type":"image\/webp"}],"author":"admin","twitter_card":"summary_large_image","twitter_misc":{"\u00c9crit par":"admin","Dur\u00e9e de lecture estim\u00e9e":"3 minutes"},"schema":{"@context":"https:\/\/schema.org","@graph":[{"@type":"Article","@id":"https:\/\/lasentinelle.dz\/index.php\/2026\/03\/13\/cloture-du-15e-festival-national-de-la-chanson-chaabi-les-laureats-distingues-a-alger\/#article","isPartOf":{"@id":"https:\/\/lasentinelle.dz\/index.php\/2026\/03\/13\/cloture-du-15e-festival-national-de-la-chanson-chaabi-les-laureats-distingues-a-alger\/"},"author":{"name":"admin","@id":"https:\/\/lasentinelle.dz\/#\/schema\/person\/729ee0024f24e0b8c5ec17232f8e8b41"},"headline":"Cl\u00f4ture du 15e Festival national de la chanson cha\u00e2bi\u00a0: Les laur\u00e9ats distingu\u00e9s \u00e0 Alger","datePublished":"2026-03-13T18:57:24+00:00","dateModified":"2026-03-13T18:57:25+00:00","mainEntityOfPage":{"@id":"https:\/\/lasentinelle.dz\/index.php\/2026\/03\/13\/cloture-du-15e-festival-national-de-la-chanson-chaabi-les-laureats-distingues-a-alger\/"},"wordCount":511,"commentCount":0,"publisher":{"@id":"https:\/\/lasentinelle.dz\/#organization"},"image":{"@id":"https:\/\/lasentinelle.dz\/index.php\/2026\/03\/13\/cloture-du-15e-festival-national-de-la-chanson-chaabi-les-laureats-distingues-a-alger\/#primaryimage"},"thumbnailUrl":"https:\/\/lasentinelle.dz\/wp-content\/uploads\/2026\/03\/15e_festival_chaabi-13.03.26.webp","articleSection":["Culture"],"inLanguage":"fr-FR","potentialAction":[{"@type":"CommentAction","name":"Comment","target":["https:\/\/lasentinelle.dz\/index.php\/2026\/03\/13\/cloture-du-15e-festival-national-de-la-chanson-chaabi-les-laureats-distingues-a-alger\/#respond"]}]},{"@type":"WebPage","@id":"https:\/\/lasentinelle.dz\/index.php\/2026\/03\/13\/cloture-du-15e-festival-national-de-la-chanson-chaabi-les-laureats-distingues-a-alger\/","url":"https:\/\/lasentinelle.dz\/index.php\/2026\/03\/13\/cloture-du-15e-festival-national-de-la-chanson-chaabi-les-laureats-distingues-a-alger\/","name":"Cl\u00f4ture du 15e Festival national de la chanson cha\u00e2bi\u00a0: Les laur\u00e9ats distingu\u00e9s \u00e0 Alger - La Sentinelle","isPartOf":{"@id":"https:\/\/lasentinelle.dz\/#website"},"primaryImageOfPage":{"@id":"https:\/\/lasentinelle.dz\/index.php\/2026\/03\/13\/cloture-du-15e-festival-national-de-la-chanson-chaabi-les-laureats-distingues-a-alger\/#primaryimage"},"image":{"@id":"https:\/\/lasentinelle.dz\/index.php\/2026\/03\/13\/cloture-du-15e-festival-national-de-la-chanson-chaabi-les-laureats-distingues-a-alger\/#primaryimage"},"thumbnailUrl":"https:\/\/lasentinelle.dz\/wp-content\/uploads\/2026\/03\/15e_festival_chaabi-13.03.26.webp","datePublished":"2026-03-13T18:57:24+00:00","dateModified":"2026-03-13T18:57:25+00:00","breadcrumb":{"@id":"https:\/\/lasentinelle.dz\/index.php\/2026\/03\/13\/cloture-du-15e-festival-national-de-la-chanson-chaabi-les-laureats-distingues-a-alger\/#breadcrumb"},"inLanguage":"fr-FR","potentialAction":[{"@type":"ReadAction","target":["https:\/\/lasentinelle.dz\/index.php\/2026\/03\/13\/cloture-du-15e-festival-national-de-la-chanson-chaabi-les-laureats-distingues-a-alger\/"]}]},{"@type":"ImageObject","inLanguage":"fr-FR","@id":"https:\/\/lasentinelle.dz\/index.php\/2026\/03\/13\/cloture-du-15e-festival-national-de-la-chanson-chaabi-les-laureats-distingues-a-alger\/#primaryimage","url":"https:\/\/lasentinelle.dz\/wp-content\/uploads\/2026\/03\/15e_festival_chaabi-13.03.26.webp","contentUrl":"https:\/\/lasentinelle.dz\/wp-content\/uploads\/2026\/03\/15e_festival_chaabi-13.03.26.webp","width":900,"height":675},{"@type":"BreadcrumbList","@id":"https:\/\/lasentinelle.dz\/index.php\/2026\/03\/13\/cloture-du-15e-festival-national-de-la-chanson-chaabi-les-laureats-distingues-a-alger\/#breadcrumb","itemListElement":[{"@type":"ListItem","position":1,"name":"Accueil","item":"https:\/\/lasentinelle.dz\/"},{"@type":"ListItem","position":2,"name":"Cl\u00f4ture du 15e Festival national de la chanson cha\u00e2bi\u00a0: Les laur\u00e9ats distingu\u00e9s \u00e0 Alger"}]},{"@type":"WebSite","@id":"https:\/\/lasentinelle.dz\/#website","url":"https:\/\/lasentinelle.dz\/","name":"La Sentinelle","description":"Quotidien national d&#039;information","publisher":{"@id":"https:\/\/lasentinelle.dz\/#organization"},"potentialAction":[{"@type":"SearchAction","target":{"@type":"EntryPoint","urlTemplate":"https:\/\/lasentinelle.dz\/?s={search_term_string}"},"query-input":{"@type":"PropertyValueSpecification","valueRequired":true,"valueName":"search_term_string"}}],"inLanguage":"fr-FR"},{"@type":"Organization","@id":"https:\/\/lasentinelle.dz\/#organization","name":"Quotidien La Sentinelle","url":"https:\/\/lasentinelle.dz\/","logo":{"@type":"ImageObject","inLanguage":"fr-FR","@id":"https:\/\/lasentinelle.dz\/#\/schema\/logo\/image\/","url":"https:\/\/lasentinelle.dz\/wp-content\/uploads\/2021\/09\/logo-sentinelleSLOGAN-1.png","contentUrl":"https:\/\/lasentinelle.dz\/wp-content\/uploads\/2021\/09\/logo-sentinelleSLOGAN-1.png","width":615,"height":142,"caption":"Quotidien La Sentinelle"},"image":{"@id":"https:\/\/lasentinelle.dz\/#\/schema\/logo\/image\/"},"sameAs":["https:\/\/www.facebook.com\/La-Sentinelle-104059864394773"]},{"@type":"Person","@id":"https:\/\/lasentinelle.dz\/#\/schema\/person\/729ee0024f24e0b8c5ec17232f8e8b41","name":"admin","image":{"@type":"ImageObject","inLanguage":"fr-FR","@id":"https:\/\/secure.gravatar.com\/avatar\/4c81fed838786e9b53f540bf46533e750f5d292099ae3b66cfc6fb1982e29df7?s=96&d=mm&r=g","url":"https:\/\/secure.gravatar.com\/avatar\/4c81fed838786e9b53f540bf46533e750f5d292099ae3b66cfc6fb1982e29df7?s=96&d=mm&r=g","contentUrl":"https:\/\/secure.gravatar.com\/avatar\/4c81fed838786e9b53f540bf46533e750f5d292099ae3b66cfc6fb1982e29df7?s=96&d=mm&r=g","caption":"admin"},"description":"admin","url":"https:\/\/lasentinelle.dz\/author\/admin\/"}]}},"_links":{"self":[{"href":"https:\/\/lasentinelle.dz\/index.php\/wp-json\/wp\/v2\/posts\/83376","targetHints":{"allow":["GET"]}}],"collection":[{"href":"https:\/\/lasentinelle.dz\/index.php\/wp-json\/wp\/v2\/posts"}],"about":[{"href":"https:\/\/lasentinelle.dz\/index.php\/wp-json\/wp\/v2\/types\/post"}],"author":[{"embeddable":true,"href":"https:\/\/lasentinelle.dz\/index.php\/wp-json\/wp\/v2\/users\/6"}],"replies":[{"embeddable":true,"href":"https:\/\/lasentinelle.dz\/index.php\/wp-json\/wp\/v2\/comments?post=83376"}],"version-history":[{"count":1,"href":"https:\/\/lasentinelle.dz\/index.php\/wp-json\/wp\/v2\/posts\/83376\/revisions"}],"predecessor-version":[{"id":83379,"href":"https:\/\/lasentinelle.dz\/index.php\/wp-json\/wp\/v2\/posts\/83376\/revisions\/83379"}],"wp:featuredmedia":[{"embeddable":true,"href":"https:\/\/lasentinelle.dz\/index.php\/wp-json\/wp\/v2\/media\/83378"}],"wp:attachment":[{"href":"https:\/\/lasentinelle.dz\/index.php\/wp-json\/wp\/v2\/media?parent=83376"}],"wp:term":[{"taxonomy":"category","embeddable":true,"href":"https:\/\/lasentinelle.dz\/index.php\/wp-json\/wp\/v2\/categories?post=83376"},{"taxonomy":"post_tag","embeddable":true,"href":"https:\/\/lasentinelle.dz\/index.php\/wp-json\/wp\/v2\/tags?post=83376"}],"curies":[{"name":"wp","href":"https:\/\/api.w.org\/{rel}","templated":true}]}}