{"id":83380,"date":"2026-03-13T19:58:38","date_gmt":"2026-03-13T18:58:38","guid":{"rendered":"https:\/\/lasentinelle.dz\/?p=83380"},"modified":"2026-03-13T19:58:39","modified_gmt":"2026-03-13T18:58:39","slug":"theatre-abdelkader-alloula-cavalier-des-planches","status":"publish","type":"post","link":"https:\/\/lasentinelle.dz\/index.php\/2026\/03\/13\/theatre-abdelkader-alloula-cavalier-des-planches\/","title":{"rendered":"Th\u00e9\u00e2tre\u00a0: Abdelkader Alloula, cavalier des planches"},"content":{"rendered":"\n<p>Il y a des absences qui ne finissent pas de peser. Le 14 mars 1994, une balle mettait fin \u00e0 la vie d&rsquo;Abdelkader Alloula, l&rsquo;une des figures les plus singuli\u00e8res et les plus f\u00e9condes que le th\u00e9\u00e2tre alg\u00e9rien ait jamais port\u00e9es. 32 ans plus tard, jeudi 12 mars \u00e0 Alger, la Radio alg\u00e9rienne lui rendait hommage \u00e0 travers une rencontre comm\u00e9morative plac\u00e9e sous l&rsquo;intitul\u00e9 \u00e9vocateur : <em>\u00ab Alloula : Cavalier des planches, gardien du patrimoine \u00bb<\/em>. Enregistr\u00e9e en vue d&rsquo;une diffusion sur les ondes de Radio Culture ce samedi, cette \u00e9mission a r\u00e9uni acad\u00e9miciens, metteurs en sc\u00e8ne et proches du d\u00e9funt autour d&rsquo;une \u0153uvre que le temps, loin d&rsquo;\u00e9roder, semble continuer d&rsquo;affermir. N\u00e9 en 1939 \u00e0 Oran, Abdelkader Alloula a consacr\u00e9 l&rsquo;essentiel de sa vie cr\u00e9atrice \u00e0 une entreprise aussi ambitieuse que coh\u00e9rente : fonder un th\u00e9\u00e2tre alg\u00e9rien ancr\u00e9 dans les profondeurs du patrimoine populaire tout en s&rsquo;ouvrant aux exigences de la modernit\u00e9 dramaturgique. C&rsquo;est cette vision que les intervenants du jour se sont attach\u00e9s \u00e0 restituer, avec la pr\u00e9cision de ceux qui l&rsquo;ont vu \u00e0 l&rsquo;\u0153uvre et l&rsquo;\u00e9motion de ceux qui, pour certains, l&rsquo;ont aim\u00e9. Parmi eux, Rihab Alloula, com\u00e9dienne et fille du dramaturge, n&rsquo;avait que dix ans lorsque son p\u00e8re fut assassin\u00e9 en pleine d\u00e9cennie noire. Pr\u00e9sente \u00e0 cette rencontre, elle a t\u00e9moign\u00e9 d&rsquo;un lien filial nourri de \u00ab compr\u00e9hension, d&rsquo;encouragements et de g\u00e9n\u00e9rosit\u00e9 \u00bb, tout en confiant qu&rsquo;elle continuait encore aujourd&rsquo;hui de d\u00e9couvrir cet homme \u00e0 travers les t\u00e9moignages de celles et ceux qui l&rsquo;ont c\u00f4toy\u00e9. C&rsquo;est par ces voix interpos\u00e9es qu&rsquo;elle dit saisir mieux ses \u00ab \u00e9lans d&rsquo;engagement et de d\u00e9vouement pour l&rsquo;Alg\u00e9rie \u00e0 travers la pratique du 4e Art \u00bb \u2014 une fa\u00e7on de dire que l&rsquo;h\u00e9ritage d&rsquo;Alloula se transmet autant par les archives que par la m\u00e9moire vivante.<\/p>\n\n\n\n<p>Autour de la table, le directeur artistique du Th\u00e9\u00e2tre national alg\u00e9rien, Djamel Guermi, le docteur Abdelhamid Allaoui, pr\u00e9sident de la commission scientifique \u00e0 l&rsquo;origine d&rsquo;un ouvrage r\u00e9cemment paru sous le titre <em>Abdelkader Alloula Ladjouad, Les \u00c9ternels<\/em>, ainsi que le dramaturge et metteur en sc\u00e8ne Omar Fetmouche ont dress\u00e9 le portrait d&rsquo;un homme de th\u00e9\u00e2tre total. Le critique et enseignant \u00e0 l&rsquo;universit\u00e9 Alger 2, Ahc\u00e8ne Tlilani, et le journaliste et critique de th\u00e9\u00e2tre Boubekeur Sekini ont compl\u00e9t\u00e9 ce panel de voix autoris\u00e9es.<\/p>\n\n\n\n<p>Tous ont insist\u00e9 sur ce que l&rsquo;on pourrait appeler la double exigence d&rsquo;Alloula : une exigence humaine, d&rsquo;abord, faite d&rsquo;\u00ab humanisme \u00bb, de \u00ab grande disposition \u00e0 \u00e9couter \u00bb et de \u00ab disponibilit\u00e9 \u00e0 aider \u00bb ; une exigence artistique, ensuite, qui ne souffrait aucune approximation. \u00ab Portant une vision sur l&rsquo;avenir du th\u00e9\u00e2tre alg\u00e9rien claire et pr\u00e9cise, Abdelkader Alloula savait parfaitement ce qu&rsquo;il voulait \u00bb, ont-ils soulign\u00e9, rappelant qu&rsquo;il travaillait \u00ab avec une projection clairvoyante et pragmatique \u00bb sur chacun des ateliers constituant un spectacle \u2014 \u00e9criture, mise en sc\u00e8ne, sc\u00e9nographie, direction d&rsquo;acteurs, \u00e9clairage, bande-son. Rien n&rsquo;\u00e9tait laiss\u00e9 au hasard, rien n&rsquo;\u00e9tait d\u00e9l\u00e9gu\u00e9 \u00e0 la n\u00e9gligence.<\/p>\n\n\n\n<p>Cette exigence se manifestait de mani\u00e8re particuli\u00e8rement frappante dans ce que le dramaturge lui-m\u00eame nommait le \u00ab th\u00e9\u00e2tre de la parole \u00bb. Alloula ciselait ses textes sur les plans \u00ab s\u00e9mantique, phonologique et phon\u00e9tique \u00bb, jusqu&rsquo;\u00e0 obtenir une \u00ab uniformit\u00e9 et une ressemblance \u00bb du propos dans un rythme qu&rsquo;il voulait \u00ab harmonieux de compl\u00e9mentarit\u00e9 \u00bb entre les diff\u00e9rents r\u00f4les. Ce travail de l&rsquo;oreille et de la langue ne s&rsquo;arr\u00eatait pas l\u00e0 : il d\u00e9veloppait parall\u00e8lement une r\u00e9flexion sur le \u00ab th\u00e9\u00e2tre de l&rsquo;\u00e9coute \u00bb, interrogeant sans rel\u00e2che la mani\u00e8re dont chaque r\u00e9plique allait \u00eatre re\u00e7ue par le spectateur. Une qu\u00eate de \u00ab simplicit\u00e9 acad\u00e9mique o\u00f9 tout devait \u00eatre dit et transmis avec des corpus basiques de tous les jours, aux propos percutants et bien agenc\u00e9s \u00bb \u2014 art du quotidien \u00e9lev\u00e9 \u00e0 la hauteur d&rsquo;une po\u00e9tique. C&rsquo;est dans cette po\u00e9tique que s&rsquo;inscrit la place accord\u00e9e \u00e0 la po\u00e9sie populaire, et notamment au melhoun, cette forme orale et chant\u00e9e profond\u00e9ment enracin\u00e9e dans la culture maghr\u00e9bine. En int\u00e9grant ces mat\u00e9riaux dans ses cr\u00e9ations, Alloula entendait promouvoir \u00ab la culture et le patrimoine alg\u00e9riens, tant sur la forme que dans les contenus, en mettant en valeur les us et les coutumes du peuple \u00bb. Le th\u00e9\u00e2tre comme acte de m\u00e9moire collective autant que comme outil d&rsquo;\u00e9mancipation : telle \u00e9tait, en substance, la pr\u00e9occupation premi\u00e8re d&rsquo;un artiste qui consacrait son \u0153uvre \u00e0 la \u00ab lib\u00e9ration de la pens\u00e9e de toutes les contraintes \u00bb. Pour illustrer l&rsquo;ampleur de ce projet, les intervenants ont convoqu\u00e9 plusieurs pi\u00e8ces majeures du r\u00e9pertoire d&rsquo;Alloula : <em>Ladjouad<\/em>, <em>Lagoual<\/em>, ou encore <em>Homk Salim<\/em>, adaptation alg\u00e9rienne du <em>Journal d&rsquo;un fou<\/em> de Nicolas Gogol \u2014 preuve que le dramaturge n&rsquo;h\u00e9sitait pas \u00e0 faire dialoguer le patrimoine local avec les grands textes de la litt\u00e9rature universelle. Des anecdotes et des souvenirs personnels ont \u00e9galement ponctu\u00e9 les \u00e9changes, restituant la dimension charnelle d&rsquo;un artiste que ses proches d\u00e9crivent comme aussi chaleureux dans la vie qu&rsquo;intransigeant sur les planches.<\/p>\n\n\n\n<p>L&rsquo;\u00e9mission, qui sera diffus\u00e9e samedi prochain sur Radio Culture, s&rsquo;inscrit dans un mouvement plus large de r\u00e9appropriation de l&rsquo;\u0153uvre d&rsquo;Alloula, dont t\u00e9moigne la r\u00e9cente publication collective <em>Les \u00c9ternels<\/em>.<\/p>\n\n\n\n<p>M.S.<\/p>\n","protected":false},"excerpt":{"rendered":"<p>Il y a des absences qui ne finissent pas de peser. Le 14 mars 1994, une balle mettait fin \u00e0<\/p>\n","protected":false},"author":6,"featured_media":83381,"comment_status":"open","ping_status":"closed","sticky":false,"template":"","format":"standard","meta":{"colormag_page_container_layout":"default_layout","colormag_page_sidebar_layout":"default_layout","om_disable_all_campaigns":false,"_monsterinsights_skip_tracking":false,"_monsterinsights_sitenote_active":false,"_monsterinsights_sitenote_note":"","_monsterinsights_sitenote_category":0,"footnotes":"","_wpscppro_dont_share_socialmedia":false,"_wpscppro_custom_social_share_image":0,"_facebook_share_type":"default","_twitter_share_type":"default","_linkedin_share_type":"default","_pinterest_share_type":"default","_linkedin_share_type_page":"","_instagram_share_type":"default","_medium_share_type":"default","_threads_share_type":"default","_google_business_share_type":"default","_selected_social_profile":[],"_wpsp_enable_custom_social_template":false,"_wpsp_social_scheduling":{"enabled":false,"datetime":null,"platforms":[],"status":"template_only","dateOption":"today","timeOption":"now","customDays":"","customHours":"","customDate":"","customTime":"","schedulingType":"absolute"},"_wpsp_active_default_template":true},"categories":[36],"tags":[],"class_list":["post-83380","post","type-post","status-publish","format-standard","has-post-thumbnail","hentry","category-culture"],"aioseo_notices":[],"yoast_head":"<!-- This site is optimized with the Yoast SEO plugin v27.5 - https:\/\/yoast.com\/product\/yoast-seo-wordpress\/ -->\n<title>Th\u00e9\u00e2tre\u00a0: Abdelkader Alloula, cavalier des planches - La Sentinelle<\/title>\n<meta name=\"robots\" content=\"index, follow, max-snippet:-1, max-image-preview:large, max-video-preview:-1\" \/>\n<link rel=\"canonical\" href=\"https:\/\/lasentinelle.dz\/index.php\/2026\/03\/13\/theatre-abdelkader-alloula-cavalier-des-planches\/\" \/>\n<meta property=\"og:locale\" content=\"fr_FR\" \/>\n<meta property=\"og:type\" content=\"article\" \/>\n<meta property=\"og:title\" content=\"Th\u00e9\u00e2tre\u00a0: Abdelkader Alloula, cavalier des planches - La Sentinelle\" \/>\n<meta property=\"og:description\" content=\"Il y a des absences qui ne finissent pas de peser. Le 14 mars 1994, une balle mettait fin \u00e0\" \/>\n<meta property=\"og:url\" content=\"https:\/\/lasentinelle.dz\/index.php\/2026\/03\/13\/theatre-abdelkader-alloula-cavalier-des-planches\/\" \/>\n<meta property=\"og:site_name\" content=\"La Sentinelle\" \/>\n<meta property=\"article:publisher\" content=\"https:\/\/www.facebook.com\/La-Sentinelle-104059864394773\" \/>\n<meta property=\"article:published_time\" content=\"2026-03-13T18:58:38+00:00\" \/>\n<meta property=\"article:modified_time\" content=\"2026-03-13T18:58:39+00:00\" \/>\n<meta property=\"og:image\" content=\"https:\/\/lasentinelle.dz\/wp-content\/uploads\/2026\/03\/alloula.jpg\" \/>\n\t<meta property=\"og:image:width\" content=\"1534\" \/>\n\t<meta property=\"og:image:height\" content=\"1061\" \/>\n\t<meta property=\"og:image:type\" content=\"image\/jpeg\" \/>\n<meta name=\"author\" content=\"admin\" \/>\n<meta name=\"twitter:card\" content=\"summary_large_image\" \/>\n<meta name=\"twitter:label1\" content=\"\u00c9crit par\" \/>\n\t<meta name=\"twitter:data1\" content=\"admin\" \/>\n\t<meta name=\"twitter:label2\" content=\"Dur\u00e9e de lecture estim\u00e9e\" \/>\n\t<meta name=\"twitter:data2\" content=\"5 minutes\" \/>\n<script type=\"application\/ld+json\" class=\"yoast-schema-graph\">{\"@context\":\"https:\\\/\\\/schema.org\",\"@graph\":[{\"@type\":\"Article\",\"@id\":\"https:\\\/\\\/lasentinelle.dz\\\/index.php\\\/2026\\\/03\\\/13\\\/theatre-abdelkader-alloula-cavalier-des-planches\\\/#article\",\"isPartOf\":{\"@id\":\"https:\\\/\\\/lasentinelle.dz\\\/index.php\\\/2026\\\/03\\\/13\\\/theatre-abdelkader-alloula-cavalier-des-planches\\\/\"},\"author\":{\"name\":\"admin\",\"@id\":\"https:\\\/\\\/lasentinelle.dz\\\/#\\\/schema\\\/person\\\/729ee0024f24e0b8c5ec17232f8e8b41\"},\"headline\":\"Th\u00e9\u00e2tre\u00a0: Abdelkader Alloula, cavalier des planches\",\"datePublished\":\"2026-03-13T18:58:38+00:00\",\"dateModified\":\"2026-03-13T18:58:39+00:00\",\"mainEntityOfPage\":{\"@id\":\"https:\\\/\\\/lasentinelle.dz\\\/index.php\\\/2026\\\/03\\\/13\\\/theatre-abdelkader-alloula-cavalier-des-planches\\\/\"},\"wordCount\":936,\"commentCount\":0,\"publisher\":{\"@id\":\"https:\\\/\\\/lasentinelle.dz\\\/#organization\"},\"image\":{\"@id\":\"https:\\\/\\\/lasentinelle.dz\\\/index.php\\\/2026\\\/03\\\/13\\\/theatre-abdelkader-alloula-cavalier-des-planches\\\/#primaryimage\"},\"thumbnailUrl\":\"https:\\\/\\\/lasentinelle.dz\\\/wp-content\\\/uploads\\\/2026\\\/03\\\/alloula.jpg\",\"articleSection\":[\"Culture\"],\"inLanguage\":\"fr-FR\",\"potentialAction\":[{\"@type\":\"CommentAction\",\"name\":\"Comment\",\"target\":[\"https:\\\/\\\/lasentinelle.dz\\\/index.php\\\/2026\\\/03\\\/13\\\/theatre-abdelkader-alloula-cavalier-des-planches\\\/#respond\"]}]},{\"@type\":\"WebPage\",\"@id\":\"https:\\\/\\\/lasentinelle.dz\\\/index.php\\\/2026\\\/03\\\/13\\\/theatre-abdelkader-alloula-cavalier-des-planches\\\/\",\"url\":\"https:\\\/\\\/lasentinelle.dz\\\/index.php\\\/2026\\\/03\\\/13\\\/theatre-abdelkader-alloula-cavalier-des-planches\\\/\",\"name\":\"Th\u00e9\u00e2tre\u00a0: Abdelkader Alloula, cavalier des planches - La Sentinelle\",\"isPartOf\":{\"@id\":\"https:\\\/\\\/lasentinelle.dz\\\/#website\"},\"primaryImageOfPage\":{\"@id\":\"https:\\\/\\\/lasentinelle.dz\\\/index.php\\\/2026\\\/03\\\/13\\\/theatre-abdelkader-alloula-cavalier-des-planches\\\/#primaryimage\"},\"image\":{\"@id\":\"https:\\\/\\\/lasentinelle.dz\\\/index.php\\\/2026\\\/03\\\/13\\\/theatre-abdelkader-alloula-cavalier-des-planches\\\/#primaryimage\"},\"thumbnailUrl\":\"https:\\\/\\\/lasentinelle.dz\\\/wp-content\\\/uploads\\\/2026\\\/03\\\/alloula.jpg\",\"datePublished\":\"2026-03-13T18:58:38+00:00\",\"dateModified\":\"2026-03-13T18:58:39+00:00\",\"breadcrumb\":{\"@id\":\"https:\\\/\\\/lasentinelle.dz\\\/index.php\\\/2026\\\/03\\\/13\\\/theatre-abdelkader-alloula-cavalier-des-planches\\\/#breadcrumb\"},\"inLanguage\":\"fr-FR\",\"potentialAction\":[{\"@type\":\"ReadAction\",\"target\":[\"https:\\\/\\\/lasentinelle.dz\\\/index.php\\\/2026\\\/03\\\/13\\\/theatre-abdelkader-alloula-cavalier-des-planches\\\/\"]}]},{\"@type\":\"ImageObject\",\"inLanguage\":\"fr-FR\",\"@id\":\"https:\\\/\\\/lasentinelle.dz\\\/index.php\\\/2026\\\/03\\\/13\\\/theatre-abdelkader-alloula-cavalier-des-planches\\\/#primaryimage\",\"url\":\"https:\\\/\\\/lasentinelle.dz\\\/wp-content\\\/uploads\\\/2026\\\/03\\\/alloula.jpg\",\"contentUrl\":\"https:\\\/\\\/lasentinelle.dz\\\/wp-content\\\/uploads\\\/2026\\\/03\\\/alloula.jpg\",\"width\":1534,\"height\":1061},{\"@type\":\"BreadcrumbList\",\"@id\":\"https:\\\/\\\/lasentinelle.dz\\\/index.php\\\/2026\\\/03\\\/13\\\/theatre-abdelkader-alloula-cavalier-des-planches\\\/#breadcrumb\",\"itemListElement\":[{\"@type\":\"ListItem\",\"position\":1,\"name\":\"Accueil\",\"item\":\"https:\\\/\\\/lasentinelle.dz\\\/\"},{\"@type\":\"ListItem\",\"position\":2,\"name\":\"Th\u00e9\u00e2tre\u00a0: Abdelkader Alloula, cavalier des planches\"}]},{\"@type\":\"WebSite\",\"@id\":\"https:\\\/\\\/lasentinelle.dz\\\/#website\",\"url\":\"https:\\\/\\\/lasentinelle.dz\\\/\",\"name\":\"La Sentinelle\",\"description\":\"Quotidien national d&#039;information\",\"publisher\":{\"@id\":\"https:\\\/\\\/lasentinelle.dz\\\/#organization\"},\"potentialAction\":[{\"@type\":\"SearchAction\",\"target\":{\"@type\":\"EntryPoint\",\"urlTemplate\":\"https:\\\/\\\/lasentinelle.dz\\\/?s={search_term_string}\"},\"query-input\":{\"@type\":\"PropertyValueSpecification\",\"valueRequired\":true,\"valueName\":\"search_term_string\"}}],\"inLanguage\":\"fr-FR\"},{\"@type\":\"Organization\",\"@id\":\"https:\\\/\\\/lasentinelle.dz\\\/#organization\",\"name\":\"Quotidien La Sentinelle\",\"url\":\"https:\\\/\\\/lasentinelle.dz\\\/\",\"logo\":{\"@type\":\"ImageObject\",\"inLanguage\":\"fr-FR\",\"@id\":\"https:\\\/\\\/lasentinelle.dz\\\/#\\\/schema\\\/logo\\\/image\\\/\",\"url\":\"https:\\\/\\\/lasentinelle.dz\\\/wp-content\\\/uploads\\\/2021\\\/09\\\/logo-sentinelleSLOGAN-1.png\",\"contentUrl\":\"https:\\\/\\\/lasentinelle.dz\\\/wp-content\\\/uploads\\\/2021\\\/09\\\/logo-sentinelleSLOGAN-1.png\",\"width\":615,\"height\":142,\"caption\":\"Quotidien La Sentinelle\"},\"image\":{\"@id\":\"https:\\\/\\\/lasentinelle.dz\\\/#\\\/schema\\\/logo\\\/image\\\/\"},\"sameAs\":[\"https:\\\/\\\/www.facebook.com\\\/La-Sentinelle-104059864394773\"]},{\"@type\":\"Person\",\"@id\":\"https:\\\/\\\/lasentinelle.dz\\\/#\\\/schema\\\/person\\\/729ee0024f24e0b8c5ec17232f8e8b41\",\"name\":\"admin\",\"image\":{\"@type\":\"ImageObject\",\"inLanguage\":\"fr-FR\",\"@id\":\"https:\\\/\\\/secure.gravatar.com\\\/avatar\\\/4c81fed838786e9b53f540bf46533e750f5d292099ae3b66cfc6fb1982e29df7?s=96&d=mm&r=g\",\"url\":\"https:\\\/\\\/secure.gravatar.com\\\/avatar\\\/4c81fed838786e9b53f540bf46533e750f5d292099ae3b66cfc6fb1982e29df7?s=96&d=mm&r=g\",\"contentUrl\":\"https:\\\/\\\/secure.gravatar.com\\\/avatar\\\/4c81fed838786e9b53f540bf46533e750f5d292099ae3b66cfc6fb1982e29df7?s=96&d=mm&r=g\",\"caption\":\"admin\"},\"description\":\"admin\",\"url\":\"https:\\\/\\\/lasentinelle.dz\\\/author\\\/admin\\\/\"}]}<\/script>\n<!-- \/ Yoast SEO plugin. -->","yoast_head_json":{"title":"Th\u00e9\u00e2tre\u00a0: Abdelkader Alloula, cavalier des planches - La Sentinelle","robots":{"index":"index","follow":"follow","max-snippet":"max-snippet:-1","max-image-preview":"max-image-preview:large","max-video-preview":"max-video-preview:-1"},"canonical":"https:\/\/lasentinelle.dz\/index.php\/2026\/03\/13\/theatre-abdelkader-alloula-cavalier-des-planches\/","og_locale":"fr_FR","og_type":"article","og_title":"Th\u00e9\u00e2tre\u00a0: Abdelkader Alloula, cavalier des planches - La Sentinelle","og_description":"Il y a des absences qui ne finissent pas de peser. Le 14 mars 1994, une balle mettait fin \u00e0","og_url":"https:\/\/lasentinelle.dz\/index.php\/2026\/03\/13\/theatre-abdelkader-alloula-cavalier-des-planches\/","og_site_name":"La Sentinelle","article_publisher":"https:\/\/www.facebook.com\/La-Sentinelle-104059864394773","article_published_time":"2026-03-13T18:58:38+00:00","article_modified_time":"2026-03-13T18:58:39+00:00","og_image":[{"width":1534,"height":1061,"url":"https:\/\/lasentinelle.dz\/wp-content\/uploads\/2026\/03\/alloula.jpg","type":"image\/jpeg"}],"author":"admin","twitter_card":"summary_large_image","twitter_misc":{"\u00c9crit par":"admin","Dur\u00e9e de lecture estim\u00e9e":"5 minutes"},"schema":{"@context":"https:\/\/schema.org","@graph":[{"@type":"Article","@id":"https:\/\/lasentinelle.dz\/index.php\/2026\/03\/13\/theatre-abdelkader-alloula-cavalier-des-planches\/#article","isPartOf":{"@id":"https:\/\/lasentinelle.dz\/index.php\/2026\/03\/13\/theatre-abdelkader-alloula-cavalier-des-planches\/"},"author":{"name":"admin","@id":"https:\/\/lasentinelle.dz\/#\/schema\/person\/729ee0024f24e0b8c5ec17232f8e8b41"},"headline":"Th\u00e9\u00e2tre\u00a0: Abdelkader Alloula, cavalier des planches","datePublished":"2026-03-13T18:58:38+00:00","dateModified":"2026-03-13T18:58:39+00:00","mainEntityOfPage":{"@id":"https:\/\/lasentinelle.dz\/index.php\/2026\/03\/13\/theatre-abdelkader-alloula-cavalier-des-planches\/"},"wordCount":936,"commentCount":0,"publisher":{"@id":"https:\/\/lasentinelle.dz\/#organization"},"image":{"@id":"https:\/\/lasentinelle.dz\/index.php\/2026\/03\/13\/theatre-abdelkader-alloula-cavalier-des-planches\/#primaryimage"},"thumbnailUrl":"https:\/\/lasentinelle.dz\/wp-content\/uploads\/2026\/03\/alloula.jpg","articleSection":["Culture"],"inLanguage":"fr-FR","potentialAction":[{"@type":"CommentAction","name":"Comment","target":["https:\/\/lasentinelle.dz\/index.php\/2026\/03\/13\/theatre-abdelkader-alloula-cavalier-des-planches\/#respond"]}]},{"@type":"WebPage","@id":"https:\/\/lasentinelle.dz\/index.php\/2026\/03\/13\/theatre-abdelkader-alloula-cavalier-des-planches\/","url":"https:\/\/lasentinelle.dz\/index.php\/2026\/03\/13\/theatre-abdelkader-alloula-cavalier-des-planches\/","name":"Th\u00e9\u00e2tre\u00a0: Abdelkader Alloula, cavalier des planches - La Sentinelle","isPartOf":{"@id":"https:\/\/lasentinelle.dz\/#website"},"primaryImageOfPage":{"@id":"https:\/\/lasentinelle.dz\/index.php\/2026\/03\/13\/theatre-abdelkader-alloula-cavalier-des-planches\/#primaryimage"},"image":{"@id":"https:\/\/lasentinelle.dz\/index.php\/2026\/03\/13\/theatre-abdelkader-alloula-cavalier-des-planches\/#primaryimage"},"thumbnailUrl":"https:\/\/lasentinelle.dz\/wp-content\/uploads\/2026\/03\/alloula.jpg","datePublished":"2026-03-13T18:58:38+00:00","dateModified":"2026-03-13T18:58:39+00:00","breadcrumb":{"@id":"https:\/\/lasentinelle.dz\/index.php\/2026\/03\/13\/theatre-abdelkader-alloula-cavalier-des-planches\/#breadcrumb"},"inLanguage":"fr-FR","potentialAction":[{"@type":"ReadAction","target":["https:\/\/lasentinelle.dz\/index.php\/2026\/03\/13\/theatre-abdelkader-alloula-cavalier-des-planches\/"]}]},{"@type":"ImageObject","inLanguage":"fr-FR","@id":"https:\/\/lasentinelle.dz\/index.php\/2026\/03\/13\/theatre-abdelkader-alloula-cavalier-des-planches\/#primaryimage","url":"https:\/\/lasentinelle.dz\/wp-content\/uploads\/2026\/03\/alloula.jpg","contentUrl":"https:\/\/lasentinelle.dz\/wp-content\/uploads\/2026\/03\/alloula.jpg","width":1534,"height":1061},{"@type":"BreadcrumbList","@id":"https:\/\/lasentinelle.dz\/index.php\/2026\/03\/13\/theatre-abdelkader-alloula-cavalier-des-planches\/#breadcrumb","itemListElement":[{"@type":"ListItem","position":1,"name":"Accueil","item":"https:\/\/lasentinelle.dz\/"},{"@type":"ListItem","position":2,"name":"Th\u00e9\u00e2tre\u00a0: Abdelkader Alloula, cavalier des planches"}]},{"@type":"WebSite","@id":"https:\/\/lasentinelle.dz\/#website","url":"https:\/\/lasentinelle.dz\/","name":"La Sentinelle","description":"Quotidien national d&#039;information","publisher":{"@id":"https:\/\/lasentinelle.dz\/#organization"},"potentialAction":[{"@type":"SearchAction","target":{"@type":"EntryPoint","urlTemplate":"https:\/\/lasentinelle.dz\/?s={search_term_string}"},"query-input":{"@type":"PropertyValueSpecification","valueRequired":true,"valueName":"search_term_string"}}],"inLanguage":"fr-FR"},{"@type":"Organization","@id":"https:\/\/lasentinelle.dz\/#organization","name":"Quotidien La Sentinelle","url":"https:\/\/lasentinelle.dz\/","logo":{"@type":"ImageObject","inLanguage":"fr-FR","@id":"https:\/\/lasentinelle.dz\/#\/schema\/logo\/image\/","url":"https:\/\/lasentinelle.dz\/wp-content\/uploads\/2021\/09\/logo-sentinelleSLOGAN-1.png","contentUrl":"https:\/\/lasentinelle.dz\/wp-content\/uploads\/2021\/09\/logo-sentinelleSLOGAN-1.png","width":615,"height":142,"caption":"Quotidien La Sentinelle"},"image":{"@id":"https:\/\/lasentinelle.dz\/#\/schema\/logo\/image\/"},"sameAs":["https:\/\/www.facebook.com\/La-Sentinelle-104059864394773"]},{"@type":"Person","@id":"https:\/\/lasentinelle.dz\/#\/schema\/person\/729ee0024f24e0b8c5ec17232f8e8b41","name":"admin","image":{"@type":"ImageObject","inLanguage":"fr-FR","@id":"https:\/\/secure.gravatar.com\/avatar\/4c81fed838786e9b53f540bf46533e750f5d292099ae3b66cfc6fb1982e29df7?s=96&d=mm&r=g","url":"https:\/\/secure.gravatar.com\/avatar\/4c81fed838786e9b53f540bf46533e750f5d292099ae3b66cfc6fb1982e29df7?s=96&d=mm&r=g","contentUrl":"https:\/\/secure.gravatar.com\/avatar\/4c81fed838786e9b53f540bf46533e750f5d292099ae3b66cfc6fb1982e29df7?s=96&d=mm&r=g","caption":"admin"},"description":"admin","url":"https:\/\/lasentinelle.dz\/author\/admin\/"}]}},"_links":{"self":[{"href":"https:\/\/lasentinelle.dz\/index.php\/wp-json\/wp\/v2\/posts\/83380","targetHints":{"allow":["GET"]}}],"collection":[{"href":"https:\/\/lasentinelle.dz\/index.php\/wp-json\/wp\/v2\/posts"}],"about":[{"href":"https:\/\/lasentinelle.dz\/index.php\/wp-json\/wp\/v2\/types\/post"}],"author":[{"embeddable":true,"href":"https:\/\/lasentinelle.dz\/index.php\/wp-json\/wp\/v2\/users\/6"}],"replies":[{"embeddable":true,"href":"https:\/\/lasentinelle.dz\/index.php\/wp-json\/wp\/v2\/comments?post=83380"}],"version-history":[{"count":1,"href":"https:\/\/lasentinelle.dz\/index.php\/wp-json\/wp\/v2\/posts\/83380\/revisions"}],"predecessor-version":[{"id":83382,"href":"https:\/\/lasentinelle.dz\/index.php\/wp-json\/wp\/v2\/posts\/83380\/revisions\/83382"}],"wp:featuredmedia":[{"embeddable":true,"href":"https:\/\/lasentinelle.dz\/index.php\/wp-json\/wp\/v2\/media\/83381"}],"wp:attachment":[{"href":"https:\/\/lasentinelle.dz\/index.php\/wp-json\/wp\/v2\/media?parent=83380"}],"wp:term":[{"taxonomy":"category","embeddable":true,"href":"https:\/\/lasentinelle.dz\/index.php\/wp-json\/wp\/v2\/categories?post=83380"},{"taxonomy":"post_tag","embeddable":true,"href":"https:\/\/lasentinelle.dz\/index.php\/wp-json\/wp\/v2\/tags?post=83380"}],"curies":[{"name":"wp","href":"https:\/\/api.w.org\/{rel}","templated":true}]}}