{"id":83383,"date":"2026-03-13T19:59:17","date_gmt":"2026-03-13T18:59:17","guid":{"rendered":"https:\/\/lasentinelle.dz\/?p=83383"},"modified":"2026-03-13T19:59:18","modified_gmt":"2026-03-13T18:59:18","slug":"ouverture-du-prix-dalgerie-pour-la-recitation-du-saint-coran-lalgerie-est-devenue-une-destination-prisee-des-recitants","status":"publish","type":"post","link":"https:\/\/lasentinelle.dz\/index.php\/2026\/03\/13\/ouverture-du-prix-dalgerie-pour-la-recitation-du-saint-coran-lalgerie-est-devenue-une-destination-prisee-des-recitants\/","title":{"rendered":"Ouverture du Prix d&rsquo;Alg\u00e9rie pour la r\u00e9citation du Saint Coran\u00a0: \u00ab\u00a0L&rsquo;Alg\u00e9rie est devenue une destination pris\u00e9e des r\u00e9citants\u00a0\u00bb"},"content":{"rendered":"\n<p>L&rsquo;Alg\u00e9rie s&rsquo;affirme comme une r\u00e9f\u00e9rence mondiale dans l&rsquo;art de la r\u00e9citation coranique.<\/p>\n\n\n\n<p>Le ministre des Affaires religieuses et des Wakfs, Youcef Belmehdi, a pr\u00e9sid\u00e9 jeudi soir \u00e0 Alger &nbsp;la c\u00e9r\u00e9monie d&rsquo;ouverture du Prix d&rsquo;Alg\u00e9rie pour la r\u00e9citation du Saint Coran, organis\u00e9 sous le haut patronage du pr\u00e9sident de la R\u00e9publique Abdelmadjid Tebboune, consacrant un peu plus le rang que le pays s&rsquo;est taill\u00e9 sur la sc\u00e8ne coranique internationale. La manifestation, qui se poursuivra jusqu&rsquo;\u00e0 lundi prochain, regroupe deux comp\u00e9titions distinctes : la 6e \u00e9dition du concours national de r\u00e9citation, de psalmodie et d&rsquo;ex\u00e9g\u00e8se du Saint Coran, et la 22e \u00e9dition du concours d&rsquo;encouragement des jeunes r\u00e9citants. Quinze candidats de moins de 25 ans s&rsquo;affrontent dans la premi\u00e8re cat\u00e9gorie, tandis que quinze jeunes de moins de 15 ans participent au concours d&rsquo;encouragement, t\u00e9moignant d&rsquo;une volont\u00e9 de cultiver la rel\u00e8ve d\u00e8s le plus jeune \u00e2ge. La c\u00e9r\u00e9monie de cl\u00f4ture se tiendra lors de la nuit du destin, Laylat Al-Qadr, \u00e0 la Grande Mosqu\u00e9e d&rsquo;Alger, Djama\u00e2 El-Djaza\u00efr.<\/p>\n\n\n\n<p>Prenant la parole lors de la c\u00e9r\u00e9monie d&rsquo;ouverture, le ministre Belmehdi a dress\u00e9 un tableau \u00e9loquent du dynamisme coranique national. \u00ab L&rsquo;Alg\u00e9rie est devenue une destination pris\u00e9e par les r\u00e9citants du Saint Coran venus du monde entier \u00bb, a-t-il d\u00e9clar\u00e9, mettant en avant le fait que le pays dispose de conseils Iqraa regroupant \u00ab plus de 120 \u00e9minents enseignants sp\u00e9cialis\u00e9s dans la science des lectures coraniques \u00bb. Une expertise de haut niveau qui place l&rsquo;Alg\u00e9rie dans le cercle restreint des nations de r\u00e9f\u00e9rence en mati\u00e8re d&rsquo;enseignement coranique. Le ministre a \u00e9galement soulign\u00e9 que les universit\u00e9s alg\u00e9riennes \u00ab comptent des r\u00e9citants ma\u00eetrisant les dix lectures du Saint Coran \u00bb, soulignant ainsi l&rsquo;ancrage acad\u00e9mique d&rsquo;une discipline qui ne se limite plus aux seules institutions religieuses traditionnelles. Il a salu\u00e9 les efforts de l&rsquo;\u00c9tat, \u00e0 travers le secteur des Affaires religieuses et des Wakfs et ses institutions, ainsi que l&rsquo;accompagnement des \u00e9coles coraniques, des zaou\u00efas et d&rsquo;autres \u00e9tablissements \u00ab contribuant \u00e0 former des r\u00e9citants ma\u00eetrisant les r\u00e8gles de psalmodie et de r\u00e9citation \u00bb. Ces structures, h\u00e9riti\u00e8res d&rsquo;une longue tradition spirituelle et p\u00e9dagogique, forment le maillage dense sur lequel repose l&rsquo;excellence coranique alg\u00e9rienne.<\/p>\n\n\n\n<p>Cette excellence s&rsquo;est traduite sur la sc\u00e8ne internationale par des r\u00e9sultats probants. M. Belmehdi a rappel\u00e9 que l&rsquo;Alg\u00e9rie a d\u00e9croch\u00e9 les premi\u00e8res places dans plusieurs concours internationaux de m\u00e9morisation et de r\u00e9citation, des distinctions qui rejaillissent sur l&rsquo;ensemble de la communaut\u00e9 nationale et confortent le prestige du pays dans le monde musulman. Le ministre a \u00e9galement tenu \u00e0 saluer \u00ab l&rsquo;attention particuli\u00e8re accord\u00e9e par le pr\u00e9sident de la R\u00e9publique \u00e0 ce concours \u00bb, ainsi que \u00ab son soutien \u00e0 tout ce qui est \u00e0 m\u00eame de renforcer l&rsquo;attachement du peuple alg\u00e9rien \u00e0 son identit\u00e9 religieuse et nationale et au r\u00e9f\u00e9rent authentique \u00bb. Une dimension identitaire assum\u00e9e, dans laquelle la ma\u00eetrise du Coran appara\u00eet comme l&rsquo;un des piliers de la coh\u00e9sion nationale. En marge de la c\u00e9r\u00e9monie, M. Belmehdi a annonc\u00e9 que le d\u00e9cret relatif au Prix d&rsquo;Alg\u00e9rie pour la biographie du proph\u00e8te \u2014 la Sira Nabaouia \u2014 sera publi\u00e9 \u00ab prochainement \u00bb, ouvrant la voie \u00e0 une nouvelle comp\u00e9tition nationale destin\u00e9e \u00e0 approfondir la connaissance de l&rsquo;histoire proph\u00e9tique. Une annonce qui prolonge la dynamique engag\u00e9e et confirme que la valorisation du patrimoine religieux alg\u00e9rien reste une priorit\u00e9 durable pour les pouvoirs publics.<\/p>\n\n\n\n<p>Mohand S.<\/p>\n","protected":false},"excerpt":{"rendered":"<p>L&rsquo;Alg\u00e9rie s&rsquo;affirme comme une r\u00e9f\u00e9rence mondiale dans l&rsquo;art de la r\u00e9citation coranique. Le ministre des Affaires religieuses et des Wakfs,<\/p>\n","protected":false},"author":6,"featured_media":83377,"comment_status":"open","ping_status":"closed","sticky":false,"template":"","format":"standard","meta":{"colormag_page_container_layout":"default_layout","colormag_page_sidebar_layout":"default_layout","om_disable_all_campaigns":false,"_monsterinsights_skip_tracking":false,"_monsterinsights_sitenote_active":false,"_monsterinsights_sitenote_note":"","_monsterinsights_sitenote_category":0,"footnotes":"","_wpscppro_dont_share_socialmedia":false,"_wpscppro_custom_social_share_image":0,"_facebook_share_type":"default","_twitter_share_type":"default","_linkedin_share_type":"default","_pinterest_share_type":"default","_linkedin_share_type_page":"","_instagram_share_type":"default","_medium_share_type":"default","_threads_share_type":"default","_google_business_share_type":"default","_selected_social_profile":[],"_wpsp_enable_custom_social_template":false,"_wpsp_social_scheduling":{"enabled":false,"datetime":null,"platforms":[],"status":"template_only","dateOption":"today","timeOption":"now","customDays":"","customHours":"","customDate":"","customTime":"","schedulingType":"absolute"},"_wpsp_active_default_template":true},"categories":[36],"tags":[],"class_list":["post-83383","post","type-post","status-publish","format-standard","has-post-thumbnail","hentry","category-culture"],"aioseo_notices":[],"yoast_head":"<!-- This site is optimized with the Yoast SEO plugin v27.5 - https:\/\/yoast.com\/product\/yoast-seo-wordpress\/ -->\n<title>Ouverture du Prix d&rsquo;Alg\u00e9rie pour la r\u00e9citation du Saint Coran\u00a0: \u00ab\u00a0L&rsquo;Alg\u00e9rie est devenue une destination pris\u00e9e des r\u00e9citants\u00a0\u00bb - La Sentinelle<\/title>\n<meta name=\"robots\" content=\"index, follow, max-snippet:-1, max-image-preview:large, max-video-preview:-1\" \/>\n<link rel=\"canonical\" href=\"https:\/\/lasentinelle.dz\/index.php\/2026\/03\/13\/ouverture-du-prix-dalgerie-pour-la-recitation-du-saint-coran-lalgerie-est-devenue-une-destination-prisee-des-recitants\/\" \/>\n<meta property=\"og:locale\" content=\"fr_FR\" \/>\n<meta property=\"og:type\" content=\"article\" \/>\n<meta property=\"og:title\" content=\"Ouverture du Prix d&rsquo;Alg\u00e9rie pour la r\u00e9citation du Saint Coran\u00a0: \u00ab\u00a0L&rsquo;Alg\u00e9rie est devenue une destination pris\u00e9e des r\u00e9citants\u00a0\u00bb - La Sentinelle\" \/>\n<meta property=\"og:description\" content=\"L&rsquo;Alg\u00e9rie s&rsquo;affirme comme une r\u00e9f\u00e9rence mondiale dans l&rsquo;art de la r\u00e9citation coranique. Le ministre des Affaires religieuses et des Wakfs,\" \/>\n<meta property=\"og:url\" content=\"https:\/\/lasentinelle.dz\/index.php\/2026\/03\/13\/ouverture-du-prix-dalgerie-pour-la-recitation-du-saint-coran-lalgerie-est-devenue-une-destination-prisee-des-recitants\/\" \/>\n<meta property=\"og:site_name\" content=\"La Sentinelle\" \/>\n<meta property=\"article:publisher\" content=\"https:\/\/www.facebook.com\/La-Sentinelle-104059864394773\" \/>\n<meta property=\"article:published_time\" content=\"2026-03-13T18:59:17+00:00\" \/>\n<meta property=\"article:modified_time\" content=\"2026-03-13T18:59:18+00:00\" \/>\n<meta property=\"og:image\" content=\"https:\/\/lasentinelle.dz\/wp-content\/uploads\/2026\/03\/belmehdi.webp\" \/>\n\t<meta property=\"og:image:width\" content=\"1400\" \/>\n\t<meta property=\"og:image:height\" content=\"1050\" \/>\n\t<meta property=\"og:image:type\" content=\"image\/webp\" \/>\n<meta name=\"author\" content=\"admin\" \/>\n<meta name=\"twitter:card\" content=\"summary_large_image\" \/>\n<meta name=\"twitter:label1\" content=\"\u00c9crit par\" \/>\n\t<meta name=\"twitter:data1\" content=\"admin\" \/>\n\t<meta name=\"twitter:label2\" content=\"Dur\u00e9e de lecture estim\u00e9e\" \/>\n\t<meta name=\"twitter:data2\" content=\"3 minutes\" \/>\n<script type=\"application\/ld+json\" class=\"yoast-schema-graph\">{\"@context\":\"https:\\\/\\\/schema.org\",\"@graph\":[{\"@type\":\"Article\",\"@id\":\"https:\\\/\\\/lasentinelle.dz\\\/index.php\\\/2026\\\/03\\\/13\\\/ouverture-du-prix-dalgerie-pour-la-recitation-du-saint-coran-lalgerie-est-devenue-une-destination-prisee-des-recitants\\\/#article\",\"isPartOf\":{\"@id\":\"https:\\\/\\\/lasentinelle.dz\\\/index.php\\\/2026\\\/03\\\/13\\\/ouverture-du-prix-dalgerie-pour-la-recitation-du-saint-coran-lalgerie-est-devenue-une-destination-prisee-des-recitants\\\/\"},\"author\":{\"name\":\"admin\",\"@id\":\"https:\\\/\\\/lasentinelle.dz\\\/#\\\/schema\\\/person\\\/729ee0024f24e0b8c5ec17232f8e8b41\"},\"headline\":\"Ouverture du Prix d&rsquo;Alg\u00e9rie pour la r\u00e9citation du Saint Coran\u00a0: \u00ab\u00a0L&rsquo;Alg\u00e9rie est devenue une destination pris\u00e9e des r\u00e9citants\u00a0\u00bb\",\"datePublished\":\"2026-03-13T18:59:17+00:00\",\"dateModified\":\"2026-03-13T18:59:18+00:00\",\"mainEntityOfPage\":{\"@id\":\"https:\\\/\\\/lasentinelle.dz\\\/index.php\\\/2026\\\/03\\\/13\\\/ouverture-du-prix-dalgerie-pour-la-recitation-du-saint-coran-lalgerie-est-devenue-une-destination-prisee-des-recitants\\\/\"},\"wordCount\":657,\"commentCount\":0,\"publisher\":{\"@id\":\"https:\\\/\\\/lasentinelle.dz\\\/#organization\"},\"image\":{\"@id\":\"https:\\\/\\\/lasentinelle.dz\\\/index.php\\\/2026\\\/03\\\/13\\\/ouverture-du-prix-dalgerie-pour-la-recitation-du-saint-coran-lalgerie-est-devenue-une-destination-prisee-des-recitants\\\/#primaryimage\"},\"thumbnailUrl\":\"https:\\\/\\\/lasentinelle.dz\\\/wp-content\\\/uploads\\\/2026\\\/03\\\/belmehdi.webp\",\"articleSection\":[\"Culture\"],\"inLanguage\":\"fr-FR\",\"potentialAction\":[{\"@type\":\"CommentAction\",\"name\":\"Comment\",\"target\":[\"https:\\\/\\\/lasentinelle.dz\\\/index.php\\\/2026\\\/03\\\/13\\\/ouverture-du-prix-dalgerie-pour-la-recitation-du-saint-coran-lalgerie-est-devenue-une-destination-prisee-des-recitants\\\/#respond\"]}]},{\"@type\":\"WebPage\",\"@id\":\"https:\\\/\\\/lasentinelle.dz\\\/index.php\\\/2026\\\/03\\\/13\\\/ouverture-du-prix-dalgerie-pour-la-recitation-du-saint-coran-lalgerie-est-devenue-une-destination-prisee-des-recitants\\\/\",\"url\":\"https:\\\/\\\/lasentinelle.dz\\\/index.php\\\/2026\\\/03\\\/13\\\/ouverture-du-prix-dalgerie-pour-la-recitation-du-saint-coran-lalgerie-est-devenue-une-destination-prisee-des-recitants\\\/\",\"name\":\"Ouverture du Prix d&rsquo;Alg\u00e9rie pour la r\u00e9citation du Saint Coran\u00a0: \u00ab\u00a0L&rsquo;Alg\u00e9rie est devenue une destination pris\u00e9e des r\u00e9citants\u00a0\u00bb - La Sentinelle\",\"isPartOf\":{\"@id\":\"https:\\\/\\\/lasentinelle.dz\\\/#website\"},\"primaryImageOfPage\":{\"@id\":\"https:\\\/\\\/lasentinelle.dz\\\/index.php\\\/2026\\\/03\\\/13\\\/ouverture-du-prix-dalgerie-pour-la-recitation-du-saint-coran-lalgerie-est-devenue-une-destination-prisee-des-recitants\\\/#primaryimage\"},\"image\":{\"@id\":\"https:\\\/\\\/lasentinelle.dz\\\/index.php\\\/2026\\\/03\\\/13\\\/ouverture-du-prix-dalgerie-pour-la-recitation-du-saint-coran-lalgerie-est-devenue-une-destination-prisee-des-recitants\\\/#primaryimage\"},\"thumbnailUrl\":\"https:\\\/\\\/lasentinelle.dz\\\/wp-content\\\/uploads\\\/2026\\\/03\\\/belmehdi.webp\",\"datePublished\":\"2026-03-13T18:59:17+00:00\",\"dateModified\":\"2026-03-13T18:59:18+00:00\",\"breadcrumb\":{\"@id\":\"https:\\\/\\\/lasentinelle.dz\\\/index.php\\\/2026\\\/03\\\/13\\\/ouverture-du-prix-dalgerie-pour-la-recitation-du-saint-coran-lalgerie-est-devenue-une-destination-prisee-des-recitants\\\/#breadcrumb\"},\"inLanguage\":\"fr-FR\",\"potentialAction\":[{\"@type\":\"ReadAction\",\"target\":[\"https:\\\/\\\/lasentinelle.dz\\\/index.php\\\/2026\\\/03\\\/13\\\/ouverture-du-prix-dalgerie-pour-la-recitation-du-saint-coran-lalgerie-est-devenue-une-destination-prisee-des-recitants\\\/\"]}]},{\"@type\":\"ImageObject\",\"inLanguage\":\"fr-FR\",\"@id\":\"https:\\\/\\\/lasentinelle.dz\\\/index.php\\\/2026\\\/03\\\/13\\\/ouverture-du-prix-dalgerie-pour-la-recitation-du-saint-coran-lalgerie-est-devenue-une-destination-prisee-des-recitants\\\/#primaryimage\",\"url\":\"https:\\\/\\\/lasentinelle.dz\\\/wp-content\\\/uploads\\\/2026\\\/03\\\/belmehdi.webp\",\"contentUrl\":\"https:\\\/\\\/lasentinelle.dz\\\/wp-content\\\/uploads\\\/2026\\\/03\\\/belmehdi.webp\",\"width\":1400,\"height\":1050},{\"@type\":\"BreadcrumbList\",\"@id\":\"https:\\\/\\\/lasentinelle.dz\\\/index.php\\\/2026\\\/03\\\/13\\\/ouverture-du-prix-dalgerie-pour-la-recitation-du-saint-coran-lalgerie-est-devenue-une-destination-prisee-des-recitants\\\/#breadcrumb\",\"itemListElement\":[{\"@type\":\"ListItem\",\"position\":1,\"name\":\"Accueil\",\"item\":\"https:\\\/\\\/lasentinelle.dz\\\/\"},{\"@type\":\"ListItem\",\"position\":2,\"name\":\"Ouverture du Prix d&rsquo;Alg\u00e9rie pour la r\u00e9citation du Saint Coran\u00a0: \u00ab\u00a0L&rsquo;Alg\u00e9rie est devenue une destination pris\u00e9e des r\u00e9citants\u00a0\u00bb\"}]},{\"@type\":\"WebSite\",\"@id\":\"https:\\\/\\\/lasentinelle.dz\\\/#website\",\"url\":\"https:\\\/\\\/lasentinelle.dz\\\/\",\"name\":\"La Sentinelle\",\"description\":\"Quotidien national d&#039;information\",\"publisher\":{\"@id\":\"https:\\\/\\\/lasentinelle.dz\\\/#organization\"},\"potentialAction\":[{\"@type\":\"SearchAction\",\"target\":{\"@type\":\"EntryPoint\",\"urlTemplate\":\"https:\\\/\\\/lasentinelle.dz\\\/?s={search_term_string}\"},\"query-input\":{\"@type\":\"PropertyValueSpecification\",\"valueRequired\":true,\"valueName\":\"search_term_string\"}}],\"inLanguage\":\"fr-FR\"},{\"@type\":\"Organization\",\"@id\":\"https:\\\/\\\/lasentinelle.dz\\\/#organization\",\"name\":\"Quotidien La Sentinelle\",\"url\":\"https:\\\/\\\/lasentinelle.dz\\\/\",\"logo\":{\"@type\":\"ImageObject\",\"inLanguage\":\"fr-FR\",\"@id\":\"https:\\\/\\\/lasentinelle.dz\\\/#\\\/schema\\\/logo\\\/image\\\/\",\"url\":\"https:\\\/\\\/lasentinelle.dz\\\/wp-content\\\/uploads\\\/2021\\\/09\\\/logo-sentinelleSLOGAN-1.png\",\"contentUrl\":\"https:\\\/\\\/lasentinelle.dz\\\/wp-content\\\/uploads\\\/2021\\\/09\\\/logo-sentinelleSLOGAN-1.png\",\"width\":615,\"height\":142,\"caption\":\"Quotidien La Sentinelle\"},\"image\":{\"@id\":\"https:\\\/\\\/lasentinelle.dz\\\/#\\\/schema\\\/logo\\\/image\\\/\"},\"sameAs\":[\"https:\\\/\\\/www.facebook.com\\\/La-Sentinelle-104059864394773\"]},{\"@type\":\"Person\",\"@id\":\"https:\\\/\\\/lasentinelle.dz\\\/#\\\/schema\\\/person\\\/729ee0024f24e0b8c5ec17232f8e8b41\",\"name\":\"admin\",\"image\":{\"@type\":\"ImageObject\",\"inLanguage\":\"fr-FR\",\"@id\":\"https:\\\/\\\/secure.gravatar.com\\\/avatar\\\/4c81fed838786e9b53f540bf46533e750f5d292099ae3b66cfc6fb1982e29df7?s=96&d=mm&r=g\",\"url\":\"https:\\\/\\\/secure.gravatar.com\\\/avatar\\\/4c81fed838786e9b53f540bf46533e750f5d292099ae3b66cfc6fb1982e29df7?s=96&d=mm&r=g\",\"contentUrl\":\"https:\\\/\\\/secure.gravatar.com\\\/avatar\\\/4c81fed838786e9b53f540bf46533e750f5d292099ae3b66cfc6fb1982e29df7?s=96&d=mm&r=g\",\"caption\":\"admin\"},\"description\":\"admin\",\"url\":\"https:\\\/\\\/lasentinelle.dz\\\/author\\\/admin\\\/\"}]}<\/script>\n<!-- \/ Yoast SEO plugin. -->","yoast_head_json":{"title":"Ouverture du Prix d&rsquo;Alg\u00e9rie pour la r\u00e9citation du Saint Coran\u00a0: \u00ab\u00a0L&rsquo;Alg\u00e9rie est devenue une destination pris\u00e9e des r\u00e9citants\u00a0\u00bb - La Sentinelle","robots":{"index":"index","follow":"follow","max-snippet":"max-snippet:-1","max-image-preview":"max-image-preview:large","max-video-preview":"max-video-preview:-1"},"canonical":"https:\/\/lasentinelle.dz\/index.php\/2026\/03\/13\/ouverture-du-prix-dalgerie-pour-la-recitation-du-saint-coran-lalgerie-est-devenue-une-destination-prisee-des-recitants\/","og_locale":"fr_FR","og_type":"article","og_title":"Ouverture du Prix d&rsquo;Alg\u00e9rie pour la r\u00e9citation du Saint Coran\u00a0: \u00ab\u00a0L&rsquo;Alg\u00e9rie est devenue une destination pris\u00e9e des r\u00e9citants\u00a0\u00bb - La Sentinelle","og_description":"L&rsquo;Alg\u00e9rie s&rsquo;affirme comme une r\u00e9f\u00e9rence mondiale dans l&rsquo;art de la r\u00e9citation coranique. Le ministre des Affaires religieuses et des Wakfs,","og_url":"https:\/\/lasentinelle.dz\/index.php\/2026\/03\/13\/ouverture-du-prix-dalgerie-pour-la-recitation-du-saint-coran-lalgerie-est-devenue-une-destination-prisee-des-recitants\/","og_site_name":"La Sentinelle","article_publisher":"https:\/\/www.facebook.com\/La-Sentinelle-104059864394773","article_published_time":"2026-03-13T18:59:17+00:00","article_modified_time":"2026-03-13T18:59:18+00:00","og_image":[{"width":1400,"height":1050,"url":"https:\/\/lasentinelle.dz\/wp-content\/uploads\/2026\/03\/belmehdi.webp","type":"image\/webp"}],"author":"admin","twitter_card":"summary_large_image","twitter_misc":{"\u00c9crit par":"admin","Dur\u00e9e de lecture estim\u00e9e":"3 minutes"},"schema":{"@context":"https:\/\/schema.org","@graph":[{"@type":"Article","@id":"https:\/\/lasentinelle.dz\/index.php\/2026\/03\/13\/ouverture-du-prix-dalgerie-pour-la-recitation-du-saint-coran-lalgerie-est-devenue-une-destination-prisee-des-recitants\/#article","isPartOf":{"@id":"https:\/\/lasentinelle.dz\/index.php\/2026\/03\/13\/ouverture-du-prix-dalgerie-pour-la-recitation-du-saint-coran-lalgerie-est-devenue-une-destination-prisee-des-recitants\/"},"author":{"name":"admin","@id":"https:\/\/lasentinelle.dz\/#\/schema\/person\/729ee0024f24e0b8c5ec17232f8e8b41"},"headline":"Ouverture du Prix d&rsquo;Alg\u00e9rie pour la r\u00e9citation du Saint Coran\u00a0: \u00ab\u00a0L&rsquo;Alg\u00e9rie est devenue une destination pris\u00e9e des r\u00e9citants\u00a0\u00bb","datePublished":"2026-03-13T18:59:17+00:00","dateModified":"2026-03-13T18:59:18+00:00","mainEntityOfPage":{"@id":"https:\/\/lasentinelle.dz\/index.php\/2026\/03\/13\/ouverture-du-prix-dalgerie-pour-la-recitation-du-saint-coran-lalgerie-est-devenue-une-destination-prisee-des-recitants\/"},"wordCount":657,"commentCount":0,"publisher":{"@id":"https:\/\/lasentinelle.dz\/#organization"},"image":{"@id":"https:\/\/lasentinelle.dz\/index.php\/2026\/03\/13\/ouverture-du-prix-dalgerie-pour-la-recitation-du-saint-coran-lalgerie-est-devenue-une-destination-prisee-des-recitants\/#primaryimage"},"thumbnailUrl":"https:\/\/lasentinelle.dz\/wp-content\/uploads\/2026\/03\/belmehdi.webp","articleSection":["Culture"],"inLanguage":"fr-FR","potentialAction":[{"@type":"CommentAction","name":"Comment","target":["https:\/\/lasentinelle.dz\/index.php\/2026\/03\/13\/ouverture-du-prix-dalgerie-pour-la-recitation-du-saint-coran-lalgerie-est-devenue-une-destination-prisee-des-recitants\/#respond"]}]},{"@type":"WebPage","@id":"https:\/\/lasentinelle.dz\/index.php\/2026\/03\/13\/ouverture-du-prix-dalgerie-pour-la-recitation-du-saint-coran-lalgerie-est-devenue-une-destination-prisee-des-recitants\/","url":"https:\/\/lasentinelle.dz\/index.php\/2026\/03\/13\/ouverture-du-prix-dalgerie-pour-la-recitation-du-saint-coran-lalgerie-est-devenue-une-destination-prisee-des-recitants\/","name":"Ouverture du Prix d&rsquo;Alg\u00e9rie pour la r\u00e9citation du Saint Coran\u00a0: \u00ab\u00a0L&rsquo;Alg\u00e9rie est devenue une destination pris\u00e9e des r\u00e9citants\u00a0\u00bb - La Sentinelle","isPartOf":{"@id":"https:\/\/lasentinelle.dz\/#website"},"primaryImageOfPage":{"@id":"https:\/\/lasentinelle.dz\/index.php\/2026\/03\/13\/ouverture-du-prix-dalgerie-pour-la-recitation-du-saint-coran-lalgerie-est-devenue-une-destination-prisee-des-recitants\/#primaryimage"},"image":{"@id":"https:\/\/lasentinelle.dz\/index.php\/2026\/03\/13\/ouverture-du-prix-dalgerie-pour-la-recitation-du-saint-coran-lalgerie-est-devenue-une-destination-prisee-des-recitants\/#primaryimage"},"thumbnailUrl":"https:\/\/lasentinelle.dz\/wp-content\/uploads\/2026\/03\/belmehdi.webp","datePublished":"2026-03-13T18:59:17+00:00","dateModified":"2026-03-13T18:59:18+00:00","breadcrumb":{"@id":"https:\/\/lasentinelle.dz\/index.php\/2026\/03\/13\/ouverture-du-prix-dalgerie-pour-la-recitation-du-saint-coran-lalgerie-est-devenue-une-destination-prisee-des-recitants\/#breadcrumb"},"inLanguage":"fr-FR","potentialAction":[{"@type":"ReadAction","target":["https:\/\/lasentinelle.dz\/index.php\/2026\/03\/13\/ouverture-du-prix-dalgerie-pour-la-recitation-du-saint-coran-lalgerie-est-devenue-une-destination-prisee-des-recitants\/"]}]},{"@type":"ImageObject","inLanguage":"fr-FR","@id":"https:\/\/lasentinelle.dz\/index.php\/2026\/03\/13\/ouverture-du-prix-dalgerie-pour-la-recitation-du-saint-coran-lalgerie-est-devenue-une-destination-prisee-des-recitants\/#primaryimage","url":"https:\/\/lasentinelle.dz\/wp-content\/uploads\/2026\/03\/belmehdi.webp","contentUrl":"https:\/\/lasentinelle.dz\/wp-content\/uploads\/2026\/03\/belmehdi.webp","width":1400,"height":1050},{"@type":"BreadcrumbList","@id":"https:\/\/lasentinelle.dz\/index.php\/2026\/03\/13\/ouverture-du-prix-dalgerie-pour-la-recitation-du-saint-coran-lalgerie-est-devenue-une-destination-prisee-des-recitants\/#breadcrumb","itemListElement":[{"@type":"ListItem","position":1,"name":"Accueil","item":"https:\/\/lasentinelle.dz\/"},{"@type":"ListItem","position":2,"name":"Ouverture du Prix d&rsquo;Alg\u00e9rie pour la r\u00e9citation du Saint Coran\u00a0: \u00ab\u00a0L&rsquo;Alg\u00e9rie est devenue une destination pris\u00e9e des r\u00e9citants\u00a0\u00bb"}]},{"@type":"WebSite","@id":"https:\/\/lasentinelle.dz\/#website","url":"https:\/\/lasentinelle.dz\/","name":"La Sentinelle","description":"Quotidien national d&#039;information","publisher":{"@id":"https:\/\/lasentinelle.dz\/#organization"},"potentialAction":[{"@type":"SearchAction","target":{"@type":"EntryPoint","urlTemplate":"https:\/\/lasentinelle.dz\/?s={search_term_string}"},"query-input":{"@type":"PropertyValueSpecification","valueRequired":true,"valueName":"search_term_string"}}],"inLanguage":"fr-FR"},{"@type":"Organization","@id":"https:\/\/lasentinelle.dz\/#organization","name":"Quotidien La Sentinelle","url":"https:\/\/lasentinelle.dz\/","logo":{"@type":"ImageObject","inLanguage":"fr-FR","@id":"https:\/\/lasentinelle.dz\/#\/schema\/logo\/image\/","url":"https:\/\/lasentinelle.dz\/wp-content\/uploads\/2021\/09\/logo-sentinelleSLOGAN-1.png","contentUrl":"https:\/\/lasentinelle.dz\/wp-content\/uploads\/2021\/09\/logo-sentinelleSLOGAN-1.png","width":615,"height":142,"caption":"Quotidien La Sentinelle"},"image":{"@id":"https:\/\/lasentinelle.dz\/#\/schema\/logo\/image\/"},"sameAs":["https:\/\/www.facebook.com\/La-Sentinelle-104059864394773"]},{"@type":"Person","@id":"https:\/\/lasentinelle.dz\/#\/schema\/person\/729ee0024f24e0b8c5ec17232f8e8b41","name":"admin","image":{"@type":"ImageObject","inLanguage":"fr-FR","@id":"https:\/\/secure.gravatar.com\/avatar\/4c81fed838786e9b53f540bf46533e750f5d292099ae3b66cfc6fb1982e29df7?s=96&d=mm&r=g","url":"https:\/\/secure.gravatar.com\/avatar\/4c81fed838786e9b53f540bf46533e750f5d292099ae3b66cfc6fb1982e29df7?s=96&d=mm&r=g","contentUrl":"https:\/\/secure.gravatar.com\/avatar\/4c81fed838786e9b53f540bf46533e750f5d292099ae3b66cfc6fb1982e29df7?s=96&d=mm&r=g","caption":"admin"},"description":"admin","url":"https:\/\/lasentinelle.dz\/author\/admin\/"}]}},"_links":{"self":[{"href":"https:\/\/lasentinelle.dz\/index.php\/wp-json\/wp\/v2\/posts\/83383","targetHints":{"allow":["GET"]}}],"collection":[{"href":"https:\/\/lasentinelle.dz\/index.php\/wp-json\/wp\/v2\/posts"}],"about":[{"href":"https:\/\/lasentinelle.dz\/index.php\/wp-json\/wp\/v2\/types\/post"}],"author":[{"embeddable":true,"href":"https:\/\/lasentinelle.dz\/index.php\/wp-json\/wp\/v2\/users\/6"}],"replies":[{"embeddable":true,"href":"https:\/\/lasentinelle.dz\/index.php\/wp-json\/wp\/v2\/comments?post=83383"}],"version-history":[{"count":2,"href":"https:\/\/lasentinelle.dz\/index.php\/wp-json\/wp\/v2\/posts\/83383\/revisions"}],"predecessor-version":[{"id":83385,"href":"https:\/\/lasentinelle.dz\/index.php\/wp-json\/wp\/v2\/posts\/83383\/revisions\/83385"}],"wp:featuredmedia":[{"embeddable":true,"href":"https:\/\/lasentinelle.dz\/index.php\/wp-json\/wp\/v2\/media\/83377"}],"wp:attachment":[{"href":"https:\/\/lasentinelle.dz\/index.php\/wp-json\/wp\/v2\/media?parent=83383"}],"wp:term":[{"taxonomy":"category","embeddable":true,"href":"https:\/\/lasentinelle.dz\/index.php\/wp-json\/wp\/v2\/categories?post=83383"},{"taxonomy":"post_tag","embeddable":true,"href":"https:\/\/lasentinelle.dz\/index.php\/wp-json\/wp\/v2\/tags?post=83383"}],"curies":[{"name":"wp","href":"https:\/\/api.w.org\/{rel}","templated":true}]}}