{"id":83388,"date":"2026-03-13T20:00:52","date_gmt":"2026-03-13T19:00:52","guid":{"rendered":"https:\/\/lasentinelle.dz\/?p=83388"},"modified":"2026-03-13T20:00:53","modified_gmt":"2026-03-13T19:00:53","slug":"industrie-cinematographique-une-strategie-nationale-2026-2030-approuvee","status":"publish","type":"post","link":"https:\/\/lasentinelle.dz\/index.php\/2026\/03\/13\/industrie-cinematographique-une-strategie-nationale-2026-2030-approuvee\/","title":{"rendered":"Industrie cin\u00e9matographique\u00a0: Une strat\u00e9gie nationale 2026-2030 approuv\u00e9e"},"content":{"rendered":"\n<p>Le Premier ministre Sifi Ghrieb a pr\u00e9sid\u00e9 mercredi \u00e0 Alger une r\u00e9union du Conseil interminist\u00e9riel consacr\u00e9e \u00e0 l&rsquo;examen de la strat\u00e9gie nationale du cin\u00e9ma 2026-2030, signal fort d&rsquo;une volont\u00e9 politique de faire de la production cin\u00e9matographique un v\u00e9ritable levier de d\u00e9veloppement culturel, \u00e9conomique et diplomatique pour l&rsquo;Alg\u00e9rie.<\/p>\n\n\n\n<p>Selon le communiqu\u00e9 des services du Premier ministre publi\u00e9 jeudi, cette strat\u00e9gie constitue \u00ab un document de r\u00e9f\u00e9rence s&rsquo;appuyant sur les engagements du pr\u00e9sident de la R\u00e9publique et traduisant concr\u00e8tement ses orientations \u00bb. Le texte pr\u00e9cise qu&rsquo;elle \u00ab repose \u00e9galement sur la vision intellectuelle et pragmatique port\u00e9e par le pr\u00e9sident de la R\u00e9publique dans son discours lors des Assises nationales du cin\u00e9ma, tenues les 19 et 20 janvier 2025, ainsi que sur les conclusions de ces derni\u00e8res \u00bb. Un ancrage qui conf\u00e8re \u00e0 ce chantier une dimension politique de premier plan, bien au-del\u00e0 d&rsquo;une simple feuille de route sectorielle.<\/p>\n\n\n\n<p>La d\u00e9marche s&rsquo;inscrit dans un contexte de prise de conscience nationale quant au retard accumul\u00e9 par le secteur cin\u00e9matographique alg\u00e9rien, longtemps sous-exploit\u00e9 malgr\u00e9 un patrimoine historique et m\u00e9moriel exceptionnel. L&rsquo;Alg\u00e9rie, dont le cin\u00e9ma avait connu ses heures de gloire dans les ann\u00e9es 60 et 70 n&rsquo;a pas su, au fil des d\u00e9cennies, convertir cet h\u00e9ritage en industrie p\u00e9renne. Les Assises nationales de janvier 2025 avaient pr\u00e9cis\u00e9ment \u00e9t\u00e9 l&rsquo;occasion de dresser ce constat sans concession, mobilisant professionnels, institutions et d\u00e9cideurs autour d&rsquo;un diagnostic partag\u00e9 et d&rsquo;une vision prospective commune.<\/p>\n\n\n\n<p>La strat\u00e9gie 2026-2030 entend rompre avec cette trajectoire. Selon le communiqu\u00e9, elle est \u00ab fond\u00e9e sur une approche globale consid\u00e9rant le cin\u00e9ma comme un projet national o\u00f9 se croisent les dimensions culturelle, \u00e9conomique, d&rsquo;investissement, financi\u00e8re, communicationnelle et diplomatique \u00bb. L&rsquo;ambition affich\u00e9e est de \u00ab jeter les bases d&rsquo;une industrie cin\u00e9matographique moderne et comp\u00e9titive, r\u00e9pondant aux attentes du public alg\u00e9rien et insufflant une nouvelle dynamique \u00e0 la production cin\u00e9matographique \u00bb. La formulation est \u00e9loquente : il ne s&rsquo;agit plus seulement de soutenir des films, mais de construire une fili\u00e8re industrielle \u00e0 part enti\u00e8re, avec ses m\u00e9canismes de financement, ses infrastructures, ses formations, ses r\u00e9seaux de distribution et ses relais \u00e0 l&rsquo;international.<\/p>\n\n\n\n<p>La dimension diplomatique m\u00e9rite d&rsquo;\u00eatre soulign\u00e9e. Dans un monde o\u00f9 le soft power s&rsquo;impose comme instrument incontournable d&rsquo;influence, le cin\u00e9ma constitue l&rsquo;un des vecteurs les plus puissants de rayonnement culturel. L&rsquo;Alg\u00e9rie, forte de ses paysages vari\u00e9s, de la richesse de son histoire et de sa position g\u00e9ographique entre M\u00e9diterran\u00e9e et Sahara, dispose d&rsquo;atouts consid\u00e9rables pour s&rsquo;imposer comme destination de tournage et comme producteur de contenus \u00e0 vocation r\u00e9gionale et internationale.<\/p>\n\n\n\n<p>La tenue d&rsquo;une r\u00e9union interminist\u00e9rielle d\u00e9di\u00e9e t\u00e9moigne par ailleurs d&rsquo;une volont\u00e9 de d\u00e9cloisonner la politique cin\u00e9matographique, trop longtemps cantonn\u00e9e au seul minist\u00e8re de la Culture. En associant d&rsquo;autres d\u00e9partements \u2014 Finances, Investissement, Communication, Affaires \u00e9trang\u00e8res \u2014 \u00e0 l&rsquo;\u00e9laboration de cette strat\u00e9gie, le gouvernement envoie un signal clair : le cin\u00e9ma est d\u00e9sormais affaire d&rsquo;\u00c9tat au sens plein du terme.<\/p>\n\n\n\n<p>Chokri Hafed<\/p>\n","protected":false},"excerpt":{"rendered":"<p>Le Premier ministre Sifi Ghrieb a pr\u00e9sid\u00e9 mercredi \u00e0 Alger une r\u00e9union du Conseil interminist\u00e9riel consacr\u00e9e \u00e0 l&rsquo;examen de la<\/p>\n","protected":false},"author":6,"featured_media":83389,"comment_status":"open","ping_status":"closed","sticky":false,"template":"","format":"standard","meta":{"colormag_page_container_layout":"default_layout","colormag_page_sidebar_layout":"default_layout","om_disable_all_campaigns":false,"_monsterinsights_skip_tracking":false,"_monsterinsights_sitenote_active":false,"_monsterinsights_sitenote_note":"","_monsterinsights_sitenote_category":0,"footnotes":"","_wpscppro_dont_share_socialmedia":false,"_wpscppro_custom_social_share_image":0,"_facebook_share_type":"default","_twitter_share_type":"default","_linkedin_share_type":"default","_pinterest_share_type":"default","_linkedin_share_type_page":"","_instagram_share_type":"default","_medium_share_type":"default","_threads_share_type":"default","_google_business_share_type":"default","_selected_social_profile":[],"_wpsp_enable_custom_social_template":false,"_wpsp_social_scheduling":{"enabled":false,"datetime":null,"platforms":[],"status":"template_only","dateOption":"today","timeOption":"now","customDays":"","customHours":"","customDate":"","customTime":"","schedulingType":"absolute"},"_wpsp_active_default_template":true},"categories":[36],"tags":[],"class_list":["post-83388","post","type-post","status-publish","format-standard","has-post-thumbnail","hentry","category-culture"],"aioseo_notices":[],"yoast_head":"<!-- This site is optimized with the Yoast SEO plugin v27.5 - https:\/\/yoast.com\/product\/yoast-seo-wordpress\/ -->\n<title>Industrie cin\u00e9matographique\u00a0: Une strat\u00e9gie nationale 2026-2030 approuv\u00e9e - La Sentinelle<\/title>\n<meta name=\"robots\" content=\"index, follow, max-snippet:-1, max-image-preview:large, max-video-preview:-1\" \/>\n<link rel=\"canonical\" href=\"https:\/\/lasentinelle.dz\/index.php\/2026\/03\/13\/industrie-cinematographique-une-strategie-nationale-2026-2030-approuvee\/\" \/>\n<meta property=\"og:locale\" content=\"fr_FR\" \/>\n<meta property=\"og:type\" content=\"article\" \/>\n<meta property=\"og:title\" content=\"Industrie cin\u00e9matographique\u00a0: Une strat\u00e9gie nationale 2026-2030 approuv\u00e9e - La Sentinelle\" \/>\n<meta property=\"og:description\" content=\"Le Premier ministre Sifi Ghrieb a pr\u00e9sid\u00e9 mercredi \u00e0 Alger une r\u00e9union du Conseil interminist\u00e9riel consacr\u00e9e \u00e0 l&rsquo;examen de la\" \/>\n<meta property=\"og:url\" content=\"https:\/\/lasentinelle.dz\/index.php\/2026\/03\/13\/industrie-cinematographique-une-strategie-nationale-2026-2030-approuvee\/\" \/>\n<meta property=\"og:site_name\" content=\"La Sentinelle\" \/>\n<meta property=\"article:publisher\" content=\"https:\/\/www.facebook.com\/La-Sentinelle-104059864394773\" \/>\n<meta property=\"article:published_time\" content=\"2026-03-13T19:00:52+00:00\" \/>\n<meta property=\"article:modified_time\" content=\"2026-03-13T19:00:53+00:00\" \/>\n<meta property=\"og:image\" content=\"https:\/\/lasentinelle.dz\/wp-content\/uploads\/2026\/03\/conseil-interministeriel.jpg\" \/>\n\t<meta property=\"og:image:width\" content=\"1440\" \/>\n\t<meta property=\"og:image:height\" content=\"960\" \/>\n\t<meta property=\"og:image:type\" content=\"image\/jpeg\" \/>\n<meta name=\"author\" content=\"admin\" \/>\n<meta name=\"twitter:card\" content=\"summary_large_image\" \/>\n<meta name=\"twitter:label1\" content=\"\u00c9crit par\" \/>\n\t<meta name=\"twitter:data1\" content=\"admin\" \/>\n\t<meta name=\"twitter:label2\" content=\"Dur\u00e9e de lecture estim\u00e9e\" \/>\n\t<meta name=\"twitter:data2\" content=\"3 minutes\" \/>\n<script type=\"application\/ld+json\" class=\"yoast-schema-graph\">{\"@context\":\"https:\\\/\\\/schema.org\",\"@graph\":[{\"@type\":\"Article\",\"@id\":\"https:\\\/\\\/lasentinelle.dz\\\/index.php\\\/2026\\\/03\\\/13\\\/industrie-cinematographique-une-strategie-nationale-2026-2030-approuvee\\\/#article\",\"isPartOf\":{\"@id\":\"https:\\\/\\\/lasentinelle.dz\\\/index.php\\\/2026\\\/03\\\/13\\\/industrie-cinematographique-une-strategie-nationale-2026-2030-approuvee\\\/\"},\"author\":{\"name\":\"admin\",\"@id\":\"https:\\\/\\\/lasentinelle.dz\\\/#\\\/schema\\\/person\\\/729ee0024f24e0b8c5ec17232f8e8b41\"},\"headline\":\"Industrie cin\u00e9matographique\u00a0: Une strat\u00e9gie nationale 2026-2030 approuv\u00e9e\",\"datePublished\":\"2026-03-13T19:00:52+00:00\",\"dateModified\":\"2026-03-13T19:00:53+00:00\",\"mainEntityOfPage\":{\"@id\":\"https:\\\/\\\/lasentinelle.dz\\\/index.php\\\/2026\\\/03\\\/13\\\/industrie-cinematographique-une-strategie-nationale-2026-2030-approuvee\\\/\"},\"wordCount\":563,\"commentCount\":0,\"publisher\":{\"@id\":\"https:\\\/\\\/lasentinelle.dz\\\/#organization\"},\"image\":{\"@id\":\"https:\\\/\\\/lasentinelle.dz\\\/index.php\\\/2026\\\/03\\\/13\\\/industrie-cinematographique-une-strategie-nationale-2026-2030-approuvee\\\/#primaryimage\"},\"thumbnailUrl\":\"https:\\\/\\\/lasentinelle.dz\\\/wp-content\\\/uploads\\\/2026\\\/03\\\/conseil-interministeriel.jpg\",\"articleSection\":[\"Culture\"],\"inLanguage\":\"fr-FR\",\"potentialAction\":[{\"@type\":\"CommentAction\",\"name\":\"Comment\",\"target\":[\"https:\\\/\\\/lasentinelle.dz\\\/index.php\\\/2026\\\/03\\\/13\\\/industrie-cinematographique-une-strategie-nationale-2026-2030-approuvee\\\/#respond\"]}]},{\"@type\":\"WebPage\",\"@id\":\"https:\\\/\\\/lasentinelle.dz\\\/index.php\\\/2026\\\/03\\\/13\\\/industrie-cinematographique-une-strategie-nationale-2026-2030-approuvee\\\/\",\"url\":\"https:\\\/\\\/lasentinelle.dz\\\/index.php\\\/2026\\\/03\\\/13\\\/industrie-cinematographique-une-strategie-nationale-2026-2030-approuvee\\\/\",\"name\":\"Industrie cin\u00e9matographique\u00a0: Une strat\u00e9gie nationale 2026-2030 approuv\u00e9e - La Sentinelle\",\"isPartOf\":{\"@id\":\"https:\\\/\\\/lasentinelle.dz\\\/#website\"},\"primaryImageOfPage\":{\"@id\":\"https:\\\/\\\/lasentinelle.dz\\\/index.php\\\/2026\\\/03\\\/13\\\/industrie-cinematographique-une-strategie-nationale-2026-2030-approuvee\\\/#primaryimage\"},\"image\":{\"@id\":\"https:\\\/\\\/lasentinelle.dz\\\/index.php\\\/2026\\\/03\\\/13\\\/industrie-cinematographique-une-strategie-nationale-2026-2030-approuvee\\\/#primaryimage\"},\"thumbnailUrl\":\"https:\\\/\\\/lasentinelle.dz\\\/wp-content\\\/uploads\\\/2026\\\/03\\\/conseil-interministeriel.jpg\",\"datePublished\":\"2026-03-13T19:00:52+00:00\",\"dateModified\":\"2026-03-13T19:00:53+00:00\",\"breadcrumb\":{\"@id\":\"https:\\\/\\\/lasentinelle.dz\\\/index.php\\\/2026\\\/03\\\/13\\\/industrie-cinematographique-une-strategie-nationale-2026-2030-approuvee\\\/#breadcrumb\"},\"inLanguage\":\"fr-FR\",\"potentialAction\":[{\"@type\":\"ReadAction\",\"target\":[\"https:\\\/\\\/lasentinelle.dz\\\/index.php\\\/2026\\\/03\\\/13\\\/industrie-cinematographique-une-strategie-nationale-2026-2030-approuvee\\\/\"]}]},{\"@type\":\"ImageObject\",\"inLanguage\":\"fr-FR\",\"@id\":\"https:\\\/\\\/lasentinelle.dz\\\/index.php\\\/2026\\\/03\\\/13\\\/industrie-cinematographique-une-strategie-nationale-2026-2030-approuvee\\\/#primaryimage\",\"url\":\"https:\\\/\\\/lasentinelle.dz\\\/wp-content\\\/uploads\\\/2026\\\/03\\\/conseil-interministeriel.jpg\",\"contentUrl\":\"https:\\\/\\\/lasentinelle.dz\\\/wp-content\\\/uploads\\\/2026\\\/03\\\/conseil-interministeriel.jpg\",\"width\":1440,\"height\":960},{\"@type\":\"BreadcrumbList\",\"@id\":\"https:\\\/\\\/lasentinelle.dz\\\/index.php\\\/2026\\\/03\\\/13\\\/industrie-cinematographique-une-strategie-nationale-2026-2030-approuvee\\\/#breadcrumb\",\"itemListElement\":[{\"@type\":\"ListItem\",\"position\":1,\"name\":\"Accueil\",\"item\":\"https:\\\/\\\/lasentinelle.dz\\\/\"},{\"@type\":\"ListItem\",\"position\":2,\"name\":\"Industrie cin\u00e9matographique\u00a0: Une strat\u00e9gie nationale 2026-2030 approuv\u00e9e\"}]},{\"@type\":\"WebSite\",\"@id\":\"https:\\\/\\\/lasentinelle.dz\\\/#website\",\"url\":\"https:\\\/\\\/lasentinelle.dz\\\/\",\"name\":\"La Sentinelle\",\"description\":\"Quotidien national d&#039;information\",\"publisher\":{\"@id\":\"https:\\\/\\\/lasentinelle.dz\\\/#organization\"},\"potentialAction\":[{\"@type\":\"SearchAction\",\"target\":{\"@type\":\"EntryPoint\",\"urlTemplate\":\"https:\\\/\\\/lasentinelle.dz\\\/?s={search_term_string}\"},\"query-input\":{\"@type\":\"PropertyValueSpecification\",\"valueRequired\":true,\"valueName\":\"search_term_string\"}}],\"inLanguage\":\"fr-FR\"},{\"@type\":\"Organization\",\"@id\":\"https:\\\/\\\/lasentinelle.dz\\\/#organization\",\"name\":\"Quotidien La Sentinelle\",\"url\":\"https:\\\/\\\/lasentinelle.dz\\\/\",\"logo\":{\"@type\":\"ImageObject\",\"inLanguage\":\"fr-FR\",\"@id\":\"https:\\\/\\\/lasentinelle.dz\\\/#\\\/schema\\\/logo\\\/image\\\/\",\"url\":\"https:\\\/\\\/lasentinelle.dz\\\/wp-content\\\/uploads\\\/2021\\\/09\\\/logo-sentinelleSLOGAN-1.png\",\"contentUrl\":\"https:\\\/\\\/lasentinelle.dz\\\/wp-content\\\/uploads\\\/2021\\\/09\\\/logo-sentinelleSLOGAN-1.png\",\"width\":615,\"height\":142,\"caption\":\"Quotidien La Sentinelle\"},\"image\":{\"@id\":\"https:\\\/\\\/lasentinelle.dz\\\/#\\\/schema\\\/logo\\\/image\\\/\"},\"sameAs\":[\"https:\\\/\\\/www.facebook.com\\\/La-Sentinelle-104059864394773\"]},{\"@type\":\"Person\",\"@id\":\"https:\\\/\\\/lasentinelle.dz\\\/#\\\/schema\\\/person\\\/729ee0024f24e0b8c5ec17232f8e8b41\",\"name\":\"admin\",\"image\":{\"@type\":\"ImageObject\",\"inLanguage\":\"fr-FR\",\"@id\":\"https:\\\/\\\/secure.gravatar.com\\\/avatar\\\/4c81fed838786e9b53f540bf46533e750f5d292099ae3b66cfc6fb1982e29df7?s=96&d=mm&r=g\",\"url\":\"https:\\\/\\\/secure.gravatar.com\\\/avatar\\\/4c81fed838786e9b53f540bf46533e750f5d292099ae3b66cfc6fb1982e29df7?s=96&d=mm&r=g\",\"contentUrl\":\"https:\\\/\\\/secure.gravatar.com\\\/avatar\\\/4c81fed838786e9b53f540bf46533e750f5d292099ae3b66cfc6fb1982e29df7?s=96&d=mm&r=g\",\"caption\":\"admin\"},\"description\":\"admin\",\"url\":\"https:\\\/\\\/lasentinelle.dz\\\/author\\\/admin\\\/\"}]}<\/script>\n<!-- \/ Yoast SEO plugin. -->","yoast_head_json":{"title":"Industrie cin\u00e9matographique\u00a0: Une strat\u00e9gie nationale 2026-2030 approuv\u00e9e - La Sentinelle","robots":{"index":"index","follow":"follow","max-snippet":"max-snippet:-1","max-image-preview":"max-image-preview:large","max-video-preview":"max-video-preview:-1"},"canonical":"https:\/\/lasentinelle.dz\/index.php\/2026\/03\/13\/industrie-cinematographique-une-strategie-nationale-2026-2030-approuvee\/","og_locale":"fr_FR","og_type":"article","og_title":"Industrie cin\u00e9matographique\u00a0: Une strat\u00e9gie nationale 2026-2030 approuv\u00e9e - La Sentinelle","og_description":"Le Premier ministre Sifi Ghrieb a pr\u00e9sid\u00e9 mercredi \u00e0 Alger une r\u00e9union du Conseil interminist\u00e9riel consacr\u00e9e \u00e0 l&rsquo;examen de la","og_url":"https:\/\/lasentinelle.dz\/index.php\/2026\/03\/13\/industrie-cinematographique-une-strategie-nationale-2026-2030-approuvee\/","og_site_name":"La Sentinelle","article_publisher":"https:\/\/www.facebook.com\/La-Sentinelle-104059864394773","article_published_time":"2026-03-13T19:00:52+00:00","article_modified_time":"2026-03-13T19:00:53+00:00","og_image":[{"width":1440,"height":960,"url":"https:\/\/lasentinelle.dz\/wp-content\/uploads\/2026\/03\/conseil-interministeriel.jpg","type":"image\/jpeg"}],"author":"admin","twitter_card":"summary_large_image","twitter_misc":{"\u00c9crit par":"admin","Dur\u00e9e de lecture estim\u00e9e":"3 minutes"},"schema":{"@context":"https:\/\/schema.org","@graph":[{"@type":"Article","@id":"https:\/\/lasentinelle.dz\/index.php\/2026\/03\/13\/industrie-cinematographique-une-strategie-nationale-2026-2030-approuvee\/#article","isPartOf":{"@id":"https:\/\/lasentinelle.dz\/index.php\/2026\/03\/13\/industrie-cinematographique-une-strategie-nationale-2026-2030-approuvee\/"},"author":{"name":"admin","@id":"https:\/\/lasentinelle.dz\/#\/schema\/person\/729ee0024f24e0b8c5ec17232f8e8b41"},"headline":"Industrie cin\u00e9matographique\u00a0: Une strat\u00e9gie nationale 2026-2030 approuv\u00e9e","datePublished":"2026-03-13T19:00:52+00:00","dateModified":"2026-03-13T19:00:53+00:00","mainEntityOfPage":{"@id":"https:\/\/lasentinelle.dz\/index.php\/2026\/03\/13\/industrie-cinematographique-une-strategie-nationale-2026-2030-approuvee\/"},"wordCount":563,"commentCount":0,"publisher":{"@id":"https:\/\/lasentinelle.dz\/#organization"},"image":{"@id":"https:\/\/lasentinelle.dz\/index.php\/2026\/03\/13\/industrie-cinematographique-une-strategie-nationale-2026-2030-approuvee\/#primaryimage"},"thumbnailUrl":"https:\/\/lasentinelle.dz\/wp-content\/uploads\/2026\/03\/conseil-interministeriel.jpg","articleSection":["Culture"],"inLanguage":"fr-FR","potentialAction":[{"@type":"CommentAction","name":"Comment","target":["https:\/\/lasentinelle.dz\/index.php\/2026\/03\/13\/industrie-cinematographique-une-strategie-nationale-2026-2030-approuvee\/#respond"]}]},{"@type":"WebPage","@id":"https:\/\/lasentinelle.dz\/index.php\/2026\/03\/13\/industrie-cinematographique-une-strategie-nationale-2026-2030-approuvee\/","url":"https:\/\/lasentinelle.dz\/index.php\/2026\/03\/13\/industrie-cinematographique-une-strategie-nationale-2026-2030-approuvee\/","name":"Industrie cin\u00e9matographique\u00a0: Une strat\u00e9gie nationale 2026-2030 approuv\u00e9e - La Sentinelle","isPartOf":{"@id":"https:\/\/lasentinelle.dz\/#website"},"primaryImageOfPage":{"@id":"https:\/\/lasentinelle.dz\/index.php\/2026\/03\/13\/industrie-cinematographique-une-strategie-nationale-2026-2030-approuvee\/#primaryimage"},"image":{"@id":"https:\/\/lasentinelle.dz\/index.php\/2026\/03\/13\/industrie-cinematographique-une-strategie-nationale-2026-2030-approuvee\/#primaryimage"},"thumbnailUrl":"https:\/\/lasentinelle.dz\/wp-content\/uploads\/2026\/03\/conseil-interministeriel.jpg","datePublished":"2026-03-13T19:00:52+00:00","dateModified":"2026-03-13T19:00:53+00:00","breadcrumb":{"@id":"https:\/\/lasentinelle.dz\/index.php\/2026\/03\/13\/industrie-cinematographique-une-strategie-nationale-2026-2030-approuvee\/#breadcrumb"},"inLanguage":"fr-FR","potentialAction":[{"@type":"ReadAction","target":["https:\/\/lasentinelle.dz\/index.php\/2026\/03\/13\/industrie-cinematographique-une-strategie-nationale-2026-2030-approuvee\/"]}]},{"@type":"ImageObject","inLanguage":"fr-FR","@id":"https:\/\/lasentinelle.dz\/index.php\/2026\/03\/13\/industrie-cinematographique-une-strategie-nationale-2026-2030-approuvee\/#primaryimage","url":"https:\/\/lasentinelle.dz\/wp-content\/uploads\/2026\/03\/conseil-interministeriel.jpg","contentUrl":"https:\/\/lasentinelle.dz\/wp-content\/uploads\/2026\/03\/conseil-interministeriel.jpg","width":1440,"height":960},{"@type":"BreadcrumbList","@id":"https:\/\/lasentinelle.dz\/index.php\/2026\/03\/13\/industrie-cinematographique-une-strategie-nationale-2026-2030-approuvee\/#breadcrumb","itemListElement":[{"@type":"ListItem","position":1,"name":"Accueil","item":"https:\/\/lasentinelle.dz\/"},{"@type":"ListItem","position":2,"name":"Industrie cin\u00e9matographique\u00a0: Une strat\u00e9gie nationale 2026-2030 approuv\u00e9e"}]},{"@type":"WebSite","@id":"https:\/\/lasentinelle.dz\/#website","url":"https:\/\/lasentinelle.dz\/","name":"La Sentinelle","description":"Quotidien national d&#039;information","publisher":{"@id":"https:\/\/lasentinelle.dz\/#organization"},"potentialAction":[{"@type":"SearchAction","target":{"@type":"EntryPoint","urlTemplate":"https:\/\/lasentinelle.dz\/?s={search_term_string}"},"query-input":{"@type":"PropertyValueSpecification","valueRequired":true,"valueName":"search_term_string"}}],"inLanguage":"fr-FR"},{"@type":"Organization","@id":"https:\/\/lasentinelle.dz\/#organization","name":"Quotidien La Sentinelle","url":"https:\/\/lasentinelle.dz\/","logo":{"@type":"ImageObject","inLanguage":"fr-FR","@id":"https:\/\/lasentinelle.dz\/#\/schema\/logo\/image\/","url":"https:\/\/lasentinelle.dz\/wp-content\/uploads\/2021\/09\/logo-sentinelleSLOGAN-1.png","contentUrl":"https:\/\/lasentinelle.dz\/wp-content\/uploads\/2021\/09\/logo-sentinelleSLOGAN-1.png","width":615,"height":142,"caption":"Quotidien La Sentinelle"},"image":{"@id":"https:\/\/lasentinelle.dz\/#\/schema\/logo\/image\/"},"sameAs":["https:\/\/www.facebook.com\/La-Sentinelle-104059864394773"]},{"@type":"Person","@id":"https:\/\/lasentinelle.dz\/#\/schema\/person\/729ee0024f24e0b8c5ec17232f8e8b41","name":"admin","image":{"@type":"ImageObject","inLanguage":"fr-FR","@id":"https:\/\/secure.gravatar.com\/avatar\/4c81fed838786e9b53f540bf46533e750f5d292099ae3b66cfc6fb1982e29df7?s=96&d=mm&r=g","url":"https:\/\/secure.gravatar.com\/avatar\/4c81fed838786e9b53f540bf46533e750f5d292099ae3b66cfc6fb1982e29df7?s=96&d=mm&r=g","contentUrl":"https:\/\/secure.gravatar.com\/avatar\/4c81fed838786e9b53f540bf46533e750f5d292099ae3b66cfc6fb1982e29df7?s=96&d=mm&r=g","caption":"admin"},"description":"admin","url":"https:\/\/lasentinelle.dz\/author\/admin\/"}]}},"_links":{"self":[{"href":"https:\/\/lasentinelle.dz\/index.php\/wp-json\/wp\/v2\/posts\/83388","targetHints":{"allow":["GET"]}}],"collection":[{"href":"https:\/\/lasentinelle.dz\/index.php\/wp-json\/wp\/v2\/posts"}],"about":[{"href":"https:\/\/lasentinelle.dz\/index.php\/wp-json\/wp\/v2\/types\/post"}],"author":[{"embeddable":true,"href":"https:\/\/lasentinelle.dz\/index.php\/wp-json\/wp\/v2\/users\/6"}],"replies":[{"embeddable":true,"href":"https:\/\/lasentinelle.dz\/index.php\/wp-json\/wp\/v2\/comments?post=83388"}],"version-history":[{"count":1,"href":"https:\/\/lasentinelle.dz\/index.php\/wp-json\/wp\/v2\/posts\/83388\/revisions"}],"predecessor-version":[{"id":83390,"href":"https:\/\/lasentinelle.dz\/index.php\/wp-json\/wp\/v2\/posts\/83388\/revisions\/83390"}],"wp:featuredmedia":[{"embeddable":true,"href":"https:\/\/lasentinelle.dz\/index.php\/wp-json\/wp\/v2\/media\/83389"}],"wp:attachment":[{"href":"https:\/\/lasentinelle.dz\/index.php\/wp-json\/wp\/v2\/media?parent=83388"}],"wp:term":[{"taxonomy":"category","embeddable":true,"href":"https:\/\/lasentinelle.dz\/index.php\/wp-json\/wp\/v2\/categories?post=83388"},{"taxonomy":"post_tag","embeddable":true,"href":"https:\/\/lasentinelle.dz\/index.php\/wp-json\/wp\/v2\/tags?post=83388"}],"curies":[{"name":"wp","href":"https:\/\/api.w.org\/{rel}","templated":true}]}}