{"id":83391,"date":"2026-03-13T20:01:43","date_gmt":"2026-03-13T19:01:43","guid":{"rendered":"https:\/\/lasentinelle.dz\/?p=83391"},"modified":"2026-03-13T20:01:44","modified_gmt":"2026-03-13T19:01:44","slug":"basket-ball-feminin-la-bal-lance-la-3e-edition-de-son-programme-de-mentorat","status":"publish","type":"post","link":"https:\/\/lasentinelle.dz\/index.php\/2026\/03\/13\/basket-ball-feminin-la-bal-lance-la-3e-edition-de-son-programme-de-mentorat\/","title":{"rendered":"Basket-ball f\u00e9minin\u00a0: La BAL lance la 3e \u00e9dition de son programme de mentorat"},"content":{"rendered":"\n<p>La Basketball Africa League franchit une nouvelle \u00e9tape dans son engagement pour le d\u00e9veloppement du sport f\u00e9minin sur le continent. La F\u00e9d\u00e9ration alg\u00e9rienne de basket-ball (FABB) a annonc\u00e9 jeudi le lancement de la troisi\u00e8me \u00e9dition du programme de mentorat \u00ab Teaming Up: BAL4HER meets African LeadHERs \u00bb, une initiative port\u00e9e conjointement par la BAL et la NBA Africa au profit des femmes actives dans l&rsquo;\u00e9cosyst\u00e8me sportif africain.<\/p>\n\n\n\n<p>Selon le communiqu\u00e9 de la FABB, ce programme \u00ab vise \u00e0 renforcer les comp\u00e9tences f\u00e9minines au sein de l&rsquo;\u00e9cosyst\u00e8me sportif africain en offrant aux participantes l&rsquo;opportunit\u00e9 d&rsquo;\u00eatre accompagn\u00e9es par des experts et des responsables \u00e9voluant au plus haut niveau du sport \u00bb. Une ambition claire : faire \u00e9merger la prochaine g\u00e9n\u00e9ration de dirigeantes, technicienne et professionnelles qui fa\u00e7onneront le visage du sport en Afrique.<\/p>\n\n\n\n<p>Le dispositif cible les femmes \u00e2g\u00e9es de 18 \u00e0 35 ans justifiant de deux \u00e0 cinq ans d&rsquo;exp\u00e9rience professionnelle dans le domaine sportif. Le spectre des sp\u00e9cialit\u00e9s couvertes est particuli\u00e8rement large : arbitrage, entra\u00eenement, scouting, m\u00e9tier d&rsquo;agent de joueurs, sciences du sport, pr\u00e9paration mentale et physique, nutrition sportive ou encore r\u00e9\u00e9ducation sportive. Autant de fili\u00e8res o\u00f9 la pr\u00e9sence f\u00e9minine, encore trop confidentielle, m\u00e9rite d&rsquo;\u00eatre encourag\u00e9e et structur\u00e9e.<\/p>\n\n\n\n<p>Les candidates retenues seront mises en relation avec des sp\u00e9cialistes et dirigeants du sport de haut niveau, dans le cadre d&rsquo;un suivi personnalis\u00e9 visant \u00e0 acc\u00e9l\u00e9rer leur progression de carri\u00e8re. Une formule qui a d\u00e9j\u00e0 fait ses preuves lors des deux premi\u00e8res \u00e9ditions, lesquelles ont permis \u00e0 plusieurs participantes de gagner en visibilit\u00e9 et en responsabilit\u00e9s au sein de leurs organisations respectives. Attention toutefois : la date limite de d\u00e9p\u00f4t des candidatures \u00e9tait fix\u00e9e au vendredi 13 mars. Les inscriptions sont accessibles via un formulaire en ligne disponible sur les plateformes officielles de la BAL. Une \u00e9ch\u00e9ance serr\u00e9e qui impose r\u00e9activit\u00e9 \u00e0 toutes celles qui souhaitent saisir cette opportunit\u00e9 unique de d\u00e9veloppement professionnel sur la sc\u00e8ne continentale.<\/p>\n\n\n\n<p>M.D.<\/p>\n","protected":false},"excerpt":{"rendered":"<p>La Basketball Africa League franchit une nouvelle \u00e9tape dans son engagement pour le d\u00e9veloppement du sport f\u00e9minin sur le continent.<\/p>\n","protected":false},"author":6,"featured_media":83316,"comment_status":"open","ping_status":"closed","sticky":false,"template":"","format":"standard","meta":{"colormag_page_container_layout":"default_layout","colormag_page_sidebar_layout":"default_layout","om_disable_all_campaigns":false,"_monsterinsights_skip_tracking":false,"_monsterinsights_sitenote_active":false,"_monsterinsights_sitenote_note":"","_monsterinsights_sitenote_category":0,"footnotes":"","_wpscppro_dont_share_socialmedia":false,"_wpscppro_custom_social_share_image":0,"_facebook_share_type":"default","_twitter_share_type":"default","_linkedin_share_type":"default","_pinterest_share_type":"default","_linkedin_share_type_page":"","_instagram_share_type":"default","_medium_share_type":"default","_threads_share_type":"default","_google_business_share_type":"default","_selected_social_profile":[],"_wpsp_enable_custom_social_template":false,"_wpsp_social_scheduling":{"enabled":false,"datetime":null,"platforms":[],"status":"template_only","dateOption":"today","timeOption":"now","customDays":"","customHours":"","customDate":"","customTime":"","schedulingType":"absolute"},"_wpsp_active_default_template":true},"categories":[33],"tags":[],"class_list":["post-83391","post","type-post","status-publish","format-standard","has-post-thumbnail","hentry","category-sports"],"aioseo_notices":[],"yoast_head":"<!-- This site is optimized with the Yoast SEO plugin v27.5 - https:\/\/yoast.com\/product\/yoast-seo-wordpress\/ -->\n<title>Basket-ball f\u00e9minin\u00a0: La BAL lance la 3e \u00e9dition de son programme de mentorat - La Sentinelle<\/title>\n<meta name=\"robots\" content=\"index, follow, max-snippet:-1, max-image-preview:large, max-video-preview:-1\" \/>\n<link rel=\"canonical\" href=\"https:\/\/lasentinelle.dz\/index.php\/2026\/03\/13\/basket-ball-feminin-la-bal-lance-la-3e-edition-de-son-programme-de-mentorat\/\" \/>\n<meta property=\"og:locale\" content=\"fr_FR\" \/>\n<meta property=\"og:type\" content=\"article\" \/>\n<meta property=\"og:title\" content=\"Basket-ball f\u00e9minin\u00a0: La BAL lance la 3e \u00e9dition de son programme de mentorat - La Sentinelle\" \/>\n<meta property=\"og:description\" content=\"La Basketball Africa League franchit une nouvelle \u00e9tape dans son engagement pour le d\u00e9veloppement du sport f\u00e9minin sur le continent.\" \/>\n<meta property=\"og:url\" content=\"https:\/\/lasentinelle.dz\/index.php\/2026\/03\/13\/basket-ball-feminin-la-bal-lance-la-3e-edition-de-son-programme-de-mentorat\/\" \/>\n<meta property=\"og:site_name\" content=\"La Sentinelle\" \/>\n<meta property=\"article:publisher\" content=\"https:\/\/www.facebook.com\/La-Sentinelle-104059864394773\" \/>\n<meta property=\"article:published_time\" content=\"2026-03-13T19:01:43+00:00\" \/>\n<meta property=\"article:modified_time\" content=\"2026-03-13T19:01:44+00:00\" \/>\n<meta property=\"og:image\" content=\"https:\/\/lasentinelle.dz\/wp-content\/uploads\/2026\/03\/basketball.jpg\" \/>\n\t<meta property=\"og:image:width\" content=\"1000\" \/>\n\t<meta property=\"og:image:height\" content=\"652\" \/>\n\t<meta property=\"og:image:type\" content=\"image\/jpeg\" \/>\n<meta name=\"author\" content=\"admin\" \/>\n<meta name=\"twitter:card\" content=\"summary_large_image\" \/>\n<meta name=\"twitter:label1\" content=\"\u00c9crit par\" \/>\n\t<meta name=\"twitter:data1\" content=\"admin\" \/>\n\t<meta name=\"twitter:label2\" content=\"Dur\u00e9e de lecture estim\u00e9e\" \/>\n\t<meta name=\"twitter:data2\" content=\"2 minutes\" \/>\n<script type=\"application\/ld+json\" class=\"yoast-schema-graph\">{\"@context\":\"https:\\\/\\\/schema.org\",\"@graph\":[{\"@type\":\"Article\",\"@id\":\"https:\\\/\\\/lasentinelle.dz\\\/index.php\\\/2026\\\/03\\\/13\\\/basket-ball-feminin-la-bal-lance-la-3e-edition-de-son-programme-de-mentorat\\\/#article\",\"isPartOf\":{\"@id\":\"https:\\\/\\\/lasentinelle.dz\\\/index.php\\\/2026\\\/03\\\/13\\\/basket-ball-feminin-la-bal-lance-la-3e-edition-de-son-programme-de-mentorat\\\/\"},\"author\":{\"name\":\"admin\",\"@id\":\"https:\\\/\\\/lasentinelle.dz\\\/#\\\/schema\\\/person\\\/729ee0024f24e0b8c5ec17232f8e8b41\"},\"headline\":\"Basket-ball f\u00e9minin\u00a0: La BAL lance la 3e \u00e9dition de son programme de mentorat\",\"datePublished\":\"2026-03-13T19:01:43+00:00\",\"dateModified\":\"2026-03-13T19:01:44+00:00\",\"mainEntityOfPage\":{\"@id\":\"https:\\\/\\\/lasentinelle.dz\\\/index.php\\\/2026\\\/03\\\/13\\\/basket-ball-feminin-la-bal-lance-la-3e-edition-de-son-programme-de-mentorat\\\/\"},\"wordCount\":369,\"commentCount\":0,\"publisher\":{\"@id\":\"https:\\\/\\\/lasentinelle.dz\\\/#organization\"},\"image\":{\"@id\":\"https:\\\/\\\/lasentinelle.dz\\\/index.php\\\/2026\\\/03\\\/13\\\/basket-ball-feminin-la-bal-lance-la-3e-edition-de-son-programme-de-mentorat\\\/#primaryimage\"},\"thumbnailUrl\":\"https:\\\/\\\/lasentinelle.dz\\\/wp-content\\\/uploads\\\/2026\\\/03\\\/basketball.jpg\",\"articleSection\":[\"Sports\"],\"inLanguage\":\"fr-FR\",\"potentialAction\":[{\"@type\":\"CommentAction\",\"name\":\"Comment\",\"target\":[\"https:\\\/\\\/lasentinelle.dz\\\/index.php\\\/2026\\\/03\\\/13\\\/basket-ball-feminin-la-bal-lance-la-3e-edition-de-son-programme-de-mentorat\\\/#respond\"]}]},{\"@type\":\"WebPage\",\"@id\":\"https:\\\/\\\/lasentinelle.dz\\\/index.php\\\/2026\\\/03\\\/13\\\/basket-ball-feminin-la-bal-lance-la-3e-edition-de-son-programme-de-mentorat\\\/\",\"url\":\"https:\\\/\\\/lasentinelle.dz\\\/index.php\\\/2026\\\/03\\\/13\\\/basket-ball-feminin-la-bal-lance-la-3e-edition-de-son-programme-de-mentorat\\\/\",\"name\":\"Basket-ball f\u00e9minin\u00a0: La BAL lance la 3e \u00e9dition de son programme de mentorat - La Sentinelle\",\"isPartOf\":{\"@id\":\"https:\\\/\\\/lasentinelle.dz\\\/#website\"},\"primaryImageOfPage\":{\"@id\":\"https:\\\/\\\/lasentinelle.dz\\\/index.php\\\/2026\\\/03\\\/13\\\/basket-ball-feminin-la-bal-lance-la-3e-edition-de-son-programme-de-mentorat\\\/#primaryimage\"},\"image\":{\"@id\":\"https:\\\/\\\/lasentinelle.dz\\\/index.php\\\/2026\\\/03\\\/13\\\/basket-ball-feminin-la-bal-lance-la-3e-edition-de-son-programme-de-mentorat\\\/#primaryimage\"},\"thumbnailUrl\":\"https:\\\/\\\/lasentinelle.dz\\\/wp-content\\\/uploads\\\/2026\\\/03\\\/basketball.jpg\",\"datePublished\":\"2026-03-13T19:01:43+00:00\",\"dateModified\":\"2026-03-13T19:01:44+00:00\",\"breadcrumb\":{\"@id\":\"https:\\\/\\\/lasentinelle.dz\\\/index.php\\\/2026\\\/03\\\/13\\\/basket-ball-feminin-la-bal-lance-la-3e-edition-de-son-programme-de-mentorat\\\/#breadcrumb\"},\"inLanguage\":\"fr-FR\",\"potentialAction\":[{\"@type\":\"ReadAction\",\"target\":[\"https:\\\/\\\/lasentinelle.dz\\\/index.php\\\/2026\\\/03\\\/13\\\/basket-ball-feminin-la-bal-lance-la-3e-edition-de-son-programme-de-mentorat\\\/\"]}]},{\"@type\":\"ImageObject\",\"inLanguage\":\"fr-FR\",\"@id\":\"https:\\\/\\\/lasentinelle.dz\\\/index.php\\\/2026\\\/03\\\/13\\\/basket-ball-feminin-la-bal-lance-la-3e-edition-de-son-programme-de-mentorat\\\/#primaryimage\",\"url\":\"https:\\\/\\\/lasentinelle.dz\\\/wp-content\\\/uploads\\\/2026\\\/03\\\/basketball.jpg\",\"contentUrl\":\"https:\\\/\\\/lasentinelle.dz\\\/wp-content\\\/uploads\\\/2026\\\/03\\\/basketball.jpg\",\"width\":1000,\"height\":652},{\"@type\":\"BreadcrumbList\",\"@id\":\"https:\\\/\\\/lasentinelle.dz\\\/index.php\\\/2026\\\/03\\\/13\\\/basket-ball-feminin-la-bal-lance-la-3e-edition-de-son-programme-de-mentorat\\\/#breadcrumb\",\"itemListElement\":[{\"@type\":\"ListItem\",\"position\":1,\"name\":\"Accueil\",\"item\":\"https:\\\/\\\/lasentinelle.dz\\\/\"},{\"@type\":\"ListItem\",\"position\":2,\"name\":\"Basket-ball f\u00e9minin\u00a0: La BAL lance la 3e \u00e9dition de son programme de mentorat\"}]},{\"@type\":\"WebSite\",\"@id\":\"https:\\\/\\\/lasentinelle.dz\\\/#website\",\"url\":\"https:\\\/\\\/lasentinelle.dz\\\/\",\"name\":\"La Sentinelle\",\"description\":\"Quotidien national d&#039;information\",\"publisher\":{\"@id\":\"https:\\\/\\\/lasentinelle.dz\\\/#organization\"},\"potentialAction\":[{\"@type\":\"SearchAction\",\"target\":{\"@type\":\"EntryPoint\",\"urlTemplate\":\"https:\\\/\\\/lasentinelle.dz\\\/?s={search_term_string}\"},\"query-input\":{\"@type\":\"PropertyValueSpecification\",\"valueRequired\":true,\"valueName\":\"search_term_string\"}}],\"inLanguage\":\"fr-FR\"},{\"@type\":\"Organization\",\"@id\":\"https:\\\/\\\/lasentinelle.dz\\\/#organization\",\"name\":\"Quotidien La Sentinelle\",\"url\":\"https:\\\/\\\/lasentinelle.dz\\\/\",\"logo\":{\"@type\":\"ImageObject\",\"inLanguage\":\"fr-FR\",\"@id\":\"https:\\\/\\\/lasentinelle.dz\\\/#\\\/schema\\\/logo\\\/image\\\/\",\"url\":\"https:\\\/\\\/lasentinelle.dz\\\/wp-content\\\/uploads\\\/2021\\\/09\\\/logo-sentinelleSLOGAN-1.png\",\"contentUrl\":\"https:\\\/\\\/lasentinelle.dz\\\/wp-content\\\/uploads\\\/2021\\\/09\\\/logo-sentinelleSLOGAN-1.png\",\"width\":615,\"height\":142,\"caption\":\"Quotidien La Sentinelle\"},\"image\":{\"@id\":\"https:\\\/\\\/lasentinelle.dz\\\/#\\\/schema\\\/logo\\\/image\\\/\"},\"sameAs\":[\"https:\\\/\\\/www.facebook.com\\\/La-Sentinelle-104059864394773\"]},{\"@type\":\"Person\",\"@id\":\"https:\\\/\\\/lasentinelle.dz\\\/#\\\/schema\\\/person\\\/729ee0024f24e0b8c5ec17232f8e8b41\",\"name\":\"admin\",\"image\":{\"@type\":\"ImageObject\",\"inLanguage\":\"fr-FR\",\"@id\":\"https:\\\/\\\/secure.gravatar.com\\\/avatar\\\/4c81fed838786e9b53f540bf46533e750f5d292099ae3b66cfc6fb1982e29df7?s=96&d=mm&r=g\",\"url\":\"https:\\\/\\\/secure.gravatar.com\\\/avatar\\\/4c81fed838786e9b53f540bf46533e750f5d292099ae3b66cfc6fb1982e29df7?s=96&d=mm&r=g\",\"contentUrl\":\"https:\\\/\\\/secure.gravatar.com\\\/avatar\\\/4c81fed838786e9b53f540bf46533e750f5d292099ae3b66cfc6fb1982e29df7?s=96&d=mm&r=g\",\"caption\":\"admin\"},\"description\":\"admin\",\"url\":\"https:\\\/\\\/lasentinelle.dz\\\/author\\\/admin\\\/\"}]}<\/script>\n<!-- \/ Yoast SEO plugin. -->","yoast_head_json":{"title":"Basket-ball f\u00e9minin\u00a0: La BAL lance la 3e \u00e9dition de son programme de mentorat - La Sentinelle","robots":{"index":"index","follow":"follow","max-snippet":"max-snippet:-1","max-image-preview":"max-image-preview:large","max-video-preview":"max-video-preview:-1"},"canonical":"https:\/\/lasentinelle.dz\/index.php\/2026\/03\/13\/basket-ball-feminin-la-bal-lance-la-3e-edition-de-son-programme-de-mentorat\/","og_locale":"fr_FR","og_type":"article","og_title":"Basket-ball f\u00e9minin\u00a0: La BAL lance la 3e \u00e9dition de son programme de mentorat - La Sentinelle","og_description":"La Basketball Africa League franchit une nouvelle \u00e9tape dans son engagement pour le d\u00e9veloppement du sport f\u00e9minin sur le continent.","og_url":"https:\/\/lasentinelle.dz\/index.php\/2026\/03\/13\/basket-ball-feminin-la-bal-lance-la-3e-edition-de-son-programme-de-mentorat\/","og_site_name":"La Sentinelle","article_publisher":"https:\/\/www.facebook.com\/La-Sentinelle-104059864394773","article_published_time":"2026-03-13T19:01:43+00:00","article_modified_time":"2026-03-13T19:01:44+00:00","og_image":[{"width":1000,"height":652,"url":"https:\/\/lasentinelle.dz\/wp-content\/uploads\/2026\/03\/basketball.jpg","type":"image\/jpeg"}],"author":"admin","twitter_card":"summary_large_image","twitter_misc":{"\u00c9crit par":"admin","Dur\u00e9e de lecture estim\u00e9e":"2 minutes"},"schema":{"@context":"https:\/\/schema.org","@graph":[{"@type":"Article","@id":"https:\/\/lasentinelle.dz\/index.php\/2026\/03\/13\/basket-ball-feminin-la-bal-lance-la-3e-edition-de-son-programme-de-mentorat\/#article","isPartOf":{"@id":"https:\/\/lasentinelle.dz\/index.php\/2026\/03\/13\/basket-ball-feminin-la-bal-lance-la-3e-edition-de-son-programme-de-mentorat\/"},"author":{"name":"admin","@id":"https:\/\/lasentinelle.dz\/#\/schema\/person\/729ee0024f24e0b8c5ec17232f8e8b41"},"headline":"Basket-ball f\u00e9minin\u00a0: La BAL lance la 3e \u00e9dition de son programme de mentorat","datePublished":"2026-03-13T19:01:43+00:00","dateModified":"2026-03-13T19:01:44+00:00","mainEntityOfPage":{"@id":"https:\/\/lasentinelle.dz\/index.php\/2026\/03\/13\/basket-ball-feminin-la-bal-lance-la-3e-edition-de-son-programme-de-mentorat\/"},"wordCount":369,"commentCount":0,"publisher":{"@id":"https:\/\/lasentinelle.dz\/#organization"},"image":{"@id":"https:\/\/lasentinelle.dz\/index.php\/2026\/03\/13\/basket-ball-feminin-la-bal-lance-la-3e-edition-de-son-programme-de-mentorat\/#primaryimage"},"thumbnailUrl":"https:\/\/lasentinelle.dz\/wp-content\/uploads\/2026\/03\/basketball.jpg","articleSection":["Sports"],"inLanguage":"fr-FR","potentialAction":[{"@type":"CommentAction","name":"Comment","target":["https:\/\/lasentinelle.dz\/index.php\/2026\/03\/13\/basket-ball-feminin-la-bal-lance-la-3e-edition-de-son-programme-de-mentorat\/#respond"]}]},{"@type":"WebPage","@id":"https:\/\/lasentinelle.dz\/index.php\/2026\/03\/13\/basket-ball-feminin-la-bal-lance-la-3e-edition-de-son-programme-de-mentorat\/","url":"https:\/\/lasentinelle.dz\/index.php\/2026\/03\/13\/basket-ball-feminin-la-bal-lance-la-3e-edition-de-son-programme-de-mentorat\/","name":"Basket-ball f\u00e9minin\u00a0: La BAL lance la 3e \u00e9dition de son programme de mentorat - La Sentinelle","isPartOf":{"@id":"https:\/\/lasentinelle.dz\/#website"},"primaryImageOfPage":{"@id":"https:\/\/lasentinelle.dz\/index.php\/2026\/03\/13\/basket-ball-feminin-la-bal-lance-la-3e-edition-de-son-programme-de-mentorat\/#primaryimage"},"image":{"@id":"https:\/\/lasentinelle.dz\/index.php\/2026\/03\/13\/basket-ball-feminin-la-bal-lance-la-3e-edition-de-son-programme-de-mentorat\/#primaryimage"},"thumbnailUrl":"https:\/\/lasentinelle.dz\/wp-content\/uploads\/2026\/03\/basketball.jpg","datePublished":"2026-03-13T19:01:43+00:00","dateModified":"2026-03-13T19:01:44+00:00","breadcrumb":{"@id":"https:\/\/lasentinelle.dz\/index.php\/2026\/03\/13\/basket-ball-feminin-la-bal-lance-la-3e-edition-de-son-programme-de-mentorat\/#breadcrumb"},"inLanguage":"fr-FR","potentialAction":[{"@type":"ReadAction","target":["https:\/\/lasentinelle.dz\/index.php\/2026\/03\/13\/basket-ball-feminin-la-bal-lance-la-3e-edition-de-son-programme-de-mentorat\/"]}]},{"@type":"ImageObject","inLanguage":"fr-FR","@id":"https:\/\/lasentinelle.dz\/index.php\/2026\/03\/13\/basket-ball-feminin-la-bal-lance-la-3e-edition-de-son-programme-de-mentorat\/#primaryimage","url":"https:\/\/lasentinelle.dz\/wp-content\/uploads\/2026\/03\/basketball.jpg","contentUrl":"https:\/\/lasentinelle.dz\/wp-content\/uploads\/2026\/03\/basketball.jpg","width":1000,"height":652},{"@type":"BreadcrumbList","@id":"https:\/\/lasentinelle.dz\/index.php\/2026\/03\/13\/basket-ball-feminin-la-bal-lance-la-3e-edition-de-son-programme-de-mentorat\/#breadcrumb","itemListElement":[{"@type":"ListItem","position":1,"name":"Accueil","item":"https:\/\/lasentinelle.dz\/"},{"@type":"ListItem","position":2,"name":"Basket-ball f\u00e9minin\u00a0: La BAL lance la 3e \u00e9dition de son programme de mentorat"}]},{"@type":"WebSite","@id":"https:\/\/lasentinelle.dz\/#website","url":"https:\/\/lasentinelle.dz\/","name":"La Sentinelle","description":"Quotidien national d&#039;information","publisher":{"@id":"https:\/\/lasentinelle.dz\/#organization"},"potentialAction":[{"@type":"SearchAction","target":{"@type":"EntryPoint","urlTemplate":"https:\/\/lasentinelle.dz\/?s={search_term_string}"},"query-input":{"@type":"PropertyValueSpecification","valueRequired":true,"valueName":"search_term_string"}}],"inLanguage":"fr-FR"},{"@type":"Organization","@id":"https:\/\/lasentinelle.dz\/#organization","name":"Quotidien La Sentinelle","url":"https:\/\/lasentinelle.dz\/","logo":{"@type":"ImageObject","inLanguage":"fr-FR","@id":"https:\/\/lasentinelle.dz\/#\/schema\/logo\/image\/","url":"https:\/\/lasentinelle.dz\/wp-content\/uploads\/2021\/09\/logo-sentinelleSLOGAN-1.png","contentUrl":"https:\/\/lasentinelle.dz\/wp-content\/uploads\/2021\/09\/logo-sentinelleSLOGAN-1.png","width":615,"height":142,"caption":"Quotidien La Sentinelle"},"image":{"@id":"https:\/\/lasentinelle.dz\/#\/schema\/logo\/image\/"},"sameAs":["https:\/\/www.facebook.com\/La-Sentinelle-104059864394773"]},{"@type":"Person","@id":"https:\/\/lasentinelle.dz\/#\/schema\/person\/729ee0024f24e0b8c5ec17232f8e8b41","name":"admin","image":{"@type":"ImageObject","inLanguage":"fr-FR","@id":"https:\/\/secure.gravatar.com\/avatar\/4c81fed838786e9b53f540bf46533e750f5d292099ae3b66cfc6fb1982e29df7?s=96&d=mm&r=g","url":"https:\/\/secure.gravatar.com\/avatar\/4c81fed838786e9b53f540bf46533e750f5d292099ae3b66cfc6fb1982e29df7?s=96&d=mm&r=g","contentUrl":"https:\/\/secure.gravatar.com\/avatar\/4c81fed838786e9b53f540bf46533e750f5d292099ae3b66cfc6fb1982e29df7?s=96&d=mm&r=g","caption":"admin"},"description":"admin","url":"https:\/\/lasentinelle.dz\/author\/admin\/"}]}},"_links":{"self":[{"href":"https:\/\/lasentinelle.dz\/index.php\/wp-json\/wp\/v2\/posts\/83391","targetHints":{"allow":["GET"]}}],"collection":[{"href":"https:\/\/lasentinelle.dz\/index.php\/wp-json\/wp\/v2\/posts"}],"about":[{"href":"https:\/\/lasentinelle.dz\/index.php\/wp-json\/wp\/v2\/types\/post"}],"author":[{"embeddable":true,"href":"https:\/\/lasentinelle.dz\/index.php\/wp-json\/wp\/v2\/users\/6"}],"replies":[{"embeddable":true,"href":"https:\/\/lasentinelle.dz\/index.php\/wp-json\/wp\/v2\/comments?post=83391"}],"version-history":[{"count":1,"href":"https:\/\/lasentinelle.dz\/index.php\/wp-json\/wp\/v2\/posts\/83391\/revisions"}],"predecessor-version":[{"id":83392,"href":"https:\/\/lasentinelle.dz\/index.php\/wp-json\/wp\/v2\/posts\/83391\/revisions\/83392"}],"wp:featuredmedia":[{"embeddable":true,"href":"https:\/\/lasentinelle.dz\/index.php\/wp-json\/wp\/v2\/media\/83316"}],"wp:attachment":[{"href":"https:\/\/lasentinelle.dz\/index.php\/wp-json\/wp\/v2\/media?parent=83391"}],"wp:term":[{"taxonomy":"category","embeddable":true,"href":"https:\/\/lasentinelle.dz\/index.php\/wp-json\/wp\/v2\/categories?post=83391"},{"taxonomy":"post_tag","embeddable":true,"href":"https:\/\/lasentinelle.dz\/index.php\/wp-json\/wp\/v2\/tags?post=83391"}],"curies":[{"name":"wp","href":"https:\/\/api.w.org\/{rel}","templated":true}]}}