{"id":83393,"date":"2026-03-13T20:02:27","date_gmt":"2026-03-13T19:02:27","guid":{"rendered":"https:\/\/lasentinelle.dz\/?p=83393"},"modified":"2026-03-13T20:02:28","modified_gmt":"2026-03-13T19:02:28","slug":"feyenoord-la-premier-league-sarrache-anis-hadj-moussa","status":"publish","type":"post","link":"https:\/\/lasentinelle.dz\/index.php\/2026\/03\/13\/feyenoord-la-premier-league-sarrache-anis-hadj-moussa\/","title":{"rendered":"Feyenoord\u00a0: La Premier League s&rsquo;arrache Anis Hadj Moussa"},"content":{"rendered":"\n<p>En l&rsquo;espace de 17 mois aux Pays-Bas, Anis Hadj Moussa est pass\u00e9 d&rsquo;inconnu \u00e0 r\u00e9f\u00e9rence offensive de l&rsquo;Eredivisie. L&rsquo;ailier international alg\u00e9rien de Feyenoord affole d\u00e9sormais les radars des plus grands clubs anglais, alors que sa valeur marchande a bondi de 900 000 \u00e0 24 millions d&rsquo;euros \u2014 un record dans le championnat n\u00e9erlandais, devant Troy Parrott et Micah Godets, estim\u00e9s \u00e0 18,3 millions chacun. Ces derniers mois, des \u00e9missaires d&rsquo;Arsenal et de Newcastle United ont effectu\u00e9 plusieurs d\u00e9placements aux Pays-Bas pour observer de pr\u00e8s l&rsquo;ailier alg\u00e9rien. Si aucune offre officielle n&rsquo;a encore \u00e9t\u00e9 formul\u00e9e, l&rsquo;int\u00e9r\u00eat est r\u00e9el et document\u00e9. Aston Villa suit \u00e9galement son profil avec attention, m\u00eame si le club des Midlands reste prudent quant \u00e0 son adaptation au rythme exigeant de la Premier League. Chelsea, Manchester United et Bournemouth sont aussi dans la course, auxquels s&rsquo;est r\u00e9cemment ajout\u00e9 Sunderland, d\u00e9sireux de frapper fort pour son retour dans l&rsquo;\u00e9lite. Le cas Liverpool demeure, quant \u00e0 lui, plus flou : la pr\u00e9sence d&rsquo;Arne Slot sur le banc des Reds \u2014 son ancien entra\u00eeneur \u00e0 Feyenoord \u2014 alimente les sp\u00e9culations, sans qu&rsquo;aucun contact officiel n&rsquo;ait \u00e9t\u00e9 confirm\u00e9. Du c\u00f4t\u00e9 de Rotterdam, le club n\u00e9erlandais ne cache pas ses ambitions tarifaires. Conscient de d\u00e9tenir l&rsquo;un des talents offensifs les plus en vue du continent, Feyenoord vise une vente record lors du prochain mercato estival, apr\u00e8s avoir d\u00e9j\u00e0 repouss\u00e9 des offres s\u00e9rieuses, dont celle de Benfica l&rsquo;\u00e9t\u00e9 dernier. Ce qui frappe dans l&rsquo;ascension de Hadj Moussa, c&rsquo;est moins le chiffre que la rapidit\u00e9 avec laquelle il s&rsquo;est impos\u00e9. Rapide, technique, d\u00e9cisif dans les moments importants, l&rsquo;ailier alg\u00e9rien est devenu une pi\u00e8ce ma\u00eetresse du dispositif offensif de Feyenoord, performant aussi bien en Eredivisie qu&rsquo;en comp\u00e9titions europ\u00e9ennes. Sa vitesse d&rsquo;ex\u00e9cution et sa capacit\u00e9 \u00e0 \u00e9liminer son vis-\u00e0-vis en font un profil particuli\u00e8rement pris\u00e9 dans un football anglais friand de joueurs capables de faire la diff\u00e9rence sur les ailes. \u00c0 24 millions d&rsquo;euros et avec une courbe de progression qui ne conna\u00eet pas l&rsquo;horizontale, Anis Hadj Moussa s&rsquo;annonce comme l&rsquo;un des dossiers chauds du mercato estival. La Manche, il pourrait bien la franchir cet \u00e9t\u00e9.<\/p>\n\n\n\n<p>Moncef D.<\/p>\n","protected":false},"excerpt":{"rendered":"<p>En l&rsquo;espace de 17 mois aux Pays-Bas, Anis Hadj Moussa est pass\u00e9 d&rsquo;inconnu \u00e0 r\u00e9f\u00e9rence offensive de l&rsquo;Eredivisie. L&rsquo;ailier international<\/p>\n","protected":false},"author":6,"featured_media":74993,"comment_status":"open","ping_status":"closed","sticky":false,"template":"","format":"standard","meta":{"colormag_page_container_layout":"default_layout","colormag_page_sidebar_layout":"default_layout","om_disable_all_campaigns":false,"_monsterinsights_skip_tracking":false,"_monsterinsights_sitenote_active":false,"_monsterinsights_sitenote_note":"","_monsterinsights_sitenote_category":0,"footnotes":"","_wpscppro_dont_share_socialmedia":false,"_wpscppro_custom_social_share_image":0,"_facebook_share_type":"default","_twitter_share_type":"default","_linkedin_share_type":"default","_pinterest_share_type":"default","_linkedin_share_type_page":"","_instagram_share_type":"default","_medium_share_type":"default","_threads_share_type":"default","_google_business_share_type":"default","_selected_social_profile":[],"_wpsp_enable_custom_social_template":false,"_wpsp_social_scheduling":{"enabled":false,"datetime":null,"platforms":[],"status":"template_only","dateOption":"today","timeOption":"now","customDays":"","customHours":"","customDate":"","customTime":"","schedulingType":"absolute"},"_wpsp_active_default_template":true},"categories":[33],"tags":[],"class_list":["post-83393","post","type-post","status-publish","format-standard","has-post-thumbnail","hentry","category-sports"],"aioseo_notices":[],"yoast_head":"<!-- This site is optimized with the Yoast SEO plugin v27.5 - https:\/\/yoast.com\/product\/yoast-seo-wordpress\/ -->\n<title>Feyenoord\u00a0: La Premier League s&rsquo;arrache Anis Hadj Moussa - La Sentinelle<\/title>\n<meta name=\"robots\" content=\"index, follow, max-snippet:-1, max-image-preview:large, max-video-preview:-1\" \/>\n<link rel=\"canonical\" href=\"https:\/\/lasentinelle.dz\/index.php\/2026\/03\/13\/feyenoord-la-premier-league-sarrache-anis-hadj-moussa\/\" \/>\n<meta property=\"og:locale\" content=\"fr_FR\" \/>\n<meta property=\"og:type\" content=\"article\" \/>\n<meta property=\"og:title\" content=\"Feyenoord\u00a0: La Premier League s&rsquo;arrache Anis Hadj Moussa - La Sentinelle\" \/>\n<meta property=\"og:description\" content=\"En l&rsquo;espace de 17 mois aux Pays-Bas, Anis Hadj Moussa est pass\u00e9 d&rsquo;inconnu \u00e0 r\u00e9f\u00e9rence offensive de l&rsquo;Eredivisie. L&rsquo;ailier international\" \/>\n<meta property=\"og:url\" content=\"https:\/\/lasentinelle.dz\/index.php\/2026\/03\/13\/feyenoord-la-premier-league-sarrache-anis-hadj-moussa\/\" \/>\n<meta property=\"og:site_name\" content=\"La Sentinelle\" \/>\n<meta property=\"article:publisher\" content=\"https:\/\/www.facebook.com\/La-Sentinelle-104059864394773\" \/>\n<meta property=\"article:published_time\" content=\"2026-03-13T19:02:27+00:00\" \/>\n<meta property=\"article:modified_time\" content=\"2026-03-13T19:02:28+00:00\" \/>\n<meta property=\"og:image\" content=\"https:\/\/lasentinelle.dz\/wp-content\/uploads\/2025\/10\/Anis-Hadj-Moussa.jpg\" \/>\n\t<meta property=\"og:image:width\" content=\"828\" \/>\n\t<meta property=\"og:image:height\" content=\"552\" \/>\n\t<meta property=\"og:image:type\" content=\"image\/jpeg\" \/>\n<meta name=\"author\" content=\"admin\" \/>\n<meta name=\"twitter:card\" content=\"summary_large_image\" \/>\n<meta name=\"twitter:label1\" content=\"\u00c9crit par\" \/>\n\t<meta name=\"twitter:data1\" content=\"admin\" \/>\n\t<meta name=\"twitter:label2\" content=\"Dur\u00e9e de lecture estim\u00e9e\" \/>\n\t<meta name=\"twitter:data2\" content=\"2 minutes\" \/>\n<script type=\"application\/ld+json\" class=\"yoast-schema-graph\">{\"@context\":\"https:\\\/\\\/schema.org\",\"@graph\":[{\"@type\":\"Article\",\"@id\":\"https:\\\/\\\/lasentinelle.dz\\\/index.php\\\/2026\\\/03\\\/13\\\/feyenoord-la-premier-league-sarrache-anis-hadj-moussa\\\/#article\",\"isPartOf\":{\"@id\":\"https:\\\/\\\/lasentinelle.dz\\\/index.php\\\/2026\\\/03\\\/13\\\/feyenoord-la-premier-league-sarrache-anis-hadj-moussa\\\/\"},\"author\":{\"name\":\"admin\",\"@id\":\"https:\\\/\\\/lasentinelle.dz\\\/#\\\/schema\\\/person\\\/729ee0024f24e0b8c5ec17232f8e8b41\"},\"headline\":\"Feyenoord\u00a0: La Premier League s&rsquo;arrache Anis Hadj Moussa\",\"datePublished\":\"2026-03-13T19:02:27+00:00\",\"dateModified\":\"2026-03-13T19:02:28+00:00\",\"mainEntityOfPage\":{\"@id\":\"https:\\\/\\\/lasentinelle.dz\\\/index.php\\\/2026\\\/03\\\/13\\\/feyenoord-la-premier-league-sarrache-anis-hadj-moussa\\\/\"},\"wordCount\":405,\"commentCount\":0,\"publisher\":{\"@id\":\"https:\\\/\\\/lasentinelle.dz\\\/#organization\"},\"image\":{\"@id\":\"https:\\\/\\\/lasentinelle.dz\\\/index.php\\\/2026\\\/03\\\/13\\\/feyenoord-la-premier-league-sarrache-anis-hadj-moussa\\\/#primaryimage\"},\"thumbnailUrl\":\"https:\\\/\\\/lasentinelle.dz\\\/wp-content\\\/uploads\\\/2025\\\/10\\\/Anis-Hadj-Moussa.jpg\",\"articleSection\":[\"Sports\"],\"inLanguage\":\"fr-FR\",\"potentialAction\":[{\"@type\":\"CommentAction\",\"name\":\"Comment\",\"target\":[\"https:\\\/\\\/lasentinelle.dz\\\/index.php\\\/2026\\\/03\\\/13\\\/feyenoord-la-premier-league-sarrache-anis-hadj-moussa\\\/#respond\"]}]},{\"@type\":\"WebPage\",\"@id\":\"https:\\\/\\\/lasentinelle.dz\\\/index.php\\\/2026\\\/03\\\/13\\\/feyenoord-la-premier-league-sarrache-anis-hadj-moussa\\\/\",\"url\":\"https:\\\/\\\/lasentinelle.dz\\\/index.php\\\/2026\\\/03\\\/13\\\/feyenoord-la-premier-league-sarrache-anis-hadj-moussa\\\/\",\"name\":\"Feyenoord\u00a0: La Premier League s&rsquo;arrache Anis Hadj Moussa - La Sentinelle\",\"isPartOf\":{\"@id\":\"https:\\\/\\\/lasentinelle.dz\\\/#website\"},\"primaryImageOfPage\":{\"@id\":\"https:\\\/\\\/lasentinelle.dz\\\/index.php\\\/2026\\\/03\\\/13\\\/feyenoord-la-premier-league-sarrache-anis-hadj-moussa\\\/#primaryimage\"},\"image\":{\"@id\":\"https:\\\/\\\/lasentinelle.dz\\\/index.php\\\/2026\\\/03\\\/13\\\/feyenoord-la-premier-league-sarrache-anis-hadj-moussa\\\/#primaryimage\"},\"thumbnailUrl\":\"https:\\\/\\\/lasentinelle.dz\\\/wp-content\\\/uploads\\\/2025\\\/10\\\/Anis-Hadj-Moussa.jpg\",\"datePublished\":\"2026-03-13T19:02:27+00:00\",\"dateModified\":\"2026-03-13T19:02:28+00:00\",\"breadcrumb\":{\"@id\":\"https:\\\/\\\/lasentinelle.dz\\\/index.php\\\/2026\\\/03\\\/13\\\/feyenoord-la-premier-league-sarrache-anis-hadj-moussa\\\/#breadcrumb\"},\"inLanguage\":\"fr-FR\",\"potentialAction\":[{\"@type\":\"ReadAction\",\"target\":[\"https:\\\/\\\/lasentinelle.dz\\\/index.php\\\/2026\\\/03\\\/13\\\/feyenoord-la-premier-league-sarrache-anis-hadj-moussa\\\/\"]}]},{\"@type\":\"ImageObject\",\"inLanguage\":\"fr-FR\",\"@id\":\"https:\\\/\\\/lasentinelle.dz\\\/index.php\\\/2026\\\/03\\\/13\\\/feyenoord-la-premier-league-sarrache-anis-hadj-moussa\\\/#primaryimage\",\"url\":\"https:\\\/\\\/lasentinelle.dz\\\/wp-content\\\/uploads\\\/2025\\\/10\\\/Anis-Hadj-Moussa.jpg\",\"contentUrl\":\"https:\\\/\\\/lasentinelle.dz\\\/wp-content\\\/uploads\\\/2025\\\/10\\\/Anis-Hadj-Moussa.jpg\",\"width\":828,\"height\":552},{\"@type\":\"BreadcrumbList\",\"@id\":\"https:\\\/\\\/lasentinelle.dz\\\/index.php\\\/2026\\\/03\\\/13\\\/feyenoord-la-premier-league-sarrache-anis-hadj-moussa\\\/#breadcrumb\",\"itemListElement\":[{\"@type\":\"ListItem\",\"position\":1,\"name\":\"Accueil\",\"item\":\"https:\\\/\\\/lasentinelle.dz\\\/\"},{\"@type\":\"ListItem\",\"position\":2,\"name\":\"Feyenoord\u00a0: La Premier League s&rsquo;arrache Anis Hadj Moussa\"}]},{\"@type\":\"WebSite\",\"@id\":\"https:\\\/\\\/lasentinelle.dz\\\/#website\",\"url\":\"https:\\\/\\\/lasentinelle.dz\\\/\",\"name\":\"La Sentinelle\",\"description\":\"Quotidien national d&#039;information\",\"publisher\":{\"@id\":\"https:\\\/\\\/lasentinelle.dz\\\/#organization\"},\"potentialAction\":[{\"@type\":\"SearchAction\",\"target\":{\"@type\":\"EntryPoint\",\"urlTemplate\":\"https:\\\/\\\/lasentinelle.dz\\\/?s={search_term_string}\"},\"query-input\":{\"@type\":\"PropertyValueSpecification\",\"valueRequired\":true,\"valueName\":\"search_term_string\"}}],\"inLanguage\":\"fr-FR\"},{\"@type\":\"Organization\",\"@id\":\"https:\\\/\\\/lasentinelle.dz\\\/#organization\",\"name\":\"Quotidien La Sentinelle\",\"url\":\"https:\\\/\\\/lasentinelle.dz\\\/\",\"logo\":{\"@type\":\"ImageObject\",\"inLanguage\":\"fr-FR\",\"@id\":\"https:\\\/\\\/lasentinelle.dz\\\/#\\\/schema\\\/logo\\\/image\\\/\",\"url\":\"https:\\\/\\\/lasentinelle.dz\\\/wp-content\\\/uploads\\\/2021\\\/09\\\/logo-sentinelleSLOGAN-1.png\",\"contentUrl\":\"https:\\\/\\\/lasentinelle.dz\\\/wp-content\\\/uploads\\\/2021\\\/09\\\/logo-sentinelleSLOGAN-1.png\",\"width\":615,\"height\":142,\"caption\":\"Quotidien La Sentinelle\"},\"image\":{\"@id\":\"https:\\\/\\\/lasentinelle.dz\\\/#\\\/schema\\\/logo\\\/image\\\/\"},\"sameAs\":[\"https:\\\/\\\/www.facebook.com\\\/La-Sentinelle-104059864394773\"]},{\"@type\":\"Person\",\"@id\":\"https:\\\/\\\/lasentinelle.dz\\\/#\\\/schema\\\/person\\\/729ee0024f24e0b8c5ec17232f8e8b41\",\"name\":\"admin\",\"image\":{\"@type\":\"ImageObject\",\"inLanguage\":\"fr-FR\",\"@id\":\"https:\\\/\\\/secure.gravatar.com\\\/avatar\\\/4c81fed838786e9b53f540bf46533e750f5d292099ae3b66cfc6fb1982e29df7?s=96&d=mm&r=g\",\"url\":\"https:\\\/\\\/secure.gravatar.com\\\/avatar\\\/4c81fed838786e9b53f540bf46533e750f5d292099ae3b66cfc6fb1982e29df7?s=96&d=mm&r=g\",\"contentUrl\":\"https:\\\/\\\/secure.gravatar.com\\\/avatar\\\/4c81fed838786e9b53f540bf46533e750f5d292099ae3b66cfc6fb1982e29df7?s=96&d=mm&r=g\",\"caption\":\"admin\"},\"description\":\"admin\",\"url\":\"https:\\\/\\\/lasentinelle.dz\\\/author\\\/admin\\\/\"}]}<\/script>\n<!-- \/ Yoast SEO plugin. -->","yoast_head_json":{"title":"Feyenoord\u00a0: La Premier League s&rsquo;arrache Anis Hadj Moussa - La Sentinelle","robots":{"index":"index","follow":"follow","max-snippet":"max-snippet:-1","max-image-preview":"max-image-preview:large","max-video-preview":"max-video-preview:-1"},"canonical":"https:\/\/lasentinelle.dz\/index.php\/2026\/03\/13\/feyenoord-la-premier-league-sarrache-anis-hadj-moussa\/","og_locale":"fr_FR","og_type":"article","og_title":"Feyenoord\u00a0: La Premier League s&rsquo;arrache Anis Hadj Moussa - La Sentinelle","og_description":"En l&rsquo;espace de 17 mois aux Pays-Bas, Anis Hadj Moussa est pass\u00e9 d&rsquo;inconnu \u00e0 r\u00e9f\u00e9rence offensive de l&rsquo;Eredivisie. L&rsquo;ailier international","og_url":"https:\/\/lasentinelle.dz\/index.php\/2026\/03\/13\/feyenoord-la-premier-league-sarrache-anis-hadj-moussa\/","og_site_name":"La Sentinelle","article_publisher":"https:\/\/www.facebook.com\/La-Sentinelle-104059864394773","article_published_time":"2026-03-13T19:02:27+00:00","article_modified_time":"2026-03-13T19:02:28+00:00","og_image":[{"width":828,"height":552,"url":"https:\/\/lasentinelle.dz\/wp-content\/uploads\/2025\/10\/Anis-Hadj-Moussa.jpg","type":"image\/jpeg"}],"author":"admin","twitter_card":"summary_large_image","twitter_misc":{"\u00c9crit par":"admin","Dur\u00e9e de lecture estim\u00e9e":"2 minutes"},"schema":{"@context":"https:\/\/schema.org","@graph":[{"@type":"Article","@id":"https:\/\/lasentinelle.dz\/index.php\/2026\/03\/13\/feyenoord-la-premier-league-sarrache-anis-hadj-moussa\/#article","isPartOf":{"@id":"https:\/\/lasentinelle.dz\/index.php\/2026\/03\/13\/feyenoord-la-premier-league-sarrache-anis-hadj-moussa\/"},"author":{"name":"admin","@id":"https:\/\/lasentinelle.dz\/#\/schema\/person\/729ee0024f24e0b8c5ec17232f8e8b41"},"headline":"Feyenoord\u00a0: La Premier League s&rsquo;arrache Anis Hadj Moussa","datePublished":"2026-03-13T19:02:27+00:00","dateModified":"2026-03-13T19:02:28+00:00","mainEntityOfPage":{"@id":"https:\/\/lasentinelle.dz\/index.php\/2026\/03\/13\/feyenoord-la-premier-league-sarrache-anis-hadj-moussa\/"},"wordCount":405,"commentCount":0,"publisher":{"@id":"https:\/\/lasentinelle.dz\/#organization"},"image":{"@id":"https:\/\/lasentinelle.dz\/index.php\/2026\/03\/13\/feyenoord-la-premier-league-sarrache-anis-hadj-moussa\/#primaryimage"},"thumbnailUrl":"https:\/\/lasentinelle.dz\/wp-content\/uploads\/2025\/10\/Anis-Hadj-Moussa.jpg","articleSection":["Sports"],"inLanguage":"fr-FR","potentialAction":[{"@type":"CommentAction","name":"Comment","target":["https:\/\/lasentinelle.dz\/index.php\/2026\/03\/13\/feyenoord-la-premier-league-sarrache-anis-hadj-moussa\/#respond"]}]},{"@type":"WebPage","@id":"https:\/\/lasentinelle.dz\/index.php\/2026\/03\/13\/feyenoord-la-premier-league-sarrache-anis-hadj-moussa\/","url":"https:\/\/lasentinelle.dz\/index.php\/2026\/03\/13\/feyenoord-la-premier-league-sarrache-anis-hadj-moussa\/","name":"Feyenoord\u00a0: La Premier League s&rsquo;arrache Anis Hadj Moussa - La Sentinelle","isPartOf":{"@id":"https:\/\/lasentinelle.dz\/#website"},"primaryImageOfPage":{"@id":"https:\/\/lasentinelle.dz\/index.php\/2026\/03\/13\/feyenoord-la-premier-league-sarrache-anis-hadj-moussa\/#primaryimage"},"image":{"@id":"https:\/\/lasentinelle.dz\/index.php\/2026\/03\/13\/feyenoord-la-premier-league-sarrache-anis-hadj-moussa\/#primaryimage"},"thumbnailUrl":"https:\/\/lasentinelle.dz\/wp-content\/uploads\/2025\/10\/Anis-Hadj-Moussa.jpg","datePublished":"2026-03-13T19:02:27+00:00","dateModified":"2026-03-13T19:02:28+00:00","breadcrumb":{"@id":"https:\/\/lasentinelle.dz\/index.php\/2026\/03\/13\/feyenoord-la-premier-league-sarrache-anis-hadj-moussa\/#breadcrumb"},"inLanguage":"fr-FR","potentialAction":[{"@type":"ReadAction","target":["https:\/\/lasentinelle.dz\/index.php\/2026\/03\/13\/feyenoord-la-premier-league-sarrache-anis-hadj-moussa\/"]}]},{"@type":"ImageObject","inLanguage":"fr-FR","@id":"https:\/\/lasentinelle.dz\/index.php\/2026\/03\/13\/feyenoord-la-premier-league-sarrache-anis-hadj-moussa\/#primaryimage","url":"https:\/\/lasentinelle.dz\/wp-content\/uploads\/2025\/10\/Anis-Hadj-Moussa.jpg","contentUrl":"https:\/\/lasentinelle.dz\/wp-content\/uploads\/2025\/10\/Anis-Hadj-Moussa.jpg","width":828,"height":552},{"@type":"BreadcrumbList","@id":"https:\/\/lasentinelle.dz\/index.php\/2026\/03\/13\/feyenoord-la-premier-league-sarrache-anis-hadj-moussa\/#breadcrumb","itemListElement":[{"@type":"ListItem","position":1,"name":"Accueil","item":"https:\/\/lasentinelle.dz\/"},{"@type":"ListItem","position":2,"name":"Feyenoord\u00a0: La Premier League s&rsquo;arrache Anis Hadj Moussa"}]},{"@type":"WebSite","@id":"https:\/\/lasentinelle.dz\/#website","url":"https:\/\/lasentinelle.dz\/","name":"La Sentinelle","description":"Quotidien national d&#039;information","publisher":{"@id":"https:\/\/lasentinelle.dz\/#organization"},"potentialAction":[{"@type":"SearchAction","target":{"@type":"EntryPoint","urlTemplate":"https:\/\/lasentinelle.dz\/?s={search_term_string}"},"query-input":{"@type":"PropertyValueSpecification","valueRequired":true,"valueName":"search_term_string"}}],"inLanguage":"fr-FR"},{"@type":"Organization","@id":"https:\/\/lasentinelle.dz\/#organization","name":"Quotidien La Sentinelle","url":"https:\/\/lasentinelle.dz\/","logo":{"@type":"ImageObject","inLanguage":"fr-FR","@id":"https:\/\/lasentinelle.dz\/#\/schema\/logo\/image\/","url":"https:\/\/lasentinelle.dz\/wp-content\/uploads\/2021\/09\/logo-sentinelleSLOGAN-1.png","contentUrl":"https:\/\/lasentinelle.dz\/wp-content\/uploads\/2021\/09\/logo-sentinelleSLOGAN-1.png","width":615,"height":142,"caption":"Quotidien La Sentinelle"},"image":{"@id":"https:\/\/lasentinelle.dz\/#\/schema\/logo\/image\/"},"sameAs":["https:\/\/www.facebook.com\/La-Sentinelle-104059864394773"]},{"@type":"Person","@id":"https:\/\/lasentinelle.dz\/#\/schema\/person\/729ee0024f24e0b8c5ec17232f8e8b41","name":"admin","image":{"@type":"ImageObject","inLanguage":"fr-FR","@id":"https:\/\/secure.gravatar.com\/avatar\/4c81fed838786e9b53f540bf46533e750f5d292099ae3b66cfc6fb1982e29df7?s=96&d=mm&r=g","url":"https:\/\/secure.gravatar.com\/avatar\/4c81fed838786e9b53f540bf46533e750f5d292099ae3b66cfc6fb1982e29df7?s=96&d=mm&r=g","contentUrl":"https:\/\/secure.gravatar.com\/avatar\/4c81fed838786e9b53f540bf46533e750f5d292099ae3b66cfc6fb1982e29df7?s=96&d=mm&r=g","caption":"admin"},"description":"admin","url":"https:\/\/lasentinelle.dz\/author\/admin\/"}]}},"_links":{"self":[{"href":"https:\/\/lasentinelle.dz\/index.php\/wp-json\/wp\/v2\/posts\/83393","targetHints":{"allow":["GET"]}}],"collection":[{"href":"https:\/\/lasentinelle.dz\/index.php\/wp-json\/wp\/v2\/posts"}],"about":[{"href":"https:\/\/lasentinelle.dz\/index.php\/wp-json\/wp\/v2\/types\/post"}],"author":[{"embeddable":true,"href":"https:\/\/lasentinelle.dz\/index.php\/wp-json\/wp\/v2\/users\/6"}],"replies":[{"embeddable":true,"href":"https:\/\/lasentinelle.dz\/index.php\/wp-json\/wp\/v2\/comments?post=83393"}],"version-history":[{"count":2,"href":"https:\/\/lasentinelle.dz\/index.php\/wp-json\/wp\/v2\/posts\/83393\/revisions"}],"predecessor-version":[{"id":83395,"href":"https:\/\/lasentinelle.dz\/index.php\/wp-json\/wp\/v2\/posts\/83393\/revisions\/83395"}],"wp:featuredmedia":[{"embeddable":true,"href":"https:\/\/lasentinelle.dz\/index.php\/wp-json\/wp\/v2\/media\/74993"}],"wp:attachment":[{"href":"https:\/\/lasentinelle.dz\/index.php\/wp-json\/wp\/v2\/media?parent=83393"}],"wp:term":[{"taxonomy":"category","embeddable":true,"href":"https:\/\/lasentinelle.dz\/index.php\/wp-json\/wp\/v2\/categories?post=83393"},{"taxonomy":"post_tag","embeddable":true,"href":"https:\/\/lasentinelle.dz\/index.php\/wp-json\/wp\/v2\/tags?post=83393"}],"curies":[{"name":"wp","href":"https:\/\/api.w.org\/{rel}","templated":true}]}}