{"id":83396,"date":"2026-03-13T20:03:07","date_gmt":"2026-03-13T19:03:07","guid":{"rendered":"https:\/\/lasentinelle.dz\/?p=83396"},"modified":"2026-03-13T20:03:08","modified_gmt":"2026-03-13T19:03:08","slug":"coupe-de-la-confederation-africaine-lheure-de-verite-africaine-pour-le-crb-et-usma","status":"publish","type":"post","link":"https:\/\/lasentinelle.dz\/index.php\/2026\/03\/13\/coupe-de-la-confederation-africaine-lheure-de-verite-africaine-pour-le-crb-et-usma\/","title":{"rendered":"Coupe de la Conf\u00e9d\u00e9ration africaine\u00a0: L&rsquo;heure de v\u00e9rit\u00e9 africaine pour le CRB et USMA"},"content":{"rendered":"\n<p>La Coupe de la Conf\u00e9d\u00e9ration africaine entre dans sa phase la plus intense, et les deux repr\u00e9sentants alg\u00e9riens sont attendus au tournant.<\/p>\n\n\n\n<p>Les deux repr\u00e9sentants alg\u00e9riens en Coupe de la Conf\u00e9d\u00e9ration africaine de football, le CR Belouizdad et l&rsquo;USM Alger, seront appel\u00e9s \u00e0 n\u00e9gocier des d\u00e9placements d\u00e9licats, avec l&rsquo;ambition de ramener un r\u00e9sultat positif, \u00e0 l&rsquo;occasion des quarts de finale (aller) de la comp\u00e9tition. Le CR Belouizdad s&rsquo;est envol\u00e9 vers l&rsquo;\u00c9gypte pour d\u00e9fier ce samedi soir Al-Masry SC au stade de Suez, tandis que l&rsquo;USM Alger a pris la direction de la R\u00e9publique d\u00e9mocratique du Congo pour affronter l&rsquo;AS Maniema Union dimanche apr\u00e8s-midi. Deux d\u00e9placements, deux enjeux, une m\u00eame ambition : prendre une option s\u00e9rieuse en vue des demi-finales avant les manches retour du 21 et 22 mars.<\/p>\n\n\n\n<p><strong>CRB : une s\u00e9rie \u00e0 d\u00e9fendre, des absences \u00e0 g\u00e9rer<\/strong><\/p>\n\n\n\n<p>Le CR Belouizdad s&rsquo;est qualifi\u00e9 pour ce dernier carr\u00e9 en terminant en t\u00eate du groupe C avec quinze points, devant les Congolais de l&rsquo;AS Otoho d&rsquo;Oyo. Mais \u00e0 l&rsquo;heure d&rsquo;aborder ce choc continental, le staff technique de Sead Ramovic doit composer avec un effectif amput\u00e9. Trois joueurs importants ont en effet d\u00e9clar\u00e9 forfait pour blessure et n&rsquo;ont pas effectu\u00e9 le d\u00e9placement au Caire avec la d\u00e9l\u00e9gation belouizdadie jeudi : les d\u00e9fenseurs Choua\u00efb Keddad et Naoufel Khacef, ainsi que le milieu offensif Farid El-Mellali. Un coup dur, ind\u00e9niablement, pour une \u00e9quipe qui comptait s&rsquo;appuyer sur l&rsquo;int\u00e9gralit\u00e9 de son groupe pour ce rendez-vous continental. Ces absences ne semblent pourtant pas entamer la s\u00e9r\u00e9nit\u00e9 affich\u00e9e par le technicien allemand. \u00ab Nous attendons un match difficile et riche tactiquement. Al-Masry SC est une \u00e9quipe bien organis\u00e9e, avec beaucoup de qualit\u00e9 dans son effectif. Elle est \u00e9galement redoutable offensivement, comme le montre sa diff\u00e9rence de buts dans le championnat \u00e9gyptien. Les clubs \u00e9gyptiens font traditionnellement preuve d&rsquo;une forte discipline positionnelle. Nous abordons cette phase avec humilit\u00e9 et respect pour la comp\u00e9tition \u00bb, a d\u00e9clar\u00e9 Ramovic, rappelant au passage que rien ne sera acquis d&rsquo;avance face \u00e0 une formation au palmar\u00e8s solide. Car Al-Masry SC n&rsquo;est pas un adversaire ordinaire. Install\u00e9e \u00e0 Port-Sa\u00efd, l&rsquo;une des villes de football les plus passionn\u00e9es d&rsquo;\u00c9gypte, la formation dirig\u00e9e par le technicien tunisien Nabil Kouki \u2014 ancien entra\u00eeneur du Chabab lui-m\u00eame \u2014 compte dans ses rangs deux joueurs alg\u00e9riens bien connus : Abderrahim Deghmoum et Moundher Temine. Cinqui\u00e8me au classement de la Premier League \u00e9gyptienne avec trente-deux points, Al-Masry accuse certes un retard consid\u00e9rable sur le leader Zamalek SC, qui totalise quarante-trois unit\u00e9s, et reste sur une d\u00e9faite conc\u00e9d\u00e9e mardi face \u00e0 Al-Gounah FC (1-0) en championnat. Un signal \u00e0 double lecture : une \u00e9quipe en l\u00e9ger m\u00e9forme, mais aussi un adversaire susceptible de vouloir se relancer par l&rsquo;\u00e9chelon africain.<\/p>\n\n\n\n<p>Malgr\u00e9 les absences, les Rouge et balnc de La\u00e2quiba font figure de s\u00e9rieux pr\u00e9tendants. Leur s\u00e9rie de neuf matchs sans d\u00e9faite, toutes comp\u00e9titions confondues, t\u00e9moigne d&rsquo;une solidit\u00e9 collective que les forfaits individuels ne sauraient effacer. Ce sera aux rempla\u00e7ants de confirmer leur valeur, \u00e0 Suez, sous les lumi\u00e8res d&rsquo;un samedi soir continental. Le coup d&rsquo;envoi est fix\u00e9 \u00e0 21 heures. L&rsquo;arbitrage de la rencontre a \u00e9t\u00e9 confi\u00e9 au Congolais Jean-Jacques N&rsquo;dala, assist\u00e9 de ses compatriotes Guylain Bongele Ngila et Mwanya Gradel Mbilizi, le quatri\u00e8me officiel \u00e9tant le Tchadien Alhadji Allaou Mahamat.<\/p>\n\n\n\n<p><strong>L&rsquo;USMA en RDC : N&rsquo;Diaye conna\u00eet la maison<\/strong><\/p>\n\n\n\n<p>\u00c0 quelques milliers de kilom\u00e8tres de l\u00e0, l&rsquo;USM Alger se pr\u00e9pare \u00e0 fouler le sol congolais pour un d\u00e9fi d&rsquo;une tout autre nature. Leur adversaire, l&rsquo;AS Maniema Union, traverse une p\u00e9riode de forme impressionnante : quatre victoires cons\u00e9cutives toutes comp\u00e9titions confondues et une troisi\u00e8me place dans le groupe B du championnat congolais avec trente-six points, \u00e0 cinq longueurs seulement du leader, les Aigles du Congo. Une \u00e9quipe en confiance, ancr\u00e9e dans ses certitudes et qui disputera cette rencontre \u00e0 domicile, avec le soutien de son public.<\/p>\n\n\n\n<p>Mais les Rouge et Noir ont un atout de taille dans leur manche : leur entra\u00eeneur. Le S\u00e9n\u00e9galais Lamine N&rsquo;Diaye, qui a r\u00e9cemment pris les commandes de l&rsquo;USMA, conna\u00eet le football congolais dans ses moindres d\u00e9tails, pour avoir dirig\u00e9 \u00e0 deux reprises le TP Mazembe, l&rsquo;une des formations les plus titr\u00e9es du continent. Cette connaissance intime des sp\u00e9cificit\u00e9s du foot en RDC, du terrain au vestiaire en passant par les conditions logistiques d&rsquo;un d\u00e9placement dans cette r\u00e9gion, constitue un avantage pr\u00e9cieux que la concurrence n&rsquo;a pas. C\u00f4t\u00e9 groupe, les Alg\u00e9rois pourront compter sur l&rsquo;ensemble de leur effectif disponible, ce qui tranche favorablement avec la situation de leur compatriote du CRB. Sur le terrain, le capiton rouge et noir attend ce rendez-vous avec concentration, comme l&rsquo;a exprim\u00e9 le milieu offensif Houssem-Eddine Ghacha : \u00ab Nous abordons cette double confrontation face \u00e0 Maniema avec beaucoup de concentration. \u00bb Une formule sobre, mais qui dit tout de l&rsquo;\u00e9tat d&rsquo;esprit d&rsquo;un groupe conscient de l&rsquo;enjeu. Le r\u00e9sultat de ces deux matchs aller conditionnera largement les strat\u00e9gies \u00e0 adopter lors des retours, respectivement les 21 et 22 mars au stade Nelson Mandela de Baraki.<\/p>\n\n\n\n<p>Moncef Dahleb<\/p>\n","protected":false},"excerpt":{"rendered":"<p>La Coupe de la Conf\u00e9d\u00e9ration africaine entre dans sa phase la plus intense, et les deux repr\u00e9sentants alg\u00e9riens sont attendus<\/p>\n","protected":false},"author":6,"featured_media":83397,"comment_status":"open","ping_status":"closed","sticky":false,"template":"","format":"standard","meta":{"colormag_page_container_layout":"default_layout","colormag_page_sidebar_layout":"default_layout","om_disable_all_campaigns":false,"_monsterinsights_skip_tracking":false,"_monsterinsights_sitenote_active":false,"_monsterinsights_sitenote_note":"","_monsterinsights_sitenote_category":0,"footnotes":"","_wpscppro_dont_share_socialmedia":false,"_wpscppro_custom_social_share_image":0,"_facebook_share_type":"default","_twitter_share_type":"default","_linkedin_share_type":"default","_pinterest_share_type":"default","_linkedin_share_type_page":"","_instagram_share_type":"default","_medium_share_type":"default","_threads_share_type":"default","_google_business_share_type":"default","_selected_social_profile":[],"_wpsp_enable_custom_social_template":false,"_wpsp_social_scheduling":{"enabled":false,"datetime":null,"platforms":[],"status":"template_only","dateOption":"today","timeOption":"now","customDays":"","customHours":"","customDate":"","customTime":"","schedulingType":"absolute"},"_wpsp_active_default_template":true},"categories":[33],"tags":[],"class_list":["post-83396","post","type-post","status-publish","format-standard","has-post-thumbnail","hentry","category-sports"],"aioseo_notices":[],"yoast_head":"<!-- This site is optimized with the Yoast SEO plugin v27.5 - https:\/\/yoast.com\/product\/yoast-seo-wordpress\/ -->\n<title>Coupe de la Conf\u00e9d\u00e9ration africaine\u00a0: L&rsquo;heure de v\u00e9rit\u00e9 africaine pour le CRB et USMA - La Sentinelle<\/title>\n<meta name=\"robots\" content=\"index, follow, max-snippet:-1, max-image-preview:large, max-video-preview:-1\" \/>\n<link rel=\"canonical\" href=\"https:\/\/lasentinelle.dz\/index.php\/2026\/03\/13\/coupe-de-la-confederation-africaine-lheure-de-verite-africaine-pour-le-crb-et-usma\/\" \/>\n<meta property=\"og:locale\" content=\"fr_FR\" \/>\n<meta property=\"og:type\" content=\"article\" \/>\n<meta property=\"og:title\" content=\"Coupe de la Conf\u00e9d\u00e9ration africaine\u00a0: L&rsquo;heure de v\u00e9rit\u00e9 africaine pour le CRB et USMA - La Sentinelle\" \/>\n<meta property=\"og:description\" content=\"La Coupe de la Conf\u00e9d\u00e9ration africaine entre dans sa phase la plus intense, et les deux repr\u00e9sentants alg\u00e9riens sont attendus\" \/>\n<meta property=\"og:url\" content=\"https:\/\/lasentinelle.dz\/index.php\/2026\/03\/13\/coupe-de-la-confederation-africaine-lheure-de-verite-africaine-pour-le-crb-et-usma\/\" \/>\n<meta property=\"og:site_name\" content=\"La Sentinelle\" \/>\n<meta property=\"article:publisher\" content=\"https:\/\/www.facebook.com\/La-Sentinelle-104059864394773\" \/>\n<meta property=\"article:published_time\" content=\"2026-03-13T19:03:07+00:00\" \/>\n<meta property=\"article:modified_time\" content=\"2026-03-13T19:03:08+00:00\" \/>\n<meta property=\"og:image\" content=\"https:\/\/lasentinelle.dz\/wp-content\/uploads\/2026\/03\/CRB-1.jpg\" \/>\n\t<meta property=\"og:image:width\" content=\"2048\" \/>\n\t<meta property=\"og:image:height\" content=\"1364\" \/>\n\t<meta property=\"og:image:type\" content=\"image\/jpeg\" \/>\n<meta name=\"author\" content=\"admin\" \/>\n<meta name=\"twitter:card\" content=\"summary_large_image\" \/>\n<meta name=\"twitter:label1\" content=\"\u00c9crit par\" \/>\n\t<meta name=\"twitter:data1\" content=\"admin\" \/>\n\t<meta name=\"twitter:label2\" content=\"Dur\u00e9e de lecture estim\u00e9e\" \/>\n\t<meta name=\"twitter:data2\" content=\"5 minutes\" \/>\n<script type=\"application\/ld+json\" class=\"yoast-schema-graph\">{\"@context\":\"https:\\\/\\\/schema.org\",\"@graph\":[{\"@type\":\"Article\",\"@id\":\"https:\\\/\\\/lasentinelle.dz\\\/index.php\\\/2026\\\/03\\\/13\\\/coupe-de-la-confederation-africaine-lheure-de-verite-africaine-pour-le-crb-et-usma\\\/#article\",\"isPartOf\":{\"@id\":\"https:\\\/\\\/lasentinelle.dz\\\/index.php\\\/2026\\\/03\\\/13\\\/coupe-de-la-confederation-africaine-lheure-de-verite-africaine-pour-le-crb-et-usma\\\/\"},\"author\":{\"name\":\"admin\",\"@id\":\"https:\\\/\\\/lasentinelle.dz\\\/#\\\/schema\\\/person\\\/729ee0024f24e0b8c5ec17232f8e8b41\"},\"headline\":\"Coupe de la Conf\u00e9d\u00e9ration africaine\u00a0: L&rsquo;heure de v\u00e9rit\u00e9 africaine pour le CRB et USMA\",\"datePublished\":\"2026-03-13T19:03:07+00:00\",\"dateModified\":\"2026-03-13T19:03:08+00:00\",\"mainEntityOfPage\":{\"@id\":\"https:\\\/\\\/lasentinelle.dz\\\/index.php\\\/2026\\\/03\\\/13\\\/coupe-de-la-confederation-africaine-lheure-de-verite-africaine-pour-le-crb-et-usma\\\/\"},\"wordCount\":938,\"commentCount\":0,\"publisher\":{\"@id\":\"https:\\\/\\\/lasentinelle.dz\\\/#organization\"},\"image\":{\"@id\":\"https:\\\/\\\/lasentinelle.dz\\\/index.php\\\/2026\\\/03\\\/13\\\/coupe-de-la-confederation-africaine-lheure-de-verite-africaine-pour-le-crb-et-usma\\\/#primaryimage\"},\"thumbnailUrl\":\"https:\\\/\\\/lasentinelle.dz\\\/wp-content\\\/uploads\\\/2026\\\/03\\\/CRB-1.jpg\",\"articleSection\":[\"Sports\"],\"inLanguage\":\"fr-FR\",\"potentialAction\":[{\"@type\":\"CommentAction\",\"name\":\"Comment\",\"target\":[\"https:\\\/\\\/lasentinelle.dz\\\/index.php\\\/2026\\\/03\\\/13\\\/coupe-de-la-confederation-africaine-lheure-de-verite-africaine-pour-le-crb-et-usma\\\/#respond\"]}]},{\"@type\":\"WebPage\",\"@id\":\"https:\\\/\\\/lasentinelle.dz\\\/index.php\\\/2026\\\/03\\\/13\\\/coupe-de-la-confederation-africaine-lheure-de-verite-africaine-pour-le-crb-et-usma\\\/\",\"url\":\"https:\\\/\\\/lasentinelle.dz\\\/index.php\\\/2026\\\/03\\\/13\\\/coupe-de-la-confederation-africaine-lheure-de-verite-africaine-pour-le-crb-et-usma\\\/\",\"name\":\"Coupe de la Conf\u00e9d\u00e9ration africaine\u00a0: L&rsquo;heure de v\u00e9rit\u00e9 africaine pour le CRB et USMA - La Sentinelle\",\"isPartOf\":{\"@id\":\"https:\\\/\\\/lasentinelle.dz\\\/#website\"},\"primaryImageOfPage\":{\"@id\":\"https:\\\/\\\/lasentinelle.dz\\\/index.php\\\/2026\\\/03\\\/13\\\/coupe-de-la-confederation-africaine-lheure-de-verite-africaine-pour-le-crb-et-usma\\\/#primaryimage\"},\"image\":{\"@id\":\"https:\\\/\\\/lasentinelle.dz\\\/index.php\\\/2026\\\/03\\\/13\\\/coupe-de-la-confederation-africaine-lheure-de-verite-africaine-pour-le-crb-et-usma\\\/#primaryimage\"},\"thumbnailUrl\":\"https:\\\/\\\/lasentinelle.dz\\\/wp-content\\\/uploads\\\/2026\\\/03\\\/CRB-1.jpg\",\"datePublished\":\"2026-03-13T19:03:07+00:00\",\"dateModified\":\"2026-03-13T19:03:08+00:00\",\"breadcrumb\":{\"@id\":\"https:\\\/\\\/lasentinelle.dz\\\/index.php\\\/2026\\\/03\\\/13\\\/coupe-de-la-confederation-africaine-lheure-de-verite-africaine-pour-le-crb-et-usma\\\/#breadcrumb\"},\"inLanguage\":\"fr-FR\",\"potentialAction\":[{\"@type\":\"ReadAction\",\"target\":[\"https:\\\/\\\/lasentinelle.dz\\\/index.php\\\/2026\\\/03\\\/13\\\/coupe-de-la-confederation-africaine-lheure-de-verite-africaine-pour-le-crb-et-usma\\\/\"]}]},{\"@type\":\"ImageObject\",\"inLanguage\":\"fr-FR\",\"@id\":\"https:\\\/\\\/lasentinelle.dz\\\/index.php\\\/2026\\\/03\\\/13\\\/coupe-de-la-confederation-africaine-lheure-de-verite-africaine-pour-le-crb-et-usma\\\/#primaryimage\",\"url\":\"https:\\\/\\\/lasentinelle.dz\\\/wp-content\\\/uploads\\\/2026\\\/03\\\/CRB-1.jpg\",\"contentUrl\":\"https:\\\/\\\/lasentinelle.dz\\\/wp-content\\\/uploads\\\/2026\\\/03\\\/CRB-1.jpg\",\"width\":2048,\"height\":1364},{\"@type\":\"BreadcrumbList\",\"@id\":\"https:\\\/\\\/lasentinelle.dz\\\/index.php\\\/2026\\\/03\\\/13\\\/coupe-de-la-confederation-africaine-lheure-de-verite-africaine-pour-le-crb-et-usma\\\/#breadcrumb\",\"itemListElement\":[{\"@type\":\"ListItem\",\"position\":1,\"name\":\"Accueil\",\"item\":\"https:\\\/\\\/lasentinelle.dz\\\/\"},{\"@type\":\"ListItem\",\"position\":2,\"name\":\"Coupe de la Conf\u00e9d\u00e9ration africaine\u00a0: L&rsquo;heure de v\u00e9rit\u00e9 africaine pour le CRB et USMA\"}]},{\"@type\":\"WebSite\",\"@id\":\"https:\\\/\\\/lasentinelle.dz\\\/#website\",\"url\":\"https:\\\/\\\/lasentinelle.dz\\\/\",\"name\":\"La Sentinelle\",\"description\":\"Quotidien national d&#039;information\",\"publisher\":{\"@id\":\"https:\\\/\\\/lasentinelle.dz\\\/#organization\"},\"potentialAction\":[{\"@type\":\"SearchAction\",\"target\":{\"@type\":\"EntryPoint\",\"urlTemplate\":\"https:\\\/\\\/lasentinelle.dz\\\/?s={search_term_string}\"},\"query-input\":{\"@type\":\"PropertyValueSpecification\",\"valueRequired\":true,\"valueName\":\"search_term_string\"}}],\"inLanguage\":\"fr-FR\"},{\"@type\":\"Organization\",\"@id\":\"https:\\\/\\\/lasentinelle.dz\\\/#organization\",\"name\":\"Quotidien La Sentinelle\",\"url\":\"https:\\\/\\\/lasentinelle.dz\\\/\",\"logo\":{\"@type\":\"ImageObject\",\"inLanguage\":\"fr-FR\",\"@id\":\"https:\\\/\\\/lasentinelle.dz\\\/#\\\/schema\\\/logo\\\/image\\\/\",\"url\":\"https:\\\/\\\/lasentinelle.dz\\\/wp-content\\\/uploads\\\/2021\\\/09\\\/logo-sentinelleSLOGAN-1.png\",\"contentUrl\":\"https:\\\/\\\/lasentinelle.dz\\\/wp-content\\\/uploads\\\/2021\\\/09\\\/logo-sentinelleSLOGAN-1.png\",\"width\":615,\"height\":142,\"caption\":\"Quotidien La Sentinelle\"},\"image\":{\"@id\":\"https:\\\/\\\/lasentinelle.dz\\\/#\\\/schema\\\/logo\\\/image\\\/\"},\"sameAs\":[\"https:\\\/\\\/www.facebook.com\\\/La-Sentinelle-104059864394773\"]},{\"@type\":\"Person\",\"@id\":\"https:\\\/\\\/lasentinelle.dz\\\/#\\\/schema\\\/person\\\/729ee0024f24e0b8c5ec17232f8e8b41\",\"name\":\"admin\",\"image\":{\"@type\":\"ImageObject\",\"inLanguage\":\"fr-FR\",\"@id\":\"https:\\\/\\\/secure.gravatar.com\\\/avatar\\\/4c81fed838786e9b53f540bf46533e750f5d292099ae3b66cfc6fb1982e29df7?s=96&d=mm&r=g\",\"url\":\"https:\\\/\\\/secure.gravatar.com\\\/avatar\\\/4c81fed838786e9b53f540bf46533e750f5d292099ae3b66cfc6fb1982e29df7?s=96&d=mm&r=g\",\"contentUrl\":\"https:\\\/\\\/secure.gravatar.com\\\/avatar\\\/4c81fed838786e9b53f540bf46533e750f5d292099ae3b66cfc6fb1982e29df7?s=96&d=mm&r=g\",\"caption\":\"admin\"},\"description\":\"admin\",\"url\":\"https:\\\/\\\/lasentinelle.dz\\\/author\\\/admin\\\/\"}]}<\/script>\n<!-- \/ Yoast SEO plugin. -->","yoast_head_json":{"title":"Coupe de la Conf\u00e9d\u00e9ration africaine\u00a0: L&rsquo;heure de v\u00e9rit\u00e9 africaine pour le CRB et USMA - La Sentinelle","robots":{"index":"index","follow":"follow","max-snippet":"max-snippet:-1","max-image-preview":"max-image-preview:large","max-video-preview":"max-video-preview:-1"},"canonical":"https:\/\/lasentinelle.dz\/index.php\/2026\/03\/13\/coupe-de-la-confederation-africaine-lheure-de-verite-africaine-pour-le-crb-et-usma\/","og_locale":"fr_FR","og_type":"article","og_title":"Coupe de la Conf\u00e9d\u00e9ration africaine\u00a0: L&rsquo;heure de v\u00e9rit\u00e9 africaine pour le CRB et USMA - La Sentinelle","og_description":"La Coupe de la Conf\u00e9d\u00e9ration africaine entre dans sa phase la plus intense, et les deux repr\u00e9sentants alg\u00e9riens sont attendus","og_url":"https:\/\/lasentinelle.dz\/index.php\/2026\/03\/13\/coupe-de-la-confederation-africaine-lheure-de-verite-africaine-pour-le-crb-et-usma\/","og_site_name":"La Sentinelle","article_publisher":"https:\/\/www.facebook.com\/La-Sentinelle-104059864394773","article_published_time":"2026-03-13T19:03:07+00:00","article_modified_time":"2026-03-13T19:03:08+00:00","og_image":[{"width":2048,"height":1364,"url":"https:\/\/lasentinelle.dz\/wp-content\/uploads\/2026\/03\/CRB-1.jpg","type":"image\/jpeg"}],"author":"admin","twitter_card":"summary_large_image","twitter_misc":{"\u00c9crit par":"admin","Dur\u00e9e de lecture estim\u00e9e":"5 minutes"},"schema":{"@context":"https:\/\/schema.org","@graph":[{"@type":"Article","@id":"https:\/\/lasentinelle.dz\/index.php\/2026\/03\/13\/coupe-de-la-confederation-africaine-lheure-de-verite-africaine-pour-le-crb-et-usma\/#article","isPartOf":{"@id":"https:\/\/lasentinelle.dz\/index.php\/2026\/03\/13\/coupe-de-la-confederation-africaine-lheure-de-verite-africaine-pour-le-crb-et-usma\/"},"author":{"name":"admin","@id":"https:\/\/lasentinelle.dz\/#\/schema\/person\/729ee0024f24e0b8c5ec17232f8e8b41"},"headline":"Coupe de la Conf\u00e9d\u00e9ration africaine\u00a0: L&rsquo;heure de v\u00e9rit\u00e9 africaine pour le CRB et USMA","datePublished":"2026-03-13T19:03:07+00:00","dateModified":"2026-03-13T19:03:08+00:00","mainEntityOfPage":{"@id":"https:\/\/lasentinelle.dz\/index.php\/2026\/03\/13\/coupe-de-la-confederation-africaine-lheure-de-verite-africaine-pour-le-crb-et-usma\/"},"wordCount":938,"commentCount":0,"publisher":{"@id":"https:\/\/lasentinelle.dz\/#organization"},"image":{"@id":"https:\/\/lasentinelle.dz\/index.php\/2026\/03\/13\/coupe-de-la-confederation-africaine-lheure-de-verite-africaine-pour-le-crb-et-usma\/#primaryimage"},"thumbnailUrl":"https:\/\/lasentinelle.dz\/wp-content\/uploads\/2026\/03\/CRB-1.jpg","articleSection":["Sports"],"inLanguage":"fr-FR","potentialAction":[{"@type":"CommentAction","name":"Comment","target":["https:\/\/lasentinelle.dz\/index.php\/2026\/03\/13\/coupe-de-la-confederation-africaine-lheure-de-verite-africaine-pour-le-crb-et-usma\/#respond"]}]},{"@type":"WebPage","@id":"https:\/\/lasentinelle.dz\/index.php\/2026\/03\/13\/coupe-de-la-confederation-africaine-lheure-de-verite-africaine-pour-le-crb-et-usma\/","url":"https:\/\/lasentinelle.dz\/index.php\/2026\/03\/13\/coupe-de-la-confederation-africaine-lheure-de-verite-africaine-pour-le-crb-et-usma\/","name":"Coupe de la Conf\u00e9d\u00e9ration africaine\u00a0: L&rsquo;heure de v\u00e9rit\u00e9 africaine pour le CRB et USMA - La Sentinelle","isPartOf":{"@id":"https:\/\/lasentinelle.dz\/#website"},"primaryImageOfPage":{"@id":"https:\/\/lasentinelle.dz\/index.php\/2026\/03\/13\/coupe-de-la-confederation-africaine-lheure-de-verite-africaine-pour-le-crb-et-usma\/#primaryimage"},"image":{"@id":"https:\/\/lasentinelle.dz\/index.php\/2026\/03\/13\/coupe-de-la-confederation-africaine-lheure-de-verite-africaine-pour-le-crb-et-usma\/#primaryimage"},"thumbnailUrl":"https:\/\/lasentinelle.dz\/wp-content\/uploads\/2026\/03\/CRB-1.jpg","datePublished":"2026-03-13T19:03:07+00:00","dateModified":"2026-03-13T19:03:08+00:00","breadcrumb":{"@id":"https:\/\/lasentinelle.dz\/index.php\/2026\/03\/13\/coupe-de-la-confederation-africaine-lheure-de-verite-africaine-pour-le-crb-et-usma\/#breadcrumb"},"inLanguage":"fr-FR","potentialAction":[{"@type":"ReadAction","target":["https:\/\/lasentinelle.dz\/index.php\/2026\/03\/13\/coupe-de-la-confederation-africaine-lheure-de-verite-africaine-pour-le-crb-et-usma\/"]}]},{"@type":"ImageObject","inLanguage":"fr-FR","@id":"https:\/\/lasentinelle.dz\/index.php\/2026\/03\/13\/coupe-de-la-confederation-africaine-lheure-de-verite-africaine-pour-le-crb-et-usma\/#primaryimage","url":"https:\/\/lasentinelle.dz\/wp-content\/uploads\/2026\/03\/CRB-1.jpg","contentUrl":"https:\/\/lasentinelle.dz\/wp-content\/uploads\/2026\/03\/CRB-1.jpg","width":2048,"height":1364},{"@type":"BreadcrumbList","@id":"https:\/\/lasentinelle.dz\/index.php\/2026\/03\/13\/coupe-de-la-confederation-africaine-lheure-de-verite-africaine-pour-le-crb-et-usma\/#breadcrumb","itemListElement":[{"@type":"ListItem","position":1,"name":"Accueil","item":"https:\/\/lasentinelle.dz\/"},{"@type":"ListItem","position":2,"name":"Coupe de la Conf\u00e9d\u00e9ration africaine\u00a0: L&rsquo;heure de v\u00e9rit\u00e9 africaine pour le CRB et USMA"}]},{"@type":"WebSite","@id":"https:\/\/lasentinelle.dz\/#website","url":"https:\/\/lasentinelle.dz\/","name":"La Sentinelle","description":"Quotidien national d&#039;information","publisher":{"@id":"https:\/\/lasentinelle.dz\/#organization"},"potentialAction":[{"@type":"SearchAction","target":{"@type":"EntryPoint","urlTemplate":"https:\/\/lasentinelle.dz\/?s={search_term_string}"},"query-input":{"@type":"PropertyValueSpecification","valueRequired":true,"valueName":"search_term_string"}}],"inLanguage":"fr-FR"},{"@type":"Organization","@id":"https:\/\/lasentinelle.dz\/#organization","name":"Quotidien La Sentinelle","url":"https:\/\/lasentinelle.dz\/","logo":{"@type":"ImageObject","inLanguage":"fr-FR","@id":"https:\/\/lasentinelle.dz\/#\/schema\/logo\/image\/","url":"https:\/\/lasentinelle.dz\/wp-content\/uploads\/2021\/09\/logo-sentinelleSLOGAN-1.png","contentUrl":"https:\/\/lasentinelle.dz\/wp-content\/uploads\/2021\/09\/logo-sentinelleSLOGAN-1.png","width":615,"height":142,"caption":"Quotidien La Sentinelle"},"image":{"@id":"https:\/\/lasentinelle.dz\/#\/schema\/logo\/image\/"},"sameAs":["https:\/\/www.facebook.com\/La-Sentinelle-104059864394773"]},{"@type":"Person","@id":"https:\/\/lasentinelle.dz\/#\/schema\/person\/729ee0024f24e0b8c5ec17232f8e8b41","name":"admin","image":{"@type":"ImageObject","inLanguage":"fr-FR","@id":"https:\/\/secure.gravatar.com\/avatar\/4c81fed838786e9b53f540bf46533e750f5d292099ae3b66cfc6fb1982e29df7?s=96&d=mm&r=g","url":"https:\/\/secure.gravatar.com\/avatar\/4c81fed838786e9b53f540bf46533e750f5d292099ae3b66cfc6fb1982e29df7?s=96&d=mm&r=g","contentUrl":"https:\/\/secure.gravatar.com\/avatar\/4c81fed838786e9b53f540bf46533e750f5d292099ae3b66cfc6fb1982e29df7?s=96&d=mm&r=g","caption":"admin"},"description":"admin","url":"https:\/\/lasentinelle.dz\/author\/admin\/"}]}},"_links":{"self":[{"href":"https:\/\/lasentinelle.dz\/index.php\/wp-json\/wp\/v2\/posts\/83396","targetHints":{"allow":["GET"]}}],"collection":[{"href":"https:\/\/lasentinelle.dz\/index.php\/wp-json\/wp\/v2\/posts"}],"about":[{"href":"https:\/\/lasentinelle.dz\/index.php\/wp-json\/wp\/v2\/types\/post"}],"author":[{"embeddable":true,"href":"https:\/\/lasentinelle.dz\/index.php\/wp-json\/wp\/v2\/users\/6"}],"replies":[{"embeddable":true,"href":"https:\/\/lasentinelle.dz\/index.php\/wp-json\/wp\/v2\/comments?post=83396"}],"version-history":[{"count":2,"href":"https:\/\/lasentinelle.dz\/index.php\/wp-json\/wp\/v2\/posts\/83396\/revisions"}],"predecessor-version":[{"id":83399,"href":"https:\/\/lasentinelle.dz\/index.php\/wp-json\/wp\/v2\/posts\/83396\/revisions\/83399"}],"wp:featuredmedia":[{"embeddable":true,"href":"https:\/\/lasentinelle.dz\/index.php\/wp-json\/wp\/v2\/media\/83397"}],"wp:attachment":[{"href":"https:\/\/lasentinelle.dz\/index.php\/wp-json\/wp\/v2\/media?parent=83396"}],"wp:term":[{"taxonomy":"category","embeddable":true,"href":"https:\/\/lasentinelle.dz\/index.php\/wp-json\/wp\/v2\/categories?post=83396"},{"taxonomy":"post_tag","embeddable":true,"href":"https:\/\/lasentinelle.dz\/index.php\/wp-json\/wp\/v2\/tags?post=83396"}],"curies":[{"name":"wp","href":"https:\/\/api.w.org\/{rel}","templated":true}]}}