{"id":83400,"date":"2026-03-13T20:04:03","date_gmt":"2026-03-13T19:04:03","guid":{"rendered":"https:\/\/lasentinelle.dz\/?p=83400"},"modified":"2026-03-13T20:04:04","modified_gmt":"2026-03-13T19:04:04","slug":"maroc-lamdh-denonce-la-repression-et-rejette-la-normalisation-avec-lentite-sioniste","status":"publish","type":"post","link":"https:\/\/lasentinelle.dz\/index.php\/2026\/03\/13\/maroc-lamdh-denonce-la-repression-et-rejette-la-normalisation-avec-lentite-sioniste\/","title":{"rendered":"Maroc\u00a0: L&rsquo;AMDH d\u00e9nonce la r\u00e9pression et rejette la normalisation avec l\u2019entit\u00e9 sioniste"},"content":{"rendered":"\n<p>L&rsquo;Association marocaine des droits humains tire la sonnette d&rsquo;alarme. Dans un communiqu\u00e9 publi\u00e9 cette semaine sur son site internet et relay\u00e9 par nos confr\u00e8re de AL24 NEWS, l&rsquo;AMDH a d\u00e9nonc\u00e9 une \u00ab r\u00e9gression inqui\u00e9tante des libert\u00e9s \u00bb au Maroc, d\u00e9non\u00e7ant la multiplication des arrestations et des proc\u00e8s li\u00e9s \u00e0 l&rsquo;expression publique, tout en r\u00e9affirmant son opposition \u00e0 toute normalisation avec Isra\u00ebl. L&rsquo;organisation exprime sa \u00ab vive inqui\u00e9tude \u00bb face \u00e0 la recrudescence des poursuites judiciaires visant blogueurs, journalistes et jeunes militants, qu&rsquo;elle qualifie d&rsquo;\u00ab accusations fabriqu\u00e9es \u00bb. Parmi les cas embl\u00e9matiques figure celui de Souhaib Qabli, 20 ans, rappeur originaire de Taza connu sous le nom d&rsquo;Al-Hassel, plac\u00e9 en garde \u00e0 vue \u00e0 F\u00e8s en raison de ses chansons critiquant la corruption et la politique de normalisation avec Isra\u00ebl. Ses textes, devenus viraux aupr\u00e8s de la jeunesse marocaine, lui ont valu une arrestation qui a aussit\u00f4t suscit\u00e9 une vague de solidarit\u00e9 sur les r\u00e9seaux sociaux sous le hashtag #Lib\u00e9rezSouhaib. L&rsquo;AMDH a assur\u00e9 \u00ab suivre de pr\u00e8s le dossier et informer l&rsquo;opinion publique des \u00e9volutions \u00bb. L&rsquo;affaire s&rsquo;inscrit dans un contexte de contestation sociale d&rsquo;ampleur. Fin septembre 2025, des manifestations avaient \u00e9clat\u00e9 dans plusieurs villes du royaume \u2014 Casablanca, Agadir, Marrakech, Tanger, Sal\u00e9, Oujda et Rabat \u2014 port\u00e9es par un mouvement de jeunes baptis\u00e9 GenZ 212, organis\u00e9 de mani\u00e8re d\u00e9centralis\u00e9e via TikTok, Instagram et Discord. Ces protestations d\u00e9non\u00e7aient l&rsquo;insuffisance des services publics, le ch\u00f4mage \u00e9lev\u00e9, la corruption et les d\u00e9penses jug\u00e9es excessives allou\u00e9es \u00e0 la Coupe du monde 2030. Rapidement, la r\u00e9ponse des forces de s\u00e9curit\u00e9 avait \u00e9t\u00e9 s\u00e9v\u00e8re : gaz lacrymog\u00e8nes, balles en caoutchouc et, selon plusieurs t\u00e9moignages, munitions r\u00e9elles.<\/p>\n\n\n\n<p>Le 1er octobre 2025, le drame avait atteint son paroxysme \u00e0 Leqliaa, au sud du pays, o\u00f9 trois jeunes hommes avaient \u00e9t\u00e9 abattus lors d&rsquo;une op\u00e9ration des forces de l&rsquo;ordre contre des protestataires. Les autorit\u00e9s avaient invoqu\u00e9 la \u00ab l\u00e9gitime d\u00e9fense \u00bb, une version contest\u00e9e par les organisations de d\u00e9fense des droits humains, qui affirment que les victimes \u00ab ne repr\u00e9sentaient aucune menace directe \u00bb. L&rsquo;AMDH et Mena Rights Group ont conjointement saisi les rapporteurs sp\u00e9ciaux des Nations unies pour d\u00e9noncer \u00ab un usage disproportionn\u00e9 de la force \u00bb et r\u00e9clamer l&rsquo;ouverture d&rsquo;une enqu\u00eate ind\u00e9pendante. Selon l&rsquo;AMDH, la r\u00e9pression du mouvement a d\u00e9j\u00e0 entra\u00een\u00e9 \u00ab des milliers d&rsquo;arrestations et des centaines de bless\u00e9s \u00bb. Les familles des victimes signalent des violations graves : retards dans l&rsquo;annonce des d\u00e9c\u00e8s, restrictions impos\u00e9es lors des fun\u00e9railles, absence d&rsquo;acc\u00e8s aux autopsies et confiscation d&rsquo;effets personnels.<\/p>\n\n\n\n<p>Sur un autre volet, l&rsquo;association a renouvel\u00e9 son appel \u00e0 \u00ab mettre fin \u00e0 toutes les formes de coop\u00e9ration militaire, s\u00e9curitaire, scientifique ou agricole avec le r\u00e9gime sioniste \u00bb, estimant que ces accords \u00ab ne feront qu&rsquo;accro\u00eetre l&#8217;emprise \u00e9trang\u00e8re sur les ressources du pays et menacer la souverainet\u00e9 nationale \u00bb. Une prise de position qui fait \u00e9cho aux revendications exprim\u00e9es dans les rues par le mouvement GenZ 212. Le communiqu\u00e9 aborde enfin les fragilit\u00e9s socio-\u00e9conomiques structurelles du pays, d\u00e9non\u00e7ant \u00ab l&rsquo;absence d&rsquo;une politique nationale efficace pour garantir la s\u00e9curit\u00e9 alimentaire, \u00e9nerg\u00e9tique et sanitaire \u00bb ainsi que \u00ab le renforcement du monopole et du client\u00e9lisme au d\u00e9triment des citoyens les plus vuln\u00e9rables \u00bb.<\/p>\n\n\n\n<p>R.I.<\/p>\n","protected":false},"excerpt":{"rendered":"<p>L&rsquo;Association marocaine des droits humains tire la sonnette d&rsquo;alarme. Dans un communiqu\u00e9 publi\u00e9 cette semaine sur son site internet et<\/p>\n","protected":false},"author":6,"featured_media":75295,"comment_status":"open","ping_status":"closed","sticky":false,"template":"","format":"standard","meta":{"colormag_page_container_layout":"default_layout","colormag_page_sidebar_layout":"default_layout","om_disable_all_campaigns":false,"_monsterinsights_skip_tracking":false,"_monsterinsights_sitenote_active":false,"_monsterinsights_sitenote_note":"","_monsterinsights_sitenote_category":0,"footnotes":"","_wpscppro_dont_share_socialmedia":false,"_wpscppro_custom_social_share_image":0,"_facebook_share_type":"default","_twitter_share_type":"default","_linkedin_share_type":"default","_pinterest_share_type":"default","_linkedin_share_type_page":"","_instagram_share_type":"default","_medium_share_type":"default","_threads_share_type":"default","_google_business_share_type":"default","_selected_social_profile":[],"_wpsp_enable_custom_social_template":false,"_wpsp_social_scheduling":{"enabled":false,"datetime":null,"platforms":[],"status":"template_only","dateOption":"today","timeOption":"now","customDays":"","customHours":"","customDate":"","customTime":"","schedulingType":"absolute"},"_wpsp_active_default_template":true},"categories":[37],"tags":[],"class_list":["post-83400","post","type-post","status-publish","format-standard","has-post-thumbnail","hentry","category-monde"],"aioseo_notices":[],"yoast_head":"<!-- This site is optimized with the Yoast SEO plugin v27.5 - https:\/\/yoast.com\/product\/yoast-seo-wordpress\/ -->\n<title>Maroc\u00a0: L&rsquo;AMDH d\u00e9nonce la r\u00e9pression et rejette la normalisation avec l\u2019entit\u00e9 sioniste - La Sentinelle<\/title>\n<meta name=\"robots\" content=\"index, follow, max-snippet:-1, max-image-preview:large, max-video-preview:-1\" \/>\n<link rel=\"canonical\" href=\"https:\/\/lasentinelle.dz\/index.php\/2026\/03\/13\/maroc-lamdh-denonce-la-repression-et-rejette-la-normalisation-avec-lentite-sioniste\/\" \/>\n<meta property=\"og:locale\" content=\"fr_FR\" \/>\n<meta property=\"og:type\" content=\"article\" \/>\n<meta property=\"og:title\" content=\"Maroc\u00a0: L&rsquo;AMDH d\u00e9nonce la r\u00e9pression et rejette la normalisation avec l\u2019entit\u00e9 sioniste - La Sentinelle\" \/>\n<meta property=\"og:description\" content=\"L&rsquo;Association marocaine des droits humains tire la sonnette d&rsquo;alarme. Dans un communiqu\u00e9 publi\u00e9 cette semaine sur son site internet et\" \/>\n<meta property=\"og:url\" content=\"https:\/\/lasentinelle.dz\/index.php\/2026\/03\/13\/maroc-lamdh-denonce-la-repression-et-rejette-la-normalisation-avec-lentite-sioniste\/\" \/>\n<meta property=\"og:site_name\" content=\"La Sentinelle\" \/>\n<meta property=\"article:publisher\" content=\"https:\/\/www.facebook.com\/La-Sentinelle-104059864394773\" \/>\n<meta property=\"article:published_time\" content=\"2026-03-13T19:04:03+00:00\" \/>\n<meta property=\"article:modified_time\" content=\"2026-03-13T19:04:04+00:00\" \/>\n<meta property=\"og:image\" content=\"https:\/\/lasentinelle.dz\/wp-content\/uploads\/2025\/10\/repression-scaled.jpg\" \/>\n\t<meta property=\"og:image:width\" content=\"2560\" \/>\n\t<meta property=\"og:image:height\" content=\"1707\" \/>\n\t<meta property=\"og:image:type\" content=\"image\/jpeg\" \/>\n<meta name=\"author\" content=\"admin\" \/>\n<meta name=\"twitter:card\" content=\"summary_large_image\" \/>\n<meta name=\"twitter:label1\" content=\"\u00c9crit par\" \/>\n\t<meta name=\"twitter:data1\" content=\"admin\" \/>\n\t<meta name=\"twitter:label2\" content=\"Dur\u00e9e de lecture estim\u00e9e\" \/>\n\t<meta name=\"twitter:data2\" content=\"3 minutes\" \/>\n<script type=\"application\/ld+json\" class=\"yoast-schema-graph\">{\"@context\":\"https:\\\/\\\/schema.org\",\"@graph\":[{\"@type\":\"Article\",\"@id\":\"https:\\\/\\\/lasentinelle.dz\\\/index.php\\\/2026\\\/03\\\/13\\\/maroc-lamdh-denonce-la-repression-et-rejette-la-normalisation-avec-lentite-sioniste\\\/#article\",\"isPartOf\":{\"@id\":\"https:\\\/\\\/lasentinelle.dz\\\/index.php\\\/2026\\\/03\\\/13\\\/maroc-lamdh-denonce-la-repression-et-rejette-la-normalisation-avec-lentite-sioniste\\\/\"},\"author\":{\"name\":\"admin\",\"@id\":\"https:\\\/\\\/lasentinelle.dz\\\/#\\\/schema\\\/person\\\/729ee0024f24e0b8c5ec17232f8e8b41\"},\"headline\":\"Maroc\u00a0: L&rsquo;AMDH d\u00e9nonce la r\u00e9pression et rejette la normalisation avec l\u2019entit\u00e9 sioniste\",\"datePublished\":\"2026-03-13T19:04:03+00:00\",\"dateModified\":\"2026-03-13T19:04:04+00:00\",\"mainEntityOfPage\":{\"@id\":\"https:\\\/\\\/lasentinelle.dz\\\/index.php\\\/2026\\\/03\\\/13\\\/maroc-lamdh-denonce-la-repression-et-rejette-la-normalisation-avec-lentite-sioniste\\\/\"},\"wordCount\":602,\"commentCount\":0,\"publisher\":{\"@id\":\"https:\\\/\\\/lasentinelle.dz\\\/#organization\"},\"image\":{\"@id\":\"https:\\\/\\\/lasentinelle.dz\\\/index.php\\\/2026\\\/03\\\/13\\\/maroc-lamdh-denonce-la-repression-et-rejette-la-normalisation-avec-lentite-sioniste\\\/#primaryimage\"},\"thumbnailUrl\":\"https:\\\/\\\/lasentinelle.dz\\\/wp-content\\\/uploads\\\/2025\\\/10\\\/repression-scaled.jpg\",\"articleSection\":[\"Monde\"],\"inLanguage\":\"fr-FR\",\"potentialAction\":[{\"@type\":\"CommentAction\",\"name\":\"Comment\",\"target\":[\"https:\\\/\\\/lasentinelle.dz\\\/index.php\\\/2026\\\/03\\\/13\\\/maroc-lamdh-denonce-la-repression-et-rejette-la-normalisation-avec-lentite-sioniste\\\/#respond\"]}]},{\"@type\":\"WebPage\",\"@id\":\"https:\\\/\\\/lasentinelle.dz\\\/index.php\\\/2026\\\/03\\\/13\\\/maroc-lamdh-denonce-la-repression-et-rejette-la-normalisation-avec-lentite-sioniste\\\/\",\"url\":\"https:\\\/\\\/lasentinelle.dz\\\/index.php\\\/2026\\\/03\\\/13\\\/maroc-lamdh-denonce-la-repression-et-rejette-la-normalisation-avec-lentite-sioniste\\\/\",\"name\":\"Maroc\u00a0: L&rsquo;AMDH d\u00e9nonce la r\u00e9pression et rejette la normalisation avec l\u2019entit\u00e9 sioniste - La Sentinelle\",\"isPartOf\":{\"@id\":\"https:\\\/\\\/lasentinelle.dz\\\/#website\"},\"primaryImageOfPage\":{\"@id\":\"https:\\\/\\\/lasentinelle.dz\\\/index.php\\\/2026\\\/03\\\/13\\\/maroc-lamdh-denonce-la-repression-et-rejette-la-normalisation-avec-lentite-sioniste\\\/#primaryimage\"},\"image\":{\"@id\":\"https:\\\/\\\/lasentinelle.dz\\\/index.php\\\/2026\\\/03\\\/13\\\/maroc-lamdh-denonce-la-repression-et-rejette-la-normalisation-avec-lentite-sioniste\\\/#primaryimage\"},\"thumbnailUrl\":\"https:\\\/\\\/lasentinelle.dz\\\/wp-content\\\/uploads\\\/2025\\\/10\\\/repression-scaled.jpg\",\"datePublished\":\"2026-03-13T19:04:03+00:00\",\"dateModified\":\"2026-03-13T19:04:04+00:00\",\"breadcrumb\":{\"@id\":\"https:\\\/\\\/lasentinelle.dz\\\/index.php\\\/2026\\\/03\\\/13\\\/maroc-lamdh-denonce-la-repression-et-rejette-la-normalisation-avec-lentite-sioniste\\\/#breadcrumb\"},\"inLanguage\":\"fr-FR\",\"potentialAction\":[{\"@type\":\"ReadAction\",\"target\":[\"https:\\\/\\\/lasentinelle.dz\\\/index.php\\\/2026\\\/03\\\/13\\\/maroc-lamdh-denonce-la-repression-et-rejette-la-normalisation-avec-lentite-sioniste\\\/\"]}]},{\"@type\":\"ImageObject\",\"inLanguage\":\"fr-FR\",\"@id\":\"https:\\\/\\\/lasentinelle.dz\\\/index.php\\\/2026\\\/03\\\/13\\\/maroc-lamdh-denonce-la-repression-et-rejette-la-normalisation-avec-lentite-sioniste\\\/#primaryimage\",\"url\":\"https:\\\/\\\/lasentinelle.dz\\\/wp-content\\\/uploads\\\/2025\\\/10\\\/repression-scaled.jpg\",\"contentUrl\":\"https:\\\/\\\/lasentinelle.dz\\\/wp-content\\\/uploads\\\/2025\\\/10\\\/repression-scaled.jpg\",\"width\":2560,\"height\":1707,\"caption\":\"Moroccan security forces detain a protester during a youth-led demonstration for social justice and demanding improvements in the public health and education sectors, in front of the parliament building in Rabat, on September 28, 2025. (Photo by Abdel Majid BZIOUAT \\\/ AFP)\"},{\"@type\":\"BreadcrumbList\",\"@id\":\"https:\\\/\\\/lasentinelle.dz\\\/index.php\\\/2026\\\/03\\\/13\\\/maroc-lamdh-denonce-la-repression-et-rejette-la-normalisation-avec-lentite-sioniste\\\/#breadcrumb\",\"itemListElement\":[{\"@type\":\"ListItem\",\"position\":1,\"name\":\"Accueil\",\"item\":\"https:\\\/\\\/lasentinelle.dz\\\/\"},{\"@type\":\"ListItem\",\"position\":2,\"name\":\"Maroc\u00a0: L&rsquo;AMDH d\u00e9nonce la r\u00e9pression et rejette la normalisation avec l\u2019entit\u00e9 sioniste\"}]},{\"@type\":\"WebSite\",\"@id\":\"https:\\\/\\\/lasentinelle.dz\\\/#website\",\"url\":\"https:\\\/\\\/lasentinelle.dz\\\/\",\"name\":\"La Sentinelle\",\"description\":\"Quotidien national d&#039;information\",\"publisher\":{\"@id\":\"https:\\\/\\\/lasentinelle.dz\\\/#organization\"},\"potentialAction\":[{\"@type\":\"SearchAction\",\"target\":{\"@type\":\"EntryPoint\",\"urlTemplate\":\"https:\\\/\\\/lasentinelle.dz\\\/?s={search_term_string}\"},\"query-input\":{\"@type\":\"PropertyValueSpecification\",\"valueRequired\":true,\"valueName\":\"search_term_string\"}}],\"inLanguage\":\"fr-FR\"},{\"@type\":\"Organization\",\"@id\":\"https:\\\/\\\/lasentinelle.dz\\\/#organization\",\"name\":\"Quotidien La Sentinelle\",\"url\":\"https:\\\/\\\/lasentinelle.dz\\\/\",\"logo\":{\"@type\":\"ImageObject\",\"inLanguage\":\"fr-FR\",\"@id\":\"https:\\\/\\\/lasentinelle.dz\\\/#\\\/schema\\\/logo\\\/image\\\/\",\"url\":\"https:\\\/\\\/lasentinelle.dz\\\/wp-content\\\/uploads\\\/2021\\\/09\\\/logo-sentinelleSLOGAN-1.png\",\"contentUrl\":\"https:\\\/\\\/lasentinelle.dz\\\/wp-content\\\/uploads\\\/2021\\\/09\\\/logo-sentinelleSLOGAN-1.png\",\"width\":615,\"height\":142,\"caption\":\"Quotidien La Sentinelle\"},\"image\":{\"@id\":\"https:\\\/\\\/lasentinelle.dz\\\/#\\\/schema\\\/logo\\\/image\\\/\"},\"sameAs\":[\"https:\\\/\\\/www.facebook.com\\\/La-Sentinelle-104059864394773\"]},{\"@type\":\"Person\",\"@id\":\"https:\\\/\\\/lasentinelle.dz\\\/#\\\/schema\\\/person\\\/729ee0024f24e0b8c5ec17232f8e8b41\",\"name\":\"admin\",\"image\":{\"@type\":\"ImageObject\",\"inLanguage\":\"fr-FR\",\"@id\":\"https:\\\/\\\/secure.gravatar.com\\\/avatar\\\/4c81fed838786e9b53f540bf46533e750f5d292099ae3b66cfc6fb1982e29df7?s=96&d=mm&r=g\",\"url\":\"https:\\\/\\\/secure.gravatar.com\\\/avatar\\\/4c81fed838786e9b53f540bf46533e750f5d292099ae3b66cfc6fb1982e29df7?s=96&d=mm&r=g\",\"contentUrl\":\"https:\\\/\\\/secure.gravatar.com\\\/avatar\\\/4c81fed838786e9b53f540bf46533e750f5d292099ae3b66cfc6fb1982e29df7?s=96&d=mm&r=g\",\"caption\":\"admin\"},\"description\":\"admin\",\"url\":\"https:\\\/\\\/lasentinelle.dz\\\/author\\\/admin\\\/\"}]}<\/script>\n<!-- \/ Yoast SEO plugin. -->","yoast_head_json":{"title":"Maroc\u00a0: L&rsquo;AMDH d\u00e9nonce la r\u00e9pression et rejette la normalisation avec l\u2019entit\u00e9 sioniste - La Sentinelle","robots":{"index":"index","follow":"follow","max-snippet":"max-snippet:-1","max-image-preview":"max-image-preview:large","max-video-preview":"max-video-preview:-1"},"canonical":"https:\/\/lasentinelle.dz\/index.php\/2026\/03\/13\/maroc-lamdh-denonce-la-repression-et-rejette-la-normalisation-avec-lentite-sioniste\/","og_locale":"fr_FR","og_type":"article","og_title":"Maroc\u00a0: L&rsquo;AMDH d\u00e9nonce la r\u00e9pression et rejette la normalisation avec l\u2019entit\u00e9 sioniste - La Sentinelle","og_description":"L&rsquo;Association marocaine des droits humains tire la sonnette d&rsquo;alarme. Dans un communiqu\u00e9 publi\u00e9 cette semaine sur son site internet et","og_url":"https:\/\/lasentinelle.dz\/index.php\/2026\/03\/13\/maroc-lamdh-denonce-la-repression-et-rejette-la-normalisation-avec-lentite-sioniste\/","og_site_name":"La Sentinelle","article_publisher":"https:\/\/www.facebook.com\/La-Sentinelle-104059864394773","article_published_time":"2026-03-13T19:04:03+00:00","article_modified_time":"2026-03-13T19:04:04+00:00","og_image":[{"width":2560,"height":1707,"url":"https:\/\/lasentinelle.dz\/wp-content\/uploads\/2025\/10\/repression-scaled.jpg","type":"image\/jpeg"}],"author":"admin","twitter_card":"summary_large_image","twitter_misc":{"\u00c9crit par":"admin","Dur\u00e9e de lecture estim\u00e9e":"3 minutes"},"schema":{"@context":"https:\/\/schema.org","@graph":[{"@type":"Article","@id":"https:\/\/lasentinelle.dz\/index.php\/2026\/03\/13\/maroc-lamdh-denonce-la-repression-et-rejette-la-normalisation-avec-lentite-sioniste\/#article","isPartOf":{"@id":"https:\/\/lasentinelle.dz\/index.php\/2026\/03\/13\/maroc-lamdh-denonce-la-repression-et-rejette-la-normalisation-avec-lentite-sioniste\/"},"author":{"name":"admin","@id":"https:\/\/lasentinelle.dz\/#\/schema\/person\/729ee0024f24e0b8c5ec17232f8e8b41"},"headline":"Maroc\u00a0: L&rsquo;AMDH d\u00e9nonce la r\u00e9pression et rejette la normalisation avec l\u2019entit\u00e9 sioniste","datePublished":"2026-03-13T19:04:03+00:00","dateModified":"2026-03-13T19:04:04+00:00","mainEntityOfPage":{"@id":"https:\/\/lasentinelle.dz\/index.php\/2026\/03\/13\/maroc-lamdh-denonce-la-repression-et-rejette-la-normalisation-avec-lentite-sioniste\/"},"wordCount":602,"commentCount":0,"publisher":{"@id":"https:\/\/lasentinelle.dz\/#organization"},"image":{"@id":"https:\/\/lasentinelle.dz\/index.php\/2026\/03\/13\/maroc-lamdh-denonce-la-repression-et-rejette-la-normalisation-avec-lentite-sioniste\/#primaryimage"},"thumbnailUrl":"https:\/\/lasentinelle.dz\/wp-content\/uploads\/2025\/10\/repression-scaled.jpg","articleSection":["Monde"],"inLanguage":"fr-FR","potentialAction":[{"@type":"CommentAction","name":"Comment","target":["https:\/\/lasentinelle.dz\/index.php\/2026\/03\/13\/maroc-lamdh-denonce-la-repression-et-rejette-la-normalisation-avec-lentite-sioniste\/#respond"]}]},{"@type":"WebPage","@id":"https:\/\/lasentinelle.dz\/index.php\/2026\/03\/13\/maroc-lamdh-denonce-la-repression-et-rejette-la-normalisation-avec-lentite-sioniste\/","url":"https:\/\/lasentinelle.dz\/index.php\/2026\/03\/13\/maroc-lamdh-denonce-la-repression-et-rejette-la-normalisation-avec-lentite-sioniste\/","name":"Maroc\u00a0: L&rsquo;AMDH d\u00e9nonce la r\u00e9pression et rejette la normalisation avec l\u2019entit\u00e9 sioniste - La Sentinelle","isPartOf":{"@id":"https:\/\/lasentinelle.dz\/#website"},"primaryImageOfPage":{"@id":"https:\/\/lasentinelle.dz\/index.php\/2026\/03\/13\/maroc-lamdh-denonce-la-repression-et-rejette-la-normalisation-avec-lentite-sioniste\/#primaryimage"},"image":{"@id":"https:\/\/lasentinelle.dz\/index.php\/2026\/03\/13\/maroc-lamdh-denonce-la-repression-et-rejette-la-normalisation-avec-lentite-sioniste\/#primaryimage"},"thumbnailUrl":"https:\/\/lasentinelle.dz\/wp-content\/uploads\/2025\/10\/repression-scaled.jpg","datePublished":"2026-03-13T19:04:03+00:00","dateModified":"2026-03-13T19:04:04+00:00","breadcrumb":{"@id":"https:\/\/lasentinelle.dz\/index.php\/2026\/03\/13\/maroc-lamdh-denonce-la-repression-et-rejette-la-normalisation-avec-lentite-sioniste\/#breadcrumb"},"inLanguage":"fr-FR","potentialAction":[{"@type":"ReadAction","target":["https:\/\/lasentinelle.dz\/index.php\/2026\/03\/13\/maroc-lamdh-denonce-la-repression-et-rejette-la-normalisation-avec-lentite-sioniste\/"]}]},{"@type":"ImageObject","inLanguage":"fr-FR","@id":"https:\/\/lasentinelle.dz\/index.php\/2026\/03\/13\/maroc-lamdh-denonce-la-repression-et-rejette-la-normalisation-avec-lentite-sioniste\/#primaryimage","url":"https:\/\/lasentinelle.dz\/wp-content\/uploads\/2025\/10\/repression-scaled.jpg","contentUrl":"https:\/\/lasentinelle.dz\/wp-content\/uploads\/2025\/10\/repression-scaled.jpg","width":2560,"height":1707,"caption":"Moroccan security forces detain a protester during a youth-led demonstration for social justice and demanding improvements in the public health and education sectors, in front of the parliament building in Rabat, on September 28, 2025. (Photo by Abdel Majid BZIOUAT \/ AFP)"},{"@type":"BreadcrumbList","@id":"https:\/\/lasentinelle.dz\/index.php\/2026\/03\/13\/maroc-lamdh-denonce-la-repression-et-rejette-la-normalisation-avec-lentite-sioniste\/#breadcrumb","itemListElement":[{"@type":"ListItem","position":1,"name":"Accueil","item":"https:\/\/lasentinelle.dz\/"},{"@type":"ListItem","position":2,"name":"Maroc\u00a0: L&rsquo;AMDH d\u00e9nonce la r\u00e9pression et rejette la normalisation avec l\u2019entit\u00e9 sioniste"}]},{"@type":"WebSite","@id":"https:\/\/lasentinelle.dz\/#website","url":"https:\/\/lasentinelle.dz\/","name":"La Sentinelle","description":"Quotidien national d&#039;information","publisher":{"@id":"https:\/\/lasentinelle.dz\/#organization"},"potentialAction":[{"@type":"SearchAction","target":{"@type":"EntryPoint","urlTemplate":"https:\/\/lasentinelle.dz\/?s={search_term_string}"},"query-input":{"@type":"PropertyValueSpecification","valueRequired":true,"valueName":"search_term_string"}}],"inLanguage":"fr-FR"},{"@type":"Organization","@id":"https:\/\/lasentinelle.dz\/#organization","name":"Quotidien La Sentinelle","url":"https:\/\/lasentinelle.dz\/","logo":{"@type":"ImageObject","inLanguage":"fr-FR","@id":"https:\/\/lasentinelle.dz\/#\/schema\/logo\/image\/","url":"https:\/\/lasentinelle.dz\/wp-content\/uploads\/2021\/09\/logo-sentinelleSLOGAN-1.png","contentUrl":"https:\/\/lasentinelle.dz\/wp-content\/uploads\/2021\/09\/logo-sentinelleSLOGAN-1.png","width":615,"height":142,"caption":"Quotidien La Sentinelle"},"image":{"@id":"https:\/\/lasentinelle.dz\/#\/schema\/logo\/image\/"},"sameAs":["https:\/\/www.facebook.com\/La-Sentinelle-104059864394773"]},{"@type":"Person","@id":"https:\/\/lasentinelle.dz\/#\/schema\/person\/729ee0024f24e0b8c5ec17232f8e8b41","name":"admin","image":{"@type":"ImageObject","inLanguage":"fr-FR","@id":"https:\/\/secure.gravatar.com\/avatar\/4c81fed838786e9b53f540bf46533e750f5d292099ae3b66cfc6fb1982e29df7?s=96&d=mm&r=g","url":"https:\/\/secure.gravatar.com\/avatar\/4c81fed838786e9b53f540bf46533e750f5d292099ae3b66cfc6fb1982e29df7?s=96&d=mm&r=g","contentUrl":"https:\/\/secure.gravatar.com\/avatar\/4c81fed838786e9b53f540bf46533e750f5d292099ae3b66cfc6fb1982e29df7?s=96&d=mm&r=g","caption":"admin"},"description":"admin","url":"https:\/\/lasentinelle.dz\/author\/admin\/"}]}},"_links":{"self":[{"href":"https:\/\/lasentinelle.dz\/index.php\/wp-json\/wp\/v2\/posts\/83400","targetHints":{"allow":["GET"]}}],"collection":[{"href":"https:\/\/lasentinelle.dz\/index.php\/wp-json\/wp\/v2\/posts"}],"about":[{"href":"https:\/\/lasentinelle.dz\/index.php\/wp-json\/wp\/v2\/types\/post"}],"author":[{"embeddable":true,"href":"https:\/\/lasentinelle.dz\/index.php\/wp-json\/wp\/v2\/users\/6"}],"replies":[{"embeddable":true,"href":"https:\/\/lasentinelle.dz\/index.php\/wp-json\/wp\/v2\/comments?post=83400"}],"version-history":[{"count":2,"href":"https:\/\/lasentinelle.dz\/index.php\/wp-json\/wp\/v2\/posts\/83400\/revisions"}],"predecessor-version":[{"id":83402,"href":"https:\/\/lasentinelle.dz\/index.php\/wp-json\/wp\/v2\/posts\/83400\/revisions\/83402"}],"wp:featuredmedia":[{"embeddable":true,"href":"https:\/\/lasentinelle.dz\/index.php\/wp-json\/wp\/v2\/media\/75295"}],"wp:attachment":[{"href":"https:\/\/lasentinelle.dz\/index.php\/wp-json\/wp\/v2\/media?parent=83400"}],"wp:term":[{"taxonomy":"category","embeddable":true,"href":"https:\/\/lasentinelle.dz\/index.php\/wp-json\/wp\/v2\/categories?post=83400"},{"taxonomy":"post_tag","embeddable":true,"href":"https:\/\/lasentinelle.dz\/index.php\/wp-json\/wp\/v2\/tags?post=83400"}],"curies":[{"name":"wp","href":"https:\/\/api.w.org\/{rel}","templated":true}]}}