{"id":83403,"date":"2026-03-13T20:04:53","date_gmt":"2026-03-13T19:04:53","guid":{"rendered":"https:\/\/lasentinelle.dz\/?p=83403"},"modified":"2026-03-13T20:04:54","modified_gmt":"2026-03-13T19:04:54","slug":"palestine-occupee-boughali-condamne-le-verrouillage-de-la-mosquee-en-plein-ramadhan","status":"publish","type":"post","link":"https:\/\/lasentinelle.dz\/index.php\/2026\/03\/13\/palestine-occupee-boughali-condamne-le-verrouillage-de-la-mosquee-en-plein-ramadhan\/","title":{"rendered":"Palestine occup\u00e9e\u00a0: Boughali condamne le verrouillage de la mosqu\u00e9e en plein Ramadhan"},"content":{"rendered":"\n<p>En ce mois de Ramadhan o\u00f9 des centaines de millions de musulmans \u00e0 travers le monde cherchent \u00e0 se recueillir dans les lieux saints de l&rsquo;islam, la mosqu\u00e9e Al-Aqsa reste verrouill\u00e9e par les forces d&rsquo;occupation isra\u00e9liennes. Une r\u00e9alit\u00e9 que le pr\u00e9sident de l&rsquo;Union parlementaire arabe et de l&rsquo;Assembl\u00e9e populaire nationale, Brahim Boughali, a vigoureusement condamn\u00e9e dans un communiqu\u00e9 officiel, rejoignant un concert de voix internationales qui d\u00e9noncent une politique de plus en plus assum\u00e9e d&rsquo;\u00e9tranglement spirituel du peuple palestinien. Dans sa d\u00e9claration, Boughali a exprim\u00e9 son \u00ab inqui\u00e9tude profonde et sa vive indignation face \u00e0 la poursuite par les autorit\u00e9s d&rsquo;occupation sioniste de la fermeture des portes de la Mosqu\u00e9e Al-Aqsa b\u00e9nie, le noble sanctuaire de J\u00e9rusalem, aux fid\u00e8les musulmans, notamment durant le mois sacr\u00e9 de Ramadan \u00bb. Il a affirm\u00e9 que ces pratiques \u00ab constituent une violation flagrante de la sacralit\u00e9 de ce mois b\u00e9ni et de la saintet\u00e9 religieuse et historique de la mosqu\u00e9e Al-Aqsa, premi\u00e8re des deux qiblas et troisi\u00e8me des deux harams, et blessent les sentiments de centaines de millions de musulmans \u00e0 travers le monde \u00bb. Des mots forts, prononc\u00e9s au nom d&rsquo;une institution qui rassemble les parlements de vingt-deux nations arabes, et qui r\u00e9sonnent comme un appel \u00e0 la mobilisation collective. Boughali est all\u00e9 plus loin, qualifiant ces mesures d&rsquo;\u00ab atteinte grave au statut historique et juridique \u00e9tabli \u00e0 J\u00e9rusalem et \u00e0 la mosqu\u00e9e Al-Aqsa b\u00e9nie \u00bb, mais aussi de \u00ab violation flagrante des r\u00e8gles du droit international et des r\u00e9solutions de la l\u00e9galit\u00e9 internationale \u00bb, au premier rang desquelles celles qui affirment la nullit\u00e9 de toute mesure visant \u00e0 modifier l&rsquo;identit\u00e9 arabo-islamique et chr\u00e9tienne de J\u00e9rusalem. Il a \u00e9galement r\u00e9affirm\u00e9 que la mosqu\u00e9e Al-Aqsa, dans l&rsquo;int\u00e9gralit\u00e9 de son enceinte, est \u00ab un droit exclusif des musulmans \u00bb et que sa gestion religieuse et waqfienne rel\u00e8ve \u00ab exclusivement \u00bb du d\u00e9partement des Waqfs islamiques de J\u00e9rusalem, rattach\u00e9 au minist\u00e8re jordanien des Waqfs, conform\u00e9ment au statut historique et juridique en vigueur. L&rsquo;Union parlementaire arabe a condamn\u00e9 \u00ab dans les termes les plus forts \u00bb la poursuite par les forces d&rsquo;occupation de la fermeture des portes de la mosqu\u00e9e et l&#8217;emp\u00eachement des fid\u00e8les d&rsquo;accomplir leurs pri\u00e8res, qualifiant cela d&rsquo;\u00ab acte hostile et de provocation grave portant atteinte \u00e0 la libert\u00e9 de culte \u00bb et susceptible de \u00ab pousser la situation vers davantage de tensions et d&rsquo;instabilit\u00e9 dans la r\u00e9gion \u00bb. Boughali a averti que \u00ab la violation continue de la sacralit\u00e9 de la mosqu\u00e9e Al-Aqsa durant le mois de Ramadan constitue une provocation des sentiments des musulmans partout dans le monde et risque d&rsquo;entra\u00eener la r\u00e9gion dans un embrasement \u00e0 caract\u00e8re religieux \u00bb, tenant les autorit\u00e9s d&rsquo;occupation \u00ab enti\u00e8rement responsables de toutes les graves r\u00e9percussions qui pourraient r\u00e9sulter de ces politiques \u00bb.<\/p>\n\n\n\n<p>Ces condamnations interviennent dans un contexte international alarmant. Le secr\u00e9taire g\u00e9n\u00e9ral de l&rsquo;ONU Antonio Guterres a lui aussi r\u00e9affirm\u00e9 cette semaine que l&rsquo;acc\u00e8s humanitaire \u00e0 Ghaza \u00ab doit \u00eatre s\u00fbr, durable et sans entrave \u00bb, d\u00e9non\u00e7ant les \u00ab graves souffrances \u00bb endur\u00e9es par les Palestiniens face aux restrictions impos\u00e9es \u00e0 l&rsquo;aide humanitaire et \u00e0 l&rsquo;expansion des colonies en Cisjordanie. \u00ab L&rsquo;occupation doit prendre fin. Les droits inali\u00e9nables du peuple palestinien doivent \u00eatre r\u00e9alis\u00e9s \u00bb, a-t-il \u00e9crit, rappelant qu&rsquo;\u00ab il n&rsquo;existe pas d&rsquo;alternative viable \u00e0 la solution \u00e0 deux \u00c9tats \u00bb.<\/p>\n\n\n\n<p>L.S.<\/p>\n","protected":false},"excerpt":{"rendered":"<p>En ce mois de Ramadhan o\u00f9 des centaines de millions de musulmans \u00e0 travers le monde cherchent \u00e0 se recueillir<\/p>\n","protected":false},"author":6,"featured_media":30960,"comment_status":"open","ping_status":"closed","sticky":false,"template":"","format":"standard","meta":{"colormag_page_container_layout":"default_layout","colormag_page_sidebar_layout":"default_layout","om_disable_all_campaigns":false,"_monsterinsights_skip_tracking":false,"_monsterinsights_sitenote_active":false,"_monsterinsights_sitenote_note":"","_monsterinsights_sitenote_category":0,"footnotes":"","_wpscppro_dont_share_socialmedia":false,"_wpscppro_custom_social_share_image":0,"_facebook_share_type":"default","_twitter_share_type":"default","_linkedin_share_type":"default","_pinterest_share_type":"default","_linkedin_share_type_page":"","_instagram_share_type":"default","_medium_share_type":"default","_threads_share_type":"default","_google_business_share_type":"default","_selected_social_profile":[],"_wpsp_enable_custom_social_template":false,"_wpsp_social_scheduling":{"enabled":false,"datetime":null,"platforms":[],"status":"template_only","dateOption":"today","timeOption":"now","customDays":"","customHours":"","customDate":"","customTime":"","schedulingType":"absolute"},"_wpsp_active_default_template":true},"categories":[37],"tags":[],"class_list":["post-83403","post","type-post","status-publish","format-standard","has-post-thumbnail","hentry","category-monde"],"aioseo_notices":[],"yoast_head":"<!-- This site is optimized with the Yoast SEO plugin v27.5 - https:\/\/yoast.com\/product\/yoast-seo-wordpress\/ -->\n<title>Palestine occup\u00e9e\u00a0: Boughali condamne le verrouillage de la mosqu\u00e9e en plein Ramadhan - La Sentinelle<\/title>\n<meta name=\"robots\" content=\"index, follow, max-snippet:-1, max-image-preview:large, max-video-preview:-1\" \/>\n<link rel=\"canonical\" href=\"https:\/\/lasentinelle.dz\/index.php\/2026\/03\/13\/palestine-occupee-boughali-condamne-le-verrouillage-de-la-mosquee-en-plein-ramadhan\/\" \/>\n<meta property=\"og:locale\" content=\"fr_FR\" \/>\n<meta property=\"og:type\" content=\"article\" \/>\n<meta property=\"og:title\" content=\"Palestine occup\u00e9e\u00a0: Boughali condamne le verrouillage de la mosqu\u00e9e en plein Ramadhan - La Sentinelle\" \/>\n<meta property=\"og:description\" content=\"En ce mois de Ramadhan o\u00f9 des centaines de millions de musulmans \u00e0 travers le monde cherchent \u00e0 se recueillir\" \/>\n<meta property=\"og:url\" content=\"https:\/\/lasentinelle.dz\/index.php\/2026\/03\/13\/palestine-occupee-boughali-condamne-le-verrouillage-de-la-mosquee-en-plein-ramadhan\/\" \/>\n<meta property=\"og:site_name\" content=\"La Sentinelle\" \/>\n<meta property=\"article:publisher\" content=\"https:\/\/www.facebook.com\/La-Sentinelle-104059864394773\" \/>\n<meta property=\"article:published_time\" content=\"2026-03-13T19:04:53+00:00\" \/>\n<meta property=\"article:modified_time\" content=\"2026-03-13T19:04:54+00:00\" \/>\n<meta property=\"og:image\" content=\"https:\/\/lasentinelle.dz\/wp-content\/uploads\/2022\/11\/Boughali.png\" \/>\n\t<meta property=\"og:image:width\" content=\"1348\" \/>\n\t<meta property=\"og:image:height\" content=\"900\" \/>\n\t<meta property=\"og:image:type\" content=\"image\/png\" \/>\n<meta name=\"author\" content=\"admin\" \/>\n<meta name=\"twitter:card\" content=\"summary_large_image\" \/>\n<meta name=\"twitter:label1\" content=\"\u00c9crit par\" \/>\n\t<meta name=\"twitter:data1\" content=\"admin\" \/>\n\t<meta name=\"twitter:label2\" content=\"Dur\u00e9e de lecture estim\u00e9e\" \/>\n\t<meta name=\"twitter:data2\" content=\"3 minutes\" \/>\n<script type=\"application\/ld+json\" class=\"yoast-schema-graph\">{\"@context\":\"https:\\\/\\\/schema.org\",\"@graph\":[{\"@type\":\"Article\",\"@id\":\"https:\\\/\\\/lasentinelle.dz\\\/index.php\\\/2026\\\/03\\\/13\\\/palestine-occupee-boughali-condamne-le-verrouillage-de-la-mosquee-en-plein-ramadhan\\\/#article\",\"isPartOf\":{\"@id\":\"https:\\\/\\\/lasentinelle.dz\\\/index.php\\\/2026\\\/03\\\/13\\\/palestine-occupee-boughali-condamne-le-verrouillage-de-la-mosquee-en-plein-ramadhan\\\/\"},\"author\":{\"name\":\"admin\",\"@id\":\"https:\\\/\\\/lasentinelle.dz\\\/#\\\/schema\\\/person\\\/729ee0024f24e0b8c5ec17232f8e8b41\"},\"headline\":\"Palestine occup\u00e9e\u00a0: Boughali condamne le verrouillage de la mosqu\u00e9e en plein Ramadhan\",\"datePublished\":\"2026-03-13T19:04:53+00:00\",\"dateModified\":\"2026-03-13T19:04:54+00:00\",\"mainEntityOfPage\":{\"@id\":\"https:\\\/\\\/lasentinelle.dz\\\/index.php\\\/2026\\\/03\\\/13\\\/palestine-occupee-boughali-condamne-le-verrouillage-de-la-mosquee-en-plein-ramadhan\\\/\"},\"wordCount\":607,\"commentCount\":0,\"publisher\":{\"@id\":\"https:\\\/\\\/lasentinelle.dz\\\/#organization\"},\"image\":{\"@id\":\"https:\\\/\\\/lasentinelle.dz\\\/index.php\\\/2026\\\/03\\\/13\\\/palestine-occupee-boughali-condamne-le-verrouillage-de-la-mosquee-en-plein-ramadhan\\\/#primaryimage\"},\"thumbnailUrl\":\"https:\\\/\\\/lasentinelle.dz\\\/wp-content\\\/uploads\\\/2022\\\/11\\\/Boughali.png\",\"articleSection\":[\"Monde\"],\"inLanguage\":\"fr-FR\",\"potentialAction\":[{\"@type\":\"CommentAction\",\"name\":\"Comment\",\"target\":[\"https:\\\/\\\/lasentinelle.dz\\\/index.php\\\/2026\\\/03\\\/13\\\/palestine-occupee-boughali-condamne-le-verrouillage-de-la-mosquee-en-plein-ramadhan\\\/#respond\"]}]},{\"@type\":\"WebPage\",\"@id\":\"https:\\\/\\\/lasentinelle.dz\\\/index.php\\\/2026\\\/03\\\/13\\\/palestine-occupee-boughali-condamne-le-verrouillage-de-la-mosquee-en-plein-ramadhan\\\/\",\"url\":\"https:\\\/\\\/lasentinelle.dz\\\/index.php\\\/2026\\\/03\\\/13\\\/palestine-occupee-boughali-condamne-le-verrouillage-de-la-mosquee-en-plein-ramadhan\\\/\",\"name\":\"Palestine occup\u00e9e\u00a0: Boughali condamne le verrouillage de la mosqu\u00e9e en plein Ramadhan - La Sentinelle\",\"isPartOf\":{\"@id\":\"https:\\\/\\\/lasentinelle.dz\\\/#website\"},\"primaryImageOfPage\":{\"@id\":\"https:\\\/\\\/lasentinelle.dz\\\/index.php\\\/2026\\\/03\\\/13\\\/palestine-occupee-boughali-condamne-le-verrouillage-de-la-mosquee-en-plein-ramadhan\\\/#primaryimage\"},\"image\":{\"@id\":\"https:\\\/\\\/lasentinelle.dz\\\/index.php\\\/2026\\\/03\\\/13\\\/palestine-occupee-boughali-condamne-le-verrouillage-de-la-mosquee-en-plein-ramadhan\\\/#primaryimage\"},\"thumbnailUrl\":\"https:\\\/\\\/lasentinelle.dz\\\/wp-content\\\/uploads\\\/2022\\\/11\\\/Boughali.png\",\"datePublished\":\"2026-03-13T19:04:53+00:00\",\"dateModified\":\"2026-03-13T19:04:54+00:00\",\"breadcrumb\":{\"@id\":\"https:\\\/\\\/lasentinelle.dz\\\/index.php\\\/2026\\\/03\\\/13\\\/palestine-occupee-boughali-condamne-le-verrouillage-de-la-mosquee-en-plein-ramadhan\\\/#breadcrumb\"},\"inLanguage\":\"fr-FR\",\"potentialAction\":[{\"@type\":\"ReadAction\",\"target\":[\"https:\\\/\\\/lasentinelle.dz\\\/index.php\\\/2026\\\/03\\\/13\\\/palestine-occupee-boughali-condamne-le-verrouillage-de-la-mosquee-en-plein-ramadhan\\\/\"]}]},{\"@type\":\"ImageObject\",\"inLanguage\":\"fr-FR\",\"@id\":\"https:\\\/\\\/lasentinelle.dz\\\/index.php\\\/2026\\\/03\\\/13\\\/palestine-occupee-boughali-condamne-le-verrouillage-de-la-mosquee-en-plein-ramadhan\\\/#primaryimage\",\"url\":\"https:\\\/\\\/lasentinelle.dz\\\/wp-content\\\/uploads\\\/2022\\\/11\\\/Boughali.png\",\"contentUrl\":\"https:\\\/\\\/lasentinelle.dz\\\/wp-content\\\/uploads\\\/2022\\\/11\\\/Boughali.png\",\"width\":1348,\"height\":900},{\"@type\":\"BreadcrumbList\",\"@id\":\"https:\\\/\\\/lasentinelle.dz\\\/index.php\\\/2026\\\/03\\\/13\\\/palestine-occupee-boughali-condamne-le-verrouillage-de-la-mosquee-en-plein-ramadhan\\\/#breadcrumb\",\"itemListElement\":[{\"@type\":\"ListItem\",\"position\":1,\"name\":\"Accueil\",\"item\":\"https:\\\/\\\/lasentinelle.dz\\\/\"},{\"@type\":\"ListItem\",\"position\":2,\"name\":\"Palestine occup\u00e9e\u00a0: Boughali condamne le verrouillage de la mosqu\u00e9e en plein Ramadhan\"}]},{\"@type\":\"WebSite\",\"@id\":\"https:\\\/\\\/lasentinelle.dz\\\/#website\",\"url\":\"https:\\\/\\\/lasentinelle.dz\\\/\",\"name\":\"La Sentinelle\",\"description\":\"Quotidien national d&#039;information\",\"publisher\":{\"@id\":\"https:\\\/\\\/lasentinelle.dz\\\/#organization\"},\"potentialAction\":[{\"@type\":\"SearchAction\",\"target\":{\"@type\":\"EntryPoint\",\"urlTemplate\":\"https:\\\/\\\/lasentinelle.dz\\\/?s={search_term_string}\"},\"query-input\":{\"@type\":\"PropertyValueSpecification\",\"valueRequired\":true,\"valueName\":\"search_term_string\"}}],\"inLanguage\":\"fr-FR\"},{\"@type\":\"Organization\",\"@id\":\"https:\\\/\\\/lasentinelle.dz\\\/#organization\",\"name\":\"Quotidien La Sentinelle\",\"url\":\"https:\\\/\\\/lasentinelle.dz\\\/\",\"logo\":{\"@type\":\"ImageObject\",\"inLanguage\":\"fr-FR\",\"@id\":\"https:\\\/\\\/lasentinelle.dz\\\/#\\\/schema\\\/logo\\\/image\\\/\",\"url\":\"https:\\\/\\\/lasentinelle.dz\\\/wp-content\\\/uploads\\\/2021\\\/09\\\/logo-sentinelleSLOGAN-1.png\",\"contentUrl\":\"https:\\\/\\\/lasentinelle.dz\\\/wp-content\\\/uploads\\\/2021\\\/09\\\/logo-sentinelleSLOGAN-1.png\",\"width\":615,\"height\":142,\"caption\":\"Quotidien La Sentinelle\"},\"image\":{\"@id\":\"https:\\\/\\\/lasentinelle.dz\\\/#\\\/schema\\\/logo\\\/image\\\/\"},\"sameAs\":[\"https:\\\/\\\/www.facebook.com\\\/La-Sentinelle-104059864394773\"]},{\"@type\":\"Person\",\"@id\":\"https:\\\/\\\/lasentinelle.dz\\\/#\\\/schema\\\/person\\\/729ee0024f24e0b8c5ec17232f8e8b41\",\"name\":\"admin\",\"image\":{\"@type\":\"ImageObject\",\"inLanguage\":\"fr-FR\",\"@id\":\"https:\\\/\\\/secure.gravatar.com\\\/avatar\\\/4c81fed838786e9b53f540bf46533e750f5d292099ae3b66cfc6fb1982e29df7?s=96&d=mm&r=g\",\"url\":\"https:\\\/\\\/secure.gravatar.com\\\/avatar\\\/4c81fed838786e9b53f540bf46533e750f5d292099ae3b66cfc6fb1982e29df7?s=96&d=mm&r=g\",\"contentUrl\":\"https:\\\/\\\/secure.gravatar.com\\\/avatar\\\/4c81fed838786e9b53f540bf46533e750f5d292099ae3b66cfc6fb1982e29df7?s=96&d=mm&r=g\",\"caption\":\"admin\"},\"description\":\"admin\",\"url\":\"https:\\\/\\\/lasentinelle.dz\\\/author\\\/admin\\\/\"}]}<\/script>\n<!-- \/ Yoast SEO plugin. -->","yoast_head_json":{"title":"Palestine occup\u00e9e\u00a0: Boughali condamne le verrouillage de la mosqu\u00e9e en plein Ramadhan - La Sentinelle","robots":{"index":"index","follow":"follow","max-snippet":"max-snippet:-1","max-image-preview":"max-image-preview:large","max-video-preview":"max-video-preview:-1"},"canonical":"https:\/\/lasentinelle.dz\/index.php\/2026\/03\/13\/palestine-occupee-boughali-condamne-le-verrouillage-de-la-mosquee-en-plein-ramadhan\/","og_locale":"fr_FR","og_type":"article","og_title":"Palestine occup\u00e9e\u00a0: Boughali condamne le verrouillage de la mosqu\u00e9e en plein Ramadhan - La Sentinelle","og_description":"En ce mois de Ramadhan o\u00f9 des centaines de millions de musulmans \u00e0 travers le monde cherchent \u00e0 se recueillir","og_url":"https:\/\/lasentinelle.dz\/index.php\/2026\/03\/13\/palestine-occupee-boughali-condamne-le-verrouillage-de-la-mosquee-en-plein-ramadhan\/","og_site_name":"La Sentinelle","article_publisher":"https:\/\/www.facebook.com\/La-Sentinelle-104059864394773","article_published_time":"2026-03-13T19:04:53+00:00","article_modified_time":"2026-03-13T19:04:54+00:00","og_image":[{"width":1348,"height":900,"url":"https:\/\/lasentinelle.dz\/wp-content\/uploads\/2022\/11\/Boughali.png","type":"image\/png"}],"author":"admin","twitter_card":"summary_large_image","twitter_misc":{"\u00c9crit par":"admin","Dur\u00e9e de lecture estim\u00e9e":"3 minutes"},"schema":{"@context":"https:\/\/schema.org","@graph":[{"@type":"Article","@id":"https:\/\/lasentinelle.dz\/index.php\/2026\/03\/13\/palestine-occupee-boughali-condamne-le-verrouillage-de-la-mosquee-en-plein-ramadhan\/#article","isPartOf":{"@id":"https:\/\/lasentinelle.dz\/index.php\/2026\/03\/13\/palestine-occupee-boughali-condamne-le-verrouillage-de-la-mosquee-en-plein-ramadhan\/"},"author":{"name":"admin","@id":"https:\/\/lasentinelle.dz\/#\/schema\/person\/729ee0024f24e0b8c5ec17232f8e8b41"},"headline":"Palestine occup\u00e9e\u00a0: Boughali condamne le verrouillage de la mosqu\u00e9e en plein Ramadhan","datePublished":"2026-03-13T19:04:53+00:00","dateModified":"2026-03-13T19:04:54+00:00","mainEntityOfPage":{"@id":"https:\/\/lasentinelle.dz\/index.php\/2026\/03\/13\/palestine-occupee-boughali-condamne-le-verrouillage-de-la-mosquee-en-plein-ramadhan\/"},"wordCount":607,"commentCount":0,"publisher":{"@id":"https:\/\/lasentinelle.dz\/#organization"},"image":{"@id":"https:\/\/lasentinelle.dz\/index.php\/2026\/03\/13\/palestine-occupee-boughali-condamne-le-verrouillage-de-la-mosquee-en-plein-ramadhan\/#primaryimage"},"thumbnailUrl":"https:\/\/lasentinelle.dz\/wp-content\/uploads\/2022\/11\/Boughali.png","articleSection":["Monde"],"inLanguage":"fr-FR","potentialAction":[{"@type":"CommentAction","name":"Comment","target":["https:\/\/lasentinelle.dz\/index.php\/2026\/03\/13\/palestine-occupee-boughali-condamne-le-verrouillage-de-la-mosquee-en-plein-ramadhan\/#respond"]}]},{"@type":"WebPage","@id":"https:\/\/lasentinelle.dz\/index.php\/2026\/03\/13\/palestine-occupee-boughali-condamne-le-verrouillage-de-la-mosquee-en-plein-ramadhan\/","url":"https:\/\/lasentinelle.dz\/index.php\/2026\/03\/13\/palestine-occupee-boughali-condamne-le-verrouillage-de-la-mosquee-en-plein-ramadhan\/","name":"Palestine occup\u00e9e\u00a0: Boughali condamne le verrouillage de la mosqu\u00e9e en plein Ramadhan - La Sentinelle","isPartOf":{"@id":"https:\/\/lasentinelle.dz\/#website"},"primaryImageOfPage":{"@id":"https:\/\/lasentinelle.dz\/index.php\/2026\/03\/13\/palestine-occupee-boughali-condamne-le-verrouillage-de-la-mosquee-en-plein-ramadhan\/#primaryimage"},"image":{"@id":"https:\/\/lasentinelle.dz\/index.php\/2026\/03\/13\/palestine-occupee-boughali-condamne-le-verrouillage-de-la-mosquee-en-plein-ramadhan\/#primaryimage"},"thumbnailUrl":"https:\/\/lasentinelle.dz\/wp-content\/uploads\/2022\/11\/Boughali.png","datePublished":"2026-03-13T19:04:53+00:00","dateModified":"2026-03-13T19:04:54+00:00","breadcrumb":{"@id":"https:\/\/lasentinelle.dz\/index.php\/2026\/03\/13\/palestine-occupee-boughali-condamne-le-verrouillage-de-la-mosquee-en-plein-ramadhan\/#breadcrumb"},"inLanguage":"fr-FR","potentialAction":[{"@type":"ReadAction","target":["https:\/\/lasentinelle.dz\/index.php\/2026\/03\/13\/palestine-occupee-boughali-condamne-le-verrouillage-de-la-mosquee-en-plein-ramadhan\/"]}]},{"@type":"ImageObject","inLanguage":"fr-FR","@id":"https:\/\/lasentinelle.dz\/index.php\/2026\/03\/13\/palestine-occupee-boughali-condamne-le-verrouillage-de-la-mosquee-en-plein-ramadhan\/#primaryimage","url":"https:\/\/lasentinelle.dz\/wp-content\/uploads\/2022\/11\/Boughali.png","contentUrl":"https:\/\/lasentinelle.dz\/wp-content\/uploads\/2022\/11\/Boughali.png","width":1348,"height":900},{"@type":"BreadcrumbList","@id":"https:\/\/lasentinelle.dz\/index.php\/2026\/03\/13\/palestine-occupee-boughali-condamne-le-verrouillage-de-la-mosquee-en-plein-ramadhan\/#breadcrumb","itemListElement":[{"@type":"ListItem","position":1,"name":"Accueil","item":"https:\/\/lasentinelle.dz\/"},{"@type":"ListItem","position":2,"name":"Palestine occup\u00e9e\u00a0: Boughali condamne le verrouillage de la mosqu\u00e9e en plein Ramadhan"}]},{"@type":"WebSite","@id":"https:\/\/lasentinelle.dz\/#website","url":"https:\/\/lasentinelle.dz\/","name":"La Sentinelle","description":"Quotidien national d&#039;information","publisher":{"@id":"https:\/\/lasentinelle.dz\/#organization"},"potentialAction":[{"@type":"SearchAction","target":{"@type":"EntryPoint","urlTemplate":"https:\/\/lasentinelle.dz\/?s={search_term_string}"},"query-input":{"@type":"PropertyValueSpecification","valueRequired":true,"valueName":"search_term_string"}}],"inLanguage":"fr-FR"},{"@type":"Organization","@id":"https:\/\/lasentinelle.dz\/#organization","name":"Quotidien La Sentinelle","url":"https:\/\/lasentinelle.dz\/","logo":{"@type":"ImageObject","inLanguage":"fr-FR","@id":"https:\/\/lasentinelle.dz\/#\/schema\/logo\/image\/","url":"https:\/\/lasentinelle.dz\/wp-content\/uploads\/2021\/09\/logo-sentinelleSLOGAN-1.png","contentUrl":"https:\/\/lasentinelle.dz\/wp-content\/uploads\/2021\/09\/logo-sentinelleSLOGAN-1.png","width":615,"height":142,"caption":"Quotidien La Sentinelle"},"image":{"@id":"https:\/\/lasentinelle.dz\/#\/schema\/logo\/image\/"},"sameAs":["https:\/\/www.facebook.com\/La-Sentinelle-104059864394773"]},{"@type":"Person","@id":"https:\/\/lasentinelle.dz\/#\/schema\/person\/729ee0024f24e0b8c5ec17232f8e8b41","name":"admin","image":{"@type":"ImageObject","inLanguage":"fr-FR","@id":"https:\/\/secure.gravatar.com\/avatar\/4c81fed838786e9b53f540bf46533e750f5d292099ae3b66cfc6fb1982e29df7?s=96&d=mm&r=g","url":"https:\/\/secure.gravatar.com\/avatar\/4c81fed838786e9b53f540bf46533e750f5d292099ae3b66cfc6fb1982e29df7?s=96&d=mm&r=g","contentUrl":"https:\/\/secure.gravatar.com\/avatar\/4c81fed838786e9b53f540bf46533e750f5d292099ae3b66cfc6fb1982e29df7?s=96&d=mm&r=g","caption":"admin"},"description":"admin","url":"https:\/\/lasentinelle.dz\/author\/admin\/"}]}},"_links":{"self":[{"href":"https:\/\/lasentinelle.dz\/index.php\/wp-json\/wp\/v2\/posts\/83403","targetHints":{"allow":["GET"]}}],"collection":[{"href":"https:\/\/lasentinelle.dz\/index.php\/wp-json\/wp\/v2\/posts"}],"about":[{"href":"https:\/\/lasentinelle.dz\/index.php\/wp-json\/wp\/v2\/types\/post"}],"author":[{"embeddable":true,"href":"https:\/\/lasentinelle.dz\/index.php\/wp-json\/wp\/v2\/users\/6"}],"replies":[{"embeddable":true,"href":"https:\/\/lasentinelle.dz\/index.php\/wp-json\/wp\/v2\/comments?post=83403"}],"version-history":[{"count":1,"href":"https:\/\/lasentinelle.dz\/index.php\/wp-json\/wp\/v2\/posts\/83403\/revisions"}],"predecessor-version":[{"id":83404,"href":"https:\/\/lasentinelle.dz\/index.php\/wp-json\/wp\/v2\/posts\/83403\/revisions\/83404"}],"wp:featuredmedia":[{"embeddable":true,"href":"https:\/\/lasentinelle.dz\/index.php\/wp-json\/wp\/v2\/media\/30960"}],"wp:attachment":[{"href":"https:\/\/lasentinelle.dz\/index.php\/wp-json\/wp\/v2\/media?parent=83403"}],"wp:term":[{"taxonomy":"category","embeddable":true,"href":"https:\/\/lasentinelle.dz\/index.php\/wp-json\/wp\/v2\/categories?post=83403"},{"taxonomy":"post_tag","embeddable":true,"href":"https:\/\/lasentinelle.dz\/index.php\/wp-json\/wp\/v2\/tags?post=83403"}],"curies":[{"name":"wp","href":"https:\/\/api.w.org\/{rel}","templated":true}]}}