{"id":83405,"date":"2026-03-13T20:06:49","date_gmt":"2026-03-13T19:06:49","guid":{"rendered":"https:\/\/lasentinelle.dz\/?p=83405"},"modified":"2026-03-13T20:06:50","modified_gmt":"2026-03-13T19:06:50","slug":"face-aux-attaques-americano-israeliennes-teheran-defie-washington-et-affiche-sa-determination","status":"publish","type":"post","link":"https:\/\/lasentinelle.dz\/index.php\/2026\/03\/13\/face-aux-attaques-americano-israeliennes-teheran-defie-washington-et-affiche-sa-determination\/","title":{"rendered":"Face aux attaques am\u00e9ricano-isra\u00e9liennes\u00a0: T\u00e9h\u00e9ran d\u00e9fie Washington et affiche sa d\u00e9termination"},"content":{"rendered":"\n<p>Au quatorzi\u00e8me jour de la guerre d\u00e9clench\u00e9 le 28 f\u00e9vrier par des frappes conjointes des \u00c9tats-Unis et de l\u2019entit\u00e9 sioniste contre l\u2019Iran, T\u00e9h\u00e9ran multiplie les messages de fermet\u00e9 \u00e0 l&rsquo;adresse de Donald Trump.<\/p>\n\n\n\n<p>Ali Larijani, secr\u00e9taire du Conseil supr\u00eame de la s\u00e9curit\u00e9 nationale iranienne, a directement interpell\u00e9 le pr\u00e9sident am\u00e9ricain Donald Trump dans un message publi\u00e9 sur la plateforme X, jeudi. R\u00e9agissant aux d\u00e9clarations de Trump, qui avait exig\u00e9 une \u00ab victoire rapide \u00bb dans cette guerre, Larijani a r\u00e9torqu\u00e9 avec aplomb : \u00ab Trump revient pour dire qu&rsquo;il faut remporter cette guerre rapidement. Mais d\u00e9clencher des guerres est certes ais\u00e9 ; les achever ne se fait pas \u00e0 coups de quelques tweets. \u00bb Et d&rsquo;ajouter, dans une adresse frontale au locataire de la Maison-Blanche : \u00ab Nous ne vous l\u00e2cherons pas tant que vous n&rsquo;aurez pas reconnu votre erreur et pay\u00e9 le prix de vos actes. \u00bb Ce d\u00e9fi ouvert \u00e0 la premi\u00e8re puissance militaire mondiale illustre la posture adopt\u00e9e par la R\u00e9publique islamique depuis le d\u00e9but du conflit : celle d&rsquo;un \u00c9tat qui refuse de plier, malgr\u00e9 l&rsquo;ampleur des destructions inflig\u00e9es \u00e0 son territoire. La journ\u00e9e de vendredi a offert l&rsquo;image la plus saisissante de cette d\u00e9termination iranienne. Alors que des raids a\u00e9riens intenses frappaient les environs de T\u00e9h\u00e9ran d\u00e8s les premi\u00e8res heures de la matin\u00e9e, des dizaines de milliers de personnes ont investi les rues de la capitale et de nombreuses autres villes iraniennes pour comm\u00e9morer la \u00ab Journ\u00e9e mondiale d&rsquo;Al-Qods \u00bb. La t\u00e9l\u00e9vision d&rsquo;\u00c9tat a diffus\u00e9 des images montrant des foules consid\u00e9rables scandant des slogans hostiles \u00e0 l&rsquo;agression et renouvelant leur all\u00e9geance au nouveau guide supr\u00eame, Mojtaba Khamenei, successeur d&rsquo;Ali Khamenei, tu\u00e9 dans les frappes du 28 f\u00e9vrier. Ce dernier avait, dans un premier message la veille, appel\u00e9 les Iraniens \u00e0 participer massivement aux rassemblements. Les bombardements n&rsquo;ont pas emp\u00each\u00e9 des milliers de citoyens de braver le danger pour exprimer leur soutien au pouvoir en place, en d\u00e9pit de bless\u00e9s signal\u00e9s au sein m\u00eame des cort\u00e8ges. La pr\u00e9sence ostensible des plus hauts responsables de l&rsquo;\u00c9tat au c\u0153ur de ces manifestations a constitu\u00e9 un signal fort. Le pr\u00e9sident Massoud Pezeshkian, le ministre des Affaires \u00e9trang\u00e8res Abbas Araghchi, le secr\u00e9taire du Conseil supr\u00eame de la s\u00e9curit\u00e9 nationale Ali Larijani, le chef de l&rsquo;Organisation de l&rsquo;\u00e9nergie atomique Mohammad Eslami, le maire de T\u00e9h\u00e9ran, le pr\u00e9sident du pouvoir judiciaire, ainsi que des membres du Conseil des experts du Guide \u00e9taient tous pr\u00e9sents. Cette mobilisation au sommet visait \u00e0 d\u00e9montrer que la direction iranienne reste \u00ab soud\u00e9e et coh\u00e9rente \u00bb, selon les termes de Larijani, adress\u00e9s directement \u00e0 Trump. Le ministre Araghchi a rench\u00e9ri : \u00ab Nous poursuivrons avec la m\u00eame force et les ennemis seront contraints de reconna\u00eetre la puissance du peuple iranien. \u00bb Il a estim\u00e9 que la participation massive aux marches refl\u00e9tait \u00ab la volont\u00e9 et la d\u00e9termination du peuple iranien \u00e0 maintenir ce cap \u00bb.<\/p>\n\n\n\n<p><strong>Riposte militaire et guerre d&rsquo;usure dans le d\u00e9troit d&rsquo;Ormuz<\/strong><\/p>\n\n\n\n<p>Sur le plan militaire, l&rsquo;Iran a multipli\u00e9 les op\u00e9rations de riposte. Les Gardiens de la r\u00e9volution ont affirm\u00e9 dans la nuit de jeudi \u00e0 vendredi avoir inflig\u00e9 \u00ab d&rsquo;importants d\u00e9g\u00e2ts \u00bb au porte-avions nucl\u00e9aire am\u00e9ricain USS Abraham Lincoln au moyen de missiles et de drones, une revendication que Washington n&rsquo;a pas comment\u00e9e. Parall\u00e8lement, T\u00e9h\u00e9ran a d\u00e9clar\u00e9 qu&rsquo;un avion ravitailleur KC-135 am\u00e9ricain avait \u00e9t\u00e9 abattu dans l&rsquo;ouest de l&rsquo;Irak par des \u00ab factions de la r\u00e9sistance \u00bb, tuant tout son \u00e9quipage. Le Commandement central am\u00e9ricain (CENTCOM) a reconnu la perte de l&rsquo;appareil, mais a ni\u00e9 tout tir ennemi ou ami, sans fournir d&rsquo;explication alternative. L&rsquo;Iran a par ailleurs entrepris de miner le d\u00e9troit d&rsquo;Ormuz, par lequel transite environ vingt pour cent du p\u00e9trole brut mondial, en utilisant de petites embarcations apr\u00e8s la destruction de ses navires poseurs de mines par la marine am\u00e9ricaine. Le nouveau guide supr\u00eame Mojtaba Khamenei a affirm\u00e9 que \u00ab le levier du blocage d&rsquo;Ormuz doit continuer d&rsquo;\u00eatre utilis\u00e9 \u00bb. Depuis le d\u00e9but du conflit, seuls 77 navires ont franchi le d\u00e9troit, contre plus de 1 200 sur la m\u00eame p\u00e9riode un an plus t\u00f4t.<\/p>\n\n\n\n<p><strong>La communaut\u00e9 internationale appelle \u00e0 la retenue<\/strong><\/p>\n\n\n\n<p>Le pr\u00e9sident am\u00e9ricain Donald Trump a annonc\u00e9 vendredi sur Fox News que les \u00c9tats-Unis frapperaient l&rsquo;Iran \u00ab tr\u00e8s fort au cours de la prochaine semaine \u00bb, jugeant par ailleurs \u00ab possible \u00bb que la Russie \u00ab aide un petit peu \u00bb T\u00e9h\u00e9ran. Le secr\u00e9taire \u00e0 la D\u00e9fense Pete Hegseth a affirm\u00e9 que plus de 15 000 cibles avaient \u00e9t\u00e9 frapp\u00e9es en Iran depuis le d\u00e9but de l&rsquo;offensive. Face \u00e0 cette escalade, les experts des droits de l&rsquo;homme des Nations unies ont qualifi\u00e9 l&rsquo;attaque am\u00e9ricano-isra\u00e9lienne d&rsquo;\u00ab acte d&rsquo;agression totalement ill\u00e9gal au regard du droit international \u00bb, lanc\u00e9e \u00ab alors que des n\u00e9gociations \u00e9taient toujours en cours \u00bb. Le secr\u00e9taire g\u00e9n\u00e9ral de l&rsquo;ONU, Antonio Guterres, a averti que \u00ab la r\u00e9gion est pouss\u00e9e jusqu&rsquo;au point de rupture \u00bb et s&rsquo;est rendu \u00e0 Beyrouth en \u00ab visite de solidarit\u00e9 \u00bb avec le Liban, \u00e9galement cibl\u00e9 par l\u2019entit\u00e9depuis le 2 mars. Les experts onusiens ont appel\u00e9 \u00e0 un cessez-le-feu imm\u00e9diat et \u00e0 l&rsquo;organisation d&rsquo;une conf\u00e9rence internationale de paix, tout en mettant en garde contre la demande am\u00e9ricaine de \u00ab reddition sans condition \u00bb de l&rsquo;Iran, susceptible d&rsquo;entra\u00eener \u00ab une guerre prolong\u00e9e et d&rsquo;\u00e9normes souffrances humaines \u00bb. Le bilan humain du conflit s&rsquo;alourdit de jour en jour : plus de 1 300 morts en Iran, dont au moins 150 \u00e9coli\u00e8res tu\u00e9es dans le bombardement d&rsquo;une \u00e9cole \u00e0 Minab, plus de 10 000 bless\u00e9s et 4,1 millions de d\u00e9plac\u00e9s internes, selon les Nations unies.<\/p>\n\n\n\n<p>Lyes Sa\u00efdi<\/p>\n","protected":false},"excerpt":{"rendered":"<p>Au quatorzi\u00e8me jour de la guerre d\u00e9clench\u00e9 le 28 f\u00e9vrier par des frappes conjointes des \u00c9tats-Unis et de l\u2019entit\u00e9 sioniste<\/p>\n","protected":false},"author":6,"featured_media":83406,"comment_status":"open","ping_status":"closed","sticky":false,"template":"","format":"standard","meta":{"colormag_page_container_layout":"default_layout","colormag_page_sidebar_layout":"default_layout","om_disable_all_campaigns":false,"_monsterinsights_skip_tracking":false,"_monsterinsights_sitenote_active":false,"_monsterinsights_sitenote_note":"","_monsterinsights_sitenote_category":0,"footnotes":"","_wpscppro_dont_share_socialmedia":false,"_wpscppro_custom_social_share_image":0,"_facebook_share_type":"default","_twitter_share_type":"default","_linkedin_share_type":"default","_pinterest_share_type":"default","_linkedin_share_type_page":"","_instagram_share_type":"default","_medium_share_type":"default","_threads_share_type":"default","_google_business_share_type":"default","_selected_social_profile":[],"_wpsp_enable_custom_social_template":false,"_wpsp_social_scheduling":{"enabled":false,"datetime":null,"platforms":[],"status":"template_only","dateOption":"today","timeOption":"now","customDays":"","customHours":"","customDate":"","customTime":"","schedulingType":"absolute"},"_wpsp_active_default_template":true},"categories":[52,37],"tags":[],"class_list":["post-83405","post","type-post","status-publish","format-standard","has-post-thumbnail","hentry","category-a-la-une","category-monde"],"aioseo_notices":[],"yoast_head":"<!-- This site is optimized with the Yoast SEO plugin v27.5 - https:\/\/yoast.com\/product\/yoast-seo-wordpress\/ -->\n<title>Face aux attaques am\u00e9ricano-isra\u00e9liennes\u00a0: T\u00e9h\u00e9ran d\u00e9fie Washington et affiche sa d\u00e9termination - La Sentinelle<\/title>\n<meta name=\"robots\" content=\"index, follow, max-snippet:-1, max-image-preview:large, max-video-preview:-1\" \/>\n<link rel=\"canonical\" href=\"https:\/\/lasentinelle.dz\/index.php\/2026\/03\/13\/face-aux-attaques-americano-israeliennes-teheran-defie-washington-et-affiche-sa-determination\/\" \/>\n<meta property=\"og:locale\" content=\"fr_FR\" \/>\n<meta property=\"og:type\" content=\"article\" \/>\n<meta property=\"og:title\" content=\"Face aux attaques am\u00e9ricano-isra\u00e9liennes\u00a0: T\u00e9h\u00e9ran d\u00e9fie Washington et affiche sa d\u00e9termination - La Sentinelle\" \/>\n<meta property=\"og:description\" content=\"Au quatorzi\u00e8me jour de la guerre d\u00e9clench\u00e9 le 28 f\u00e9vrier par des frappes conjointes des \u00c9tats-Unis et de l\u2019entit\u00e9 sioniste\" \/>\n<meta property=\"og:url\" content=\"https:\/\/lasentinelle.dz\/index.php\/2026\/03\/13\/face-aux-attaques-americano-israeliennes-teheran-defie-washington-et-affiche-sa-determination\/\" \/>\n<meta property=\"og:site_name\" content=\"La Sentinelle\" \/>\n<meta property=\"article:publisher\" content=\"https:\/\/www.facebook.com\/La-Sentinelle-104059864394773\" \/>\n<meta property=\"article:published_time\" content=\"2026-03-13T19:06:49+00:00\" \/>\n<meta property=\"article:modified_time\" content=\"2026-03-13T19:06:50+00:00\" \/>\n<meta property=\"og:image\" content=\"https:\/\/lasentinelle.dz\/wp-content\/uploads\/2026\/03\/Capture-decran-2026-03-13-a-8.06.15-PM-1024x627.png\" \/>\n\t<meta property=\"og:image:width\" content=\"1024\" \/>\n\t<meta property=\"og:image:height\" content=\"627\" \/>\n\t<meta property=\"og:image:type\" content=\"image\/png\" \/>\n<meta name=\"author\" content=\"admin\" \/>\n<meta name=\"twitter:card\" content=\"summary_large_image\" \/>\n<meta name=\"twitter:label1\" content=\"\u00c9crit par\" \/>\n\t<meta name=\"twitter:data1\" content=\"admin\" \/>\n\t<meta name=\"twitter:label2\" content=\"Dur\u00e9e de lecture estim\u00e9e\" \/>\n\t<meta name=\"twitter:data2\" content=\"5 minutes\" \/>\n<script type=\"application\/ld+json\" class=\"yoast-schema-graph\">{\"@context\":\"https:\\\/\\\/schema.org\",\"@graph\":[{\"@type\":\"Article\",\"@id\":\"https:\\\/\\\/lasentinelle.dz\\\/index.php\\\/2026\\\/03\\\/13\\\/face-aux-attaques-americano-israeliennes-teheran-defie-washington-et-affiche-sa-determination\\\/#article\",\"isPartOf\":{\"@id\":\"https:\\\/\\\/lasentinelle.dz\\\/index.php\\\/2026\\\/03\\\/13\\\/face-aux-attaques-americano-israeliennes-teheran-defie-washington-et-affiche-sa-determination\\\/\"},\"author\":{\"name\":\"admin\",\"@id\":\"https:\\\/\\\/lasentinelle.dz\\\/#\\\/schema\\\/person\\\/729ee0024f24e0b8c5ec17232f8e8b41\"},\"headline\":\"Face aux attaques am\u00e9ricano-isra\u00e9liennes\u00a0: T\u00e9h\u00e9ran d\u00e9fie Washington et affiche sa d\u00e9termination\",\"datePublished\":\"2026-03-13T19:06:49+00:00\",\"dateModified\":\"2026-03-13T19:06:50+00:00\",\"mainEntityOfPage\":{\"@id\":\"https:\\\/\\\/lasentinelle.dz\\\/index.php\\\/2026\\\/03\\\/13\\\/face-aux-attaques-americano-israeliennes-teheran-defie-washington-et-affiche-sa-determination\\\/\"},\"wordCount\":1030,\"commentCount\":0,\"publisher\":{\"@id\":\"https:\\\/\\\/lasentinelle.dz\\\/#organization\"},\"image\":{\"@id\":\"https:\\\/\\\/lasentinelle.dz\\\/index.php\\\/2026\\\/03\\\/13\\\/face-aux-attaques-americano-israeliennes-teheran-defie-washington-et-affiche-sa-determination\\\/#primaryimage\"},\"thumbnailUrl\":\"https:\\\/\\\/lasentinelle.dz\\\/wp-content\\\/uploads\\\/2026\\\/03\\\/Capture-decran-2026-03-13-a-8.06.15-PM.png\",\"articleSection\":[\"\u00c0 la Une\",\"Monde\"],\"inLanguage\":\"fr-FR\",\"potentialAction\":[{\"@type\":\"CommentAction\",\"name\":\"Comment\",\"target\":[\"https:\\\/\\\/lasentinelle.dz\\\/index.php\\\/2026\\\/03\\\/13\\\/face-aux-attaques-americano-israeliennes-teheran-defie-washington-et-affiche-sa-determination\\\/#respond\"]}]},{\"@type\":\"WebPage\",\"@id\":\"https:\\\/\\\/lasentinelle.dz\\\/index.php\\\/2026\\\/03\\\/13\\\/face-aux-attaques-americano-israeliennes-teheran-defie-washington-et-affiche-sa-determination\\\/\",\"url\":\"https:\\\/\\\/lasentinelle.dz\\\/index.php\\\/2026\\\/03\\\/13\\\/face-aux-attaques-americano-israeliennes-teheran-defie-washington-et-affiche-sa-determination\\\/\",\"name\":\"Face aux attaques am\u00e9ricano-isra\u00e9liennes\u00a0: T\u00e9h\u00e9ran d\u00e9fie Washington et affiche sa d\u00e9termination - La Sentinelle\",\"isPartOf\":{\"@id\":\"https:\\\/\\\/lasentinelle.dz\\\/#website\"},\"primaryImageOfPage\":{\"@id\":\"https:\\\/\\\/lasentinelle.dz\\\/index.php\\\/2026\\\/03\\\/13\\\/face-aux-attaques-americano-israeliennes-teheran-defie-washington-et-affiche-sa-determination\\\/#primaryimage\"},\"image\":{\"@id\":\"https:\\\/\\\/lasentinelle.dz\\\/index.php\\\/2026\\\/03\\\/13\\\/face-aux-attaques-americano-israeliennes-teheran-defie-washington-et-affiche-sa-determination\\\/#primaryimage\"},\"thumbnailUrl\":\"https:\\\/\\\/lasentinelle.dz\\\/wp-content\\\/uploads\\\/2026\\\/03\\\/Capture-decran-2026-03-13-a-8.06.15-PM.png\",\"datePublished\":\"2026-03-13T19:06:49+00:00\",\"dateModified\":\"2026-03-13T19:06:50+00:00\",\"breadcrumb\":{\"@id\":\"https:\\\/\\\/lasentinelle.dz\\\/index.php\\\/2026\\\/03\\\/13\\\/face-aux-attaques-americano-israeliennes-teheran-defie-washington-et-affiche-sa-determination\\\/#breadcrumb\"},\"inLanguage\":\"fr-FR\",\"potentialAction\":[{\"@type\":\"ReadAction\",\"target\":[\"https:\\\/\\\/lasentinelle.dz\\\/index.php\\\/2026\\\/03\\\/13\\\/face-aux-attaques-americano-israeliennes-teheran-defie-washington-et-affiche-sa-determination\\\/\"]}]},{\"@type\":\"ImageObject\",\"inLanguage\":\"fr-FR\",\"@id\":\"https:\\\/\\\/lasentinelle.dz\\\/index.php\\\/2026\\\/03\\\/13\\\/face-aux-attaques-americano-israeliennes-teheran-defie-washington-et-affiche-sa-determination\\\/#primaryimage\",\"url\":\"https:\\\/\\\/lasentinelle.dz\\\/wp-content\\\/uploads\\\/2026\\\/03\\\/Capture-decran-2026-03-13-a-8.06.15-PM.png\",\"contentUrl\":\"https:\\\/\\\/lasentinelle.dz\\\/wp-content\\\/uploads\\\/2026\\\/03\\\/Capture-decran-2026-03-13-a-8.06.15-PM.png\",\"width\":2186,\"height\":1338},{\"@type\":\"BreadcrumbList\",\"@id\":\"https:\\\/\\\/lasentinelle.dz\\\/index.php\\\/2026\\\/03\\\/13\\\/face-aux-attaques-americano-israeliennes-teheran-defie-washington-et-affiche-sa-determination\\\/#breadcrumb\",\"itemListElement\":[{\"@type\":\"ListItem\",\"position\":1,\"name\":\"Accueil\",\"item\":\"https:\\\/\\\/lasentinelle.dz\\\/\"},{\"@type\":\"ListItem\",\"position\":2,\"name\":\"Face aux attaques am\u00e9ricano-isra\u00e9liennes\u00a0: T\u00e9h\u00e9ran d\u00e9fie Washington et affiche sa d\u00e9termination\"}]},{\"@type\":\"WebSite\",\"@id\":\"https:\\\/\\\/lasentinelle.dz\\\/#website\",\"url\":\"https:\\\/\\\/lasentinelle.dz\\\/\",\"name\":\"La Sentinelle\",\"description\":\"Quotidien national d&#039;information\",\"publisher\":{\"@id\":\"https:\\\/\\\/lasentinelle.dz\\\/#organization\"},\"potentialAction\":[{\"@type\":\"SearchAction\",\"target\":{\"@type\":\"EntryPoint\",\"urlTemplate\":\"https:\\\/\\\/lasentinelle.dz\\\/?s={search_term_string}\"},\"query-input\":{\"@type\":\"PropertyValueSpecification\",\"valueRequired\":true,\"valueName\":\"search_term_string\"}}],\"inLanguage\":\"fr-FR\"},{\"@type\":\"Organization\",\"@id\":\"https:\\\/\\\/lasentinelle.dz\\\/#organization\",\"name\":\"Quotidien La Sentinelle\",\"url\":\"https:\\\/\\\/lasentinelle.dz\\\/\",\"logo\":{\"@type\":\"ImageObject\",\"inLanguage\":\"fr-FR\",\"@id\":\"https:\\\/\\\/lasentinelle.dz\\\/#\\\/schema\\\/logo\\\/image\\\/\",\"url\":\"https:\\\/\\\/lasentinelle.dz\\\/wp-content\\\/uploads\\\/2021\\\/09\\\/logo-sentinelleSLOGAN-1.png\",\"contentUrl\":\"https:\\\/\\\/lasentinelle.dz\\\/wp-content\\\/uploads\\\/2021\\\/09\\\/logo-sentinelleSLOGAN-1.png\",\"width\":615,\"height\":142,\"caption\":\"Quotidien La Sentinelle\"},\"image\":{\"@id\":\"https:\\\/\\\/lasentinelle.dz\\\/#\\\/schema\\\/logo\\\/image\\\/\"},\"sameAs\":[\"https:\\\/\\\/www.facebook.com\\\/La-Sentinelle-104059864394773\"]},{\"@type\":\"Person\",\"@id\":\"https:\\\/\\\/lasentinelle.dz\\\/#\\\/schema\\\/person\\\/729ee0024f24e0b8c5ec17232f8e8b41\",\"name\":\"admin\",\"image\":{\"@type\":\"ImageObject\",\"inLanguage\":\"fr-FR\",\"@id\":\"https:\\\/\\\/secure.gravatar.com\\\/avatar\\\/4c81fed838786e9b53f540bf46533e750f5d292099ae3b66cfc6fb1982e29df7?s=96&d=mm&r=g\",\"url\":\"https:\\\/\\\/secure.gravatar.com\\\/avatar\\\/4c81fed838786e9b53f540bf46533e750f5d292099ae3b66cfc6fb1982e29df7?s=96&d=mm&r=g\",\"contentUrl\":\"https:\\\/\\\/secure.gravatar.com\\\/avatar\\\/4c81fed838786e9b53f540bf46533e750f5d292099ae3b66cfc6fb1982e29df7?s=96&d=mm&r=g\",\"caption\":\"admin\"},\"description\":\"admin\",\"url\":\"https:\\\/\\\/lasentinelle.dz\\\/author\\\/admin\\\/\"}]}<\/script>\n<!-- \/ Yoast SEO plugin. -->","yoast_head_json":{"title":"Face aux attaques am\u00e9ricano-isra\u00e9liennes\u00a0: T\u00e9h\u00e9ran d\u00e9fie Washington et affiche sa d\u00e9termination - La Sentinelle","robots":{"index":"index","follow":"follow","max-snippet":"max-snippet:-1","max-image-preview":"max-image-preview:large","max-video-preview":"max-video-preview:-1"},"canonical":"https:\/\/lasentinelle.dz\/index.php\/2026\/03\/13\/face-aux-attaques-americano-israeliennes-teheran-defie-washington-et-affiche-sa-determination\/","og_locale":"fr_FR","og_type":"article","og_title":"Face aux attaques am\u00e9ricano-isra\u00e9liennes\u00a0: T\u00e9h\u00e9ran d\u00e9fie Washington et affiche sa d\u00e9termination - La Sentinelle","og_description":"Au quatorzi\u00e8me jour de la guerre d\u00e9clench\u00e9 le 28 f\u00e9vrier par des frappes conjointes des \u00c9tats-Unis et de l\u2019entit\u00e9 sioniste","og_url":"https:\/\/lasentinelle.dz\/index.php\/2026\/03\/13\/face-aux-attaques-americano-israeliennes-teheran-defie-washington-et-affiche-sa-determination\/","og_site_name":"La Sentinelle","article_publisher":"https:\/\/www.facebook.com\/La-Sentinelle-104059864394773","article_published_time":"2026-03-13T19:06:49+00:00","article_modified_time":"2026-03-13T19:06:50+00:00","og_image":[{"width":1024,"height":627,"url":"https:\/\/lasentinelle.dz\/wp-content\/uploads\/2026\/03\/Capture-decran-2026-03-13-a-8.06.15-PM-1024x627.png","type":"image\/png"}],"author":"admin","twitter_card":"summary_large_image","twitter_misc":{"\u00c9crit par":"admin","Dur\u00e9e de lecture estim\u00e9e":"5 minutes"},"schema":{"@context":"https:\/\/schema.org","@graph":[{"@type":"Article","@id":"https:\/\/lasentinelle.dz\/index.php\/2026\/03\/13\/face-aux-attaques-americano-israeliennes-teheran-defie-washington-et-affiche-sa-determination\/#article","isPartOf":{"@id":"https:\/\/lasentinelle.dz\/index.php\/2026\/03\/13\/face-aux-attaques-americano-israeliennes-teheran-defie-washington-et-affiche-sa-determination\/"},"author":{"name":"admin","@id":"https:\/\/lasentinelle.dz\/#\/schema\/person\/729ee0024f24e0b8c5ec17232f8e8b41"},"headline":"Face aux attaques am\u00e9ricano-isra\u00e9liennes\u00a0: T\u00e9h\u00e9ran d\u00e9fie Washington et affiche sa d\u00e9termination","datePublished":"2026-03-13T19:06:49+00:00","dateModified":"2026-03-13T19:06:50+00:00","mainEntityOfPage":{"@id":"https:\/\/lasentinelle.dz\/index.php\/2026\/03\/13\/face-aux-attaques-americano-israeliennes-teheran-defie-washington-et-affiche-sa-determination\/"},"wordCount":1030,"commentCount":0,"publisher":{"@id":"https:\/\/lasentinelle.dz\/#organization"},"image":{"@id":"https:\/\/lasentinelle.dz\/index.php\/2026\/03\/13\/face-aux-attaques-americano-israeliennes-teheran-defie-washington-et-affiche-sa-determination\/#primaryimage"},"thumbnailUrl":"https:\/\/lasentinelle.dz\/wp-content\/uploads\/2026\/03\/Capture-decran-2026-03-13-a-8.06.15-PM.png","articleSection":["\u00c0 la Une","Monde"],"inLanguage":"fr-FR","potentialAction":[{"@type":"CommentAction","name":"Comment","target":["https:\/\/lasentinelle.dz\/index.php\/2026\/03\/13\/face-aux-attaques-americano-israeliennes-teheran-defie-washington-et-affiche-sa-determination\/#respond"]}]},{"@type":"WebPage","@id":"https:\/\/lasentinelle.dz\/index.php\/2026\/03\/13\/face-aux-attaques-americano-israeliennes-teheran-defie-washington-et-affiche-sa-determination\/","url":"https:\/\/lasentinelle.dz\/index.php\/2026\/03\/13\/face-aux-attaques-americano-israeliennes-teheran-defie-washington-et-affiche-sa-determination\/","name":"Face aux attaques am\u00e9ricano-isra\u00e9liennes\u00a0: T\u00e9h\u00e9ran d\u00e9fie Washington et affiche sa d\u00e9termination - La Sentinelle","isPartOf":{"@id":"https:\/\/lasentinelle.dz\/#website"},"primaryImageOfPage":{"@id":"https:\/\/lasentinelle.dz\/index.php\/2026\/03\/13\/face-aux-attaques-americano-israeliennes-teheran-defie-washington-et-affiche-sa-determination\/#primaryimage"},"image":{"@id":"https:\/\/lasentinelle.dz\/index.php\/2026\/03\/13\/face-aux-attaques-americano-israeliennes-teheran-defie-washington-et-affiche-sa-determination\/#primaryimage"},"thumbnailUrl":"https:\/\/lasentinelle.dz\/wp-content\/uploads\/2026\/03\/Capture-decran-2026-03-13-a-8.06.15-PM.png","datePublished":"2026-03-13T19:06:49+00:00","dateModified":"2026-03-13T19:06:50+00:00","breadcrumb":{"@id":"https:\/\/lasentinelle.dz\/index.php\/2026\/03\/13\/face-aux-attaques-americano-israeliennes-teheran-defie-washington-et-affiche-sa-determination\/#breadcrumb"},"inLanguage":"fr-FR","potentialAction":[{"@type":"ReadAction","target":["https:\/\/lasentinelle.dz\/index.php\/2026\/03\/13\/face-aux-attaques-americano-israeliennes-teheran-defie-washington-et-affiche-sa-determination\/"]}]},{"@type":"ImageObject","inLanguage":"fr-FR","@id":"https:\/\/lasentinelle.dz\/index.php\/2026\/03\/13\/face-aux-attaques-americano-israeliennes-teheran-defie-washington-et-affiche-sa-determination\/#primaryimage","url":"https:\/\/lasentinelle.dz\/wp-content\/uploads\/2026\/03\/Capture-decran-2026-03-13-a-8.06.15-PM.png","contentUrl":"https:\/\/lasentinelle.dz\/wp-content\/uploads\/2026\/03\/Capture-decran-2026-03-13-a-8.06.15-PM.png","width":2186,"height":1338},{"@type":"BreadcrumbList","@id":"https:\/\/lasentinelle.dz\/index.php\/2026\/03\/13\/face-aux-attaques-americano-israeliennes-teheran-defie-washington-et-affiche-sa-determination\/#breadcrumb","itemListElement":[{"@type":"ListItem","position":1,"name":"Accueil","item":"https:\/\/lasentinelle.dz\/"},{"@type":"ListItem","position":2,"name":"Face aux attaques am\u00e9ricano-isra\u00e9liennes\u00a0: T\u00e9h\u00e9ran d\u00e9fie Washington et affiche sa d\u00e9termination"}]},{"@type":"WebSite","@id":"https:\/\/lasentinelle.dz\/#website","url":"https:\/\/lasentinelle.dz\/","name":"La Sentinelle","description":"Quotidien national d&#039;information","publisher":{"@id":"https:\/\/lasentinelle.dz\/#organization"},"potentialAction":[{"@type":"SearchAction","target":{"@type":"EntryPoint","urlTemplate":"https:\/\/lasentinelle.dz\/?s={search_term_string}"},"query-input":{"@type":"PropertyValueSpecification","valueRequired":true,"valueName":"search_term_string"}}],"inLanguage":"fr-FR"},{"@type":"Organization","@id":"https:\/\/lasentinelle.dz\/#organization","name":"Quotidien La Sentinelle","url":"https:\/\/lasentinelle.dz\/","logo":{"@type":"ImageObject","inLanguage":"fr-FR","@id":"https:\/\/lasentinelle.dz\/#\/schema\/logo\/image\/","url":"https:\/\/lasentinelle.dz\/wp-content\/uploads\/2021\/09\/logo-sentinelleSLOGAN-1.png","contentUrl":"https:\/\/lasentinelle.dz\/wp-content\/uploads\/2021\/09\/logo-sentinelleSLOGAN-1.png","width":615,"height":142,"caption":"Quotidien La Sentinelle"},"image":{"@id":"https:\/\/lasentinelle.dz\/#\/schema\/logo\/image\/"},"sameAs":["https:\/\/www.facebook.com\/La-Sentinelle-104059864394773"]},{"@type":"Person","@id":"https:\/\/lasentinelle.dz\/#\/schema\/person\/729ee0024f24e0b8c5ec17232f8e8b41","name":"admin","image":{"@type":"ImageObject","inLanguage":"fr-FR","@id":"https:\/\/secure.gravatar.com\/avatar\/4c81fed838786e9b53f540bf46533e750f5d292099ae3b66cfc6fb1982e29df7?s=96&d=mm&r=g","url":"https:\/\/secure.gravatar.com\/avatar\/4c81fed838786e9b53f540bf46533e750f5d292099ae3b66cfc6fb1982e29df7?s=96&d=mm&r=g","contentUrl":"https:\/\/secure.gravatar.com\/avatar\/4c81fed838786e9b53f540bf46533e750f5d292099ae3b66cfc6fb1982e29df7?s=96&d=mm&r=g","caption":"admin"},"description":"admin","url":"https:\/\/lasentinelle.dz\/author\/admin\/"}]}},"_links":{"self":[{"href":"https:\/\/lasentinelle.dz\/index.php\/wp-json\/wp\/v2\/posts\/83405","targetHints":{"allow":["GET"]}}],"collection":[{"href":"https:\/\/lasentinelle.dz\/index.php\/wp-json\/wp\/v2\/posts"}],"about":[{"href":"https:\/\/lasentinelle.dz\/index.php\/wp-json\/wp\/v2\/types\/post"}],"author":[{"embeddable":true,"href":"https:\/\/lasentinelle.dz\/index.php\/wp-json\/wp\/v2\/users\/6"}],"replies":[{"embeddable":true,"href":"https:\/\/lasentinelle.dz\/index.php\/wp-json\/wp\/v2\/comments?post=83405"}],"version-history":[{"count":1,"href":"https:\/\/lasentinelle.dz\/index.php\/wp-json\/wp\/v2\/posts\/83405\/revisions"}],"predecessor-version":[{"id":83407,"href":"https:\/\/lasentinelle.dz\/index.php\/wp-json\/wp\/v2\/posts\/83405\/revisions\/83407"}],"wp:featuredmedia":[{"embeddable":true,"href":"https:\/\/lasentinelle.dz\/index.php\/wp-json\/wp\/v2\/media\/83406"}],"wp:attachment":[{"href":"https:\/\/lasentinelle.dz\/index.php\/wp-json\/wp\/v2\/media?parent=83405"}],"wp:term":[{"taxonomy":"category","embeddable":true,"href":"https:\/\/lasentinelle.dz\/index.php\/wp-json\/wp\/v2\/categories?post=83405"},{"taxonomy":"post_tag","embeddable":true,"href":"https:\/\/lasentinelle.dz\/index.php\/wp-json\/wp\/v2\/tags?post=83405"}],"curies":[{"name":"wp","href":"https:\/\/api.w.org\/{rel}","templated":true}]}}