{"id":83408,"date":"2026-03-13T20:07:40","date_gmt":"2026-03-13T19:07:40","guid":{"rendered":"https:\/\/lasentinelle.dz\/?p=83408"},"modified":"2026-03-13T20:07:40","modified_gmt":"2026-03-13T19:07:40","slug":"les-impacts-des-tensions-usa-iran-quelles-sont-les-perspectives-de-leconomie-mondiale","status":"publish","type":"post","link":"https:\/\/lasentinelle.dz\/index.php\/2026\/03\/13\/les-impacts-des-tensions-usa-iran-quelles-sont-les-perspectives-de-leconomie-mondiale\/","title":{"rendered":"Les impacts des tensions USA-Iran\u00a0: Quelles sont les perspectives de l&rsquo;\u00e9conomie mondiale"},"content":{"rendered":"\n<p><strong>Par Abderrahmane Mebtoul<\/strong><\/p>\n\n\n\n<p><strong>Professeur des universit\u00e9s, expert international<\/strong><\/p>\n\n\n\n<p>Pour le FMI, dans un contexte de tensions intenses, avec des inqui\u00e9tudes sur les flux via le d\u00e9troit d&rsquo;Ormuz, o\u00f9 transitent entre 20 % et 25 % des produits hydrocarbures, surtout en direction de l&rsquo;Asie et, en retour, les produits indispensables \u00e0 cet espace, les risques principaux en cas de prolongation du conflit seraient le ralentissement de la croissance de l&rsquo;\u00e9conomie mondiale via sa s\u00e9curit\u00e9 \u00e9nerg\u00e9tique, notamment.<\/p>\n\n\n\n<p>Avant les tensions au Moyen-Orient, le FMI a publi\u00e9 un important rapport sur les perspectives de l&rsquo;\u00e9conomie mondiale en janvier 2026, o\u00f9 le sc\u00e9nario \u00e9tait d\u00e9j\u00e0 mitig\u00e9 : qu&rsquo;en sera-t-il apr\u00e8s les impacts de la guerre Iran-USA via Isra\u00ebl, o\u00f9 le taux de croissance risque d&rsquo;\u00eatre d\u00e9j\u00e0 tr\u00e8s affect\u00e9, surtout celui de la Chine, p\u00e9nalisant les pays les plus vuln\u00e9rables, dont bon nombre de pays d&rsquo;Afrique \u2014 o\u00f9, selon la directrice g\u00e9n\u00e9rale du FMI Kristalina Georgieva, a averti le 5 mars 2026, les nouvelles tensions et le conflit au Moyen-Orient mettent \u00e0 l&rsquo;\u00e9preuve la r\u00e9silience de l&rsquo;\u00e9conomie mondiale. Elle a soulign\u00e9 les risques de flamb\u00e9e des prix de l&rsquo;\u00e9nergie, d&rsquo;inflation accrue et de volatilit\u00e9 des march\u00e9s, exhortant les d\u00e9cideurs \u00e0 \u00ab penser l&rsquo;impensable \u00bb.<\/p>\n\n\n\n<p>En effet, pour le FMI, dans un contexte de tensions intenses, avec des inqui\u00e9tudes sur les flux via le d\u00e9troit d&rsquo;Ormuz, o\u00f9 transitent entre 20 % et 25 % des produits hydrocarbures, surtout en direction de l&rsquo;Asie et, en retour, les produits indispensables \u00e0 cet espace, les risques principaux en cas de prolongation du conflit seraient le ralentissement de la croissance de l&rsquo;\u00e9conomie mondiale via sa s\u00e9curit\u00e9 \u00e9nerg\u00e9tique, notamment.<\/p>\n\n\n\n<p>Au gr\u00e9 des discours, et en fonction de la dur\u00e9e du conflit, une hausse de l&rsquo;inflation est \u00e0 pr\u00e9voir : pour le FMI, une hausse de 10 % du prix du baril peut augmenter l&rsquo;inflation de 0,2 \u00e0 0,3 point, et comme actuellement la hausse approche 40 %, soit au maximum 1,2 point, ce qui est \u00e9norme avec la hausse des taux d&rsquo;int\u00e9r\u00eats, le frein \u00e0 l&rsquo;investissement et de vives tensions sociales, sans compter les d\u00e9placements, les pertes humaines (le drame du Liban), les co\u00fbts support\u00e9s par les efforts de guerre des diff\u00e9rents partis et les destructions.<\/p>\n\n\n\n<p>Le cours du p\u00e9trole a connu, entre le d\u00e9but et le 11 mars 2026, une volatilit\u00e9 extr\u00eame, \u00e9tant pass\u00e9, selon les discours du pr\u00e9sident am\u00e9ricain et des dirigeants iraniens, de 115 dollars \u00e0 85\/90 dollars, \u00e9tant cot\u00e9 le 11 mars 2026 \u00e0 15h GMT \u00e0 90,84 dollars, expliquant le d\u00e9sarroi des commentateurs sur les diff\u00e9rents plateaux au niveau mondial. D&rsquo;o\u00f9 l&rsquo;importance de conna\u00eetre la structure de l&rsquo;\u00e9conomie mondiale afin d&rsquo;\u00e9laborer des sc\u00e9narios d&rsquo;anticipation.<\/p>\n\n\n\n<p>Le FMI anticipait donc, avant les \u00e9v\u00e9nements, une croissance \u00e9conomique mondiale r\u00e9siliente de 3,3 % en 2026, r\u00e9vis\u00e9e \u00e0 la hausse gr\u00e2ce \u00e0 l&rsquo;IA et aux investissements technologiques, et ce avant les tensions g\u00e9ostrat\u00e9giques au Moyen-Orient qui risquent de plomber l&rsquo;\u00e9conomie mondiale avec un fort taux d&rsquo;inflation du fait de la forte hausse des prix de l&rsquo;\u00e9nergie.<\/p>\n\n\n\n<p>Selon ce rapport, par zones g\u00e9ographiques, le taux de croissance des pays d\u00e9velopp\u00e9s serait en 2026 de 2,8 % : en premier, les \u00c9tats-Unis avec un taux de 2,6 %, suivis de la zone euro dont le taux de croissance est projet\u00e9 \u00e0 1,3 % (ou de 1,1 % \u00e0 1,6 % selon les sources), dont, apr\u00e8s une r\u00e9cession, l&rsquo;Allemagne (+1,1 % \u00e0 1,5 %), la France (+1,2 % \u00e0 1,3 %), l&rsquo;Italie (+0,7 %) et l&rsquo;Espagne (+1,9 % \u00e0 2,3 %). Pour les pays \u00e9mergents, nous avons une moyenne de 4,0 %, la Chine connaissant un taux relativement modeste d&rsquo;environ 4,5 %.<\/p>\n\n\n\n<p>Voici le classement des 20 plus grandes puissances \u00e9conomiques mondiales selon les pr\u00e9visions du FMI pour 2026 : 1. \u00c9tats-Unis : 31 821 milliards de dollars pour 340 millions d&rsquo;habitants \u2014 2. Chine : 20 651 milliards de dollars \u2014 3. Allemagne : 5 328 milliards de dollars \u2014 4. Inde : 4 506 milliards de dollars \u2014 5. Japon : 4 464 milliards de dollars \u2014 6. Royaume-Uni : 4 226 milliards de dollars \u2014 7. France : 3 559 milliards de dollars \u2014 8. Italie : 2 702 milliards de dollars \u2014 9. Russie : 2 509 milliards de dollars \u2014 10. Canada : 2 421 milliards de dollars \u2014 11. Br\u00e9sil : 2 293 milliards de dollars \u2014 12. Espagne : 2 042 milliards de dollars \u2014 13. Mexique : 2 031 milliards de dollars \u2014 14. Australie : 1 948 milliards de dollars \u2014 15. Cor\u00e9e du Sud : 1 937 milliards de dollars \u2014 16. Turquie : 1 576 milliards de dollars \u2014 17. Indon\u00e9sie : 1 550 milliards de dollars \u2014 18. Pays-Bas : 1 413 milliards de dollars \u2014 19. Arabie Saoudite : 1 316 milliards de dollars \u2014 20. Pologne : 1 110 milliards de dollars.<\/p>\n\n\n\n<p>Pour l&rsquo;Afrique, selon les projections du FMI pour 2026, les \u00e9conomies africaines affichent une r\u00e9silience notable avec une croissance r\u00e9gionale attendue autour de 4,6 % en Afrique subsaharienne. Le PIB cumul\u00e9 du continent devrait atteindre environ 3 320 milliards de dollars, soutenu par la diversification, les investissements en infrastructures et les secteurs de l&rsquo;\u00e9nergie et du num\u00e9rique.<\/p>\n\n\n\n<p>Pour les 20 premiers pays, toujours en termes de PIB, nous avons le classement suivant par ordre d\u00e9croissant selon le FMI \u2014 corrigeant certains pays avec un PIB \u00e0 la baisse au moyen de tests de coh\u00e9rence qui surestiment leur PIB : 1. Afrique du Sud : 443,64 Md$ \u2014 2. \u00c9gypte : 399,51 Md$ \u2014 3. Nig\u00e9ria : 334,34 Md$ \u2014 4. Alg\u00e9rie : 284,98 Md$ \u2014 5. Maroc : 196,12 Md$ \u2014 6. Kenya : 140,87 Md$ \u2014 7. \u00c9thiopie : 125,74 Md$ \u2014 8. Ghana : 113,49 Md$ \u2014 9. C\u00f4te d&rsquo;Ivoire : 111,45 Md$ \u2014 10. Angola : 109,86 Md$ \u2014 11. Tanzanie : ~94 Md$ \u2014 12. RD Congo : 88,13 Md$ \u2014 13. Ouganda : ~58 Md$ (estimation tendancielle) \u2014 14. Tunisie : ~56 Md$ (estimation tendancielle) \u2014 15. Cameroun : ~53 Md$ (estimation tendancielle) \u2014 16. Libye : 49,16 Md$ \u2014 17. S\u00e9n\u00e9gal : ~40 Md$ (estimation tendancielle) \u2014 18. Zambie : ~35 Md$ (estimation tendancielle) \u2014 19. Guin\u00e9e : 30,92 Md$ \u2014 20. Mali : 28,48 Md$.<\/p>\n\n\n\n<p>Pour une appr\u00e9ciation objective, un PIB global voile d&rsquo;importantes disparit\u00e9s ; il s&rsquo;agit \u00e0 la fois de diviser le PIB par la population totale et d&rsquo;\u00e9clater le PIB pour calculer le revenu national par couches sociales. Ainsi, nous avons pour les estimations de l&rsquo;ann\u00e9e 2025, pour les principaux pays d\u00e9velopp\u00e9s, le PIB par habitant (estimations 2025 &#8211; FMI) : Luxembourg, 150 000 $ (PPA) \u2014 Suisse, 88 000 \u20ac (nominal) \u2014 Irlande, 130 000 $ (PPA) \u2014 Singapour, 150 000 $ (PPA) \u2014 \u00c9tats-Unis : ~89 599 $ (PPA) \u2014 Norv\u00e8ge, 80 000 $ (nominal) \u2014 Allemagne, 59 925 $ (nominal) \u2014 France, 48 950 $ (nominal) \u2014 Japon, 34 713 $ (nominal).<\/p>\n\n\n\n<p>En 2025, le PIB par habitant en Afrique affiche de fortes disparit\u00e9s, avec une croissance du PIB r\u00e9el du continent pr\u00e9vue \u00e0 4,1 %. Voici une estimation des 10 pays africains avec le PIB par habitant le plus \u00e9lev\u00e9 pour 2025 (bas\u00e9 sur des projections du FMI et de Trading Economics) : Seychelles (~21 956 USD) \u2014 Maurice (~12 519 USD) \u2014 Gabon (~9 303 USD) \u2014 Guin\u00e9e \u00e9quatoriale (~8 229 USD) \u2014 Libye (forte volatilit\u00e9, ~9 861 USD en estimations) \u2014 suivi par ordre de : Botswana : 6 943 USD \u2014 Afrique du Sud : 6 667 USD \u2014 Alg\u00e9rie : 6 095 USD \u2014 Namibie : 4 512 USD \u2014 Eswatini : 5 417 USD et Cap-Vert : 3 700 USD.<\/p>\n\n\n\n<p>Comme doit \u00eatre prise en compte, surtout en Afrique, pour le calcul r\u00e9el du PIB, l&rsquo;importance de la sph\u00e8re informelle \u2014 devant distinguer la sph\u00e8re informelle productive, qui contribue \u00e0 la valeur ajout\u00e9e, de la sph\u00e8re informelle sp\u00e9culative, souvent marchande, qui constitue un transfert.<\/p>\n\n\n\n<p>En conclusion, le monde conna\u00eet, en termes de PIB nominal, d&rsquo;importantes disparit\u00e9s, o\u00f9 les \u00c9tats-Unis plus l&rsquo;Europe, y compris la Grande-Bretagne, pour une population de moins d&rsquo;un milliard d&rsquo;habitants sur environ 8 milliards de la population mondiale totale, totalisent environ 44 % du PIB mondial estim\u00e9 \u00e0 117 000 milliards de dollars en 2025 ; pour la Chine et l&rsquo;Inde, repr\u00e9sentant 35 % de la population mondiale (les deux totalisant 2,8 milliards d&rsquo;habitants), la part est de 22 % du PIB mondial.<\/p>\n\n\n\n<p>A.M.<\/p>\n\n\n\n<p><strong>ANNEXE<\/strong><\/p>\n\n\n\n<p>Dans la pratique, nous avons plusieurs indicateurs pour mesurer la richesse d&rsquo;une nation, avec des r\u00e9sultats souvent diff\u00e9rents.<\/p>\n\n\n\n<p>Le Produit Int\u00e9rieur Brut (PIB) mesure la richesse cr\u00e9\u00e9e dans un pays et se calcule principalement selon trois approches, aboutissant au m\u00eame r\u00e9sultat : la demande (consommation + investissement + d\u00e9penses publiques + exportations nettes), la production (somme des valeurs ajout\u00e9es) ou les revenus (salaires + profit + imp\u00f4ts).<\/p>\n\n\n\n<p>La Parit\u00e9 du Pouvoir d&rsquo;Achat (PPA) se calcule en comparant le co\u00fbt d&rsquo;un m\u00eame panier de biens et services dans deux pays diff\u00e9rents, exprim\u00e9 dans leurs monnaies locales respectives. Le taux PPA est le taux de change qui \u00e9galise le co\u00fbt de ce panier.<\/p>\n\n\n\n<p>Le revenu national par t\u00eate (ou RNB par habitant) est un indicateur \u00e9conomique mesurant le Revenu National Brut (RNB) total d&rsquo;un pays divis\u00e9 par sa population totale sur une ann\u00e9e. Il repr\u00e9sente le revenu moyen par habitant, \u00e9valuant le niveau de vie et la richesse moyenne, bien qu&rsquo;il ne refl\u00e8te pas les in\u00e9galit\u00e9s de r\u00e9partition. Il doit \u00eatre compl\u00e9t\u00e9 par l&rsquo;indice (ou coefficient) de Gini, qui est un indicateur synth\u00e9tique mesurant la concentration du revenu national et les in\u00e9galit\u00e9s, variant entre 0 (\u00e9galit\u00e9 parfaite) et 1 (in\u00e9galit\u00e9 maximale), o\u00f9 plus la courbe est \u00e9loign\u00e9e de la diagonale, plus les in\u00e9galit\u00e9s sont fortes.<\/p>\n\n\n\n<p>L&rsquo;Indice de D\u00e9veloppement Humain (IDH) est un indicateur composite du PNUD mesurant le bien-\u00eatre moyen d&rsquo;un pays selon trois dimensions : l&rsquo;esp\u00e9rance de vie (sant\u00e9), le niveau d&rsquo;\u00e9ducation (ann\u00e9es de scolarisation) et le revenu national brut par habitant (niveau de vie). Il varie de 0 \u00e0 1, \u00e9valuant le d\u00e9veloppement humain au-del\u00e0 de la seule richesse.<\/p>\n\n\n\n<p>Mais souvent, les investisseurs sont attentifs, outre la bonne gouvernance et la valorisation du savoir, au produit brut d&rsquo;un pays et surtout \u00e0 sa structure pour d\u00e9terminer sa performance.<\/p>\n","protected":false},"excerpt":{"rendered":"<p>Par Abderrahmane Mebtoul Professeur des universit\u00e9s, expert international Pour le FMI, dans un contexte de tensions intenses, avec des inqui\u00e9tudes<\/p>\n","protected":false},"author":6,"featured_media":83409,"comment_status":"open","ping_status":"closed","sticky":false,"template":"","format":"standard","meta":{"colormag_page_container_layout":"default_layout","colormag_page_sidebar_layout":"default_layout","om_disable_all_campaigns":false,"_monsterinsights_skip_tracking":false,"_monsterinsights_sitenote_active":false,"_monsterinsights_sitenote_note":"","_monsterinsights_sitenote_category":0,"footnotes":"","_wpscppro_dont_share_socialmedia":false,"_wpscppro_custom_social_share_image":0,"_facebook_share_type":"default","_twitter_share_type":"default","_linkedin_share_type":"default","_pinterest_share_type":"default","_linkedin_share_type_page":"","_instagram_share_type":"default","_medium_share_type":"default","_threads_share_type":"default","_google_business_share_type":"default","_selected_social_profile":[],"_wpsp_enable_custom_social_template":false,"_wpsp_social_scheduling":{"enabled":false,"datetime":null,"platforms":[],"status":"template_only","dateOption":"today","timeOption":"now","customDays":"","customHours":"","customDate":"","customTime":"","schedulingType":"absolute"},"_wpsp_active_default_template":true},"categories":[56,38],"tags":[],"class_list":["post-83408","post","type-post","status-publish","format-standard","has-post-thumbnail","hentry","category-contribution","category-debats"],"aioseo_notices":[],"yoast_head":"<!-- This site is optimized with the Yoast SEO plugin v27.5 - https:\/\/yoast.com\/product\/yoast-seo-wordpress\/ -->\n<title>Les impacts des tensions USA-Iran\u00a0: Quelles sont les perspectives de l&rsquo;\u00e9conomie mondiale - La Sentinelle<\/title>\n<meta name=\"robots\" content=\"index, follow, max-snippet:-1, max-image-preview:large, max-video-preview:-1\" \/>\n<link rel=\"canonical\" href=\"https:\/\/lasentinelle.dz\/index.php\/2026\/03\/13\/les-impacts-des-tensions-usa-iran-quelles-sont-les-perspectives-de-leconomie-mondiale\/\" \/>\n<meta property=\"og:locale\" content=\"fr_FR\" \/>\n<meta property=\"og:type\" content=\"article\" \/>\n<meta property=\"og:title\" content=\"Les impacts des tensions USA-Iran\u00a0: Quelles sont les perspectives de l&rsquo;\u00e9conomie mondiale - La Sentinelle\" \/>\n<meta property=\"og:description\" content=\"Par Abderrahmane Mebtoul Professeur des universit\u00e9s, expert international Pour le FMI, dans un contexte de tensions intenses, avec des inqui\u00e9tudes\" \/>\n<meta property=\"og:url\" content=\"https:\/\/lasentinelle.dz\/index.php\/2026\/03\/13\/les-impacts-des-tensions-usa-iran-quelles-sont-les-perspectives-de-leconomie-mondiale\/\" \/>\n<meta property=\"og:site_name\" content=\"La Sentinelle\" \/>\n<meta property=\"article:publisher\" content=\"https:\/\/www.facebook.com\/La-Sentinelle-104059864394773\" \/>\n<meta property=\"article:published_time\" content=\"2026-03-13T19:07:40+00:00\" \/>\n<meta property=\"og:image\" content=\"https:\/\/lasentinelle.dz\/wp-content\/uploads\/2026\/03\/detroit.jpg\" \/>\n\t<meta property=\"og:image:width\" content=\"828\" \/>\n\t<meta property=\"og:image:height\" content=\"465\" \/>\n\t<meta property=\"og:image:type\" content=\"image\/jpeg\" \/>\n<meta name=\"author\" content=\"admin\" \/>\n<meta name=\"twitter:card\" content=\"summary_large_image\" \/>\n<meta name=\"twitter:label1\" content=\"\u00c9crit par\" \/>\n\t<meta name=\"twitter:data1\" content=\"admin\" \/>\n\t<meta name=\"twitter:label2\" content=\"Dur\u00e9e de lecture estim\u00e9e\" \/>\n\t<meta name=\"twitter:data2\" content=\"9 minutes\" \/>\n<script type=\"application\/ld+json\" class=\"yoast-schema-graph\">{\"@context\":\"https:\\\/\\\/schema.org\",\"@graph\":[{\"@type\":\"Article\",\"@id\":\"https:\\\/\\\/lasentinelle.dz\\\/index.php\\\/2026\\\/03\\\/13\\\/les-impacts-des-tensions-usa-iran-quelles-sont-les-perspectives-de-leconomie-mondiale\\\/#article\",\"isPartOf\":{\"@id\":\"https:\\\/\\\/lasentinelle.dz\\\/index.php\\\/2026\\\/03\\\/13\\\/les-impacts-des-tensions-usa-iran-quelles-sont-les-perspectives-de-leconomie-mondiale\\\/\"},\"author\":{\"name\":\"admin\",\"@id\":\"https:\\\/\\\/lasentinelle.dz\\\/#\\\/schema\\\/person\\\/729ee0024f24e0b8c5ec17232f8e8b41\"},\"headline\":\"Les impacts des tensions USA-Iran\u00a0: Quelles sont les perspectives de l&rsquo;\u00e9conomie mondiale\",\"datePublished\":\"2026-03-13T19:07:40+00:00\",\"mainEntityOfPage\":{\"@id\":\"https:\\\/\\\/lasentinelle.dz\\\/index.php\\\/2026\\\/03\\\/13\\\/les-impacts-des-tensions-usa-iran-quelles-sont-les-perspectives-de-leconomie-mondiale\\\/\"},\"wordCount\":1506,\"commentCount\":0,\"publisher\":{\"@id\":\"https:\\\/\\\/lasentinelle.dz\\\/#organization\"},\"image\":{\"@id\":\"https:\\\/\\\/lasentinelle.dz\\\/index.php\\\/2026\\\/03\\\/13\\\/les-impacts-des-tensions-usa-iran-quelles-sont-les-perspectives-de-leconomie-mondiale\\\/#primaryimage\"},\"thumbnailUrl\":\"https:\\\/\\\/lasentinelle.dz\\\/wp-content\\\/uploads\\\/2026\\\/03\\\/detroit.jpg\",\"articleSection\":[\"Contribution\",\"D\u00e9bats\"],\"inLanguage\":\"fr-FR\",\"potentialAction\":[{\"@type\":\"CommentAction\",\"name\":\"Comment\",\"target\":[\"https:\\\/\\\/lasentinelle.dz\\\/index.php\\\/2026\\\/03\\\/13\\\/les-impacts-des-tensions-usa-iran-quelles-sont-les-perspectives-de-leconomie-mondiale\\\/#respond\"]}]},{\"@type\":\"WebPage\",\"@id\":\"https:\\\/\\\/lasentinelle.dz\\\/index.php\\\/2026\\\/03\\\/13\\\/les-impacts-des-tensions-usa-iran-quelles-sont-les-perspectives-de-leconomie-mondiale\\\/\",\"url\":\"https:\\\/\\\/lasentinelle.dz\\\/index.php\\\/2026\\\/03\\\/13\\\/les-impacts-des-tensions-usa-iran-quelles-sont-les-perspectives-de-leconomie-mondiale\\\/\",\"name\":\"Les impacts des tensions USA-Iran\u00a0: Quelles sont les perspectives de l&rsquo;\u00e9conomie mondiale - La Sentinelle\",\"isPartOf\":{\"@id\":\"https:\\\/\\\/lasentinelle.dz\\\/#website\"},\"primaryImageOfPage\":{\"@id\":\"https:\\\/\\\/lasentinelle.dz\\\/index.php\\\/2026\\\/03\\\/13\\\/les-impacts-des-tensions-usa-iran-quelles-sont-les-perspectives-de-leconomie-mondiale\\\/#primaryimage\"},\"image\":{\"@id\":\"https:\\\/\\\/lasentinelle.dz\\\/index.php\\\/2026\\\/03\\\/13\\\/les-impacts-des-tensions-usa-iran-quelles-sont-les-perspectives-de-leconomie-mondiale\\\/#primaryimage\"},\"thumbnailUrl\":\"https:\\\/\\\/lasentinelle.dz\\\/wp-content\\\/uploads\\\/2026\\\/03\\\/detroit.jpg\",\"datePublished\":\"2026-03-13T19:07:40+00:00\",\"breadcrumb\":{\"@id\":\"https:\\\/\\\/lasentinelle.dz\\\/index.php\\\/2026\\\/03\\\/13\\\/les-impacts-des-tensions-usa-iran-quelles-sont-les-perspectives-de-leconomie-mondiale\\\/#breadcrumb\"},\"inLanguage\":\"fr-FR\",\"potentialAction\":[{\"@type\":\"ReadAction\",\"target\":[\"https:\\\/\\\/lasentinelle.dz\\\/index.php\\\/2026\\\/03\\\/13\\\/les-impacts-des-tensions-usa-iran-quelles-sont-les-perspectives-de-leconomie-mondiale\\\/\"]}]},{\"@type\":\"ImageObject\",\"inLanguage\":\"fr-FR\",\"@id\":\"https:\\\/\\\/lasentinelle.dz\\\/index.php\\\/2026\\\/03\\\/13\\\/les-impacts-des-tensions-usa-iran-quelles-sont-les-perspectives-de-leconomie-mondiale\\\/#primaryimage\",\"url\":\"https:\\\/\\\/lasentinelle.dz\\\/wp-content\\\/uploads\\\/2026\\\/03\\\/detroit.jpg\",\"contentUrl\":\"https:\\\/\\\/lasentinelle.dz\\\/wp-content\\\/uploads\\\/2026\\\/03\\\/detroit.jpg\",\"width\":828,\"height\":465},{\"@type\":\"BreadcrumbList\",\"@id\":\"https:\\\/\\\/lasentinelle.dz\\\/index.php\\\/2026\\\/03\\\/13\\\/les-impacts-des-tensions-usa-iran-quelles-sont-les-perspectives-de-leconomie-mondiale\\\/#breadcrumb\",\"itemListElement\":[{\"@type\":\"ListItem\",\"position\":1,\"name\":\"Accueil\",\"item\":\"https:\\\/\\\/lasentinelle.dz\\\/\"},{\"@type\":\"ListItem\",\"position\":2,\"name\":\"Les impacts des tensions USA-Iran\u00a0: Quelles sont les perspectives de l&rsquo;\u00e9conomie mondiale\"}]},{\"@type\":\"WebSite\",\"@id\":\"https:\\\/\\\/lasentinelle.dz\\\/#website\",\"url\":\"https:\\\/\\\/lasentinelle.dz\\\/\",\"name\":\"La Sentinelle\",\"description\":\"Quotidien national d&#039;information\",\"publisher\":{\"@id\":\"https:\\\/\\\/lasentinelle.dz\\\/#organization\"},\"potentialAction\":[{\"@type\":\"SearchAction\",\"target\":{\"@type\":\"EntryPoint\",\"urlTemplate\":\"https:\\\/\\\/lasentinelle.dz\\\/?s={search_term_string}\"},\"query-input\":{\"@type\":\"PropertyValueSpecification\",\"valueRequired\":true,\"valueName\":\"search_term_string\"}}],\"inLanguage\":\"fr-FR\"},{\"@type\":\"Organization\",\"@id\":\"https:\\\/\\\/lasentinelle.dz\\\/#organization\",\"name\":\"Quotidien La Sentinelle\",\"url\":\"https:\\\/\\\/lasentinelle.dz\\\/\",\"logo\":{\"@type\":\"ImageObject\",\"inLanguage\":\"fr-FR\",\"@id\":\"https:\\\/\\\/lasentinelle.dz\\\/#\\\/schema\\\/logo\\\/image\\\/\",\"url\":\"https:\\\/\\\/lasentinelle.dz\\\/wp-content\\\/uploads\\\/2021\\\/09\\\/logo-sentinelleSLOGAN-1.png\",\"contentUrl\":\"https:\\\/\\\/lasentinelle.dz\\\/wp-content\\\/uploads\\\/2021\\\/09\\\/logo-sentinelleSLOGAN-1.png\",\"width\":615,\"height\":142,\"caption\":\"Quotidien La Sentinelle\"},\"image\":{\"@id\":\"https:\\\/\\\/lasentinelle.dz\\\/#\\\/schema\\\/logo\\\/image\\\/\"},\"sameAs\":[\"https:\\\/\\\/www.facebook.com\\\/La-Sentinelle-104059864394773\"]},{\"@type\":\"Person\",\"@id\":\"https:\\\/\\\/lasentinelle.dz\\\/#\\\/schema\\\/person\\\/729ee0024f24e0b8c5ec17232f8e8b41\",\"name\":\"admin\",\"image\":{\"@type\":\"ImageObject\",\"inLanguage\":\"fr-FR\",\"@id\":\"https:\\\/\\\/secure.gravatar.com\\\/avatar\\\/4c81fed838786e9b53f540bf46533e750f5d292099ae3b66cfc6fb1982e29df7?s=96&d=mm&r=g\",\"url\":\"https:\\\/\\\/secure.gravatar.com\\\/avatar\\\/4c81fed838786e9b53f540bf46533e750f5d292099ae3b66cfc6fb1982e29df7?s=96&d=mm&r=g\",\"contentUrl\":\"https:\\\/\\\/secure.gravatar.com\\\/avatar\\\/4c81fed838786e9b53f540bf46533e750f5d292099ae3b66cfc6fb1982e29df7?s=96&d=mm&r=g\",\"caption\":\"admin\"},\"description\":\"admin\",\"url\":\"https:\\\/\\\/lasentinelle.dz\\\/author\\\/admin\\\/\"}]}<\/script>\n<!-- \/ Yoast SEO plugin. -->","yoast_head_json":{"title":"Les impacts des tensions USA-Iran\u00a0: Quelles sont les perspectives de l&rsquo;\u00e9conomie mondiale - La Sentinelle","robots":{"index":"index","follow":"follow","max-snippet":"max-snippet:-1","max-image-preview":"max-image-preview:large","max-video-preview":"max-video-preview:-1"},"canonical":"https:\/\/lasentinelle.dz\/index.php\/2026\/03\/13\/les-impacts-des-tensions-usa-iran-quelles-sont-les-perspectives-de-leconomie-mondiale\/","og_locale":"fr_FR","og_type":"article","og_title":"Les impacts des tensions USA-Iran\u00a0: Quelles sont les perspectives de l&rsquo;\u00e9conomie mondiale - La Sentinelle","og_description":"Par Abderrahmane Mebtoul Professeur des universit\u00e9s, expert international Pour le FMI, dans un contexte de tensions intenses, avec des inqui\u00e9tudes","og_url":"https:\/\/lasentinelle.dz\/index.php\/2026\/03\/13\/les-impacts-des-tensions-usa-iran-quelles-sont-les-perspectives-de-leconomie-mondiale\/","og_site_name":"La Sentinelle","article_publisher":"https:\/\/www.facebook.com\/La-Sentinelle-104059864394773","article_published_time":"2026-03-13T19:07:40+00:00","og_image":[{"width":828,"height":465,"url":"https:\/\/lasentinelle.dz\/wp-content\/uploads\/2026\/03\/detroit.jpg","type":"image\/jpeg"}],"author":"admin","twitter_card":"summary_large_image","twitter_misc":{"\u00c9crit par":"admin","Dur\u00e9e de lecture estim\u00e9e":"9 minutes"},"schema":{"@context":"https:\/\/schema.org","@graph":[{"@type":"Article","@id":"https:\/\/lasentinelle.dz\/index.php\/2026\/03\/13\/les-impacts-des-tensions-usa-iran-quelles-sont-les-perspectives-de-leconomie-mondiale\/#article","isPartOf":{"@id":"https:\/\/lasentinelle.dz\/index.php\/2026\/03\/13\/les-impacts-des-tensions-usa-iran-quelles-sont-les-perspectives-de-leconomie-mondiale\/"},"author":{"name":"admin","@id":"https:\/\/lasentinelle.dz\/#\/schema\/person\/729ee0024f24e0b8c5ec17232f8e8b41"},"headline":"Les impacts des tensions USA-Iran\u00a0: Quelles sont les perspectives de l&rsquo;\u00e9conomie mondiale","datePublished":"2026-03-13T19:07:40+00:00","mainEntityOfPage":{"@id":"https:\/\/lasentinelle.dz\/index.php\/2026\/03\/13\/les-impacts-des-tensions-usa-iran-quelles-sont-les-perspectives-de-leconomie-mondiale\/"},"wordCount":1506,"commentCount":0,"publisher":{"@id":"https:\/\/lasentinelle.dz\/#organization"},"image":{"@id":"https:\/\/lasentinelle.dz\/index.php\/2026\/03\/13\/les-impacts-des-tensions-usa-iran-quelles-sont-les-perspectives-de-leconomie-mondiale\/#primaryimage"},"thumbnailUrl":"https:\/\/lasentinelle.dz\/wp-content\/uploads\/2026\/03\/detroit.jpg","articleSection":["Contribution","D\u00e9bats"],"inLanguage":"fr-FR","potentialAction":[{"@type":"CommentAction","name":"Comment","target":["https:\/\/lasentinelle.dz\/index.php\/2026\/03\/13\/les-impacts-des-tensions-usa-iran-quelles-sont-les-perspectives-de-leconomie-mondiale\/#respond"]}]},{"@type":"WebPage","@id":"https:\/\/lasentinelle.dz\/index.php\/2026\/03\/13\/les-impacts-des-tensions-usa-iran-quelles-sont-les-perspectives-de-leconomie-mondiale\/","url":"https:\/\/lasentinelle.dz\/index.php\/2026\/03\/13\/les-impacts-des-tensions-usa-iran-quelles-sont-les-perspectives-de-leconomie-mondiale\/","name":"Les impacts des tensions USA-Iran\u00a0: Quelles sont les perspectives de l&rsquo;\u00e9conomie mondiale - La Sentinelle","isPartOf":{"@id":"https:\/\/lasentinelle.dz\/#website"},"primaryImageOfPage":{"@id":"https:\/\/lasentinelle.dz\/index.php\/2026\/03\/13\/les-impacts-des-tensions-usa-iran-quelles-sont-les-perspectives-de-leconomie-mondiale\/#primaryimage"},"image":{"@id":"https:\/\/lasentinelle.dz\/index.php\/2026\/03\/13\/les-impacts-des-tensions-usa-iran-quelles-sont-les-perspectives-de-leconomie-mondiale\/#primaryimage"},"thumbnailUrl":"https:\/\/lasentinelle.dz\/wp-content\/uploads\/2026\/03\/detroit.jpg","datePublished":"2026-03-13T19:07:40+00:00","breadcrumb":{"@id":"https:\/\/lasentinelle.dz\/index.php\/2026\/03\/13\/les-impacts-des-tensions-usa-iran-quelles-sont-les-perspectives-de-leconomie-mondiale\/#breadcrumb"},"inLanguage":"fr-FR","potentialAction":[{"@type":"ReadAction","target":["https:\/\/lasentinelle.dz\/index.php\/2026\/03\/13\/les-impacts-des-tensions-usa-iran-quelles-sont-les-perspectives-de-leconomie-mondiale\/"]}]},{"@type":"ImageObject","inLanguage":"fr-FR","@id":"https:\/\/lasentinelle.dz\/index.php\/2026\/03\/13\/les-impacts-des-tensions-usa-iran-quelles-sont-les-perspectives-de-leconomie-mondiale\/#primaryimage","url":"https:\/\/lasentinelle.dz\/wp-content\/uploads\/2026\/03\/detroit.jpg","contentUrl":"https:\/\/lasentinelle.dz\/wp-content\/uploads\/2026\/03\/detroit.jpg","width":828,"height":465},{"@type":"BreadcrumbList","@id":"https:\/\/lasentinelle.dz\/index.php\/2026\/03\/13\/les-impacts-des-tensions-usa-iran-quelles-sont-les-perspectives-de-leconomie-mondiale\/#breadcrumb","itemListElement":[{"@type":"ListItem","position":1,"name":"Accueil","item":"https:\/\/lasentinelle.dz\/"},{"@type":"ListItem","position":2,"name":"Les impacts des tensions USA-Iran\u00a0: Quelles sont les perspectives de l&rsquo;\u00e9conomie mondiale"}]},{"@type":"WebSite","@id":"https:\/\/lasentinelle.dz\/#website","url":"https:\/\/lasentinelle.dz\/","name":"La Sentinelle","description":"Quotidien national d&#039;information","publisher":{"@id":"https:\/\/lasentinelle.dz\/#organization"},"potentialAction":[{"@type":"SearchAction","target":{"@type":"EntryPoint","urlTemplate":"https:\/\/lasentinelle.dz\/?s={search_term_string}"},"query-input":{"@type":"PropertyValueSpecification","valueRequired":true,"valueName":"search_term_string"}}],"inLanguage":"fr-FR"},{"@type":"Organization","@id":"https:\/\/lasentinelle.dz\/#organization","name":"Quotidien La Sentinelle","url":"https:\/\/lasentinelle.dz\/","logo":{"@type":"ImageObject","inLanguage":"fr-FR","@id":"https:\/\/lasentinelle.dz\/#\/schema\/logo\/image\/","url":"https:\/\/lasentinelle.dz\/wp-content\/uploads\/2021\/09\/logo-sentinelleSLOGAN-1.png","contentUrl":"https:\/\/lasentinelle.dz\/wp-content\/uploads\/2021\/09\/logo-sentinelleSLOGAN-1.png","width":615,"height":142,"caption":"Quotidien La Sentinelle"},"image":{"@id":"https:\/\/lasentinelle.dz\/#\/schema\/logo\/image\/"},"sameAs":["https:\/\/www.facebook.com\/La-Sentinelle-104059864394773"]},{"@type":"Person","@id":"https:\/\/lasentinelle.dz\/#\/schema\/person\/729ee0024f24e0b8c5ec17232f8e8b41","name":"admin","image":{"@type":"ImageObject","inLanguage":"fr-FR","@id":"https:\/\/secure.gravatar.com\/avatar\/4c81fed838786e9b53f540bf46533e750f5d292099ae3b66cfc6fb1982e29df7?s=96&d=mm&r=g","url":"https:\/\/secure.gravatar.com\/avatar\/4c81fed838786e9b53f540bf46533e750f5d292099ae3b66cfc6fb1982e29df7?s=96&d=mm&r=g","contentUrl":"https:\/\/secure.gravatar.com\/avatar\/4c81fed838786e9b53f540bf46533e750f5d292099ae3b66cfc6fb1982e29df7?s=96&d=mm&r=g","caption":"admin"},"description":"admin","url":"https:\/\/lasentinelle.dz\/author\/admin\/"}]}},"_links":{"self":[{"href":"https:\/\/lasentinelle.dz\/index.php\/wp-json\/wp\/v2\/posts\/83408","targetHints":{"allow":["GET"]}}],"collection":[{"href":"https:\/\/lasentinelle.dz\/index.php\/wp-json\/wp\/v2\/posts"}],"about":[{"href":"https:\/\/lasentinelle.dz\/index.php\/wp-json\/wp\/v2\/types\/post"}],"author":[{"embeddable":true,"href":"https:\/\/lasentinelle.dz\/index.php\/wp-json\/wp\/v2\/users\/6"}],"replies":[{"embeddable":true,"href":"https:\/\/lasentinelle.dz\/index.php\/wp-json\/wp\/v2\/comments?post=83408"}],"version-history":[{"count":2,"href":"https:\/\/lasentinelle.dz\/index.php\/wp-json\/wp\/v2\/posts\/83408\/revisions"}],"predecessor-version":[{"id":83411,"href":"https:\/\/lasentinelle.dz\/index.php\/wp-json\/wp\/v2\/posts\/83408\/revisions\/83411"}],"wp:featuredmedia":[{"embeddable":true,"href":"https:\/\/lasentinelle.dz\/index.php\/wp-json\/wp\/v2\/media\/83409"}],"wp:attachment":[{"href":"https:\/\/lasentinelle.dz\/index.php\/wp-json\/wp\/v2\/media?parent=83408"}],"wp:term":[{"taxonomy":"category","embeddable":true,"href":"https:\/\/lasentinelle.dz\/index.php\/wp-json\/wp\/v2\/categories?post=83408"},{"taxonomy":"post_tag","embeddable":true,"href":"https:\/\/lasentinelle.dz\/index.php\/wp-json\/wp\/v2\/tags?post=83408"}],"curies":[{"name":"wp","href":"https:\/\/api.w.org\/{rel}","templated":true}]}}