{"id":83412,"date":"2026-03-13T20:08:33","date_gmt":"2026-03-13T19:08:33","guid":{"rendered":"https:\/\/lasentinelle.dz\/?p=83412"},"modified":"2026-03-13T20:08:34","modified_gmt":"2026-03-13T19:08:34","slug":"annaba-droits-et-protection-du-consommateur-en-debat","status":"publish","type":"post","link":"https:\/\/lasentinelle.dz\/index.php\/2026\/03\/13\/annaba-droits-et-protection-du-consommateur-en-debat\/","title":{"rendered":"Annaba\u00a0: Droits et protection du consommateur en d\u00e9bat"},"content":{"rendered":"\n<p>La facult\u00e9 de Sidi Achour de l&rsquo;universit\u00e9 Badji Mokhtar d&rsquo;Annaba accueille ce samedi une journ\u00e9e d&rsquo;\u00e9tude consacr\u00e9e aux droits du consommateur et \u00e0 sa protection, organis\u00e9e \u00e0 l&rsquo;initiative de la direction du commerce en coordination avec l&rsquo;universit\u00e9. R\u00e9duction du gaspillage alimentaire, rationalisation de la consommation et promotion d&rsquo;une utilisation responsable des produits alimentaires figurent parmi les principaux axes de cette rencontre.<\/p>\n\n\n\n<p>S&rsquo;ouvrent ce samedi les travaux d&rsquo;une journ\u00e9e d&rsquo;\u00e9tude, d&rsquo;information et de sensibilisation \u00e0 la facult\u00e9 de Sidi Achour de l&rsquo;universit\u00e9 Badji Mokhtar d&rsquo;Annaba. La th\u00e9matique centrale de cette rencontre est consacr\u00e9e aux droits du consommateur et \u00e0 sa protection. \u00c0 l&rsquo;initiative de la direction du commerce en coordination avec l&rsquo;universit\u00e9 d&rsquo;Annaba, la rencontre r\u00e9unira un panel de participants, dont des experts, des repr\u00e9sentants d&rsquo;institutions et des acteurs de la soci\u00e9t\u00e9 civile, tous concern\u00e9s par la s\u00e9curit\u00e9 des produits et la vigilance des consommateurs. L&rsquo;intitul\u00e9 de cette rencontre, \u00ab Produits s\u00fbrs, consommateurs vigilants \u00bb, traduit l&rsquo;int\u00e9r\u00eat que portent les organisateurs \u00e0 la sant\u00e9 du consommateur et, surtout, \u00e0 ses droits. Il faut noter, en effet, que le consommateur n&rsquo;est pas \u00e0 l&rsquo;abri de produits parfois d&rsquo;origine inconnue, ce qui l&rsquo;expose aux risques d&rsquo;une consommation non contr\u00f4l\u00e9e. La tenue de cette rencontre s&rsquo;inscrit dans le cadre des activit\u00e9s marquant la Journ\u00e9e mondiale des droits du consommateur, dont ce dernier n&rsquo;est pas toujours pleinement inform\u00e9, soit par m\u00e9connaissance, soit par indiff\u00e9rence. C&rsquo;est pourquoi cette manifestation, \u00e0 laquelle assisteront diff\u00e9rentes institutions et organismes publics, les services sous tutelle, les directions ex\u00e9cutives, des associations locales et des repr\u00e9sentants de la soci\u00e9t\u00e9 civile, vise \u00e0 renforcer l&rsquo;information autour des droits du consommateur et \u00e0 promouvoir les m\u00e9canismes de protection, dans un contexte marqu\u00e9 par l&rsquo;\u00e9volution des modes de consommation et de paiement.Le programme de la journ\u00e9e comprend trois communications scientifiques qui structureront les travaux. La premi\u00e8re portera sur la l\u00e9gislation et la conformit\u00e9 des produits alimentaires et sera pr\u00e9sent\u00e9e par le responsable du bureau de la qualit\u00e9 et des relations avec le mouvement associatif. La deuxi\u00e8me intervention traitera de l&rsquo;intelligence artificielle (IA) et des mod\u00e8les avanc\u00e9s de contr\u00f4le intelligent de la qualit\u00e9 de l&#8217;emballage, afin de favoriser des produits plus s\u00fbrs pour les consommateurs ; elle sera assur\u00e9e par une enseignante de l&rsquo;Institut d&rsquo;informatique de l&rsquo;universit\u00e9. La troisi\u00e8me communication aura trait \u00e0 la s\u00e9curit\u00e9 des moyens de paiement \u00e9lectronique et sera pr\u00e9sent\u00e9e par une repr\u00e9sentante du secteur bancaire. La rencontre sera \u00e9galement marqu\u00e9e par la signature d&rsquo;une convention de partenariat entre la direction du commerce et l&rsquo;universit\u00e9 Badji Mokhtar, devenue un partenaire pluridisciplinaire incontournable \u00e0 bien des \u00e9gards. Par ailleurs, en marge des travaux, plusieurs actions de sensibilisation ont \u00e9t\u00e9 programm\u00e9es, dont l&rsquo;objectif est de faire conna\u00eetre les axes de la campagne nationale d&rsquo;information et de sensibilisation pour l&rsquo;ann\u00e9e 2026 : encourager la r\u00e9duction du gaspillage alimentaire, la rationalisation de la consommation et promouvoir l&rsquo;utilisation responsable des produits alimentaires.<\/p>\n\n\n\n<p>Outre le rappel des principes d&rsquo;une alimentation saine et \u00e9quilibr\u00e9e, les organisateurs misent sur la conscience sanitaire des consommateurs, invit\u00e9s \u00e0 r\u00e9duire leur consommation de sucre, de sel et de mati\u00e8res grasses. \u00c0 travers ces actions, qui incluent \u00e9galement des activit\u00e9s m\u00e9diatiques, des supports p\u00e9dagogiques, des concours autour du dessin et du recyclage, ainsi que la diffusion de contenus d&rsquo;information sur les plateformes num\u00e9riques et les r\u00e9seaux sociaux, les organisateurs entendent maximiser l&rsquo;impact de cette journ\u00e9e et encourager les participants \u00e0 diffuser le plus largement possible la th\u00e9matique abord\u00e9e.<\/p>\n\n\n\n<p><strong>SOFIA CHAHINE<\/strong><\/p>\n","protected":false},"excerpt":{"rendered":"<p>La facult\u00e9 de Sidi Achour de l&rsquo;universit\u00e9 Badji Mokhtar d&rsquo;Annaba accueille ce samedi une journ\u00e9e d&rsquo;\u00e9tude consacr\u00e9e aux droits du<\/p>\n","protected":false},"author":6,"featured_media":68839,"comment_status":"open","ping_status":"closed","sticky":false,"template":"","format":"standard","meta":{"colormag_page_container_layout":"default_layout","colormag_page_sidebar_layout":"default_layout","om_disable_all_campaigns":false,"_monsterinsights_skip_tracking":false,"_monsterinsights_sitenote_active":false,"_monsterinsights_sitenote_note":"","_monsterinsights_sitenote_category":0,"footnotes":"","_wpscppro_dont_share_socialmedia":false,"_wpscppro_custom_social_share_image":0,"_facebook_share_type":"default","_twitter_share_type":"default","_linkedin_share_type":"default","_pinterest_share_type":"default","_linkedin_share_type_page":"","_instagram_share_type":"default","_medium_share_type":"default","_threads_share_type":"default","_google_business_share_type":"default","_selected_social_profile":[],"_wpsp_enable_custom_social_template":false,"_wpsp_social_scheduling":{"enabled":false,"datetime":null,"platforms":[],"status":"template_only","dateOption":"today","timeOption":"now","customDays":"","customHours":"","customDate":"","customTime":"","schedulingType":"absolute"},"_wpsp_active_default_template":true},"categories":[31],"tags":[],"class_list":["post-83412","post","type-post","status-publish","format-standard","has-post-thumbnail","hentry","category-regions"],"aioseo_notices":[],"yoast_head":"<!-- This site is optimized with the Yoast SEO plugin v27.5 - https:\/\/yoast.com\/product\/yoast-seo-wordpress\/ -->\n<title>Annaba\u00a0: Droits et protection du consommateur en d\u00e9bat - La Sentinelle<\/title>\n<meta name=\"robots\" content=\"index, follow, max-snippet:-1, max-image-preview:large, max-video-preview:-1\" \/>\n<link rel=\"canonical\" href=\"https:\/\/lasentinelle.dz\/index.php\/2026\/03\/13\/annaba-droits-et-protection-du-consommateur-en-debat\/\" \/>\n<meta property=\"og:locale\" content=\"fr_FR\" \/>\n<meta property=\"og:type\" content=\"article\" \/>\n<meta property=\"og:title\" content=\"Annaba\u00a0: Droits et protection du consommateur en d\u00e9bat - La Sentinelle\" \/>\n<meta property=\"og:description\" content=\"La facult\u00e9 de Sidi Achour de l&rsquo;universit\u00e9 Badji Mokhtar d&rsquo;Annaba accueille ce samedi une journ\u00e9e d&rsquo;\u00e9tude consacr\u00e9e aux droits du\" \/>\n<meta property=\"og:url\" content=\"https:\/\/lasentinelle.dz\/index.php\/2026\/03\/13\/annaba-droits-et-protection-du-consommateur-en-debat\/\" \/>\n<meta property=\"og:site_name\" content=\"La Sentinelle\" \/>\n<meta property=\"article:publisher\" content=\"https:\/\/www.facebook.com\/La-Sentinelle-104059864394773\" \/>\n<meta property=\"article:published_time\" content=\"2026-03-13T19:08:33+00:00\" \/>\n<meta property=\"article:modified_time\" content=\"2026-03-13T19:08:34+00:00\" \/>\n<meta property=\"og:image\" content=\"https:\/\/lasentinelle.dz\/wp-content\/uploads\/2025\/06\/UMBA.jpeg\" \/>\n\t<meta property=\"og:image:width\" content=\"1280\" \/>\n\t<meta property=\"og:image:height\" content=\"720\" \/>\n\t<meta property=\"og:image:type\" content=\"image\/jpeg\" \/>\n<meta name=\"author\" content=\"admin\" \/>\n<meta name=\"twitter:card\" content=\"summary_large_image\" \/>\n<meta name=\"twitter:label1\" content=\"\u00c9crit par\" \/>\n\t<meta name=\"twitter:data1\" content=\"admin\" \/>\n\t<meta name=\"twitter:label2\" content=\"Dur\u00e9e de lecture estim\u00e9e\" \/>\n\t<meta name=\"twitter:data2\" content=\"4 minutes\" \/>\n<script type=\"application\/ld+json\" class=\"yoast-schema-graph\">{\"@context\":\"https:\\\/\\\/schema.org\",\"@graph\":[{\"@type\":\"Article\",\"@id\":\"https:\\\/\\\/lasentinelle.dz\\\/index.php\\\/2026\\\/03\\\/13\\\/annaba-droits-et-protection-du-consommateur-en-debat\\\/#article\",\"isPartOf\":{\"@id\":\"https:\\\/\\\/lasentinelle.dz\\\/index.php\\\/2026\\\/03\\\/13\\\/annaba-droits-et-protection-du-consommateur-en-debat\\\/\"},\"author\":{\"name\":\"admin\",\"@id\":\"https:\\\/\\\/lasentinelle.dz\\\/#\\\/schema\\\/person\\\/729ee0024f24e0b8c5ec17232f8e8b41\"},\"headline\":\"Annaba\u00a0: Droits et protection du consommateur en d\u00e9bat\",\"datePublished\":\"2026-03-13T19:08:33+00:00\",\"dateModified\":\"2026-03-13T19:08:34+00:00\",\"mainEntityOfPage\":{\"@id\":\"https:\\\/\\\/lasentinelle.dz\\\/index.php\\\/2026\\\/03\\\/13\\\/annaba-droits-et-protection-du-consommateur-en-debat\\\/\"},\"wordCount\":655,\"commentCount\":0,\"publisher\":{\"@id\":\"https:\\\/\\\/lasentinelle.dz\\\/#organization\"},\"image\":{\"@id\":\"https:\\\/\\\/lasentinelle.dz\\\/index.php\\\/2026\\\/03\\\/13\\\/annaba-droits-et-protection-du-consommateur-en-debat\\\/#primaryimage\"},\"thumbnailUrl\":\"https:\\\/\\\/lasentinelle.dz\\\/wp-content\\\/uploads\\\/2025\\\/06\\\/UMBA.jpeg\",\"articleSection\":[\"R\u00e9gions\"],\"inLanguage\":\"fr-FR\",\"potentialAction\":[{\"@type\":\"CommentAction\",\"name\":\"Comment\",\"target\":[\"https:\\\/\\\/lasentinelle.dz\\\/index.php\\\/2026\\\/03\\\/13\\\/annaba-droits-et-protection-du-consommateur-en-debat\\\/#respond\"]}]},{\"@type\":\"WebPage\",\"@id\":\"https:\\\/\\\/lasentinelle.dz\\\/index.php\\\/2026\\\/03\\\/13\\\/annaba-droits-et-protection-du-consommateur-en-debat\\\/\",\"url\":\"https:\\\/\\\/lasentinelle.dz\\\/index.php\\\/2026\\\/03\\\/13\\\/annaba-droits-et-protection-du-consommateur-en-debat\\\/\",\"name\":\"Annaba\u00a0: Droits et protection du consommateur en d\u00e9bat - La Sentinelle\",\"isPartOf\":{\"@id\":\"https:\\\/\\\/lasentinelle.dz\\\/#website\"},\"primaryImageOfPage\":{\"@id\":\"https:\\\/\\\/lasentinelle.dz\\\/index.php\\\/2026\\\/03\\\/13\\\/annaba-droits-et-protection-du-consommateur-en-debat\\\/#primaryimage\"},\"image\":{\"@id\":\"https:\\\/\\\/lasentinelle.dz\\\/index.php\\\/2026\\\/03\\\/13\\\/annaba-droits-et-protection-du-consommateur-en-debat\\\/#primaryimage\"},\"thumbnailUrl\":\"https:\\\/\\\/lasentinelle.dz\\\/wp-content\\\/uploads\\\/2025\\\/06\\\/UMBA.jpeg\",\"datePublished\":\"2026-03-13T19:08:33+00:00\",\"dateModified\":\"2026-03-13T19:08:34+00:00\",\"breadcrumb\":{\"@id\":\"https:\\\/\\\/lasentinelle.dz\\\/index.php\\\/2026\\\/03\\\/13\\\/annaba-droits-et-protection-du-consommateur-en-debat\\\/#breadcrumb\"},\"inLanguage\":\"fr-FR\",\"potentialAction\":[{\"@type\":\"ReadAction\",\"target\":[\"https:\\\/\\\/lasentinelle.dz\\\/index.php\\\/2026\\\/03\\\/13\\\/annaba-droits-et-protection-du-consommateur-en-debat\\\/\"]}]},{\"@type\":\"ImageObject\",\"inLanguage\":\"fr-FR\",\"@id\":\"https:\\\/\\\/lasentinelle.dz\\\/index.php\\\/2026\\\/03\\\/13\\\/annaba-droits-et-protection-du-consommateur-en-debat\\\/#primaryimage\",\"url\":\"https:\\\/\\\/lasentinelle.dz\\\/wp-content\\\/uploads\\\/2025\\\/06\\\/UMBA.jpeg\",\"contentUrl\":\"https:\\\/\\\/lasentinelle.dz\\\/wp-content\\\/uploads\\\/2025\\\/06\\\/UMBA.jpeg\",\"width\":1280,\"height\":720},{\"@type\":\"BreadcrumbList\",\"@id\":\"https:\\\/\\\/lasentinelle.dz\\\/index.php\\\/2026\\\/03\\\/13\\\/annaba-droits-et-protection-du-consommateur-en-debat\\\/#breadcrumb\",\"itemListElement\":[{\"@type\":\"ListItem\",\"position\":1,\"name\":\"Accueil\",\"item\":\"https:\\\/\\\/lasentinelle.dz\\\/\"},{\"@type\":\"ListItem\",\"position\":2,\"name\":\"Annaba\u00a0: Droits et protection du consommateur en d\u00e9bat\"}]},{\"@type\":\"WebSite\",\"@id\":\"https:\\\/\\\/lasentinelle.dz\\\/#website\",\"url\":\"https:\\\/\\\/lasentinelle.dz\\\/\",\"name\":\"La Sentinelle\",\"description\":\"Quotidien national d&#039;information\",\"publisher\":{\"@id\":\"https:\\\/\\\/lasentinelle.dz\\\/#organization\"},\"potentialAction\":[{\"@type\":\"SearchAction\",\"target\":{\"@type\":\"EntryPoint\",\"urlTemplate\":\"https:\\\/\\\/lasentinelle.dz\\\/?s={search_term_string}\"},\"query-input\":{\"@type\":\"PropertyValueSpecification\",\"valueRequired\":true,\"valueName\":\"search_term_string\"}}],\"inLanguage\":\"fr-FR\"},{\"@type\":\"Organization\",\"@id\":\"https:\\\/\\\/lasentinelle.dz\\\/#organization\",\"name\":\"Quotidien La Sentinelle\",\"url\":\"https:\\\/\\\/lasentinelle.dz\\\/\",\"logo\":{\"@type\":\"ImageObject\",\"inLanguage\":\"fr-FR\",\"@id\":\"https:\\\/\\\/lasentinelle.dz\\\/#\\\/schema\\\/logo\\\/image\\\/\",\"url\":\"https:\\\/\\\/lasentinelle.dz\\\/wp-content\\\/uploads\\\/2021\\\/09\\\/logo-sentinelleSLOGAN-1.png\",\"contentUrl\":\"https:\\\/\\\/lasentinelle.dz\\\/wp-content\\\/uploads\\\/2021\\\/09\\\/logo-sentinelleSLOGAN-1.png\",\"width\":615,\"height\":142,\"caption\":\"Quotidien La Sentinelle\"},\"image\":{\"@id\":\"https:\\\/\\\/lasentinelle.dz\\\/#\\\/schema\\\/logo\\\/image\\\/\"},\"sameAs\":[\"https:\\\/\\\/www.facebook.com\\\/La-Sentinelle-104059864394773\"]},{\"@type\":\"Person\",\"@id\":\"https:\\\/\\\/lasentinelle.dz\\\/#\\\/schema\\\/person\\\/729ee0024f24e0b8c5ec17232f8e8b41\",\"name\":\"admin\",\"image\":{\"@type\":\"ImageObject\",\"inLanguage\":\"fr-FR\",\"@id\":\"https:\\\/\\\/secure.gravatar.com\\\/avatar\\\/4c81fed838786e9b53f540bf46533e750f5d292099ae3b66cfc6fb1982e29df7?s=96&d=mm&r=g\",\"url\":\"https:\\\/\\\/secure.gravatar.com\\\/avatar\\\/4c81fed838786e9b53f540bf46533e750f5d292099ae3b66cfc6fb1982e29df7?s=96&d=mm&r=g\",\"contentUrl\":\"https:\\\/\\\/secure.gravatar.com\\\/avatar\\\/4c81fed838786e9b53f540bf46533e750f5d292099ae3b66cfc6fb1982e29df7?s=96&d=mm&r=g\",\"caption\":\"admin\"},\"description\":\"admin\",\"url\":\"https:\\\/\\\/lasentinelle.dz\\\/author\\\/admin\\\/\"}]}<\/script>\n<!-- \/ Yoast SEO plugin. -->","yoast_head_json":{"title":"Annaba\u00a0: Droits et protection du consommateur en d\u00e9bat - La Sentinelle","robots":{"index":"index","follow":"follow","max-snippet":"max-snippet:-1","max-image-preview":"max-image-preview:large","max-video-preview":"max-video-preview:-1"},"canonical":"https:\/\/lasentinelle.dz\/index.php\/2026\/03\/13\/annaba-droits-et-protection-du-consommateur-en-debat\/","og_locale":"fr_FR","og_type":"article","og_title":"Annaba\u00a0: Droits et protection du consommateur en d\u00e9bat - La Sentinelle","og_description":"La facult\u00e9 de Sidi Achour de l&rsquo;universit\u00e9 Badji Mokhtar d&rsquo;Annaba accueille ce samedi une journ\u00e9e d&rsquo;\u00e9tude consacr\u00e9e aux droits du","og_url":"https:\/\/lasentinelle.dz\/index.php\/2026\/03\/13\/annaba-droits-et-protection-du-consommateur-en-debat\/","og_site_name":"La Sentinelle","article_publisher":"https:\/\/www.facebook.com\/La-Sentinelle-104059864394773","article_published_time":"2026-03-13T19:08:33+00:00","article_modified_time":"2026-03-13T19:08:34+00:00","og_image":[{"width":1280,"height":720,"url":"https:\/\/lasentinelle.dz\/wp-content\/uploads\/2025\/06\/UMBA.jpeg","type":"image\/jpeg"}],"author":"admin","twitter_card":"summary_large_image","twitter_misc":{"\u00c9crit par":"admin","Dur\u00e9e de lecture estim\u00e9e":"4 minutes"},"schema":{"@context":"https:\/\/schema.org","@graph":[{"@type":"Article","@id":"https:\/\/lasentinelle.dz\/index.php\/2026\/03\/13\/annaba-droits-et-protection-du-consommateur-en-debat\/#article","isPartOf":{"@id":"https:\/\/lasentinelle.dz\/index.php\/2026\/03\/13\/annaba-droits-et-protection-du-consommateur-en-debat\/"},"author":{"name":"admin","@id":"https:\/\/lasentinelle.dz\/#\/schema\/person\/729ee0024f24e0b8c5ec17232f8e8b41"},"headline":"Annaba\u00a0: Droits et protection du consommateur en d\u00e9bat","datePublished":"2026-03-13T19:08:33+00:00","dateModified":"2026-03-13T19:08:34+00:00","mainEntityOfPage":{"@id":"https:\/\/lasentinelle.dz\/index.php\/2026\/03\/13\/annaba-droits-et-protection-du-consommateur-en-debat\/"},"wordCount":655,"commentCount":0,"publisher":{"@id":"https:\/\/lasentinelle.dz\/#organization"},"image":{"@id":"https:\/\/lasentinelle.dz\/index.php\/2026\/03\/13\/annaba-droits-et-protection-du-consommateur-en-debat\/#primaryimage"},"thumbnailUrl":"https:\/\/lasentinelle.dz\/wp-content\/uploads\/2025\/06\/UMBA.jpeg","articleSection":["R\u00e9gions"],"inLanguage":"fr-FR","potentialAction":[{"@type":"CommentAction","name":"Comment","target":["https:\/\/lasentinelle.dz\/index.php\/2026\/03\/13\/annaba-droits-et-protection-du-consommateur-en-debat\/#respond"]}]},{"@type":"WebPage","@id":"https:\/\/lasentinelle.dz\/index.php\/2026\/03\/13\/annaba-droits-et-protection-du-consommateur-en-debat\/","url":"https:\/\/lasentinelle.dz\/index.php\/2026\/03\/13\/annaba-droits-et-protection-du-consommateur-en-debat\/","name":"Annaba\u00a0: Droits et protection du consommateur en d\u00e9bat - La Sentinelle","isPartOf":{"@id":"https:\/\/lasentinelle.dz\/#website"},"primaryImageOfPage":{"@id":"https:\/\/lasentinelle.dz\/index.php\/2026\/03\/13\/annaba-droits-et-protection-du-consommateur-en-debat\/#primaryimage"},"image":{"@id":"https:\/\/lasentinelle.dz\/index.php\/2026\/03\/13\/annaba-droits-et-protection-du-consommateur-en-debat\/#primaryimage"},"thumbnailUrl":"https:\/\/lasentinelle.dz\/wp-content\/uploads\/2025\/06\/UMBA.jpeg","datePublished":"2026-03-13T19:08:33+00:00","dateModified":"2026-03-13T19:08:34+00:00","breadcrumb":{"@id":"https:\/\/lasentinelle.dz\/index.php\/2026\/03\/13\/annaba-droits-et-protection-du-consommateur-en-debat\/#breadcrumb"},"inLanguage":"fr-FR","potentialAction":[{"@type":"ReadAction","target":["https:\/\/lasentinelle.dz\/index.php\/2026\/03\/13\/annaba-droits-et-protection-du-consommateur-en-debat\/"]}]},{"@type":"ImageObject","inLanguage":"fr-FR","@id":"https:\/\/lasentinelle.dz\/index.php\/2026\/03\/13\/annaba-droits-et-protection-du-consommateur-en-debat\/#primaryimage","url":"https:\/\/lasentinelle.dz\/wp-content\/uploads\/2025\/06\/UMBA.jpeg","contentUrl":"https:\/\/lasentinelle.dz\/wp-content\/uploads\/2025\/06\/UMBA.jpeg","width":1280,"height":720},{"@type":"BreadcrumbList","@id":"https:\/\/lasentinelle.dz\/index.php\/2026\/03\/13\/annaba-droits-et-protection-du-consommateur-en-debat\/#breadcrumb","itemListElement":[{"@type":"ListItem","position":1,"name":"Accueil","item":"https:\/\/lasentinelle.dz\/"},{"@type":"ListItem","position":2,"name":"Annaba\u00a0: Droits et protection du consommateur en d\u00e9bat"}]},{"@type":"WebSite","@id":"https:\/\/lasentinelle.dz\/#website","url":"https:\/\/lasentinelle.dz\/","name":"La Sentinelle","description":"Quotidien national d&#039;information","publisher":{"@id":"https:\/\/lasentinelle.dz\/#organization"},"potentialAction":[{"@type":"SearchAction","target":{"@type":"EntryPoint","urlTemplate":"https:\/\/lasentinelle.dz\/?s={search_term_string}"},"query-input":{"@type":"PropertyValueSpecification","valueRequired":true,"valueName":"search_term_string"}}],"inLanguage":"fr-FR"},{"@type":"Organization","@id":"https:\/\/lasentinelle.dz\/#organization","name":"Quotidien La Sentinelle","url":"https:\/\/lasentinelle.dz\/","logo":{"@type":"ImageObject","inLanguage":"fr-FR","@id":"https:\/\/lasentinelle.dz\/#\/schema\/logo\/image\/","url":"https:\/\/lasentinelle.dz\/wp-content\/uploads\/2021\/09\/logo-sentinelleSLOGAN-1.png","contentUrl":"https:\/\/lasentinelle.dz\/wp-content\/uploads\/2021\/09\/logo-sentinelleSLOGAN-1.png","width":615,"height":142,"caption":"Quotidien La Sentinelle"},"image":{"@id":"https:\/\/lasentinelle.dz\/#\/schema\/logo\/image\/"},"sameAs":["https:\/\/www.facebook.com\/La-Sentinelle-104059864394773"]},{"@type":"Person","@id":"https:\/\/lasentinelle.dz\/#\/schema\/person\/729ee0024f24e0b8c5ec17232f8e8b41","name":"admin","image":{"@type":"ImageObject","inLanguage":"fr-FR","@id":"https:\/\/secure.gravatar.com\/avatar\/4c81fed838786e9b53f540bf46533e750f5d292099ae3b66cfc6fb1982e29df7?s=96&d=mm&r=g","url":"https:\/\/secure.gravatar.com\/avatar\/4c81fed838786e9b53f540bf46533e750f5d292099ae3b66cfc6fb1982e29df7?s=96&d=mm&r=g","contentUrl":"https:\/\/secure.gravatar.com\/avatar\/4c81fed838786e9b53f540bf46533e750f5d292099ae3b66cfc6fb1982e29df7?s=96&d=mm&r=g","caption":"admin"},"description":"admin","url":"https:\/\/lasentinelle.dz\/author\/admin\/"}]}},"_links":{"self":[{"href":"https:\/\/lasentinelle.dz\/index.php\/wp-json\/wp\/v2\/posts\/83412","targetHints":{"allow":["GET"]}}],"collection":[{"href":"https:\/\/lasentinelle.dz\/index.php\/wp-json\/wp\/v2\/posts"}],"about":[{"href":"https:\/\/lasentinelle.dz\/index.php\/wp-json\/wp\/v2\/types\/post"}],"author":[{"embeddable":true,"href":"https:\/\/lasentinelle.dz\/index.php\/wp-json\/wp\/v2\/users\/6"}],"replies":[{"embeddable":true,"href":"https:\/\/lasentinelle.dz\/index.php\/wp-json\/wp\/v2\/comments?post=83412"}],"version-history":[{"count":1,"href":"https:\/\/lasentinelle.dz\/index.php\/wp-json\/wp\/v2\/posts\/83412\/revisions"}],"predecessor-version":[{"id":83413,"href":"https:\/\/lasentinelle.dz\/index.php\/wp-json\/wp\/v2\/posts\/83412\/revisions\/83413"}],"wp:featuredmedia":[{"embeddable":true,"href":"https:\/\/lasentinelle.dz\/index.php\/wp-json\/wp\/v2\/media\/68839"}],"wp:attachment":[{"href":"https:\/\/lasentinelle.dz\/index.php\/wp-json\/wp\/v2\/media?parent=83412"}],"wp:term":[{"taxonomy":"category","embeddable":true,"href":"https:\/\/lasentinelle.dz\/index.php\/wp-json\/wp\/v2\/categories?post=83412"},{"taxonomy":"post_tag","embeddable":true,"href":"https:\/\/lasentinelle.dz\/index.php\/wp-json\/wp\/v2\/tags?post=83412"}],"curies":[{"name":"wp","href":"https:\/\/api.w.org\/{rel}","templated":true}]}}