{"id":83419,"date":"2026-03-13T20:11:28","date_gmt":"2026-03-13T19:11:28","guid":{"rendered":"https:\/\/lasentinelle.dz\/?p=83419"},"modified":"2026-03-13T20:11:29","modified_gmt":"2026-03-13T19:11:29","slug":"cultures-strategiques-reunion-de-travail-pour-le-suivi-du-programme-dirrigation-dappoint","status":"publish","type":"post","link":"https:\/\/lasentinelle.dz\/index.php\/2026\/03\/13\/cultures-strategiques-reunion-de-travail-pour-le-suivi-du-programme-dirrigation-dappoint\/","title":{"rendered":"Cultures strat\u00e9giques\u00a0: R\u00e9union de travail pour le suivi du programme d\u2019irrigation d&rsquo;appoint"},"content":{"rendered":"\n<p>Le ministre de l\u2019Hydraulique, Taha Derbal, et le ministre de l&rsquo;Agriculture, du D\u00e9veloppement rural et de la P\u00eache, Yacine El-Mahdi Oualid, ont pr\u00e9sid\u00e9, jeudi, une s\u00e9ance de travail consacr\u00e9e au suivi du programme d\u2019irrigation d&rsquo;appoint des cultures strat\u00e9giques dans les grands p\u00e9rim\u00e8tres, indique un communiqu\u00e9 du minist\u00e8re de l\u2019Hydraulique. Lors de cette r\u00e9union, tenue au si\u00e8ge du minist\u00e8re de l\u2019Agriculture, du D\u00e9veloppement rural et de la P\u00eache en pr\u00e9sence des cadres des deux secteurs, les deux ministres ont soulign\u00e9 \u00ab\u00a0l\u2019importance que rev\u00eat le secteur agricole dans le pays, ainsi que les moyens consid\u00e9rables mobilis\u00e9s par l\u2019Etat pour mobiliser les ressources hydriques n\u00e9cessaires au d\u00e9veloppement de la production nationale, notamment dans les fili\u00e8res strat\u00e9giques\u00a0\u00bb, selon la m\u00eame source. Ils ont \u00e9galement salu\u00e9 le niveau de coordination entre les secteurs de l\u2019Hydraulique et de l\u2019Agriculture, soulignant l&rsquo;importance d&rsquo;une exploitation rationnelle et durable des ressources hydriques, \u00e0 travers l&rsquo;adoption de syst\u00e8mes d&rsquo;irrigation \u00e9conomes en eau, tout en \u0153uvrant \u00e0 diversifier les sources d&rsquo;approvisionnement et en optant pour les ressources non conventionnelles, notamment l&rsquo;utilisation des eaux us\u00e9es \u00e9pur\u00e9es pour l&rsquo;irrigation, de mani\u00e8re \u00e0 garantir la valorisation et la pr\u00e9servation de cette importante ressource. Au terme de la r\u00e9union, les deux ministres ont r\u00e9affirm\u00e9 leur volont\u00e9 de \u00ab\u00a0poursuivre l&rsquo;action commune et de renforcer la coordination sur le terrain entre les diff\u00e9rentes instances et institutions relevant des deux secteurs, afin de relever les d\u00e9fis li\u00e9s \u00e0 la s\u00e9curit\u00e9 alimentaire nationale et de renforcer la production agricole par un produit local durable et de qualit\u00e9, \u00e0 la hauteur des aspirations et des perspectives de d\u00e9veloppement du pays\u00a0\u00bb, conclut le communiqu\u00e9.<\/p>\n\n\n\n<p>APS<\/p>\n","protected":false},"excerpt":{"rendered":"<p>Le ministre de l\u2019Hydraulique, Taha Derbal, et le ministre de l&rsquo;Agriculture, du D\u00e9veloppement rural et de la P\u00eache, Yacine El-Mahdi<\/p>\n","protected":false},"author":6,"featured_media":81962,"comment_status":"open","ping_status":"closed","sticky":false,"template":"","format":"standard","meta":{"colormag_page_container_layout":"default_layout","colormag_page_sidebar_layout":"default_layout","om_disable_all_campaigns":false,"_monsterinsights_skip_tracking":false,"_monsterinsights_sitenote_active":false,"_monsterinsights_sitenote_note":"","_monsterinsights_sitenote_category":0,"footnotes":"","_wpscppro_dont_share_socialmedia":false,"_wpscppro_custom_social_share_image":0,"_facebook_share_type":"default","_twitter_share_type":"default","_linkedin_share_type":"default","_pinterest_share_type":"default","_linkedin_share_type_page":"","_instagram_share_type":"default","_medium_share_type":"default","_threads_share_type":"default","_google_business_share_type":"default","_selected_social_profile":[],"_wpsp_enable_custom_social_template":false,"_wpsp_social_scheduling":{"enabled":false,"datetime":null,"platforms":[],"status":"template_only","dateOption":"today","timeOption":"now","customDays":"","customHours":"","customDate":"","customTime":"","schedulingType":"absolute"},"_wpsp_active_default_template":true},"categories":[29],"tags":[],"class_list":["post-83419","post","type-post","status-publish","format-standard","has-post-thumbnail","hentry","category-economie"],"aioseo_notices":[],"yoast_head":"<!-- This site is optimized with the Yoast SEO plugin v27.5 - https:\/\/yoast.com\/product\/yoast-seo-wordpress\/ -->\n<title>Cultures strat\u00e9giques\u00a0: R\u00e9union de travail pour le suivi du programme d\u2019irrigation d&rsquo;appoint - La Sentinelle<\/title>\n<meta name=\"robots\" content=\"index, follow, max-snippet:-1, max-image-preview:large, max-video-preview:-1\" \/>\n<link rel=\"canonical\" href=\"https:\/\/lasentinelle.dz\/index.php\/2026\/03\/13\/cultures-strategiques-reunion-de-travail-pour-le-suivi-du-programme-dirrigation-dappoint\/\" \/>\n<meta property=\"og:locale\" content=\"fr_FR\" \/>\n<meta property=\"og:type\" content=\"article\" \/>\n<meta property=\"og:title\" content=\"Cultures strat\u00e9giques\u00a0: R\u00e9union de travail pour le suivi du programme d\u2019irrigation d&rsquo;appoint - La Sentinelle\" \/>\n<meta property=\"og:description\" content=\"Le ministre de l\u2019Hydraulique, Taha Derbal, et le ministre de l&rsquo;Agriculture, du D\u00e9veloppement rural et de la P\u00eache, Yacine El-Mahdi\" \/>\n<meta property=\"og:url\" content=\"https:\/\/lasentinelle.dz\/index.php\/2026\/03\/13\/cultures-strategiques-reunion-de-travail-pour-le-suivi-du-programme-dirrigation-dappoint\/\" \/>\n<meta property=\"og:site_name\" content=\"La Sentinelle\" \/>\n<meta property=\"article:publisher\" content=\"https:\/\/www.facebook.com\/La-Sentinelle-104059864394773\" \/>\n<meta property=\"article:published_time\" content=\"2026-03-13T19:11:28+00:00\" \/>\n<meta property=\"article:modified_time\" content=\"2026-03-13T19:11:29+00:00\" \/>\n<meta property=\"og:image\" content=\"https:\/\/lasentinelle.dz\/wp-content\/uploads\/2026\/02\/agri-saharienne.jpg\" \/>\n\t<meta property=\"og:image:width\" content=\"1280\" \/>\n\t<meta property=\"og:image:height\" content=\"720\" \/>\n\t<meta property=\"og:image:type\" content=\"image\/jpeg\" \/>\n<meta name=\"author\" content=\"admin\" \/>\n<meta name=\"twitter:card\" content=\"summary_large_image\" \/>\n<meta name=\"twitter:label1\" content=\"\u00c9crit par\" \/>\n\t<meta name=\"twitter:data1\" content=\"admin\" \/>\n\t<meta name=\"twitter:label2\" content=\"Dur\u00e9e de lecture estim\u00e9e\" \/>\n\t<meta name=\"twitter:data2\" content=\"2 minutes\" \/>\n<script type=\"application\/ld+json\" class=\"yoast-schema-graph\">{\"@context\":\"https:\\\/\\\/schema.org\",\"@graph\":[{\"@type\":\"Article\",\"@id\":\"https:\\\/\\\/lasentinelle.dz\\\/index.php\\\/2026\\\/03\\\/13\\\/cultures-strategiques-reunion-de-travail-pour-le-suivi-du-programme-dirrigation-dappoint\\\/#article\",\"isPartOf\":{\"@id\":\"https:\\\/\\\/lasentinelle.dz\\\/index.php\\\/2026\\\/03\\\/13\\\/cultures-strategiques-reunion-de-travail-pour-le-suivi-du-programme-dirrigation-dappoint\\\/\"},\"author\":{\"name\":\"admin\",\"@id\":\"https:\\\/\\\/lasentinelle.dz\\\/#\\\/schema\\\/person\\\/729ee0024f24e0b8c5ec17232f8e8b41\"},\"headline\":\"Cultures strat\u00e9giques\u00a0: R\u00e9union de travail pour le suivi du programme d\u2019irrigation d&rsquo;appoint\",\"datePublished\":\"2026-03-13T19:11:28+00:00\",\"dateModified\":\"2026-03-13T19:11:29+00:00\",\"mainEntityOfPage\":{\"@id\":\"https:\\\/\\\/lasentinelle.dz\\\/index.php\\\/2026\\\/03\\\/13\\\/cultures-strategiques-reunion-de-travail-pour-le-suivi-du-programme-dirrigation-dappoint\\\/\"},\"wordCount\":329,\"commentCount\":0,\"publisher\":{\"@id\":\"https:\\\/\\\/lasentinelle.dz\\\/#organization\"},\"image\":{\"@id\":\"https:\\\/\\\/lasentinelle.dz\\\/index.php\\\/2026\\\/03\\\/13\\\/cultures-strategiques-reunion-de-travail-pour-le-suivi-du-programme-dirrigation-dappoint\\\/#primaryimage\"},\"thumbnailUrl\":\"https:\\\/\\\/lasentinelle.dz\\\/wp-content\\\/uploads\\\/2026\\\/02\\\/agri-saharienne.jpg\",\"articleSection\":[\"\u00c9conomie\"],\"inLanguage\":\"fr-FR\",\"potentialAction\":[{\"@type\":\"CommentAction\",\"name\":\"Comment\",\"target\":[\"https:\\\/\\\/lasentinelle.dz\\\/index.php\\\/2026\\\/03\\\/13\\\/cultures-strategiques-reunion-de-travail-pour-le-suivi-du-programme-dirrigation-dappoint\\\/#respond\"]}]},{\"@type\":\"WebPage\",\"@id\":\"https:\\\/\\\/lasentinelle.dz\\\/index.php\\\/2026\\\/03\\\/13\\\/cultures-strategiques-reunion-de-travail-pour-le-suivi-du-programme-dirrigation-dappoint\\\/\",\"url\":\"https:\\\/\\\/lasentinelle.dz\\\/index.php\\\/2026\\\/03\\\/13\\\/cultures-strategiques-reunion-de-travail-pour-le-suivi-du-programme-dirrigation-dappoint\\\/\",\"name\":\"Cultures strat\u00e9giques\u00a0: R\u00e9union de travail pour le suivi du programme d\u2019irrigation d&rsquo;appoint - La Sentinelle\",\"isPartOf\":{\"@id\":\"https:\\\/\\\/lasentinelle.dz\\\/#website\"},\"primaryImageOfPage\":{\"@id\":\"https:\\\/\\\/lasentinelle.dz\\\/index.php\\\/2026\\\/03\\\/13\\\/cultures-strategiques-reunion-de-travail-pour-le-suivi-du-programme-dirrigation-dappoint\\\/#primaryimage\"},\"image\":{\"@id\":\"https:\\\/\\\/lasentinelle.dz\\\/index.php\\\/2026\\\/03\\\/13\\\/cultures-strategiques-reunion-de-travail-pour-le-suivi-du-programme-dirrigation-dappoint\\\/#primaryimage\"},\"thumbnailUrl\":\"https:\\\/\\\/lasentinelle.dz\\\/wp-content\\\/uploads\\\/2026\\\/02\\\/agri-saharienne.jpg\",\"datePublished\":\"2026-03-13T19:11:28+00:00\",\"dateModified\":\"2026-03-13T19:11:29+00:00\",\"breadcrumb\":{\"@id\":\"https:\\\/\\\/lasentinelle.dz\\\/index.php\\\/2026\\\/03\\\/13\\\/cultures-strategiques-reunion-de-travail-pour-le-suivi-du-programme-dirrigation-dappoint\\\/#breadcrumb\"},\"inLanguage\":\"fr-FR\",\"potentialAction\":[{\"@type\":\"ReadAction\",\"target\":[\"https:\\\/\\\/lasentinelle.dz\\\/index.php\\\/2026\\\/03\\\/13\\\/cultures-strategiques-reunion-de-travail-pour-le-suivi-du-programme-dirrigation-dappoint\\\/\"]}]},{\"@type\":\"ImageObject\",\"inLanguage\":\"fr-FR\",\"@id\":\"https:\\\/\\\/lasentinelle.dz\\\/index.php\\\/2026\\\/03\\\/13\\\/cultures-strategiques-reunion-de-travail-pour-le-suivi-du-programme-dirrigation-dappoint\\\/#primaryimage\",\"url\":\"https:\\\/\\\/lasentinelle.dz\\\/wp-content\\\/uploads\\\/2026\\\/02\\\/agri-saharienne.jpg\",\"contentUrl\":\"https:\\\/\\\/lasentinelle.dz\\\/wp-content\\\/uploads\\\/2026\\\/02\\\/agri-saharienne.jpg\",\"width\":1280,\"height\":720},{\"@type\":\"BreadcrumbList\",\"@id\":\"https:\\\/\\\/lasentinelle.dz\\\/index.php\\\/2026\\\/03\\\/13\\\/cultures-strategiques-reunion-de-travail-pour-le-suivi-du-programme-dirrigation-dappoint\\\/#breadcrumb\",\"itemListElement\":[{\"@type\":\"ListItem\",\"position\":1,\"name\":\"Accueil\",\"item\":\"https:\\\/\\\/lasentinelle.dz\\\/\"},{\"@type\":\"ListItem\",\"position\":2,\"name\":\"Cultures strat\u00e9giques\u00a0: R\u00e9union de travail pour le suivi du programme d\u2019irrigation d&rsquo;appoint\"}]},{\"@type\":\"WebSite\",\"@id\":\"https:\\\/\\\/lasentinelle.dz\\\/#website\",\"url\":\"https:\\\/\\\/lasentinelle.dz\\\/\",\"name\":\"La Sentinelle\",\"description\":\"Quotidien national d&#039;information\",\"publisher\":{\"@id\":\"https:\\\/\\\/lasentinelle.dz\\\/#organization\"},\"potentialAction\":[{\"@type\":\"SearchAction\",\"target\":{\"@type\":\"EntryPoint\",\"urlTemplate\":\"https:\\\/\\\/lasentinelle.dz\\\/?s={search_term_string}\"},\"query-input\":{\"@type\":\"PropertyValueSpecification\",\"valueRequired\":true,\"valueName\":\"search_term_string\"}}],\"inLanguage\":\"fr-FR\"},{\"@type\":\"Organization\",\"@id\":\"https:\\\/\\\/lasentinelle.dz\\\/#organization\",\"name\":\"Quotidien La Sentinelle\",\"url\":\"https:\\\/\\\/lasentinelle.dz\\\/\",\"logo\":{\"@type\":\"ImageObject\",\"inLanguage\":\"fr-FR\",\"@id\":\"https:\\\/\\\/lasentinelle.dz\\\/#\\\/schema\\\/logo\\\/image\\\/\",\"url\":\"https:\\\/\\\/lasentinelle.dz\\\/wp-content\\\/uploads\\\/2021\\\/09\\\/logo-sentinelleSLOGAN-1.png\",\"contentUrl\":\"https:\\\/\\\/lasentinelle.dz\\\/wp-content\\\/uploads\\\/2021\\\/09\\\/logo-sentinelleSLOGAN-1.png\",\"width\":615,\"height\":142,\"caption\":\"Quotidien La Sentinelle\"},\"image\":{\"@id\":\"https:\\\/\\\/lasentinelle.dz\\\/#\\\/schema\\\/logo\\\/image\\\/\"},\"sameAs\":[\"https:\\\/\\\/www.facebook.com\\\/La-Sentinelle-104059864394773\"]},{\"@type\":\"Person\",\"@id\":\"https:\\\/\\\/lasentinelle.dz\\\/#\\\/schema\\\/person\\\/729ee0024f24e0b8c5ec17232f8e8b41\",\"name\":\"admin\",\"image\":{\"@type\":\"ImageObject\",\"inLanguage\":\"fr-FR\",\"@id\":\"https:\\\/\\\/secure.gravatar.com\\\/avatar\\\/4c81fed838786e9b53f540bf46533e750f5d292099ae3b66cfc6fb1982e29df7?s=96&d=mm&r=g\",\"url\":\"https:\\\/\\\/secure.gravatar.com\\\/avatar\\\/4c81fed838786e9b53f540bf46533e750f5d292099ae3b66cfc6fb1982e29df7?s=96&d=mm&r=g\",\"contentUrl\":\"https:\\\/\\\/secure.gravatar.com\\\/avatar\\\/4c81fed838786e9b53f540bf46533e750f5d292099ae3b66cfc6fb1982e29df7?s=96&d=mm&r=g\",\"caption\":\"admin\"},\"description\":\"admin\",\"url\":\"https:\\\/\\\/lasentinelle.dz\\\/author\\\/admin\\\/\"}]}<\/script>\n<!-- \/ Yoast SEO plugin. -->","yoast_head_json":{"title":"Cultures strat\u00e9giques\u00a0: R\u00e9union de travail pour le suivi du programme d\u2019irrigation d&rsquo;appoint - La Sentinelle","robots":{"index":"index","follow":"follow","max-snippet":"max-snippet:-1","max-image-preview":"max-image-preview:large","max-video-preview":"max-video-preview:-1"},"canonical":"https:\/\/lasentinelle.dz\/index.php\/2026\/03\/13\/cultures-strategiques-reunion-de-travail-pour-le-suivi-du-programme-dirrigation-dappoint\/","og_locale":"fr_FR","og_type":"article","og_title":"Cultures strat\u00e9giques\u00a0: R\u00e9union de travail pour le suivi du programme d\u2019irrigation d&rsquo;appoint - La Sentinelle","og_description":"Le ministre de l\u2019Hydraulique, Taha Derbal, et le ministre de l&rsquo;Agriculture, du D\u00e9veloppement rural et de la P\u00eache, Yacine El-Mahdi","og_url":"https:\/\/lasentinelle.dz\/index.php\/2026\/03\/13\/cultures-strategiques-reunion-de-travail-pour-le-suivi-du-programme-dirrigation-dappoint\/","og_site_name":"La Sentinelle","article_publisher":"https:\/\/www.facebook.com\/La-Sentinelle-104059864394773","article_published_time":"2026-03-13T19:11:28+00:00","article_modified_time":"2026-03-13T19:11:29+00:00","og_image":[{"width":1280,"height":720,"url":"https:\/\/lasentinelle.dz\/wp-content\/uploads\/2026\/02\/agri-saharienne.jpg","type":"image\/jpeg"}],"author":"admin","twitter_card":"summary_large_image","twitter_misc":{"\u00c9crit par":"admin","Dur\u00e9e de lecture estim\u00e9e":"2 minutes"},"schema":{"@context":"https:\/\/schema.org","@graph":[{"@type":"Article","@id":"https:\/\/lasentinelle.dz\/index.php\/2026\/03\/13\/cultures-strategiques-reunion-de-travail-pour-le-suivi-du-programme-dirrigation-dappoint\/#article","isPartOf":{"@id":"https:\/\/lasentinelle.dz\/index.php\/2026\/03\/13\/cultures-strategiques-reunion-de-travail-pour-le-suivi-du-programme-dirrigation-dappoint\/"},"author":{"name":"admin","@id":"https:\/\/lasentinelle.dz\/#\/schema\/person\/729ee0024f24e0b8c5ec17232f8e8b41"},"headline":"Cultures strat\u00e9giques\u00a0: R\u00e9union de travail pour le suivi du programme d\u2019irrigation d&rsquo;appoint","datePublished":"2026-03-13T19:11:28+00:00","dateModified":"2026-03-13T19:11:29+00:00","mainEntityOfPage":{"@id":"https:\/\/lasentinelle.dz\/index.php\/2026\/03\/13\/cultures-strategiques-reunion-de-travail-pour-le-suivi-du-programme-dirrigation-dappoint\/"},"wordCount":329,"commentCount":0,"publisher":{"@id":"https:\/\/lasentinelle.dz\/#organization"},"image":{"@id":"https:\/\/lasentinelle.dz\/index.php\/2026\/03\/13\/cultures-strategiques-reunion-de-travail-pour-le-suivi-du-programme-dirrigation-dappoint\/#primaryimage"},"thumbnailUrl":"https:\/\/lasentinelle.dz\/wp-content\/uploads\/2026\/02\/agri-saharienne.jpg","articleSection":["\u00c9conomie"],"inLanguage":"fr-FR","potentialAction":[{"@type":"CommentAction","name":"Comment","target":["https:\/\/lasentinelle.dz\/index.php\/2026\/03\/13\/cultures-strategiques-reunion-de-travail-pour-le-suivi-du-programme-dirrigation-dappoint\/#respond"]}]},{"@type":"WebPage","@id":"https:\/\/lasentinelle.dz\/index.php\/2026\/03\/13\/cultures-strategiques-reunion-de-travail-pour-le-suivi-du-programme-dirrigation-dappoint\/","url":"https:\/\/lasentinelle.dz\/index.php\/2026\/03\/13\/cultures-strategiques-reunion-de-travail-pour-le-suivi-du-programme-dirrigation-dappoint\/","name":"Cultures strat\u00e9giques\u00a0: R\u00e9union de travail pour le suivi du programme d\u2019irrigation d&rsquo;appoint - La Sentinelle","isPartOf":{"@id":"https:\/\/lasentinelle.dz\/#website"},"primaryImageOfPage":{"@id":"https:\/\/lasentinelle.dz\/index.php\/2026\/03\/13\/cultures-strategiques-reunion-de-travail-pour-le-suivi-du-programme-dirrigation-dappoint\/#primaryimage"},"image":{"@id":"https:\/\/lasentinelle.dz\/index.php\/2026\/03\/13\/cultures-strategiques-reunion-de-travail-pour-le-suivi-du-programme-dirrigation-dappoint\/#primaryimage"},"thumbnailUrl":"https:\/\/lasentinelle.dz\/wp-content\/uploads\/2026\/02\/agri-saharienne.jpg","datePublished":"2026-03-13T19:11:28+00:00","dateModified":"2026-03-13T19:11:29+00:00","breadcrumb":{"@id":"https:\/\/lasentinelle.dz\/index.php\/2026\/03\/13\/cultures-strategiques-reunion-de-travail-pour-le-suivi-du-programme-dirrigation-dappoint\/#breadcrumb"},"inLanguage":"fr-FR","potentialAction":[{"@type":"ReadAction","target":["https:\/\/lasentinelle.dz\/index.php\/2026\/03\/13\/cultures-strategiques-reunion-de-travail-pour-le-suivi-du-programme-dirrigation-dappoint\/"]}]},{"@type":"ImageObject","inLanguage":"fr-FR","@id":"https:\/\/lasentinelle.dz\/index.php\/2026\/03\/13\/cultures-strategiques-reunion-de-travail-pour-le-suivi-du-programme-dirrigation-dappoint\/#primaryimage","url":"https:\/\/lasentinelle.dz\/wp-content\/uploads\/2026\/02\/agri-saharienne.jpg","contentUrl":"https:\/\/lasentinelle.dz\/wp-content\/uploads\/2026\/02\/agri-saharienne.jpg","width":1280,"height":720},{"@type":"BreadcrumbList","@id":"https:\/\/lasentinelle.dz\/index.php\/2026\/03\/13\/cultures-strategiques-reunion-de-travail-pour-le-suivi-du-programme-dirrigation-dappoint\/#breadcrumb","itemListElement":[{"@type":"ListItem","position":1,"name":"Accueil","item":"https:\/\/lasentinelle.dz\/"},{"@type":"ListItem","position":2,"name":"Cultures strat\u00e9giques\u00a0: R\u00e9union de travail pour le suivi du programme d\u2019irrigation d&rsquo;appoint"}]},{"@type":"WebSite","@id":"https:\/\/lasentinelle.dz\/#website","url":"https:\/\/lasentinelle.dz\/","name":"La Sentinelle","description":"Quotidien national d&#039;information","publisher":{"@id":"https:\/\/lasentinelle.dz\/#organization"},"potentialAction":[{"@type":"SearchAction","target":{"@type":"EntryPoint","urlTemplate":"https:\/\/lasentinelle.dz\/?s={search_term_string}"},"query-input":{"@type":"PropertyValueSpecification","valueRequired":true,"valueName":"search_term_string"}}],"inLanguage":"fr-FR"},{"@type":"Organization","@id":"https:\/\/lasentinelle.dz\/#organization","name":"Quotidien La Sentinelle","url":"https:\/\/lasentinelle.dz\/","logo":{"@type":"ImageObject","inLanguage":"fr-FR","@id":"https:\/\/lasentinelle.dz\/#\/schema\/logo\/image\/","url":"https:\/\/lasentinelle.dz\/wp-content\/uploads\/2021\/09\/logo-sentinelleSLOGAN-1.png","contentUrl":"https:\/\/lasentinelle.dz\/wp-content\/uploads\/2021\/09\/logo-sentinelleSLOGAN-1.png","width":615,"height":142,"caption":"Quotidien La Sentinelle"},"image":{"@id":"https:\/\/lasentinelle.dz\/#\/schema\/logo\/image\/"},"sameAs":["https:\/\/www.facebook.com\/La-Sentinelle-104059864394773"]},{"@type":"Person","@id":"https:\/\/lasentinelle.dz\/#\/schema\/person\/729ee0024f24e0b8c5ec17232f8e8b41","name":"admin","image":{"@type":"ImageObject","inLanguage":"fr-FR","@id":"https:\/\/secure.gravatar.com\/avatar\/4c81fed838786e9b53f540bf46533e750f5d292099ae3b66cfc6fb1982e29df7?s=96&d=mm&r=g","url":"https:\/\/secure.gravatar.com\/avatar\/4c81fed838786e9b53f540bf46533e750f5d292099ae3b66cfc6fb1982e29df7?s=96&d=mm&r=g","contentUrl":"https:\/\/secure.gravatar.com\/avatar\/4c81fed838786e9b53f540bf46533e750f5d292099ae3b66cfc6fb1982e29df7?s=96&d=mm&r=g","caption":"admin"},"description":"admin","url":"https:\/\/lasentinelle.dz\/author\/admin\/"}]}},"_links":{"self":[{"href":"https:\/\/lasentinelle.dz\/index.php\/wp-json\/wp\/v2\/posts\/83419","targetHints":{"allow":["GET"]}}],"collection":[{"href":"https:\/\/lasentinelle.dz\/index.php\/wp-json\/wp\/v2\/posts"}],"about":[{"href":"https:\/\/lasentinelle.dz\/index.php\/wp-json\/wp\/v2\/types\/post"}],"author":[{"embeddable":true,"href":"https:\/\/lasentinelle.dz\/index.php\/wp-json\/wp\/v2\/users\/6"}],"replies":[{"embeddable":true,"href":"https:\/\/lasentinelle.dz\/index.php\/wp-json\/wp\/v2\/comments?post=83419"}],"version-history":[{"count":2,"href":"https:\/\/lasentinelle.dz\/index.php\/wp-json\/wp\/v2\/posts\/83419\/revisions"}],"predecessor-version":[{"id":83421,"href":"https:\/\/lasentinelle.dz\/index.php\/wp-json\/wp\/v2\/posts\/83419\/revisions\/83421"}],"wp:featuredmedia":[{"embeddable":true,"href":"https:\/\/lasentinelle.dz\/index.php\/wp-json\/wp\/v2\/media\/81962"}],"wp:attachment":[{"href":"https:\/\/lasentinelle.dz\/index.php\/wp-json\/wp\/v2\/media?parent=83419"}],"wp:term":[{"taxonomy":"category","embeddable":true,"href":"https:\/\/lasentinelle.dz\/index.php\/wp-json\/wp\/v2\/categories?post=83419"},{"taxonomy":"post_tag","embeddable":true,"href":"https:\/\/lasentinelle.dz\/index.php\/wp-json\/wp\/v2\/tags?post=83419"}],"curies":[{"name":"wp","href":"https:\/\/api.w.org\/{rel}","templated":true}]}}