{"id":83422,"date":"2026-03-13T20:14:08","date_gmt":"2026-03-13T19:14:08","guid":{"rendered":"https:\/\/lasentinelle.dz\/?p=83422"},"modified":"2026-03-13T20:14:09","modified_gmt":"2026-03-13T19:14:09","slug":"souverainete-alimentaire-deux-projets-strategiques-lances","status":"publish","type":"post","link":"https:\/\/lasentinelle.dz\/index.php\/2026\/03\/13\/souverainete-alimentaire-deux-projets-strategiques-lances\/","title":{"rendered":"Souverainet\u00e9 alimentaire\u00a0: Deux projets strat\u00e9giques lanc\u00e9s"},"content":{"rendered":"\n<p>Deux projets, une m\u00eame ambition : r\u00e9duire la d\u00e9pendance de l&rsquo;Alg\u00e9rie aux importations agricoles et asseoir sa souverainet\u00e9 alimentaire sur des bases scientifiques solides. C&rsquo;est le message fort qu&rsquo;ont voulu envoyer mercredi \u00e0 Alger le ministre de l&rsquo;Agriculture, Yacine El-Mahdi Oualid, et le ministre de l&rsquo;Enseignement sup\u00e9rieur et de la Recherche scientifique, Kamel Baddari, en copr\u00e9sidant une r\u00e9union de coordination interminist\u00e9rielle consacr\u00e9e \u00e0 deux chantiers jug\u00e9s strat\u00e9giques : la production de plants par culture de tissus et la production de semences hybrides. La r\u00e9union, qui s&rsquo;est tenue en pr\u00e9sence des cadres centraux des deux minist\u00e8res, du directeur g\u00e9n\u00e9ral du Fonds national d&rsquo;investissement, des responsables du groupe Madar Holding et de l&rsquo;Entreprise de d\u00e9veloppement des cultures agricoles strat\u00e9giques (DCAS), ainsi que de chercheurs de l&rsquo;Universit\u00e9 de Tiaret et du Centre de recherche en biotechnologie (CRBt) de Constantine, illustre une approche nouvelle : celle du partenariat structur\u00e9 entre la recherche publique et l&rsquo;entreprise \u00e9conomique. Fini le cloisonnement entre laboratoires et champs. Les deux projets pr\u00e9sent\u00e9s incarnent pr\u00e9cis\u00e9ment cette volont\u00e9 de faire descendre la science du monde acad\u00e9mique vers le terrain agricole.<\/p>\n\n\n\n<p><strong>10 millions de plants de banane par an<\/strong><\/p>\n\n\n\n<p>Le premier projet concerne la cr\u00e9ation d&rsquo;une unit\u00e9 de culture de tissus d\u00e9di\u00e9e \u00e0 la production de plants. En phase initiale, l&rsquo;effort portera sur la banane : une capacit\u00e9 de production de 10 millions de plants par an est vis\u00e9e, \u00e0 travers un partenariat entre le CRBt de Constantine et la DCAS, dont les unit\u00e9s de production implant\u00e9es dans l&rsquo;est du pays assureront la concr\u00e9tisation op\u00e9rationnelle. L&rsquo;enjeu est consid\u00e9rable. L&rsquo;Alg\u00e9rie importe aujourd&rsquo;hui l&rsquo;essentiel de sa consommation en bananes, fruit dont la demande ne cesse de cro\u00eetre. Le communiqu\u00e9 du minist\u00e8re pr\u00e9cise \u00e0 ce sujet que \u00ab le plan d&rsquo;action du minist\u00e8re mettra \u00e0 disposition plus de 4 700 hectares de terres agricoles pour les agriculteurs souhaitant investir dans la culture de la banane dans les zones disposant de toutes les conditions de production \u00bb. Une fois le dispositif rod\u00e9, l&rsquo;exp\u00e9rience sera \u00e9largie \u00e0 d&rsquo;autres vari\u00e9t\u00e9s pour couvrir davantage de besoins nationaux.<\/p>\n\n\n\n<p>Le second projet est tout aussi ambitieux. Il s&rsquo;agit de cr\u00e9er une entreprise sp\u00e9cialis\u00e9e dans la production de semences, en particulier les semences de ma\u00efs grain et les semences hybrides de l\u00e9gumes. Ce projet repose sur les r\u00e9sultats de recherche obtenus par les chercheurs de l&rsquo;Universit\u00e9 de Tiaret, qui ont travaill\u00e9 \u00e0 l&rsquo;\u00e9laboration de vari\u00e9t\u00e9s locales adapt\u00e9es aux conditions climatiques alg\u00e9riennes. Le partenariat avec la DCAS permettra d&rsquo;industrialiser ces acquis scientifiques. L&rsquo;enjeu est ici encore consid\u00e9rable : la facture des importations de semences p\u00e8se lourd sur la balance commerciale du pays, et disposer de semences hybrides produites localement constituerait une rupture majeure. Lors de la r\u00e9union, les deux ministres ont soulign\u00e9, selon le communiqu\u00e9, \u00ab l&rsquo;importance de ces projets pour le renforcement de la souverainet\u00e9 alimentaire du pays et la cr\u00e9ation d&rsquo;une valeur ajout\u00e9e pour l&rsquo;\u00e9conomie nationale \u00bb, donnant instruction de former des \u00e9quipes techniques charg\u00e9es de lancer les travaux sans d\u00e9lai, parall\u00e8lement \u00e0 la pr\u00e9paration des textes r\u00e9glementaires n\u00e9cessaires. Le communiqu\u00e9 insiste sur les ressources mobilis\u00e9es : \u00ab le foncier agricole, le financement et l&rsquo;exp\u00e9rience scientifique acquise \u00bb, ainsi que sur \u00ab les objectifs attendus, particuli\u00e8rement la r\u00e9duction des importations et le renforcement de la comp\u00e9titivit\u00e9 des produits nationaux \u00bb.<\/p>\n\n\n\n<p>Amar Malki<\/p>\n","protected":false},"excerpt":{"rendered":"<p>Deux projets, une m\u00eame ambition : r\u00e9duire la d\u00e9pendance de l&rsquo;Alg\u00e9rie aux importations agricoles et asseoir sa souverainet\u00e9 alimentaire sur<\/p>\n","protected":false},"author":6,"featured_media":83423,"comment_status":"open","ping_status":"closed","sticky":false,"template":"","format":"standard","meta":{"colormag_page_container_layout":"default_layout","colormag_page_sidebar_layout":"default_layout","om_disable_all_campaigns":false,"_monsterinsights_skip_tracking":false,"_monsterinsights_sitenote_active":false,"_monsterinsights_sitenote_note":"","_monsterinsights_sitenote_category":0,"footnotes":"","_wpscppro_dont_share_socialmedia":false,"_wpscppro_custom_social_share_image":0,"_facebook_share_type":"default","_twitter_share_type":"default","_linkedin_share_type":"default","_pinterest_share_type":"default","_linkedin_share_type_page":"","_instagram_share_type":"default","_medium_share_type":"default","_threads_share_type":"default","_google_business_share_type":"default","_selected_social_profile":[],"_wpsp_enable_custom_social_template":false,"_wpsp_social_scheduling":{"enabled":false,"datetime":null,"platforms":[],"status":"template_only","dateOption":"today","timeOption":"now","customDays":"","customHours":"","customDate":"","customTime":"","schedulingType":"absolute"},"_wpsp_active_default_template":true},"categories":[29],"tags":[],"class_list":["post-83422","post","type-post","status-publish","format-standard","has-post-thumbnail","hentry","category-economie"],"aioseo_notices":[],"yoast_head":"<!-- This site is optimized with the Yoast SEO plugin v27.5 - https:\/\/yoast.com\/product\/yoast-seo-wordpress\/ -->\n<title>Souverainet\u00e9 alimentaire\u00a0: Deux projets strat\u00e9giques lanc\u00e9s - La Sentinelle<\/title>\n<meta name=\"robots\" content=\"index, follow, max-snippet:-1, max-image-preview:large, max-video-preview:-1\" \/>\n<link rel=\"canonical\" href=\"https:\/\/lasentinelle.dz\/index.php\/2026\/03\/13\/souverainete-alimentaire-deux-projets-strategiques-lances\/\" \/>\n<meta property=\"og:locale\" content=\"fr_FR\" \/>\n<meta property=\"og:type\" content=\"article\" \/>\n<meta property=\"og:title\" content=\"Souverainet\u00e9 alimentaire\u00a0: Deux projets strat\u00e9giques lanc\u00e9s - La Sentinelle\" \/>\n<meta property=\"og:description\" content=\"Deux projets, une m\u00eame ambition : r\u00e9duire la d\u00e9pendance de l&rsquo;Alg\u00e9rie aux importations agricoles et asseoir sa souverainet\u00e9 alimentaire sur\" \/>\n<meta property=\"og:url\" content=\"https:\/\/lasentinelle.dz\/index.php\/2026\/03\/13\/souverainete-alimentaire-deux-projets-strategiques-lances\/\" \/>\n<meta property=\"og:site_name\" content=\"La Sentinelle\" \/>\n<meta property=\"article:publisher\" content=\"https:\/\/www.facebook.com\/La-Sentinelle-104059864394773\" \/>\n<meta property=\"article:published_time\" content=\"2026-03-13T19:14:08+00:00\" \/>\n<meta property=\"article:modified_time\" content=\"2026-03-13T19:14:09+00:00\" \/>\n<meta property=\"og:image\" content=\"https:\/\/lasentinelle.dz\/wp-content\/uploads\/2026\/03\/651432629_1359240529582525_2067316374092684160_n.jpg.webp\" \/>\n\t<meta property=\"og:image:width\" content=\"1400\" \/>\n\t<meta property=\"og:image:height\" content=\"1050\" \/>\n\t<meta property=\"og:image:type\" content=\"image\/webp\" \/>\n<meta name=\"author\" content=\"admin\" \/>\n<meta name=\"twitter:card\" content=\"summary_large_image\" \/>\n<meta name=\"twitter:label1\" content=\"\u00c9crit par\" \/>\n\t<meta name=\"twitter:data1\" content=\"admin\" \/>\n\t<meta name=\"twitter:label2\" content=\"Dur\u00e9e de lecture estim\u00e9e\" \/>\n\t<meta name=\"twitter:data2\" content=\"3 minutes\" \/>\n<script type=\"application\/ld+json\" class=\"yoast-schema-graph\">{\"@context\":\"https:\\\/\\\/schema.org\",\"@graph\":[{\"@type\":\"Article\",\"@id\":\"https:\\\/\\\/lasentinelle.dz\\\/index.php\\\/2026\\\/03\\\/13\\\/souverainete-alimentaire-deux-projets-strategiques-lances\\\/#article\",\"isPartOf\":{\"@id\":\"https:\\\/\\\/lasentinelle.dz\\\/index.php\\\/2026\\\/03\\\/13\\\/souverainete-alimentaire-deux-projets-strategiques-lances\\\/\"},\"author\":{\"name\":\"admin\",\"@id\":\"https:\\\/\\\/lasentinelle.dz\\\/#\\\/schema\\\/person\\\/729ee0024f24e0b8c5ec17232f8e8b41\"},\"headline\":\"Souverainet\u00e9 alimentaire\u00a0: Deux projets strat\u00e9giques lanc\u00e9s\",\"datePublished\":\"2026-03-13T19:14:08+00:00\",\"dateModified\":\"2026-03-13T19:14:09+00:00\",\"mainEntityOfPage\":{\"@id\":\"https:\\\/\\\/lasentinelle.dz\\\/index.php\\\/2026\\\/03\\\/13\\\/souverainete-alimentaire-deux-projets-strategiques-lances\\\/\"},\"wordCount\":617,\"commentCount\":0,\"publisher\":{\"@id\":\"https:\\\/\\\/lasentinelle.dz\\\/#organization\"},\"image\":{\"@id\":\"https:\\\/\\\/lasentinelle.dz\\\/index.php\\\/2026\\\/03\\\/13\\\/souverainete-alimentaire-deux-projets-strategiques-lances\\\/#primaryimage\"},\"thumbnailUrl\":\"https:\\\/\\\/lasentinelle.dz\\\/wp-content\\\/uploads\\\/2026\\\/03\\\/651432629_1359240529582525_2067316374092684160_n.jpg.webp\",\"articleSection\":[\"\u00c9conomie\"],\"inLanguage\":\"fr-FR\",\"potentialAction\":[{\"@type\":\"CommentAction\",\"name\":\"Comment\",\"target\":[\"https:\\\/\\\/lasentinelle.dz\\\/index.php\\\/2026\\\/03\\\/13\\\/souverainete-alimentaire-deux-projets-strategiques-lances\\\/#respond\"]}]},{\"@type\":\"WebPage\",\"@id\":\"https:\\\/\\\/lasentinelle.dz\\\/index.php\\\/2026\\\/03\\\/13\\\/souverainete-alimentaire-deux-projets-strategiques-lances\\\/\",\"url\":\"https:\\\/\\\/lasentinelle.dz\\\/index.php\\\/2026\\\/03\\\/13\\\/souverainete-alimentaire-deux-projets-strategiques-lances\\\/\",\"name\":\"Souverainet\u00e9 alimentaire\u00a0: Deux projets strat\u00e9giques lanc\u00e9s - La Sentinelle\",\"isPartOf\":{\"@id\":\"https:\\\/\\\/lasentinelle.dz\\\/#website\"},\"primaryImageOfPage\":{\"@id\":\"https:\\\/\\\/lasentinelle.dz\\\/index.php\\\/2026\\\/03\\\/13\\\/souverainete-alimentaire-deux-projets-strategiques-lances\\\/#primaryimage\"},\"image\":{\"@id\":\"https:\\\/\\\/lasentinelle.dz\\\/index.php\\\/2026\\\/03\\\/13\\\/souverainete-alimentaire-deux-projets-strategiques-lances\\\/#primaryimage\"},\"thumbnailUrl\":\"https:\\\/\\\/lasentinelle.dz\\\/wp-content\\\/uploads\\\/2026\\\/03\\\/651432629_1359240529582525_2067316374092684160_n.jpg.webp\",\"datePublished\":\"2026-03-13T19:14:08+00:00\",\"dateModified\":\"2026-03-13T19:14:09+00:00\",\"breadcrumb\":{\"@id\":\"https:\\\/\\\/lasentinelle.dz\\\/index.php\\\/2026\\\/03\\\/13\\\/souverainete-alimentaire-deux-projets-strategiques-lances\\\/#breadcrumb\"},\"inLanguage\":\"fr-FR\",\"potentialAction\":[{\"@type\":\"ReadAction\",\"target\":[\"https:\\\/\\\/lasentinelle.dz\\\/index.php\\\/2026\\\/03\\\/13\\\/souverainete-alimentaire-deux-projets-strategiques-lances\\\/\"]}]},{\"@type\":\"ImageObject\",\"inLanguage\":\"fr-FR\",\"@id\":\"https:\\\/\\\/lasentinelle.dz\\\/index.php\\\/2026\\\/03\\\/13\\\/souverainete-alimentaire-deux-projets-strategiques-lances\\\/#primaryimage\",\"url\":\"https:\\\/\\\/lasentinelle.dz\\\/wp-content\\\/uploads\\\/2026\\\/03\\\/651432629_1359240529582525_2067316374092684160_n.jpg.webp\",\"contentUrl\":\"https:\\\/\\\/lasentinelle.dz\\\/wp-content\\\/uploads\\\/2026\\\/03\\\/651432629_1359240529582525_2067316374092684160_n.jpg.webp\",\"width\":1400,\"height\":1050},{\"@type\":\"BreadcrumbList\",\"@id\":\"https:\\\/\\\/lasentinelle.dz\\\/index.php\\\/2026\\\/03\\\/13\\\/souverainete-alimentaire-deux-projets-strategiques-lances\\\/#breadcrumb\",\"itemListElement\":[{\"@type\":\"ListItem\",\"position\":1,\"name\":\"Accueil\",\"item\":\"https:\\\/\\\/lasentinelle.dz\\\/\"},{\"@type\":\"ListItem\",\"position\":2,\"name\":\"Souverainet\u00e9 alimentaire\u00a0: Deux projets strat\u00e9giques lanc\u00e9s\"}]},{\"@type\":\"WebSite\",\"@id\":\"https:\\\/\\\/lasentinelle.dz\\\/#website\",\"url\":\"https:\\\/\\\/lasentinelle.dz\\\/\",\"name\":\"La Sentinelle\",\"description\":\"Quotidien national d&#039;information\",\"publisher\":{\"@id\":\"https:\\\/\\\/lasentinelle.dz\\\/#organization\"},\"potentialAction\":[{\"@type\":\"SearchAction\",\"target\":{\"@type\":\"EntryPoint\",\"urlTemplate\":\"https:\\\/\\\/lasentinelle.dz\\\/?s={search_term_string}\"},\"query-input\":{\"@type\":\"PropertyValueSpecification\",\"valueRequired\":true,\"valueName\":\"search_term_string\"}}],\"inLanguage\":\"fr-FR\"},{\"@type\":\"Organization\",\"@id\":\"https:\\\/\\\/lasentinelle.dz\\\/#organization\",\"name\":\"Quotidien La Sentinelle\",\"url\":\"https:\\\/\\\/lasentinelle.dz\\\/\",\"logo\":{\"@type\":\"ImageObject\",\"inLanguage\":\"fr-FR\",\"@id\":\"https:\\\/\\\/lasentinelle.dz\\\/#\\\/schema\\\/logo\\\/image\\\/\",\"url\":\"https:\\\/\\\/lasentinelle.dz\\\/wp-content\\\/uploads\\\/2021\\\/09\\\/logo-sentinelleSLOGAN-1.png\",\"contentUrl\":\"https:\\\/\\\/lasentinelle.dz\\\/wp-content\\\/uploads\\\/2021\\\/09\\\/logo-sentinelleSLOGAN-1.png\",\"width\":615,\"height\":142,\"caption\":\"Quotidien La Sentinelle\"},\"image\":{\"@id\":\"https:\\\/\\\/lasentinelle.dz\\\/#\\\/schema\\\/logo\\\/image\\\/\"},\"sameAs\":[\"https:\\\/\\\/www.facebook.com\\\/La-Sentinelle-104059864394773\"]},{\"@type\":\"Person\",\"@id\":\"https:\\\/\\\/lasentinelle.dz\\\/#\\\/schema\\\/person\\\/729ee0024f24e0b8c5ec17232f8e8b41\",\"name\":\"admin\",\"image\":{\"@type\":\"ImageObject\",\"inLanguage\":\"fr-FR\",\"@id\":\"https:\\\/\\\/secure.gravatar.com\\\/avatar\\\/4c81fed838786e9b53f540bf46533e750f5d292099ae3b66cfc6fb1982e29df7?s=96&d=mm&r=g\",\"url\":\"https:\\\/\\\/secure.gravatar.com\\\/avatar\\\/4c81fed838786e9b53f540bf46533e750f5d292099ae3b66cfc6fb1982e29df7?s=96&d=mm&r=g\",\"contentUrl\":\"https:\\\/\\\/secure.gravatar.com\\\/avatar\\\/4c81fed838786e9b53f540bf46533e750f5d292099ae3b66cfc6fb1982e29df7?s=96&d=mm&r=g\",\"caption\":\"admin\"},\"description\":\"admin\",\"url\":\"https:\\\/\\\/lasentinelle.dz\\\/author\\\/admin\\\/\"}]}<\/script>\n<!-- \/ Yoast SEO plugin. -->","yoast_head_json":{"title":"Souverainet\u00e9 alimentaire\u00a0: Deux projets strat\u00e9giques lanc\u00e9s - La Sentinelle","robots":{"index":"index","follow":"follow","max-snippet":"max-snippet:-1","max-image-preview":"max-image-preview:large","max-video-preview":"max-video-preview:-1"},"canonical":"https:\/\/lasentinelle.dz\/index.php\/2026\/03\/13\/souverainete-alimentaire-deux-projets-strategiques-lances\/","og_locale":"fr_FR","og_type":"article","og_title":"Souverainet\u00e9 alimentaire\u00a0: Deux projets strat\u00e9giques lanc\u00e9s - La Sentinelle","og_description":"Deux projets, une m\u00eame ambition : r\u00e9duire la d\u00e9pendance de l&rsquo;Alg\u00e9rie aux importations agricoles et asseoir sa souverainet\u00e9 alimentaire sur","og_url":"https:\/\/lasentinelle.dz\/index.php\/2026\/03\/13\/souverainete-alimentaire-deux-projets-strategiques-lances\/","og_site_name":"La Sentinelle","article_publisher":"https:\/\/www.facebook.com\/La-Sentinelle-104059864394773","article_published_time":"2026-03-13T19:14:08+00:00","article_modified_time":"2026-03-13T19:14:09+00:00","og_image":[{"width":1400,"height":1050,"url":"https:\/\/lasentinelle.dz\/wp-content\/uploads\/2026\/03\/651432629_1359240529582525_2067316374092684160_n.jpg.webp","type":"image\/webp"}],"author":"admin","twitter_card":"summary_large_image","twitter_misc":{"\u00c9crit par":"admin","Dur\u00e9e de lecture estim\u00e9e":"3 minutes"},"schema":{"@context":"https:\/\/schema.org","@graph":[{"@type":"Article","@id":"https:\/\/lasentinelle.dz\/index.php\/2026\/03\/13\/souverainete-alimentaire-deux-projets-strategiques-lances\/#article","isPartOf":{"@id":"https:\/\/lasentinelle.dz\/index.php\/2026\/03\/13\/souverainete-alimentaire-deux-projets-strategiques-lances\/"},"author":{"name":"admin","@id":"https:\/\/lasentinelle.dz\/#\/schema\/person\/729ee0024f24e0b8c5ec17232f8e8b41"},"headline":"Souverainet\u00e9 alimentaire\u00a0: Deux projets strat\u00e9giques lanc\u00e9s","datePublished":"2026-03-13T19:14:08+00:00","dateModified":"2026-03-13T19:14:09+00:00","mainEntityOfPage":{"@id":"https:\/\/lasentinelle.dz\/index.php\/2026\/03\/13\/souverainete-alimentaire-deux-projets-strategiques-lances\/"},"wordCount":617,"commentCount":0,"publisher":{"@id":"https:\/\/lasentinelle.dz\/#organization"},"image":{"@id":"https:\/\/lasentinelle.dz\/index.php\/2026\/03\/13\/souverainete-alimentaire-deux-projets-strategiques-lances\/#primaryimage"},"thumbnailUrl":"https:\/\/lasentinelle.dz\/wp-content\/uploads\/2026\/03\/651432629_1359240529582525_2067316374092684160_n.jpg.webp","articleSection":["\u00c9conomie"],"inLanguage":"fr-FR","potentialAction":[{"@type":"CommentAction","name":"Comment","target":["https:\/\/lasentinelle.dz\/index.php\/2026\/03\/13\/souverainete-alimentaire-deux-projets-strategiques-lances\/#respond"]}]},{"@type":"WebPage","@id":"https:\/\/lasentinelle.dz\/index.php\/2026\/03\/13\/souverainete-alimentaire-deux-projets-strategiques-lances\/","url":"https:\/\/lasentinelle.dz\/index.php\/2026\/03\/13\/souverainete-alimentaire-deux-projets-strategiques-lances\/","name":"Souverainet\u00e9 alimentaire\u00a0: Deux projets strat\u00e9giques lanc\u00e9s - La Sentinelle","isPartOf":{"@id":"https:\/\/lasentinelle.dz\/#website"},"primaryImageOfPage":{"@id":"https:\/\/lasentinelle.dz\/index.php\/2026\/03\/13\/souverainete-alimentaire-deux-projets-strategiques-lances\/#primaryimage"},"image":{"@id":"https:\/\/lasentinelle.dz\/index.php\/2026\/03\/13\/souverainete-alimentaire-deux-projets-strategiques-lances\/#primaryimage"},"thumbnailUrl":"https:\/\/lasentinelle.dz\/wp-content\/uploads\/2026\/03\/651432629_1359240529582525_2067316374092684160_n.jpg.webp","datePublished":"2026-03-13T19:14:08+00:00","dateModified":"2026-03-13T19:14:09+00:00","breadcrumb":{"@id":"https:\/\/lasentinelle.dz\/index.php\/2026\/03\/13\/souverainete-alimentaire-deux-projets-strategiques-lances\/#breadcrumb"},"inLanguage":"fr-FR","potentialAction":[{"@type":"ReadAction","target":["https:\/\/lasentinelle.dz\/index.php\/2026\/03\/13\/souverainete-alimentaire-deux-projets-strategiques-lances\/"]}]},{"@type":"ImageObject","inLanguage":"fr-FR","@id":"https:\/\/lasentinelle.dz\/index.php\/2026\/03\/13\/souverainete-alimentaire-deux-projets-strategiques-lances\/#primaryimage","url":"https:\/\/lasentinelle.dz\/wp-content\/uploads\/2026\/03\/651432629_1359240529582525_2067316374092684160_n.jpg.webp","contentUrl":"https:\/\/lasentinelle.dz\/wp-content\/uploads\/2026\/03\/651432629_1359240529582525_2067316374092684160_n.jpg.webp","width":1400,"height":1050},{"@type":"BreadcrumbList","@id":"https:\/\/lasentinelle.dz\/index.php\/2026\/03\/13\/souverainete-alimentaire-deux-projets-strategiques-lances\/#breadcrumb","itemListElement":[{"@type":"ListItem","position":1,"name":"Accueil","item":"https:\/\/lasentinelle.dz\/"},{"@type":"ListItem","position":2,"name":"Souverainet\u00e9 alimentaire\u00a0: Deux projets strat\u00e9giques lanc\u00e9s"}]},{"@type":"WebSite","@id":"https:\/\/lasentinelle.dz\/#website","url":"https:\/\/lasentinelle.dz\/","name":"La Sentinelle","description":"Quotidien national d&#039;information","publisher":{"@id":"https:\/\/lasentinelle.dz\/#organization"},"potentialAction":[{"@type":"SearchAction","target":{"@type":"EntryPoint","urlTemplate":"https:\/\/lasentinelle.dz\/?s={search_term_string}"},"query-input":{"@type":"PropertyValueSpecification","valueRequired":true,"valueName":"search_term_string"}}],"inLanguage":"fr-FR"},{"@type":"Organization","@id":"https:\/\/lasentinelle.dz\/#organization","name":"Quotidien La Sentinelle","url":"https:\/\/lasentinelle.dz\/","logo":{"@type":"ImageObject","inLanguage":"fr-FR","@id":"https:\/\/lasentinelle.dz\/#\/schema\/logo\/image\/","url":"https:\/\/lasentinelle.dz\/wp-content\/uploads\/2021\/09\/logo-sentinelleSLOGAN-1.png","contentUrl":"https:\/\/lasentinelle.dz\/wp-content\/uploads\/2021\/09\/logo-sentinelleSLOGAN-1.png","width":615,"height":142,"caption":"Quotidien La Sentinelle"},"image":{"@id":"https:\/\/lasentinelle.dz\/#\/schema\/logo\/image\/"},"sameAs":["https:\/\/www.facebook.com\/La-Sentinelle-104059864394773"]},{"@type":"Person","@id":"https:\/\/lasentinelle.dz\/#\/schema\/person\/729ee0024f24e0b8c5ec17232f8e8b41","name":"admin","image":{"@type":"ImageObject","inLanguage":"fr-FR","@id":"https:\/\/secure.gravatar.com\/avatar\/4c81fed838786e9b53f540bf46533e750f5d292099ae3b66cfc6fb1982e29df7?s=96&d=mm&r=g","url":"https:\/\/secure.gravatar.com\/avatar\/4c81fed838786e9b53f540bf46533e750f5d292099ae3b66cfc6fb1982e29df7?s=96&d=mm&r=g","contentUrl":"https:\/\/secure.gravatar.com\/avatar\/4c81fed838786e9b53f540bf46533e750f5d292099ae3b66cfc6fb1982e29df7?s=96&d=mm&r=g","caption":"admin"},"description":"admin","url":"https:\/\/lasentinelle.dz\/author\/admin\/"}]}},"_links":{"self":[{"href":"https:\/\/lasentinelle.dz\/index.php\/wp-json\/wp\/v2\/posts\/83422","targetHints":{"allow":["GET"]}}],"collection":[{"href":"https:\/\/lasentinelle.dz\/index.php\/wp-json\/wp\/v2\/posts"}],"about":[{"href":"https:\/\/lasentinelle.dz\/index.php\/wp-json\/wp\/v2\/types\/post"}],"author":[{"embeddable":true,"href":"https:\/\/lasentinelle.dz\/index.php\/wp-json\/wp\/v2\/users\/6"}],"replies":[{"embeddable":true,"href":"https:\/\/lasentinelle.dz\/index.php\/wp-json\/wp\/v2\/comments?post=83422"}],"version-history":[{"count":1,"href":"https:\/\/lasentinelle.dz\/index.php\/wp-json\/wp\/v2\/posts\/83422\/revisions"}],"predecessor-version":[{"id":83424,"href":"https:\/\/lasentinelle.dz\/index.php\/wp-json\/wp\/v2\/posts\/83422\/revisions\/83424"}],"wp:featuredmedia":[{"embeddable":true,"href":"https:\/\/lasentinelle.dz\/index.php\/wp-json\/wp\/v2\/media\/83423"}],"wp:attachment":[{"href":"https:\/\/lasentinelle.dz\/index.php\/wp-json\/wp\/v2\/media?parent=83422"}],"wp:term":[{"taxonomy":"category","embeddable":true,"href":"https:\/\/lasentinelle.dz\/index.php\/wp-json\/wp\/v2\/categories?post=83422"},{"taxonomy":"post_tag","embeddable":true,"href":"https:\/\/lasentinelle.dz\/index.php\/wp-json\/wp\/v2\/tags?post=83422"}],"curies":[{"name":"wp","href":"https:\/\/api.w.org\/{rel}","templated":true}]}}